{"id":3057,"date":"2025-09-23T06:10:33","date_gmt":"2025-09-23T06:10:33","guid":{"rendered":"https:\/\/carpathiacenter.ro\/?p=3057"},"modified":"2025-09-23T06:10:33","modified_gmt":"2025-09-23T06:10:33","slug":"ministra-mediului-am-pus-in-dezbatere-publica-ordine-care-stabilesc-situri-de-interes-comunitar","status":"publish","type":"post","link":"https:\/\/carpathiacenter.ro\/en\/ministra-mediului-am-pus-in-dezbatere-publica-ordine-care-stabilesc-situri-de-interes-comunitar\/","title":{"rendered":"Ministra Mediului: Am pus \u00een dezbatere public\u0103 ordine care stabilesc situri de interes comunitar"},"content":{"rendered":"<p><strong>Ministerul Mediului a pus \u00een dezbatere public\u0103 mai multe ordine care stabilesc situri de interes comunitar iar \u00een cazul \u00een care nu le aprob\u0103 Rom\u00e2nia risc\u0103 blocarea unor proiecte de infrastructur\u0103 \u00een valoare de 5 &#8211; 6 miliarde de euro, a afirmat, luni, ministra Mediului, Apelor \u0219i P\u0103durilor, Diana Buzoianu, \u00een plenul Camerei Deputa\u021bilor, la dezbaterea mo\u021biunii simple depuse de AUR \u00eempotriva sa.<\/strong><\/p>\n<p>&#8216;Da, am pus \u00een dezbatere public\u0103 ordine care stabilesc situri de interes comunitar. Acele situri se bazeaz\u0103 pe ni\u0219te planuri de management care au fost aprobate din 2023, 2024 \u0219i respectiv 2025. Sunt situri pe care Rom\u00e2nia, dac\u0103 nu le aprob\u0103, risc\u0103 blocarea unor sume \u00eentre 5 \u0219i 6 miliarde de euro \u00een proiecte de infrastructur\u0103, inclusiv la Ministerul Transporturilor. Exist\u0103 astfel de adrese \u0219i comunicate din partea Ministerului Transporturilor \u0219i din partea MIPE (Ministerul Investi\u021biilor \u0219i Proiectelor Europene &#8211; n.r.) care ne spun c\u0103, dac\u0103 nu adopt\u0103m aceste documente, risc\u0103 s\u0103 fie blocate proiectele \u00een valoare de 5-6 miliarde de euro. Drept urmare, aceste situri, care au fost declarate sau care vor fi declarate \u00een baza unor planuri de management aprobate de 2-3 ani de zile, vor fi aprobate \u0219i urmare a unor condi\u021bii pe care Rom\u00e2nia trebuie s\u0103 le aprobe \u0219i s\u0103 le \u00eendeplineasc\u0103, ca s\u0103 nu risc\u0103m s\u0103 bloc\u0103m autostr\u0103zi \u0219i orice alte proiecte la nivel na\u021bional, de interes na\u021bional. Pentru c\u0103 dup\u0103 aceea tot dumneavoastr\u0103 o s\u0103 veni\u021bi aici \u0219i o s\u0103 m\u0103 \u00eentreba\u021bi de ce au fost blocate&#8217;, a spus Diana Buzoianu.<\/p>\n<p>De asemenea, ea a afirmat \u00een cadrul interven\u021biei c\u0103 realizarea hidrocentralelor la care se face referire \u00een textul mo\u021biunii, precum cea de la Pa\u0219cani, ar necesita cel pu\u021bin 3 ani, de\u0219i se vorbe\u0219te despre o criz\u0103 \u0219i o urgen\u021b\u0103.<\/p>\n<p>&#8216;A\u021bi vorbit \u00een acest plan de o b\u0103t\u0103lie total\u0103 \u00eentre energia solar\u0103 \u0219i energia hidro, f\u0103r\u0103 s\u0103 \u00een\u021belege\u021bi c\u0103 cele dou\u0103 trebuie s\u0103 se completeze. De exemplu, Ordonan\u021ba de Urgen\u021b\u0103 175\/2022 stabile\u0219te c\u0103 este un proiect de interes major, chiar un proiect privind energia solar\u0103, cea de la D\u0103buleni. Deci dac\u0103 dumneavoastr\u0103 \u00eencerca\u021bi s\u0103 spune\u021bi c\u0103 energia solar\u0103 nu ajut\u0103 cu absolut nimic \u0219i doar hidro ajut\u0103, poate v\u0103 uita\u021bi un pic pe ordonan\u021bele de urgen\u021b\u0103 pe care chiar dumneavoastr\u0103 le invoca\u021bi&#8217;, a mai declarat Diana Buzoianu.<\/p>\n<p>Mo\u021biunea simpl\u0103 \u00eempotriva ministrei Mediului, Apelor \u0219i P\u0103durilor, Diana Buzoianu, depus\u0103 de AUR, a fost dezb\u0103tut\u0103, luni, \u00een plenul Camerei Deputa\u021bilor \u0219i va fi supus\u0103 votului miercuri. AGERPRES\/(AS &#8211; redactor: George B\u0103nciulea, editor: Andreea Marinescu, editor online: Ady Iva\u015fcu)<br \/>\n<br \/>\nSursa articolului:  <a href=\"https:\/\/agerpres.ro\/economic\/2025\/09\/22\/ministra-mediului-am-pus-in-dezbatere-publica-ordine-care-stabilesc-situri-de-interes-comunitar--1486451\" target=\"_blank\" rel=\"noopener\" title=\"\">https:\/\/agerpres.ro\/economic\/2025\/09\/22\/ministra-mediului-am-pus-in-dezbatere-publica-ordine-care-stabilesc-situri-de-interes-comunitar&#8211;1486451<\/a><\/p>","protected":false},"excerpt":{"rendered":"<p>Ministerul Mediului a pus \u00een dezbatere public\u0103 mai multe ordine care stabilesc situri de interes comunitar iar \u00een cazul \u00een care nu le aprob\u0103 Rom\u00e2nia risc\u0103 blocarea unor proiecte de infrastructur\u0103 \u00een valoare de 5 &#8211; 6 miliarde de euro, a afirmat, luni, ministra Mediului, Apelor \u0219i P\u0103durilor, Diana Buzoianu, \u00een plenul Camerei Deputa\u021bilor, la&#8230;<\/p>","protected":false},"author":4,"featured_media":3058,"comment_status":"open","ping_status":"open","sticky":false,"template":"","format":"standard","meta":{"footnotes":""},"categories":[1],"tags":[],"class_list":["post-3057","post","type-post","status-publish","format-standard","has-post-thumbnail","hentry","category-uncategorized"],"yoast_head":"<!-- This site is optimized with the Yoast SEO plugin v26.1.1 - https:\/\/yoast.com\/wordpress\/plugins\/seo\/ -->\n<title>Ministra Mediului: Am pus \u00een dezbatere public\u0103 ordine care stabilesc situri de interes comunitar - Carpathia Center Romania<\/title>\n<meta name=\"robots\" content=\"index, follow, max-snippet:-1, max-image-preview:large, max-video-preview:-1\" \/>\n<link rel=\"canonical\" href=\"https:\/\/carpathiacenter.ro\/en\/ministra-mediului-am-pus-in-dezbatere-publica-ordine-care-stabilesc-situri-de-interes-comunitar\/\" \/>\n<meta property=\"og:locale\" content=\"en_GB\" \/>\n<meta property=\"og:type\" content=\"article\" \/>\n<meta property=\"og:title\" content=\"Ministra Mediului: Am pus \u00een dezbatere public\u0103 ordine care stabilesc situri de interes comunitar - Carpathia Center Romania\" \/>\n<meta property=\"og:description\" content=\"Ministerul Mediului a pus \u00een dezbatere public\u0103 mai multe ordine care stabilesc situri de interes comunitar iar \u00een cazul \u00een care nu le aprob\u0103 Rom\u00e2nia risc\u0103 blocarea unor proiecte de infrastructur\u0103 \u00een valoare de 5 &#8211; 6 miliarde de euro, a afirmat, luni, ministra Mediului, Apelor \u0219i P\u0103durilor, Diana Buzoianu, \u00een plenul Camerei Deputa\u021bilor, la...\" \/>\n<meta property=\"og:url\" content=\"https:\/\/carpathiacenter.ro\/en\/ministra-mediului-am-pus-in-dezbatere-publica-ordine-care-stabilesc-situri-de-interes-comunitar\/\" \/>\n<meta property=\"og:site_name\" content=\"Carpathia Center Romania\" \/>\n<meta property=\"article:publisher\" content=\"https:\/\/www.facebook.com\/fdpscarpathia\/\" \/>\n<meta property=\"article:published_time\" content=\"2025-09-23T06:10:33+00:00\" \/>\n<meta property=\"og:image\" content=\"https:\/\/carpathiacenter.ro\/wp-content\/uploads\/2025\/09\/DIANA-ANDA-BUZOIANU-M.-MEDIULUI-scaled.jpeg\" \/>\n\t<meta property=\"og:image:width\" content=\"2560\" \/>\n\t<meta property=\"og:image:height\" content=\"1707\" \/>\n\t<meta property=\"og:image:type\" content=\"image\/jpeg\" \/>\n<meta name=\"author\" content=\"creativebitsolutions\" \/>\n<meta name=\"twitter:card\" content=\"summary_large_image\" \/>\n<meta name=\"twitter:label1\" content=\"Written by\" \/>\n\t<meta name=\"twitter:data1\" content=\"creativebitsolutions\" \/>\n\t<meta name=\"twitter:label2\" content=\"Estimated reading time\" \/>\n\t<meta name=\"twitter:data2\" content=\"2 minutes\" \/>\n<script type=\"application\/ld+json\" class=\"yoast-schema-graph\">{\"@context\":\"https:\/\/schema.org\",\"@graph\":[{\"@type\":\"Article\",\"@id\":\"https:\/\/carpathiacenter.ro\/ministra-mediului-am-pus-in-dezbatere-publica-ordine-care-stabilesc-situri-de-interes-comunitar\/#article\",\"isPartOf\":{\"@id\":\"https:\/\/carpathiacenter.ro\/ministra-mediului-am-pus-in-dezbatere-publica-ordine-care-stabilesc-situri-de-interes-comunitar\/\"},\"author\":{\"name\":\"creativebitsolutions\",\"@id\":\"https:\/\/carpathiacenter.ro\/#\/schema\/person\/03d9f58202fee8379268f34afa195006\"},\"headline\":\"Ministra Mediului: Am pus \u00een dezbatere public\u0103 ordine care stabilesc situri de interes comunitar\",\"datePublished\":\"2025-09-23T06:10:33+00:00\",\"mainEntityOfPage\":{\"@id\":\"https:\/\/carpathiacenter.ro\/ministra-mediului-am-pus-in-dezbatere-publica-ordine-care-stabilesc-situri-de-interes-comunitar\/\"},\"wordCount\":472,\"commentCount\":0,\"publisher\":{\"@id\":\"https:\/\/carpathiacenter.ro\/#organization\"},\"image\":{\"@id\":\"https:\/\/carpathiacenter.ro\/ministra-mediului-am-pus-in-dezbatere-publica-ordine-care-stabilesc-situri-de-interes-comunitar\/#primaryimage\"},\"thumbnailUrl\":\"https:\/\/carpathiacenter.ro\/wp-content\/uploads\/2025\/09\/DIANA-ANDA-BUZOIANU-M.-MEDIULUI-scaled.jpeg\",\"articleSection\":[\"Uncategorized\"],\"inLanguage\":\"en-GB\",\"potentialAction\":[{\"@type\":\"CommentAction\",\"name\":\"Comment\",\"target\":[\"https:\/\/carpathiacenter.ro\/ministra-mediului-am-pus-in-dezbatere-publica-ordine-care-stabilesc-situri-de-interes-comunitar\/#respond\"]}]},{\"@type\":\"WebPage\",\"@id\":\"https:\/\/carpathiacenter.ro\/ministra-mediului-am-pus-in-dezbatere-publica-ordine-care-stabilesc-situri-de-interes-comunitar\/\",\"url\":\"https:\/\/carpathiacenter.ro\/ministra-mediului-am-pus-in-dezbatere-publica-ordine-care-stabilesc-situri-de-interes-comunitar\/\",\"name\":\"Ministra Mediului: Am pus \u00een dezbatere public\u0103 ordine care stabilesc situri de interes comunitar - Carpathia Center Romania\",\"isPartOf\":{\"@id\":\"https:\/\/carpathiacenter.ro\/#website\"},\"primaryImageOfPage\":{\"@id\":\"https:\/\/carpathiacenter.ro\/ministra-mediului-am-pus-in-dezbatere-publica-ordine-care-stabilesc-situri-de-interes-comunitar\/#primaryimage\"},\"image\":{\"@id\":\"https:\/\/carpathiacenter.ro\/ministra-mediului-am-pus-in-dezbatere-publica-ordine-care-stabilesc-situri-de-interes-comunitar\/#primaryimage\"},\"thumbnailUrl\":\"https:\/\/carpathiacenter.ro\/wp-content\/uploads\/2025\/09\/DIANA-ANDA-BUZOIANU-M.-MEDIULUI-scaled.jpeg\",\"datePublished\":\"2025-09-23T06:10:33+00:00\",\"breadcrumb\":{\"@id\":\"https:\/\/carpathiacenter.ro\/ministra-mediului-am-pus-in-dezbatere-publica-ordine-care-stabilesc-situri-de-interes-comunitar\/#breadcrumb\"},\"inLanguage\":\"en-GB\",\"potentialAction\":[{\"@type\":\"ReadAction\",\"target\":[\"https:\/\/carpathiacenter.ro\/ministra-mediului-am-pus-in-dezbatere-publica-ordine-care-stabilesc-situri-de-interes-comunitar\/\"]}]},{\"@type\":\"ImageObject\",\"inLanguage\":\"en-GB\",\"@id\":\"https:\/\/carpathiacenter.ro\/ministra-mediului-am-pus-in-dezbatere-publica-ordine-care-stabilesc-situri-de-interes-comunitar\/#primaryimage\",\"url\":\"https:\/\/carpathiacenter.ro\/wp-content\/uploads\/2025\/09\/DIANA-ANDA-BUZOIANU-M.-MEDIULUI-scaled.jpeg\",\"contentUrl\":\"https:\/\/carpathiacenter.ro\/wp-content\/uploads\/2025\/09\/DIANA-ANDA-BUZOIANU-M.-MEDIULUI-scaled.jpeg\",\"width\":2560,\"height\":1707},{\"@type\":\"BreadcrumbList\",\"@id\":\"https:\/\/carpathiacenter.ro\/ministra-mediului-am-pus-in-dezbatere-publica-ordine-care-stabilesc-situri-de-interes-comunitar\/#breadcrumb\",\"itemListElement\":[{\"@type\":\"ListItem\",\"position\":1,\"name\":\"Prima pagin\u0103\",\"item\":\"https:\/\/carpathiacenter.ro\/\"},{\"@type\":\"ListItem\",\"position\":2,\"name\":\"Ministra Mediului: Am pus \u00een dezbatere public\u0103 ordine care stabilesc situri de interes comunitar\"}]},{\"@type\":\"WebSite\",\"@id\":\"https:\/\/carpathiacenter.ro\/#website\",\"url\":\"https:\/\/carpathiacenter.ro\/\",\"name\":\"Carpathia Center Romania\",\"description\":\"Impossible made possible!\",\"publisher\":{\"@id\":\"https:\/\/carpathiacenter.ro\/#organization\"},\"potentialAction\":[{\"@type\":\"SearchAction\",\"target\":{\"@type\":\"EntryPoint\",\"urlTemplate\":\"https:\/\/carpathiacenter.ro\/?s={search_term_string}\"},\"query-input\":{\"@type\":\"PropertyValueSpecification\",\"valueRequired\":true,\"valueName\":\"search_term_string\"}}],\"inLanguage\":\"en-GB\"},{\"@type\":\"Organization\",\"@id\":\"https:\/\/carpathiacenter.ro\/#organization\",\"name\":\"Carpathia Center Romania\",\"url\":\"https:\/\/carpathiacenter.ro\/\",\"logo\":{\"@type\":\"ImageObject\",\"inLanguage\":\"en-GB\",\"@id\":\"https:\/\/carpathiacenter.ro\/#\/schema\/logo\/image\/\",\"url\":\"https:\/\/carpathiacenter.ro\/wp-content\/uploads\/2024\/07\/logo-carpathia_bg_white-1024x941.png\",\"contentUrl\":\"https:\/\/carpathiacenter.ro\/wp-content\/uploads\/2024\/07\/logo-carpathia_bg_white-1024x941.png\",\"width\":1024,\"height\":941,\"caption\":\"Carpathia Center Romania\"},\"image\":{\"@id\":\"https:\/\/carpathiacenter.ro\/#\/schema\/logo\/image\/\"},\"sameAs\":[\"https:\/\/www.facebook.com\/fdpscarpathia\/\"]},{\"@type\":\"Person\",\"@id\":\"https:\/\/carpathiacenter.ro\/#\/schema\/person\/03d9f58202fee8379268f34afa195006\",\"name\":\"creativebitsolutions\",\"image\":{\"@type\":\"ImageObject\",\"inLanguage\":\"en-GB\",\"@id\":\"https:\/\/carpathiacenter.ro\/#\/schema\/person\/image\/\",\"url\":\"https:\/\/secure.gravatar.com\/avatar\/1b1a13e37f847c635dab78348f1dff2f07651ee2a3d77a5c355a4b8c75f9165a?s=96&d=mm&r=g\",\"contentUrl\":\"https:\/\/secure.gravatar.com\/avatar\/1b1a13e37f847c635dab78348f1dff2f07651ee2a3d77a5c355a4b8c75f9165a?s=96&d=mm&r=g\",\"caption\":\"creativebitsolutions\"},\"url\":\"https:\/\/carpathiacenter.ro\/en\/author\/creativebitsolutions\/\"}]}<\/script>\n<!-- \/ Yoast SEO plugin. -->","yoast_head_json":{"title":"Ministra Mediului: Am pus \u00een dezbatere public\u0103 ordine care stabilesc situri de interes comunitar - Carpathia Center Romania","robots":{"index":"index","follow":"follow","max-snippet":"max-snippet:-1","max-image-preview":"max-image-preview:large","max-video-preview":"max-video-preview:-1"},"canonical":"https:\/\/carpathiacenter.ro\/en\/ministra-mediului-am-pus-in-dezbatere-publica-ordine-care-stabilesc-situri-de-interes-comunitar\/","og_locale":"en_GB","og_type":"article","og_title":"Ministra Mediului: Am pus \u00een dezbatere public\u0103 ordine care stabilesc situri de interes comunitar - Carpathia Center Romania","og_description":"Ministerul Mediului a pus \u00een dezbatere public\u0103 mai multe ordine care stabilesc situri de interes comunitar iar \u00een cazul \u00een care nu le aprob\u0103 Rom\u00e2nia risc\u0103 blocarea unor proiecte de infrastructur\u0103 \u00een valoare de 5 &#8211; 6 miliarde de euro, a afirmat, luni, ministra Mediului, Apelor \u0219i P\u0103durilor, Diana Buzoianu, \u00een plenul Camerei Deputa\u021bilor, la...","og_url":"https:\/\/carpathiacenter.ro\/en\/ministra-mediului-am-pus-in-dezbatere-publica-ordine-care-stabilesc-situri-de-interes-comunitar\/","og_site_name":"Carpathia Center Romania","article_publisher":"https:\/\/www.facebook.com\/fdpscarpathia\/","article_published_time":"2025-09-23T06:10:33+00:00","og_image":[{"width":2560,"height":1707,"url":"https:\/\/carpathiacenter.ro\/wp-content\/uploads\/2025\/09\/DIANA-ANDA-BUZOIANU-M.-MEDIULUI-scaled.jpeg","type":"image\/jpeg"}],"author":"creativebitsolutions","twitter_card":"summary_large_image","twitter_misc":{"Written by":"creativebitsolutions","Estimated reading time":"2 minutes"},"schema":{"@context":"https:\/\/schema.org","@graph":[{"@type":"Article","@id":"https:\/\/carpathiacenter.ro\/ministra-mediului-am-pus-in-dezbatere-publica-ordine-care-stabilesc-situri-de-interes-comunitar\/#article","isPartOf":{"@id":"https:\/\/carpathiacenter.ro\/ministra-mediului-am-pus-in-dezbatere-publica-ordine-care-stabilesc-situri-de-interes-comunitar\/"},"author":{"name":"creativebitsolutions","@id":"https:\/\/carpathiacenter.ro\/#\/schema\/person\/03d9f58202fee8379268f34afa195006"},"headline":"Ministra Mediului: Am pus \u00een dezbatere public\u0103 ordine care stabilesc situri de interes comunitar","datePublished":"2025-09-23T06:10:33+00:00","mainEntityOfPage":{"@id":"https:\/\/carpathiacenter.ro\/ministra-mediului-am-pus-in-dezbatere-publica-ordine-care-stabilesc-situri-de-interes-comunitar\/"},"wordCount":472,"commentCount":0,"publisher":{"@id":"https:\/\/carpathiacenter.ro\/#organization"},"image":{"@id":"https:\/\/carpathiacenter.ro\/ministra-mediului-am-pus-in-dezbatere-publica-ordine-care-stabilesc-situri-de-interes-comunitar\/#primaryimage"},"thumbnailUrl":"https:\/\/carpathiacenter.ro\/wp-content\/uploads\/2025\/09\/DIANA-ANDA-BUZOIANU-M.-MEDIULUI-scaled.jpeg","articleSection":["Uncategorized"],"inLanguage":"en-GB","potentialAction":[{"@type":"CommentAction","name":"Comment","target":["https:\/\/carpathiacenter.ro\/ministra-mediului-am-pus-in-dezbatere-publica-ordine-care-stabilesc-situri-de-interes-comunitar\/#respond"]}]},{"@type":"WebPage","@id":"https:\/\/carpathiacenter.ro\/ministra-mediului-am-pus-in-dezbatere-publica-ordine-care-stabilesc-situri-de-interes-comunitar\/","url":"https:\/\/carpathiacenter.ro\/ministra-mediului-am-pus-in-dezbatere-publica-ordine-care-stabilesc-situri-de-interes-comunitar\/","name":"Ministra Mediului: Am pus \u00een dezbatere public\u0103 ordine care stabilesc situri de interes comunitar - Carpathia Center Romania","isPartOf":{"@id":"https:\/\/carpathiacenter.ro\/#website"},"primaryImageOfPage":{"@id":"https:\/\/carpathiacenter.ro\/ministra-mediului-am-pus-in-dezbatere-publica-ordine-care-stabilesc-situri-de-interes-comunitar\/#primaryimage"},"image":{"@id":"https:\/\/carpathiacenter.ro\/ministra-mediului-am-pus-in-dezbatere-publica-ordine-care-stabilesc-situri-de-interes-comunitar\/#primaryimage"},"thumbnailUrl":"https:\/\/carpathiacenter.ro\/wp-content\/uploads\/2025\/09\/DIANA-ANDA-BUZOIANU-M.-MEDIULUI-scaled.jpeg","datePublished":"2025-09-23T06:10:33+00:00","breadcrumb":{"@id":"https:\/\/carpathiacenter.ro\/ministra-mediului-am-pus-in-dezbatere-publica-ordine-care-stabilesc-situri-de-interes-comunitar\/#breadcrumb"},"inLanguage":"en-GB","potentialAction":[{"@type":"ReadAction","target":["https:\/\/carpathiacenter.ro\/ministra-mediului-am-pus-in-dezbatere-publica-ordine-care-stabilesc-situri-de-interes-comunitar\/"]}]},{"@type":"ImageObject","inLanguage":"en-GB","@id":"https:\/\/carpathiacenter.ro\/ministra-mediului-am-pus-in-dezbatere-publica-ordine-care-stabilesc-situri-de-interes-comunitar\/#primaryimage","url":"https:\/\/carpathiacenter.ro\/wp-content\/uploads\/2025\/09\/DIANA-ANDA-BUZOIANU-M.-MEDIULUI-scaled.jpeg","contentUrl":"https:\/\/carpathiacenter.ro\/wp-content\/uploads\/2025\/09\/DIANA-ANDA-BUZOIANU-M.-MEDIULUI-scaled.jpeg","width":2560,"height":1707},{"@type":"BreadcrumbList","@id":"https:\/\/carpathiacenter.ro\/ministra-mediului-am-pus-in-dezbatere-publica-ordine-care-stabilesc-situri-de-interes-comunitar\/#breadcrumb","itemListElement":[{"@type":"ListItem","position":1,"name":"Prima pagin\u0103","item":"https:\/\/carpathiacenter.ro\/"},{"@type":"ListItem","position":2,"name":"Ministra Mediului: Am pus \u00een dezbatere public\u0103 ordine care stabilesc situri de interes comunitar"}]},{"@type":"WebSite","@id":"https:\/\/carpathiacenter.ro\/#website","url":"https:\/\/carpathiacenter.ro\/","name":"Carpathia Center Romania","description":"Impossible made possible!","publisher":{"@id":"https:\/\/carpathiacenter.ro\/#organization"},"potentialAction":[{"@type":"SearchAction","target":{"@type":"EntryPoint","urlTemplate":"https:\/\/carpathiacenter.ro\/?s={search_term_string}"},"query-input":{"@type":"PropertyValueSpecification","valueRequired":true,"valueName":"search_term_string"}}],"inLanguage":"en-GB"},{"@type":"Organization","@id":"https:\/\/carpathiacenter.ro\/#organization","name":"Carpathia Center Romania","url":"https:\/\/carpathiacenter.ro\/","logo":{"@type":"ImageObject","inLanguage":"en-GB","@id":"https:\/\/carpathiacenter.ro\/#\/schema\/logo\/image\/","url":"https:\/\/carpathiacenter.ro\/wp-content\/uploads\/2024\/07\/logo-carpathia_bg_white-1024x941.png","contentUrl":"https:\/\/carpathiacenter.ro\/wp-content\/uploads\/2024\/07\/logo-carpathia_bg_white-1024x941.png","width":1024,"height":941,"caption":"Carpathia Center Romania"},"image":{"@id":"https:\/\/carpathiacenter.ro\/#\/schema\/logo\/image\/"},"sameAs":["https:\/\/www.facebook.com\/fdpscarpathia\/"]},{"@type":"Person","@id":"https:\/\/carpathiacenter.ro\/#\/schema\/person\/03d9f58202fee8379268f34afa195006","name":"creativebitsolutions","image":{"@type":"ImageObject","inLanguage":"en-GB","@id":"https:\/\/carpathiacenter.ro\/#\/schema\/person\/image\/","url":"https:\/\/secure.gravatar.com\/avatar\/1b1a13e37f847c635dab78348f1dff2f07651ee2a3d77a5c355a4b8c75f9165a?s=96&d=mm&r=g","contentUrl":"https:\/\/secure.gravatar.com\/avatar\/1b1a13e37f847c635dab78348f1dff2f07651ee2a3d77a5c355a4b8c75f9165a?s=96&d=mm&r=g","caption":"creativebitsolutions"},"url":"https:\/\/carpathiacenter.ro\/en\/author\/creativebitsolutions\/"}]}},"_links":{"self":[{"href":"https:\/\/carpathiacenter.ro\/en\/wp-json\/wp\/v2\/posts\/3057","targetHints":{"allow":["GET"]}}],"collection":[{"href":"https:\/\/carpathiacenter.ro\/en\/wp-json\/wp\/v2\/posts"}],"about":[{"href":"https:\/\/carpathiacenter.ro\/en\/wp-json\/wp\/v2\/types\/post"}],"author":[{"embeddable":true,"href":"https:\/\/carpathiacenter.ro\/en\/wp-json\/wp\/v2\/users\/4"}],"replies":[{"embeddable":true,"href":"https:\/\/carpathiacenter.ro\/en\/wp-json\/wp\/v2\/comments?post=3057"}],"version-history":[{"count":1,"href":"https:\/\/carpathiacenter.ro\/en\/wp-json\/wp\/v2\/posts\/3057\/revisions"}],"predecessor-version":[{"id":3059,"href":"https:\/\/carpathiacenter.ro\/en\/wp-json\/wp\/v2\/posts\/3057\/revisions\/3059"}],"wp:featuredmedia":[{"embeddable":true,"href":"https:\/\/carpathiacenter.ro\/en\/wp-json\/wp\/v2\/media\/3058"}],"wp:attachment":[{"href":"https:\/\/carpathiacenter.ro\/en\/wp-json\/wp\/v2\/media?parent=3057"}],"wp:term":[{"taxonomy":"category","embeddable":true,"href":"https:\/\/carpathiacenter.ro\/en\/wp-json\/wp\/v2\/categories?post=3057"},{"taxonomy":"post_tag","embeddable":true,"href":"https:\/\/carpathiacenter.ro\/en\/wp-json\/wp\/v2\/tags?post=3057"}],"curies":[{"name":"wp","href":"https:\/\/api.w.org\/{rel}","templated":true}]}}