{"id":3047,"date":"2025-09-22T06:43:57","date_gmt":"2025-09-22T06:43:57","guid":{"rendered":"https:\/\/carpathiacenter.ro\/?p=3047"},"modified":"2025-09-22T06:43:57","modified_gmt":"2025-09-22T06:43:57","slug":"criza-locuintelor-romania-intre-declinul-demografic-si-stagnarea-constructiilor","status":"publish","type":"post","link":"https:\/\/carpathiacenter.ro\/en\/criza-locuintelor-romania-intre-declinul-demografic-si-stagnarea-constructiilor\/","title":{"rendered":"Criza locuin\u021belor: Rom\u00e2nia, \u00eentre declinul demografic \u0219i stagnarea construc\u021biilor"},"content":{"rendered":"<div class=\"tdb-block-inner td-fix-index\">\n<p><strong>Lipsa locuin\u021belor la pre\u021buri accesibile a devenit o provocare major\u0103 \u00een toat\u0103 Europa, iar Rom\u00e2nia nu face excep\u021bie. Datele recente publicate de Institutul Na\u021bional de Statistic\u0103 relev\u0103 o tendin\u021b\u0103 \u00eengrijor\u0103toare: \u00een 2024 au fost date \u00een folosin\u021b\u0103 pu\u021bin peste 60.000 de locuin\u021be, cel mai sc\u0103zut nivel din ultimii 5 ani.<\/strong><\/p>\n<ul class=\"wp-block-list\">\n<li>Rom\u00e2nia pierde un milion de locuitori la fiecare deceniu, fiind printre \u021b\u0103rile cu cel mai accentuat declin demografic din Europa<\/li>\n<li>Doar 0,7% din stocul de locuin\u021be sunt construc\u021bii noi, una dintre cele mai sc\u0103zute rate europene, comparativ cu 1,5% \u00een Polonia<\/li>\n<\/ul>\n<ul class=\"wp-block-list\">\n<li>1,5 milioane de locuin\u021be stau neocupate (16,4% din total), \u00een timp ce exist\u0103 deficit de locuin\u021be accesibile pentru tineri<\/li>\n<li>26.000 de locuin\u021be finalizate \u00een prima jum\u0103tate din 2024, cu 6.000 mai pu\u021bine dec\u00e2t \u00een 2023<\/li>\n<li>Decre\u021beii ies la pensie masiv, cre\u00e2nd un \u201e\u0219oc puternic\u201d asupra popula\u021biei active \u00een urm\u0103torii ani<\/li>\n<\/ul>\n<h2 class=\"wp-block-heading\">O problem\u0103 comun\u0103 cu manifest\u0103ri diferite<\/h2>\n<p>Lipsa locuin\u021belor la pre\u021buri accesibile<a href=\"https:\/\/hotnews.ro\/romania-si-vecinii-sai-se-confrunta-cu-o-criza-a-locuintelor-sunt-vechi-ineficiente-energetic-si-vulnerabile-la-cutremure-2069459\">&nbsp;a devenit o provocare major\u0103<\/a>&nbsp;\u00een toat\u0103 Europa, iar Rom\u00e2nia nu face excep\u021bie. Datele recente publicate de Institutul Na\u021bional de Statistic\u0103 relev\u0103 o tendin\u021b\u0103 \u00eengrijor\u0103toare: \u00een prima jum\u0103tate a anului 2024 au fost date \u00een folosin\u021b\u0103 doar 26.000 de locuin\u021be, cu aproximativ 6.000 mai pu\u021bine fa\u021b\u0103 de aceea\u0219i perioad\u0103 din 2023.<\/p>\n<figure class=\"wp-block-image size-large\"><img fetchpriority=\"high\" decoding=\"async\" height=\"473\" width=\"1024\" src=\"https:\/\/hotnews.ro\/wp-content\/uploads\/2025\/09\/locuinte-noi.png?w=1024\" alt=\"\" class=\"wp-image-2070154 lazyautosizes lazyloaded td-animation-stack-type0-2\" data-src=\"https:\/\/hotnews.ro\/wp-content\/uploads\/2025\/09\/locuinte-noi.png?w=1024\" data-srcset=\"https:\/\/hotnews.ro\/wp-content\/uploads\/2025\/09\/locuinte-noi.png 1712w, https:\/\/hotnews.ro\/wp-content\/uploads\/2025\/09\/locuinte-noi.png?resize=300,138 300w, https:\/\/hotnews.ro\/wp-content\/uploads\/2025\/09\/locuinte-noi.png?resize=768,354 768w, https:\/\/hotnews.ro\/wp-content\/uploads\/2025\/09\/locuinte-noi.png?resize=1024,473 1024w\" data-sizes=\"auto\" data-eio-rwidth=\"1024\" data-eio-rheight=\"473\" sizes=\"820px\" srcset=\"https:\/\/hotnews.ro\/wp-content\/uploads\/2025\/09\/locuinte-noi.png 1712w, https:\/\/hotnews.ro\/wp-content\/uploads\/2025\/09\/locuinte-noi.png?resize=300,138 300w, https:\/\/hotnews.ro\/wp-content\/uploads\/2025\/09\/locuinte-noi.png?resize=768,354 768w, https:\/\/hotnews.ro\/wp-content\/uploads\/2025\/09\/locuinte-noi.png?resize=1024,473 1024w\"><noscript><img fetchpriority=\"high\" decoding=\"async\" height=\"473\" width=\"1024\" src=\"https:\/\/hotnews.ro\/wp-content\/uploads\/2025\/09\/locuinte-noi.png?w=1024\" alt=\"\" class=\"wp-image-2070154\" srcset=\"https:\/\/hotnews.ro\/wp-content\/uploads\/2025\/09\/locuinte-noi.png 1712w, https:\/\/hotnews.ro\/wp-content\/uploads\/2025\/09\/locuinte-noi.png?resize=300,138 300w, https:\/\/hotnews.ro\/wp-content\/uploads\/2025\/09\/locuinte-noi.png?resize=768,354 768w, https:\/\/hotnews.ro\/wp-content\/uploads\/2025\/09\/locuinte-noi.png?resize=1024,473 1024w\" sizes=\"(max-width: 1024px) 100vw, 1024px\" data-eio=\"l\"><\/noscript><\/figure>\n<p>Paradoxul rom\u00e2nesc devine \u0219i mai evident c\u00e2nd analiz\u0103m cifrele \u00een perspectiv\u0103. De\u0219i \u021bara noastr\u0103 a construit anul trecut aproximativ 60.900 de locuin\u021be, ajung\u00e2nd la un total de aproape 10 milioane de unit\u0103\u021bi locative, exist\u0103 un decalaj major \u00eentre ofert\u0103 \u0219i cerere. Cu circa 8 milioane de familii \u0219i 1,5 milioane de l<a href=\"https:\/\/hotnews.ro\/de-cte-locuinte-are-nevoie-romnia-stocul-se-apropie-de-10-milioane-locuinte-din-care-15-milioane-sunt-neocupate-12472\">ocuin\u021be neocupate<\/a>&nbsp;(16,4% din totalul conven\u021bional), Rom\u00e2nia se confrunt\u0103 cu o distribu\u021bie ineficient\u0103 a resurselor locative.<\/p>\n<p>Speciali\u0219tii europeni utilizeaz\u0103 mai mul\u021bi indicatori pentru a evalua magnitudinea crizei locuin\u021belor:<\/p>\n<h2 class=\"wp-block-heading\">V\u00e2rsta independen\u021bei locative<\/h2>\n<p>Unul dintre cei mai relevan\u021bi indicatori este v\u00e2rsta la care tinerii p\u0103r\u0103sesc casa p\u0103rinteasc\u0103. Croa\u021bii, slovacii, grecii, spaniolii \u0219i italienii r\u0103m\u00e2n cel mai mult \u00een locuin\u021ba familial\u0103, \u00een timp ce tinerii din statele nordice ob\u021bin independen\u021ba locativ\u0103 mult mai devreme. Suedezii, de exemplu, pleac\u0103 de acas\u0103 cu peste 10 ani mai devreme dec\u00e2t media european\u0103, fiind urma\u021bi de olandezi, francezi \u0219i germani.<\/p>\n<figure data-wp-context=\"{&quot;uploadedSrc&quot;:&quot;https:\\\/\\\/hotnews.ro\\\/wp-content\\\/uploads\\\/2025\\\/09\\\/varsta-plecarii-de-la-parinti.webp&quot;,&quot;figureClassNames&quot;:&quot;wp-block-image size-large&quot;,&quot;figureStyles&quot;:null,&quot;imgClassNames&quot;:&quot;wp-image-2070155&quot;,&quot;imgStyles&quot;:null,&quot;targetWidth&quot;:4490,&quot;targetHeight&quot;:1672,&quot;scaleAttr&quot;:false,&quot;ariaLabel&quot;:&quot;M\\u0103re\\u0219te imaginea&quot;,&quot;alt&quot;:&quot;&quot;}\" data-wp-interactive=\"core\/image\" class=\"wp-block-image size-large wp-lightbox-container\"><img decoding=\"async\" data-wp-init=\"callbacks.setButtonStyles\" data-wp-on-async--click=\"actions.showLightbox\" data-wp-on-async--load=\"callbacks.setButtonStyles\" data-wp-on-async-window--resize=\"callbacks.setButtonStyles\" height=\"381\" width=\"1024\" src=\"https:\/\/hotnews.ro\/wp-content\/uploads\/2025\/09\/varsta-plecarii-de-la-parinti.webp?w=1024\" alt=\"\" class=\"wp-image-2070155 lazyautosizes ls-is-cached lazyloaded td-animation-stack-type0-2\" data-src=\"https:\/\/hotnews.ro\/wp-content\/uploads\/2025\/09\/varsta-plecarii-de-la-parinti.webp?w=1024\" data-srcset=\"https:\/\/hotnews.ro\/wp-content\/uploads\/2025\/09\/varsta-plecarii-de-la-parinti.webp 4490w, https:\/\/hotnews.ro\/wp-content\/uploads\/2025\/09\/varsta-plecarii-de-la-parinti.webp?resize=300,112 300w, https:\/\/hotnews.ro\/wp-content\/uploads\/2025\/09\/varsta-plecarii-de-la-parinti.webp?resize=768,286 768w, https:\/\/hotnews.ro\/wp-content\/uploads\/2025\/09\/varsta-plecarii-de-la-parinti.webp?resize=1024,381 1024w\" data-sizes=\"auto\" data-eio-rwidth=\"1024\" data-eio-rheight=\"381\" sizes=\"820px\" srcset=\"https:\/\/hotnews.ro\/wp-content\/uploads\/2025\/09\/varsta-plecarii-de-la-parinti.webp 4490w, https:\/\/hotnews.ro\/wp-content\/uploads\/2025\/09\/varsta-plecarii-de-la-parinti.webp?resize=300,112 300w, https:\/\/hotnews.ro\/wp-content\/uploads\/2025\/09\/varsta-plecarii-de-la-parinti.webp?resize=768,286 768w, https:\/\/hotnews.ro\/wp-content\/uploads\/2025\/09\/varsta-plecarii-de-la-parinti.webp?resize=1024,381 1024w\"><noscript><img decoding=\"async\" data-wp-init=\"callbacks.setButtonStyles\" data-wp-on-async--click=\"actions.showLightbox\" data-wp-on-async--load=\"callbacks.setButtonStyles\" data-wp-on-async-window--resize=\"callbacks.setButtonStyles\" height=\"381\" width=\"1024\" src=\"https:\/\/hotnews.ro\/wp-content\/uploads\/2025\/09\/varsta-plecarii-de-la-parinti.webp?w=1024\" alt=\"\" class=\"wp-image-2070155\" srcset=\"https:\/\/hotnews.ro\/wp-content\/uploads\/2025\/09\/varsta-plecarii-de-la-parinti.webp 4490w, https:\/\/hotnews.ro\/wp-content\/uploads\/2025\/09\/varsta-plecarii-de-la-parinti.webp?resize=300,112 300w, https:\/\/hotnews.ro\/wp-content\/uploads\/2025\/09\/varsta-plecarii-de-la-parinti.webp?resize=768,286 768w, https:\/\/hotnews.ro\/wp-content\/uploads\/2025\/09\/varsta-plecarii-de-la-parinti.webp?resize=1024,381 1024w\" sizes=\"(max-width: 1024px) 100vw, 1024px\" data-eio=\"l\"><\/noscript><button class=\"lightbox-trigger\" type=\"button\" aria-haspopup=\"dialog\" aria-label=\"M\u0103re\u0219te imaginea\" data-wp-init=\"callbacks.initTriggerButton\" data-wp-on-async--click=\"actions.showLightbox\" data-wp-style--right=\"context.imageButtonRight\" data-wp-style--top=\"context.imageButtonTop\" style=\"right: 16px; top: 16px;\"><br \/>\n\t\t\t<svg xmlns=\"http:\/\/www.w3.org\/2000\/svg\" width=\"12\" height=\"12\" fill=\"none\" viewbox=\"0 0 12 12\">\n\t\t\t\t<path fill=\"#fff\" d=\"M2 0a2 2 0 0 0-2 2v2h1.5V2a.5.5 0 0 1 .5-.5h2V0H2Zm2 10.5H2a.5.5 0 0 1-.5-.5V8H0v2a2 2 0 0 0 2 2h2v-1.5ZM8 12v-1.5h2a.5.5 0 0 0 .5-.5V8H12v2a2 2 0 0 1-2 2H8Zm2-12a2 2 0 0 1 2 2v2h-1.5V2a.5.5 0 0 0-.5-.5H8V0h2Z\"><\/path>\n\t\t\t<\/svg><br \/>\n\t\t<\/button><\/figure>\n<h2 class=\"wp-block-heading\">Densitatea locativ\u0103<\/h2>\n<p>Spa\u021biul de locuit per persoan\u0103 ofer\u0103 o alt\u0103 perspectiv\u0103 asupra calit\u0103\u021bii vie\u021bii locative. Malta \u0219i Luxemburg \u00eenregistreaz\u0103 cele mai ridicate niveluri de camere per locuitor, \u00een timp ce Polonia, Croa\u021bia \u0219i Rom\u00e2nia se situeaz\u0103 la coada clasamentului. Aceast\u0103 situa\u021bie reflect\u0103 nu doar deficitul cantitativ, ci \u0219i probleme de calitate a locuirii.<\/p>\n<figure data-wp-context=\"{&quot;uploadedSrc&quot;:&quot;https:\\\/\\\/hotnews.ro\\\/wp-content\\\/uploads\\\/2025\\\/09\\\/camere-pe-persoana.webp&quot;,&quot;figureClassNames&quot;:&quot;wp-block-image size-large&quot;,&quot;figureStyles&quot;:null,&quot;imgClassNames&quot;:&quot;wp-image-2070157&quot;,&quot;imgStyles&quot;:null,&quot;targetWidth&quot;:4038,&quot;targetHeight&quot;:1398,&quot;scaleAttr&quot;:false,&quot;ariaLabel&quot;:&quot;M\\u0103re\\u0219te imaginea&quot;,&quot;alt&quot;:&quot;&quot;}\" data-wp-interactive=\"core\/image\" class=\"wp-block-image size-large wp-lightbox-container\"><img loading=\"lazy\" decoding=\"async\" data-wp-init=\"callbacks.setButtonStyles\" data-wp-on-async--click=\"actions.showLightbox\" data-wp-on-async--load=\"callbacks.setButtonStyles\" data-wp-on-async-window--resize=\"callbacks.setButtonStyles\" height=\"355\" width=\"1024\" src=\"https:\/\/hotnews.ro\/wp-content\/uploads\/2025\/09\/camere-pe-persoana.webp?w=1024\" alt=\"\" class=\"wp-image-2070157 lazyautosizes lazyloaded td-animation-stack-type0-2\" data-src=\"https:\/\/hotnews.ro\/wp-content\/uploads\/2025\/09\/camere-pe-persoana.webp?w=1024\" data-srcset=\"https:\/\/hotnews.ro\/wp-content\/uploads\/2025\/09\/camere-pe-persoana.webp 4038w, https:\/\/hotnews.ro\/wp-content\/uploads\/2025\/09\/camere-pe-persoana.webp?resize=300,104 300w, https:\/\/hotnews.ro\/wp-content\/uploads\/2025\/09\/camere-pe-persoana.webp?resize=768,266 768w, https:\/\/hotnews.ro\/wp-content\/uploads\/2025\/09\/camere-pe-persoana.webp?resize=1024,355 1024w\" data-sizes=\"auto\" data-eio-rwidth=\"1024\" data-eio-rheight=\"355\" sizes=\"auto, 820px\" srcset=\"https:\/\/hotnews.ro\/wp-content\/uploads\/2025\/09\/camere-pe-persoana.webp 4038w, https:\/\/hotnews.ro\/wp-content\/uploads\/2025\/09\/camere-pe-persoana.webp?resize=300,104 300w, https:\/\/hotnews.ro\/wp-content\/uploads\/2025\/09\/camere-pe-persoana.webp?resize=768,266 768w, https:\/\/hotnews.ro\/wp-content\/uploads\/2025\/09\/camere-pe-persoana.webp?resize=1024,355 1024w\"><noscript><img loading=\"lazy\" decoding=\"async\" data-wp-init=\"callbacks.setButtonStyles\" data-wp-on-async--click=\"actions.showLightbox\" data-wp-on-async--load=\"callbacks.setButtonStyles\" data-wp-on-async-window--resize=\"callbacks.setButtonStyles\" height=\"355\" width=\"1024\" src=\"https:\/\/hotnews.ro\/wp-content\/uploads\/2025\/09\/camere-pe-persoana.webp?w=1024\" alt=\"\" class=\"wp-image-2070157\" srcset=\"https:\/\/hotnews.ro\/wp-content\/uploads\/2025\/09\/camere-pe-persoana.webp 4038w, https:\/\/hotnews.ro\/wp-content\/uploads\/2025\/09\/camere-pe-persoana.webp?resize=300,104 300w, https:\/\/hotnews.ro\/wp-content\/uploads\/2025\/09\/camere-pe-persoana.webp?resize=768,266 768w, https:\/\/hotnews.ro\/wp-content\/uploads\/2025\/09\/camere-pe-persoana.webp?resize=1024,355 1024w\" sizes=\"auto, (max-width: 1024px) 100vw, 1024px\" data-eio=\"l\"><\/noscript><button class=\"lightbox-trigger\" type=\"button\" aria-haspopup=\"dialog\" aria-label=\"M\u0103re\u0219te imaginea\" data-wp-init=\"callbacks.initTriggerButton\" data-wp-on-async--click=\"actions.showLightbox\" data-wp-style--right=\"context.imageButtonRight\" data-wp-style--top=\"context.imageButtonTop\" style=\"right: 16px; top: 16px;\"><br \/>\n\t\t\t<svg xmlns=\"http:\/\/www.w3.org\/2000\/svg\" width=\"12\" height=\"12\" fill=\"none\" viewbox=\"0 0 12 12\">\n\t\t\t\t<path fill=\"#fff\" d=\"M2 0a2 2 0 0 0-2 2v2h1.5V2a.5.5 0 0 1 .5-.5h2V0H2Zm2 10.5H2a.5.5 0 0 1-.5-.5V8H0v2a2 2 0 0 0 2 2h2v-1.5ZM8 12v-1.5h2a.5.5 0 0 0 .5-.5V8H12v2a2 2 0 0 1-2 2H8Zm2-12a2 2 0 0 1 2 2v2h-1.5V2a.5.5 0 0 0-.5-.5H8V0h2Z\"><\/path>\n\t\t\t<\/svg><br \/>\n\t\t<\/button><\/figure>\n<p>Accesibilitatea financiar\u0103<\/p>\n<p>Povara costurilor locuin\u021bei<a href=\"https:\/\/hotnews.ro\/ce-spune-banca-nationala-despre-pretul-locuintelor-si-cat-de-accesibile-sunt-judetele-in-care-s-au-construit-cel-mai-mult-in-ultimii-10-ani-si-ce-probleme-au-aparut-2015721\">&nbsp;variaz\u0103 considerabil&nbsp;<\/a>\u00een Europa. Gospod\u0103riile germane suport\u0103 cele mai mari costuri relative, pl\u0103tind peste 13% din venitul disponibil pentru locuin\u021b\u0103. Situa\u021bia din \u021a\u0103rile de Jos prezint\u0103 extreme: proprietarii beneficiaz\u0103 de deduceri fiscale generoase \u0219i pl\u0103tesc sub 5% din venit pentru costuri locative, \u00een timp ce chiria\u0219ii de pe pia\u021ba liber\u0103 aloc\u0103 peste 40% din venituri pentru locuin\u021b\u0103.<\/p>\n<h2 class=\"wp-block-heading\">Provoc\u0103rile demografice ale Rom\u00e2niei<\/h2>\n<p>Contextul demografic rom\u00e2nesc adaug\u0103 o dimensiune unic\u0103 acestei crize. Rom\u00e2nia se num\u0103r\u0103 printre \u021b\u0103rile europene cu cel mai accentuat declin demografic proiectat, pierz\u00e2nd aproximativ 1 milion de locuitori la fiecare deceniu.<\/p>\n<p>\u00cen contrast, Irlanda \u0219i Suedia anticipeaz\u0103 o cre\u0219tere demografic\u0103 de peste 10% \u00een urm\u0103toarele dou\u0103 decenii, ceea ce va intensifica presiunea pe pie\u021bele lor imobiliare.<\/p>\n<h2 class=\"wp-block-heading\">Ritmul construc\u021biilor: Rom\u00e2nia \u00een zona ro\u0219ie<\/h2>\n<p>Polonia domin\u0103 clasamentul european al construc\u021biilor noi, ad\u0103ug\u00e2nd anual 1,5% la stocul de locuin\u021be \u00een perioada 2020-2024, urmat\u0103 de Austria \u0219i Suedia. La polul opus, Rom\u00e2nia \u00eenregistreaz\u0103 una dintre cele mai sc\u0103zute rate de locuin\u021be noi din Europa: doar 0,7% din stocul total \u00een ultimii ani.<\/p>\n<p>Aceast\u0103 stagnare a construc\u021biilor plaseaz\u0103 Rom\u00e2nia al\u0103turi de \u021b\u0103rile sud-europene precum Italia \u0219i Spania, unde locuin\u021bele noi reprezint\u0103 sub 0,3% din stocul existent. Cauzele includ proceduri \u00eendelungate de autorizare, probleme de finan\u021bare \u0219i lipsa de terenuri adecvate pentru dezvoltare.<\/p>\n<h2 class=\"wp-block-heading\">Impactul economic \u0219i social<\/h2>\n<p>Deficitul de locuin\u021be nu reprezint\u0103 doar o problem\u0103 social\u0103, ci \u0219i o fr\u00e2n\u0103 pentru dezvoltarea economic\u0103. Studiile ING demonstreaz\u0103 c\u0103<a href=\"https:\/\/think.ing.com\/articles\/how-europes-housing-scarcity-varies-across-countries\/\" target=\"_blank\" rel=\"noreferrer noopener\">&nbsp;lipsa locuin\u021belor accesibile<\/a>&nbsp;limiteaz\u0103 mobilitatea for\u021bei de munc\u0103 la nivel na\u021bional. C\u00e2nd tinerii \u0219i noii veni\u021bi \u00eentr-o regiune nu pot g\u0103si locuin\u021be decente \u0219i ieftine, ace\u0219tia opteaz\u0103 pentru relocare, limit\u00e2nd poten\u021bialul de cre\u0219tere regional\u0103.<\/p>\n<p>Guvernele europene recunosc gravitatea situa\u021biei \u0219i \u00ee\u0219i stabilesc obiective ambi\u021bioase: Germania \u021binte\u0219te construirea a 400.000 de locuin\u021be anual, iar \u021a\u0103rile de Jos \u00ee\u0219i propun 100.000 de unit\u0103\u021bi noi pe an. Totu\u0219i, aceste \u021binte sunt frecvent ratate din cauza factorilor ciclici (cre\u0219terea dob\u00e2nzilor, costurile mari de construc\u021bie) \u0219i structurali (proceduri birocratice, lipsa terenurilor).<\/p>\n<p>Sursa articolului: <a href=\"https:\/\/hotnews.ro\/criza-locuintelor-romania-intre-declinul-demografic-si-stagnarea-constructiilor-2070153\" target=\"_blank\" rel=\"noopener\" title=\"\">https:\/\/hotnews.ro\/criza-locuintelor-romania-intre-declinul-demografic-si-stagnarea-constructiilor-2070153<\/a><\/p>\n<\/div>","protected":false},"excerpt":{"rendered":"<p>Lipsa locuin\u021belor la pre\u021buri accesibile a devenit o provocare major\u0103 \u00een toat\u0103 Europa, iar Rom\u00e2nia nu face excep\u021bie. Datele recente publicate de Institutul Na\u021bional de Statistic\u0103 relev\u0103 o tendin\u021b\u0103 \u00eengrijor\u0103toare: \u00een 2024 au fost date \u00een folosin\u021b\u0103 pu\u021bin peste 60.000 de locuin\u021be, cel mai sc\u0103zut nivel din ultimii 5 ani. Rom\u00e2nia pierde un milion de&#8230;<\/p>","protected":false},"author":4,"featured_media":3049,"comment_status":"open","ping_status":"open","sticky":false,"template":"","format":"standard","meta":{"footnotes":""},"categories":[1],"tags":[],"class_list":["post-3047","post","type-post","status-publish","format-standard","has-post-thumbnail","hentry","category-uncategorized"],"yoast_head":"<!-- This site is optimized with the Yoast SEO plugin v26.1.1 - https:\/\/yoast.com\/wordpress\/plugins\/seo\/ -->\n<title>Criza locuin\u021belor: Rom\u00e2nia, \u00eentre declinul demografic \u0219i stagnarea construc\u021biilor - Carpathia Center Romania<\/title>\n<meta name=\"robots\" content=\"index, follow, max-snippet:-1, max-image-preview:large, max-video-preview:-1\" \/>\n<link rel=\"canonical\" href=\"https:\/\/carpathiacenter.ro\/en\/criza-locuintelor-romania-intre-declinul-demografic-si-stagnarea-constructiilor\/\" \/>\n<meta property=\"og:locale\" content=\"en_GB\" \/>\n<meta property=\"og:type\" content=\"article\" \/>\n<meta property=\"og:title\" content=\"Criza locuin\u021belor: Rom\u00e2nia, \u00eentre declinul demografic \u0219i stagnarea construc\u021biilor - Carpathia Center Romania\" \/>\n<meta property=\"og:description\" content=\"Lipsa locuin\u021belor la pre\u021buri accesibile a devenit o provocare major\u0103 \u00een toat\u0103 Europa, iar Rom\u00e2nia nu face excep\u021bie. Datele recente publicate de Institutul Na\u021bional de Statistic\u0103 relev\u0103 o tendin\u021b\u0103 \u00eengrijor\u0103toare: \u00een 2024 au fost date \u00een folosin\u021b\u0103 pu\u021bin peste 60.000 de locuin\u021be, cel mai sc\u0103zut nivel din ultimii 5 ani. Rom\u00e2nia pierde un milion de...\" \/>\n<meta property=\"og:url\" content=\"https:\/\/carpathiacenter.ro\/en\/criza-locuintelor-romania-intre-declinul-demografic-si-stagnarea-constructiilor\/\" \/>\n<meta property=\"og:site_name\" content=\"Carpathia Center Romania\" \/>\n<meta property=\"article:publisher\" content=\"https:\/\/www.facebook.com\/fdpscarpathia\/\" \/>\n<meta property=\"article:published_time\" content=\"2025-09-22T06:43:57+00:00\" \/>\n<meta property=\"og:image\" content=\"https:\/\/carpathiacenter.ro\/wp-content\/uploads\/2025\/09\/Bucuresti-vazut-din-drona.png\" \/>\n\t<meta property=\"og:image:width\" content=\"650\" \/>\n\t<meta property=\"og:image:height\" content=\"366\" \/>\n\t<meta property=\"og:image:type\" content=\"image\/png\" \/>\n<meta name=\"author\" content=\"creativebitsolutions\" \/>\n<meta name=\"twitter:card\" content=\"summary_large_image\" \/>\n<meta name=\"twitter:label1\" content=\"Written by\" \/>\n\t<meta name=\"twitter:data1\" content=\"creativebitsolutions\" \/>\n\t<meta name=\"twitter:label2\" content=\"Estimated reading time\" \/>\n\t<meta name=\"twitter:data2\" content=\"4 minutes\" \/>\n<script type=\"application\/ld+json\" class=\"yoast-schema-graph\">{\"@context\":\"https:\/\/schema.org\",\"@graph\":[{\"@type\":\"Article\",\"@id\":\"https:\/\/carpathiacenter.ro\/criza-locuintelor-romania-intre-declinul-demografic-si-stagnarea-constructiilor\/#article\",\"isPartOf\":{\"@id\":\"https:\/\/carpathiacenter.ro\/criza-locuintelor-romania-intre-declinul-demografic-si-stagnarea-constructiilor\/\"},\"author\":{\"name\":\"creativebitsolutions\",\"@id\":\"https:\/\/carpathiacenter.ro\/#\/schema\/person\/03d9f58202fee8379268f34afa195006\"},\"headline\":\"Criza locuin\u021belor: Rom\u00e2nia, \u00eentre declinul demografic \u0219i stagnarea construc\u021biilor\",\"datePublished\":\"2025-09-22T06:43:57+00:00\",\"mainEntityOfPage\":{\"@id\":\"https:\/\/carpathiacenter.ro\/criza-locuintelor-romania-intre-declinul-demografic-si-stagnarea-constructiilor\/\"},\"wordCount\":839,\"commentCount\":0,\"publisher\":{\"@id\":\"https:\/\/carpathiacenter.ro\/#organization\"},\"image\":{\"@id\":\"https:\/\/carpathiacenter.ro\/criza-locuintelor-romania-intre-declinul-demografic-si-stagnarea-constructiilor\/#primaryimage\"},\"thumbnailUrl\":\"https:\/\/carpathiacenter.ro\/wp-content\/uploads\/2025\/09\/Bucuresti-vazut-din-drona.png\",\"articleSection\":[\"Uncategorized\"],\"inLanguage\":\"en-GB\",\"potentialAction\":[{\"@type\":\"CommentAction\",\"name\":\"Comment\",\"target\":[\"https:\/\/carpathiacenter.ro\/criza-locuintelor-romania-intre-declinul-demografic-si-stagnarea-constructiilor\/#respond\"]}]},{\"@type\":\"WebPage\",\"@id\":\"https:\/\/carpathiacenter.ro\/criza-locuintelor-romania-intre-declinul-demografic-si-stagnarea-constructiilor\/\",\"url\":\"https:\/\/carpathiacenter.ro\/criza-locuintelor-romania-intre-declinul-demografic-si-stagnarea-constructiilor\/\",\"name\":\"Criza locuin\u021belor: Rom\u00e2nia, \u00eentre declinul demografic \u0219i stagnarea construc\u021biilor - Carpathia Center Romania\",\"isPartOf\":{\"@id\":\"https:\/\/carpathiacenter.ro\/#website\"},\"primaryImageOfPage\":{\"@id\":\"https:\/\/carpathiacenter.ro\/criza-locuintelor-romania-intre-declinul-demografic-si-stagnarea-constructiilor\/#primaryimage\"},\"image\":{\"@id\":\"https:\/\/carpathiacenter.ro\/criza-locuintelor-romania-intre-declinul-demografic-si-stagnarea-constructiilor\/#primaryimage\"},\"thumbnailUrl\":\"https:\/\/carpathiacenter.ro\/wp-content\/uploads\/2025\/09\/Bucuresti-vazut-din-drona.png\",\"datePublished\":\"2025-09-22T06:43:57+00:00\",\"breadcrumb\":{\"@id\":\"https:\/\/carpathiacenter.ro\/criza-locuintelor-romania-intre-declinul-demografic-si-stagnarea-constructiilor\/#breadcrumb\"},\"inLanguage\":\"en-GB\",\"potentialAction\":[{\"@type\":\"ReadAction\",\"target\":[\"https:\/\/carpathiacenter.ro\/criza-locuintelor-romania-intre-declinul-demografic-si-stagnarea-constructiilor\/\"]}]},{\"@type\":\"ImageObject\",\"inLanguage\":\"en-GB\",\"@id\":\"https:\/\/carpathiacenter.ro\/criza-locuintelor-romania-intre-declinul-demografic-si-stagnarea-constructiilor\/#primaryimage\",\"url\":\"https:\/\/carpathiacenter.ro\/wp-content\/uploads\/2025\/09\/Bucuresti-vazut-din-drona.png\",\"contentUrl\":\"https:\/\/carpathiacenter.ro\/wp-content\/uploads\/2025\/09\/Bucuresti-vazut-din-drona.png\",\"width\":650,\"height\":366},{\"@type\":\"BreadcrumbList\",\"@id\":\"https:\/\/carpathiacenter.ro\/criza-locuintelor-romania-intre-declinul-demografic-si-stagnarea-constructiilor\/#breadcrumb\",\"itemListElement\":[{\"@type\":\"ListItem\",\"position\":1,\"name\":\"Prima pagin\u0103\",\"item\":\"https:\/\/carpathiacenter.ro\/\"},{\"@type\":\"ListItem\",\"position\":2,\"name\":\"Criza locuin\u021belor: Rom\u00e2nia, \u00eentre declinul demografic \u0219i stagnarea construc\u021biilor\"}]},{\"@type\":\"WebSite\",\"@id\":\"https:\/\/carpathiacenter.ro\/#website\",\"url\":\"https:\/\/carpathiacenter.ro\/\",\"name\":\"Carpathia Center Romania\",\"description\":\"Impossible made possible!\",\"publisher\":{\"@id\":\"https:\/\/carpathiacenter.ro\/#organization\"},\"potentialAction\":[{\"@type\":\"SearchAction\",\"target\":{\"@type\":\"EntryPoint\",\"urlTemplate\":\"https:\/\/carpathiacenter.ro\/?s={search_term_string}\"},\"query-input\":{\"@type\":\"PropertyValueSpecification\",\"valueRequired\":true,\"valueName\":\"search_term_string\"}}],\"inLanguage\":\"en-GB\"},{\"@type\":\"Organization\",\"@id\":\"https:\/\/carpathiacenter.ro\/#organization\",\"name\":\"Carpathia Center Romania\",\"url\":\"https:\/\/carpathiacenter.ro\/\",\"logo\":{\"@type\":\"ImageObject\",\"inLanguage\":\"en-GB\",\"@id\":\"https:\/\/carpathiacenter.ro\/#\/schema\/logo\/image\/\",\"url\":\"https:\/\/carpathiacenter.ro\/wp-content\/uploads\/2024\/07\/logo-carpathia_bg_white-1024x941.png\",\"contentUrl\":\"https:\/\/carpathiacenter.ro\/wp-content\/uploads\/2024\/07\/logo-carpathia_bg_white-1024x941.png\",\"width\":1024,\"height\":941,\"caption\":\"Carpathia Center Romania\"},\"image\":{\"@id\":\"https:\/\/carpathiacenter.ro\/#\/schema\/logo\/image\/\"},\"sameAs\":[\"https:\/\/www.facebook.com\/fdpscarpathia\/\"]},{\"@type\":\"Person\",\"@id\":\"https:\/\/carpathiacenter.ro\/#\/schema\/person\/03d9f58202fee8379268f34afa195006\",\"name\":\"creativebitsolutions\",\"image\":{\"@type\":\"ImageObject\",\"inLanguage\":\"en-GB\",\"@id\":\"https:\/\/carpathiacenter.ro\/#\/schema\/person\/image\/\",\"url\":\"https:\/\/secure.gravatar.com\/avatar\/1b1a13e37f847c635dab78348f1dff2f07651ee2a3d77a5c355a4b8c75f9165a?s=96&d=mm&r=g\",\"contentUrl\":\"https:\/\/secure.gravatar.com\/avatar\/1b1a13e37f847c635dab78348f1dff2f07651ee2a3d77a5c355a4b8c75f9165a?s=96&d=mm&r=g\",\"caption\":\"creativebitsolutions\"},\"url\":\"https:\/\/carpathiacenter.ro\/en\/author\/creativebitsolutions\/\"}]}<\/script>\n<!-- \/ Yoast SEO plugin. -->","yoast_head_json":{"title":"Criza locuin\u021belor: Rom\u00e2nia, \u00eentre declinul demografic \u0219i stagnarea construc\u021biilor - Carpathia Center Romania","robots":{"index":"index","follow":"follow","max-snippet":"max-snippet:-1","max-image-preview":"max-image-preview:large","max-video-preview":"max-video-preview:-1"},"canonical":"https:\/\/carpathiacenter.ro\/en\/criza-locuintelor-romania-intre-declinul-demografic-si-stagnarea-constructiilor\/","og_locale":"en_GB","og_type":"article","og_title":"Criza locuin\u021belor: Rom\u00e2nia, \u00eentre declinul demografic \u0219i stagnarea construc\u021biilor - Carpathia Center Romania","og_description":"Lipsa locuin\u021belor la pre\u021buri accesibile a devenit o provocare major\u0103 \u00een toat\u0103 Europa, iar Rom\u00e2nia nu face excep\u021bie. Datele recente publicate de Institutul Na\u021bional de Statistic\u0103 relev\u0103 o tendin\u021b\u0103 \u00eengrijor\u0103toare: \u00een 2024 au fost date \u00een folosin\u021b\u0103 pu\u021bin peste 60.000 de locuin\u021be, cel mai sc\u0103zut nivel din ultimii 5 ani. Rom\u00e2nia pierde un milion de...","og_url":"https:\/\/carpathiacenter.ro\/en\/criza-locuintelor-romania-intre-declinul-demografic-si-stagnarea-constructiilor\/","og_site_name":"Carpathia Center Romania","article_publisher":"https:\/\/www.facebook.com\/fdpscarpathia\/","article_published_time":"2025-09-22T06:43:57+00:00","og_image":[{"width":650,"height":366,"url":"https:\/\/carpathiacenter.ro\/wp-content\/uploads\/2025\/09\/Bucuresti-vazut-din-drona.png","type":"image\/png"}],"author":"creativebitsolutions","twitter_card":"summary_large_image","twitter_misc":{"Written by":"creativebitsolutions","Estimated reading time":"4 minutes"},"schema":{"@context":"https:\/\/schema.org","@graph":[{"@type":"Article","@id":"https:\/\/carpathiacenter.ro\/criza-locuintelor-romania-intre-declinul-demografic-si-stagnarea-constructiilor\/#article","isPartOf":{"@id":"https:\/\/carpathiacenter.ro\/criza-locuintelor-romania-intre-declinul-demografic-si-stagnarea-constructiilor\/"},"author":{"name":"creativebitsolutions","@id":"https:\/\/carpathiacenter.ro\/#\/schema\/person\/03d9f58202fee8379268f34afa195006"},"headline":"Criza locuin\u021belor: Rom\u00e2nia, \u00eentre declinul demografic \u0219i stagnarea construc\u021biilor","datePublished":"2025-09-22T06:43:57+00:00","mainEntityOfPage":{"@id":"https:\/\/carpathiacenter.ro\/criza-locuintelor-romania-intre-declinul-demografic-si-stagnarea-constructiilor\/"},"wordCount":839,"commentCount":0,"publisher":{"@id":"https:\/\/carpathiacenter.ro\/#organization"},"image":{"@id":"https:\/\/carpathiacenter.ro\/criza-locuintelor-romania-intre-declinul-demografic-si-stagnarea-constructiilor\/#primaryimage"},"thumbnailUrl":"https:\/\/carpathiacenter.ro\/wp-content\/uploads\/2025\/09\/Bucuresti-vazut-din-drona.png","articleSection":["Uncategorized"],"inLanguage":"en-GB","potentialAction":[{"@type":"CommentAction","name":"Comment","target":["https:\/\/carpathiacenter.ro\/criza-locuintelor-romania-intre-declinul-demografic-si-stagnarea-constructiilor\/#respond"]}]},{"@type":"WebPage","@id":"https:\/\/carpathiacenter.ro\/criza-locuintelor-romania-intre-declinul-demografic-si-stagnarea-constructiilor\/","url":"https:\/\/carpathiacenter.ro\/criza-locuintelor-romania-intre-declinul-demografic-si-stagnarea-constructiilor\/","name":"Criza locuin\u021belor: Rom\u00e2nia, \u00eentre declinul demografic \u0219i stagnarea construc\u021biilor - Carpathia Center Romania","isPartOf":{"@id":"https:\/\/carpathiacenter.ro\/#website"},"primaryImageOfPage":{"@id":"https:\/\/carpathiacenter.ro\/criza-locuintelor-romania-intre-declinul-demografic-si-stagnarea-constructiilor\/#primaryimage"},"image":{"@id":"https:\/\/carpathiacenter.ro\/criza-locuintelor-romania-intre-declinul-demografic-si-stagnarea-constructiilor\/#primaryimage"},"thumbnailUrl":"https:\/\/carpathiacenter.ro\/wp-content\/uploads\/2025\/09\/Bucuresti-vazut-din-drona.png","datePublished":"2025-09-22T06:43:57+00:00","breadcrumb":{"@id":"https:\/\/carpathiacenter.ro\/criza-locuintelor-romania-intre-declinul-demografic-si-stagnarea-constructiilor\/#breadcrumb"},"inLanguage":"en-GB","potentialAction":[{"@type":"ReadAction","target":["https:\/\/carpathiacenter.ro\/criza-locuintelor-romania-intre-declinul-demografic-si-stagnarea-constructiilor\/"]}]},{"@type":"ImageObject","inLanguage":"en-GB","@id":"https:\/\/carpathiacenter.ro\/criza-locuintelor-romania-intre-declinul-demografic-si-stagnarea-constructiilor\/#primaryimage","url":"https:\/\/carpathiacenter.ro\/wp-content\/uploads\/2025\/09\/Bucuresti-vazut-din-drona.png","contentUrl":"https:\/\/carpathiacenter.ro\/wp-content\/uploads\/2025\/09\/Bucuresti-vazut-din-drona.png","width":650,"height":366},{"@type":"BreadcrumbList","@id":"https:\/\/carpathiacenter.ro\/criza-locuintelor-romania-intre-declinul-demografic-si-stagnarea-constructiilor\/#breadcrumb","itemListElement":[{"@type":"ListItem","position":1,"name":"Prima pagin\u0103","item":"https:\/\/carpathiacenter.ro\/"},{"@type":"ListItem","position":2,"name":"Criza locuin\u021belor: Rom\u00e2nia, \u00eentre declinul demografic \u0219i stagnarea construc\u021biilor"}]},{"@type":"WebSite","@id":"https:\/\/carpathiacenter.ro\/#website","url":"https:\/\/carpathiacenter.ro\/","name":"Carpathia Center Romania","description":"Impossible made possible!","publisher":{"@id":"https:\/\/carpathiacenter.ro\/#organization"},"potentialAction":[{"@type":"SearchAction","target":{"@type":"EntryPoint","urlTemplate":"https:\/\/carpathiacenter.ro\/?s={search_term_string}"},"query-input":{"@type":"PropertyValueSpecification","valueRequired":true,"valueName":"search_term_string"}}],"inLanguage":"en-GB"},{"@type":"Organization","@id":"https:\/\/carpathiacenter.ro\/#organization","name":"Carpathia Center Romania","url":"https:\/\/carpathiacenter.ro\/","logo":{"@type":"ImageObject","inLanguage":"en-GB","@id":"https:\/\/carpathiacenter.ro\/#\/schema\/logo\/image\/","url":"https:\/\/carpathiacenter.ro\/wp-content\/uploads\/2024\/07\/logo-carpathia_bg_white-1024x941.png","contentUrl":"https:\/\/carpathiacenter.ro\/wp-content\/uploads\/2024\/07\/logo-carpathia_bg_white-1024x941.png","width":1024,"height":941,"caption":"Carpathia Center Romania"},"image":{"@id":"https:\/\/carpathiacenter.ro\/#\/schema\/logo\/image\/"},"sameAs":["https:\/\/www.facebook.com\/fdpscarpathia\/"]},{"@type":"Person","@id":"https:\/\/carpathiacenter.ro\/#\/schema\/person\/03d9f58202fee8379268f34afa195006","name":"creativebitsolutions","image":{"@type":"ImageObject","inLanguage":"en-GB","@id":"https:\/\/carpathiacenter.ro\/#\/schema\/person\/image\/","url":"https:\/\/secure.gravatar.com\/avatar\/1b1a13e37f847c635dab78348f1dff2f07651ee2a3d77a5c355a4b8c75f9165a?s=96&d=mm&r=g","contentUrl":"https:\/\/secure.gravatar.com\/avatar\/1b1a13e37f847c635dab78348f1dff2f07651ee2a3d77a5c355a4b8c75f9165a?s=96&d=mm&r=g","caption":"creativebitsolutions"},"url":"https:\/\/carpathiacenter.ro\/en\/author\/creativebitsolutions\/"}]}},"_links":{"self":[{"href":"https:\/\/carpathiacenter.ro\/en\/wp-json\/wp\/v2\/posts\/3047","targetHints":{"allow":["GET"]}}],"collection":[{"href":"https:\/\/carpathiacenter.ro\/en\/wp-json\/wp\/v2\/posts"}],"about":[{"href":"https:\/\/carpathiacenter.ro\/en\/wp-json\/wp\/v2\/types\/post"}],"author":[{"embeddable":true,"href":"https:\/\/carpathiacenter.ro\/en\/wp-json\/wp\/v2\/users\/4"}],"replies":[{"embeddable":true,"href":"https:\/\/carpathiacenter.ro\/en\/wp-json\/wp\/v2\/comments?post=3047"}],"version-history":[{"count":1,"href":"https:\/\/carpathiacenter.ro\/en\/wp-json\/wp\/v2\/posts\/3047\/revisions"}],"predecessor-version":[{"id":3050,"href":"https:\/\/carpathiacenter.ro\/en\/wp-json\/wp\/v2\/posts\/3047\/revisions\/3050"}],"wp:featuredmedia":[{"embeddable":true,"href":"https:\/\/carpathiacenter.ro\/en\/wp-json\/wp\/v2\/media\/3049"}],"wp:attachment":[{"href":"https:\/\/carpathiacenter.ro\/en\/wp-json\/wp\/v2\/media?parent=3047"}],"wp:term":[{"taxonomy":"category","embeddable":true,"href":"https:\/\/carpathiacenter.ro\/en\/wp-json\/wp\/v2\/categories?post=3047"},{"taxonomy":"post_tag","embeddable":true,"href":"https:\/\/carpathiacenter.ro\/en\/wp-json\/wp\/v2\/tags?post=3047"}],"curies":[{"name":"wp","href":"https:\/\/api.w.org\/{rel}","templated":true}]}}