{"id":3043,"date":"2025-09-19T08:17:12","date_gmt":"2025-09-19T08:17:12","guid":{"rendered":"https:\/\/carpathiacenter.ro\/?p=3043"},"modified":"2025-09-19T08:17:12","modified_gmt":"2025-09-19T08:17:12","slug":"bolojan-deficitul-bugetar-nu-va-putea-fi-coborit-sub-8-in-acest-an-in-2026-ar-trebui-dus-spre-6","status":"publish","type":"post","link":"https:\/\/carpathiacenter.ro\/en\/bolojan-deficitul-bugetar-nu-va-putea-fi-coborit-sub-8-in-acest-an-in-2026-ar-trebui-dus-spre-6\/","title":{"rendered":"Bolojan: Deficitul bugetar nu va putea fi cobor\u00eet sub 8% \u00een acest an; \u00een 2026 ar trebui dus spre 6%"},"content":{"rendered":"<p><strong>Premierul Ilie Bolojan estimeaz\u0103 c\u0103 deficitul bugetar nu va putea fi cobor\u00e2t \u00een acest an sub 8% din PIB \u0219i c\u0103 \u00een 2026 ar urma s\u0103 ajung\u0103 \u00een jurul valorii de 6%.<\/strong><\/p>\n<p>&#8216;\u00cen toamna acestui an, practic, suntem cu evalu\u0103rile c\u0103 nu vom putea cobor\u00ee sub 8% p\u00e2n\u0103 la finalul anului. Acestea sunt datele \u00een momentul de fa\u021b\u0103. Depinde de m\u0103surile care se mai iau, depinde de ceea ce se \u00eent\u00e2mpl\u0103 cu e\u0219alonarea unor investi\u021bii. Dar timpul, nemaifiind foarte lung la dispozi\u021bie, anul acesta impactul m\u0103surilor care au fost adoptate nu este relevant. Anul viitor ar trebui s\u0103 cobor\u00e2m c\u00e2t mai aproape de 6% deficit, \u00een a\u0219a fel \u00eenc\u00e2t s\u0103 fim \u00een situa\u021bia \u00een care cheltuielile de func\u021bionare \u00eencep s\u0103 nu creasc\u0103 cu mult mai mult dec\u00e2t veniturile&#8217;, a declarat Ilie Bolojan joi, la Euronews.<\/p>\n<p>El a men\u021bionat c\u0103 \u00een ultimii ani diferen\u021ba dintre venituri \u0219i cheltuieli a devenit tot mai mare \u0219i c\u0103 \u00ee\u0219i dore\u0219te ca de anul urm\u0103tor s\u0103 fie &#8216;stopat\u0103 aceast\u0103 dinamic\u0103 negativ\u0103&#8217;. Este important ca deficitele s\u0103 scad\u0103, \u00een a\u0219a fel \u00eenc\u00e2t datoriile Rom\u00e2niei s\u0103 nu mai creasc\u0103, a subliniat el.<\/p>\n<p>&#8216;Este foarte important s\u0103 ne ducem pe un trend \u00een care deficitele noastre scad, \u00een a\u0219a fel \u00eenc\u00e2t s\u0103 ne putem stabiliza cu datoria. \u00cen fiecare an, contract\u00e2nd credite \u0219i mai mari, datoria Rom\u00e2niei cre\u0219te \u0219i sumele pe care le pl\u0103tim sub form\u0103 de dob\u00e2nzi vor fi tot mai mari. Ipotetic, nu e o problem\u0103 foarte mare dac\u0103 ai deficit, c\u00e2t timp \u00ee\u021bi po\u021bi finan\u021ba deficitul. Rom\u00e2nia \u00ee\u0219i finan\u021beaz\u0103 deficitul, dar pe m\u0103sur\u0103 ce sumele cresc, deficitul este tot mai mare. Costul de finan\u021bare devine tot mai mare, p\u00e2n\u0103 devine insuportabil. Nu trebuie s\u0103 ajungem \u00een aceast\u0103 situa\u021bie. Dac\u0103 la un moment dat se \u00eent\u00e2mpl\u0103 o perturba\u021bie pe pia\u021ba interna\u021bional\u0103, intri practic \u00een \u00eencapacitate de plat\u0103, ceea ce \u00eenseamn\u0103 ni\u0219te costuri foarte mari&#8217;, a explicat Bolojan.<\/p>\n<p>Premierul a mai eviden\u021biat c\u0103 Rom\u00e2nia trebuie s\u0103 aib\u0103 o &#8216;disciplin\u0103 fiscal\u0103&#8217;, astfel \u00eenc\u00e2t s\u0103 nu mai fie risipi\u021bi banii, s\u0103 se creeze condi\u021bii pentru dezvoltare economic\u0103 \u0219i s\u0103 creasc\u0103 produc\u021bia de energie.<\/p>\n<p>El a subliniat c\u0103 \u021bara noastr\u0103 are un poten\u021bial agricol &#8216;foarte mare&#8217;, dar spre deosebire de Ungaria sau Polonia, care au sus\u021binut procesarea alimentelor, Rom\u00e2nia nu a investit \u00een acest domeniu.<\/p>\n<p>&#8216;Suntem \u00een situa\u021bia \u00een care avem ni\u0219te deficite pe zona de produse agro-alimentare foarte mari, ceea ce este anormal pentru o \u021bar\u0103 ca Rom\u00e2nia, cu acest poten\u021bial. Atunci, o a doua direc\u021bie important\u0103 este s\u0103 \u00eencuraj\u0103m industria agro-alimentar\u0103, s\u0103 ne sus\u021binem exporturile, s\u0103 sus\u021binem produsele rom\u00e2ne\u0219ti, \u00een general, \u00een a\u0219a fel \u00eenc\u00e2t s\u0103 ne echilibr\u0103m balan\u021ba comercial\u0103&#8217;, a ad\u0103ugat el.<\/p>\n<p>\u0218eful Guvernului a pledat pentru atragerea investi\u021biilor str\u0103ine, men\u021bion\u00e2nd c\u0103 valoarea acestora a ajuns la 5 miliarde de euro pe an, comparativ cu 10-11 miliarde de euro, \u00een urm\u0103 cu doi-trei ani.<\/p>\n<p>&#8216;Sunt zone de tehnologie \u00eenalt\u0103, zone de inteligen\u021b\u0103 artificial\u0103, centre de date, pe care nu le putem face din Rom\u00e2nia, pentru c\u0103 nu avem capabilit\u0103\u021bi. Acest transfer de tehnologie trebuie s\u0103 \u00eel sus\u021binem din \u00eencurajarea investi\u021biilor str\u0103ine \u0219i a celor rom\u00e2ne\u0219ti, \u00een acela\u0219i timp. S\u0103 trimitem mai mul\u021bi oameni \u00een economie. Dac\u0103 nu avem cu cine lucra &#8211; pentru c\u0103 este o realitate aceasta &#8211; nu mai trebuie s\u0103 d\u0103m un an de zile ajutor de \u0219omaj, dac\u0103 Germania acord\u0103 \u0219ase luni ajutor de \u0219omaj. Ungaria &#8211; trei luni de zile, de exemplu. Trebuie s\u0103 ducem mai mul\u021bi oameni \u00een pia\u021b\u0103. Trebuie s\u0103 elimin\u0103m \u0219i s\u0103 reducem c\u00e2t se poate de mult posibilit\u0103\u021bile de pensionare anticipat\u0103, la v\u00e2rste de 48-50 de ani, s\u0103 sus\u021binem cre\u0219terea v\u00e2rstei de pensionare c\u00e2t mai aproape de v\u00e2rsta standard &#8211; nu peste 65 de ani &#8211; \u00een a\u0219a fel \u00eenc\u00e2t s\u0103 avem mai mul\u021bi oameni \u00een economie, pentru c\u0103 altfel nu e cine s\u0103 ne pl\u0103teasc\u0103 pensiile&#8217;, a mai spus prim-ministrul. AGERPRES \/ (AS &#8211; redactor: Irinela Vi\u0219an, editor: Marius Fr\u0103\u021bil\u0103, editor online: Irina Giurgiu)<br \/>\n<br \/>\nSursa articolului:  <a href=\"https:\/\/agerpres.ro\/politic\/2025\/09\/18\/bolojan-deficitul-bugetar-nu-va-putea-fi-coborit-sub-8-in-acest-an-in-2026-ar-trebui-dus-spre-6--1485569\" target=\"_blank\" rel=\"noopener\" title=\"\">https:\/\/agerpres.ro\/politic\/2025\/09\/18\/bolojan-deficitul-bugetar-nu-va-putea-fi-coborit-sub-8-in-acest-an-in-2026-ar-trebui-dus-spre-6&#8211;1485569<\/a><\/p>","protected":false},"excerpt":{"rendered":"<p>Premierul Ilie Bolojan estimeaz\u0103 c\u0103 deficitul bugetar nu va putea fi cobor\u00e2t \u00een acest an sub 8% din PIB \u0219i c\u0103 \u00een 2026 ar urma s\u0103 ajung\u0103 \u00een jurul valorii de 6%. &#8216;\u00cen toamna acestui an, practic, suntem cu evalu\u0103rile c\u0103 nu vom putea cobor\u00ee sub 8% p\u00e2n\u0103 la finalul anului. Acestea sunt datele \u00een&#8230;<\/p>","protected":false},"author":4,"featured_media":3045,"comment_status":"open","ping_status":"open","sticky":false,"template":"","format":"standard","meta":{"footnotes":""},"categories":[1],"tags":[],"class_list":["post-3043","post","type-post","status-publish","format-standard","has-post-thumbnail","hentry","category-uncategorized"],"yoast_head":"<!-- This site is optimized with the Yoast SEO plugin v26.1.1 - https:\/\/yoast.com\/wordpress\/plugins\/seo\/ -->\n<title>Bolojan: Deficitul bugetar nu va putea fi cobor\u00eet sub 8% \u00een acest an; \u00een 2026 ar trebui dus spre 6% - Carpathia Center Romania<\/title>\n<meta name=\"robots\" content=\"index, follow, max-snippet:-1, max-image-preview:large, max-video-preview:-1\" \/>\n<link rel=\"canonical\" href=\"https:\/\/carpathiacenter.ro\/en\/bolojan-deficitul-bugetar-nu-va-putea-fi-coborit-sub-8-in-acest-an-in-2026-ar-trebui-dus-spre-6\/\" \/>\n<meta property=\"og:locale\" content=\"en_GB\" \/>\n<meta property=\"og:type\" content=\"article\" \/>\n<meta property=\"og:title\" content=\"Bolojan: Deficitul bugetar nu va putea fi cobor\u00eet sub 8% \u00een acest an; \u00een 2026 ar trebui dus spre 6% - Carpathia Center Romania\" \/>\n<meta property=\"og:description\" content=\"Premierul Ilie Bolojan estimeaz\u0103 c\u0103 deficitul bugetar nu va putea fi cobor\u00e2t \u00een acest an sub 8% din PIB \u0219i c\u0103 \u00een 2026 ar urma s\u0103 ajung\u0103 \u00een jurul valorii de 6%. &#8216;\u00cen toamna acestui an, practic, suntem cu evalu\u0103rile c\u0103 nu vom putea cobor\u00ee sub 8% p\u00e2n\u0103 la finalul anului. Acestea sunt datele \u00een...\" \/>\n<meta property=\"og:url\" content=\"https:\/\/carpathiacenter.ro\/en\/bolojan-deficitul-bugetar-nu-va-putea-fi-coborit-sub-8-in-acest-an-in-2026-ar-trebui-dus-spre-6\/\" \/>\n<meta property=\"og:site_name\" content=\"Carpathia Center Romania\" \/>\n<meta property=\"article:publisher\" content=\"https:\/\/www.facebook.com\/fdpscarpathia\/\" \/>\n<meta property=\"article:published_time\" content=\"2025-09-19T08:17:12+00:00\" \/>\n<meta property=\"og:image\" content=\"https:\/\/carpathiacenter.ro\/wp-content\/uploads\/2025\/09\/ilie-bolojan-premierul-romaniei.jpg\" \/>\n\t<meta property=\"og:image:width\" content=\"1200\" \/>\n\t<meta property=\"og:image:height\" content=\"664\" \/>\n\t<meta property=\"og:image:type\" content=\"image\/jpeg\" \/>\n<meta name=\"author\" content=\"creativebitsolutions\" \/>\n<meta name=\"twitter:card\" content=\"summary_large_image\" \/>\n<meta name=\"twitter:label1\" content=\"Written by\" \/>\n\t<meta name=\"twitter:data1\" content=\"creativebitsolutions\" \/>\n\t<meta name=\"twitter:label2\" content=\"Estimated reading time\" \/>\n\t<meta name=\"twitter:data2\" content=\"4 minutes\" \/>\n<script type=\"application\/ld+json\" class=\"yoast-schema-graph\">{\"@context\":\"https:\/\/schema.org\",\"@graph\":[{\"@type\":\"Article\",\"@id\":\"https:\/\/carpathiacenter.ro\/bolojan-deficitul-bugetar-nu-va-putea-fi-coborit-sub-8-in-acest-an-in-2026-ar-trebui-dus-spre-6\/#article\",\"isPartOf\":{\"@id\":\"https:\/\/carpathiacenter.ro\/bolojan-deficitul-bugetar-nu-va-putea-fi-coborit-sub-8-in-acest-an-in-2026-ar-trebui-dus-spre-6\/\"},\"author\":{\"name\":\"creativebitsolutions\",\"@id\":\"https:\/\/carpathiacenter.ro\/#\/schema\/person\/03d9f58202fee8379268f34afa195006\"},\"headline\":\"Bolojan: Deficitul bugetar nu va putea fi cobor\u00eet sub 8% \u00een acest an; \u00een 2026 ar trebui dus spre 6%\",\"datePublished\":\"2025-09-19T08:17:12+00:00\",\"mainEntityOfPage\":{\"@id\":\"https:\/\/carpathiacenter.ro\/bolojan-deficitul-bugetar-nu-va-putea-fi-coborit-sub-8-in-acest-an-in-2026-ar-trebui-dus-spre-6\/\"},\"wordCount\":765,\"commentCount\":0,\"publisher\":{\"@id\":\"https:\/\/carpathiacenter.ro\/#organization\"},\"image\":{\"@id\":\"https:\/\/carpathiacenter.ro\/bolojan-deficitul-bugetar-nu-va-putea-fi-coborit-sub-8-in-acest-an-in-2026-ar-trebui-dus-spre-6\/#primaryimage\"},\"thumbnailUrl\":\"https:\/\/carpathiacenter.ro\/wp-content\/uploads\/2025\/09\/ilie-bolojan-premierul-romaniei.jpg\",\"articleSection\":[\"Uncategorized\"],\"inLanguage\":\"en-GB\",\"potentialAction\":[{\"@type\":\"CommentAction\",\"name\":\"Comment\",\"target\":[\"https:\/\/carpathiacenter.ro\/bolojan-deficitul-bugetar-nu-va-putea-fi-coborit-sub-8-in-acest-an-in-2026-ar-trebui-dus-spre-6\/#respond\"]}]},{\"@type\":\"WebPage\",\"@id\":\"https:\/\/carpathiacenter.ro\/bolojan-deficitul-bugetar-nu-va-putea-fi-coborit-sub-8-in-acest-an-in-2026-ar-trebui-dus-spre-6\/\",\"url\":\"https:\/\/carpathiacenter.ro\/bolojan-deficitul-bugetar-nu-va-putea-fi-coborit-sub-8-in-acest-an-in-2026-ar-trebui-dus-spre-6\/\",\"name\":\"Bolojan: Deficitul bugetar nu va putea fi cobor\u00eet sub 8% \u00een acest an; \u00een 2026 ar trebui dus spre 6% - Carpathia Center Romania\",\"isPartOf\":{\"@id\":\"https:\/\/carpathiacenter.ro\/#website\"},\"primaryImageOfPage\":{\"@id\":\"https:\/\/carpathiacenter.ro\/bolojan-deficitul-bugetar-nu-va-putea-fi-coborit-sub-8-in-acest-an-in-2026-ar-trebui-dus-spre-6\/#primaryimage\"},\"image\":{\"@id\":\"https:\/\/carpathiacenter.ro\/bolojan-deficitul-bugetar-nu-va-putea-fi-coborit-sub-8-in-acest-an-in-2026-ar-trebui-dus-spre-6\/#primaryimage\"},\"thumbnailUrl\":\"https:\/\/carpathiacenter.ro\/wp-content\/uploads\/2025\/09\/ilie-bolojan-premierul-romaniei.jpg\",\"datePublished\":\"2025-09-19T08:17:12+00:00\",\"breadcrumb\":{\"@id\":\"https:\/\/carpathiacenter.ro\/bolojan-deficitul-bugetar-nu-va-putea-fi-coborit-sub-8-in-acest-an-in-2026-ar-trebui-dus-spre-6\/#breadcrumb\"},\"inLanguage\":\"en-GB\",\"potentialAction\":[{\"@type\":\"ReadAction\",\"target\":[\"https:\/\/carpathiacenter.ro\/bolojan-deficitul-bugetar-nu-va-putea-fi-coborit-sub-8-in-acest-an-in-2026-ar-trebui-dus-spre-6\/\"]}]},{\"@type\":\"ImageObject\",\"inLanguage\":\"en-GB\",\"@id\":\"https:\/\/carpathiacenter.ro\/bolojan-deficitul-bugetar-nu-va-putea-fi-coborit-sub-8-in-acest-an-in-2026-ar-trebui-dus-spre-6\/#primaryimage\",\"url\":\"https:\/\/carpathiacenter.ro\/wp-content\/uploads\/2025\/09\/ilie-bolojan-premierul-romaniei.jpg\",\"contentUrl\":\"https:\/\/carpathiacenter.ro\/wp-content\/uploads\/2025\/09\/ilie-bolojan-premierul-romaniei.jpg\",\"width\":1200,\"height\":664},{\"@type\":\"BreadcrumbList\",\"@id\":\"https:\/\/carpathiacenter.ro\/bolojan-deficitul-bugetar-nu-va-putea-fi-coborit-sub-8-in-acest-an-in-2026-ar-trebui-dus-spre-6\/#breadcrumb\",\"itemListElement\":[{\"@type\":\"ListItem\",\"position\":1,\"name\":\"Prima pagin\u0103\",\"item\":\"https:\/\/carpathiacenter.ro\/\"},{\"@type\":\"ListItem\",\"position\":2,\"name\":\"Bolojan: Deficitul bugetar nu va putea fi cobor\u00eet sub 8% \u00een acest an; \u00een 2026 ar trebui dus spre 6%\"}]},{\"@type\":\"WebSite\",\"@id\":\"https:\/\/carpathiacenter.ro\/#website\",\"url\":\"https:\/\/carpathiacenter.ro\/\",\"name\":\"Carpathia Center Romania\",\"description\":\"Impossible made possible!\",\"publisher\":{\"@id\":\"https:\/\/carpathiacenter.ro\/#organization\"},\"potentialAction\":[{\"@type\":\"SearchAction\",\"target\":{\"@type\":\"EntryPoint\",\"urlTemplate\":\"https:\/\/carpathiacenter.ro\/?s={search_term_string}\"},\"query-input\":{\"@type\":\"PropertyValueSpecification\",\"valueRequired\":true,\"valueName\":\"search_term_string\"}}],\"inLanguage\":\"en-GB\"},{\"@type\":\"Organization\",\"@id\":\"https:\/\/carpathiacenter.ro\/#organization\",\"name\":\"Carpathia Center Romania\",\"url\":\"https:\/\/carpathiacenter.ro\/\",\"logo\":{\"@type\":\"ImageObject\",\"inLanguage\":\"en-GB\",\"@id\":\"https:\/\/carpathiacenter.ro\/#\/schema\/logo\/image\/\",\"url\":\"https:\/\/carpathiacenter.ro\/wp-content\/uploads\/2024\/07\/logo-carpathia_bg_white-1024x941.png\",\"contentUrl\":\"https:\/\/carpathiacenter.ro\/wp-content\/uploads\/2024\/07\/logo-carpathia_bg_white-1024x941.png\",\"width\":1024,\"height\":941,\"caption\":\"Carpathia Center Romania\"},\"image\":{\"@id\":\"https:\/\/carpathiacenter.ro\/#\/schema\/logo\/image\/\"},\"sameAs\":[\"https:\/\/www.facebook.com\/fdpscarpathia\/\"]},{\"@type\":\"Person\",\"@id\":\"https:\/\/carpathiacenter.ro\/#\/schema\/person\/03d9f58202fee8379268f34afa195006\",\"name\":\"creativebitsolutions\",\"image\":{\"@type\":\"ImageObject\",\"inLanguage\":\"en-GB\",\"@id\":\"https:\/\/carpathiacenter.ro\/#\/schema\/person\/image\/\",\"url\":\"https:\/\/secure.gravatar.com\/avatar\/1b1a13e37f847c635dab78348f1dff2f07651ee2a3d77a5c355a4b8c75f9165a?s=96&d=mm&r=g\",\"contentUrl\":\"https:\/\/secure.gravatar.com\/avatar\/1b1a13e37f847c635dab78348f1dff2f07651ee2a3d77a5c355a4b8c75f9165a?s=96&d=mm&r=g\",\"caption\":\"creativebitsolutions\"},\"url\":\"https:\/\/carpathiacenter.ro\/en\/author\/creativebitsolutions\/\"}]}<\/script>\n<!-- \/ Yoast SEO plugin. -->","yoast_head_json":{"title":"Bolojan: Deficitul bugetar nu va putea fi cobor\u00eet sub 8% \u00een acest an; \u00een 2026 ar trebui dus spre 6% - Carpathia Center Romania","robots":{"index":"index","follow":"follow","max-snippet":"max-snippet:-1","max-image-preview":"max-image-preview:large","max-video-preview":"max-video-preview:-1"},"canonical":"https:\/\/carpathiacenter.ro\/en\/bolojan-deficitul-bugetar-nu-va-putea-fi-coborit-sub-8-in-acest-an-in-2026-ar-trebui-dus-spre-6\/","og_locale":"en_GB","og_type":"article","og_title":"Bolojan: Deficitul bugetar nu va putea fi cobor\u00eet sub 8% \u00een acest an; \u00een 2026 ar trebui dus spre 6% - Carpathia Center Romania","og_description":"Premierul Ilie Bolojan estimeaz\u0103 c\u0103 deficitul bugetar nu va putea fi cobor\u00e2t \u00een acest an sub 8% din PIB \u0219i c\u0103 \u00een 2026 ar urma s\u0103 ajung\u0103 \u00een jurul valorii de 6%. &#8216;\u00cen toamna acestui an, practic, suntem cu evalu\u0103rile c\u0103 nu vom putea cobor\u00ee sub 8% p\u00e2n\u0103 la finalul anului. Acestea sunt datele \u00een...","og_url":"https:\/\/carpathiacenter.ro\/en\/bolojan-deficitul-bugetar-nu-va-putea-fi-coborit-sub-8-in-acest-an-in-2026-ar-trebui-dus-spre-6\/","og_site_name":"Carpathia Center Romania","article_publisher":"https:\/\/www.facebook.com\/fdpscarpathia\/","article_published_time":"2025-09-19T08:17:12+00:00","og_image":[{"width":1200,"height":664,"url":"https:\/\/carpathiacenter.ro\/wp-content\/uploads\/2025\/09\/ilie-bolojan-premierul-romaniei.jpg","type":"image\/jpeg"}],"author":"creativebitsolutions","twitter_card":"summary_large_image","twitter_misc":{"Written by":"creativebitsolutions","Estimated reading time":"4 minutes"},"schema":{"@context":"https:\/\/schema.org","@graph":[{"@type":"Article","@id":"https:\/\/carpathiacenter.ro\/bolojan-deficitul-bugetar-nu-va-putea-fi-coborit-sub-8-in-acest-an-in-2026-ar-trebui-dus-spre-6\/#article","isPartOf":{"@id":"https:\/\/carpathiacenter.ro\/bolojan-deficitul-bugetar-nu-va-putea-fi-coborit-sub-8-in-acest-an-in-2026-ar-trebui-dus-spre-6\/"},"author":{"name":"creativebitsolutions","@id":"https:\/\/carpathiacenter.ro\/#\/schema\/person\/03d9f58202fee8379268f34afa195006"},"headline":"Bolojan: Deficitul bugetar nu va putea fi cobor\u00eet sub 8% \u00een acest an; \u00een 2026 ar trebui dus spre 6%","datePublished":"2025-09-19T08:17:12+00:00","mainEntityOfPage":{"@id":"https:\/\/carpathiacenter.ro\/bolojan-deficitul-bugetar-nu-va-putea-fi-coborit-sub-8-in-acest-an-in-2026-ar-trebui-dus-spre-6\/"},"wordCount":765,"commentCount":0,"publisher":{"@id":"https:\/\/carpathiacenter.ro\/#organization"},"image":{"@id":"https:\/\/carpathiacenter.ro\/bolojan-deficitul-bugetar-nu-va-putea-fi-coborit-sub-8-in-acest-an-in-2026-ar-trebui-dus-spre-6\/#primaryimage"},"thumbnailUrl":"https:\/\/carpathiacenter.ro\/wp-content\/uploads\/2025\/09\/ilie-bolojan-premierul-romaniei.jpg","articleSection":["Uncategorized"],"inLanguage":"en-GB","potentialAction":[{"@type":"CommentAction","name":"Comment","target":["https:\/\/carpathiacenter.ro\/bolojan-deficitul-bugetar-nu-va-putea-fi-coborit-sub-8-in-acest-an-in-2026-ar-trebui-dus-spre-6\/#respond"]}]},{"@type":"WebPage","@id":"https:\/\/carpathiacenter.ro\/bolojan-deficitul-bugetar-nu-va-putea-fi-coborit-sub-8-in-acest-an-in-2026-ar-trebui-dus-spre-6\/","url":"https:\/\/carpathiacenter.ro\/bolojan-deficitul-bugetar-nu-va-putea-fi-coborit-sub-8-in-acest-an-in-2026-ar-trebui-dus-spre-6\/","name":"Bolojan: Deficitul bugetar nu va putea fi cobor\u00eet sub 8% \u00een acest an; \u00een 2026 ar trebui dus spre 6% - Carpathia Center Romania","isPartOf":{"@id":"https:\/\/carpathiacenter.ro\/#website"},"primaryImageOfPage":{"@id":"https:\/\/carpathiacenter.ro\/bolojan-deficitul-bugetar-nu-va-putea-fi-coborit-sub-8-in-acest-an-in-2026-ar-trebui-dus-spre-6\/#primaryimage"},"image":{"@id":"https:\/\/carpathiacenter.ro\/bolojan-deficitul-bugetar-nu-va-putea-fi-coborit-sub-8-in-acest-an-in-2026-ar-trebui-dus-spre-6\/#primaryimage"},"thumbnailUrl":"https:\/\/carpathiacenter.ro\/wp-content\/uploads\/2025\/09\/ilie-bolojan-premierul-romaniei.jpg","datePublished":"2025-09-19T08:17:12+00:00","breadcrumb":{"@id":"https:\/\/carpathiacenter.ro\/bolojan-deficitul-bugetar-nu-va-putea-fi-coborit-sub-8-in-acest-an-in-2026-ar-trebui-dus-spre-6\/#breadcrumb"},"inLanguage":"en-GB","potentialAction":[{"@type":"ReadAction","target":["https:\/\/carpathiacenter.ro\/bolojan-deficitul-bugetar-nu-va-putea-fi-coborit-sub-8-in-acest-an-in-2026-ar-trebui-dus-spre-6\/"]}]},{"@type":"ImageObject","inLanguage":"en-GB","@id":"https:\/\/carpathiacenter.ro\/bolojan-deficitul-bugetar-nu-va-putea-fi-coborit-sub-8-in-acest-an-in-2026-ar-trebui-dus-spre-6\/#primaryimage","url":"https:\/\/carpathiacenter.ro\/wp-content\/uploads\/2025\/09\/ilie-bolojan-premierul-romaniei.jpg","contentUrl":"https:\/\/carpathiacenter.ro\/wp-content\/uploads\/2025\/09\/ilie-bolojan-premierul-romaniei.jpg","width":1200,"height":664},{"@type":"BreadcrumbList","@id":"https:\/\/carpathiacenter.ro\/bolojan-deficitul-bugetar-nu-va-putea-fi-coborit-sub-8-in-acest-an-in-2026-ar-trebui-dus-spre-6\/#breadcrumb","itemListElement":[{"@type":"ListItem","position":1,"name":"Prima pagin\u0103","item":"https:\/\/carpathiacenter.ro\/"},{"@type":"ListItem","position":2,"name":"Bolojan: Deficitul bugetar nu va putea fi cobor\u00eet sub 8% \u00een acest an; \u00een 2026 ar trebui dus spre 6%"}]},{"@type":"WebSite","@id":"https:\/\/carpathiacenter.ro\/#website","url":"https:\/\/carpathiacenter.ro\/","name":"Carpathia Center Romania","description":"Impossible made possible!","publisher":{"@id":"https:\/\/carpathiacenter.ro\/#organization"},"potentialAction":[{"@type":"SearchAction","target":{"@type":"EntryPoint","urlTemplate":"https:\/\/carpathiacenter.ro\/?s={search_term_string}"},"query-input":{"@type":"PropertyValueSpecification","valueRequired":true,"valueName":"search_term_string"}}],"inLanguage":"en-GB"},{"@type":"Organization","@id":"https:\/\/carpathiacenter.ro\/#organization","name":"Carpathia Center Romania","url":"https:\/\/carpathiacenter.ro\/","logo":{"@type":"ImageObject","inLanguage":"en-GB","@id":"https:\/\/carpathiacenter.ro\/#\/schema\/logo\/image\/","url":"https:\/\/carpathiacenter.ro\/wp-content\/uploads\/2024\/07\/logo-carpathia_bg_white-1024x941.png","contentUrl":"https:\/\/carpathiacenter.ro\/wp-content\/uploads\/2024\/07\/logo-carpathia_bg_white-1024x941.png","width":1024,"height":941,"caption":"Carpathia Center Romania"},"image":{"@id":"https:\/\/carpathiacenter.ro\/#\/schema\/logo\/image\/"},"sameAs":["https:\/\/www.facebook.com\/fdpscarpathia\/"]},{"@type":"Person","@id":"https:\/\/carpathiacenter.ro\/#\/schema\/person\/03d9f58202fee8379268f34afa195006","name":"creativebitsolutions","image":{"@type":"ImageObject","inLanguage":"en-GB","@id":"https:\/\/carpathiacenter.ro\/#\/schema\/person\/image\/","url":"https:\/\/secure.gravatar.com\/avatar\/1b1a13e37f847c635dab78348f1dff2f07651ee2a3d77a5c355a4b8c75f9165a?s=96&d=mm&r=g","contentUrl":"https:\/\/secure.gravatar.com\/avatar\/1b1a13e37f847c635dab78348f1dff2f07651ee2a3d77a5c355a4b8c75f9165a?s=96&d=mm&r=g","caption":"creativebitsolutions"},"url":"https:\/\/carpathiacenter.ro\/en\/author\/creativebitsolutions\/"}]}},"_links":{"self":[{"href":"https:\/\/carpathiacenter.ro\/en\/wp-json\/wp\/v2\/posts\/3043","targetHints":{"allow":["GET"]}}],"collection":[{"href":"https:\/\/carpathiacenter.ro\/en\/wp-json\/wp\/v2\/posts"}],"about":[{"href":"https:\/\/carpathiacenter.ro\/en\/wp-json\/wp\/v2\/types\/post"}],"author":[{"embeddable":true,"href":"https:\/\/carpathiacenter.ro\/en\/wp-json\/wp\/v2\/users\/4"}],"replies":[{"embeddable":true,"href":"https:\/\/carpathiacenter.ro\/en\/wp-json\/wp\/v2\/comments?post=3043"}],"version-history":[{"count":1,"href":"https:\/\/carpathiacenter.ro\/en\/wp-json\/wp\/v2\/posts\/3043\/revisions"}],"predecessor-version":[{"id":3046,"href":"https:\/\/carpathiacenter.ro\/en\/wp-json\/wp\/v2\/posts\/3043\/revisions\/3046"}],"wp:featuredmedia":[{"embeddable":true,"href":"https:\/\/carpathiacenter.ro\/en\/wp-json\/wp\/v2\/media\/3045"}],"wp:attachment":[{"href":"https:\/\/carpathiacenter.ro\/en\/wp-json\/wp\/v2\/media?parent=3043"}],"wp:term":[{"taxonomy":"category","embeddable":true,"href":"https:\/\/carpathiacenter.ro\/en\/wp-json\/wp\/v2\/categories?post=3043"},{"taxonomy":"post_tag","embeddable":true,"href":"https:\/\/carpathiacenter.ro\/en\/wp-json\/wp\/v2\/tags?post=3043"}],"curies":[{"name":"wp","href":"https:\/\/api.w.org\/{rel}","templated":true}]}}