{"id":3041,"date":"2025-09-19T08:15:56","date_gmt":"2025-09-19T08:15:56","guid":{"rendered":"https:\/\/carpathiacenter.ro\/?p=3041"},"modified":"2025-09-19T08:15:56","modified_gmt":"2025-09-19T08:15:56","slug":"bolojan-estimeaza-ca-bugetul-alocat-in-2026-pentru-aparare-se-va-situa-in-jurul-valorii-de-23-din-pib","status":"publish","type":"post","link":"https:\/\/carpathiacenter.ro\/en\/bolojan-estimeaza-ca-bugetul-alocat-in-2026-pentru-aparare-se-va-situa-in-jurul-valorii-de-23-din-pib\/","title":{"rendered":"Bolojan estimeaz\u0103 c\u0103 bugetul alocat \u00een 2026 pentru Ap\u0103rare se va situa \u00een jurul valorii de 2,3% din PIB"},"content":{"rendered":"<p>Premierul Ilie Bolojan estimeaz\u0103 c\u0103 \u00een 2026 bugetul alocat Ap\u0103r\u0103rii se va situa \u00een jurul valorii de 2,3% din PIB, dar c\u0103 \u00een anii urm\u0103tori va exista probabil o cre\u0219tere treptat\u0103.<\/p>\n<p>&#8216;Conform angajamentelor pe care ni le-am luat, va fi o cre\u0219tere treptat\u0103 a bugetului de Ap\u0103rare. Cred c\u0103 anul viitor vom fi undeva \u00eentr-o zon\u0103 apropiat\u0103 de ceea ce a fost anul acesta, de 2,3% din PIB. (&#8230;) Dar va fi foarte probabil o cre\u0219tere treptat\u0103. Aici, din nou, e o problem\u0103 de suportabilitate economic\u0103, dar acest credit pe care \u00eel vom contracta pentru Ap\u0103rare ne permite s\u0103 \u00eenlocuim sumele pe care le alocam Ap\u0103r\u0103rii din creditele mult mai scumpe pe care le lu\u0103m ast\u0103zi sau din impozitele cet\u0103\u021benilor. \u0218i \u00een felul acesta este garantat\u0103, practic, constan\u021ba acestui buget \u0219i o cre\u0219tere u\u0219oar\u0103, ascendent\u0103, \u00een anii urm\u0103tori&#8217;, a spus premierul, joi, pentru Euronews.<\/p>\n<p>Bolojan a declarat c\u0103 apartenen\u021ba la NATO reprezint\u0103 &#8216;un element vital&#8217; pentru siguran\u021ba Rom\u00e2niei, dar c\u0103 \u021bara noastr\u0103 trebuie s\u0103 \u00ee\u0219i creeze propriile capabilit\u0103\u021bi de ap\u0103rare.<\/p>\n<p>&#8216;Faptul c\u0103 suntem \u00een Alian\u021ba Nord-Atlantic\u0103 este un element vital pentru siguran\u021ba Rom\u00e2niei, dar, \u00een afar\u0103 de acest lucru, noi trebuie s\u0103 ne cre\u0103m propriile capabilit\u0103\u021bi de ap\u0103rare, \u00een a\u0219a fel \u00eenc\u00e2t, \u021bin\u00e2nd cont de dinamica r\u0103zboiului, de apari\u021bia dronelor \u0219i de tot ceea ce \u00eenseamn\u0103 experimentele care au avut loc \u00een r\u0103zboiul din Ucraina, s\u0103 ne adapt\u0103m tehnica de ap\u0103rare la noile realit\u0103\u021bi. \u0218i, prin achizi\u021biile care se vor face \u00een perioada urm\u0103toare, inclusiv prin acest credit din programul SAFE, Rom\u00e2nia trebuie s\u0103-\u0219i consolideze al\u0103turi de toate \u021b\u0103rile din flancul de Est ap\u0103rarea. \u0218i asta facem \u00een permanen\u021b\u0103, iar colaborarea cu alia\u021bii europeni, cu Statele Unite este un element de baz\u0103 al acestei ap\u0103r\u0103ri&#8217;, a mai afirmat \u0219eful Guvernului. AGERPRES \/ (AS &#8211; redactor: Irinela Vi\u0219an, editor: Marius Fr\u0103\u021bil\u0103, editor online: Alexandru Cojocaru)<br \/>\n<br \/>\nSursa articolului:  <a href=\"https:\/\/agerpres.ro\/politic\/2025\/09\/18\/bolojan-estimeaza-ca-bugetul-alocat-in-2026-pentru-aparare-se-va-situa-in-jurul-valorii-de-2-3-din-p--1485580\" target=\"_blank\" rel=\"noopener\" title=\"\">https:\/\/agerpres.ro\/politic\/2025\/09\/18\/bolojan-estimeaza-ca-bugetul-alocat-in-2026-pentru-aparare-se-va-situa-in-jurul-valorii-de-2-3-din-p&#8211;1485580<\/a><\/p>","protected":false},"excerpt":{"rendered":"<p>Premierul Ilie Bolojan estimeaz\u0103 c\u0103 \u00een 2026 bugetul alocat Ap\u0103r\u0103rii se va situa \u00een jurul valorii de 2,3% din PIB, dar c\u0103 \u00een anii urm\u0103tori va exista probabil o cre\u0219tere treptat\u0103. &#8216;Conform angajamentelor pe care ni le-am luat, va fi o cre\u0219tere treptat\u0103 a bugetului de Ap\u0103rare. Cred c\u0103 anul viitor vom fi undeva \u00eentr-o&#8230;<\/p>","protected":false},"author":4,"featured_media":2679,"comment_status":"open","ping_status":"open","sticky":false,"template":"","format":"standard","meta":{"footnotes":""},"categories":[1],"tags":[],"class_list":["post-3041","post","type-post","status-publish","format-standard","has-post-thumbnail","hentry","category-uncategorized"],"yoast_head":"<!-- This site is optimized with the Yoast SEO plugin v26.1.1 - https:\/\/yoast.com\/wordpress\/plugins\/seo\/ -->\n<title>Bolojan estimeaz\u0103 c\u0103 bugetul alocat \u00een 2026 pentru Ap\u0103rare se va situa \u00een jurul valorii de 2,3% din PIB - Carpathia Center Romania<\/title>\n<meta name=\"robots\" content=\"index, follow, max-snippet:-1, max-image-preview:large, max-video-preview:-1\" \/>\n<link rel=\"canonical\" href=\"https:\/\/carpathiacenter.ro\/en\/bolojan-estimeaza-ca-bugetul-alocat-in-2026-pentru-aparare-se-va-situa-in-jurul-valorii-de-23-din-pib\/\" \/>\n<meta property=\"og:locale\" content=\"en_GB\" \/>\n<meta property=\"og:type\" content=\"article\" \/>\n<meta property=\"og:title\" content=\"Bolojan estimeaz\u0103 c\u0103 bugetul alocat \u00een 2026 pentru Ap\u0103rare se va situa \u00een jurul valorii de 2,3% din PIB - Carpathia Center Romania\" \/>\n<meta property=\"og:description\" content=\"Premierul Ilie Bolojan estimeaz\u0103 c\u0103 \u00een 2026 bugetul alocat Ap\u0103r\u0103rii se va situa \u00een jurul valorii de 2,3% din PIB, dar c\u0103 \u00een anii urm\u0103tori va exista probabil o cre\u0219tere treptat\u0103. &#8216;Conform angajamentelor pe care ni le-am luat, va fi o cre\u0219tere treptat\u0103 a bugetului de Ap\u0103rare. Cred c\u0103 anul viitor vom fi undeva \u00eentr-o...\" \/>\n<meta property=\"og:url\" content=\"https:\/\/carpathiacenter.ro\/en\/bolojan-estimeaza-ca-bugetul-alocat-in-2026-pentru-aparare-se-va-situa-in-jurul-valorii-de-23-din-pib\/\" \/>\n<meta property=\"og:site_name\" content=\"Carpathia Center Romania\" \/>\n<meta property=\"article:publisher\" content=\"https:\/\/www.facebook.com\/fdpscarpathia\/\" \/>\n<meta property=\"article:published_time\" content=\"2025-09-19T08:15:56+00:00\" \/>\n<meta property=\"og:image\" content=\"https:\/\/carpathiacenter.ro\/wp-content\/uploads\/2025\/07\/Ilie-Bolojan-Guvern.webp\" \/>\n\t<meta property=\"og:image:width\" content=\"1620\" \/>\n\t<meta property=\"og:image:height\" content=\"1080\" \/>\n\t<meta property=\"og:image:type\" content=\"image\/webp\" \/>\n<meta name=\"author\" content=\"creativebitsolutions\" \/>\n<meta name=\"twitter:card\" content=\"summary_large_image\" \/>\n<meta name=\"twitter:label1\" content=\"Written by\" \/>\n\t<meta name=\"twitter:data1\" content=\"creativebitsolutions\" \/>\n\t<meta name=\"twitter:label2\" content=\"Estimated reading time\" \/>\n\t<meta name=\"twitter:data2\" content=\"2 minutes\" \/>\n<script type=\"application\/ld+json\" class=\"yoast-schema-graph\">{\"@context\":\"https:\/\/schema.org\",\"@graph\":[{\"@type\":\"Article\",\"@id\":\"https:\/\/carpathiacenter.ro\/bolojan-estimeaza-ca-bugetul-alocat-in-2026-pentru-aparare-se-va-situa-in-jurul-valorii-de-23-din-pib\/#article\",\"isPartOf\":{\"@id\":\"https:\/\/carpathiacenter.ro\/bolojan-estimeaza-ca-bugetul-alocat-in-2026-pentru-aparare-se-va-situa-in-jurul-valorii-de-23-din-pib\/\"},\"author\":{\"name\":\"creativebitsolutions\",\"@id\":\"https:\/\/carpathiacenter.ro\/#\/schema\/person\/03d9f58202fee8379268f34afa195006\"},\"headline\":\"Bolojan estimeaz\u0103 c\u0103 bugetul alocat \u00een 2026 pentru Ap\u0103rare se va situa \u00een jurul valorii de 2,3% din PIB\",\"datePublished\":\"2025-09-19T08:15:56+00:00\",\"mainEntityOfPage\":{\"@id\":\"https:\/\/carpathiacenter.ro\/bolojan-estimeaza-ca-bugetul-alocat-in-2026-pentru-aparare-se-va-situa-in-jurul-valorii-de-23-din-pib\/\"},\"wordCount\":376,\"commentCount\":0,\"publisher\":{\"@id\":\"https:\/\/carpathiacenter.ro\/#organization\"},\"image\":{\"@id\":\"https:\/\/carpathiacenter.ro\/bolojan-estimeaza-ca-bugetul-alocat-in-2026-pentru-aparare-se-va-situa-in-jurul-valorii-de-23-din-pib\/#primaryimage\"},\"thumbnailUrl\":\"https:\/\/carpathiacenter.ro\/wp-content\/uploads\/2025\/07\/Ilie-Bolojan-Guvern.webp\",\"articleSection\":[\"Uncategorized\"],\"inLanguage\":\"en-GB\",\"potentialAction\":[{\"@type\":\"CommentAction\",\"name\":\"Comment\",\"target\":[\"https:\/\/carpathiacenter.ro\/bolojan-estimeaza-ca-bugetul-alocat-in-2026-pentru-aparare-se-va-situa-in-jurul-valorii-de-23-din-pib\/#respond\"]}]},{\"@type\":\"WebPage\",\"@id\":\"https:\/\/carpathiacenter.ro\/bolojan-estimeaza-ca-bugetul-alocat-in-2026-pentru-aparare-se-va-situa-in-jurul-valorii-de-23-din-pib\/\",\"url\":\"https:\/\/carpathiacenter.ro\/bolojan-estimeaza-ca-bugetul-alocat-in-2026-pentru-aparare-se-va-situa-in-jurul-valorii-de-23-din-pib\/\",\"name\":\"Bolojan estimeaz\u0103 c\u0103 bugetul alocat \u00een 2026 pentru Ap\u0103rare se va situa \u00een jurul valorii de 2,3% din PIB - Carpathia Center Romania\",\"isPartOf\":{\"@id\":\"https:\/\/carpathiacenter.ro\/#website\"},\"primaryImageOfPage\":{\"@id\":\"https:\/\/carpathiacenter.ro\/bolojan-estimeaza-ca-bugetul-alocat-in-2026-pentru-aparare-se-va-situa-in-jurul-valorii-de-23-din-pib\/#primaryimage\"},\"image\":{\"@id\":\"https:\/\/carpathiacenter.ro\/bolojan-estimeaza-ca-bugetul-alocat-in-2026-pentru-aparare-se-va-situa-in-jurul-valorii-de-23-din-pib\/#primaryimage\"},\"thumbnailUrl\":\"https:\/\/carpathiacenter.ro\/wp-content\/uploads\/2025\/07\/Ilie-Bolojan-Guvern.webp\",\"datePublished\":\"2025-09-19T08:15:56+00:00\",\"breadcrumb\":{\"@id\":\"https:\/\/carpathiacenter.ro\/bolojan-estimeaza-ca-bugetul-alocat-in-2026-pentru-aparare-se-va-situa-in-jurul-valorii-de-23-din-pib\/#breadcrumb\"},\"inLanguage\":\"en-GB\",\"potentialAction\":[{\"@type\":\"ReadAction\",\"target\":[\"https:\/\/carpathiacenter.ro\/bolojan-estimeaza-ca-bugetul-alocat-in-2026-pentru-aparare-se-va-situa-in-jurul-valorii-de-23-din-pib\/\"]}]},{\"@type\":\"ImageObject\",\"inLanguage\":\"en-GB\",\"@id\":\"https:\/\/carpathiacenter.ro\/bolojan-estimeaza-ca-bugetul-alocat-in-2026-pentru-aparare-se-va-situa-in-jurul-valorii-de-23-din-pib\/#primaryimage\",\"url\":\"https:\/\/carpathiacenter.ro\/wp-content\/uploads\/2025\/07\/Ilie-Bolojan-Guvern.webp\",\"contentUrl\":\"https:\/\/carpathiacenter.ro\/wp-content\/uploads\/2025\/07\/Ilie-Bolojan-Guvern.webp\",\"width\":1620,\"height\":1080},{\"@type\":\"BreadcrumbList\",\"@id\":\"https:\/\/carpathiacenter.ro\/bolojan-estimeaza-ca-bugetul-alocat-in-2026-pentru-aparare-se-va-situa-in-jurul-valorii-de-23-din-pib\/#breadcrumb\",\"itemListElement\":[{\"@type\":\"ListItem\",\"position\":1,\"name\":\"Prima pagin\u0103\",\"item\":\"https:\/\/carpathiacenter.ro\/\"},{\"@type\":\"ListItem\",\"position\":2,\"name\":\"Bolojan estimeaz\u0103 c\u0103 bugetul alocat \u00een 2026 pentru Ap\u0103rare se va situa \u00een jurul valorii de 2,3% din PIB\"}]},{\"@type\":\"WebSite\",\"@id\":\"https:\/\/carpathiacenter.ro\/#website\",\"url\":\"https:\/\/carpathiacenter.ro\/\",\"name\":\"Carpathia Center Romania\",\"description\":\"Impossible made possible!\",\"publisher\":{\"@id\":\"https:\/\/carpathiacenter.ro\/#organization\"},\"potentialAction\":[{\"@type\":\"SearchAction\",\"target\":{\"@type\":\"EntryPoint\",\"urlTemplate\":\"https:\/\/carpathiacenter.ro\/?s={search_term_string}\"},\"query-input\":{\"@type\":\"PropertyValueSpecification\",\"valueRequired\":true,\"valueName\":\"search_term_string\"}}],\"inLanguage\":\"en-GB\"},{\"@type\":\"Organization\",\"@id\":\"https:\/\/carpathiacenter.ro\/#organization\",\"name\":\"Carpathia Center Romania\",\"url\":\"https:\/\/carpathiacenter.ro\/\",\"logo\":{\"@type\":\"ImageObject\",\"inLanguage\":\"en-GB\",\"@id\":\"https:\/\/carpathiacenter.ro\/#\/schema\/logo\/image\/\",\"url\":\"https:\/\/carpathiacenter.ro\/wp-content\/uploads\/2024\/07\/logo-carpathia_bg_white-1024x941.png\",\"contentUrl\":\"https:\/\/carpathiacenter.ro\/wp-content\/uploads\/2024\/07\/logo-carpathia_bg_white-1024x941.png\",\"width\":1024,\"height\":941,\"caption\":\"Carpathia Center Romania\"},\"image\":{\"@id\":\"https:\/\/carpathiacenter.ro\/#\/schema\/logo\/image\/\"},\"sameAs\":[\"https:\/\/www.facebook.com\/fdpscarpathia\/\"]},{\"@type\":\"Person\",\"@id\":\"https:\/\/carpathiacenter.ro\/#\/schema\/person\/03d9f58202fee8379268f34afa195006\",\"name\":\"creativebitsolutions\",\"image\":{\"@type\":\"ImageObject\",\"inLanguage\":\"en-GB\",\"@id\":\"https:\/\/carpathiacenter.ro\/#\/schema\/person\/image\/\",\"url\":\"https:\/\/secure.gravatar.com\/avatar\/1b1a13e37f847c635dab78348f1dff2f07651ee2a3d77a5c355a4b8c75f9165a?s=96&d=mm&r=g\",\"contentUrl\":\"https:\/\/secure.gravatar.com\/avatar\/1b1a13e37f847c635dab78348f1dff2f07651ee2a3d77a5c355a4b8c75f9165a?s=96&d=mm&r=g\",\"caption\":\"creativebitsolutions\"},\"url\":\"https:\/\/carpathiacenter.ro\/en\/author\/creativebitsolutions\/\"}]}<\/script>\n<!-- \/ Yoast SEO plugin. -->","yoast_head_json":{"title":"Bolojan estimeaz\u0103 c\u0103 bugetul alocat \u00een 2026 pentru Ap\u0103rare se va situa \u00een jurul valorii de 2,3% din PIB - Carpathia Center Romania","robots":{"index":"index","follow":"follow","max-snippet":"max-snippet:-1","max-image-preview":"max-image-preview:large","max-video-preview":"max-video-preview:-1"},"canonical":"https:\/\/carpathiacenter.ro\/en\/bolojan-estimeaza-ca-bugetul-alocat-in-2026-pentru-aparare-se-va-situa-in-jurul-valorii-de-23-din-pib\/","og_locale":"en_GB","og_type":"article","og_title":"Bolojan estimeaz\u0103 c\u0103 bugetul alocat \u00een 2026 pentru Ap\u0103rare se va situa \u00een jurul valorii de 2,3% din PIB - Carpathia Center Romania","og_description":"Premierul Ilie Bolojan estimeaz\u0103 c\u0103 \u00een 2026 bugetul alocat Ap\u0103r\u0103rii se va situa \u00een jurul valorii de 2,3% din PIB, dar c\u0103 \u00een anii urm\u0103tori va exista probabil o cre\u0219tere treptat\u0103. &#8216;Conform angajamentelor pe care ni le-am luat, va fi o cre\u0219tere treptat\u0103 a bugetului de Ap\u0103rare. Cred c\u0103 anul viitor vom fi undeva \u00eentr-o...","og_url":"https:\/\/carpathiacenter.ro\/en\/bolojan-estimeaza-ca-bugetul-alocat-in-2026-pentru-aparare-se-va-situa-in-jurul-valorii-de-23-din-pib\/","og_site_name":"Carpathia Center Romania","article_publisher":"https:\/\/www.facebook.com\/fdpscarpathia\/","article_published_time":"2025-09-19T08:15:56+00:00","og_image":[{"width":1620,"height":1080,"url":"https:\/\/carpathiacenter.ro\/wp-content\/uploads\/2025\/07\/Ilie-Bolojan-Guvern.webp","type":"image\/webp"}],"author":"creativebitsolutions","twitter_card":"summary_large_image","twitter_misc":{"Written by":"creativebitsolutions","Estimated reading time":"2 minutes"},"schema":{"@context":"https:\/\/schema.org","@graph":[{"@type":"Article","@id":"https:\/\/carpathiacenter.ro\/bolojan-estimeaza-ca-bugetul-alocat-in-2026-pentru-aparare-se-va-situa-in-jurul-valorii-de-23-din-pib\/#article","isPartOf":{"@id":"https:\/\/carpathiacenter.ro\/bolojan-estimeaza-ca-bugetul-alocat-in-2026-pentru-aparare-se-va-situa-in-jurul-valorii-de-23-din-pib\/"},"author":{"name":"creativebitsolutions","@id":"https:\/\/carpathiacenter.ro\/#\/schema\/person\/03d9f58202fee8379268f34afa195006"},"headline":"Bolojan estimeaz\u0103 c\u0103 bugetul alocat \u00een 2026 pentru Ap\u0103rare se va situa \u00een jurul valorii de 2,3% din PIB","datePublished":"2025-09-19T08:15:56+00:00","mainEntityOfPage":{"@id":"https:\/\/carpathiacenter.ro\/bolojan-estimeaza-ca-bugetul-alocat-in-2026-pentru-aparare-se-va-situa-in-jurul-valorii-de-23-din-pib\/"},"wordCount":376,"commentCount":0,"publisher":{"@id":"https:\/\/carpathiacenter.ro\/#organization"},"image":{"@id":"https:\/\/carpathiacenter.ro\/bolojan-estimeaza-ca-bugetul-alocat-in-2026-pentru-aparare-se-va-situa-in-jurul-valorii-de-23-din-pib\/#primaryimage"},"thumbnailUrl":"https:\/\/carpathiacenter.ro\/wp-content\/uploads\/2025\/07\/Ilie-Bolojan-Guvern.webp","articleSection":["Uncategorized"],"inLanguage":"en-GB","potentialAction":[{"@type":"CommentAction","name":"Comment","target":["https:\/\/carpathiacenter.ro\/bolojan-estimeaza-ca-bugetul-alocat-in-2026-pentru-aparare-se-va-situa-in-jurul-valorii-de-23-din-pib\/#respond"]}]},{"@type":"WebPage","@id":"https:\/\/carpathiacenter.ro\/bolojan-estimeaza-ca-bugetul-alocat-in-2026-pentru-aparare-se-va-situa-in-jurul-valorii-de-23-din-pib\/","url":"https:\/\/carpathiacenter.ro\/bolojan-estimeaza-ca-bugetul-alocat-in-2026-pentru-aparare-se-va-situa-in-jurul-valorii-de-23-din-pib\/","name":"Bolojan estimeaz\u0103 c\u0103 bugetul alocat \u00een 2026 pentru Ap\u0103rare se va situa \u00een jurul valorii de 2,3% din PIB - Carpathia Center Romania","isPartOf":{"@id":"https:\/\/carpathiacenter.ro\/#website"},"primaryImageOfPage":{"@id":"https:\/\/carpathiacenter.ro\/bolojan-estimeaza-ca-bugetul-alocat-in-2026-pentru-aparare-se-va-situa-in-jurul-valorii-de-23-din-pib\/#primaryimage"},"image":{"@id":"https:\/\/carpathiacenter.ro\/bolojan-estimeaza-ca-bugetul-alocat-in-2026-pentru-aparare-se-va-situa-in-jurul-valorii-de-23-din-pib\/#primaryimage"},"thumbnailUrl":"https:\/\/carpathiacenter.ro\/wp-content\/uploads\/2025\/07\/Ilie-Bolojan-Guvern.webp","datePublished":"2025-09-19T08:15:56+00:00","breadcrumb":{"@id":"https:\/\/carpathiacenter.ro\/bolojan-estimeaza-ca-bugetul-alocat-in-2026-pentru-aparare-se-va-situa-in-jurul-valorii-de-23-din-pib\/#breadcrumb"},"inLanguage":"en-GB","potentialAction":[{"@type":"ReadAction","target":["https:\/\/carpathiacenter.ro\/bolojan-estimeaza-ca-bugetul-alocat-in-2026-pentru-aparare-se-va-situa-in-jurul-valorii-de-23-din-pib\/"]}]},{"@type":"ImageObject","inLanguage":"en-GB","@id":"https:\/\/carpathiacenter.ro\/bolojan-estimeaza-ca-bugetul-alocat-in-2026-pentru-aparare-se-va-situa-in-jurul-valorii-de-23-din-pib\/#primaryimage","url":"https:\/\/carpathiacenter.ro\/wp-content\/uploads\/2025\/07\/Ilie-Bolojan-Guvern.webp","contentUrl":"https:\/\/carpathiacenter.ro\/wp-content\/uploads\/2025\/07\/Ilie-Bolojan-Guvern.webp","width":1620,"height":1080},{"@type":"BreadcrumbList","@id":"https:\/\/carpathiacenter.ro\/bolojan-estimeaza-ca-bugetul-alocat-in-2026-pentru-aparare-se-va-situa-in-jurul-valorii-de-23-din-pib\/#breadcrumb","itemListElement":[{"@type":"ListItem","position":1,"name":"Prima pagin\u0103","item":"https:\/\/carpathiacenter.ro\/"},{"@type":"ListItem","position":2,"name":"Bolojan estimeaz\u0103 c\u0103 bugetul alocat \u00een 2026 pentru Ap\u0103rare se va situa \u00een jurul valorii de 2,3% din PIB"}]},{"@type":"WebSite","@id":"https:\/\/carpathiacenter.ro\/#website","url":"https:\/\/carpathiacenter.ro\/","name":"Carpathia Center Romania","description":"Impossible made possible!","publisher":{"@id":"https:\/\/carpathiacenter.ro\/#organization"},"potentialAction":[{"@type":"SearchAction","target":{"@type":"EntryPoint","urlTemplate":"https:\/\/carpathiacenter.ro\/?s={search_term_string}"},"query-input":{"@type":"PropertyValueSpecification","valueRequired":true,"valueName":"search_term_string"}}],"inLanguage":"en-GB"},{"@type":"Organization","@id":"https:\/\/carpathiacenter.ro\/#organization","name":"Carpathia Center Romania","url":"https:\/\/carpathiacenter.ro\/","logo":{"@type":"ImageObject","inLanguage":"en-GB","@id":"https:\/\/carpathiacenter.ro\/#\/schema\/logo\/image\/","url":"https:\/\/carpathiacenter.ro\/wp-content\/uploads\/2024\/07\/logo-carpathia_bg_white-1024x941.png","contentUrl":"https:\/\/carpathiacenter.ro\/wp-content\/uploads\/2024\/07\/logo-carpathia_bg_white-1024x941.png","width":1024,"height":941,"caption":"Carpathia Center Romania"},"image":{"@id":"https:\/\/carpathiacenter.ro\/#\/schema\/logo\/image\/"},"sameAs":["https:\/\/www.facebook.com\/fdpscarpathia\/"]},{"@type":"Person","@id":"https:\/\/carpathiacenter.ro\/#\/schema\/person\/03d9f58202fee8379268f34afa195006","name":"creativebitsolutions","image":{"@type":"ImageObject","inLanguage":"en-GB","@id":"https:\/\/carpathiacenter.ro\/#\/schema\/person\/image\/","url":"https:\/\/secure.gravatar.com\/avatar\/1b1a13e37f847c635dab78348f1dff2f07651ee2a3d77a5c355a4b8c75f9165a?s=96&d=mm&r=g","contentUrl":"https:\/\/secure.gravatar.com\/avatar\/1b1a13e37f847c635dab78348f1dff2f07651ee2a3d77a5c355a4b8c75f9165a?s=96&d=mm&r=g","caption":"creativebitsolutions"},"url":"https:\/\/carpathiacenter.ro\/en\/author\/creativebitsolutions\/"}]}},"_links":{"self":[{"href":"https:\/\/carpathiacenter.ro\/en\/wp-json\/wp\/v2\/posts\/3041","targetHints":{"allow":["GET"]}}],"collection":[{"href":"https:\/\/carpathiacenter.ro\/en\/wp-json\/wp\/v2\/posts"}],"about":[{"href":"https:\/\/carpathiacenter.ro\/en\/wp-json\/wp\/v2\/types\/post"}],"author":[{"embeddable":true,"href":"https:\/\/carpathiacenter.ro\/en\/wp-json\/wp\/v2\/users\/4"}],"replies":[{"embeddable":true,"href":"https:\/\/carpathiacenter.ro\/en\/wp-json\/wp\/v2\/comments?post=3041"}],"version-history":[{"count":1,"href":"https:\/\/carpathiacenter.ro\/en\/wp-json\/wp\/v2\/posts\/3041\/revisions"}],"predecessor-version":[{"id":3042,"href":"https:\/\/carpathiacenter.ro\/en\/wp-json\/wp\/v2\/posts\/3041\/revisions\/3042"}],"wp:featuredmedia":[{"embeddable":true,"href":"https:\/\/carpathiacenter.ro\/en\/wp-json\/wp\/v2\/media\/2679"}],"wp:attachment":[{"href":"https:\/\/carpathiacenter.ro\/en\/wp-json\/wp\/v2\/media?parent=3041"}],"wp:term":[{"taxonomy":"category","embeddable":true,"href":"https:\/\/carpathiacenter.ro\/en\/wp-json\/wp\/v2\/categories?post=3041"},{"taxonomy":"post_tag","embeddable":true,"href":"https:\/\/carpathiacenter.ro\/en\/wp-json\/wp\/v2\/tags?post=3041"}],"curies":[{"name":"wp","href":"https:\/\/api.w.org\/{rel}","templated":true}]}}