{"id":3033,"date":"2025-09-18T08:18:31","date_gmt":"2025-09-18T08:18:31","guid":{"rendered":"https:\/\/carpathiacenter.ro\/?p=3033"},"modified":"2025-09-18T08:18:31","modified_gmt":"2025-09-18T08:18:31","slug":"ministrul-energiei-negociaza-cu-comisia-europeana-pastrarea-centralelor-pe-carbune-active-in-sistemul-energetic-din-romania","status":"publish","type":"post","link":"https:\/\/carpathiacenter.ro\/en\/ministrul-energiei-negociaza-cu-comisia-europeana-pastrarea-centralelor-pe-carbune-active-in-sistemul-energetic-din-romania\/","title":{"rendered":"Ministrul Energiei negociaz\u0103 cu Comisia European\u0103 p\u0103strarea centralelor pe c\u0103rbune active \u00een sistemul energetic din Rom\u00e2nia"},"content":{"rendered":"<p>Ministrul Energiei, Bogdan Ivan, a anun\u021bat miercuri c\u0103 a purtat &#8216;negocieri intense&#8217; la Comisia European\u0103 pentru a ob\u021bine am\u00e2narea termenului asumat de Rom\u00e2nia privind \u00eenchiderea minelor \u0219i centralelor pe c\u0103rbune, prev\u0103zut pentru sf\u00e2r\u0219itul anului 2025.<\/p>\n<p>&#8216;Sunt la sediul Comisiei Europene, unde am purtat negocieri intense \u00eenc\u0103 de azi diminea\u021b\u0103 \u00eempreun\u0103 cu colegii mei, \u00een urma unor argumente pe care le duc de dou\u0103 luni de zile pentru a p\u0103stra \u00een continuare centralele pe c\u0103rbune active \u00een sistemul energetic din Rom\u00e2nia. Cum am ajuns aici? Am ajuns aici pentru c\u0103 acum 5 ani de zile, cei care au decis \u00een dreptul Rom\u00e2niei au asumat c\u0103 p\u00e2n\u0103 la finalul anului 2025, Rom\u00e2nia s\u0103 renun\u021be total la minele pe c\u0103rbune \u0219i la centralele pe c\u0103rbune, cu condi\u021bia de a primi miliarde de euro prin care s\u0103 fac\u0103 noi capacit\u0103\u021bi de produc\u021bie a energiei electrice. Miliardele de euro s-au primit la nivelul Rom\u00e2niei, dar proiectele de centrale pe gaz care ar trebui s\u0103 \u00eenlocuiasc\u0103 centrale pe c\u0103rbune, sunt \u00een continuare pe h\u00e2rtie&#8217;, a transmis ministrul Energiei, \u00eentr-un videoclip publicat pe contul s\u0103u de TikTok.<\/p>\n<p>Potrivit acestuia, rom\u00e2nii pl\u0103tesc din aceast\u0103 cauz\u0103 aproape cel mai mare pre\u021b al energiei electrice din Europa, exist\u00e2nd \u0219i riscul ca mii de oameni s\u0103 r\u0103m\u00e2n\u0103 f\u0103r\u0103 locuri de munc\u0103 la CE Oltenia \u0219i \u00een toat\u0103 Valea Jiului.<\/p>\n<p>&#8216;Cu patru luni \u00eenainte de a scoate din uz, teoretic, aceste capacit\u0103\u021bi de produc\u021bie a energiei electrice pe c\u0103rbune, am venit s\u0103 g\u0103sesc o solu\u021bie prin care se \u00eempiedic acest lucru, pentru c\u0103 dac\u0103 noi vom scoate capacit\u0103\u021bile de produc\u021bie a energiei pe c\u0103rbune vom ajunge \u00een situa\u021bia \u00een care s\u0103 creasc\u0103 \u0219i mai mult pre\u021bul la energia electric\u0103.Vom ajunge \u00een situa\u021bia \u00een care mii de oameni s\u0103 r\u0103m\u00e2n\u0103 f\u0103r\u0103 locuri de munc\u0103 la CE Oltenia \u0219i \u00een toat\u0103 Valea Jiului \u0219i vom ajunge \u00een situa\u021bia \u00een care lucruri care trebuiau f\u0103cute acum 5-4-3 ani, care au proiecte \u00eent\u00e2rziate de ani de zile, s\u0103 le facem \u00eentr-un termen foarte scurt de timp. Cred din suflet c\u0103, dup\u0103 ce am adus argumente foarte clare c\u00e2t de important este pentru Rom\u00e2nia ca s\u0103 p\u0103str\u0103m \u00een continuare aceste grupuri, Comisia European\u0103 s\u0103 \u00een\u021beleag\u0103, s\u0103 accepte ceea ce am propus cu argumente foarte clare \u0219i s\u0103 reu\u0219im s\u0103 am\u00e2n\u0103m acest termen, cu condi\u021bia foarte clar\u0103 pe care mi-o asum: s\u0103 punem \u00een loc noi capacit\u0103\u021bi de produc\u021bie energie electric\u0103 pe gaz tocmai pentru a tempera pre\u021burile \u0219i pentru a avea \u00een continuare energie electric\u0103 \u00een Rom\u00e2nia&#8217;, a explicat Ivan.<\/p>\n<p>Ministrul Energiei a sus\u021binut c\u0103 este foarte complicat ca \u00een c\u00e2teva luni s\u0103 po\u021bi rezolva probleme din ultimii cinci ani, \u00een care s-au mi\u0219cat doar &#8216;proiecte pe h\u00e2rtie&#8217; \u0219i care nu reu\u0219esc s\u0103 duc\u0103 mai departe energie &#8216;\u00een companiile rom\u00e2ne\u0219ti \u0219i gospod\u0103riile oamenilor&#8217;.<\/p>\n<p>&#8216;V\u0103 \u021bin la curent r\u00e2nd cu acest subiect extrem de important pe care \u00eel tratez ca prioritate zero \u00een aceast\u0103 etap\u0103 a mandatului meu&#8217;, a transmis Ivan pe TikTok.AGERPRES\/(AS &#8211; editor: Mariana Nica, editor online: Alexandru Cojocaru)<br \/>\n<br \/>\nSursa articolului:  <a href=\"https:\/\/agerpres.ro\/economic\/2025\/09\/17\/ministrul-energiei-negociaza-cu-comisia-europeana-pastrarea-centralelor-pe-carbune-active-in-sistemu--1485211\" target=\"_blank\" rel=\"noopener\" title=\"\">https:\/\/agerpres.ro\/economic\/2025\/09\/17\/ministrul-energiei-negociaza-cu-comisia-europeana-pastrarea-centralelor-pe-carbune-active-in-sistemu&#8211;1485211<\/a><\/p>","protected":false},"excerpt":{"rendered":"<p>Ministrul Energiei, Bogdan Ivan, a anun\u021bat miercuri c\u0103 a purtat &#8216;negocieri intense&#8217; la Comisia European\u0103 pentru a ob\u021bine am\u00e2narea termenului asumat de Rom\u00e2nia privind \u00eenchiderea minelor \u0219i centralelor pe c\u0103rbune, prev\u0103zut pentru sf\u00e2r\u0219itul anului 2025. &#8216;Sunt la sediul Comisiei Europene, unde am purtat negocieri intense \u00eenc\u0103 de azi diminea\u021b\u0103 \u00eempreun\u0103 cu colegii mei, \u00een urma&#8230;<\/p>","protected":false},"author":4,"featured_media":2905,"comment_status":"open","ping_status":"open","sticky":false,"template":"","format":"standard","meta":{"footnotes":""},"categories":[1],"tags":[],"class_list":["post-3033","post","type-post","status-publish","format-standard","has-post-thumbnail","hentry","category-uncategorized"],"yoast_head":"<!-- This site is optimized with the Yoast SEO plugin v26.1.1 - https:\/\/yoast.com\/wordpress\/plugins\/seo\/ -->\n<title>Ministrul Energiei negociaz\u0103 cu Comisia European\u0103 p\u0103strarea centralelor pe c\u0103rbune active \u00een sistemul energetic din Rom\u00e2nia - Carpathia Center Romania<\/title>\n<meta name=\"robots\" content=\"index, follow, max-snippet:-1, max-image-preview:large, max-video-preview:-1\" \/>\n<link rel=\"canonical\" href=\"https:\/\/carpathiacenter.ro\/en\/ministrul-energiei-negociaza-cu-comisia-europeana-pastrarea-centralelor-pe-carbune-active-in-sistemul-energetic-din-romania\/\" \/>\n<meta property=\"og:locale\" content=\"en_GB\" \/>\n<meta property=\"og:type\" content=\"article\" \/>\n<meta property=\"og:title\" content=\"Ministrul Energiei negociaz\u0103 cu Comisia European\u0103 p\u0103strarea centralelor pe c\u0103rbune active \u00een sistemul energetic din Rom\u00e2nia - Carpathia Center Romania\" \/>\n<meta property=\"og:description\" content=\"Ministrul Energiei, Bogdan Ivan, a anun\u021bat miercuri c\u0103 a purtat &#8216;negocieri intense&#8217; la Comisia European\u0103 pentru a ob\u021bine am\u00e2narea termenului asumat de Rom\u00e2nia privind \u00eenchiderea minelor \u0219i centralelor pe c\u0103rbune, prev\u0103zut pentru sf\u00e2r\u0219itul anului 2025. &#8216;Sunt la sediul Comisiei Europene, unde am purtat negocieri intense \u00eenc\u0103 de azi diminea\u021b\u0103 \u00eempreun\u0103 cu colegii mei, \u00een urma...\" \/>\n<meta property=\"og:url\" content=\"https:\/\/carpathiacenter.ro\/en\/ministrul-energiei-negociaza-cu-comisia-europeana-pastrarea-centralelor-pe-carbune-active-in-sistemul-energetic-din-romania\/\" \/>\n<meta property=\"og:site_name\" content=\"Carpathia Center Romania\" \/>\n<meta property=\"article:publisher\" content=\"https:\/\/www.facebook.com\/fdpscarpathia\/\" \/>\n<meta property=\"article:published_time\" content=\"2025-09-18T08:18:31+00:00\" \/>\n<meta property=\"og:image\" content=\"https:\/\/carpathiacenter.ro\/wp-content\/uploads\/2025\/08\/ministrul-bogdan-ivan.jpg\" \/>\n\t<meta property=\"og:image:width\" content=\"1600\" \/>\n\t<meta property=\"og:image:height\" content=\"1067\" \/>\n\t<meta property=\"og:image:type\" content=\"image\/jpeg\" \/>\n<meta name=\"author\" content=\"creativebitsolutions\" \/>\n<meta name=\"twitter:card\" content=\"summary_large_image\" \/>\n<meta name=\"twitter:label1\" content=\"Written by\" \/>\n\t<meta name=\"twitter:data1\" content=\"creativebitsolutions\" \/>\n\t<meta name=\"twitter:label2\" content=\"Estimated reading time\" \/>\n\t<meta name=\"twitter:data2\" content=\"3 minutes\" \/>\n<script type=\"application\/ld+json\" class=\"yoast-schema-graph\">{\"@context\":\"https:\/\/schema.org\",\"@graph\":[{\"@type\":\"Article\",\"@id\":\"https:\/\/carpathiacenter.ro\/ministrul-energiei-negociaza-cu-comisia-europeana-pastrarea-centralelor-pe-carbune-active-in-sistemul-energetic-din-romania\/#article\",\"isPartOf\":{\"@id\":\"https:\/\/carpathiacenter.ro\/ministrul-energiei-negociaza-cu-comisia-europeana-pastrarea-centralelor-pe-carbune-active-in-sistemul-energetic-din-romania\/\"},\"author\":{\"name\":\"creativebitsolutions\",\"@id\":\"https:\/\/carpathiacenter.ro\/#\/schema\/person\/03d9f58202fee8379268f34afa195006\"},\"headline\":\"Ministrul Energiei negociaz\u0103 cu Comisia European\u0103 p\u0103strarea centralelor pe c\u0103rbune active \u00een sistemul energetic din Rom\u00e2nia\",\"datePublished\":\"2025-09-18T08:18:31+00:00\",\"mainEntityOfPage\":{\"@id\":\"https:\/\/carpathiacenter.ro\/ministrul-energiei-negociaza-cu-comisia-europeana-pastrarea-centralelor-pe-carbune-active-in-sistemul-energetic-din-romania\/\"},\"wordCount\":590,\"commentCount\":0,\"publisher\":{\"@id\":\"https:\/\/carpathiacenter.ro\/#organization\"},\"image\":{\"@id\":\"https:\/\/carpathiacenter.ro\/ministrul-energiei-negociaza-cu-comisia-europeana-pastrarea-centralelor-pe-carbune-active-in-sistemul-energetic-din-romania\/#primaryimage\"},\"thumbnailUrl\":\"https:\/\/carpathiacenter.ro\/wp-content\/uploads\/2025\/08\/ministrul-bogdan-ivan.jpg\",\"articleSection\":[\"Uncategorized\"],\"inLanguage\":\"en-GB\",\"potentialAction\":[{\"@type\":\"CommentAction\",\"name\":\"Comment\",\"target\":[\"https:\/\/carpathiacenter.ro\/ministrul-energiei-negociaza-cu-comisia-europeana-pastrarea-centralelor-pe-carbune-active-in-sistemul-energetic-din-romania\/#respond\"]}]},{\"@type\":\"WebPage\",\"@id\":\"https:\/\/carpathiacenter.ro\/ministrul-energiei-negociaza-cu-comisia-europeana-pastrarea-centralelor-pe-carbune-active-in-sistemul-energetic-din-romania\/\",\"url\":\"https:\/\/carpathiacenter.ro\/ministrul-energiei-negociaza-cu-comisia-europeana-pastrarea-centralelor-pe-carbune-active-in-sistemul-energetic-din-romania\/\",\"name\":\"Ministrul Energiei negociaz\u0103 cu Comisia European\u0103 p\u0103strarea centralelor pe c\u0103rbune active \u00een sistemul energetic din Rom\u00e2nia - Carpathia Center Romania\",\"isPartOf\":{\"@id\":\"https:\/\/carpathiacenter.ro\/#website\"},\"primaryImageOfPage\":{\"@id\":\"https:\/\/carpathiacenter.ro\/ministrul-energiei-negociaza-cu-comisia-europeana-pastrarea-centralelor-pe-carbune-active-in-sistemul-energetic-din-romania\/#primaryimage\"},\"image\":{\"@id\":\"https:\/\/carpathiacenter.ro\/ministrul-energiei-negociaza-cu-comisia-europeana-pastrarea-centralelor-pe-carbune-active-in-sistemul-energetic-din-romania\/#primaryimage\"},\"thumbnailUrl\":\"https:\/\/carpathiacenter.ro\/wp-content\/uploads\/2025\/08\/ministrul-bogdan-ivan.jpg\",\"datePublished\":\"2025-09-18T08:18:31+00:00\",\"breadcrumb\":{\"@id\":\"https:\/\/carpathiacenter.ro\/ministrul-energiei-negociaza-cu-comisia-europeana-pastrarea-centralelor-pe-carbune-active-in-sistemul-energetic-din-romania\/#breadcrumb\"},\"inLanguage\":\"en-GB\",\"potentialAction\":[{\"@type\":\"ReadAction\",\"target\":[\"https:\/\/carpathiacenter.ro\/ministrul-energiei-negociaza-cu-comisia-europeana-pastrarea-centralelor-pe-carbune-active-in-sistemul-energetic-din-romania\/\"]}]},{\"@type\":\"ImageObject\",\"inLanguage\":\"en-GB\",\"@id\":\"https:\/\/carpathiacenter.ro\/ministrul-energiei-negociaza-cu-comisia-europeana-pastrarea-centralelor-pe-carbune-active-in-sistemul-energetic-din-romania\/#primaryimage\",\"url\":\"https:\/\/carpathiacenter.ro\/wp-content\/uploads\/2025\/08\/ministrul-bogdan-ivan.jpg\",\"contentUrl\":\"https:\/\/carpathiacenter.ro\/wp-content\/uploads\/2025\/08\/ministrul-bogdan-ivan.jpg\",\"width\":1600,\"height\":1067},{\"@type\":\"BreadcrumbList\",\"@id\":\"https:\/\/carpathiacenter.ro\/ministrul-energiei-negociaza-cu-comisia-europeana-pastrarea-centralelor-pe-carbune-active-in-sistemul-energetic-din-romania\/#breadcrumb\",\"itemListElement\":[{\"@type\":\"ListItem\",\"position\":1,\"name\":\"Prima pagin\u0103\",\"item\":\"https:\/\/carpathiacenter.ro\/\"},{\"@type\":\"ListItem\",\"position\":2,\"name\":\"Ministrul Energiei negociaz\u0103 cu Comisia European\u0103 p\u0103strarea centralelor pe c\u0103rbune active \u00een sistemul energetic din Rom\u00e2nia\"}]},{\"@type\":\"WebSite\",\"@id\":\"https:\/\/carpathiacenter.ro\/#website\",\"url\":\"https:\/\/carpathiacenter.ro\/\",\"name\":\"Carpathia Center Romania\",\"description\":\"Impossible made possible!\",\"publisher\":{\"@id\":\"https:\/\/carpathiacenter.ro\/#organization\"},\"potentialAction\":[{\"@type\":\"SearchAction\",\"target\":{\"@type\":\"EntryPoint\",\"urlTemplate\":\"https:\/\/carpathiacenter.ro\/?s={search_term_string}\"},\"query-input\":{\"@type\":\"PropertyValueSpecification\",\"valueRequired\":true,\"valueName\":\"search_term_string\"}}],\"inLanguage\":\"en-GB\"},{\"@type\":\"Organization\",\"@id\":\"https:\/\/carpathiacenter.ro\/#organization\",\"name\":\"Carpathia Center Romania\",\"url\":\"https:\/\/carpathiacenter.ro\/\",\"logo\":{\"@type\":\"ImageObject\",\"inLanguage\":\"en-GB\",\"@id\":\"https:\/\/carpathiacenter.ro\/#\/schema\/logo\/image\/\",\"url\":\"https:\/\/carpathiacenter.ro\/wp-content\/uploads\/2024\/07\/logo-carpathia_bg_white-1024x941.png\",\"contentUrl\":\"https:\/\/carpathiacenter.ro\/wp-content\/uploads\/2024\/07\/logo-carpathia_bg_white-1024x941.png\",\"width\":1024,\"height\":941,\"caption\":\"Carpathia Center Romania\"},\"image\":{\"@id\":\"https:\/\/carpathiacenter.ro\/#\/schema\/logo\/image\/\"},\"sameAs\":[\"https:\/\/www.facebook.com\/fdpscarpathia\/\"]},{\"@type\":\"Person\",\"@id\":\"https:\/\/carpathiacenter.ro\/#\/schema\/person\/03d9f58202fee8379268f34afa195006\",\"name\":\"creativebitsolutions\",\"image\":{\"@type\":\"ImageObject\",\"inLanguage\":\"en-GB\",\"@id\":\"https:\/\/carpathiacenter.ro\/#\/schema\/person\/image\/\",\"url\":\"https:\/\/secure.gravatar.com\/avatar\/1b1a13e37f847c635dab78348f1dff2f07651ee2a3d77a5c355a4b8c75f9165a?s=96&d=mm&r=g\",\"contentUrl\":\"https:\/\/secure.gravatar.com\/avatar\/1b1a13e37f847c635dab78348f1dff2f07651ee2a3d77a5c355a4b8c75f9165a?s=96&d=mm&r=g\",\"caption\":\"creativebitsolutions\"},\"url\":\"https:\/\/carpathiacenter.ro\/en\/author\/creativebitsolutions\/\"}]}<\/script>\n<!-- \/ Yoast SEO plugin. -->","yoast_head_json":{"title":"Ministrul Energiei negociaz\u0103 cu Comisia European\u0103 p\u0103strarea centralelor pe c\u0103rbune active \u00een sistemul energetic din Rom\u00e2nia - Carpathia Center Romania","robots":{"index":"index","follow":"follow","max-snippet":"max-snippet:-1","max-image-preview":"max-image-preview:large","max-video-preview":"max-video-preview:-1"},"canonical":"https:\/\/carpathiacenter.ro\/en\/ministrul-energiei-negociaza-cu-comisia-europeana-pastrarea-centralelor-pe-carbune-active-in-sistemul-energetic-din-romania\/","og_locale":"en_GB","og_type":"article","og_title":"Ministrul Energiei negociaz\u0103 cu Comisia European\u0103 p\u0103strarea centralelor pe c\u0103rbune active \u00een sistemul energetic din Rom\u00e2nia - Carpathia Center Romania","og_description":"Ministrul Energiei, Bogdan Ivan, a anun\u021bat miercuri c\u0103 a purtat &#8216;negocieri intense&#8217; la Comisia European\u0103 pentru a ob\u021bine am\u00e2narea termenului asumat de Rom\u00e2nia privind \u00eenchiderea minelor \u0219i centralelor pe c\u0103rbune, prev\u0103zut pentru sf\u00e2r\u0219itul anului 2025. &#8216;Sunt la sediul Comisiei Europene, unde am purtat negocieri intense \u00eenc\u0103 de azi diminea\u021b\u0103 \u00eempreun\u0103 cu colegii mei, \u00een urma...","og_url":"https:\/\/carpathiacenter.ro\/en\/ministrul-energiei-negociaza-cu-comisia-europeana-pastrarea-centralelor-pe-carbune-active-in-sistemul-energetic-din-romania\/","og_site_name":"Carpathia Center Romania","article_publisher":"https:\/\/www.facebook.com\/fdpscarpathia\/","article_published_time":"2025-09-18T08:18:31+00:00","og_image":[{"width":1600,"height":1067,"url":"https:\/\/carpathiacenter.ro\/wp-content\/uploads\/2025\/08\/ministrul-bogdan-ivan.jpg","type":"image\/jpeg"}],"author":"creativebitsolutions","twitter_card":"summary_large_image","twitter_misc":{"Written by":"creativebitsolutions","Estimated reading time":"3 minutes"},"schema":{"@context":"https:\/\/schema.org","@graph":[{"@type":"Article","@id":"https:\/\/carpathiacenter.ro\/ministrul-energiei-negociaza-cu-comisia-europeana-pastrarea-centralelor-pe-carbune-active-in-sistemul-energetic-din-romania\/#article","isPartOf":{"@id":"https:\/\/carpathiacenter.ro\/ministrul-energiei-negociaza-cu-comisia-europeana-pastrarea-centralelor-pe-carbune-active-in-sistemul-energetic-din-romania\/"},"author":{"name":"creativebitsolutions","@id":"https:\/\/carpathiacenter.ro\/#\/schema\/person\/03d9f58202fee8379268f34afa195006"},"headline":"Ministrul Energiei negociaz\u0103 cu Comisia European\u0103 p\u0103strarea centralelor pe c\u0103rbune active \u00een sistemul energetic din Rom\u00e2nia","datePublished":"2025-09-18T08:18:31+00:00","mainEntityOfPage":{"@id":"https:\/\/carpathiacenter.ro\/ministrul-energiei-negociaza-cu-comisia-europeana-pastrarea-centralelor-pe-carbune-active-in-sistemul-energetic-din-romania\/"},"wordCount":590,"commentCount":0,"publisher":{"@id":"https:\/\/carpathiacenter.ro\/#organization"},"image":{"@id":"https:\/\/carpathiacenter.ro\/ministrul-energiei-negociaza-cu-comisia-europeana-pastrarea-centralelor-pe-carbune-active-in-sistemul-energetic-din-romania\/#primaryimage"},"thumbnailUrl":"https:\/\/carpathiacenter.ro\/wp-content\/uploads\/2025\/08\/ministrul-bogdan-ivan.jpg","articleSection":["Uncategorized"],"inLanguage":"en-GB","potentialAction":[{"@type":"CommentAction","name":"Comment","target":["https:\/\/carpathiacenter.ro\/ministrul-energiei-negociaza-cu-comisia-europeana-pastrarea-centralelor-pe-carbune-active-in-sistemul-energetic-din-romania\/#respond"]}]},{"@type":"WebPage","@id":"https:\/\/carpathiacenter.ro\/ministrul-energiei-negociaza-cu-comisia-europeana-pastrarea-centralelor-pe-carbune-active-in-sistemul-energetic-din-romania\/","url":"https:\/\/carpathiacenter.ro\/ministrul-energiei-negociaza-cu-comisia-europeana-pastrarea-centralelor-pe-carbune-active-in-sistemul-energetic-din-romania\/","name":"Ministrul Energiei negociaz\u0103 cu Comisia European\u0103 p\u0103strarea centralelor pe c\u0103rbune active \u00een sistemul energetic din Rom\u00e2nia - Carpathia Center Romania","isPartOf":{"@id":"https:\/\/carpathiacenter.ro\/#website"},"primaryImageOfPage":{"@id":"https:\/\/carpathiacenter.ro\/ministrul-energiei-negociaza-cu-comisia-europeana-pastrarea-centralelor-pe-carbune-active-in-sistemul-energetic-din-romania\/#primaryimage"},"image":{"@id":"https:\/\/carpathiacenter.ro\/ministrul-energiei-negociaza-cu-comisia-europeana-pastrarea-centralelor-pe-carbune-active-in-sistemul-energetic-din-romania\/#primaryimage"},"thumbnailUrl":"https:\/\/carpathiacenter.ro\/wp-content\/uploads\/2025\/08\/ministrul-bogdan-ivan.jpg","datePublished":"2025-09-18T08:18:31+00:00","breadcrumb":{"@id":"https:\/\/carpathiacenter.ro\/ministrul-energiei-negociaza-cu-comisia-europeana-pastrarea-centralelor-pe-carbune-active-in-sistemul-energetic-din-romania\/#breadcrumb"},"inLanguage":"en-GB","potentialAction":[{"@type":"ReadAction","target":["https:\/\/carpathiacenter.ro\/ministrul-energiei-negociaza-cu-comisia-europeana-pastrarea-centralelor-pe-carbune-active-in-sistemul-energetic-din-romania\/"]}]},{"@type":"ImageObject","inLanguage":"en-GB","@id":"https:\/\/carpathiacenter.ro\/ministrul-energiei-negociaza-cu-comisia-europeana-pastrarea-centralelor-pe-carbune-active-in-sistemul-energetic-din-romania\/#primaryimage","url":"https:\/\/carpathiacenter.ro\/wp-content\/uploads\/2025\/08\/ministrul-bogdan-ivan.jpg","contentUrl":"https:\/\/carpathiacenter.ro\/wp-content\/uploads\/2025\/08\/ministrul-bogdan-ivan.jpg","width":1600,"height":1067},{"@type":"BreadcrumbList","@id":"https:\/\/carpathiacenter.ro\/ministrul-energiei-negociaza-cu-comisia-europeana-pastrarea-centralelor-pe-carbune-active-in-sistemul-energetic-din-romania\/#breadcrumb","itemListElement":[{"@type":"ListItem","position":1,"name":"Prima pagin\u0103","item":"https:\/\/carpathiacenter.ro\/"},{"@type":"ListItem","position":2,"name":"Ministrul Energiei negociaz\u0103 cu Comisia European\u0103 p\u0103strarea centralelor pe c\u0103rbune active \u00een sistemul energetic din Rom\u00e2nia"}]},{"@type":"WebSite","@id":"https:\/\/carpathiacenter.ro\/#website","url":"https:\/\/carpathiacenter.ro\/","name":"Carpathia Center Romania","description":"Impossible made possible!","publisher":{"@id":"https:\/\/carpathiacenter.ro\/#organization"},"potentialAction":[{"@type":"SearchAction","target":{"@type":"EntryPoint","urlTemplate":"https:\/\/carpathiacenter.ro\/?s={search_term_string}"},"query-input":{"@type":"PropertyValueSpecification","valueRequired":true,"valueName":"search_term_string"}}],"inLanguage":"en-GB"},{"@type":"Organization","@id":"https:\/\/carpathiacenter.ro\/#organization","name":"Carpathia Center Romania","url":"https:\/\/carpathiacenter.ro\/","logo":{"@type":"ImageObject","inLanguage":"en-GB","@id":"https:\/\/carpathiacenter.ro\/#\/schema\/logo\/image\/","url":"https:\/\/carpathiacenter.ro\/wp-content\/uploads\/2024\/07\/logo-carpathia_bg_white-1024x941.png","contentUrl":"https:\/\/carpathiacenter.ro\/wp-content\/uploads\/2024\/07\/logo-carpathia_bg_white-1024x941.png","width":1024,"height":941,"caption":"Carpathia Center Romania"},"image":{"@id":"https:\/\/carpathiacenter.ro\/#\/schema\/logo\/image\/"},"sameAs":["https:\/\/www.facebook.com\/fdpscarpathia\/"]},{"@type":"Person","@id":"https:\/\/carpathiacenter.ro\/#\/schema\/person\/03d9f58202fee8379268f34afa195006","name":"creativebitsolutions","image":{"@type":"ImageObject","inLanguage":"en-GB","@id":"https:\/\/carpathiacenter.ro\/#\/schema\/person\/image\/","url":"https:\/\/secure.gravatar.com\/avatar\/1b1a13e37f847c635dab78348f1dff2f07651ee2a3d77a5c355a4b8c75f9165a?s=96&d=mm&r=g","contentUrl":"https:\/\/secure.gravatar.com\/avatar\/1b1a13e37f847c635dab78348f1dff2f07651ee2a3d77a5c355a4b8c75f9165a?s=96&d=mm&r=g","caption":"creativebitsolutions"},"url":"https:\/\/carpathiacenter.ro\/en\/author\/creativebitsolutions\/"}]}},"_links":{"self":[{"href":"https:\/\/carpathiacenter.ro\/en\/wp-json\/wp\/v2\/posts\/3033","targetHints":{"allow":["GET"]}}],"collection":[{"href":"https:\/\/carpathiacenter.ro\/en\/wp-json\/wp\/v2\/posts"}],"about":[{"href":"https:\/\/carpathiacenter.ro\/en\/wp-json\/wp\/v2\/types\/post"}],"author":[{"embeddable":true,"href":"https:\/\/carpathiacenter.ro\/en\/wp-json\/wp\/v2\/users\/4"}],"replies":[{"embeddable":true,"href":"https:\/\/carpathiacenter.ro\/en\/wp-json\/wp\/v2\/comments?post=3033"}],"version-history":[{"count":1,"href":"https:\/\/carpathiacenter.ro\/en\/wp-json\/wp\/v2\/posts\/3033\/revisions"}],"predecessor-version":[{"id":3034,"href":"https:\/\/carpathiacenter.ro\/en\/wp-json\/wp\/v2\/posts\/3033\/revisions\/3034"}],"wp:featuredmedia":[{"embeddable":true,"href":"https:\/\/carpathiacenter.ro\/en\/wp-json\/wp\/v2\/media\/2905"}],"wp:attachment":[{"href":"https:\/\/carpathiacenter.ro\/en\/wp-json\/wp\/v2\/media?parent=3033"}],"wp:term":[{"taxonomy":"category","embeddable":true,"href":"https:\/\/carpathiacenter.ro\/en\/wp-json\/wp\/v2\/categories?post=3033"},{"taxonomy":"post_tag","embeddable":true,"href":"https:\/\/carpathiacenter.ro\/en\/wp-json\/wp\/v2\/tags?post=3033"}],"curies":[{"name":"wp","href":"https:\/\/api.w.org\/{rel}","templated":true}]}}