{"id":3026,"date":"2025-09-17T06:49:48","date_gmt":"2025-09-17T06:49:48","guid":{"rendered":"https:\/\/carpathiacenter.ro\/?p=3026"},"modified":"2025-09-17T06:50:17","modified_gmt":"2025-09-17T06:50:17","slug":"video-bolojan-luni-voi-fi-la-bruxelles-pentru-clarificari-cu-comisarii-europeni-pe-tema-creditelor-angajate-si-a-deficitului-bugetar","status":"publish","type":"post","link":"https:\/\/carpathiacenter.ro\/en\/video-bolojan-luni-voi-fi-la-bruxelles-pentru-clarificari-cu-comisarii-europeni-pe-tema-creditelor-angajate-si-a-deficitului-bugetar\/","title":{"rendered":"VIDEO Bolojan: Luni voi fi la Bruxelles pentru clarific\u0103ri cu comisarii europeni pe tema creditelor angajate \u0219i a deficitului bugetar"},"content":{"rendered":"<p>Premierul Ilie Bolojan a declarat c\u0103 s\u0103pt\u0103m\u00e2na viitoare, luni, se va afla la Bruxelles pentru a discuta cu responsabilii europeni pe tema creditelor angajate de Rom\u00e2nia \u0219i a deficitului bugetar.<\/p>\n<p>&#8216;G\u00e2ndi\u021bi-v\u0103 c\u0103, atunci c\u00e2nd \u00ee\u021bi asumi o r\u0103spundere, nu te duci la negocieri doar ca persoan\u0103 fizic\u0103, ci te duci s\u0103 reprezin\u021bi \u021bara ta. \u0218i de modul \u00een care tu \u00ee\u021bi onorezi angajamentele se formeaz\u0103 o percep\u021bie asupra \u021b\u0103rii tale \u0219i eu, c\u00e2t timp voi fi pe aceast\u0103 func\u021bie, nu \u00eemi pot permite, la modul cinstit, s\u0103 m\u0103 duc cu lucruri care nu sunt reale, s\u0103 m\u0103 duc cu lucruri pe care nu le pot respecta. E mai bine s\u0103 spui &#8216;asta nu merge&#8217; \u0219i uite \u00een ce condi\u021bii se face, dec\u00e2t s\u0103 faci angajamente pe care nu le po\u021bi respecta&#8217;, a precizat Ilie Bolojan, mar\u021bi sear\u0103, la Antena 3 CNN, \u00eentrebat dac\u0103 i se pare normal ca Rom\u00e2nia s\u0103 continue &#8216;s\u0103 mint\u0103 un partener strategic, respectiv Comisia European\u0103, a\u0219a cum a f\u0103cut-o, de-a lungul timpului, \u00een ceea ce prive\u0219te m\u0103surile economice din \u021bara noastr\u0103&#8217;, \u00een contextul \u00een care el a men\u021bionat UE ca fiind un partener strategic din punct de vedere economic<\/p>\n<p><\/p>\n<div class=\"videoEmbed\"><iframe allowfullscreen=\"\" frameborder=\"0\" height=\"349\" mozallowfullscreen=\"\" src=\"https:\/\/www.youtube.com\/embed\/h9f1yX_uXAI\" webkitallowfullscreen=\"\" width=\"560\"><\/iframe><\/div>\n<p>\u0218eful Executivului a anun\u021bat c\u0103 s\u0103pt\u0103m\u00e2na viitoare, luni, va fi prezent la Bruxelles, la \u00eent\u00e2lniri cu comisarii europeni.<\/p>\n<p>&#8216;\u00cen a\u0219a fel \u00eenc\u00e2t s\u0103 clarific\u0103m aspectele care \u021bin de creditele noastre, s\u0103 clarific\u0103m aspectele care \u021bin de deficit, pentru a proiecta, \u00eentr-adev\u0103r, o imagine a\u0219a cum \u00eemi doresc s\u0103 fie pentru \u021bara noastr\u0103, o imagine de seriozitate, o imagine de \u00eencredere. \u0218i, la ceea ce ne angaj\u0103m, \u00eentr-adev\u0103r, s\u0103 respect\u0103m lucrurile, nu pentru partenerii no\u0219tri, ci, \u00een primul r\u00e2nd, pentru cet\u0103\u021benii rom\u00e2ni&#8217;, a ar\u0103tat Bolojan. AGERPRES\/(A &#8211; redactor: Daniel Florea, editor: Andreea Rotaru, editor online: Alexandru Cojocaru)<br \/>\n<br \/>\nSursa articolului:  <a href=\"https:\/\/agerpres.ro\/economic\/2025\/09\/16\/video-bolojan-luni-voi-fi-la-bruxelles-pentru-clarificari-cu-comisarii-europeni-pe-tema-creditelor-a--1484884\" target=\"_blank\" rel=\"noopener\" title=\"\">https:\/\/agerpres.ro\/economic\/2025\/09\/16\/video-bolojan-luni-voi-fi-la-bruxelles-pentru-clarificari-cu-comisarii-europeni-pe-tema-creditelor-a&#8211;1484884<\/a><\/p>","protected":false},"excerpt":{"rendered":"<p>Premierul Ilie Bolojan a declarat c\u0103 s\u0103pt\u0103m\u00e2na viitoare, luni, se va afla la Bruxelles pentru a discuta cu responsabilii europeni pe tema creditelor angajate de Rom\u00e2nia \u0219i a deficitului bugetar. &#8216;G\u00e2ndi\u021bi-v\u0103 c\u0103, atunci c\u00e2nd \u00ee\u021bi asumi o r\u0103spundere, nu te duci la negocieri doar ca persoan\u0103 fizic\u0103, ci te duci s\u0103 reprezin\u021bi \u021bara ta. \u0218i&#8230;<\/p>","protected":false},"author":4,"featured_media":2059,"comment_status":"open","ping_status":"open","sticky":false,"template":"","format":"standard","meta":{"footnotes":""},"categories":[1],"tags":[],"class_list":["post-3026","post","type-post","status-publish","format-standard","has-post-thumbnail","hentry","category-uncategorized"],"yoast_head":"<!-- This site is optimized with the Yoast SEO plugin v26.1.1 - https:\/\/yoast.com\/wordpress\/plugins\/seo\/ -->\n<title>VIDEO Bolojan: Luni voi fi la Bruxelles pentru clarific\u0103ri cu comisarii europeni pe tema creditelor angajate \u0219i a deficitului bugetar - Carpathia Center Romania<\/title>\n<meta name=\"robots\" content=\"index, follow, max-snippet:-1, max-image-preview:large, max-video-preview:-1\" \/>\n<link rel=\"canonical\" href=\"https:\/\/carpathiacenter.ro\/en\/video-bolojan-luni-voi-fi-la-bruxelles-pentru-clarificari-cu-comisarii-europeni-pe-tema-creditelor-angajate-si-a-deficitului-bugetar\/\" \/>\n<meta property=\"og:locale\" content=\"en_GB\" \/>\n<meta property=\"og:type\" content=\"article\" \/>\n<meta property=\"og:title\" content=\"VIDEO Bolojan: Luni voi fi la Bruxelles pentru clarific\u0103ri cu comisarii europeni pe tema creditelor angajate \u0219i a deficitului bugetar - Carpathia Center Romania\" \/>\n<meta property=\"og:description\" content=\"Premierul Ilie Bolojan a declarat c\u0103 s\u0103pt\u0103m\u00e2na viitoare, luni, se va afla la Bruxelles pentru a discuta cu responsabilii europeni pe tema creditelor angajate de Rom\u00e2nia \u0219i a deficitului bugetar. &#8216;G\u00e2ndi\u021bi-v\u0103 c\u0103, atunci c\u00e2nd \u00ee\u021bi asumi o r\u0103spundere, nu te duci la negocieri doar ca persoan\u0103 fizic\u0103, ci te duci s\u0103 reprezin\u021bi \u021bara ta. \u0218i...\" \/>\n<meta property=\"og:url\" content=\"https:\/\/carpathiacenter.ro\/en\/video-bolojan-luni-voi-fi-la-bruxelles-pentru-clarificari-cu-comisarii-europeni-pe-tema-creditelor-angajate-si-a-deficitului-bugetar\/\" \/>\n<meta property=\"og:site_name\" content=\"Carpathia Center Romania\" \/>\n<meta property=\"article:publisher\" content=\"https:\/\/www.facebook.com\/fdpscarpathia\/\" \/>\n<meta property=\"article:published_time\" content=\"2025-09-17T06:49:48+00:00\" \/>\n<meta property=\"article:modified_time\" content=\"2025-09-17T06:50:17+00:00\" \/>\n<meta property=\"og:image\" content=\"https:\/\/carpathiacenter.ro\/wp-content\/uploads\/2025\/03\/ilie-bolojan.jpg\" \/>\n\t<meta property=\"og:image:width\" content=\"1620\" \/>\n\t<meta property=\"og:image:height\" content=\"1080\" \/>\n\t<meta property=\"og:image:type\" content=\"image\/jpeg\" \/>\n<meta name=\"author\" content=\"creativebitsolutions\" \/>\n<meta name=\"twitter:card\" content=\"summary_large_image\" \/>\n<meta name=\"twitter:label1\" content=\"Written by\" \/>\n\t<meta name=\"twitter:data1\" content=\"creativebitsolutions\" \/>\n\t<meta name=\"twitter:label2\" content=\"Estimated reading time\" \/>\n\t<meta name=\"twitter:data2\" content=\"2 minutes\" \/>\n<script type=\"application\/ld+json\" class=\"yoast-schema-graph\">{\"@context\":\"https:\/\/schema.org\",\"@graph\":[{\"@type\":\"Article\",\"@id\":\"https:\/\/carpathiacenter.ro\/video-bolojan-luni-voi-fi-la-bruxelles-pentru-clarificari-cu-comisarii-europeni-pe-tema-creditelor-angajate-si-a-deficitului-bugetar\/#article\",\"isPartOf\":{\"@id\":\"https:\/\/carpathiacenter.ro\/video-bolojan-luni-voi-fi-la-bruxelles-pentru-clarificari-cu-comisarii-europeni-pe-tema-creditelor-angajate-si-a-deficitului-bugetar\/\"},\"author\":{\"name\":\"creativebitsolutions\",\"@id\":\"https:\/\/carpathiacenter.ro\/#\/schema\/person\/03d9f58202fee8379268f34afa195006\"},\"headline\":\"VIDEO Bolojan: Luni voi fi la Bruxelles pentru clarific\u0103ri cu comisarii europeni pe tema creditelor angajate \u0219i a deficitului bugetar\",\"datePublished\":\"2025-09-17T06:49:48+00:00\",\"dateModified\":\"2025-09-17T06:50:17+00:00\",\"mainEntityOfPage\":{\"@id\":\"https:\/\/carpathiacenter.ro\/video-bolojan-luni-voi-fi-la-bruxelles-pentru-clarificari-cu-comisarii-europeni-pe-tema-creditelor-angajate-si-a-deficitului-bugetar\/\"},\"wordCount\":358,\"commentCount\":0,\"publisher\":{\"@id\":\"https:\/\/carpathiacenter.ro\/#organization\"},\"image\":{\"@id\":\"https:\/\/carpathiacenter.ro\/video-bolojan-luni-voi-fi-la-bruxelles-pentru-clarificari-cu-comisarii-europeni-pe-tema-creditelor-angajate-si-a-deficitului-bugetar\/#primaryimage\"},\"thumbnailUrl\":\"https:\/\/carpathiacenter.ro\/wp-content\/uploads\/2025\/03\/ilie-bolojan.jpg\",\"articleSection\":[\"Uncategorized\"],\"inLanguage\":\"en-GB\",\"potentialAction\":[{\"@type\":\"CommentAction\",\"name\":\"Comment\",\"target\":[\"https:\/\/carpathiacenter.ro\/video-bolojan-luni-voi-fi-la-bruxelles-pentru-clarificari-cu-comisarii-europeni-pe-tema-creditelor-angajate-si-a-deficitului-bugetar\/#respond\"]}]},{\"@type\":\"WebPage\",\"@id\":\"https:\/\/carpathiacenter.ro\/video-bolojan-luni-voi-fi-la-bruxelles-pentru-clarificari-cu-comisarii-europeni-pe-tema-creditelor-angajate-si-a-deficitului-bugetar\/\",\"url\":\"https:\/\/carpathiacenter.ro\/video-bolojan-luni-voi-fi-la-bruxelles-pentru-clarificari-cu-comisarii-europeni-pe-tema-creditelor-angajate-si-a-deficitului-bugetar\/\",\"name\":\"VIDEO Bolojan: Luni voi fi la Bruxelles pentru clarific\u0103ri cu comisarii europeni pe tema creditelor angajate \u0219i a deficitului bugetar - Carpathia Center Romania\",\"isPartOf\":{\"@id\":\"https:\/\/carpathiacenter.ro\/#website\"},\"primaryImageOfPage\":{\"@id\":\"https:\/\/carpathiacenter.ro\/video-bolojan-luni-voi-fi-la-bruxelles-pentru-clarificari-cu-comisarii-europeni-pe-tema-creditelor-angajate-si-a-deficitului-bugetar\/#primaryimage\"},\"image\":{\"@id\":\"https:\/\/carpathiacenter.ro\/video-bolojan-luni-voi-fi-la-bruxelles-pentru-clarificari-cu-comisarii-europeni-pe-tema-creditelor-angajate-si-a-deficitului-bugetar\/#primaryimage\"},\"thumbnailUrl\":\"https:\/\/carpathiacenter.ro\/wp-content\/uploads\/2025\/03\/ilie-bolojan.jpg\",\"datePublished\":\"2025-09-17T06:49:48+00:00\",\"dateModified\":\"2025-09-17T06:50:17+00:00\",\"breadcrumb\":{\"@id\":\"https:\/\/carpathiacenter.ro\/video-bolojan-luni-voi-fi-la-bruxelles-pentru-clarificari-cu-comisarii-europeni-pe-tema-creditelor-angajate-si-a-deficitului-bugetar\/#breadcrumb\"},\"inLanguage\":\"en-GB\",\"potentialAction\":[{\"@type\":\"ReadAction\",\"target\":[\"https:\/\/carpathiacenter.ro\/video-bolojan-luni-voi-fi-la-bruxelles-pentru-clarificari-cu-comisarii-europeni-pe-tema-creditelor-angajate-si-a-deficitului-bugetar\/\"]}]},{\"@type\":\"ImageObject\",\"inLanguage\":\"en-GB\",\"@id\":\"https:\/\/carpathiacenter.ro\/video-bolojan-luni-voi-fi-la-bruxelles-pentru-clarificari-cu-comisarii-europeni-pe-tema-creditelor-angajate-si-a-deficitului-bugetar\/#primaryimage\",\"url\":\"https:\/\/carpathiacenter.ro\/wp-content\/uploads\/2025\/03\/ilie-bolojan.jpg\",\"contentUrl\":\"https:\/\/carpathiacenter.ro\/wp-content\/uploads\/2025\/03\/ilie-bolojan.jpg\",\"width\":1620,\"height\":1080},{\"@type\":\"BreadcrumbList\",\"@id\":\"https:\/\/carpathiacenter.ro\/video-bolojan-luni-voi-fi-la-bruxelles-pentru-clarificari-cu-comisarii-europeni-pe-tema-creditelor-angajate-si-a-deficitului-bugetar\/#breadcrumb\",\"itemListElement\":[{\"@type\":\"ListItem\",\"position\":1,\"name\":\"Prima pagin\u0103\",\"item\":\"https:\/\/carpathiacenter.ro\/\"},{\"@type\":\"ListItem\",\"position\":2,\"name\":\"VIDEO Bolojan: Luni voi fi la Bruxelles pentru clarific\u0103ri cu comisarii europeni pe tema creditelor angajate \u0219i a deficitului bugetar\"}]},{\"@type\":\"WebSite\",\"@id\":\"https:\/\/carpathiacenter.ro\/#website\",\"url\":\"https:\/\/carpathiacenter.ro\/\",\"name\":\"Carpathia Center Romania\",\"description\":\"Impossible made possible!\",\"publisher\":{\"@id\":\"https:\/\/carpathiacenter.ro\/#organization\"},\"potentialAction\":[{\"@type\":\"SearchAction\",\"target\":{\"@type\":\"EntryPoint\",\"urlTemplate\":\"https:\/\/carpathiacenter.ro\/?s={search_term_string}\"},\"query-input\":{\"@type\":\"PropertyValueSpecification\",\"valueRequired\":true,\"valueName\":\"search_term_string\"}}],\"inLanguage\":\"en-GB\"},{\"@type\":\"Organization\",\"@id\":\"https:\/\/carpathiacenter.ro\/#organization\",\"name\":\"Carpathia Center Romania\",\"url\":\"https:\/\/carpathiacenter.ro\/\",\"logo\":{\"@type\":\"ImageObject\",\"inLanguage\":\"en-GB\",\"@id\":\"https:\/\/carpathiacenter.ro\/#\/schema\/logo\/image\/\",\"url\":\"https:\/\/carpathiacenter.ro\/wp-content\/uploads\/2024\/07\/logo-carpathia_bg_white-1024x941.png\",\"contentUrl\":\"https:\/\/carpathiacenter.ro\/wp-content\/uploads\/2024\/07\/logo-carpathia_bg_white-1024x941.png\",\"width\":1024,\"height\":941,\"caption\":\"Carpathia Center Romania\"},\"image\":{\"@id\":\"https:\/\/carpathiacenter.ro\/#\/schema\/logo\/image\/\"},\"sameAs\":[\"https:\/\/www.facebook.com\/fdpscarpathia\/\"]},{\"@type\":\"Person\",\"@id\":\"https:\/\/carpathiacenter.ro\/#\/schema\/person\/03d9f58202fee8379268f34afa195006\",\"name\":\"creativebitsolutions\",\"image\":{\"@type\":\"ImageObject\",\"inLanguage\":\"en-GB\",\"@id\":\"https:\/\/carpathiacenter.ro\/#\/schema\/person\/image\/\",\"url\":\"https:\/\/secure.gravatar.com\/avatar\/1b1a13e37f847c635dab78348f1dff2f07651ee2a3d77a5c355a4b8c75f9165a?s=96&d=mm&r=g\",\"contentUrl\":\"https:\/\/secure.gravatar.com\/avatar\/1b1a13e37f847c635dab78348f1dff2f07651ee2a3d77a5c355a4b8c75f9165a?s=96&d=mm&r=g\",\"caption\":\"creativebitsolutions\"},\"url\":\"https:\/\/carpathiacenter.ro\/en\/author\/creativebitsolutions\/\"}]}<\/script>\n<!-- \/ Yoast SEO plugin. -->","yoast_head_json":{"title":"VIDEO Bolojan: Luni voi fi la Bruxelles pentru clarific\u0103ri cu comisarii europeni pe tema creditelor angajate \u0219i a deficitului bugetar - Carpathia Center Romania","robots":{"index":"index","follow":"follow","max-snippet":"max-snippet:-1","max-image-preview":"max-image-preview:large","max-video-preview":"max-video-preview:-1"},"canonical":"https:\/\/carpathiacenter.ro\/en\/video-bolojan-luni-voi-fi-la-bruxelles-pentru-clarificari-cu-comisarii-europeni-pe-tema-creditelor-angajate-si-a-deficitului-bugetar\/","og_locale":"en_GB","og_type":"article","og_title":"VIDEO Bolojan: Luni voi fi la Bruxelles pentru clarific\u0103ri cu comisarii europeni pe tema creditelor angajate \u0219i a deficitului bugetar - Carpathia Center Romania","og_description":"Premierul Ilie Bolojan a declarat c\u0103 s\u0103pt\u0103m\u00e2na viitoare, luni, se va afla la Bruxelles pentru a discuta cu responsabilii europeni pe tema creditelor angajate de Rom\u00e2nia \u0219i a deficitului bugetar. &#8216;G\u00e2ndi\u021bi-v\u0103 c\u0103, atunci c\u00e2nd \u00ee\u021bi asumi o r\u0103spundere, nu te duci la negocieri doar ca persoan\u0103 fizic\u0103, ci te duci s\u0103 reprezin\u021bi \u021bara ta. \u0218i...","og_url":"https:\/\/carpathiacenter.ro\/en\/video-bolojan-luni-voi-fi-la-bruxelles-pentru-clarificari-cu-comisarii-europeni-pe-tema-creditelor-angajate-si-a-deficitului-bugetar\/","og_site_name":"Carpathia Center Romania","article_publisher":"https:\/\/www.facebook.com\/fdpscarpathia\/","article_published_time":"2025-09-17T06:49:48+00:00","article_modified_time":"2025-09-17T06:50:17+00:00","og_image":[{"width":1620,"height":1080,"url":"https:\/\/carpathiacenter.ro\/wp-content\/uploads\/2025\/03\/ilie-bolojan.jpg","type":"image\/jpeg"}],"author":"creativebitsolutions","twitter_card":"summary_large_image","twitter_misc":{"Written by":"creativebitsolutions","Estimated reading time":"2 minutes"},"schema":{"@context":"https:\/\/schema.org","@graph":[{"@type":"Article","@id":"https:\/\/carpathiacenter.ro\/video-bolojan-luni-voi-fi-la-bruxelles-pentru-clarificari-cu-comisarii-europeni-pe-tema-creditelor-angajate-si-a-deficitului-bugetar\/#article","isPartOf":{"@id":"https:\/\/carpathiacenter.ro\/video-bolojan-luni-voi-fi-la-bruxelles-pentru-clarificari-cu-comisarii-europeni-pe-tema-creditelor-angajate-si-a-deficitului-bugetar\/"},"author":{"name":"creativebitsolutions","@id":"https:\/\/carpathiacenter.ro\/#\/schema\/person\/03d9f58202fee8379268f34afa195006"},"headline":"VIDEO Bolojan: Luni voi fi la Bruxelles pentru clarific\u0103ri cu comisarii europeni pe tema creditelor angajate \u0219i a deficitului bugetar","datePublished":"2025-09-17T06:49:48+00:00","dateModified":"2025-09-17T06:50:17+00:00","mainEntityOfPage":{"@id":"https:\/\/carpathiacenter.ro\/video-bolojan-luni-voi-fi-la-bruxelles-pentru-clarificari-cu-comisarii-europeni-pe-tema-creditelor-angajate-si-a-deficitului-bugetar\/"},"wordCount":358,"commentCount":0,"publisher":{"@id":"https:\/\/carpathiacenter.ro\/#organization"},"image":{"@id":"https:\/\/carpathiacenter.ro\/video-bolojan-luni-voi-fi-la-bruxelles-pentru-clarificari-cu-comisarii-europeni-pe-tema-creditelor-angajate-si-a-deficitului-bugetar\/#primaryimage"},"thumbnailUrl":"https:\/\/carpathiacenter.ro\/wp-content\/uploads\/2025\/03\/ilie-bolojan.jpg","articleSection":["Uncategorized"],"inLanguage":"en-GB","potentialAction":[{"@type":"CommentAction","name":"Comment","target":["https:\/\/carpathiacenter.ro\/video-bolojan-luni-voi-fi-la-bruxelles-pentru-clarificari-cu-comisarii-europeni-pe-tema-creditelor-angajate-si-a-deficitului-bugetar\/#respond"]}]},{"@type":"WebPage","@id":"https:\/\/carpathiacenter.ro\/video-bolojan-luni-voi-fi-la-bruxelles-pentru-clarificari-cu-comisarii-europeni-pe-tema-creditelor-angajate-si-a-deficitului-bugetar\/","url":"https:\/\/carpathiacenter.ro\/video-bolojan-luni-voi-fi-la-bruxelles-pentru-clarificari-cu-comisarii-europeni-pe-tema-creditelor-angajate-si-a-deficitului-bugetar\/","name":"VIDEO Bolojan: Luni voi fi la Bruxelles pentru clarific\u0103ri cu comisarii europeni pe tema creditelor angajate \u0219i a deficitului bugetar - Carpathia Center Romania","isPartOf":{"@id":"https:\/\/carpathiacenter.ro\/#website"},"primaryImageOfPage":{"@id":"https:\/\/carpathiacenter.ro\/video-bolojan-luni-voi-fi-la-bruxelles-pentru-clarificari-cu-comisarii-europeni-pe-tema-creditelor-angajate-si-a-deficitului-bugetar\/#primaryimage"},"image":{"@id":"https:\/\/carpathiacenter.ro\/video-bolojan-luni-voi-fi-la-bruxelles-pentru-clarificari-cu-comisarii-europeni-pe-tema-creditelor-angajate-si-a-deficitului-bugetar\/#primaryimage"},"thumbnailUrl":"https:\/\/carpathiacenter.ro\/wp-content\/uploads\/2025\/03\/ilie-bolojan.jpg","datePublished":"2025-09-17T06:49:48+00:00","dateModified":"2025-09-17T06:50:17+00:00","breadcrumb":{"@id":"https:\/\/carpathiacenter.ro\/video-bolojan-luni-voi-fi-la-bruxelles-pentru-clarificari-cu-comisarii-europeni-pe-tema-creditelor-angajate-si-a-deficitului-bugetar\/#breadcrumb"},"inLanguage":"en-GB","potentialAction":[{"@type":"ReadAction","target":["https:\/\/carpathiacenter.ro\/video-bolojan-luni-voi-fi-la-bruxelles-pentru-clarificari-cu-comisarii-europeni-pe-tema-creditelor-angajate-si-a-deficitului-bugetar\/"]}]},{"@type":"ImageObject","inLanguage":"en-GB","@id":"https:\/\/carpathiacenter.ro\/video-bolojan-luni-voi-fi-la-bruxelles-pentru-clarificari-cu-comisarii-europeni-pe-tema-creditelor-angajate-si-a-deficitului-bugetar\/#primaryimage","url":"https:\/\/carpathiacenter.ro\/wp-content\/uploads\/2025\/03\/ilie-bolojan.jpg","contentUrl":"https:\/\/carpathiacenter.ro\/wp-content\/uploads\/2025\/03\/ilie-bolojan.jpg","width":1620,"height":1080},{"@type":"BreadcrumbList","@id":"https:\/\/carpathiacenter.ro\/video-bolojan-luni-voi-fi-la-bruxelles-pentru-clarificari-cu-comisarii-europeni-pe-tema-creditelor-angajate-si-a-deficitului-bugetar\/#breadcrumb","itemListElement":[{"@type":"ListItem","position":1,"name":"Prima pagin\u0103","item":"https:\/\/carpathiacenter.ro\/"},{"@type":"ListItem","position":2,"name":"VIDEO Bolojan: Luni voi fi la Bruxelles pentru clarific\u0103ri cu comisarii europeni pe tema creditelor angajate \u0219i a deficitului bugetar"}]},{"@type":"WebSite","@id":"https:\/\/carpathiacenter.ro\/#website","url":"https:\/\/carpathiacenter.ro\/","name":"Carpathia Center Romania","description":"Impossible made possible!","publisher":{"@id":"https:\/\/carpathiacenter.ro\/#organization"},"potentialAction":[{"@type":"SearchAction","target":{"@type":"EntryPoint","urlTemplate":"https:\/\/carpathiacenter.ro\/?s={search_term_string}"},"query-input":{"@type":"PropertyValueSpecification","valueRequired":true,"valueName":"search_term_string"}}],"inLanguage":"en-GB"},{"@type":"Organization","@id":"https:\/\/carpathiacenter.ro\/#organization","name":"Carpathia Center Romania","url":"https:\/\/carpathiacenter.ro\/","logo":{"@type":"ImageObject","inLanguage":"en-GB","@id":"https:\/\/carpathiacenter.ro\/#\/schema\/logo\/image\/","url":"https:\/\/carpathiacenter.ro\/wp-content\/uploads\/2024\/07\/logo-carpathia_bg_white-1024x941.png","contentUrl":"https:\/\/carpathiacenter.ro\/wp-content\/uploads\/2024\/07\/logo-carpathia_bg_white-1024x941.png","width":1024,"height":941,"caption":"Carpathia Center Romania"},"image":{"@id":"https:\/\/carpathiacenter.ro\/#\/schema\/logo\/image\/"},"sameAs":["https:\/\/www.facebook.com\/fdpscarpathia\/"]},{"@type":"Person","@id":"https:\/\/carpathiacenter.ro\/#\/schema\/person\/03d9f58202fee8379268f34afa195006","name":"creativebitsolutions","image":{"@type":"ImageObject","inLanguage":"en-GB","@id":"https:\/\/carpathiacenter.ro\/#\/schema\/person\/image\/","url":"https:\/\/secure.gravatar.com\/avatar\/1b1a13e37f847c635dab78348f1dff2f07651ee2a3d77a5c355a4b8c75f9165a?s=96&d=mm&r=g","contentUrl":"https:\/\/secure.gravatar.com\/avatar\/1b1a13e37f847c635dab78348f1dff2f07651ee2a3d77a5c355a4b8c75f9165a?s=96&d=mm&r=g","caption":"creativebitsolutions"},"url":"https:\/\/carpathiacenter.ro\/en\/author\/creativebitsolutions\/"}]}},"_links":{"self":[{"href":"https:\/\/carpathiacenter.ro\/en\/wp-json\/wp\/v2\/posts\/3026","targetHints":{"allow":["GET"]}}],"collection":[{"href":"https:\/\/carpathiacenter.ro\/en\/wp-json\/wp\/v2\/posts"}],"about":[{"href":"https:\/\/carpathiacenter.ro\/en\/wp-json\/wp\/v2\/types\/post"}],"author":[{"embeddable":true,"href":"https:\/\/carpathiacenter.ro\/en\/wp-json\/wp\/v2\/users\/4"}],"replies":[{"embeddable":true,"href":"https:\/\/carpathiacenter.ro\/en\/wp-json\/wp\/v2\/comments?post=3026"}],"version-history":[{"count":1,"href":"https:\/\/carpathiacenter.ro\/en\/wp-json\/wp\/v2\/posts\/3026\/revisions"}],"predecessor-version":[{"id":3028,"href":"https:\/\/carpathiacenter.ro\/en\/wp-json\/wp\/v2\/posts\/3026\/revisions\/3028"}],"wp:featuredmedia":[{"embeddable":true,"href":"https:\/\/carpathiacenter.ro\/en\/wp-json\/wp\/v2\/media\/2059"}],"wp:attachment":[{"href":"https:\/\/carpathiacenter.ro\/en\/wp-json\/wp\/v2\/media?parent=3026"}],"wp:term":[{"taxonomy":"category","embeddable":true,"href":"https:\/\/carpathiacenter.ro\/en\/wp-json\/wp\/v2\/categories?post=3026"},{"taxonomy":"post_tag","embeddable":true,"href":"https:\/\/carpathiacenter.ro\/en\/wp-json\/wp\/v2\/tags?post=3026"}],"curies":[{"name":"wp","href":"https:\/\/api.w.org\/{rel}","templated":true}]}}