{"id":3024,"date":"2025-09-16T10:08:04","date_gmt":"2025-09-16T10:08:04","guid":{"rendered":"https:\/\/carpathiacenter.ro\/?p=3024"},"modified":"2025-09-16T10:08:04","modified_gmt":"2025-09-16T10:08:04","slug":"video-nicusor-dan-spune-ca-romania-mai-degraba-nu-sustine-instituirea-unei-zone-de-no-fly-deasupra-ucrainei","status":"publish","type":"post","link":"https:\/\/carpathiacenter.ro\/en\/video-nicusor-dan-spune-ca-romania-mai-degraba-nu-sustine-instituirea-unei-zone-de-no-fly-deasupra-ucrainei\/","title":{"rendered":"VIDEO Nicu\u0219or Dan spune c\u0103 Rom\u00e2nia mai degrab\u0103 nu sus\u021bine instituirea unei zone de no-fly deasupra Ucrainei"},"content":{"rendered":"<div class=\"mx-auto pt-3\">\n<p>Pre\u0219edintele Nicu\u0219or Dan a declarat c\u0103 Rom\u00e2nia &#8216;mai degrab\u0103&#8217; nu sus\u021bine instituirea unei zone no-fly deasupra Ucrainei.<\/p>\n<p>El a men\u021bionat \u00eens\u0103 c\u0103, \u00een func\u021bie de evolu\u021bia lucrurilor, \u021bara noastr\u0103 ar putea reconsidera acest punct de vedere.<\/p>\n<p>&#8216;Am avut discu\u021bii incipiente pe subiectul acesta cu oameni din aparatul na\u021bional de stat, consilieri, oameni din Armat\u0103, speciali\u0219ti de politic\u0103 extern\u0103. Pentru moment &#8211; mai degrab\u0103 nu. Dar, \u00een func\u021bie de evolu\u021bia lucrurilor, putem s\u0103 reconsider\u0103m. (&#8230;) Sunt uzan\u021be interna\u021bionale despre ce \u00eenseamn\u0103 s\u0103 fii \u00eentr-un conflict sau nu. \u0218i pe subiectul acesta, pe ni\u0219te interpret\u0103ri majoritare, a face asta \u00eenseamn\u0103 cumva a te angaja \u00een conflict&#8217;, a precizat Nicu\u0219or Dan, la Antena 3.<\/p>\n<div class=\"videoEmbed\"><iframe allowfullscreen=\"\" frameborder=\"0\" height=\"349\" mozallowfullscreen=\"\" src=\"https:\/\/www.youtube.com\/embed\/QSjybwzc8z8\" webkitallowfullscreen=\"\" width=\"560\"><\/iframe><\/div>\n<p>Rusia ar considera drept o declara\u021bie de r\u0103zboi instituirea de c\u0103tre NATO a unei zone de interdic\u021bie aerian\u0103 deasupra Ucrainei, a sus\u021binut luni fostul pre\u0219edinte rus Dmitri Medvedev, relateaz\u0103 DPA \u0219i Reuters.<\/p>\n<p>&#8221;Implementarea ideii provocatoare a Kievului \u0219i a altor idio\u021bi de a crea o zon\u0103 de interdic\u021bie aerian\u0103 deasupra &#8216;Ucrainei&#8217; \u0219i autorizarea \u021b\u0103rilor NATO s\u0103 ne doboare dronele vor \u00eensemna un singur lucru: r\u0103zboiul NATO cu Rusia&#8221;, a scris politicianul rus pe canalul s\u0103u de Telegram.<\/p>\n<p>Dup\u0103 ce un num\u0103r mare de drone ruse\u0219ti au intrat \u00een spa\u021biul aerian al Poloniei s\u0103pt\u0103m\u00e2na trecut\u0103, NATO a desf\u0103\u0219urat avioane de v\u00e2n\u0103toare suplimentare pe flancul s\u0103u estic. Aceast\u0103 evolu\u021bie a determinat discu\u021bii \u00een Europa despre extinderea protec\u021biei asupra vestului Ucrainei \u0219i despre dobor\u00e2rea dronelor sau rachetelor ruse care opereaz\u0103 acolo. AGERPRES\/(AS &#8211; redactor: Irinela Vi\u0219an, editor: Andreea Rotaru, editor online: Alexandru Cojocaru)<br \/>\n<br \/>\nSursa articolului:  <a href=\"https:\/\/agerpres.ro\/politic\/2025\/09\/15\/video-nicusor-dan-spune-ca-romania-mai-degraba-nu-sustine-instituirea-unei-zone-de-no-fly-deasupra-u--1484513\" target=\"_blank\" rel=\"noopener\" title=\"\">https:\/\/agerpres.ro\/politic\/2025\/09\/15\/video-nicusor-dan-spune-ca-romania-mai-degraba-nu-sustine-instituirea-unei-zone-de-no-fly-deasupra-u&#8211;1484513<\/a>\n<\/p>\n<\/p><\/div>","protected":false},"excerpt":{"rendered":"<p>Pre\u0219edintele Nicu\u0219or Dan a declarat c\u0103 Rom\u00e2nia &#8216;mai degrab\u0103&#8217; nu sus\u021bine instituirea unei zone no-fly deasupra Ucrainei. El a men\u021bionat \u00eens\u0103 c\u0103, \u00een func\u021bie de evolu\u021bia lucrurilor, \u021bara noastr\u0103 ar putea reconsidera acest punct de vedere. &#8216;Am avut discu\u021bii incipiente pe subiectul acesta cu oameni din aparatul na\u021bional de stat, consilieri, oameni din Armat\u0103, speciali\u0219ti&#8230;<\/p>","protected":false},"author":4,"featured_media":2562,"comment_status":"open","ping_status":"open","sticky":false,"template":"","format":"standard","meta":{"footnotes":""},"categories":[1],"tags":[],"class_list":["post-3024","post","type-post","status-publish","format-standard","has-post-thumbnail","hentry","category-uncategorized"],"yoast_head":"<!-- This site is optimized with the Yoast SEO plugin v26.1.1 - https:\/\/yoast.com\/wordpress\/plugins\/seo\/ -->\n<title>VIDEO Nicu\u0219or Dan spune c\u0103 Rom\u00e2nia mai degrab\u0103 nu sus\u021bine instituirea unei zone de no-fly deasupra Ucrainei - Carpathia Center Romania<\/title>\n<meta name=\"robots\" content=\"index, follow, max-snippet:-1, max-image-preview:large, max-video-preview:-1\" \/>\n<link rel=\"canonical\" href=\"https:\/\/carpathiacenter.ro\/en\/video-nicusor-dan-spune-ca-romania-mai-degraba-nu-sustine-instituirea-unei-zone-de-no-fly-deasupra-ucrainei\/\" \/>\n<meta property=\"og:locale\" content=\"en_GB\" \/>\n<meta property=\"og:type\" content=\"article\" \/>\n<meta property=\"og:title\" content=\"VIDEO Nicu\u0219or Dan spune c\u0103 Rom\u00e2nia mai degrab\u0103 nu sus\u021bine instituirea unei zone de no-fly deasupra Ucrainei - Carpathia Center Romania\" \/>\n<meta property=\"og:description\" content=\"Pre\u0219edintele Nicu\u0219or Dan a declarat c\u0103 Rom\u00e2nia &#8216;mai degrab\u0103&#8217; nu sus\u021bine instituirea unei zone no-fly deasupra Ucrainei. El a men\u021bionat \u00eens\u0103 c\u0103, \u00een func\u021bie de evolu\u021bia lucrurilor, \u021bara noastr\u0103 ar putea reconsidera acest punct de vedere. &#8216;Am avut discu\u021bii incipiente pe subiectul acesta cu oameni din aparatul na\u021bional de stat, consilieri, oameni din Armat\u0103, speciali\u0219ti...\" \/>\n<meta property=\"og:url\" content=\"https:\/\/carpathiacenter.ro\/en\/video-nicusor-dan-spune-ca-romania-mai-degraba-nu-sustine-instituirea-unei-zone-de-no-fly-deasupra-ucrainei\/\" \/>\n<meta property=\"og:site_name\" content=\"Carpathia Center Romania\" \/>\n<meta property=\"article:publisher\" content=\"https:\/\/www.facebook.com\/fdpscarpathia\/\" \/>\n<meta property=\"article:published_time\" content=\"2025-09-16T10:08:04+00:00\" \/>\n<meta property=\"og:image\" content=\"https:\/\/carpathiacenter.ro\/wp-content\/uploads\/2025\/06\/Nicusor-Dan.jpg\" \/>\n\t<meta property=\"og:image:width\" content=\"780\" \/>\n\t<meta property=\"og:image:height\" content=\"440\" \/>\n\t<meta property=\"og:image:type\" content=\"image\/jpeg\" \/>\n<meta name=\"author\" content=\"creativebitsolutions\" \/>\n<meta name=\"twitter:card\" content=\"summary_large_image\" \/>\n<meta name=\"twitter:label1\" content=\"Written by\" \/>\n\t<meta name=\"twitter:data1\" content=\"creativebitsolutions\" \/>\n\t<meta name=\"twitter:label2\" content=\"Estimated reading time\" \/>\n\t<meta name=\"twitter:data2\" content=\"2 minutes\" \/>\n<script type=\"application\/ld+json\" class=\"yoast-schema-graph\">{\"@context\":\"https:\/\/schema.org\",\"@graph\":[{\"@type\":\"Article\",\"@id\":\"https:\/\/carpathiacenter.ro\/video-nicusor-dan-spune-ca-romania-mai-degraba-nu-sustine-instituirea-unei-zone-de-no-fly-deasupra-ucrainei\/#article\",\"isPartOf\":{\"@id\":\"https:\/\/carpathiacenter.ro\/video-nicusor-dan-spune-ca-romania-mai-degraba-nu-sustine-instituirea-unei-zone-de-no-fly-deasupra-ucrainei\/\"},\"author\":{\"name\":\"creativebitsolutions\",\"@id\":\"https:\/\/carpathiacenter.ro\/#\/schema\/person\/03d9f58202fee8379268f34afa195006\"},\"headline\":\"VIDEO Nicu\u0219or Dan spune c\u0103 Rom\u00e2nia mai degrab\u0103 nu sus\u021bine instituirea unei zone de no-fly deasupra Ucrainei\",\"datePublished\":\"2025-09-16T10:08:04+00:00\",\"mainEntityOfPage\":{\"@id\":\"https:\/\/carpathiacenter.ro\/video-nicusor-dan-spune-ca-romania-mai-degraba-nu-sustine-instituirea-unei-zone-de-no-fly-deasupra-ucrainei\/\"},\"wordCount\":320,\"commentCount\":0,\"publisher\":{\"@id\":\"https:\/\/carpathiacenter.ro\/#organization\"},\"image\":{\"@id\":\"https:\/\/carpathiacenter.ro\/video-nicusor-dan-spune-ca-romania-mai-degraba-nu-sustine-instituirea-unei-zone-de-no-fly-deasupra-ucrainei\/#primaryimage\"},\"thumbnailUrl\":\"https:\/\/carpathiacenter.ro\/wp-content\/uploads\/2025\/06\/Nicusor-Dan.jpg\",\"articleSection\":[\"Uncategorized\"],\"inLanguage\":\"en-GB\",\"potentialAction\":[{\"@type\":\"CommentAction\",\"name\":\"Comment\",\"target\":[\"https:\/\/carpathiacenter.ro\/video-nicusor-dan-spune-ca-romania-mai-degraba-nu-sustine-instituirea-unei-zone-de-no-fly-deasupra-ucrainei\/#respond\"]}]},{\"@type\":\"WebPage\",\"@id\":\"https:\/\/carpathiacenter.ro\/video-nicusor-dan-spune-ca-romania-mai-degraba-nu-sustine-instituirea-unei-zone-de-no-fly-deasupra-ucrainei\/\",\"url\":\"https:\/\/carpathiacenter.ro\/video-nicusor-dan-spune-ca-romania-mai-degraba-nu-sustine-instituirea-unei-zone-de-no-fly-deasupra-ucrainei\/\",\"name\":\"VIDEO Nicu\u0219or Dan spune c\u0103 Rom\u00e2nia mai degrab\u0103 nu sus\u021bine instituirea unei zone de no-fly deasupra Ucrainei - Carpathia Center Romania\",\"isPartOf\":{\"@id\":\"https:\/\/carpathiacenter.ro\/#website\"},\"primaryImageOfPage\":{\"@id\":\"https:\/\/carpathiacenter.ro\/video-nicusor-dan-spune-ca-romania-mai-degraba-nu-sustine-instituirea-unei-zone-de-no-fly-deasupra-ucrainei\/#primaryimage\"},\"image\":{\"@id\":\"https:\/\/carpathiacenter.ro\/video-nicusor-dan-spune-ca-romania-mai-degraba-nu-sustine-instituirea-unei-zone-de-no-fly-deasupra-ucrainei\/#primaryimage\"},\"thumbnailUrl\":\"https:\/\/carpathiacenter.ro\/wp-content\/uploads\/2025\/06\/Nicusor-Dan.jpg\",\"datePublished\":\"2025-09-16T10:08:04+00:00\",\"breadcrumb\":{\"@id\":\"https:\/\/carpathiacenter.ro\/video-nicusor-dan-spune-ca-romania-mai-degraba-nu-sustine-instituirea-unei-zone-de-no-fly-deasupra-ucrainei\/#breadcrumb\"},\"inLanguage\":\"en-GB\",\"potentialAction\":[{\"@type\":\"ReadAction\",\"target\":[\"https:\/\/carpathiacenter.ro\/video-nicusor-dan-spune-ca-romania-mai-degraba-nu-sustine-instituirea-unei-zone-de-no-fly-deasupra-ucrainei\/\"]}]},{\"@type\":\"ImageObject\",\"inLanguage\":\"en-GB\",\"@id\":\"https:\/\/carpathiacenter.ro\/video-nicusor-dan-spune-ca-romania-mai-degraba-nu-sustine-instituirea-unei-zone-de-no-fly-deasupra-ucrainei\/#primaryimage\",\"url\":\"https:\/\/carpathiacenter.ro\/wp-content\/uploads\/2025\/06\/Nicusor-Dan.jpg\",\"contentUrl\":\"https:\/\/carpathiacenter.ro\/wp-content\/uploads\/2025\/06\/Nicusor-Dan.jpg\",\"width\":780,\"height\":440},{\"@type\":\"BreadcrumbList\",\"@id\":\"https:\/\/carpathiacenter.ro\/video-nicusor-dan-spune-ca-romania-mai-degraba-nu-sustine-instituirea-unei-zone-de-no-fly-deasupra-ucrainei\/#breadcrumb\",\"itemListElement\":[{\"@type\":\"ListItem\",\"position\":1,\"name\":\"Prima pagin\u0103\",\"item\":\"https:\/\/carpathiacenter.ro\/\"},{\"@type\":\"ListItem\",\"position\":2,\"name\":\"VIDEO Nicu\u0219or Dan spune c\u0103 Rom\u00e2nia mai degrab\u0103 nu sus\u021bine instituirea unei zone de no-fly deasupra Ucrainei\"}]},{\"@type\":\"WebSite\",\"@id\":\"https:\/\/carpathiacenter.ro\/#website\",\"url\":\"https:\/\/carpathiacenter.ro\/\",\"name\":\"Carpathia Center Romania\",\"description\":\"Impossible made possible!\",\"publisher\":{\"@id\":\"https:\/\/carpathiacenter.ro\/#organization\"},\"potentialAction\":[{\"@type\":\"SearchAction\",\"target\":{\"@type\":\"EntryPoint\",\"urlTemplate\":\"https:\/\/carpathiacenter.ro\/?s={search_term_string}\"},\"query-input\":{\"@type\":\"PropertyValueSpecification\",\"valueRequired\":true,\"valueName\":\"search_term_string\"}}],\"inLanguage\":\"en-GB\"},{\"@type\":\"Organization\",\"@id\":\"https:\/\/carpathiacenter.ro\/#organization\",\"name\":\"Carpathia Center Romania\",\"url\":\"https:\/\/carpathiacenter.ro\/\",\"logo\":{\"@type\":\"ImageObject\",\"inLanguage\":\"en-GB\",\"@id\":\"https:\/\/carpathiacenter.ro\/#\/schema\/logo\/image\/\",\"url\":\"https:\/\/carpathiacenter.ro\/wp-content\/uploads\/2024\/07\/logo-carpathia_bg_white-1024x941.png\",\"contentUrl\":\"https:\/\/carpathiacenter.ro\/wp-content\/uploads\/2024\/07\/logo-carpathia_bg_white-1024x941.png\",\"width\":1024,\"height\":941,\"caption\":\"Carpathia Center Romania\"},\"image\":{\"@id\":\"https:\/\/carpathiacenter.ro\/#\/schema\/logo\/image\/\"},\"sameAs\":[\"https:\/\/www.facebook.com\/fdpscarpathia\/\"]},{\"@type\":\"Person\",\"@id\":\"https:\/\/carpathiacenter.ro\/#\/schema\/person\/03d9f58202fee8379268f34afa195006\",\"name\":\"creativebitsolutions\",\"image\":{\"@type\":\"ImageObject\",\"inLanguage\":\"en-GB\",\"@id\":\"https:\/\/carpathiacenter.ro\/#\/schema\/person\/image\/\",\"url\":\"https:\/\/secure.gravatar.com\/avatar\/1b1a13e37f847c635dab78348f1dff2f07651ee2a3d77a5c355a4b8c75f9165a?s=96&d=mm&r=g\",\"contentUrl\":\"https:\/\/secure.gravatar.com\/avatar\/1b1a13e37f847c635dab78348f1dff2f07651ee2a3d77a5c355a4b8c75f9165a?s=96&d=mm&r=g\",\"caption\":\"creativebitsolutions\"},\"url\":\"https:\/\/carpathiacenter.ro\/en\/author\/creativebitsolutions\/\"}]}<\/script>\n<!-- \/ Yoast SEO plugin. -->","yoast_head_json":{"title":"VIDEO Nicu\u0219or Dan spune c\u0103 Rom\u00e2nia mai degrab\u0103 nu sus\u021bine instituirea unei zone de no-fly deasupra Ucrainei - Carpathia Center Romania","robots":{"index":"index","follow":"follow","max-snippet":"max-snippet:-1","max-image-preview":"max-image-preview:large","max-video-preview":"max-video-preview:-1"},"canonical":"https:\/\/carpathiacenter.ro\/en\/video-nicusor-dan-spune-ca-romania-mai-degraba-nu-sustine-instituirea-unei-zone-de-no-fly-deasupra-ucrainei\/","og_locale":"en_GB","og_type":"article","og_title":"VIDEO Nicu\u0219or Dan spune c\u0103 Rom\u00e2nia mai degrab\u0103 nu sus\u021bine instituirea unei zone de no-fly deasupra Ucrainei - Carpathia Center Romania","og_description":"Pre\u0219edintele Nicu\u0219or Dan a declarat c\u0103 Rom\u00e2nia &#8216;mai degrab\u0103&#8217; nu sus\u021bine instituirea unei zone no-fly deasupra Ucrainei. El a men\u021bionat \u00eens\u0103 c\u0103, \u00een func\u021bie de evolu\u021bia lucrurilor, \u021bara noastr\u0103 ar putea reconsidera acest punct de vedere. &#8216;Am avut discu\u021bii incipiente pe subiectul acesta cu oameni din aparatul na\u021bional de stat, consilieri, oameni din Armat\u0103, speciali\u0219ti...","og_url":"https:\/\/carpathiacenter.ro\/en\/video-nicusor-dan-spune-ca-romania-mai-degraba-nu-sustine-instituirea-unei-zone-de-no-fly-deasupra-ucrainei\/","og_site_name":"Carpathia Center Romania","article_publisher":"https:\/\/www.facebook.com\/fdpscarpathia\/","article_published_time":"2025-09-16T10:08:04+00:00","og_image":[{"width":780,"height":440,"url":"https:\/\/carpathiacenter.ro\/wp-content\/uploads\/2025\/06\/Nicusor-Dan.jpg","type":"image\/jpeg"}],"author":"creativebitsolutions","twitter_card":"summary_large_image","twitter_misc":{"Written by":"creativebitsolutions","Estimated reading time":"2 minutes"},"schema":{"@context":"https:\/\/schema.org","@graph":[{"@type":"Article","@id":"https:\/\/carpathiacenter.ro\/video-nicusor-dan-spune-ca-romania-mai-degraba-nu-sustine-instituirea-unei-zone-de-no-fly-deasupra-ucrainei\/#article","isPartOf":{"@id":"https:\/\/carpathiacenter.ro\/video-nicusor-dan-spune-ca-romania-mai-degraba-nu-sustine-instituirea-unei-zone-de-no-fly-deasupra-ucrainei\/"},"author":{"name":"creativebitsolutions","@id":"https:\/\/carpathiacenter.ro\/#\/schema\/person\/03d9f58202fee8379268f34afa195006"},"headline":"VIDEO Nicu\u0219or Dan spune c\u0103 Rom\u00e2nia mai degrab\u0103 nu sus\u021bine instituirea unei zone de no-fly deasupra Ucrainei","datePublished":"2025-09-16T10:08:04+00:00","mainEntityOfPage":{"@id":"https:\/\/carpathiacenter.ro\/video-nicusor-dan-spune-ca-romania-mai-degraba-nu-sustine-instituirea-unei-zone-de-no-fly-deasupra-ucrainei\/"},"wordCount":320,"commentCount":0,"publisher":{"@id":"https:\/\/carpathiacenter.ro\/#organization"},"image":{"@id":"https:\/\/carpathiacenter.ro\/video-nicusor-dan-spune-ca-romania-mai-degraba-nu-sustine-instituirea-unei-zone-de-no-fly-deasupra-ucrainei\/#primaryimage"},"thumbnailUrl":"https:\/\/carpathiacenter.ro\/wp-content\/uploads\/2025\/06\/Nicusor-Dan.jpg","articleSection":["Uncategorized"],"inLanguage":"en-GB","potentialAction":[{"@type":"CommentAction","name":"Comment","target":["https:\/\/carpathiacenter.ro\/video-nicusor-dan-spune-ca-romania-mai-degraba-nu-sustine-instituirea-unei-zone-de-no-fly-deasupra-ucrainei\/#respond"]}]},{"@type":"WebPage","@id":"https:\/\/carpathiacenter.ro\/video-nicusor-dan-spune-ca-romania-mai-degraba-nu-sustine-instituirea-unei-zone-de-no-fly-deasupra-ucrainei\/","url":"https:\/\/carpathiacenter.ro\/video-nicusor-dan-spune-ca-romania-mai-degraba-nu-sustine-instituirea-unei-zone-de-no-fly-deasupra-ucrainei\/","name":"VIDEO Nicu\u0219or Dan spune c\u0103 Rom\u00e2nia mai degrab\u0103 nu sus\u021bine instituirea unei zone de no-fly deasupra Ucrainei - Carpathia Center Romania","isPartOf":{"@id":"https:\/\/carpathiacenter.ro\/#website"},"primaryImageOfPage":{"@id":"https:\/\/carpathiacenter.ro\/video-nicusor-dan-spune-ca-romania-mai-degraba-nu-sustine-instituirea-unei-zone-de-no-fly-deasupra-ucrainei\/#primaryimage"},"image":{"@id":"https:\/\/carpathiacenter.ro\/video-nicusor-dan-spune-ca-romania-mai-degraba-nu-sustine-instituirea-unei-zone-de-no-fly-deasupra-ucrainei\/#primaryimage"},"thumbnailUrl":"https:\/\/carpathiacenter.ro\/wp-content\/uploads\/2025\/06\/Nicusor-Dan.jpg","datePublished":"2025-09-16T10:08:04+00:00","breadcrumb":{"@id":"https:\/\/carpathiacenter.ro\/video-nicusor-dan-spune-ca-romania-mai-degraba-nu-sustine-instituirea-unei-zone-de-no-fly-deasupra-ucrainei\/#breadcrumb"},"inLanguage":"en-GB","potentialAction":[{"@type":"ReadAction","target":["https:\/\/carpathiacenter.ro\/video-nicusor-dan-spune-ca-romania-mai-degraba-nu-sustine-instituirea-unei-zone-de-no-fly-deasupra-ucrainei\/"]}]},{"@type":"ImageObject","inLanguage":"en-GB","@id":"https:\/\/carpathiacenter.ro\/video-nicusor-dan-spune-ca-romania-mai-degraba-nu-sustine-instituirea-unei-zone-de-no-fly-deasupra-ucrainei\/#primaryimage","url":"https:\/\/carpathiacenter.ro\/wp-content\/uploads\/2025\/06\/Nicusor-Dan.jpg","contentUrl":"https:\/\/carpathiacenter.ro\/wp-content\/uploads\/2025\/06\/Nicusor-Dan.jpg","width":780,"height":440},{"@type":"BreadcrumbList","@id":"https:\/\/carpathiacenter.ro\/video-nicusor-dan-spune-ca-romania-mai-degraba-nu-sustine-instituirea-unei-zone-de-no-fly-deasupra-ucrainei\/#breadcrumb","itemListElement":[{"@type":"ListItem","position":1,"name":"Prima pagin\u0103","item":"https:\/\/carpathiacenter.ro\/"},{"@type":"ListItem","position":2,"name":"VIDEO Nicu\u0219or Dan spune c\u0103 Rom\u00e2nia mai degrab\u0103 nu sus\u021bine instituirea unei zone de no-fly deasupra Ucrainei"}]},{"@type":"WebSite","@id":"https:\/\/carpathiacenter.ro\/#website","url":"https:\/\/carpathiacenter.ro\/","name":"Carpathia Center Romania","description":"Impossible made possible!","publisher":{"@id":"https:\/\/carpathiacenter.ro\/#organization"},"potentialAction":[{"@type":"SearchAction","target":{"@type":"EntryPoint","urlTemplate":"https:\/\/carpathiacenter.ro\/?s={search_term_string}"},"query-input":{"@type":"PropertyValueSpecification","valueRequired":true,"valueName":"search_term_string"}}],"inLanguage":"en-GB"},{"@type":"Organization","@id":"https:\/\/carpathiacenter.ro\/#organization","name":"Carpathia Center Romania","url":"https:\/\/carpathiacenter.ro\/","logo":{"@type":"ImageObject","inLanguage":"en-GB","@id":"https:\/\/carpathiacenter.ro\/#\/schema\/logo\/image\/","url":"https:\/\/carpathiacenter.ro\/wp-content\/uploads\/2024\/07\/logo-carpathia_bg_white-1024x941.png","contentUrl":"https:\/\/carpathiacenter.ro\/wp-content\/uploads\/2024\/07\/logo-carpathia_bg_white-1024x941.png","width":1024,"height":941,"caption":"Carpathia Center Romania"},"image":{"@id":"https:\/\/carpathiacenter.ro\/#\/schema\/logo\/image\/"},"sameAs":["https:\/\/www.facebook.com\/fdpscarpathia\/"]},{"@type":"Person","@id":"https:\/\/carpathiacenter.ro\/#\/schema\/person\/03d9f58202fee8379268f34afa195006","name":"creativebitsolutions","image":{"@type":"ImageObject","inLanguage":"en-GB","@id":"https:\/\/carpathiacenter.ro\/#\/schema\/person\/image\/","url":"https:\/\/secure.gravatar.com\/avatar\/1b1a13e37f847c635dab78348f1dff2f07651ee2a3d77a5c355a4b8c75f9165a?s=96&d=mm&r=g","contentUrl":"https:\/\/secure.gravatar.com\/avatar\/1b1a13e37f847c635dab78348f1dff2f07651ee2a3d77a5c355a4b8c75f9165a?s=96&d=mm&r=g","caption":"creativebitsolutions"},"url":"https:\/\/carpathiacenter.ro\/en\/author\/creativebitsolutions\/"}]}},"_links":{"self":[{"href":"https:\/\/carpathiacenter.ro\/en\/wp-json\/wp\/v2\/posts\/3024","targetHints":{"allow":["GET"]}}],"collection":[{"href":"https:\/\/carpathiacenter.ro\/en\/wp-json\/wp\/v2\/posts"}],"about":[{"href":"https:\/\/carpathiacenter.ro\/en\/wp-json\/wp\/v2\/types\/post"}],"author":[{"embeddable":true,"href":"https:\/\/carpathiacenter.ro\/en\/wp-json\/wp\/v2\/users\/4"}],"replies":[{"embeddable":true,"href":"https:\/\/carpathiacenter.ro\/en\/wp-json\/wp\/v2\/comments?post=3024"}],"version-history":[{"count":1,"href":"https:\/\/carpathiacenter.ro\/en\/wp-json\/wp\/v2\/posts\/3024\/revisions"}],"predecessor-version":[{"id":3025,"href":"https:\/\/carpathiacenter.ro\/en\/wp-json\/wp\/v2\/posts\/3024\/revisions\/3025"}],"wp:featuredmedia":[{"embeddable":true,"href":"https:\/\/carpathiacenter.ro\/en\/wp-json\/wp\/v2\/media\/2562"}],"wp:attachment":[{"href":"https:\/\/carpathiacenter.ro\/en\/wp-json\/wp\/v2\/media?parent=3024"}],"wp:term":[{"taxonomy":"category","embeddable":true,"href":"https:\/\/carpathiacenter.ro\/en\/wp-json\/wp\/v2\/categories?post=3024"},{"taxonomy":"post_tag","embeddable":true,"href":"https:\/\/carpathiacenter.ro\/en\/wp-json\/wp\/v2\/tags?post=3024"}],"curies":[{"name":"wp","href":"https:\/\/api.w.org\/{rel}","templated":true}]}}