{"id":3017,"date":"2025-09-15T07:46:08","date_gmt":"2025-09-15T07:46:08","guid":{"rendered":"https:\/\/carpathiacenter.ro\/?p=3017"},"modified":"2025-09-15T07:46:08","modified_gmt":"2025-09-15T07:46:08","slug":"ce-i-a-transmis-ministra-de-externe-ambasadorul-rus-convocat-la-mae","status":"publish","type":"post","link":"https:\/\/carpathiacenter.ro\/en\/ce-i-a-transmis-ministra-de-externe-ambasadorul-rus-convocat-la-mae\/","title":{"rendered":"Ce i-a transmis ministra de externe ambasadorul rus, convocat la MAE"},"content":{"rendered":"<p><strong>Ambasadorul Federa\u0163iei Ruse la Bucure\u015fti, Vladimir Lipaev, a fost convocat, duminic\u0103, la Ministerul Afacerilor Externe, pentru a i se transmite protestul \u201eferm\u201d al autorit\u0103\u021bilor rom\u00e2ne dup\u0103 \u00eenc\u0103lcarea spa\u021biului aerian na\u021bional de c\u0103tre o dron\u0103 a Rusiei. MAE calific\u0103 incursiunea un \u201eact inacceptabil \u015fi iresponsabil, ce reprezint\u0103 o violare a suveranit\u0103\u0163ii Rom\u00e2niei\u201d.<\/strong><\/p>\n<p>Diplomatul rus a fost astfel chemat din nou la sediul Ministerului rom\u00e2n de Externe la numai trei zile dup\u0103 ce a fost\u00a0<a href=\"https:\/\/hotnews.ro\/ambasadorul-rusiei-la-bucuresti-a-fost-chemat-la-mae-incursiunea-dronelor-rusesti-in-polonia-reprezinta-o-amenintare-la-adresa-securitatii-europene-2064143\">covocat pentru incidentul \u2013 tot cu drone ruse\u0219ti \u2013 din Polonia<\/a>.<\/p>\n<div id=\"div-billboard2\" class=\"inserted-position billboard-2\"><\/div>\n<p>\u201eDin dispozi\u0163ia ministrului afacerilor externe, ambasadorul Federa\u0163iei Ruse la Bucure\u015fti a fost convocat la sediul Ministerului Afacerilor Externe, \u00een leg\u0103tur\u0103 cu \u00eenc\u0103lcarea spa\u0163iului aerian al Rom\u00e2niei de o dron\u0103 ruseasc\u0103 \u00een cursul zilei de 13 septembrie 2025\u201d, a anun\u0163at MAE \u00eentr-un comunicat remis duminic\u0103 sear\u0103.<\/p>\n<p>Potrivit MAE, partea rom\u00e2n\u0103 a transmis \u201eprotestul ferm fa\u0163\u0103 de acest act inacceptabil \u015fi iresponsabil, care reprezint\u0103 o violare a suveranit\u0103\u0163ii Rom\u00e2niei\u201d.<\/p>\n<p>\u201eAstfel de situa\u0163ii recurente determin\u0103 escaladarea \u015fi amplificarea amenin\u0163\u0103rilor la adresa situa\u0163iei de securitate regionale\u201d, afirm\u0103 MAE, care precizeaz\u0103 c\u0103 a solicitat p\u0103r\u0163ii ruse \u201es\u0103 ia ne\u00eent\u00e2rziat toate m\u0103surile care se impun pentru a evita pe viitor \u00eenc\u0103lcarea spa\u0163iului aerian al Rom\u00e2niei\u201d.<\/p>\n<div id=\"div-billboard3\" class=\"inserted-position billboard-3\"><\/div>\n<p>\u201eRom\u00e2nia este \u00een permanent contact cu alia\u0163ii s\u0103i \u015fi cu ceilal\u0163i membri UE\u201d, precizeaz\u0103 \u00een \u00eencheiere Ministerul de Externe.<\/p>\n<p>Sursa articolului : <a href=\"https:\/\/hotnews.ro\/ce-i-a-transmis-ministra-de-externe-ambasadorul-rus-convocat-la-mae-2065828\">https:\/\/hotnews.ro\/ce-i-a-transmis-ministra-de-externe-ambasadorul-rus-convocat-la-mae-2065828<\/a><\/p>","protected":false},"excerpt":{"rendered":"<p>Ambasadorul Federa\u0163iei Ruse la Bucure\u015fti, Vladimir Lipaev, a fost convocat, duminic\u0103, la Ministerul Afacerilor Externe, pentru a i se transmite protestul \u201eferm\u201d al autorit\u0103\u021bilor rom\u00e2ne dup\u0103 \u00eenc\u0103lcarea spa\u021biului aerian na\u021bional de c\u0103tre o dron\u0103 a Rusiei. MAE calific\u0103 incursiunea un \u201eact inacceptabil \u015fi iresponsabil, ce reprezint\u0103 o violare a suveranit\u0103\u0163ii Rom\u00e2niei\u201d. Diplomatul rus a fost&#8230;<\/p>","protected":false},"author":4,"featured_media":3018,"comment_status":"open","ping_status":"open","sticky":false,"template":"","format":"standard","meta":{"footnotes":""},"categories":[1],"tags":[],"class_list":["post-3017","post","type-post","status-publish","format-standard","has-post-thumbnail","hentry","category-uncategorized"],"yoast_head":"<!-- This site is optimized with the Yoast SEO plugin v26.1.1 - https:\/\/yoast.com\/wordpress\/plugins\/seo\/ -->\n<title>Ce i-a transmis ministra de externe ambasadorul rus, convocat la MAE - Carpathia Center Romania<\/title>\n<meta name=\"robots\" content=\"index, follow, max-snippet:-1, max-image-preview:large, max-video-preview:-1\" \/>\n<link rel=\"canonical\" href=\"https:\/\/carpathiacenter.ro\/en\/ce-i-a-transmis-ministra-de-externe-ambasadorul-rus-convocat-la-mae\/\" \/>\n<meta property=\"og:locale\" content=\"en_GB\" \/>\n<meta property=\"og:type\" content=\"article\" \/>\n<meta property=\"og:title\" content=\"Ce i-a transmis ministra de externe ambasadorul rus, convocat la MAE - Carpathia Center Romania\" \/>\n<meta property=\"og:description\" content=\"Ambasadorul Federa\u0163iei Ruse la Bucure\u015fti, Vladimir Lipaev, a fost convocat, duminic\u0103, la Ministerul Afacerilor Externe, pentru a i se transmite protestul \u201eferm\u201d al autorit\u0103\u021bilor rom\u00e2ne dup\u0103 \u00eenc\u0103lcarea spa\u021biului aerian na\u021bional de c\u0103tre o dron\u0103 a Rusiei. MAE calific\u0103 incursiunea un \u201eact inacceptabil \u015fi iresponsabil, ce reprezint\u0103 o violare a suveranit\u0103\u0163ii Rom\u00e2niei\u201d. Diplomatul rus a fost...\" \/>\n<meta property=\"og:url\" content=\"https:\/\/carpathiacenter.ro\/en\/ce-i-a-transmis-ministra-de-externe-ambasadorul-rus-convocat-la-mae\/\" \/>\n<meta property=\"og:site_name\" content=\"Carpathia Center Romania\" \/>\n<meta property=\"article:publisher\" content=\"https:\/\/www.facebook.com\/fdpscarpathia\/\" \/>\n<meta property=\"article:published_time\" content=\"2025-09-15T07:46:08+00:00\" \/>\n<meta property=\"og:image\" content=\"https:\/\/carpathiacenter.ro\/wp-content\/uploads\/2025\/09\/Ambasadorul-Federatiei-Ruse-Vladimir-Lipaev.jpg\" \/>\n\t<meta property=\"og:image:width\" content=\"830\" \/>\n\t<meta property=\"og:image:height\" content=\"475\" \/>\n\t<meta property=\"og:image:type\" content=\"image\/jpeg\" \/>\n<meta name=\"author\" content=\"creativebitsolutions\" \/>\n<meta name=\"twitter:card\" content=\"summary_large_image\" \/>\n<meta name=\"twitter:label1\" content=\"Written by\" \/>\n\t<meta name=\"twitter:data1\" content=\"creativebitsolutions\" \/>\n\t<meta name=\"twitter:label2\" content=\"Estimated reading time\" \/>\n\t<meta name=\"twitter:data2\" content=\"1 minute\" \/>\n<script type=\"application\/ld+json\" class=\"yoast-schema-graph\">{\"@context\":\"https:\/\/schema.org\",\"@graph\":[{\"@type\":\"Article\",\"@id\":\"https:\/\/carpathiacenter.ro\/ce-i-a-transmis-ministra-de-externe-ambasadorul-rus-convocat-la-mae\/#article\",\"isPartOf\":{\"@id\":\"https:\/\/carpathiacenter.ro\/ce-i-a-transmis-ministra-de-externe-ambasadorul-rus-convocat-la-mae\/\"},\"author\":{\"name\":\"creativebitsolutions\",\"@id\":\"https:\/\/carpathiacenter.ro\/#\/schema\/person\/03d9f58202fee8379268f34afa195006\"},\"headline\":\"Ce i-a transmis ministra de externe ambasadorul rus, convocat la MAE\",\"datePublished\":\"2025-09-15T07:46:08+00:00\",\"mainEntityOfPage\":{\"@id\":\"https:\/\/carpathiacenter.ro\/ce-i-a-transmis-ministra-de-externe-ambasadorul-rus-convocat-la-mae\/\"},\"wordCount\":263,\"commentCount\":0,\"publisher\":{\"@id\":\"https:\/\/carpathiacenter.ro\/#organization\"},\"image\":{\"@id\":\"https:\/\/carpathiacenter.ro\/ce-i-a-transmis-ministra-de-externe-ambasadorul-rus-convocat-la-mae\/#primaryimage\"},\"thumbnailUrl\":\"https:\/\/carpathiacenter.ro\/wp-content\/uploads\/2025\/09\/Ambasadorul-Federatiei-Ruse-Vladimir-Lipaev.jpg\",\"articleSection\":[\"Uncategorized\"],\"inLanguage\":\"en-GB\",\"potentialAction\":[{\"@type\":\"CommentAction\",\"name\":\"Comment\",\"target\":[\"https:\/\/carpathiacenter.ro\/ce-i-a-transmis-ministra-de-externe-ambasadorul-rus-convocat-la-mae\/#respond\"]}]},{\"@type\":\"WebPage\",\"@id\":\"https:\/\/carpathiacenter.ro\/ce-i-a-transmis-ministra-de-externe-ambasadorul-rus-convocat-la-mae\/\",\"url\":\"https:\/\/carpathiacenter.ro\/ce-i-a-transmis-ministra-de-externe-ambasadorul-rus-convocat-la-mae\/\",\"name\":\"Ce i-a transmis ministra de externe ambasadorul rus, convocat la MAE - Carpathia Center Romania\",\"isPartOf\":{\"@id\":\"https:\/\/carpathiacenter.ro\/#website\"},\"primaryImageOfPage\":{\"@id\":\"https:\/\/carpathiacenter.ro\/ce-i-a-transmis-ministra-de-externe-ambasadorul-rus-convocat-la-mae\/#primaryimage\"},\"image\":{\"@id\":\"https:\/\/carpathiacenter.ro\/ce-i-a-transmis-ministra-de-externe-ambasadorul-rus-convocat-la-mae\/#primaryimage\"},\"thumbnailUrl\":\"https:\/\/carpathiacenter.ro\/wp-content\/uploads\/2025\/09\/Ambasadorul-Federatiei-Ruse-Vladimir-Lipaev.jpg\",\"datePublished\":\"2025-09-15T07:46:08+00:00\",\"breadcrumb\":{\"@id\":\"https:\/\/carpathiacenter.ro\/ce-i-a-transmis-ministra-de-externe-ambasadorul-rus-convocat-la-mae\/#breadcrumb\"},\"inLanguage\":\"en-GB\",\"potentialAction\":[{\"@type\":\"ReadAction\",\"target\":[\"https:\/\/carpathiacenter.ro\/ce-i-a-transmis-ministra-de-externe-ambasadorul-rus-convocat-la-mae\/\"]}]},{\"@type\":\"ImageObject\",\"inLanguage\":\"en-GB\",\"@id\":\"https:\/\/carpathiacenter.ro\/ce-i-a-transmis-ministra-de-externe-ambasadorul-rus-convocat-la-mae\/#primaryimage\",\"url\":\"https:\/\/carpathiacenter.ro\/wp-content\/uploads\/2025\/09\/Ambasadorul-Federatiei-Ruse-Vladimir-Lipaev.jpg\",\"contentUrl\":\"https:\/\/carpathiacenter.ro\/wp-content\/uploads\/2025\/09\/Ambasadorul-Federatiei-Ruse-Vladimir-Lipaev.jpg\",\"width\":830,\"height\":475},{\"@type\":\"BreadcrumbList\",\"@id\":\"https:\/\/carpathiacenter.ro\/ce-i-a-transmis-ministra-de-externe-ambasadorul-rus-convocat-la-mae\/#breadcrumb\",\"itemListElement\":[{\"@type\":\"ListItem\",\"position\":1,\"name\":\"Prima pagin\u0103\",\"item\":\"https:\/\/carpathiacenter.ro\/\"},{\"@type\":\"ListItem\",\"position\":2,\"name\":\"Ce i-a transmis ministra de externe ambasadorul rus, convocat la MAE\"}]},{\"@type\":\"WebSite\",\"@id\":\"https:\/\/carpathiacenter.ro\/#website\",\"url\":\"https:\/\/carpathiacenter.ro\/\",\"name\":\"Carpathia Center Romania\",\"description\":\"Impossible made possible!\",\"publisher\":{\"@id\":\"https:\/\/carpathiacenter.ro\/#organization\"},\"potentialAction\":[{\"@type\":\"SearchAction\",\"target\":{\"@type\":\"EntryPoint\",\"urlTemplate\":\"https:\/\/carpathiacenter.ro\/?s={search_term_string}\"},\"query-input\":{\"@type\":\"PropertyValueSpecification\",\"valueRequired\":true,\"valueName\":\"search_term_string\"}}],\"inLanguage\":\"en-GB\"},{\"@type\":\"Organization\",\"@id\":\"https:\/\/carpathiacenter.ro\/#organization\",\"name\":\"Carpathia Center Romania\",\"url\":\"https:\/\/carpathiacenter.ro\/\",\"logo\":{\"@type\":\"ImageObject\",\"inLanguage\":\"en-GB\",\"@id\":\"https:\/\/carpathiacenter.ro\/#\/schema\/logo\/image\/\",\"url\":\"https:\/\/carpathiacenter.ro\/wp-content\/uploads\/2024\/07\/logo-carpathia_bg_white-1024x941.png\",\"contentUrl\":\"https:\/\/carpathiacenter.ro\/wp-content\/uploads\/2024\/07\/logo-carpathia_bg_white-1024x941.png\",\"width\":1024,\"height\":941,\"caption\":\"Carpathia Center Romania\"},\"image\":{\"@id\":\"https:\/\/carpathiacenter.ro\/#\/schema\/logo\/image\/\"},\"sameAs\":[\"https:\/\/www.facebook.com\/fdpscarpathia\/\"]},{\"@type\":\"Person\",\"@id\":\"https:\/\/carpathiacenter.ro\/#\/schema\/person\/03d9f58202fee8379268f34afa195006\",\"name\":\"creativebitsolutions\",\"image\":{\"@type\":\"ImageObject\",\"inLanguage\":\"en-GB\",\"@id\":\"https:\/\/carpathiacenter.ro\/#\/schema\/person\/image\/\",\"url\":\"https:\/\/secure.gravatar.com\/avatar\/1b1a13e37f847c635dab78348f1dff2f07651ee2a3d77a5c355a4b8c75f9165a?s=96&d=mm&r=g\",\"contentUrl\":\"https:\/\/secure.gravatar.com\/avatar\/1b1a13e37f847c635dab78348f1dff2f07651ee2a3d77a5c355a4b8c75f9165a?s=96&d=mm&r=g\",\"caption\":\"creativebitsolutions\"},\"url\":\"https:\/\/carpathiacenter.ro\/en\/author\/creativebitsolutions\/\"}]}<\/script>\n<!-- \/ Yoast SEO plugin. -->","yoast_head_json":{"title":"Ce i-a transmis ministra de externe ambasadorul rus, convocat la MAE - Carpathia Center Romania","robots":{"index":"index","follow":"follow","max-snippet":"max-snippet:-1","max-image-preview":"max-image-preview:large","max-video-preview":"max-video-preview:-1"},"canonical":"https:\/\/carpathiacenter.ro\/en\/ce-i-a-transmis-ministra-de-externe-ambasadorul-rus-convocat-la-mae\/","og_locale":"en_GB","og_type":"article","og_title":"Ce i-a transmis ministra de externe ambasadorul rus, convocat la MAE - Carpathia Center Romania","og_description":"Ambasadorul Federa\u0163iei Ruse la Bucure\u015fti, Vladimir Lipaev, a fost convocat, duminic\u0103, la Ministerul Afacerilor Externe, pentru a i se transmite protestul \u201eferm\u201d al autorit\u0103\u021bilor rom\u00e2ne dup\u0103 \u00eenc\u0103lcarea spa\u021biului aerian na\u021bional de c\u0103tre o dron\u0103 a Rusiei. MAE calific\u0103 incursiunea un \u201eact inacceptabil \u015fi iresponsabil, ce reprezint\u0103 o violare a suveranit\u0103\u0163ii Rom\u00e2niei\u201d. Diplomatul rus a fost...","og_url":"https:\/\/carpathiacenter.ro\/en\/ce-i-a-transmis-ministra-de-externe-ambasadorul-rus-convocat-la-mae\/","og_site_name":"Carpathia Center Romania","article_publisher":"https:\/\/www.facebook.com\/fdpscarpathia\/","article_published_time":"2025-09-15T07:46:08+00:00","og_image":[{"width":830,"height":475,"url":"https:\/\/carpathiacenter.ro\/wp-content\/uploads\/2025\/09\/Ambasadorul-Federatiei-Ruse-Vladimir-Lipaev.jpg","type":"image\/jpeg"}],"author":"creativebitsolutions","twitter_card":"summary_large_image","twitter_misc":{"Written by":"creativebitsolutions","Estimated reading time":"1 minute"},"schema":{"@context":"https:\/\/schema.org","@graph":[{"@type":"Article","@id":"https:\/\/carpathiacenter.ro\/ce-i-a-transmis-ministra-de-externe-ambasadorul-rus-convocat-la-mae\/#article","isPartOf":{"@id":"https:\/\/carpathiacenter.ro\/ce-i-a-transmis-ministra-de-externe-ambasadorul-rus-convocat-la-mae\/"},"author":{"name":"creativebitsolutions","@id":"https:\/\/carpathiacenter.ro\/#\/schema\/person\/03d9f58202fee8379268f34afa195006"},"headline":"Ce i-a transmis ministra de externe ambasadorul rus, convocat la MAE","datePublished":"2025-09-15T07:46:08+00:00","mainEntityOfPage":{"@id":"https:\/\/carpathiacenter.ro\/ce-i-a-transmis-ministra-de-externe-ambasadorul-rus-convocat-la-mae\/"},"wordCount":263,"commentCount":0,"publisher":{"@id":"https:\/\/carpathiacenter.ro\/#organization"},"image":{"@id":"https:\/\/carpathiacenter.ro\/ce-i-a-transmis-ministra-de-externe-ambasadorul-rus-convocat-la-mae\/#primaryimage"},"thumbnailUrl":"https:\/\/carpathiacenter.ro\/wp-content\/uploads\/2025\/09\/Ambasadorul-Federatiei-Ruse-Vladimir-Lipaev.jpg","articleSection":["Uncategorized"],"inLanguage":"en-GB","potentialAction":[{"@type":"CommentAction","name":"Comment","target":["https:\/\/carpathiacenter.ro\/ce-i-a-transmis-ministra-de-externe-ambasadorul-rus-convocat-la-mae\/#respond"]}]},{"@type":"WebPage","@id":"https:\/\/carpathiacenter.ro\/ce-i-a-transmis-ministra-de-externe-ambasadorul-rus-convocat-la-mae\/","url":"https:\/\/carpathiacenter.ro\/ce-i-a-transmis-ministra-de-externe-ambasadorul-rus-convocat-la-mae\/","name":"Ce i-a transmis ministra de externe ambasadorul rus, convocat la MAE - Carpathia Center Romania","isPartOf":{"@id":"https:\/\/carpathiacenter.ro\/#website"},"primaryImageOfPage":{"@id":"https:\/\/carpathiacenter.ro\/ce-i-a-transmis-ministra-de-externe-ambasadorul-rus-convocat-la-mae\/#primaryimage"},"image":{"@id":"https:\/\/carpathiacenter.ro\/ce-i-a-transmis-ministra-de-externe-ambasadorul-rus-convocat-la-mae\/#primaryimage"},"thumbnailUrl":"https:\/\/carpathiacenter.ro\/wp-content\/uploads\/2025\/09\/Ambasadorul-Federatiei-Ruse-Vladimir-Lipaev.jpg","datePublished":"2025-09-15T07:46:08+00:00","breadcrumb":{"@id":"https:\/\/carpathiacenter.ro\/ce-i-a-transmis-ministra-de-externe-ambasadorul-rus-convocat-la-mae\/#breadcrumb"},"inLanguage":"en-GB","potentialAction":[{"@type":"ReadAction","target":["https:\/\/carpathiacenter.ro\/ce-i-a-transmis-ministra-de-externe-ambasadorul-rus-convocat-la-mae\/"]}]},{"@type":"ImageObject","inLanguage":"en-GB","@id":"https:\/\/carpathiacenter.ro\/ce-i-a-transmis-ministra-de-externe-ambasadorul-rus-convocat-la-mae\/#primaryimage","url":"https:\/\/carpathiacenter.ro\/wp-content\/uploads\/2025\/09\/Ambasadorul-Federatiei-Ruse-Vladimir-Lipaev.jpg","contentUrl":"https:\/\/carpathiacenter.ro\/wp-content\/uploads\/2025\/09\/Ambasadorul-Federatiei-Ruse-Vladimir-Lipaev.jpg","width":830,"height":475},{"@type":"BreadcrumbList","@id":"https:\/\/carpathiacenter.ro\/ce-i-a-transmis-ministra-de-externe-ambasadorul-rus-convocat-la-mae\/#breadcrumb","itemListElement":[{"@type":"ListItem","position":1,"name":"Prima pagin\u0103","item":"https:\/\/carpathiacenter.ro\/"},{"@type":"ListItem","position":2,"name":"Ce i-a transmis ministra de externe ambasadorul rus, convocat la MAE"}]},{"@type":"WebSite","@id":"https:\/\/carpathiacenter.ro\/#website","url":"https:\/\/carpathiacenter.ro\/","name":"Carpathia Center Romania","description":"Impossible made possible!","publisher":{"@id":"https:\/\/carpathiacenter.ro\/#organization"},"potentialAction":[{"@type":"SearchAction","target":{"@type":"EntryPoint","urlTemplate":"https:\/\/carpathiacenter.ro\/?s={search_term_string}"},"query-input":{"@type":"PropertyValueSpecification","valueRequired":true,"valueName":"search_term_string"}}],"inLanguage":"en-GB"},{"@type":"Organization","@id":"https:\/\/carpathiacenter.ro\/#organization","name":"Carpathia Center Romania","url":"https:\/\/carpathiacenter.ro\/","logo":{"@type":"ImageObject","inLanguage":"en-GB","@id":"https:\/\/carpathiacenter.ro\/#\/schema\/logo\/image\/","url":"https:\/\/carpathiacenter.ro\/wp-content\/uploads\/2024\/07\/logo-carpathia_bg_white-1024x941.png","contentUrl":"https:\/\/carpathiacenter.ro\/wp-content\/uploads\/2024\/07\/logo-carpathia_bg_white-1024x941.png","width":1024,"height":941,"caption":"Carpathia Center Romania"},"image":{"@id":"https:\/\/carpathiacenter.ro\/#\/schema\/logo\/image\/"},"sameAs":["https:\/\/www.facebook.com\/fdpscarpathia\/"]},{"@type":"Person","@id":"https:\/\/carpathiacenter.ro\/#\/schema\/person\/03d9f58202fee8379268f34afa195006","name":"creativebitsolutions","image":{"@type":"ImageObject","inLanguage":"en-GB","@id":"https:\/\/carpathiacenter.ro\/#\/schema\/person\/image\/","url":"https:\/\/secure.gravatar.com\/avatar\/1b1a13e37f847c635dab78348f1dff2f07651ee2a3d77a5c355a4b8c75f9165a?s=96&d=mm&r=g","contentUrl":"https:\/\/secure.gravatar.com\/avatar\/1b1a13e37f847c635dab78348f1dff2f07651ee2a3d77a5c355a4b8c75f9165a?s=96&d=mm&r=g","caption":"creativebitsolutions"},"url":"https:\/\/carpathiacenter.ro\/en\/author\/creativebitsolutions\/"}]}},"_links":{"self":[{"href":"https:\/\/carpathiacenter.ro\/en\/wp-json\/wp\/v2\/posts\/3017","targetHints":{"allow":["GET"]}}],"collection":[{"href":"https:\/\/carpathiacenter.ro\/en\/wp-json\/wp\/v2\/posts"}],"about":[{"href":"https:\/\/carpathiacenter.ro\/en\/wp-json\/wp\/v2\/types\/post"}],"author":[{"embeddable":true,"href":"https:\/\/carpathiacenter.ro\/en\/wp-json\/wp\/v2\/users\/4"}],"replies":[{"embeddable":true,"href":"https:\/\/carpathiacenter.ro\/en\/wp-json\/wp\/v2\/comments?post=3017"}],"version-history":[{"count":1,"href":"https:\/\/carpathiacenter.ro\/en\/wp-json\/wp\/v2\/posts\/3017\/revisions"}],"predecessor-version":[{"id":3019,"href":"https:\/\/carpathiacenter.ro\/en\/wp-json\/wp\/v2\/posts\/3017\/revisions\/3019"}],"wp:featuredmedia":[{"embeddable":true,"href":"https:\/\/carpathiacenter.ro\/en\/wp-json\/wp\/v2\/media\/3018"}],"wp:attachment":[{"href":"https:\/\/carpathiacenter.ro\/en\/wp-json\/wp\/v2\/media?parent=3017"}],"wp:term":[{"taxonomy":"category","embeddable":true,"href":"https:\/\/carpathiacenter.ro\/en\/wp-json\/wp\/v2\/categories?post=3017"},{"taxonomy":"post_tag","embeddable":true,"href":"https:\/\/carpathiacenter.ro\/en\/wp-json\/wp\/v2\/tags?post=3017"}],"curies":[{"name":"wp","href":"https:\/\/api.w.org\/{rel}","templated":true}]}}