{"id":3014,"date":"2025-09-15T07:44:04","date_gmt":"2025-09-15T07:44:04","guid":{"rendered":"https:\/\/carpathiacenter.ro\/?p=3014"},"modified":"2025-09-15T07:44:25","modified_gmt":"2025-09-15T07:44:25","slug":"vicepresedinte-cna-despre-campaniile-de-dezinformare-de-factura-ruseasca-eliminate-pana-acum-ce-aspect-legat-de-retelele-sociale-reprezinta-o-problema-pentru-autoritati","status":"publish","type":"post","link":"https:\/\/carpathiacenter.ro\/en\/vicepresedinte-cna-despre-campaniile-de-dezinformare-de-factura-ruseasca-eliminate-pana-acum-ce-aspect-legat-de-retelele-sociale-reprezinta-o-problema-pentru-autoritati\/","title":{"rendered":"Vicepre\u015fedinte CNA, despre campaniile de dezinformare de factur\u0103 ruseasc\u0103 eliminate p\u00e2n\u0103 acum \/ Ce aspect legat de re\u021belele sociale reprezint\u0103 o problem\u0103 pentru autorit\u0103\u0163i"},"content":{"rendered":"<p><strong>\u200aVicepre\u015fedintele Consiliului Na\u0163ional al Audiovizualului (CNA), Valentin Jucan, afirm\u0103 c\u0103 de la \u00eenceputul anului au fost emise peste 400 de ordine de eliminare a con\u0163inutul online de pe diferite platforme care aveau dezinform\u0103ri de factur\u0103 ruseasc\u0103 \u015fi a explicat c\u0103 \u00eentr-un asemenea ordin pot fi trecute p\u00e2n\u0103 la 400 de linkuri, citeaz\u0103 News.ro. El a ad\u0103ugat c\u0103 platformele de social media nu te las\u0103 s\u0103 cau\u0163i con\u0163inut ilegal, iar aceasta reprezint\u0103 o problem\u0103 pentru autorit\u0103\u0163i.<\/strong><\/p>\n<p>Valentin Jucan a fost \u00eentrebat, duminic\u0103, la Digi 24, c\u00e2te campanii de dezinformare de factur\u0103 ruseasc\u0103 a dat jos \u00eentr-un an.<\/p>\n<div id=\"div-billboard2\" class=\"inserted-position billboard-2\"><\/div>\n<p>\u201eDe la \u00eenceputul anului am emis peste 400 de ordine de eliminare. Un ordin nu \u00eenseamn\u0103 un link, pentru c\u0103 \u00eentr-un ordin de eliminare noi putem s\u0103 trecem \u2013 de exemplu, \u00een privin\u0163a platformei TikTok \u2013 putem s\u0103 trecem p\u00e2n\u0103 la 400 de linkuri pe care le g\u0103sim, fiind \u00eencadrabile la acest tip de con\u0163inut ilegal. Deci de ordinul miilor. (\u2026) Un ordin, un document poate s\u0103 con\u0163in\u0103 \u00een privin\u0163a platformei TikTok 400 de linkuri\u201d, a declarat vicepre\u015fedintele CNA.<\/p>\n<p>El a mai fost \u00eentrebat c\u00e2te campanii de acest gen crede c\u0103 se desf\u0103\u015foar\u0103 \u00een mediul online \u00een acest moment.<\/p>\n<p>\u201eNu \u0163inem pasul, este clar c\u0103 nu \u0163inem pasul, de aceea vorbeam despre soft. Softul cu care am putea s\u0103 ar\u0103t\u0103m nu doar un link, ci \u00eentreaga campanie. (\u2026) Exist\u0103 mai multe softuri pe care noi \u00een aceast\u0103 perioad\u0103 le-am testat. Sunt softuri concepute \u00een spa\u0163iul Uniunii Europene \u015fi sunt specializate \u00een a detecta acest tip de campanii. Ele nu sunt ni\u015fte softuri precum unul instalat \u00eentr-un telefon mobil sau \u00eentr-un calculator. Evident vine \u015fi cu acest tip de download \u015fi de instalare, dar este un concept care \u00eembin\u0103 asisten\u0163a oferit\u0103 de compania respectiv\u0103, asisten\u0163\u0103 uman\u0103, c\u00e2t \u015fi cea de detec\u0163ie cu inteligen\u0163\u0103 artificial\u0103\u201d, a transmis Valentin Jucan.<\/p>\n<div id=\"div-billboard3\" class=\"inserted-position billboard-3\"><\/div>\n<h2 class=\"wp-block-heading\">\u201eExist\u0103 o platform\u0103 care nu coopereaz\u0103 aproape niciun fel. 99% nu\u201d<\/h2>\n<p>El a ad\u0103ugat c\u0103 niciuna dintre platformele de social media nu ofer\u0103 autorit\u0103\u0163ilor acces la con\u0163inut ilegal.<\/p>\n<p>\u201eIar motivul pentru care este un pachet complet de servicii este pentru c\u0103 niciuna dintre platformele despre care noi discut\u0103m nu ofer\u0103 acces unei autorit\u0103\u021bi astfel \u00eenc\u00e2t s\u0103 caute efectiv cum ai c\u0103uta \u00een Google, ca s\u0103 fie foarte clar pentru toat\u0103 lumea. Practic, trebuie s\u0103 intri \u00eentr-un mod indirect \u00een platforme \u015fi s\u0103 cau\u0163i prin intermediul comentariilor, prin intermediul conturilor, grupurilor \u015fi a\u015fa mai departe. Niciuna nu te las\u0103 s\u0103 cau\u0163i con\u0163inut ilegal, ceea ce este o mare problem\u0103\u201d, a explicat vicepre\u015fedintele CNA.<\/p>\n<p>El a fost \u00eentrebat dac\u0103 aceste ordine sunt puse \u00een aplicate imediat.<\/p>\n<div id=\"div-billboard4\" class=\"inserted-position billboard-4 mobile\" data-ad-requested=\"true\"><\/div>\n<p>\u201eMajoritatea dintre ele sunt puse \u00een aplicare. Difer\u0103 intervalul de timp \u00een care platformele reac\u0163ioneaz\u0103. De exemplu, platforma TikTok, inclusiv dup\u0103 alegerile preziden\u0163iale, reac\u0163iona \u00een aproximativ opt minute. Ceea ce era un timp foarte bun. Opt minute de la momentul la care noi urcam \u00een platform\u0103 un astfel de ordin. Alte platforme au un termen pu\u0163in mai mare sau, dac\u0103 sunt ni\u015fte elemente de clarificare, le solicit\u0103. \u00cens\u0103 majoritatea ordinelor noastre sunt duse la \u00eendeplinire. Exist\u0103 \u00eentr-adev\u0103r o platform\u0103 \u2013 X \u2013 care nu coopereaz\u0103. Aproape de niciun fel. 99% nu\u201d, a mai declarat Valentin Jucan.<\/p>\n<h2 class=\"wp-block-heading\">\u201eDup\u0103 \u00eencheierea alegerilor preziden\u0163iale, lucrurile au devenit mai sofisticate\u201d<\/h2>\n<p>El a precizat c\u0103 dup\u0103 \u00eencheierea alegerilor preziden\u0163iale lucrurile au devenit mai sofisticate \u015fi modalitatea de dezinformare a trecut cumva din zona con\u0163inutului clar ilegal \u00een zona aceea de schimbare a percep\u0163iilor. Valentin Jucan a oferit \u015fi un exemplu \u00een acest sens.<\/p>\n<p>\u201e\u201dPutin ne iube\u015fte\u201d. Sau imagini cu aeronave militare ruse\u015fti cu mesajul \u201eCe rost are s\u0103 te lup\u0163i cu aceste nave de lupt\u0103 extrem de performante\u201d. Deci acel fenomen psihologic prin care tu din start te predai adversarului \u00eenainte ca orice b\u0103t\u0103lie s\u0103 \u00eenceap\u0103, de\u015fi cea fizic\u0103 nu este \u00eenceput\u0103 \u015fi nu va \u00eencepe, s\u0103 sper\u0103m, \u00een Rom\u00e2nia, dar este cea la nivel psihologic. Acest tip de campanie nu poate fi considerat\u0103 ilegal\u0103, luat\u0103 \u015fi analizat\u0103 postare cu postare, fiindc\u0103 nu este nimic ilegal atunci c\u00e2nd apare o postare care promoveaz\u0103 ideea c\u0103 Putin ne iube\u015fte\u201d, a declarat Valentin Jucan.<\/p>\n<p>El explic\u0103 \u00een ce condi\u0163ii avem de-a face cu o campanie sistemic\u0103.<\/p>\n<div id=\"div-billboard5\" class=\"inserted-position billboard-5 mobile\" data-ad-requested=\"true\"><\/div>\n<p>\u201eC\u00e2nd vedem \u00een schimb c\u0103 avem de-a face cu o campanie sistemic\u0103 \u015fi c\u0103 acele post\u0103ri nu au un comportament autentic, deci \u00een spatele conturilor nu se afl\u0103 ni\u015fte persoane reale, ci sunt bo\u0163i sau sunt promovate prin ferme de troli, ori sunt create cu inteligen\u0163\u0103 artificial\u0103 \u015fi promovat\u0103 cu ajutorul softurilor de inteligen\u0163\u0103 artificial\u0103 care sunt create special pentru a evita algoritmii \u015fi chiar eventualele acorduri pe care grupurile de moderare ale platformelor le fac, atunci putem s\u0103 declar\u0103m o campanie ca fiind ilegal\u0103. Fiindc\u0103 ea de fapt nu are un comportament natural\u201d, a mai transmis vicepre\u015fedintele CNA.<\/p>\n<p>Sursa articolului: <a href=\"https:\/\/hotnews.ro\/vicepresedinte-cna-despre-campaniile-de-dezinformare-de-factura-ruseasca-eliminate-pana-acum-ce-aspect-legat-de-retelele-sociale-reprezinta-o-problema-pentru-autoritati-2065794\">https:\/\/hotnews.ro\/vicepresedinte-cna-despre-campaniile-de-dezinformare-de-factura-ruseasca-eliminate-pana-acum-ce-aspect-legat-de-retelele-sociale-reprezinta-o-problema-pentru-autoritati-2065794<\/a><\/p>","protected":false},"excerpt":{"rendered":"<p>\u200aVicepre\u015fedintele Consiliului Na\u0163ional al Audiovizualului (CNA), Valentin Jucan, afirm\u0103 c\u0103 de la \u00eenceputul anului au fost emise peste 400 de ordine de eliminare a con\u0163inutul online de pe diferite platforme care aveau dezinform\u0103ri de factur\u0103 ruseasc\u0103 \u015fi a explicat c\u0103 \u00eentr-un asemenea ordin pot fi trecute p\u00e2n\u0103 la 400 de linkuri, citeaz\u0103 News.ro. El a&#8230;<\/p>","protected":false},"author":4,"featured_media":3015,"comment_status":"open","ping_status":"open","sticky":false,"template":"","format":"standard","meta":{"footnotes":""},"categories":[1],"tags":[],"class_list":["post-3014","post","type-post","status-publish","format-standard","has-post-thumbnail","hentry","category-uncategorized"],"yoast_head":"<!-- This site is optimized with the Yoast SEO plugin v26.1.1 - https:\/\/yoast.com\/wordpress\/plugins\/seo\/ -->\n<title>Vicepre\u015fedinte CNA, despre campaniile de dezinformare de factur\u0103 ruseasc\u0103 eliminate p\u00e2n\u0103 acum \/ Ce aspect legat de re\u021belele sociale reprezint\u0103 o problem\u0103 pentru autorit\u0103\u0163i - Carpathia Center Romania<\/title>\n<meta name=\"robots\" content=\"index, follow, max-snippet:-1, max-image-preview:large, max-video-preview:-1\" \/>\n<link rel=\"canonical\" href=\"https:\/\/carpathiacenter.ro\/en\/vicepresedinte-cna-despre-campaniile-de-dezinformare-de-factura-ruseasca-eliminate-pana-acum-ce-aspect-legat-de-retelele-sociale-reprezinta-o-problema-pentru-autoritati\/\" \/>\n<meta property=\"og:locale\" content=\"en_GB\" \/>\n<meta property=\"og:type\" content=\"article\" \/>\n<meta property=\"og:title\" content=\"Vicepre\u015fedinte CNA, despre campaniile de dezinformare de factur\u0103 ruseasc\u0103 eliminate p\u00e2n\u0103 acum \/ Ce aspect legat de re\u021belele sociale reprezint\u0103 o problem\u0103 pentru autorit\u0103\u0163i - Carpathia Center Romania\" \/>\n<meta property=\"og:description\" content=\"\u200aVicepre\u015fedintele Consiliului Na\u0163ional al Audiovizualului (CNA), Valentin Jucan, afirm\u0103 c\u0103 de la \u00eenceputul anului au fost emise peste 400 de ordine de eliminare a con\u0163inutul online de pe diferite platforme care aveau dezinform\u0103ri de factur\u0103 ruseasc\u0103 \u015fi a explicat c\u0103 \u00eentr-un asemenea ordin pot fi trecute p\u00e2n\u0103 la 400 de linkuri, citeaz\u0103 News.ro. El a...\" \/>\n<meta property=\"og:url\" content=\"https:\/\/carpathiacenter.ro\/en\/vicepresedinte-cna-despre-campaniile-de-dezinformare-de-factura-ruseasca-eliminate-pana-acum-ce-aspect-legat-de-retelele-sociale-reprezinta-o-problema-pentru-autoritati\/\" \/>\n<meta property=\"og:site_name\" content=\"Carpathia Center Romania\" \/>\n<meta property=\"article:publisher\" content=\"https:\/\/www.facebook.com\/fdpscarpathia\/\" \/>\n<meta property=\"article:published_time\" content=\"2025-09-15T07:44:04+00:00\" \/>\n<meta property=\"article:modified_time\" content=\"2025-09-15T07:44:25+00:00\" \/>\n<meta property=\"og:image\" content=\"https:\/\/carpathiacenter.ro\/wp-content\/uploads\/2025\/09\/Valentin-Jucan.jpg\" \/>\n\t<meta property=\"og:image:width\" content=\"860\" \/>\n\t<meta property=\"og:image:height\" content=\"573\" \/>\n\t<meta property=\"og:image:type\" content=\"image\/jpeg\" \/>\n<meta name=\"author\" content=\"creativebitsolutions\" \/>\n<meta name=\"twitter:card\" content=\"summary_large_image\" \/>\n<meta name=\"twitter:label1\" content=\"Written by\" \/>\n\t<meta name=\"twitter:data1\" content=\"creativebitsolutions\" \/>\n\t<meta name=\"twitter:label2\" content=\"Estimated reading time\" \/>\n\t<meta name=\"twitter:data2\" content=\"4 minutes\" \/>\n<script type=\"application\/ld+json\" class=\"yoast-schema-graph\">{\"@context\":\"https:\/\/schema.org\",\"@graph\":[{\"@type\":\"Article\",\"@id\":\"https:\/\/carpathiacenter.ro\/vicepresedinte-cna-despre-campaniile-de-dezinformare-de-factura-ruseasca-eliminate-pana-acum-ce-aspect-legat-de-retelele-sociale-reprezinta-o-problema-pentru-autoritati\/#article\",\"isPartOf\":{\"@id\":\"https:\/\/carpathiacenter.ro\/vicepresedinte-cna-despre-campaniile-de-dezinformare-de-factura-ruseasca-eliminate-pana-acum-ce-aspect-legat-de-retelele-sociale-reprezinta-o-problema-pentru-autoritati\/\"},\"author\":{\"name\":\"creativebitsolutions\",\"@id\":\"https:\/\/carpathiacenter.ro\/#\/schema\/person\/03d9f58202fee8379268f34afa195006\"},\"headline\":\"Vicepre\u015fedinte CNA, despre campaniile de dezinformare de factur\u0103 ruseasc\u0103 eliminate p\u00e2n\u0103 acum \/ Ce aspect legat de re\u021belele sociale reprezint\u0103 o problem\u0103 pentru autorit\u0103\u0163i\",\"datePublished\":\"2025-09-15T07:44:04+00:00\",\"dateModified\":\"2025-09-15T07:44:25+00:00\",\"mainEntityOfPage\":{\"@id\":\"https:\/\/carpathiacenter.ro\/vicepresedinte-cna-despre-campaniile-de-dezinformare-de-factura-ruseasca-eliminate-pana-acum-ce-aspect-legat-de-retelele-sociale-reprezinta-o-problema-pentru-autoritati\/\"},\"wordCount\":869,\"commentCount\":0,\"publisher\":{\"@id\":\"https:\/\/carpathiacenter.ro\/#organization\"},\"image\":{\"@id\":\"https:\/\/carpathiacenter.ro\/vicepresedinte-cna-despre-campaniile-de-dezinformare-de-factura-ruseasca-eliminate-pana-acum-ce-aspect-legat-de-retelele-sociale-reprezinta-o-problema-pentru-autoritati\/#primaryimage\"},\"thumbnailUrl\":\"https:\/\/carpathiacenter.ro\/wp-content\/uploads\/2025\/09\/Valentin-Jucan.jpg\",\"articleSection\":[\"Uncategorized\"],\"inLanguage\":\"en-GB\",\"potentialAction\":[{\"@type\":\"CommentAction\",\"name\":\"Comment\",\"target\":[\"https:\/\/carpathiacenter.ro\/vicepresedinte-cna-despre-campaniile-de-dezinformare-de-factura-ruseasca-eliminate-pana-acum-ce-aspect-legat-de-retelele-sociale-reprezinta-o-problema-pentru-autoritati\/#respond\"]}]},{\"@type\":\"WebPage\",\"@id\":\"https:\/\/carpathiacenter.ro\/vicepresedinte-cna-despre-campaniile-de-dezinformare-de-factura-ruseasca-eliminate-pana-acum-ce-aspect-legat-de-retelele-sociale-reprezinta-o-problema-pentru-autoritati\/\",\"url\":\"https:\/\/carpathiacenter.ro\/vicepresedinte-cna-despre-campaniile-de-dezinformare-de-factura-ruseasca-eliminate-pana-acum-ce-aspect-legat-de-retelele-sociale-reprezinta-o-problema-pentru-autoritati\/\",\"name\":\"Vicepre\u015fedinte CNA, despre campaniile de dezinformare de factur\u0103 ruseasc\u0103 eliminate p\u00e2n\u0103 acum \/ Ce aspect legat de re\u021belele sociale reprezint\u0103 o problem\u0103 pentru autorit\u0103\u0163i - Carpathia Center Romania\",\"isPartOf\":{\"@id\":\"https:\/\/carpathiacenter.ro\/#website\"},\"primaryImageOfPage\":{\"@id\":\"https:\/\/carpathiacenter.ro\/vicepresedinte-cna-despre-campaniile-de-dezinformare-de-factura-ruseasca-eliminate-pana-acum-ce-aspect-legat-de-retelele-sociale-reprezinta-o-problema-pentru-autoritati\/#primaryimage\"},\"image\":{\"@id\":\"https:\/\/carpathiacenter.ro\/vicepresedinte-cna-despre-campaniile-de-dezinformare-de-factura-ruseasca-eliminate-pana-acum-ce-aspect-legat-de-retelele-sociale-reprezinta-o-problema-pentru-autoritati\/#primaryimage\"},\"thumbnailUrl\":\"https:\/\/carpathiacenter.ro\/wp-content\/uploads\/2025\/09\/Valentin-Jucan.jpg\",\"datePublished\":\"2025-09-15T07:44:04+00:00\",\"dateModified\":\"2025-09-15T07:44:25+00:00\",\"breadcrumb\":{\"@id\":\"https:\/\/carpathiacenter.ro\/vicepresedinte-cna-despre-campaniile-de-dezinformare-de-factura-ruseasca-eliminate-pana-acum-ce-aspect-legat-de-retelele-sociale-reprezinta-o-problema-pentru-autoritati\/#breadcrumb\"},\"inLanguage\":\"en-GB\",\"potentialAction\":[{\"@type\":\"ReadAction\",\"target\":[\"https:\/\/carpathiacenter.ro\/vicepresedinte-cna-despre-campaniile-de-dezinformare-de-factura-ruseasca-eliminate-pana-acum-ce-aspect-legat-de-retelele-sociale-reprezinta-o-problema-pentru-autoritati\/\"]}]},{\"@type\":\"ImageObject\",\"inLanguage\":\"en-GB\",\"@id\":\"https:\/\/carpathiacenter.ro\/vicepresedinte-cna-despre-campaniile-de-dezinformare-de-factura-ruseasca-eliminate-pana-acum-ce-aspect-legat-de-retelele-sociale-reprezinta-o-problema-pentru-autoritati\/#primaryimage\",\"url\":\"https:\/\/carpathiacenter.ro\/wp-content\/uploads\/2025\/09\/Valentin-Jucan.jpg\",\"contentUrl\":\"https:\/\/carpathiacenter.ro\/wp-content\/uploads\/2025\/09\/Valentin-Jucan.jpg\",\"width\":860,\"height\":573},{\"@type\":\"BreadcrumbList\",\"@id\":\"https:\/\/carpathiacenter.ro\/vicepresedinte-cna-despre-campaniile-de-dezinformare-de-factura-ruseasca-eliminate-pana-acum-ce-aspect-legat-de-retelele-sociale-reprezinta-o-problema-pentru-autoritati\/#breadcrumb\",\"itemListElement\":[{\"@type\":\"ListItem\",\"position\":1,\"name\":\"Prima pagin\u0103\",\"item\":\"https:\/\/carpathiacenter.ro\/\"},{\"@type\":\"ListItem\",\"position\":2,\"name\":\"Vicepre\u015fedinte CNA, despre campaniile de dezinformare de factur\u0103 ruseasc\u0103 eliminate p\u00e2n\u0103 acum \/ Ce aspect legat de re\u021belele sociale reprezint\u0103 o problem\u0103 pentru autorit\u0103\u0163i\"}]},{\"@type\":\"WebSite\",\"@id\":\"https:\/\/carpathiacenter.ro\/#website\",\"url\":\"https:\/\/carpathiacenter.ro\/\",\"name\":\"Carpathia Center Romania\",\"description\":\"Impossible made possible!\",\"publisher\":{\"@id\":\"https:\/\/carpathiacenter.ro\/#organization\"},\"potentialAction\":[{\"@type\":\"SearchAction\",\"target\":{\"@type\":\"EntryPoint\",\"urlTemplate\":\"https:\/\/carpathiacenter.ro\/?s={search_term_string}\"},\"query-input\":{\"@type\":\"PropertyValueSpecification\",\"valueRequired\":true,\"valueName\":\"search_term_string\"}}],\"inLanguage\":\"en-GB\"},{\"@type\":\"Organization\",\"@id\":\"https:\/\/carpathiacenter.ro\/#organization\",\"name\":\"Carpathia Center Romania\",\"url\":\"https:\/\/carpathiacenter.ro\/\",\"logo\":{\"@type\":\"ImageObject\",\"inLanguage\":\"en-GB\",\"@id\":\"https:\/\/carpathiacenter.ro\/#\/schema\/logo\/image\/\",\"url\":\"https:\/\/carpathiacenter.ro\/wp-content\/uploads\/2024\/07\/logo-carpathia_bg_white-1024x941.png\",\"contentUrl\":\"https:\/\/carpathiacenter.ro\/wp-content\/uploads\/2024\/07\/logo-carpathia_bg_white-1024x941.png\",\"width\":1024,\"height\":941,\"caption\":\"Carpathia Center Romania\"},\"image\":{\"@id\":\"https:\/\/carpathiacenter.ro\/#\/schema\/logo\/image\/\"},\"sameAs\":[\"https:\/\/www.facebook.com\/fdpscarpathia\/\"]},{\"@type\":\"Person\",\"@id\":\"https:\/\/carpathiacenter.ro\/#\/schema\/person\/03d9f58202fee8379268f34afa195006\",\"name\":\"creativebitsolutions\",\"image\":{\"@type\":\"ImageObject\",\"inLanguage\":\"en-GB\",\"@id\":\"https:\/\/carpathiacenter.ro\/#\/schema\/person\/image\/\",\"url\":\"https:\/\/secure.gravatar.com\/avatar\/1b1a13e37f847c635dab78348f1dff2f07651ee2a3d77a5c355a4b8c75f9165a?s=96&d=mm&r=g\",\"contentUrl\":\"https:\/\/secure.gravatar.com\/avatar\/1b1a13e37f847c635dab78348f1dff2f07651ee2a3d77a5c355a4b8c75f9165a?s=96&d=mm&r=g\",\"caption\":\"creativebitsolutions\"},\"url\":\"https:\/\/carpathiacenter.ro\/en\/author\/creativebitsolutions\/\"}]}<\/script>\n<!-- \/ Yoast SEO plugin. -->","yoast_head_json":{"title":"Vicepre\u015fedinte CNA, despre campaniile de dezinformare de factur\u0103 ruseasc\u0103 eliminate p\u00e2n\u0103 acum \/ Ce aspect legat de re\u021belele sociale reprezint\u0103 o problem\u0103 pentru autorit\u0103\u0163i - Carpathia Center Romania","robots":{"index":"index","follow":"follow","max-snippet":"max-snippet:-1","max-image-preview":"max-image-preview:large","max-video-preview":"max-video-preview:-1"},"canonical":"https:\/\/carpathiacenter.ro\/en\/vicepresedinte-cna-despre-campaniile-de-dezinformare-de-factura-ruseasca-eliminate-pana-acum-ce-aspect-legat-de-retelele-sociale-reprezinta-o-problema-pentru-autoritati\/","og_locale":"en_GB","og_type":"article","og_title":"Vicepre\u015fedinte CNA, despre campaniile de dezinformare de factur\u0103 ruseasc\u0103 eliminate p\u00e2n\u0103 acum \/ Ce aspect legat de re\u021belele sociale reprezint\u0103 o problem\u0103 pentru autorit\u0103\u0163i - Carpathia Center Romania","og_description":"\u200aVicepre\u015fedintele Consiliului Na\u0163ional al Audiovizualului (CNA), Valentin Jucan, afirm\u0103 c\u0103 de la \u00eenceputul anului au fost emise peste 400 de ordine de eliminare a con\u0163inutul online de pe diferite platforme care aveau dezinform\u0103ri de factur\u0103 ruseasc\u0103 \u015fi a explicat c\u0103 \u00eentr-un asemenea ordin pot fi trecute p\u00e2n\u0103 la 400 de linkuri, citeaz\u0103 News.ro. El a...","og_url":"https:\/\/carpathiacenter.ro\/en\/vicepresedinte-cna-despre-campaniile-de-dezinformare-de-factura-ruseasca-eliminate-pana-acum-ce-aspect-legat-de-retelele-sociale-reprezinta-o-problema-pentru-autoritati\/","og_site_name":"Carpathia Center Romania","article_publisher":"https:\/\/www.facebook.com\/fdpscarpathia\/","article_published_time":"2025-09-15T07:44:04+00:00","article_modified_time":"2025-09-15T07:44:25+00:00","og_image":[{"width":860,"height":573,"url":"https:\/\/carpathiacenter.ro\/wp-content\/uploads\/2025\/09\/Valentin-Jucan.jpg","type":"image\/jpeg"}],"author":"creativebitsolutions","twitter_card":"summary_large_image","twitter_misc":{"Written by":"creativebitsolutions","Estimated reading time":"4 minutes"},"schema":{"@context":"https:\/\/schema.org","@graph":[{"@type":"Article","@id":"https:\/\/carpathiacenter.ro\/vicepresedinte-cna-despre-campaniile-de-dezinformare-de-factura-ruseasca-eliminate-pana-acum-ce-aspect-legat-de-retelele-sociale-reprezinta-o-problema-pentru-autoritati\/#article","isPartOf":{"@id":"https:\/\/carpathiacenter.ro\/vicepresedinte-cna-despre-campaniile-de-dezinformare-de-factura-ruseasca-eliminate-pana-acum-ce-aspect-legat-de-retelele-sociale-reprezinta-o-problema-pentru-autoritati\/"},"author":{"name":"creativebitsolutions","@id":"https:\/\/carpathiacenter.ro\/#\/schema\/person\/03d9f58202fee8379268f34afa195006"},"headline":"Vicepre\u015fedinte CNA, despre campaniile de dezinformare de factur\u0103 ruseasc\u0103 eliminate p\u00e2n\u0103 acum \/ Ce aspect legat de re\u021belele sociale reprezint\u0103 o problem\u0103 pentru autorit\u0103\u0163i","datePublished":"2025-09-15T07:44:04+00:00","dateModified":"2025-09-15T07:44:25+00:00","mainEntityOfPage":{"@id":"https:\/\/carpathiacenter.ro\/vicepresedinte-cna-despre-campaniile-de-dezinformare-de-factura-ruseasca-eliminate-pana-acum-ce-aspect-legat-de-retelele-sociale-reprezinta-o-problema-pentru-autoritati\/"},"wordCount":869,"commentCount":0,"publisher":{"@id":"https:\/\/carpathiacenter.ro\/#organization"},"image":{"@id":"https:\/\/carpathiacenter.ro\/vicepresedinte-cna-despre-campaniile-de-dezinformare-de-factura-ruseasca-eliminate-pana-acum-ce-aspect-legat-de-retelele-sociale-reprezinta-o-problema-pentru-autoritati\/#primaryimage"},"thumbnailUrl":"https:\/\/carpathiacenter.ro\/wp-content\/uploads\/2025\/09\/Valentin-Jucan.jpg","articleSection":["Uncategorized"],"inLanguage":"en-GB","potentialAction":[{"@type":"CommentAction","name":"Comment","target":["https:\/\/carpathiacenter.ro\/vicepresedinte-cna-despre-campaniile-de-dezinformare-de-factura-ruseasca-eliminate-pana-acum-ce-aspect-legat-de-retelele-sociale-reprezinta-o-problema-pentru-autoritati\/#respond"]}]},{"@type":"WebPage","@id":"https:\/\/carpathiacenter.ro\/vicepresedinte-cna-despre-campaniile-de-dezinformare-de-factura-ruseasca-eliminate-pana-acum-ce-aspect-legat-de-retelele-sociale-reprezinta-o-problema-pentru-autoritati\/","url":"https:\/\/carpathiacenter.ro\/vicepresedinte-cna-despre-campaniile-de-dezinformare-de-factura-ruseasca-eliminate-pana-acum-ce-aspect-legat-de-retelele-sociale-reprezinta-o-problema-pentru-autoritati\/","name":"Vicepre\u015fedinte CNA, despre campaniile de dezinformare de factur\u0103 ruseasc\u0103 eliminate p\u00e2n\u0103 acum \/ Ce aspect legat de re\u021belele sociale reprezint\u0103 o problem\u0103 pentru autorit\u0103\u0163i - Carpathia Center Romania","isPartOf":{"@id":"https:\/\/carpathiacenter.ro\/#website"},"primaryImageOfPage":{"@id":"https:\/\/carpathiacenter.ro\/vicepresedinte-cna-despre-campaniile-de-dezinformare-de-factura-ruseasca-eliminate-pana-acum-ce-aspect-legat-de-retelele-sociale-reprezinta-o-problema-pentru-autoritati\/#primaryimage"},"image":{"@id":"https:\/\/carpathiacenter.ro\/vicepresedinte-cna-despre-campaniile-de-dezinformare-de-factura-ruseasca-eliminate-pana-acum-ce-aspect-legat-de-retelele-sociale-reprezinta-o-problema-pentru-autoritati\/#primaryimage"},"thumbnailUrl":"https:\/\/carpathiacenter.ro\/wp-content\/uploads\/2025\/09\/Valentin-Jucan.jpg","datePublished":"2025-09-15T07:44:04+00:00","dateModified":"2025-09-15T07:44:25+00:00","breadcrumb":{"@id":"https:\/\/carpathiacenter.ro\/vicepresedinte-cna-despre-campaniile-de-dezinformare-de-factura-ruseasca-eliminate-pana-acum-ce-aspect-legat-de-retelele-sociale-reprezinta-o-problema-pentru-autoritati\/#breadcrumb"},"inLanguage":"en-GB","potentialAction":[{"@type":"ReadAction","target":["https:\/\/carpathiacenter.ro\/vicepresedinte-cna-despre-campaniile-de-dezinformare-de-factura-ruseasca-eliminate-pana-acum-ce-aspect-legat-de-retelele-sociale-reprezinta-o-problema-pentru-autoritati\/"]}]},{"@type":"ImageObject","inLanguage":"en-GB","@id":"https:\/\/carpathiacenter.ro\/vicepresedinte-cna-despre-campaniile-de-dezinformare-de-factura-ruseasca-eliminate-pana-acum-ce-aspect-legat-de-retelele-sociale-reprezinta-o-problema-pentru-autoritati\/#primaryimage","url":"https:\/\/carpathiacenter.ro\/wp-content\/uploads\/2025\/09\/Valentin-Jucan.jpg","contentUrl":"https:\/\/carpathiacenter.ro\/wp-content\/uploads\/2025\/09\/Valentin-Jucan.jpg","width":860,"height":573},{"@type":"BreadcrumbList","@id":"https:\/\/carpathiacenter.ro\/vicepresedinte-cna-despre-campaniile-de-dezinformare-de-factura-ruseasca-eliminate-pana-acum-ce-aspect-legat-de-retelele-sociale-reprezinta-o-problema-pentru-autoritati\/#breadcrumb","itemListElement":[{"@type":"ListItem","position":1,"name":"Prima pagin\u0103","item":"https:\/\/carpathiacenter.ro\/"},{"@type":"ListItem","position":2,"name":"Vicepre\u015fedinte CNA, despre campaniile de dezinformare de factur\u0103 ruseasc\u0103 eliminate p\u00e2n\u0103 acum \/ Ce aspect legat de re\u021belele sociale reprezint\u0103 o problem\u0103 pentru autorit\u0103\u0163i"}]},{"@type":"WebSite","@id":"https:\/\/carpathiacenter.ro\/#website","url":"https:\/\/carpathiacenter.ro\/","name":"Carpathia Center Romania","description":"Impossible made possible!","publisher":{"@id":"https:\/\/carpathiacenter.ro\/#organization"},"potentialAction":[{"@type":"SearchAction","target":{"@type":"EntryPoint","urlTemplate":"https:\/\/carpathiacenter.ro\/?s={search_term_string}"},"query-input":{"@type":"PropertyValueSpecification","valueRequired":true,"valueName":"search_term_string"}}],"inLanguage":"en-GB"},{"@type":"Organization","@id":"https:\/\/carpathiacenter.ro\/#organization","name":"Carpathia Center Romania","url":"https:\/\/carpathiacenter.ro\/","logo":{"@type":"ImageObject","inLanguage":"en-GB","@id":"https:\/\/carpathiacenter.ro\/#\/schema\/logo\/image\/","url":"https:\/\/carpathiacenter.ro\/wp-content\/uploads\/2024\/07\/logo-carpathia_bg_white-1024x941.png","contentUrl":"https:\/\/carpathiacenter.ro\/wp-content\/uploads\/2024\/07\/logo-carpathia_bg_white-1024x941.png","width":1024,"height":941,"caption":"Carpathia Center Romania"},"image":{"@id":"https:\/\/carpathiacenter.ro\/#\/schema\/logo\/image\/"},"sameAs":["https:\/\/www.facebook.com\/fdpscarpathia\/"]},{"@type":"Person","@id":"https:\/\/carpathiacenter.ro\/#\/schema\/person\/03d9f58202fee8379268f34afa195006","name":"creativebitsolutions","image":{"@type":"ImageObject","inLanguage":"en-GB","@id":"https:\/\/carpathiacenter.ro\/#\/schema\/person\/image\/","url":"https:\/\/secure.gravatar.com\/avatar\/1b1a13e37f847c635dab78348f1dff2f07651ee2a3d77a5c355a4b8c75f9165a?s=96&d=mm&r=g","contentUrl":"https:\/\/secure.gravatar.com\/avatar\/1b1a13e37f847c635dab78348f1dff2f07651ee2a3d77a5c355a4b8c75f9165a?s=96&d=mm&r=g","caption":"creativebitsolutions"},"url":"https:\/\/carpathiacenter.ro\/en\/author\/creativebitsolutions\/"}]}},"_links":{"self":[{"href":"https:\/\/carpathiacenter.ro\/en\/wp-json\/wp\/v2\/posts\/3014","targetHints":{"allow":["GET"]}}],"collection":[{"href":"https:\/\/carpathiacenter.ro\/en\/wp-json\/wp\/v2\/posts"}],"about":[{"href":"https:\/\/carpathiacenter.ro\/en\/wp-json\/wp\/v2\/types\/post"}],"author":[{"embeddable":true,"href":"https:\/\/carpathiacenter.ro\/en\/wp-json\/wp\/v2\/users\/4"}],"replies":[{"embeddable":true,"href":"https:\/\/carpathiacenter.ro\/en\/wp-json\/wp\/v2\/comments?post=3014"}],"version-history":[{"count":1,"href":"https:\/\/carpathiacenter.ro\/en\/wp-json\/wp\/v2\/posts\/3014\/revisions"}],"predecessor-version":[{"id":3016,"href":"https:\/\/carpathiacenter.ro\/en\/wp-json\/wp\/v2\/posts\/3014\/revisions\/3016"}],"wp:featuredmedia":[{"embeddable":true,"href":"https:\/\/carpathiacenter.ro\/en\/wp-json\/wp\/v2\/media\/3015"}],"wp:attachment":[{"href":"https:\/\/carpathiacenter.ro\/en\/wp-json\/wp\/v2\/media?parent=3014"}],"wp:term":[{"taxonomy":"category","embeddable":true,"href":"https:\/\/carpathiacenter.ro\/en\/wp-json\/wp\/v2\/categories?post=3014"},{"taxonomy":"post_tag","embeddable":true,"href":"https:\/\/carpathiacenter.ro\/en\/wp-json\/wp\/v2\/tags?post=3014"}],"curies":[{"name":"wp","href":"https:\/\/api.w.org\/{rel}","templated":true}]}}