{"id":3011,"date":"2025-09-12T06:40:02","date_gmt":"2025-09-12T06:40:02","guid":{"rendered":"https:\/\/carpathiacenter.ro\/?p=3011"},"modified":"2025-09-12T06:40:02","modified_gmt":"2025-09-12T06:40:02","slug":"video-catalin-predoiu-combaterea-violentei-domestice-trebuie-sa-devina-o-cauza-nationala","status":"publish","type":"post","link":"https:\/\/carpathiacenter.ro\/en\/video-catalin-predoiu-combaterea-violentei-domestice-trebuie-sa-devina-o-cauza-nationala\/","title":{"rendered":"VIDEO C\u0103t\u0103lin Predoiu: Combaterea violen\u021bei domestice trebuie s\u0103 devin\u0103 o cauz\u0103 na\u021bional\u0103"},"content":{"rendered":"<p><strong>Combaterea violen\u021bei domestice trebuie s\u0103 devin\u0103 o cauz\u0103 na\u021bional\u0103, av\u00e2nd \u00een vedere zecile de mii de victime ale acestui fenomen, a declarat ministrul Afacerilor Interne, C\u0103t\u0103lin Predoiu.<\/strong><\/p>\n<p>&#8216;Cred c\u0103 fiecare dintre noi trebuie s\u0103 ne angaj\u0103m \u00een aceast\u0103 b\u0103t\u0103lie pentru combaterea violen\u021bei domestice. Cred c\u0103 aceast\u0103 cauz\u0103 trebuie s\u0103 devin\u0103 o cauz\u0103 na\u021bional\u0103. \u0218i asta nu pentru c\u0103 o spune un ministru, nu pentru c\u0103 o spune un guvern, Parlamentul ori vreun partid politic, ci pentru c\u0103 o spune\u021bi dumneavoastr\u0103, inclusiv ast\u0103zi, prin prezen\u021ba dumneavoastr\u0103 aici, \u00een sal\u0103. O spun cei care sunt anima\u021bi de organizarea acestei b\u0103t\u0103lii, o spun zecile de mii de victime \u00eentr-un mod dramatic, demn, de\u0219i \u00een t\u0103cere, c\u00e2teodat\u0103. Aceast\u0103 cauz\u0103 trebuie s\u0103 devin\u0103 una na\u021bional\u0103, pentru c\u0103 este inacceptabil ca o \u021bar\u0103 care se vrea democratic\u0103 \u0219i liber\u0103 \u0219i european\u0103, cum se spune, aproape ca un cli\u0219eu, s\u0103 tolereze f\u0103r\u0103 s\u0103 reac\u021bioneze altfel dec\u00e2t prin institu\u021bii de for\u021b\u0103, eventual&#8217;, a afirmat C\u0103t\u0103lin Predoiu, joi, la dezbaterea public\u0103 &#8216;Rom\u00e2nia f\u0103r\u0103 violen\u021b\u0103&#8217;.<\/p>\n<p><iframe src=\"https:\/\/www.facebook.com\/plugins\/video.php?height=314&amp;href=https%3A%2F%2Fwww.facebook.com%2Fcatalin.predoiu%2Fvideos%2F1493841592040171%2F&amp;show_text=false&amp;width=560&amp;t=0\" width=\"560\" height=\"314\" style=\"border:none;overflow:hidden\" scrolling=\"no\" frameborder=\"0\" allowfullscreen=\"true\" allow=\"autoplay; clipboard-write; encrypted-media; picture-in-picture; web-share\"><\/iframe><\/p>\n<p>El a atras aten\u021bia asupra necesit\u0103\u021bii con\u0219tientiz\u0103rii c\u00e2t mai multor cet\u0103\u021beni asupra fenomenului violen\u021bei domestice.<\/p>\n<p>&#8216;\u00cen fa\u021ba acestei ru\u0219ini, a\u0219 putea s\u0103 spun, de ordin social, care este violen\u021ba domestic\u0103, \u00een fa\u021ba acestui semn grav care arat\u0103 c\u0103 nu avem rezolvate probleme elementare de educa\u021bie \u0219i de empatie \u00een societate, este important s\u0103 devin\u0103 o cauz\u0103 na\u021bional\u0103. Pentru c\u0103 e important s\u0103 con\u0219tientiz\u0103m c\u00e2t mai mul\u021bi cet\u0103\u021beni, c\u00e2t mai mul\u021bi oameni, cu sau f\u0103r\u0103 r\u0103spunderi \u00een aceast\u0103 \u021bar\u0103, care s\u0103 se str\u00e2ng\u0103 \u00eentr-un singur glas, \u00eentr-o singur\u0103 for\u021b\u0103, pe tot cuprinsul \u021b\u0103rii, \u00een toate comunit\u0103\u021bile \u0219i foarte rapid. Dac\u0103 nu \u00een luni de zile, m\u0103car \u00een ani de zile s\u0103 punem cap\u0103t acestui fenomen. Pentru c\u0103 indiferent c\u00e2t de mult am interveni cu combaterea lui, dac\u0103 nu reu\u0219im preven\u021bia lui, el va reveni \u0219i reveni \u0219i reveni \u0219i va l\u0103sa \u00een urm\u0103 mereu \u0219i mereu alte victime&#8217;, a subliniat C\u0103t\u0103lin Predoiu.<\/p>\n<p>El a punctat c\u0103 este \u00een sc\u0103dere num\u0103rul cazurilor de violen\u021b\u0103 domestic\u0103 tradus\u0103 \u0219i \u00een infrac\u021biuni, dar se men\u021bine ridicat.<\/p>\n<p>&#8216;\u00cen primele luni ale acestui an avem \u00eenc\u0103 zeci de mii de cazuri de violen\u021b\u0103 domestic\u0103, tradus\u0103 \u0219i \u00een infrac\u021biuni, respectiv \u00een jur de 34.000 de cazuri am avut \u00een 2024, avem 27.000 anul acesta. Este foarte mult \u00eenc\u0103, de\u0219i este un trend \u00een sc\u0103dere (&#8230;). Sunt nenum\u0103rate alte cazuri de violen\u021b\u0103 domestic\u0103 netraduse \u00een infrac\u021biuni. Sunt brusc\u0103ri, jigniri, violen\u021be verbale, unele care p\u00e2n\u0103 la urm\u0103 nici nu pot fi descoperite uneori \u0219i asta arat\u0103 c\u0103 avem foarte, foarte mult de lucru. Exist\u0103 o reac\u021bie, f\u0103r\u0103 \u00eendoial\u0103. Sunt emise p\u00e2n\u0103 la aceast\u0103 or\u0103, \u00een acest an, peste 7.000 de ordine de protec\u021bie provizorii. Din ele, cam 40% sunt transformate \u00een ordine de protec\u021bie de c\u0103tre instan\u021bele de judecat\u0103&#8217;, a mai spus ministrul Predoiu.<\/p>\n<p><iframe src=\"https:\/\/www.facebook.com\/plugins\/video.php?height=314&amp;href=https%3A%2F%2Fwww.facebook.com%2Fthumahubert%2Fvideos%2F799385832648922%2F&amp;show_text=false&amp;width=560&amp;t=0\" width=\"560\" height=\"314\" style=\"border:none;overflow:hidden\" scrolling=\"no\" frameborder=\"0\" allowfullscreen=\"true\" allow=\"autoplay; clipboard-write; encrypted-media; picture-in-picture; web-share\"><\/iframe><\/p>\n<p><strong>La r\u00e2ndul s\u0103u, pre\u0219edintele Consiliului Jude\u021bean (CJ) Ilfov, Hubert Thuma, a declarat \u00een cadrul dezbaterii c\u0103 anul trecut au fost \u00een Ilfov 137 de cazuri de femei abuzate care s-au mutat \u00een cele dou\u0103 centre din subordinea institu\u021biei pe care o reprezint\u0103.<\/strong> AGERPRES\/(AS &#8211; redactor: Iulia Carciog, editor: George Onea, editor online: Andreea Preda)<br \/>\n<br \/>\nSursa articolului:  <a href=\"https:\/\/agerpres.ro\/social\/2025\/09\/11\/video-catalin-predoiu-combaterea-violentei-domestice-trebuie-sa-devina-o-cauza-nationala--1483547\" target=\"_blank\" rel=\"noopener\" title=\"\">https:\/\/agerpres.ro\/social\/2025\/09\/11\/video-catalin-predoiu-combaterea-violentei-domestice-trebuie-sa-devina-o-cauza-nationala&#8211;1483547<\/a><\/p>","protected":false},"excerpt":{"rendered":"<p>Combaterea violen\u021bei domestice trebuie s\u0103 devin\u0103 o cauz\u0103 na\u021bional\u0103, av\u00e2nd \u00een vedere zecile de mii de victime ale acestui fenomen, a declarat ministrul Afacerilor Interne, C\u0103t\u0103lin Predoiu. &#8216;Cred c\u0103 fiecare dintre noi trebuie s\u0103 ne angaj\u0103m \u00een aceast\u0103 b\u0103t\u0103lie pentru combaterea violen\u021bei domestice. Cred c\u0103 aceast\u0103 cauz\u0103 trebuie s\u0103 devin\u0103 o cauz\u0103 na\u021bional\u0103. \u0218i asta&#8230;<\/p>","protected":false},"author":4,"featured_media":1873,"comment_status":"open","ping_status":"open","sticky":false,"template":"","format":"standard","meta":{"footnotes":""},"categories":[1],"tags":[],"class_list":["post-3011","post","type-post","status-publish","format-standard","has-post-thumbnail","hentry","category-uncategorized"],"yoast_head":"<!-- This site is optimized with the Yoast SEO plugin v26.1.1 - https:\/\/yoast.com\/wordpress\/plugins\/seo\/ -->\n<title>VIDEO C\u0103t\u0103lin Predoiu: Combaterea violen\u021bei domestice trebuie s\u0103 devin\u0103 o cauz\u0103 na\u021bional\u0103 - Carpathia Center Romania<\/title>\n<meta name=\"robots\" content=\"index, follow, max-snippet:-1, max-image-preview:large, max-video-preview:-1\" \/>\n<link rel=\"canonical\" href=\"https:\/\/carpathiacenter.ro\/en\/video-catalin-predoiu-combaterea-violentei-domestice-trebuie-sa-devina-o-cauza-nationala\/\" \/>\n<meta property=\"og:locale\" content=\"en_GB\" \/>\n<meta property=\"og:type\" content=\"article\" \/>\n<meta property=\"og:title\" content=\"VIDEO C\u0103t\u0103lin Predoiu: Combaterea violen\u021bei domestice trebuie s\u0103 devin\u0103 o cauz\u0103 na\u021bional\u0103 - Carpathia Center Romania\" \/>\n<meta property=\"og:description\" content=\"Combaterea violen\u021bei domestice trebuie s\u0103 devin\u0103 o cauz\u0103 na\u021bional\u0103, av\u00e2nd \u00een vedere zecile de mii de victime ale acestui fenomen, a declarat ministrul Afacerilor Interne, C\u0103t\u0103lin Predoiu. &#8216;Cred c\u0103 fiecare dintre noi trebuie s\u0103 ne angaj\u0103m \u00een aceast\u0103 b\u0103t\u0103lie pentru combaterea violen\u021bei domestice. Cred c\u0103 aceast\u0103 cauz\u0103 trebuie s\u0103 devin\u0103 o cauz\u0103 na\u021bional\u0103. \u0218i asta...\" \/>\n<meta property=\"og:url\" content=\"https:\/\/carpathiacenter.ro\/en\/video-catalin-predoiu-combaterea-violentei-domestice-trebuie-sa-devina-o-cauza-nationala\/\" \/>\n<meta property=\"og:site_name\" content=\"Carpathia Center Romania\" \/>\n<meta property=\"article:publisher\" content=\"https:\/\/www.facebook.com\/fdpscarpathia\/\" \/>\n<meta property=\"article:published_time\" content=\"2025-09-12T06:40:02+00:00\" \/>\n<meta property=\"og:image\" content=\"https:\/\/carpathiacenter.ro\/wp-content\/uploads\/2025\/02\/catalin-predoiu1.jpeg\" \/>\n\t<meta property=\"og:image:width\" content=\"780\" \/>\n\t<meta property=\"og:image:height\" content=\"440\" \/>\n\t<meta property=\"og:image:type\" content=\"image\/jpeg\" \/>\n<meta name=\"author\" content=\"creativebitsolutions\" \/>\n<meta name=\"twitter:card\" content=\"summary_large_image\" \/>\n<meta name=\"twitter:label1\" content=\"Written by\" \/>\n\t<meta name=\"twitter:data1\" content=\"creativebitsolutions\" \/>\n\t<meta name=\"twitter:label2\" content=\"Estimated reading time\" \/>\n\t<meta name=\"twitter:data2\" content=\"3 minutes\" \/>\n<script type=\"application\/ld+json\" class=\"yoast-schema-graph\">{\"@context\":\"https:\/\/schema.org\",\"@graph\":[{\"@type\":\"Article\",\"@id\":\"https:\/\/carpathiacenter.ro\/video-catalin-predoiu-combaterea-violentei-domestice-trebuie-sa-devina-o-cauza-nationala\/#article\",\"isPartOf\":{\"@id\":\"https:\/\/carpathiacenter.ro\/video-catalin-predoiu-combaterea-violentei-domestice-trebuie-sa-devina-o-cauza-nationala\/\"},\"author\":{\"name\":\"creativebitsolutions\",\"@id\":\"https:\/\/carpathiacenter.ro\/#\/schema\/person\/03d9f58202fee8379268f34afa195006\"},\"headline\":\"VIDEO C\u0103t\u0103lin Predoiu: Combaterea violen\u021bei domestice trebuie s\u0103 devin\u0103 o cauz\u0103 na\u021bional\u0103\",\"datePublished\":\"2025-09-12T06:40:02+00:00\",\"mainEntityOfPage\":{\"@id\":\"https:\/\/carpathiacenter.ro\/video-catalin-predoiu-combaterea-violentei-domestice-trebuie-sa-devina-o-cauza-nationala\/\"},\"wordCount\":615,\"commentCount\":0,\"publisher\":{\"@id\":\"https:\/\/carpathiacenter.ro\/#organization\"},\"image\":{\"@id\":\"https:\/\/carpathiacenter.ro\/video-catalin-predoiu-combaterea-violentei-domestice-trebuie-sa-devina-o-cauza-nationala\/#primaryimage\"},\"thumbnailUrl\":\"https:\/\/carpathiacenter.ro\/wp-content\/uploads\/2025\/02\/catalin-predoiu1.jpeg\",\"articleSection\":[\"Uncategorized\"],\"inLanguage\":\"en-GB\",\"potentialAction\":[{\"@type\":\"CommentAction\",\"name\":\"Comment\",\"target\":[\"https:\/\/carpathiacenter.ro\/video-catalin-predoiu-combaterea-violentei-domestice-trebuie-sa-devina-o-cauza-nationala\/#respond\"]}]},{\"@type\":\"WebPage\",\"@id\":\"https:\/\/carpathiacenter.ro\/video-catalin-predoiu-combaterea-violentei-domestice-trebuie-sa-devina-o-cauza-nationala\/\",\"url\":\"https:\/\/carpathiacenter.ro\/video-catalin-predoiu-combaterea-violentei-domestice-trebuie-sa-devina-o-cauza-nationala\/\",\"name\":\"VIDEO C\u0103t\u0103lin Predoiu: Combaterea violen\u021bei domestice trebuie s\u0103 devin\u0103 o cauz\u0103 na\u021bional\u0103 - Carpathia Center Romania\",\"isPartOf\":{\"@id\":\"https:\/\/carpathiacenter.ro\/#website\"},\"primaryImageOfPage\":{\"@id\":\"https:\/\/carpathiacenter.ro\/video-catalin-predoiu-combaterea-violentei-domestice-trebuie-sa-devina-o-cauza-nationala\/#primaryimage\"},\"image\":{\"@id\":\"https:\/\/carpathiacenter.ro\/video-catalin-predoiu-combaterea-violentei-domestice-trebuie-sa-devina-o-cauza-nationala\/#primaryimage\"},\"thumbnailUrl\":\"https:\/\/carpathiacenter.ro\/wp-content\/uploads\/2025\/02\/catalin-predoiu1.jpeg\",\"datePublished\":\"2025-09-12T06:40:02+00:00\",\"breadcrumb\":{\"@id\":\"https:\/\/carpathiacenter.ro\/video-catalin-predoiu-combaterea-violentei-domestice-trebuie-sa-devina-o-cauza-nationala\/#breadcrumb\"},\"inLanguage\":\"en-GB\",\"potentialAction\":[{\"@type\":\"ReadAction\",\"target\":[\"https:\/\/carpathiacenter.ro\/video-catalin-predoiu-combaterea-violentei-domestice-trebuie-sa-devina-o-cauza-nationala\/\"]}]},{\"@type\":\"ImageObject\",\"inLanguage\":\"en-GB\",\"@id\":\"https:\/\/carpathiacenter.ro\/video-catalin-predoiu-combaterea-violentei-domestice-trebuie-sa-devina-o-cauza-nationala\/#primaryimage\",\"url\":\"https:\/\/carpathiacenter.ro\/wp-content\/uploads\/2025\/02\/catalin-predoiu1.jpeg\",\"contentUrl\":\"https:\/\/carpathiacenter.ro\/wp-content\/uploads\/2025\/02\/catalin-predoiu1.jpeg\",\"width\":780,\"height\":440},{\"@type\":\"BreadcrumbList\",\"@id\":\"https:\/\/carpathiacenter.ro\/video-catalin-predoiu-combaterea-violentei-domestice-trebuie-sa-devina-o-cauza-nationala\/#breadcrumb\",\"itemListElement\":[{\"@type\":\"ListItem\",\"position\":1,\"name\":\"Prima pagin\u0103\",\"item\":\"https:\/\/carpathiacenter.ro\/\"},{\"@type\":\"ListItem\",\"position\":2,\"name\":\"VIDEO C\u0103t\u0103lin Predoiu: Combaterea violen\u021bei domestice trebuie s\u0103 devin\u0103 o cauz\u0103 na\u021bional\u0103\"}]},{\"@type\":\"WebSite\",\"@id\":\"https:\/\/carpathiacenter.ro\/#website\",\"url\":\"https:\/\/carpathiacenter.ro\/\",\"name\":\"Carpathia Center Romania\",\"description\":\"Impossible made possible!\",\"publisher\":{\"@id\":\"https:\/\/carpathiacenter.ro\/#organization\"},\"potentialAction\":[{\"@type\":\"SearchAction\",\"target\":{\"@type\":\"EntryPoint\",\"urlTemplate\":\"https:\/\/carpathiacenter.ro\/?s={search_term_string}\"},\"query-input\":{\"@type\":\"PropertyValueSpecification\",\"valueRequired\":true,\"valueName\":\"search_term_string\"}}],\"inLanguage\":\"en-GB\"},{\"@type\":\"Organization\",\"@id\":\"https:\/\/carpathiacenter.ro\/#organization\",\"name\":\"Carpathia Center Romania\",\"url\":\"https:\/\/carpathiacenter.ro\/\",\"logo\":{\"@type\":\"ImageObject\",\"inLanguage\":\"en-GB\",\"@id\":\"https:\/\/carpathiacenter.ro\/#\/schema\/logo\/image\/\",\"url\":\"https:\/\/carpathiacenter.ro\/wp-content\/uploads\/2024\/07\/logo-carpathia_bg_white-1024x941.png\",\"contentUrl\":\"https:\/\/carpathiacenter.ro\/wp-content\/uploads\/2024\/07\/logo-carpathia_bg_white-1024x941.png\",\"width\":1024,\"height\":941,\"caption\":\"Carpathia Center Romania\"},\"image\":{\"@id\":\"https:\/\/carpathiacenter.ro\/#\/schema\/logo\/image\/\"},\"sameAs\":[\"https:\/\/www.facebook.com\/fdpscarpathia\/\"]},{\"@type\":\"Person\",\"@id\":\"https:\/\/carpathiacenter.ro\/#\/schema\/person\/03d9f58202fee8379268f34afa195006\",\"name\":\"creativebitsolutions\",\"image\":{\"@type\":\"ImageObject\",\"inLanguage\":\"en-GB\",\"@id\":\"https:\/\/carpathiacenter.ro\/#\/schema\/person\/image\/\",\"url\":\"https:\/\/secure.gravatar.com\/avatar\/1b1a13e37f847c635dab78348f1dff2f07651ee2a3d77a5c355a4b8c75f9165a?s=96&d=mm&r=g\",\"contentUrl\":\"https:\/\/secure.gravatar.com\/avatar\/1b1a13e37f847c635dab78348f1dff2f07651ee2a3d77a5c355a4b8c75f9165a?s=96&d=mm&r=g\",\"caption\":\"creativebitsolutions\"},\"url\":\"https:\/\/carpathiacenter.ro\/en\/author\/creativebitsolutions\/\"}]}<\/script>\n<!-- \/ Yoast SEO plugin. -->","yoast_head_json":{"title":"VIDEO C\u0103t\u0103lin Predoiu: Combaterea violen\u021bei domestice trebuie s\u0103 devin\u0103 o cauz\u0103 na\u021bional\u0103 - Carpathia Center Romania","robots":{"index":"index","follow":"follow","max-snippet":"max-snippet:-1","max-image-preview":"max-image-preview:large","max-video-preview":"max-video-preview:-1"},"canonical":"https:\/\/carpathiacenter.ro\/en\/video-catalin-predoiu-combaterea-violentei-domestice-trebuie-sa-devina-o-cauza-nationala\/","og_locale":"en_GB","og_type":"article","og_title":"VIDEO C\u0103t\u0103lin Predoiu: Combaterea violen\u021bei domestice trebuie s\u0103 devin\u0103 o cauz\u0103 na\u021bional\u0103 - Carpathia Center Romania","og_description":"Combaterea violen\u021bei domestice trebuie s\u0103 devin\u0103 o cauz\u0103 na\u021bional\u0103, av\u00e2nd \u00een vedere zecile de mii de victime ale acestui fenomen, a declarat ministrul Afacerilor Interne, C\u0103t\u0103lin Predoiu. &#8216;Cred c\u0103 fiecare dintre noi trebuie s\u0103 ne angaj\u0103m \u00een aceast\u0103 b\u0103t\u0103lie pentru combaterea violen\u021bei domestice. Cred c\u0103 aceast\u0103 cauz\u0103 trebuie s\u0103 devin\u0103 o cauz\u0103 na\u021bional\u0103. \u0218i asta...","og_url":"https:\/\/carpathiacenter.ro\/en\/video-catalin-predoiu-combaterea-violentei-domestice-trebuie-sa-devina-o-cauza-nationala\/","og_site_name":"Carpathia Center Romania","article_publisher":"https:\/\/www.facebook.com\/fdpscarpathia\/","article_published_time":"2025-09-12T06:40:02+00:00","og_image":[{"width":780,"height":440,"url":"https:\/\/carpathiacenter.ro\/wp-content\/uploads\/2025\/02\/catalin-predoiu1.jpeg","type":"image\/jpeg"}],"author":"creativebitsolutions","twitter_card":"summary_large_image","twitter_misc":{"Written by":"creativebitsolutions","Estimated reading time":"3 minutes"},"schema":{"@context":"https:\/\/schema.org","@graph":[{"@type":"Article","@id":"https:\/\/carpathiacenter.ro\/video-catalin-predoiu-combaterea-violentei-domestice-trebuie-sa-devina-o-cauza-nationala\/#article","isPartOf":{"@id":"https:\/\/carpathiacenter.ro\/video-catalin-predoiu-combaterea-violentei-domestice-trebuie-sa-devina-o-cauza-nationala\/"},"author":{"name":"creativebitsolutions","@id":"https:\/\/carpathiacenter.ro\/#\/schema\/person\/03d9f58202fee8379268f34afa195006"},"headline":"VIDEO C\u0103t\u0103lin Predoiu: Combaterea violen\u021bei domestice trebuie s\u0103 devin\u0103 o cauz\u0103 na\u021bional\u0103","datePublished":"2025-09-12T06:40:02+00:00","mainEntityOfPage":{"@id":"https:\/\/carpathiacenter.ro\/video-catalin-predoiu-combaterea-violentei-domestice-trebuie-sa-devina-o-cauza-nationala\/"},"wordCount":615,"commentCount":0,"publisher":{"@id":"https:\/\/carpathiacenter.ro\/#organization"},"image":{"@id":"https:\/\/carpathiacenter.ro\/video-catalin-predoiu-combaterea-violentei-domestice-trebuie-sa-devina-o-cauza-nationala\/#primaryimage"},"thumbnailUrl":"https:\/\/carpathiacenter.ro\/wp-content\/uploads\/2025\/02\/catalin-predoiu1.jpeg","articleSection":["Uncategorized"],"inLanguage":"en-GB","potentialAction":[{"@type":"CommentAction","name":"Comment","target":["https:\/\/carpathiacenter.ro\/video-catalin-predoiu-combaterea-violentei-domestice-trebuie-sa-devina-o-cauza-nationala\/#respond"]}]},{"@type":"WebPage","@id":"https:\/\/carpathiacenter.ro\/video-catalin-predoiu-combaterea-violentei-domestice-trebuie-sa-devina-o-cauza-nationala\/","url":"https:\/\/carpathiacenter.ro\/video-catalin-predoiu-combaterea-violentei-domestice-trebuie-sa-devina-o-cauza-nationala\/","name":"VIDEO C\u0103t\u0103lin Predoiu: Combaterea violen\u021bei domestice trebuie s\u0103 devin\u0103 o cauz\u0103 na\u021bional\u0103 - Carpathia Center Romania","isPartOf":{"@id":"https:\/\/carpathiacenter.ro\/#website"},"primaryImageOfPage":{"@id":"https:\/\/carpathiacenter.ro\/video-catalin-predoiu-combaterea-violentei-domestice-trebuie-sa-devina-o-cauza-nationala\/#primaryimage"},"image":{"@id":"https:\/\/carpathiacenter.ro\/video-catalin-predoiu-combaterea-violentei-domestice-trebuie-sa-devina-o-cauza-nationala\/#primaryimage"},"thumbnailUrl":"https:\/\/carpathiacenter.ro\/wp-content\/uploads\/2025\/02\/catalin-predoiu1.jpeg","datePublished":"2025-09-12T06:40:02+00:00","breadcrumb":{"@id":"https:\/\/carpathiacenter.ro\/video-catalin-predoiu-combaterea-violentei-domestice-trebuie-sa-devina-o-cauza-nationala\/#breadcrumb"},"inLanguage":"en-GB","potentialAction":[{"@type":"ReadAction","target":["https:\/\/carpathiacenter.ro\/video-catalin-predoiu-combaterea-violentei-domestice-trebuie-sa-devina-o-cauza-nationala\/"]}]},{"@type":"ImageObject","inLanguage":"en-GB","@id":"https:\/\/carpathiacenter.ro\/video-catalin-predoiu-combaterea-violentei-domestice-trebuie-sa-devina-o-cauza-nationala\/#primaryimage","url":"https:\/\/carpathiacenter.ro\/wp-content\/uploads\/2025\/02\/catalin-predoiu1.jpeg","contentUrl":"https:\/\/carpathiacenter.ro\/wp-content\/uploads\/2025\/02\/catalin-predoiu1.jpeg","width":780,"height":440},{"@type":"BreadcrumbList","@id":"https:\/\/carpathiacenter.ro\/video-catalin-predoiu-combaterea-violentei-domestice-trebuie-sa-devina-o-cauza-nationala\/#breadcrumb","itemListElement":[{"@type":"ListItem","position":1,"name":"Prima pagin\u0103","item":"https:\/\/carpathiacenter.ro\/"},{"@type":"ListItem","position":2,"name":"VIDEO C\u0103t\u0103lin Predoiu: Combaterea violen\u021bei domestice trebuie s\u0103 devin\u0103 o cauz\u0103 na\u021bional\u0103"}]},{"@type":"WebSite","@id":"https:\/\/carpathiacenter.ro\/#website","url":"https:\/\/carpathiacenter.ro\/","name":"Carpathia Center Romania","description":"Impossible made possible!","publisher":{"@id":"https:\/\/carpathiacenter.ro\/#organization"},"potentialAction":[{"@type":"SearchAction","target":{"@type":"EntryPoint","urlTemplate":"https:\/\/carpathiacenter.ro\/?s={search_term_string}"},"query-input":{"@type":"PropertyValueSpecification","valueRequired":true,"valueName":"search_term_string"}}],"inLanguage":"en-GB"},{"@type":"Organization","@id":"https:\/\/carpathiacenter.ro\/#organization","name":"Carpathia Center Romania","url":"https:\/\/carpathiacenter.ro\/","logo":{"@type":"ImageObject","inLanguage":"en-GB","@id":"https:\/\/carpathiacenter.ro\/#\/schema\/logo\/image\/","url":"https:\/\/carpathiacenter.ro\/wp-content\/uploads\/2024\/07\/logo-carpathia_bg_white-1024x941.png","contentUrl":"https:\/\/carpathiacenter.ro\/wp-content\/uploads\/2024\/07\/logo-carpathia_bg_white-1024x941.png","width":1024,"height":941,"caption":"Carpathia Center Romania"},"image":{"@id":"https:\/\/carpathiacenter.ro\/#\/schema\/logo\/image\/"},"sameAs":["https:\/\/www.facebook.com\/fdpscarpathia\/"]},{"@type":"Person","@id":"https:\/\/carpathiacenter.ro\/#\/schema\/person\/03d9f58202fee8379268f34afa195006","name":"creativebitsolutions","image":{"@type":"ImageObject","inLanguage":"en-GB","@id":"https:\/\/carpathiacenter.ro\/#\/schema\/person\/image\/","url":"https:\/\/secure.gravatar.com\/avatar\/1b1a13e37f847c635dab78348f1dff2f07651ee2a3d77a5c355a4b8c75f9165a?s=96&d=mm&r=g","contentUrl":"https:\/\/secure.gravatar.com\/avatar\/1b1a13e37f847c635dab78348f1dff2f07651ee2a3d77a5c355a4b8c75f9165a?s=96&d=mm&r=g","caption":"creativebitsolutions"},"url":"https:\/\/carpathiacenter.ro\/en\/author\/creativebitsolutions\/"}]}},"_links":{"self":[{"href":"https:\/\/carpathiacenter.ro\/en\/wp-json\/wp\/v2\/posts\/3011","targetHints":{"allow":["GET"]}}],"collection":[{"href":"https:\/\/carpathiacenter.ro\/en\/wp-json\/wp\/v2\/posts"}],"about":[{"href":"https:\/\/carpathiacenter.ro\/en\/wp-json\/wp\/v2\/types\/post"}],"author":[{"embeddable":true,"href":"https:\/\/carpathiacenter.ro\/en\/wp-json\/wp\/v2\/users\/4"}],"replies":[{"embeddable":true,"href":"https:\/\/carpathiacenter.ro\/en\/wp-json\/wp\/v2\/comments?post=3011"}],"version-history":[{"count":1,"href":"https:\/\/carpathiacenter.ro\/en\/wp-json\/wp\/v2\/posts\/3011\/revisions"}],"predecessor-version":[{"id":3012,"href":"https:\/\/carpathiacenter.ro\/en\/wp-json\/wp\/v2\/posts\/3011\/revisions\/3012"}],"wp:featuredmedia":[{"embeddable":true,"href":"https:\/\/carpathiacenter.ro\/en\/wp-json\/wp\/v2\/media\/1873"}],"wp:attachment":[{"href":"https:\/\/carpathiacenter.ro\/en\/wp-json\/wp\/v2\/media?parent=3011"}],"wp:term":[{"taxonomy":"category","embeddable":true,"href":"https:\/\/carpathiacenter.ro\/en\/wp-json\/wp\/v2\/categories?post=3011"},{"taxonomy":"post_tag","embeddable":true,"href":"https:\/\/carpathiacenter.ro\/en\/wp-json\/wp\/v2\/tags?post=3011"}],"curies":[{"name":"wp","href":"https:\/\/api.w.org\/{rel}","templated":true}]}}