{"id":3006,"date":"2025-09-12T06:34:44","date_gmt":"2025-09-12T06:34:44","guid":{"rendered":"https:\/\/carpathiacenter.ro\/?p=3006"},"modified":"2025-09-12T06:34:44","modified_gmt":"2025-09-12T06:34:44","slug":"sedinta-de-guvern-suplimentarea-bugetului-ministerului-sanatatii-pe-agenda","status":"publish","type":"post","link":"https:\/\/carpathiacenter.ro\/en\/sedinta-de-guvern-suplimentarea-bugetului-ministerului-sanatatii-pe-agenda\/","title":{"rendered":"\u0218edin\u021b\u0103 de guvern; suplimentarea bugetului Ministerului S\u0103n\u0103t\u0103\u021bii, pe agend\u0103"},"content":{"rendered":"<p><strong>Guvernul va aproba \u00een \u0219edin\u021ba de joi, prin hot\u0103r\u00e2re, suplimentarea bugetului Ministerului S\u0103n\u0103t\u0103\u021bii din Fondul de rezerv\u0103 bugetar\u0103 la dispozi\u021bia Executivului, \u00een vederea asigur\u0103rii tratamentelor \u00een str\u0103in\u0103tate pentru anumite categorii de bolnavi.<\/strong><\/p>\n<p>&#8216;Prin prezentul act normativ se propune alocarea creditelor de angajament \u0219i a creditelor bugetare \u00een sum\u0103 de 20.000.000 de lei, din Fondul de rezerv\u0103 bugetar\u0103 la dispozi\u021bia Guvernului prev\u0103zut \u00een bugetul de stat pe anul 2025, prin suplimentarea bugetului Ministerului S\u0103n\u0103t\u0103\u021bii, reprezent\u00e2nd credite de angajament \u0219i credite bugetare \u00een vederea asigur\u0103rii tratamentelor \u00een str\u0103in\u0103tate pentru anumite categorii de bolnavi, tratamente care nu pot fi efectuate \u00een Rom\u00e2nia, pentru pacien\u021bii cu afec\u021biuni grave \u0219i foarte grave. De asemenea, aceast\u0103 suplimentare vine \u00een sprijinul bolnavilor care efectueaz\u0103 tratamentele \u00een mai multe etape, \u00een func\u021bie de data program\u0103rii \u0219i c\u0103rora trebuie s\u0103 li se asigure continuitate \u00een realizarea acestora, conform planului terapeutic stabilit de medicii unit\u0103\u021bilor sanitare din str\u0103in\u0103tate&#8217;, potrivit notei de fundamentare a proiectului.<\/p>\n<p>Va fi aprobat \u0219i un proiect de hot\u0103r\u00e2re privind aprobarea criteriilor cuantificabile prin raportare la criteriile specifice de performan\u021b\u0103 pentru evaluarea activit\u0103\u021bii desf\u0103\u0219urate de personalul din institu\u021biile \u0219i structurile care gestioneaz\u0103 fonduri europene nerambursabile din domeniul de competen\u021b\u0103 al Ministerului Agriculturii \u0219i Dezvolt\u0103rii Rurale, \u00een baza c\u0103rora se acord\u0103 stimulentele stabilite prin Programul Na\u021bional de Dezvoltare Rural\u0103 2014-2020, Planul strategic PAC 2023-2027 \u0219i Programul pentru Acvacultur\u0103 \u0219i Pescuit 2021-2027.<\/p>\n<p>Executivul va aproba, prin hot\u0103r\u00e2re, Nota de fundamentare privind necesitatea \u0219i oportunitatea efectu\u0103rii cheltuielilor aferente proiectului de investi\u021bii &#8216;Cre\u0219terea capacit\u0103\u021bii opera\u021bionale a FRONTEX &#8211; Aeronav\u0103 cu aripi fixe &#8211; Avion Frontex&#8217;.<\/p>\n<p>Se are \u00een vederea &#8216;achizi\u021bionarea unui mijloc de supraveghere aerian\u0103 (avion cu aripi fixe) de ultim\u0103 genera\u021bie, \u00een vederea eficientiz\u0103rii supravegherii frontierei externe \u0219i a gestion\u0103rii eficiente a activit\u0103\u021bilor personalului poli\u021biei de frontier\u0103 privind prevenirea \u0219i combaterea migra\u021biei ilegale, precum \u0219i a actelor de contraband\u0103&#8217;.<\/p>\n<p>&#8216; Contribu\u021bia financiar\u0103 UE reprezint\u0103 90% din valoarea total\u0103 a cheltuielilor eligibile, iar contribu\u021bia Rom\u00e2niei reprezint\u0103 10% din valoarea total\u0103 a cheltuielilor eligibile. (&#8230;) Valoarea rezultat\u0103 a proiectului de investi\u021bii (inclusiv TVA) este 163.764.000 de lei, compus\u0103 din 150.380.000 de lei cheltuieli eligibile \u0219i 13.384.000 de lei cheltuieli neeligibile. \u00cen conformitate cu prevederile articolului 11 alineat (2) din Anexa 1 la Ordinul ministrului afacerilor interne nr. 107\/2023 pentru aprobarea regulilor de eligibilitate \u0219i de utilizare aferente fondurilor europene dedicate<br \/>\nAfacerilor interne pentru perioada 2021-2027, referitoare la eligibilitatea limitat\u0103 a TVA, cheltuielile neeligibile sunt reprezentate de valoarea TVA neeligibil\u0103. Valoarea finan\u021b\u0103rii eligibile nerambursabile este \u00een valoare de 135.342.000 de lei, iar cofinan\u021barea public\u0103 este \u00een valoare de 15.038.000 de lei &#8216;, se explic\u0103 \u00een nota de fundamentare a proiectului.<\/p>\n<p>Guvernul va aproba \u0219i un proiect de hot\u0103r\u00e2re privind darea \u00een administrarea Inspectoratului General pentru Situa\u021bii de Urgen\u021b\u0103 din cadrul Ministerului Afacerilor Interne, pentru constituirea ca stoc de urgen\u021b\u0103 medical\u0103, a unor bunuri mobile ce fac obiectul unei dona\u021bii f\u0103cute statului rom\u00e2n de c\u0103tre Organiza\u021bia Mondial\u0103 a S\u0103n\u0103t\u0103\u021bii.<\/p>\n<p>Pe agenda \u0219edin\u021bei figureaz\u0103 \u0219i un proiect de hot\u0103r\u00e2re privind eliber\u0103ri\/numiri de prefec\u021bi \u0219i\/sau subprefec\u021bi.<\/p>\n<p>Va fi aprobat\u0103, prin memorandum, negocierea \u0219i semnarea Acordului \u00eentre Guvernul Rom\u00e2niei \u0219i Guvernul Ungariei privind stabilirea conexiunii drumului Beba Veche (RO) \u0219i K\u00fcbekh\u00e1za (HU).<\/p>\n<p>Printr-un alt memorandum, va fi aprobat\u0103 semnarea de c\u0103tre Rom\u00e2nia a Conven\u021biei Consiliului Europei privind protec\u021bia profesiei de avocat, adoptat\u0103 de Comitetul de Mini\u0219tri la 12 martie 2025 \u0219i deschis\u0103 spre semnare la Luxemburg, la 13 mai 2025.<\/p>\n<p>Un alt memorandum vizeaz\u0103 organizarea, la Bucure\u0219ti, \u00een data de 21 octombrie 2025, a celei de a doua reuniuni bianuale 2025 a Comitetului pentru investi\u021bii al Fondului pentru modernizare (FM). AGERPRES\/ (AS &#8211; redactor: Daniel Florea, editor: Mihai Simionescu, editor online: Andreea Preda)<br \/>\n<br \/>\nSursa articolului:  <a href=\"https:\/\/agerpres.ro\/politic\/2025\/09\/11\/sedinta-de-guvern-suplimentarea-bugetului-ministerului-sanatatii-pe-agenda--1483209\" target=\"_blank\" rel=\"noopener\" title=\"\">https:\/\/agerpres.ro\/politic\/2025\/09\/11\/sedinta-de-guvern-suplimentarea-bugetului-ministerului-sanatatii-pe-agenda&#8211;1483209<\/a><\/p>","protected":false},"excerpt":{"rendered":"<p>Guvernul va aproba \u00een \u0219edin\u021ba de joi, prin hot\u0103r\u00e2re, suplimentarea bugetului Ministerului S\u0103n\u0103t\u0103\u021bii din Fondul de rezerv\u0103 bugetar\u0103 la dispozi\u021bia Executivului, \u00een vederea asigur\u0103rii tratamentelor \u00een str\u0103in\u0103tate pentru anumite categorii de bolnavi. &#8216;Prin prezentul act normativ se propune alocarea creditelor de angajament \u0219i a creditelor bugetare \u00een sum\u0103 de 20.000.000 de lei, din Fondul de&#8230;<\/p>","protected":false},"author":4,"featured_media":2679,"comment_status":"open","ping_status":"open","sticky":false,"template":"","format":"standard","meta":{"footnotes":""},"categories":[1],"tags":[],"class_list":["post-3006","post","type-post","status-publish","format-standard","has-post-thumbnail","hentry","category-uncategorized"],"yoast_head":"<!-- This site is optimized with the Yoast SEO plugin v26.1.1 - https:\/\/yoast.com\/wordpress\/plugins\/seo\/ -->\n<title>\u0218edin\u021b\u0103 de guvern; suplimentarea bugetului Ministerului S\u0103n\u0103t\u0103\u021bii, pe agend\u0103 - Carpathia Center Romania<\/title>\n<meta name=\"robots\" content=\"index, follow, max-snippet:-1, max-image-preview:large, max-video-preview:-1\" \/>\n<link rel=\"canonical\" href=\"https:\/\/carpathiacenter.ro\/en\/sedinta-de-guvern-suplimentarea-bugetului-ministerului-sanatatii-pe-agenda\/\" \/>\n<meta property=\"og:locale\" content=\"en_GB\" \/>\n<meta property=\"og:type\" content=\"article\" \/>\n<meta property=\"og:title\" content=\"\u0218edin\u021b\u0103 de guvern; suplimentarea bugetului Ministerului S\u0103n\u0103t\u0103\u021bii, pe agend\u0103 - Carpathia Center Romania\" \/>\n<meta property=\"og:description\" content=\"Guvernul va aproba \u00een \u0219edin\u021ba de joi, prin hot\u0103r\u00e2re, suplimentarea bugetului Ministerului S\u0103n\u0103t\u0103\u021bii din Fondul de rezerv\u0103 bugetar\u0103 la dispozi\u021bia Executivului, \u00een vederea asigur\u0103rii tratamentelor \u00een str\u0103in\u0103tate pentru anumite categorii de bolnavi. &#8216;Prin prezentul act normativ se propune alocarea creditelor de angajament \u0219i a creditelor bugetare \u00een sum\u0103 de 20.000.000 de lei, din Fondul de...\" \/>\n<meta property=\"og:url\" content=\"https:\/\/carpathiacenter.ro\/en\/sedinta-de-guvern-suplimentarea-bugetului-ministerului-sanatatii-pe-agenda\/\" \/>\n<meta property=\"og:site_name\" content=\"Carpathia Center Romania\" \/>\n<meta property=\"article:publisher\" content=\"https:\/\/www.facebook.com\/fdpscarpathia\/\" \/>\n<meta property=\"article:published_time\" content=\"2025-09-12T06:34:44+00:00\" \/>\n<meta property=\"og:image\" content=\"https:\/\/carpathiacenter.ro\/wp-content\/uploads\/2025\/07\/Ilie-Bolojan-Guvern.webp\" \/>\n\t<meta property=\"og:image:width\" content=\"1620\" \/>\n\t<meta property=\"og:image:height\" content=\"1080\" \/>\n\t<meta property=\"og:image:type\" content=\"image\/webp\" \/>\n<meta name=\"author\" content=\"creativebitsolutions\" \/>\n<meta name=\"twitter:card\" content=\"summary_large_image\" \/>\n<meta name=\"twitter:label1\" content=\"Written by\" \/>\n\t<meta name=\"twitter:data1\" content=\"creativebitsolutions\" \/>\n\t<meta name=\"twitter:label2\" content=\"Estimated reading time\" \/>\n\t<meta name=\"twitter:data2\" content=\"3 minutes\" \/>\n<script type=\"application\/ld+json\" class=\"yoast-schema-graph\">{\"@context\":\"https:\/\/schema.org\",\"@graph\":[{\"@type\":\"Article\",\"@id\":\"https:\/\/carpathiacenter.ro\/sedinta-de-guvern-suplimentarea-bugetului-ministerului-sanatatii-pe-agenda\/#article\",\"isPartOf\":{\"@id\":\"https:\/\/carpathiacenter.ro\/sedinta-de-guvern-suplimentarea-bugetului-ministerului-sanatatii-pe-agenda\/\"},\"author\":{\"name\":\"creativebitsolutions\",\"@id\":\"https:\/\/carpathiacenter.ro\/#\/schema\/person\/03d9f58202fee8379268f34afa195006\"},\"headline\":\"\u0218edin\u021b\u0103 de guvern; suplimentarea bugetului Ministerului S\u0103n\u0103t\u0103\u021bii, pe agend\u0103\",\"datePublished\":\"2025-09-12T06:34:44+00:00\",\"mainEntityOfPage\":{\"@id\":\"https:\/\/carpathiacenter.ro\/sedinta-de-guvern-suplimentarea-bugetului-ministerului-sanatatii-pe-agenda\/\"},\"wordCount\":677,\"commentCount\":0,\"publisher\":{\"@id\":\"https:\/\/carpathiacenter.ro\/#organization\"},\"image\":{\"@id\":\"https:\/\/carpathiacenter.ro\/sedinta-de-guvern-suplimentarea-bugetului-ministerului-sanatatii-pe-agenda\/#primaryimage\"},\"thumbnailUrl\":\"https:\/\/carpathiacenter.ro\/wp-content\/uploads\/2025\/07\/Ilie-Bolojan-Guvern.webp\",\"articleSection\":[\"Uncategorized\"],\"inLanguage\":\"en-GB\",\"potentialAction\":[{\"@type\":\"CommentAction\",\"name\":\"Comment\",\"target\":[\"https:\/\/carpathiacenter.ro\/sedinta-de-guvern-suplimentarea-bugetului-ministerului-sanatatii-pe-agenda\/#respond\"]}]},{\"@type\":\"WebPage\",\"@id\":\"https:\/\/carpathiacenter.ro\/sedinta-de-guvern-suplimentarea-bugetului-ministerului-sanatatii-pe-agenda\/\",\"url\":\"https:\/\/carpathiacenter.ro\/sedinta-de-guvern-suplimentarea-bugetului-ministerului-sanatatii-pe-agenda\/\",\"name\":\"\u0218edin\u021b\u0103 de guvern; suplimentarea bugetului Ministerului S\u0103n\u0103t\u0103\u021bii, pe agend\u0103 - Carpathia Center Romania\",\"isPartOf\":{\"@id\":\"https:\/\/carpathiacenter.ro\/#website\"},\"primaryImageOfPage\":{\"@id\":\"https:\/\/carpathiacenter.ro\/sedinta-de-guvern-suplimentarea-bugetului-ministerului-sanatatii-pe-agenda\/#primaryimage\"},\"image\":{\"@id\":\"https:\/\/carpathiacenter.ro\/sedinta-de-guvern-suplimentarea-bugetului-ministerului-sanatatii-pe-agenda\/#primaryimage\"},\"thumbnailUrl\":\"https:\/\/carpathiacenter.ro\/wp-content\/uploads\/2025\/07\/Ilie-Bolojan-Guvern.webp\",\"datePublished\":\"2025-09-12T06:34:44+00:00\",\"breadcrumb\":{\"@id\":\"https:\/\/carpathiacenter.ro\/sedinta-de-guvern-suplimentarea-bugetului-ministerului-sanatatii-pe-agenda\/#breadcrumb\"},\"inLanguage\":\"en-GB\",\"potentialAction\":[{\"@type\":\"ReadAction\",\"target\":[\"https:\/\/carpathiacenter.ro\/sedinta-de-guvern-suplimentarea-bugetului-ministerului-sanatatii-pe-agenda\/\"]}]},{\"@type\":\"ImageObject\",\"inLanguage\":\"en-GB\",\"@id\":\"https:\/\/carpathiacenter.ro\/sedinta-de-guvern-suplimentarea-bugetului-ministerului-sanatatii-pe-agenda\/#primaryimage\",\"url\":\"https:\/\/carpathiacenter.ro\/wp-content\/uploads\/2025\/07\/Ilie-Bolojan-Guvern.webp\",\"contentUrl\":\"https:\/\/carpathiacenter.ro\/wp-content\/uploads\/2025\/07\/Ilie-Bolojan-Guvern.webp\",\"width\":1620,\"height\":1080},{\"@type\":\"BreadcrumbList\",\"@id\":\"https:\/\/carpathiacenter.ro\/sedinta-de-guvern-suplimentarea-bugetului-ministerului-sanatatii-pe-agenda\/#breadcrumb\",\"itemListElement\":[{\"@type\":\"ListItem\",\"position\":1,\"name\":\"Prima pagin\u0103\",\"item\":\"https:\/\/carpathiacenter.ro\/\"},{\"@type\":\"ListItem\",\"position\":2,\"name\":\"\u0218edin\u021b\u0103 de guvern; suplimentarea bugetului Ministerului S\u0103n\u0103t\u0103\u021bii, pe agend\u0103\"}]},{\"@type\":\"WebSite\",\"@id\":\"https:\/\/carpathiacenter.ro\/#website\",\"url\":\"https:\/\/carpathiacenter.ro\/\",\"name\":\"Carpathia Center Romania\",\"description\":\"Impossible made possible!\",\"publisher\":{\"@id\":\"https:\/\/carpathiacenter.ro\/#organization\"},\"potentialAction\":[{\"@type\":\"SearchAction\",\"target\":{\"@type\":\"EntryPoint\",\"urlTemplate\":\"https:\/\/carpathiacenter.ro\/?s={search_term_string}\"},\"query-input\":{\"@type\":\"PropertyValueSpecification\",\"valueRequired\":true,\"valueName\":\"search_term_string\"}}],\"inLanguage\":\"en-GB\"},{\"@type\":\"Organization\",\"@id\":\"https:\/\/carpathiacenter.ro\/#organization\",\"name\":\"Carpathia Center Romania\",\"url\":\"https:\/\/carpathiacenter.ro\/\",\"logo\":{\"@type\":\"ImageObject\",\"inLanguage\":\"en-GB\",\"@id\":\"https:\/\/carpathiacenter.ro\/#\/schema\/logo\/image\/\",\"url\":\"https:\/\/carpathiacenter.ro\/wp-content\/uploads\/2024\/07\/logo-carpathia_bg_white-1024x941.png\",\"contentUrl\":\"https:\/\/carpathiacenter.ro\/wp-content\/uploads\/2024\/07\/logo-carpathia_bg_white-1024x941.png\",\"width\":1024,\"height\":941,\"caption\":\"Carpathia Center Romania\"},\"image\":{\"@id\":\"https:\/\/carpathiacenter.ro\/#\/schema\/logo\/image\/\"},\"sameAs\":[\"https:\/\/www.facebook.com\/fdpscarpathia\/\"]},{\"@type\":\"Person\",\"@id\":\"https:\/\/carpathiacenter.ro\/#\/schema\/person\/03d9f58202fee8379268f34afa195006\",\"name\":\"creativebitsolutions\",\"image\":{\"@type\":\"ImageObject\",\"inLanguage\":\"en-GB\",\"@id\":\"https:\/\/carpathiacenter.ro\/#\/schema\/person\/image\/\",\"url\":\"https:\/\/secure.gravatar.com\/avatar\/1b1a13e37f847c635dab78348f1dff2f07651ee2a3d77a5c355a4b8c75f9165a?s=96&d=mm&r=g\",\"contentUrl\":\"https:\/\/secure.gravatar.com\/avatar\/1b1a13e37f847c635dab78348f1dff2f07651ee2a3d77a5c355a4b8c75f9165a?s=96&d=mm&r=g\",\"caption\":\"creativebitsolutions\"},\"url\":\"https:\/\/carpathiacenter.ro\/en\/author\/creativebitsolutions\/\"}]}<\/script>\n<!-- \/ Yoast SEO plugin. -->","yoast_head_json":{"title":"\u0218edin\u021b\u0103 de guvern; suplimentarea bugetului Ministerului S\u0103n\u0103t\u0103\u021bii, pe agend\u0103 - Carpathia Center Romania","robots":{"index":"index","follow":"follow","max-snippet":"max-snippet:-1","max-image-preview":"max-image-preview:large","max-video-preview":"max-video-preview:-1"},"canonical":"https:\/\/carpathiacenter.ro\/en\/sedinta-de-guvern-suplimentarea-bugetului-ministerului-sanatatii-pe-agenda\/","og_locale":"en_GB","og_type":"article","og_title":"\u0218edin\u021b\u0103 de guvern; suplimentarea bugetului Ministerului S\u0103n\u0103t\u0103\u021bii, pe agend\u0103 - Carpathia Center Romania","og_description":"Guvernul va aproba \u00een \u0219edin\u021ba de joi, prin hot\u0103r\u00e2re, suplimentarea bugetului Ministerului S\u0103n\u0103t\u0103\u021bii din Fondul de rezerv\u0103 bugetar\u0103 la dispozi\u021bia Executivului, \u00een vederea asigur\u0103rii tratamentelor \u00een str\u0103in\u0103tate pentru anumite categorii de bolnavi. &#8216;Prin prezentul act normativ se propune alocarea creditelor de angajament \u0219i a creditelor bugetare \u00een sum\u0103 de 20.000.000 de lei, din Fondul de...","og_url":"https:\/\/carpathiacenter.ro\/en\/sedinta-de-guvern-suplimentarea-bugetului-ministerului-sanatatii-pe-agenda\/","og_site_name":"Carpathia Center Romania","article_publisher":"https:\/\/www.facebook.com\/fdpscarpathia\/","article_published_time":"2025-09-12T06:34:44+00:00","og_image":[{"width":1620,"height":1080,"url":"https:\/\/carpathiacenter.ro\/wp-content\/uploads\/2025\/07\/Ilie-Bolojan-Guvern.webp","type":"image\/webp"}],"author":"creativebitsolutions","twitter_card":"summary_large_image","twitter_misc":{"Written by":"creativebitsolutions","Estimated reading time":"3 minutes"},"schema":{"@context":"https:\/\/schema.org","@graph":[{"@type":"Article","@id":"https:\/\/carpathiacenter.ro\/sedinta-de-guvern-suplimentarea-bugetului-ministerului-sanatatii-pe-agenda\/#article","isPartOf":{"@id":"https:\/\/carpathiacenter.ro\/sedinta-de-guvern-suplimentarea-bugetului-ministerului-sanatatii-pe-agenda\/"},"author":{"name":"creativebitsolutions","@id":"https:\/\/carpathiacenter.ro\/#\/schema\/person\/03d9f58202fee8379268f34afa195006"},"headline":"\u0218edin\u021b\u0103 de guvern; suplimentarea bugetului Ministerului S\u0103n\u0103t\u0103\u021bii, pe agend\u0103","datePublished":"2025-09-12T06:34:44+00:00","mainEntityOfPage":{"@id":"https:\/\/carpathiacenter.ro\/sedinta-de-guvern-suplimentarea-bugetului-ministerului-sanatatii-pe-agenda\/"},"wordCount":677,"commentCount":0,"publisher":{"@id":"https:\/\/carpathiacenter.ro\/#organization"},"image":{"@id":"https:\/\/carpathiacenter.ro\/sedinta-de-guvern-suplimentarea-bugetului-ministerului-sanatatii-pe-agenda\/#primaryimage"},"thumbnailUrl":"https:\/\/carpathiacenter.ro\/wp-content\/uploads\/2025\/07\/Ilie-Bolojan-Guvern.webp","articleSection":["Uncategorized"],"inLanguage":"en-GB","potentialAction":[{"@type":"CommentAction","name":"Comment","target":["https:\/\/carpathiacenter.ro\/sedinta-de-guvern-suplimentarea-bugetului-ministerului-sanatatii-pe-agenda\/#respond"]}]},{"@type":"WebPage","@id":"https:\/\/carpathiacenter.ro\/sedinta-de-guvern-suplimentarea-bugetului-ministerului-sanatatii-pe-agenda\/","url":"https:\/\/carpathiacenter.ro\/sedinta-de-guvern-suplimentarea-bugetului-ministerului-sanatatii-pe-agenda\/","name":"\u0218edin\u021b\u0103 de guvern; suplimentarea bugetului Ministerului S\u0103n\u0103t\u0103\u021bii, pe agend\u0103 - Carpathia Center Romania","isPartOf":{"@id":"https:\/\/carpathiacenter.ro\/#website"},"primaryImageOfPage":{"@id":"https:\/\/carpathiacenter.ro\/sedinta-de-guvern-suplimentarea-bugetului-ministerului-sanatatii-pe-agenda\/#primaryimage"},"image":{"@id":"https:\/\/carpathiacenter.ro\/sedinta-de-guvern-suplimentarea-bugetului-ministerului-sanatatii-pe-agenda\/#primaryimage"},"thumbnailUrl":"https:\/\/carpathiacenter.ro\/wp-content\/uploads\/2025\/07\/Ilie-Bolojan-Guvern.webp","datePublished":"2025-09-12T06:34:44+00:00","breadcrumb":{"@id":"https:\/\/carpathiacenter.ro\/sedinta-de-guvern-suplimentarea-bugetului-ministerului-sanatatii-pe-agenda\/#breadcrumb"},"inLanguage":"en-GB","potentialAction":[{"@type":"ReadAction","target":["https:\/\/carpathiacenter.ro\/sedinta-de-guvern-suplimentarea-bugetului-ministerului-sanatatii-pe-agenda\/"]}]},{"@type":"ImageObject","inLanguage":"en-GB","@id":"https:\/\/carpathiacenter.ro\/sedinta-de-guvern-suplimentarea-bugetului-ministerului-sanatatii-pe-agenda\/#primaryimage","url":"https:\/\/carpathiacenter.ro\/wp-content\/uploads\/2025\/07\/Ilie-Bolojan-Guvern.webp","contentUrl":"https:\/\/carpathiacenter.ro\/wp-content\/uploads\/2025\/07\/Ilie-Bolojan-Guvern.webp","width":1620,"height":1080},{"@type":"BreadcrumbList","@id":"https:\/\/carpathiacenter.ro\/sedinta-de-guvern-suplimentarea-bugetului-ministerului-sanatatii-pe-agenda\/#breadcrumb","itemListElement":[{"@type":"ListItem","position":1,"name":"Prima pagin\u0103","item":"https:\/\/carpathiacenter.ro\/"},{"@type":"ListItem","position":2,"name":"\u0218edin\u021b\u0103 de guvern; suplimentarea bugetului Ministerului S\u0103n\u0103t\u0103\u021bii, pe agend\u0103"}]},{"@type":"WebSite","@id":"https:\/\/carpathiacenter.ro\/#website","url":"https:\/\/carpathiacenter.ro\/","name":"Carpathia Center Romania","description":"Impossible made possible!","publisher":{"@id":"https:\/\/carpathiacenter.ro\/#organization"},"potentialAction":[{"@type":"SearchAction","target":{"@type":"EntryPoint","urlTemplate":"https:\/\/carpathiacenter.ro\/?s={search_term_string}"},"query-input":{"@type":"PropertyValueSpecification","valueRequired":true,"valueName":"search_term_string"}}],"inLanguage":"en-GB"},{"@type":"Organization","@id":"https:\/\/carpathiacenter.ro\/#organization","name":"Carpathia Center Romania","url":"https:\/\/carpathiacenter.ro\/","logo":{"@type":"ImageObject","inLanguage":"en-GB","@id":"https:\/\/carpathiacenter.ro\/#\/schema\/logo\/image\/","url":"https:\/\/carpathiacenter.ro\/wp-content\/uploads\/2024\/07\/logo-carpathia_bg_white-1024x941.png","contentUrl":"https:\/\/carpathiacenter.ro\/wp-content\/uploads\/2024\/07\/logo-carpathia_bg_white-1024x941.png","width":1024,"height":941,"caption":"Carpathia Center Romania"},"image":{"@id":"https:\/\/carpathiacenter.ro\/#\/schema\/logo\/image\/"},"sameAs":["https:\/\/www.facebook.com\/fdpscarpathia\/"]},{"@type":"Person","@id":"https:\/\/carpathiacenter.ro\/#\/schema\/person\/03d9f58202fee8379268f34afa195006","name":"creativebitsolutions","image":{"@type":"ImageObject","inLanguage":"en-GB","@id":"https:\/\/carpathiacenter.ro\/#\/schema\/person\/image\/","url":"https:\/\/secure.gravatar.com\/avatar\/1b1a13e37f847c635dab78348f1dff2f07651ee2a3d77a5c355a4b8c75f9165a?s=96&d=mm&r=g","contentUrl":"https:\/\/secure.gravatar.com\/avatar\/1b1a13e37f847c635dab78348f1dff2f07651ee2a3d77a5c355a4b8c75f9165a?s=96&d=mm&r=g","caption":"creativebitsolutions"},"url":"https:\/\/carpathiacenter.ro\/en\/author\/creativebitsolutions\/"}]}},"_links":{"self":[{"href":"https:\/\/carpathiacenter.ro\/en\/wp-json\/wp\/v2\/posts\/3006","targetHints":{"allow":["GET"]}}],"collection":[{"href":"https:\/\/carpathiacenter.ro\/en\/wp-json\/wp\/v2\/posts"}],"about":[{"href":"https:\/\/carpathiacenter.ro\/en\/wp-json\/wp\/v2\/types\/post"}],"author":[{"embeddable":true,"href":"https:\/\/carpathiacenter.ro\/en\/wp-json\/wp\/v2\/users\/4"}],"replies":[{"embeddable":true,"href":"https:\/\/carpathiacenter.ro\/en\/wp-json\/wp\/v2\/comments?post=3006"}],"version-history":[{"count":1,"href":"https:\/\/carpathiacenter.ro\/en\/wp-json\/wp\/v2\/posts\/3006\/revisions"}],"predecessor-version":[{"id":3007,"href":"https:\/\/carpathiacenter.ro\/en\/wp-json\/wp\/v2\/posts\/3006\/revisions\/3007"}],"wp:featuredmedia":[{"embeddable":true,"href":"https:\/\/carpathiacenter.ro\/en\/wp-json\/wp\/v2\/media\/2679"}],"wp:attachment":[{"href":"https:\/\/carpathiacenter.ro\/en\/wp-json\/wp\/v2\/media?parent=3006"}],"wp:term":[{"taxonomy":"category","embeddable":true,"href":"https:\/\/carpathiacenter.ro\/en\/wp-json\/wp\/v2\/categories?post=3006"},{"taxonomy":"post_tag","embeddable":true,"href":"https:\/\/carpathiacenter.ro\/en\/wp-json\/wp\/v2\/tags?post=3006"}],"curies":[{"name":"wp","href":"https:\/\/api.w.org\/{rel}","templated":true}]}}