{"id":2997,"date":"2025-09-10T07:18:14","date_gmt":"2025-09-10T07:18:14","guid":{"rendered":"https:\/\/carpathiacenter.ro\/?p=2997"},"modified":"2025-09-10T07:18:14","modified_gmt":"2025-09-10T07:18:14","slug":"cristian-vasilcoiu-numit-secretar-general-adjunct-la-ministerul-muncii","status":"publish","type":"post","link":"https:\/\/carpathiacenter.ro\/en\/cristian-vasilcoiu-numit-secretar-general-adjunct-la-ministerul-muncii\/","title":{"rendered":"Cristian Vasilcoiu &#8211; numit secretar general adjunct la Ministerul Muncii"},"content":{"rendered":"<p>M\u0103d\u0103lin-Cristian Vasilcoiu va exercita \u00een urm\u0103toarele 6 luni func\u021bia de secretar general adjunct al Ministerului Muncii, Familiei, Tineretului \u0219i Solidarit\u0103\u021bii Sociale.<\/p>\n<p>&#8221;\u00cencep\u00e2nd cu data intr\u0103rii \u00een vigoare a prezentei decizii, domnul M\u0103d\u0103lin-Cristian Vasilcoiu, consilier, clasa I, grad profesional superior \u00een cadrul Direc\u021biei generale resurse umane, exercit\u0103, cu caracter temporar, func\u021bia public\u0103 vacant\u0103 din categoria \u00eenal\u021bilor func\u021bionari publici de secretar general adjunct al Ministerului Muncii, Familiei, Tineretului \u0219i Solidarit\u0103\u021bii Sociale pentru o perioad\u0103 de 6 luni&#8221;, se arat\u0103 \u00een decizia semnat\u0103 mar\u021bi de premierul Ilie Bolojan.<\/p>\n<p>Cristian Vasilcoiu a fost secretar de stat \u00een Ministerul Muncii.<\/p>\n<p>Totodat\u0103, \u00eencep\u00e2nd cu data de 21 octombrie, Iuliana Lascu, consilier, clasa I, grad profesional superior \u00een cadrul Oficiului Na\u021bional pentru Jocuri de Noroc, exercit\u0103, cu caracter temporar, prin deta\u0219are, func\u021bia public\u0103 vacant\u0103 din categoria \u00eenal\u021bilor func\u021bionari publici de secretar general al Institutului Na\u021bional de Administra\u021bie pentru o perioad\u0103 de 6 luni.<\/p>\n<p>Deciziile de numire au fost publicate mar\u021bi \u00een Monitorul Oficial. AGERPRES\/(AS &#8211; redactor: Georgiana T\u0103n\u0103sescu, editor: Mihai Simionescu, editor online: Andreea L\u00e3z\u00e3roiu)<br \/>\n<br \/>\nSursa articolului:  <a href=\"https:\/\/agerpres.ro\/politic\/2025\/09\/09\/cristian-vasilcoiu---numit-secretar-general-adjunct-la-ministerul-muncii--1482821\" target=\"_blank\" rel=\"noopener\" title=\"\">https:\/\/agerpres.ro\/politic\/2025\/09\/09\/cristian-vasilcoiu&#8212;numit-secretar-general-adjunct-la-ministerul-muncii&#8211;1482821<\/a><\/p>","protected":false},"excerpt":{"rendered":"<p>M\u0103d\u0103lin-Cristian Vasilcoiu va exercita \u00een urm\u0103toarele 6 luni func\u021bia de secretar general adjunct al Ministerului Muncii, Familiei, Tineretului \u0219i Solidarit\u0103\u021bii Sociale. &#8221;\u00cencep\u00e2nd cu data intr\u0103rii \u00een vigoare a prezentei decizii, domnul M\u0103d\u0103lin-Cristian Vasilcoiu, consilier, clasa I, grad profesional superior \u00een cadrul Direc\u021biei generale resurse umane, exercit\u0103, cu caracter temporar, func\u021bia public\u0103 vacant\u0103 din categoria \u00eenal\u021bilor&#8230;<\/p>","protected":false},"author":4,"featured_media":2999,"comment_status":"open","ping_status":"open","sticky":false,"template":"","format":"standard","meta":{"footnotes":""},"categories":[1],"tags":[],"class_list":["post-2997","post","type-post","status-publish","format-standard","has-post-thumbnail","hentry","category-uncategorized"],"yoast_head":"<!-- This site is optimized with the Yoast SEO plugin v26.1.1 - https:\/\/yoast.com\/wordpress\/plugins\/seo\/ -->\n<title>Cristian Vasilcoiu - numit secretar general adjunct la Ministerul Muncii - Carpathia Center Romania<\/title>\n<meta name=\"robots\" content=\"index, follow, max-snippet:-1, max-image-preview:large, max-video-preview:-1\" \/>\n<link rel=\"canonical\" href=\"https:\/\/carpathiacenter.ro\/en\/cristian-vasilcoiu-numit-secretar-general-adjunct-la-ministerul-muncii\/\" \/>\n<meta property=\"og:locale\" content=\"en_GB\" \/>\n<meta property=\"og:type\" content=\"article\" \/>\n<meta property=\"og:title\" content=\"Cristian Vasilcoiu - numit secretar general adjunct la Ministerul Muncii - Carpathia Center Romania\" \/>\n<meta property=\"og:description\" content=\"M\u0103d\u0103lin-Cristian Vasilcoiu va exercita \u00een urm\u0103toarele 6 luni func\u021bia de secretar general adjunct al Ministerului Muncii, Familiei, Tineretului \u0219i Solidarit\u0103\u021bii Sociale. &#8221;\u00cencep\u00e2nd cu data intr\u0103rii \u00een vigoare a prezentei decizii, domnul M\u0103d\u0103lin-Cristian Vasilcoiu, consilier, clasa I, grad profesional superior \u00een cadrul Direc\u021biei generale resurse umane, exercit\u0103, cu caracter temporar, func\u021bia public\u0103 vacant\u0103 din categoria \u00eenal\u021bilor...\" \/>\n<meta property=\"og:url\" content=\"https:\/\/carpathiacenter.ro\/en\/cristian-vasilcoiu-numit-secretar-general-adjunct-la-ministerul-muncii\/\" \/>\n<meta property=\"og:site_name\" content=\"Carpathia Center Romania\" \/>\n<meta property=\"article:publisher\" content=\"https:\/\/www.facebook.com\/fdpscarpathia\/\" \/>\n<meta property=\"article:published_time\" content=\"2025-09-10T07:18:14+00:00\" \/>\n<meta property=\"og:image\" content=\"https:\/\/carpathiacenter.ro\/wp-content\/uploads\/2025\/09\/Cristian-Vasilcoiu.jpg\" \/>\n\t<meta property=\"og:image:width\" content=\"1200\" \/>\n\t<meta property=\"og:image:height\" content=\"907\" \/>\n\t<meta property=\"og:image:type\" content=\"image\/jpeg\" \/>\n<meta name=\"author\" content=\"creativebitsolutions\" \/>\n<meta name=\"twitter:card\" content=\"summary_large_image\" \/>\n<meta name=\"twitter:label1\" content=\"Written by\" \/>\n\t<meta name=\"twitter:data1\" content=\"creativebitsolutions\" \/>\n\t<meta name=\"twitter:label2\" content=\"Estimated reading time\" \/>\n\t<meta name=\"twitter:data2\" content=\"1 minute\" \/>\n<script type=\"application\/ld+json\" class=\"yoast-schema-graph\">{\"@context\":\"https:\/\/schema.org\",\"@graph\":[{\"@type\":\"Article\",\"@id\":\"https:\/\/carpathiacenter.ro\/cristian-vasilcoiu-numit-secretar-general-adjunct-la-ministerul-muncii\/#article\",\"isPartOf\":{\"@id\":\"https:\/\/carpathiacenter.ro\/cristian-vasilcoiu-numit-secretar-general-adjunct-la-ministerul-muncii\/\"},\"author\":{\"name\":\"creativebitsolutions\",\"@id\":\"https:\/\/carpathiacenter.ro\/#\/schema\/person\/03d9f58202fee8379268f34afa195006\"},\"headline\":\"Cristian Vasilcoiu &#8211; numit secretar general adjunct la Ministerul Muncii\",\"datePublished\":\"2025-09-10T07:18:14+00:00\",\"mainEntityOfPage\":{\"@id\":\"https:\/\/carpathiacenter.ro\/cristian-vasilcoiu-numit-secretar-general-adjunct-la-ministerul-muncii\/\"},\"wordCount\":210,\"commentCount\":0,\"publisher\":{\"@id\":\"https:\/\/carpathiacenter.ro\/#organization\"},\"image\":{\"@id\":\"https:\/\/carpathiacenter.ro\/cristian-vasilcoiu-numit-secretar-general-adjunct-la-ministerul-muncii\/#primaryimage\"},\"thumbnailUrl\":\"https:\/\/carpathiacenter.ro\/wp-content\/uploads\/2025\/09\/Cristian-Vasilcoiu.jpg\",\"articleSection\":[\"Uncategorized\"],\"inLanguage\":\"en-GB\",\"potentialAction\":[{\"@type\":\"CommentAction\",\"name\":\"Comment\",\"target\":[\"https:\/\/carpathiacenter.ro\/cristian-vasilcoiu-numit-secretar-general-adjunct-la-ministerul-muncii\/#respond\"]}]},{\"@type\":\"WebPage\",\"@id\":\"https:\/\/carpathiacenter.ro\/cristian-vasilcoiu-numit-secretar-general-adjunct-la-ministerul-muncii\/\",\"url\":\"https:\/\/carpathiacenter.ro\/cristian-vasilcoiu-numit-secretar-general-adjunct-la-ministerul-muncii\/\",\"name\":\"Cristian Vasilcoiu - numit secretar general adjunct la Ministerul Muncii - Carpathia Center Romania\",\"isPartOf\":{\"@id\":\"https:\/\/carpathiacenter.ro\/#website\"},\"primaryImageOfPage\":{\"@id\":\"https:\/\/carpathiacenter.ro\/cristian-vasilcoiu-numit-secretar-general-adjunct-la-ministerul-muncii\/#primaryimage\"},\"image\":{\"@id\":\"https:\/\/carpathiacenter.ro\/cristian-vasilcoiu-numit-secretar-general-adjunct-la-ministerul-muncii\/#primaryimage\"},\"thumbnailUrl\":\"https:\/\/carpathiacenter.ro\/wp-content\/uploads\/2025\/09\/Cristian-Vasilcoiu.jpg\",\"datePublished\":\"2025-09-10T07:18:14+00:00\",\"breadcrumb\":{\"@id\":\"https:\/\/carpathiacenter.ro\/cristian-vasilcoiu-numit-secretar-general-adjunct-la-ministerul-muncii\/#breadcrumb\"},\"inLanguage\":\"en-GB\",\"potentialAction\":[{\"@type\":\"ReadAction\",\"target\":[\"https:\/\/carpathiacenter.ro\/cristian-vasilcoiu-numit-secretar-general-adjunct-la-ministerul-muncii\/\"]}]},{\"@type\":\"ImageObject\",\"inLanguage\":\"en-GB\",\"@id\":\"https:\/\/carpathiacenter.ro\/cristian-vasilcoiu-numit-secretar-general-adjunct-la-ministerul-muncii\/#primaryimage\",\"url\":\"https:\/\/carpathiacenter.ro\/wp-content\/uploads\/2025\/09\/Cristian-Vasilcoiu.jpg\",\"contentUrl\":\"https:\/\/carpathiacenter.ro\/wp-content\/uploads\/2025\/09\/Cristian-Vasilcoiu.jpg\",\"width\":1200,\"height\":907},{\"@type\":\"BreadcrumbList\",\"@id\":\"https:\/\/carpathiacenter.ro\/cristian-vasilcoiu-numit-secretar-general-adjunct-la-ministerul-muncii\/#breadcrumb\",\"itemListElement\":[{\"@type\":\"ListItem\",\"position\":1,\"name\":\"Prima pagin\u0103\",\"item\":\"https:\/\/carpathiacenter.ro\/\"},{\"@type\":\"ListItem\",\"position\":2,\"name\":\"Cristian Vasilcoiu &#8211; numit secretar general adjunct la Ministerul Muncii\"}]},{\"@type\":\"WebSite\",\"@id\":\"https:\/\/carpathiacenter.ro\/#website\",\"url\":\"https:\/\/carpathiacenter.ro\/\",\"name\":\"Carpathia Center Romania\",\"description\":\"Impossible made possible!\",\"publisher\":{\"@id\":\"https:\/\/carpathiacenter.ro\/#organization\"},\"potentialAction\":[{\"@type\":\"SearchAction\",\"target\":{\"@type\":\"EntryPoint\",\"urlTemplate\":\"https:\/\/carpathiacenter.ro\/?s={search_term_string}\"},\"query-input\":{\"@type\":\"PropertyValueSpecification\",\"valueRequired\":true,\"valueName\":\"search_term_string\"}}],\"inLanguage\":\"en-GB\"},{\"@type\":\"Organization\",\"@id\":\"https:\/\/carpathiacenter.ro\/#organization\",\"name\":\"Carpathia Center Romania\",\"url\":\"https:\/\/carpathiacenter.ro\/\",\"logo\":{\"@type\":\"ImageObject\",\"inLanguage\":\"en-GB\",\"@id\":\"https:\/\/carpathiacenter.ro\/#\/schema\/logo\/image\/\",\"url\":\"https:\/\/carpathiacenter.ro\/wp-content\/uploads\/2024\/07\/logo-carpathia_bg_white-1024x941.png\",\"contentUrl\":\"https:\/\/carpathiacenter.ro\/wp-content\/uploads\/2024\/07\/logo-carpathia_bg_white-1024x941.png\",\"width\":1024,\"height\":941,\"caption\":\"Carpathia Center Romania\"},\"image\":{\"@id\":\"https:\/\/carpathiacenter.ro\/#\/schema\/logo\/image\/\"},\"sameAs\":[\"https:\/\/www.facebook.com\/fdpscarpathia\/\"]},{\"@type\":\"Person\",\"@id\":\"https:\/\/carpathiacenter.ro\/#\/schema\/person\/03d9f58202fee8379268f34afa195006\",\"name\":\"creativebitsolutions\",\"image\":{\"@type\":\"ImageObject\",\"inLanguage\":\"en-GB\",\"@id\":\"https:\/\/carpathiacenter.ro\/#\/schema\/person\/image\/\",\"url\":\"https:\/\/secure.gravatar.com\/avatar\/1b1a13e37f847c635dab78348f1dff2f07651ee2a3d77a5c355a4b8c75f9165a?s=96&d=mm&r=g\",\"contentUrl\":\"https:\/\/secure.gravatar.com\/avatar\/1b1a13e37f847c635dab78348f1dff2f07651ee2a3d77a5c355a4b8c75f9165a?s=96&d=mm&r=g\",\"caption\":\"creativebitsolutions\"},\"url\":\"https:\/\/carpathiacenter.ro\/en\/author\/creativebitsolutions\/\"}]}<\/script>\n<!-- \/ Yoast SEO plugin. -->","yoast_head_json":{"title":"Cristian Vasilcoiu - numit secretar general adjunct la Ministerul Muncii - Carpathia Center Romania","robots":{"index":"index","follow":"follow","max-snippet":"max-snippet:-1","max-image-preview":"max-image-preview:large","max-video-preview":"max-video-preview:-1"},"canonical":"https:\/\/carpathiacenter.ro\/en\/cristian-vasilcoiu-numit-secretar-general-adjunct-la-ministerul-muncii\/","og_locale":"en_GB","og_type":"article","og_title":"Cristian Vasilcoiu - numit secretar general adjunct la Ministerul Muncii - Carpathia Center Romania","og_description":"M\u0103d\u0103lin-Cristian Vasilcoiu va exercita \u00een urm\u0103toarele 6 luni func\u021bia de secretar general adjunct al Ministerului Muncii, Familiei, Tineretului \u0219i Solidarit\u0103\u021bii Sociale. &#8221;\u00cencep\u00e2nd cu data intr\u0103rii \u00een vigoare a prezentei decizii, domnul M\u0103d\u0103lin-Cristian Vasilcoiu, consilier, clasa I, grad profesional superior \u00een cadrul Direc\u021biei generale resurse umane, exercit\u0103, cu caracter temporar, func\u021bia public\u0103 vacant\u0103 din categoria \u00eenal\u021bilor...","og_url":"https:\/\/carpathiacenter.ro\/en\/cristian-vasilcoiu-numit-secretar-general-adjunct-la-ministerul-muncii\/","og_site_name":"Carpathia Center Romania","article_publisher":"https:\/\/www.facebook.com\/fdpscarpathia\/","article_published_time":"2025-09-10T07:18:14+00:00","og_image":[{"width":1200,"height":907,"url":"https:\/\/carpathiacenter.ro\/wp-content\/uploads\/2025\/09\/Cristian-Vasilcoiu.jpg","type":"image\/jpeg"}],"author":"creativebitsolutions","twitter_card":"summary_large_image","twitter_misc":{"Written by":"creativebitsolutions","Estimated reading time":"1 minute"},"schema":{"@context":"https:\/\/schema.org","@graph":[{"@type":"Article","@id":"https:\/\/carpathiacenter.ro\/cristian-vasilcoiu-numit-secretar-general-adjunct-la-ministerul-muncii\/#article","isPartOf":{"@id":"https:\/\/carpathiacenter.ro\/cristian-vasilcoiu-numit-secretar-general-adjunct-la-ministerul-muncii\/"},"author":{"name":"creativebitsolutions","@id":"https:\/\/carpathiacenter.ro\/#\/schema\/person\/03d9f58202fee8379268f34afa195006"},"headline":"Cristian Vasilcoiu &#8211; numit secretar general adjunct la Ministerul Muncii","datePublished":"2025-09-10T07:18:14+00:00","mainEntityOfPage":{"@id":"https:\/\/carpathiacenter.ro\/cristian-vasilcoiu-numit-secretar-general-adjunct-la-ministerul-muncii\/"},"wordCount":210,"commentCount":0,"publisher":{"@id":"https:\/\/carpathiacenter.ro\/#organization"},"image":{"@id":"https:\/\/carpathiacenter.ro\/cristian-vasilcoiu-numit-secretar-general-adjunct-la-ministerul-muncii\/#primaryimage"},"thumbnailUrl":"https:\/\/carpathiacenter.ro\/wp-content\/uploads\/2025\/09\/Cristian-Vasilcoiu.jpg","articleSection":["Uncategorized"],"inLanguage":"en-GB","potentialAction":[{"@type":"CommentAction","name":"Comment","target":["https:\/\/carpathiacenter.ro\/cristian-vasilcoiu-numit-secretar-general-adjunct-la-ministerul-muncii\/#respond"]}]},{"@type":"WebPage","@id":"https:\/\/carpathiacenter.ro\/cristian-vasilcoiu-numit-secretar-general-adjunct-la-ministerul-muncii\/","url":"https:\/\/carpathiacenter.ro\/cristian-vasilcoiu-numit-secretar-general-adjunct-la-ministerul-muncii\/","name":"Cristian Vasilcoiu - numit secretar general adjunct la Ministerul Muncii - Carpathia Center Romania","isPartOf":{"@id":"https:\/\/carpathiacenter.ro\/#website"},"primaryImageOfPage":{"@id":"https:\/\/carpathiacenter.ro\/cristian-vasilcoiu-numit-secretar-general-adjunct-la-ministerul-muncii\/#primaryimage"},"image":{"@id":"https:\/\/carpathiacenter.ro\/cristian-vasilcoiu-numit-secretar-general-adjunct-la-ministerul-muncii\/#primaryimage"},"thumbnailUrl":"https:\/\/carpathiacenter.ro\/wp-content\/uploads\/2025\/09\/Cristian-Vasilcoiu.jpg","datePublished":"2025-09-10T07:18:14+00:00","breadcrumb":{"@id":"https:\/\/carpathiacenter.ro\/cristian-vasilcoiu-numit-secretar-general-adjunct-la-ministerul-muncii\/#breadcrumb"},"inLanguage":"en-GB","potentialAction":[{"@type":"ReadAction","target":["https:\/\/carpathiacenter.ro\/cristian-vasilcoiu-numit-secretar-general-adjunct-la-ministerul-muncii\/"]}]},{"@type":"ImageObject","inLanguage":"en-GB","@id":"https:\/\/carpathiacenter.ro\/cristian-vasilcoiu-numit-secretar-general-adjunct-la-ministerul-muncii\/#primaryimage","url":"https:\/\/carpathiacenter.ro\/wp-content\/uploads\/2025\/09\/Cristian-Vasilcoiu.jpg","contentUrl":"https:\/\/carpathiacenter.ro\/wp-content\/uploads\/2025\/09\/Cristian-Vasilcoiu.jpg","width":1200,"height":907},{"@type":"BreadcrumbList","@id":"https:\/\/carpathiacenter.ro\/cristian-vasilcoiu-numit-secretar-general-adjunct-la-ministerul-muncii\/#breadcrumb","itemListElement":[{"@type":"ListItem","position":1,"name":"Prima pagin\u0103","item":"https:\/\/carpathiacenter.ro\/"},{"@type":"ListItem","position":2,"name":"Cristian Vasilcoiu &#8211; numit secretar general adjunct la Ministerul Muncii"}]},{"@type":"WebSite","@id":"https:\/\/carpathiacenter.ro\/#website","url":"https:\/\/carpathiacenter.ro\/","name":"Carpathia Center Romania","description":"Impossible made possible!","publisher":{"@id":"https:\/\/carpathiacenter.ro\/#organization"},"potentialAction":[{"@type":"SearchAction","target":{"@type":"EntryPoint","urlTemplate":"https:\/\/carpathiacenter.ro\/?s={search_term_string}"},"query-input":{"@type":"PropertyValueSpecification","valueRequired":true,"valueName":"search_term_string"}}],"inLanguage":"en-GB"},{"@type":"Organization","@id":"https:\/\/carpathiacenter.ro\/#organization","name":"Carpathia Center Romania","url":"https:\/\/carpathiacenter.ro\/","logo":{"@type":"ImageObject","inLanguage":"en-GB","@id":"https:\/\/carpathiacenter.ro\/#\/schema\/logo\/image\/","url":"https:\/\/carpathiacenter.ro\/wp-content\/uploads\/2024\/07\/logo-carpathia_bg_white-1024x941.png","contentUrl":"https:\/\/carpathiacenter.ro\/wp-content\/uploads\/2024\/07\/logo-carpathia_bg_white-1024x941.png","width":1024,"height":941,"caption":"Carpathia Center Romania"},"image":{"@id":"https:\/\/carpathiacenter.ro\/#\/schema\/logo\/image\/"},"sameAs":["https:\/\/www.facebook.com\/fdpscarpathia\/"]},{"@type":"Person","@id":"https:\/\/carpathiacenter.ro\/#\/schema\/person\/03d9f58202fee8379268f34afa195006","name":"creativebitsolutions","image":{"@type":"ImageObject","inLanguage":"en-GB","@id":"https:\/\/carpathiacenter.ro\/#\/schema\/person\/image\/","url":"https:\/\/secure.gravatar.com\/avatar\/1b1a13e37f847c635dab78348f1dff2f07651ee2a3d77a5c355a4b8c75f9165a?s=96&d=mm&r=g","contentUrl":"https:\/\/secure.gravatar.com\/avatar\/1b1a13e37f847c635dab78348f1dff2f07651ee2a3d77a5c355a4b8c75f9165a?s=96&d=mm&r=g","caption":"creativebitsolutions"},"url":"https:\/\/carpathiacenter.ro\/en\/author\/creativebitsolutions\/"}]}},"_links":{"self":[{"href":"https:\/\/carpathiacenter.ro\/en\/wp-json\/wp\/v2\/posts\/2997","targetHints":{"allow":["GET"]}}],"collection":[{"href":"https:\/\/carpathiacenter.ro\/en\/wp-json\/wp\/v2\/posts"}],"about":[{"href":"https:\/\/carpathiacenter.ro\/en\/wp-json\/wp\/v2\/types\/post"}],"author":[{"embeddable":true,"href":"https:\/\/carpathiacenter.ro\/en\/wp-json\/wp\/v2\/users\/4"}],"replies":[{"embeddable":true,"href":"https:\/\/carpathiacenter.ro\/en\/wp-json\/wp\/v2\/comments?post=2997"}],"version-history":[{"count":1,"href":"https:\/\/carpathiacenter.ro\/en\/wp-json\/wp\/v2\/posts\/2997\/revisions"}],"predecessor-version":[{"id":3000,"href":"https:\/\/carpathiacenter.ro\/en\/wp-json\/wp\/v2\/posts\/2997\/revisions\/3000"}],"wp:featuredmedia":[{"embeddable":true,"href":"https:\/\/carpathiacenter.ro\/en\/wp-json\/wp\/v2\/media\/2999"}],"wp:attachment":[{"href":"https:\/\/carpathiacenter.ro\/en\/wp-json\/wp\/v2\/media?parent=2997"}],"wp:term":[{"taxonomy":"category","embeddable":true,"href":"https:\/\/carpathiacenter.ro\/en\/wp-json\/wp\/v2\/categories?post=2997"},{"taxonomy":"post_tag","embeddable":true,"href":"https:\/\/carpathiacenter.ro\/en\/wp-json\/wp\/v2\/tags?post=2997"}],"curies":[{"name":"wp","href":"https:\/\/api.w.org\/{rel}","templated":true}]}}