{"id":2994,"date":"2025-09-09T06:19:32","date_gmt":"2025-09-09T06:19:32","guid":{"rendered":"https:\/\/carpathiacenter.ro\/?p=2994"},"modified":"2025-09-09T06:19:32","modified_gmt":"2025-09-09T06:19:32","slug":"bolojan-incetinirea-economica-o-realitate-pana-in-vara-anului-viitor-nu-cred-ca-inflatia-va-ajunge-de-doua-cifre","status":"publish","type":"post","link":"https:\/\/carpathiacenter.ro\/en\/bolojan-incetinirea-economica-o-realitate-pana-in-vara-anului-viitor-nu-cred-ca-inflatia-va-ajunge-de-doua-cifre\/","title":{"rendered":"Bolojan: \u00cencetinirea economic\u0103 &#8211; o realitate p\u00e2n\u0103 \u00een vara anului viitor; nu cred c\u0103 infla\u021bia va ajunge de dou\u0103 cifre"},"content":{"rendered":"<p><strong>Componenta de \u00eencetinire economic\u0103 este o realitate cel pu\u021bin p\u00e2n\u0103 \u00een vara anului viitor, a afirmat, luni, premierul Ilie Bolojan, men\u021bion\u00e2nd, \u00eens\u0103, c\u0103 nu crede c\u0103 infla\u021bia va ajunge de dou\u0103 cifre.<\/strong><\/p>\n<p>&#8216;Nu putem s\u0103 cobor\u00e2m sub o astfel de cifr\u0103 (sub 8% deficit &#8211; n.r.), pentru c\u0103 nu este sustenabil. Acest Guvern este din al doilea semestru, practic, \u00een func\u021bie, m\u0103surile care au fost adoptate au impact pe ultimele patru luni de zile \u0219i este imposibil s\u0103 vii cu ni\u0219te m\u0103suri care s\u0103 corecteze acumul\u0103ri pe 12 luni \u00een patru luni&#8217;, <a href=\"https:\/\/www.facebook.com\/ilie.bolojan\/videos\/820324317097589?locale=ro_RO\" target=\"_blank\">a spus Bolojan, la TVR Info<\/a>, \u00eentrebat dac\u0103 Rom\u00e2nia a dep\u0103\u0219it pericolul incapacit\u0103\u021bii de plat\u0103 sau al recesiunii.<\/p>\n<p>Potrivit premierului, &#8216;componenta de sc\u0103dere economic\u0103 este o realitate&#8217;.<\/p>\n<p>El a explicat c\u0103 aceasta este consecin\u021ba contextului extern \u0219i intern.<\/p>\n<p>&#8216;Pe de o parte, avem un context european care nu este de natur\u0103 a ne sus\u021bine, avem o \u00eencetinire a economiei europene, avem o rea\u0219ezare a lan\u021burilor valorice globale de aprovizionare, avem aceste dispute legate de tarife, de barierele comerciale, care sunt de natur\u0103 s\u0103 \u00eencetineasc\u0103 economia european\u0103. Noi avem o economie care este legat\u0103, prin structurile noastre economice, de ceea ce se \u00eent\u00e2mpl\u0103 \u00een Europa. Dac\u0103 Europa merge foarte bine, are un efect de antrenare asupra noastr\u0103. Dac\u0103 economia european\u0103 \u00eencetine\u0219te, inevitabil func\u021bioneaz\u0103 ca un balast \u0219i pentru noi. Deci acest context nu ne ajut\u0103. Apoi este contextul intern. Atunci c\u00e2nd, \u00eentr-o form\u0103 sau alta, cre\u0219ti Taxa pe Valoare Ad\u0103ugat\u0103 cu un procent, cu dou\u0103 procente, \u00een mod inevitabil vor cre\u0219te ni\u0219te pre\u021buri, probabil. Sau, dac\u0103 nu cresc, acele costuri suplimentare sunt internalizate de companii. \u00cen momentul \u00een care plafonezi salarii, tai sporuri, din nou, \u00eentr-o anumit\u0103 form\u0103 sau alta, introduci mai pu\u021bini bani \u00een pia\u021b\u0103, scazi puterea de cump\u0103rare \u00een mod global \u0219i acestea au ni\u0219te efecte de \u00eencetinire economic\u0103&#8217;, a mai spus Bolojan.<\/p>\n<p>El a ad\u0103ugat c\u0103, &#8216;cel pu\u021bin p\u00e2n\u0103 \u00een vara anului viitor&#8217;, \u021bara noastr\u0103 va fi &#8216;\u00eentr-o situa\u021bie de \u00eencetinire a cre\u0219terii economice&#8217;.<\/p>\n<p>Ilie Bolojan a mai spus c\u0103, dup\u0103 aceast\u0103 perioad\u0103 de corec\u021bii, va urma una de cre\u0219tere economic\u0103.<\/p>\n<p>&#8216;Dup\u0103 trecerea de aceast\u0103 perioad\u0103 de corec\u021bii, vom fi \u00eentr-o perioad\u0103 din nou de cre\u0219tere economic\u0103. Infla\u021bia, \u00eentr-adev\u0103r, a crescut, dar nu cred c\u0103 va ajunge la dou\u0103 cifre (&#8230;), iar toate estim\u0103rile, at\u00e2t ale BNR, c\u00e2t \u0219i ale speciali\u0219tilor, indic\u0103 o sc\u0103dere \u00een a doua jum\u0103tate a anului viitor mai mare dec\u00e2t cea estimat\u0103 \u00eenainte de aceste m\u0103suri&#8217;, a ad\u0103ugat premierul.<\/p>\n<p>El a mai punctat c\u0103 trebuie \u021binut un ritm de controlare a cheltuielilor, e\u0219alonare a investi\u021biilor \u0219i \u00eencasarea veniturilor.<\/p>\n<p>&#8216;\u00cen ceea ce prive\u0219te incapacitatea de plat\u0103, suntem \u00een situa\u021bia \u00een care am trecut de c\u00e2teva etape de evalu\u0103ri, trebuie s\u0103 \u021binem un ritm \u00een care s\u0103 ne control\u0103m cheltuielile, s\u0103 ne e\u0219alon\u0103m investi\u021biile \u0219i s\u0103 ne \u00eencas\u0103m veniturile care au fost stabilite. Asta \u00eenseamn\u0103 responsabilitate \u00een guvernare, \u00eenseamn\u0103 urm\u0103rirea unui parcurs, iar stabilitatea politic\u0103 \u0219i solidaritatea \u00eentre parteneri dau o perspectiv\u0103 c\u0103, pe termen mediu, un an, doi, trei ani de zile, lucrurile \u00een Rom\u00e2nia se duc \u00eentr-o direc\u021bie bun\u0103&#8217;, consider\u0103 Bolojan.<\/p>\n<p>Acesta a mai ar\u0103tat c\u0103, &#8216;\u00een condi\u021biile \u00een care apar factori de instabilitate politic\u0103 sau se \u00eent\u00e2mpl\u0103 lucruri care nu mai dau garan\u021bia unui comportament predictibil \u00een actul guvernamental, atunci \u00een mod evident c\u0103 perspectiva de \u00eencredere este sc\u0103zut\u0103&#8217;.<\/p>\n<p>&#8216;O perspectiv\u0103 de intrare \u00een incapacitate de plat\u0103, dac\u0103 respect\u0103m aceste reguli, din punctul meu de vedere, este exclus\u0103. Dac\u0103 \u00eens\u0103 doar cre\u0219tem anumite taxe f\u0103r\u0103 s\u0103 reducem cheltuieli, dac\u0103 nu suntem mai eficien\u021bi \u00een general, dac\u0103 nu perform\u0103m \u00een actul de administrare, c\u0103 este administrare a institu\u021biilor de stat, c\u0103 este a companiilor de stat, e doar o problem\u0103 de timp p\u00e2n\u0103 c\u00e2nd aceste venituri pe care le \u00eencas\u0103m suplimentar vor fi consumate de ineficien\u021b\u0103, de cheltuieli structurale care nu sunt modificate \u0219i de aceea trebuie s\u0103 mergem pe acest drum&#8217;, a ad\u0103ugat Bolojan. AGERPRES\/(AS &#8211; redactor: Alina Nov\u0103ceanu, editor: Georgiana T\u0103n\u0103sescu, editor online: Andreea Preda)<br \/>\n<br \/>\nSursa articolului:  <a href=\"https:\/\/agerpres.ro\/politic\/2025\/09\/08\/bolojan-incetinirea-economica---o-realitate-pana-in-vara-anului-viitor-nu-cred-ca-inflatia-va-ajunge--1482486\" target=\"_blank\" rel=\"noopener\" title=\"\">https:\/\/agerpres.ro\/politic\/2025\/09\/08\/bolojan-incetinirea-economica&#8212;o-realitate-pana-in-vara-anului-viitor-nu-cred-ca-inflatia-va-ajunge&#8211;1482486<\/a><\/p>","protected":false},"excerpt":{"rendered":"<p>Componenta de \u00eencetinire economic\u0103 este o realitate cel pu\u021bin p\u00e2n\u0103 \u00een vara anului viitor, a afirmat, luni, premierul Ilie Bolojan, men\u021bion\u00e2nd, \u00eens\u0103, c\u0103 nu crede c\u0103 infla\u021bia va ajunge de dou\u0103 cifre. &#8216;Nu putem s\u0103 cobor\u00e2m sub o astfel de cifr\u0103 (sub 8% deficit &#8211; n.r.), pentru c\u0103 nu este sustenabil. Acest Guvern este din&#8230;<\/p>","protected":false},"author":4,"featured_media":2995,"comment_status":"open","ping_status":"open","sticky":false,"template":"","format":"standard","meta":{"footnotes":""},"categories":[1],"tags":[],"class_list":["post-2994","post","type-post","status-publish","format-standard","has-post-thumbnail","hentry","category-uncategorized"],"yoast_head":"<!-- This site is optimized with the Yoast SEO plugin v26.1.1 - https:\/\/yoast.com\/wordpress\/plugins\/seo\/ -->\n<title>Bolojan: \u00cencetinirea economic\u0103 - o realitate p\u00e2n\u0103 \u00een vara anului viitor; nu cred c\u0103 infla\u021bia va ajunge de dou\u0103 cifre - Carpathia Center Romania<\/title>\n<meta name=\"robots\" content=\"index, follow, max-snippet:-1, max-image-preview:large, max-video-preview:-1\" \/>\n<link rel=\"canonical\" href=\"https:\/\/carpathiacenter.ro\/en\/bolojan-incetinirea-economica-o-realitate-pana-in-vara-anului-viitor-nu-cred-ca-inflatia-va-ajunge-de-doua-cifre\/\" \/>\n<meta property=\"og:locale\" content=\"en_GB\" \/>\n<meta property=\"og:type\" content=\"article\" \/>\n<meta property=\"og:title\" content=\"Bolojan: \u00cencetinirea economic\u0103 - o realitate p\u00e2n\u0103 \u00een vara anului viitor; nu cred c\u0103 infla\u021bia va ajunge de dou\u0103 cifre - Carpathia Center Romania\" \/>\n<meta property=\"og:description\" content=\"Componenta de \u00eencetinire economic\u0103 este o realitate cel pu\u021bin p\u00e2n\u0103 \u00een vara anului viitor, a afirmat, luni, premierul Ilie Bolojan, men\u021bion\u00e2nd, \u00eens\u0103, c\u0103 nu crede c\u0103 infla\u021bia va ajunge de dou\u0103 cifre. &#8216;Nu putem s\u0103 cobor\u00e2m sub o astfel de cifr\u0103 (sub 8% deficit &#8211; n.r.), pentru c\u0103 nu este sustenabil. Acest Guvern este din...\" \/>\n<meta property=\"og:url\" content=\"https:\/\/carpathiacenter.ro\/en\/bolojan-incetinirea-economica-o-realitate-pana-in-vara-anului-viitor-nu-cred-ca-inflatia-va-ajunge-de-doua-cifre\/\" \/>\n<meta property=\"og:site_name\" content=\"Carpathia Center Romania\" \/>\n<meta property=\"article:publisher\" content=\"https:\/\/www.facebook.com\/fdpscarpathia\/\" \/>\n<meta property=\"article:published_time\" content=\"2025-09-09T06:19:32+00:00\" \/>\n<meta property=\"og:image\" content=\"https:\/\/carpathiacenter.ro\/wp-content\/uploads\/2025\/09\/deflatie.jpg\" \/>\n\t<meta property=\"og:image:width\" content=\"1200\" \/>\n\t<meta property=\"og:image:height\" content=\"675\" \/>\n\t<meta property=\"og:image:type\" content=\"image\/jpeg\" \/>\n<meta name=\"author\" content=\"creativebitsolutions\" \/>\n<meta name=\"twitter:card\" content=\"summary_large_image\" \/>\n<meta name=\"twitter:label1\" content=\"Written by\" \/>\n\t<meta name=\"twitter:data1\" content=\"creativebitsolutions\" \/>\n\t<meta name=\"twitter:label2\" content=\"Estimated reading time\" \/>\n\t<meta name=\"twitter:data2\" content=\"4 minutes\" \/>\n<script type=\"application\/ld+json\" class=\"yoast-schema-graph\">{\"@context\":\"https:\/\/schema.org\",\"@graph\":[{\"@type\":\"Article\",\"@id\":\"https:\/\/carpathiacenter.ro\/bolojan-incetinirea-economica-o-realitate-pana-in-vara-anului-viitor-nu-cred-ca-inflatia-va-ajunge-de-doua-cifre\/#article\",\"isPartOf\":{\"@id\":\"https:\/\/carpathiacenter.ro\/bolojan-incetinirea-economica-o-realitate-pana-in-vara-anului-viitor-nu-cred-ca-inflatia-va-ajunge-de-doua-cifre\/\"},\"author\":{\"name\":\"creativebitsolutions\",\"@id\":\"https:\/\/carpathiacenter.ro\/#\/schema\/person\/03d9f58202fee8379268f34afa195006\"},\"headline\":\"Bolojan: \u00cencetinirea economic\u0103 &#8211; o realitate p\u00e2n\u0103 \u00een vara anului viitor; nu cred c\u0103 infla\u021bia va ajunge de dou\u0103 cifre\",\"datePublished\":\"2025-09-09T06:19:32+00:00\",\"mainEntityOfPage\":{\"@id\":\"https:\/\/carpathiacenter.ro\/bolojan-incetinirea-economica-o-realitate-pana-in-vara-anului-viitor-nu-cred-ca-inflatia-va-ajunge-de-doua-cifre\/\"},\"wordCount\":766,\"commentCount\":0,\"publisher\":{\"@id\":\"https:\/\/carpathiacenter.ro\/#organization\"},\"image\":{\"@id\":\"https:\/\/carpathiacenter.ro\/bolojan-incetinirea-economica-o-realitate-pana-in-vara-anului-viitor-nu-cred-ca-inflatia-va-ajunge-de-doua-cifre\/#primaryimage\"},\"thumbnailUrl\":\"https:\/\/carpathiacenter.ro\/wp-content\/uploads\/2025\/09\/deflatie.jpg\",\"articleSection\":[\"Uncategorized\"],\"inLanguage\":\"en-GB\",\"potentialAction\":[{\"@type\":\"CommentAction\",\"name\":\"Comment\",\"target\":[\"https:\/\/carpathiacenter.ro\/bolojan-incetinirea-economica-o-realitate-pana-in-vara-anului-viitor-nu-cred-ca-inflatia-va-ajunge-de-doua-cifre\/#respond\"]}]},{\"@type\":\"WebPage\",\"@id\":\"https:\/\/carpathiacenter.ro\/bolojan-incetinirea-economica-o-realitate-pana-in-vara-anului-viitor-nu-cred-ca-inflatia-va-ajunge-de-doua-cifre\/\",\"url\":\"https:\/\/carpathiacenter.ro\/bolojan-incetinirea-economica-o-realitate-pana-in-vara-anului-viitor-nu-cred-ca-inflatia-va-ajunge-de-doua-cifre\/\",\"name\":\"Bolojan: \u00cencetinirea economic\u0103 - o realitate p\u00e2n\u0103 \u00een vara anului viitor; nu cred c\u0103 infla\u021bia va ajunge de dou\u0103 cifre - Carpathia Center Romania\",\"isPartOf\":{\"@id\":\"https:\/\/carpathiacenter.ro\/#website\"},\"primaryImageOfPage\":{\"@id\":\"https:\/\/carpathiacenter.ro\/bolojan-incetinirea-economica-o-realitate-pana-in-vara-anului-viitor-nu-cred-ca-inflatia-va-ajunge-de-doua-cifre\/#primaryimage\"},\"image\":{\"@id\":\"https:\/\/carpathiacenter.ro\/bolojan-incetinirea-economica-o-realitate-pana-in-vara-anului-viitor-nu-cred-ca-inflatia-va-ajunge-de-doua-cifre\/#primaryimage\"},\"thumbnailUrl\":\"https:\/\/carpathiacenter.ro\/wp-content\/uploads\/2025\/09\/deflatie.jpg\",\"datePublished\":\"2025-09-09T06:19:32+00:00\",\"breadcrumb\":{\"@id\":\"https:\/\/carpathiacenter.ro\/bolojan-incetinirea-economica-o-realitate-pana-in-vara-anului-viitor-nu-cred-ca-inflatia-va-ajunge-de-doua-cifre\/#breadcrumb\"},\"inLanguage\":\"en-GB\",\"potentialAction\":[{\"@type\":\"ReadAction\",\"target\":[\"https:\/\/carpathiacenter.ro\/bolojan-incetinirea-economica-o-realitate-pana-in-vara-anului-viitor-nu-cred-ca-inflatia-va-ajunge-de-doua-cifre\/\"]}]},{\"@type\":\"ImageObject\",\"inLanguage\":\"en-GB\",\"@id\":\"https:\/\/carpathiacenter.ro\/bolojan-incetinirea-economica-o-realitate-pana-in-vara-anului-viitor-nu-cred-ca-inflatia-va-ajunge-de-doua-cifre\/#primaryimage\",\"url\":\"https:\/\/carpathiacenter.ro\/wp-content\/uploads\/2025\/09\/deflatie.jpg\",\"contentUrl\":\"https:\/\/carpathiacenter.ro\/wp-content\/uploads\/2025\/09\/deflatie.jpg\",\"width\":1200,\"height\":675},{\"@type\":\"BreadcrumbList\",\"@id\":\"https:\/\/carpathiacenter.ro\/bolojan-incetinirea-economica-o-realitate-pana-in-vara-anului-viitor-nu-cred-ca-inflatia-va-ajunge-de-doua-cifre\/#breadcrumb\",\"itemListElement\":[{\"@type\":\"ListItem\",\"position\":1,\"name\":\"Prima pagin\u0103\",\"item\":\"https:\/\/carpathiacenter.ro\/\"},{\"@type\":\"ListItem\",\"position\":2,\"name\":\"Bolojan: \u00cencetinirea economic\u0103 &#8211; o realitate p\u00e2n\u0103 \u00een vara anului viitor; nu cred c\u0103 infla\u021bia va ajunge de dou\u0103 cifre\"}]},{\"@type\":\"WebSite\",\"@id\":\"https:\/\/carpathiacenter.ro\/#website\",\"url\":\"https:\/\/carpathiacenter.ro\/\",\"name\":\"Carpathia Center Romania\",\"description\":\"Impossible made possible!\",\"publisher\":{\"@id\":\"https:\/\/carpathiacenter.ro\/#organization\"},\"potentialAction\":[{\"@type\":\"SearchAction\",\"target\":{\"@type\":\"EntryPoint\",\"urlTemplate\":\"https:\/\/carpathiacenter.ro\/?s={search_term_string}\"},\"query-input\":{\"@type\":\"PropertyValueSpecification\",\"valueRequired\":true,\"valueName\":\"search_term_string\"}}],\"inLanguage\":\"en-GB\"},{\"@type\":\"Organization\",\"@id\":\"https:\/\/carpathiacenter.ro\/#organization\",\"name\":\"Carpathia Center Romania\",\"url\":\"https:\/\/carpathiacenter.ro\/\",\"logo\":{\"@type\":\"ImageObject\",\"inLanguage\":\"en-GB\",\"@id\":\"https:\/\/carpathiacenter.ro\/#\/schema\/logo\/image\/\",\"url\":\"https:\/\/carpathiacenter.ro\/wp-content\/uploads\/2024\/07\/logo-carpathia_bg_white-1024x941.png\",\"contentUrl\":\"https:\/\/carpathiacenter.ro\/wp-content\/uploads\/2024\/07\/logo-carpathia_bg_white-1024x941.png\",\"width\":1024,\"height\":941,\"caption\":\"Carpathia Center Romania\"},\"image\":{\"@id\":\"https:\/\/carpathiacenter.ro\/#\/schema\/logo\/image\/\"},\"sameAs\":[\"https:\/\/www.facebook.com\/fdpscarpathia\/\"]},{\"@type\":\"Person\",\"@id\":\"https:\/\/carpathiacenter.ro\/#\/schema\/person\/03d9f58202fee8379268f34afa195006\",\"name\":\"creativebitsolutions\",\"image\":{\"@type\":\"ImageObject\",\"inLanguage\":\"en-GB\",\"@id\":\"https:\/\/carpathiacenter.ro\/#\/schema\/person\/image\/\",\"url\":\"https:\/\/secure.gravatar.com\/avatar\/1b1a13e37f847c635dab78348f1dff2f07651ee2a3d77a5c355a4b8c75f9165a?s=96&d=mm&r=g\",\"contentUrl\":\"https:\/\/secure.gravatar.com\/avatar\/1b1a13e37f847c635dab78348f1dff2f07651ee2a3d77a5c355a4b8c75f9165a?s=96&d=mm&r=g\",\"caption\":\"creativebitsolutions\"},\"url\":\"https:\/\/carpathiacenter.ro\/en\/author\/creativebitsolutions\/\"}]}<\/script>\n<!-- \/ Yoast SEO plugin. -->","yoast_head_json":{"title":"Bolojan: \u00cencetinirea economic\u0103 - o realitate p\u00e2n\u0103 \u00een vara anului viitor; nu cred c\u0103 infla\u021bia va ajunge de dou\u0103 cifre - Carpathia Center Romania","robots":{"index":"index","follow":"follow","max-snippet":"max-snippet:-1","max-image-preview":"max-image-preview:large","max-video-preview":"max-video-preview:-1"},"canonical":"https:\/\/carpathiacenter.ro\/en\/bolojan-incetinirea-economica-o-realitate-pana-in-vara-anului-viitor-nu-cred-ca-inflatia-va-ajunge-de-doua-cifre\/","og_locale":"en_GB","og_type":"article","og_title":"Bolojan: \u00cencetinirea economic\u0103 - o realitate p\u00e2n\u0103 \u00een vara anului viitor; nu cred c\u0103 infla\u021bia va ajunge de dou\u0103 cifre - Carpathia Center Romania","og_description":"Componenta de \u00eencetinire economic\u0103 este o realitate cel pu\u021bin p\u00e2n\u0103 \u00een vara anului viitor, a afirmat, luni, premierul Ilie Bolojan, men\u021bion\u00e2nd, \u00eens\u0103, c\u0103 nu crede c\u0103 infla\u021bia va ajunge de dou\u0103 cifre. &#8216;Nu putem s\u0103 cobor\u00e2m sub o astfel de cifr\u0103 (sub 8% deficit &#8211; n.r.), pentru c\u0103 nu este sustenabil. Acest Guvern este din...","og_url":"https:\/\/carpathiacenter.ro\/en\/bolojan-incetinirea-economica-o-realitate-pana-in-vara-anului-viitor-nu-cred-ca-inflatia-va-ajunge-de-doua-cifre\/","og_site_name":"Carpathia Center Romania","article_publisher":"https:\/\/www.facebook.com\/fdpscarpathia\/","article_published_time":"2025-09-09T06:19:32+00:00","og_image":[{"width":1200,"height":675,"url":"https:\/\/carpathiacenter.ro\/wp-content\/uploads\/2025\/09\/deflatie.jpg","type":"image\/jpeg"}],"author":"creativebitsolutions","twitter_card":"summary_large_image","twitter_misc":{"Written by":"creativebitsolutions","Estimated reading time":"4 minutes"},"schema":{"@context":"https:\/\/schema.org","@graph":[{"@type":"Article","@id":"https:\/\/carpathiacenter.ro\/bolojan-incetinirea-economica-o-realitate-pana-in-vara-anului-viitor-nu-cred-ca-inflatia-va-ajunge-de-doua-cifre\/#article","isPartOf":{"@id":"https:\/\/carpathiacenter.ro\/bolojan-incetinirea-economica-o-realitate-pana-in-vara-anului-viitor-nu-cred-ca-inflatia-va-ajunge-de-doua-cifre\/"},"author":{"name":"creativebitsolutions","@id":"https:\/\/carpathiacenter.ro\/#\/schema\/person\/03d9f58202fee8379268f34afa195006"},"headline":"Bolojan: \u00cencetinirea economic\u0103 &#8211; o realitate p\u00e2n\u0103 \u00een vara anului viitor; nu cred c\u0103 infla\u021bia va ajunge de dou\u0103 cifre","datePublished":"2025-09-09T06:19:32+00:00","mainEntityOfPage":{"@id":"https:\/\/carpathiacenter.ro\/bolojan-incetinirea-economica-o-realitate-pana-in-vara-anului-viitor-nu-cred-ca-inflatia-va-ajunge-de-doua-cifre\/"},"wordCount":766,"commentCount":0,"publisher":{"@id":"https:\/\/carpathiacenter.ro\/#organization"},"image":{"@id":"https:\/\/carpathiacenter.ro\/bolojan-incetinirea-economica-o-realitate-pana-in-vara-anului-viitor-nu-cred-ca-inflatia-va-ajunge-de-doua-cifre\/#primaryimage"},"thumbnailUrl":"https:\/\/carpathiacenter.ro\/wp-content\/uploads\/2025\/09\/deflatie.jpg","articleSection":["Uncategorized"],"inLanguage":"en-GB","potentialAction":[{"@type":"CommentAction","name":"Comment","target":["https:\/\/carpathiacenter.ro\/bolojan-incetinirea-economica-o-realitate-pana-in-vara-anului-viitor-nu-cred-ca-inflatia-va-ajunge-de-doua-cifre\/#respond"]}]},{"@type":"WebPage","@id":"https:\/\/carpathiacenter.ro\/bolojan-incetinirea-economica-o-realitate-pana-in-vara-anului-viitor-nu-cred-ca-inflatia-va-ajunge-de-doua-cifre\/","url":"https:\/\/carpathiacenter.ro\/bolojan-incetinirea-economica-o-realitate-pana-in-vara-anului-viitor-nu-cred-ca-inflatia-va-ajunge-de-doua-cifre\/","name":"Bolojan: \u00cencetinirea economic\u0103 - o realitate p\u00e2n\u0103 \u00een vara anului viitor; nu cred c\u0103 infla\u021bia va ajunge de dou\u0103 cifre - Carpathia Center Romania","isPartOf":{"@id":"https:\/\/carpathiacenter.ro\/#website"},"primaryImageOfPage":{"@id":"https:\/\/carpathiacenter.ro\/bolojan-incetinirea-economica-o-realitate-pana-in-vara-anului-viitor-nu-cred-ca-inflatia-va-ajunge-de-doua-cifre\/#primaryimage"},"image":{"@id":"https:\/\/carpathiacenter.ro\/bolojan-incetinirea-economica-o-realitate-pana-in-vara-anului-viitor-nu-cred-ca-inflatia-va-ajunge-de-doua-cifre\/#primaryimage"},"thumbnailUrl":"https:\/\/carpathiacenter.ro\/wp-content\/uploads\/2025\/09\/deflatie.jpg","datePublished":"2025-09-09T06:19:32+00:00","breadcrumb":{"@id":"https:\/\/carpathiacenter.ro\/bolojan-incetinirea-economica-o-realitate-pana-in-vara-anului-viitor-nu-cred-ca-inflatia-va-ajunge-de-doua-cifre\/#breadcrumb"},"inLanguage":"en-GB","potentialAction":[{"@type":"ReadAction","target":["https:\/\/carpathiacenter.ro\/bolojan-incetinirea-economica-o-realitate-pana-in-vara-anului-viitor-nu-cred-ca-inflatia-va-ajunge-de-doua-cifre\/"]}]},{"@type":"ImageObject","inLanguage":"en-GB","@id":"https:\/\/carpathiacenter.ro\/bolojan-incetinirea-economica-o-realitate-pana-in-vara-anului-viitor-nu-cred-ca-inflatia-va-ajunge-de-doua-cifre\/#primaryimage","url":"https:\/\/carpathiacenter.ro\/wp-content\/uploads\/2025\/09\/deflatie.jpg","contentUrl":"https:\/\/carpathiacenter.ro\/wp-content\/uploads\/2025\/09\/deflatie.jpg","width":1200,"height":675},{"@type":"BreadcrumbList","@id":"https:\/\/carpathiacenter.ro\/bolojan-incetinirea-economica-o-realitate-pana-in-vara-anului-viitor-nu-cred-ca-inflatia-va-ajunge-de-doua-cifre\/#breadcrumb","itemListElement":[{"@type":"ListItem","position":1,"name":"Prima pagin\u0103","item":"https:\/\/carpathiacenter.ro\/"},{"@type":"ListItem","position":2,"name":"Bolojan: \u00cencetinirea economic\u0103 &#8211; o realitate p\u00e2n\u0103 \u00een vara anului viitor; nu cred c\u0103 infla\u021bia va ajunge de dou\u0103 cifre"}]},{"@type":"WebSite","@id":"https:\/\/carpathiacenter.ro\/#website","url":"https:\/\/carpathiacenter.ro\/","name":"Carpathia Center Romania","description":"Impossible made possible!","publisher":{"@id":"https:\/\/carpathiacenter.ro\/#organization"},"potentialAction":[{"@type":"SearchAction","target":{"@type":"EntryPoint","urlTemplate":"https:\/\/carpathiacenter.ro\/?s={search_term_string}"},"query-input":{"@type":"PropertyValueSpecification","valueRequired":true,"valueName":"search_term_string"}}],"inLanguage":"en-GB"},{"@type":"Organization","@id":"https:\/\/carpathiacenter.ro\/#organization","name":"Carpathia Center Romania","url":"https:\/\/carpathiacenter.ro\/","logo":{"@type":"ImageObject","inLanguage":"en-GB","@id":"https:\/\/carpathiacenter.ro\/#\/schema\/logo\/image\/","url":"https:\/\/carpathiacenter.ro\/wp-content\/uploads\/2024\/07\/logo-carpathia_bg_white-1024x941.png","contentUrl":"https:\/\/carpathiacenter.ro\/wp-content\/uploads\/2024\/07\/logo-carpathia_bg_white-1024x941.png","width":1024,"height":941,"caption":"Carpathia Center Romania"},"image":{"@id":"https:\/\/carpathiacenter.ro\/#\/schema\/logo\/image\/"},"sameAs":["https:\/\/www.facebook.com\/fdpscarpathia\/"]},{"@type":"Person","@id":"https:\/\/carpathiacenter.ro\/#\/schema\/person\/03d9f58202fee8379268f34afa195006","name":"creativebitsolutions","image":{"@type":"ImageObject","inLanguage":"en-GB","@id":"https:\/\/carpathiacenter.ro\/#\/schema\/person\/image\/","url":"https:\/\/secure.gravatar.com\/avatar\/1b1a13e37f847c635dab78348f1dff2f07651ee2a3d77a5c355a4b8c75f9165a?s=96&d=mm&r=g","contentUrl":"https:\/\/secure.gravatar.com\/avatar\/1b1a13e37f847c635dab78348f1dff2f07651ee2a3d77a5c355a4b8c75f9165a?s=96&d=mm&r=g","caption":"creativebitsolutions"},"url":"https:\/\/carpathiacenter.ro\/en\/author\/creativebitsolutions\/"}]}},"_links":{"self":[{"href":"https:\/\/carpathiacenter.ro\/en\/wp-json\/wp\/v2\/posts\/2994","targetHints":{"allow":["GET"]}}],"collection":[{"href":"https:\/\/carpathiacenter.ro\/en\/wp-json\/wp\/v2\/posts"}],"about":[{"href":"https:\/\/carpathiacenter.ro\/en\/wp-json\/wp\/v2\/types\/post"}],"author":[{"embeddable":true,"href":"https:\/\/carpathiacenter.ro\/en\/wp-json\/wp\/v2\/users\/4"}],"replies":[{"embeddable":true,"href":"https:\/\/carpathiacenter.ro\/en\/wp-json\/wp\/v2\/comments?post=2994"}],"version-history":[{"count":1,"href":"https:\/\/carpathiacenter.ro\/en\/wp-json\/wp\/v2\/posts\/2994\/revisions"}],"predecessor-version":[{"id":2996,"href":"https:\/\/carpathiacenter.ro\/en\/wp-json\/wp\/v2\/posts\/2994\/revisions\/2996"}],"wp:featuredmedia":[{"embeddable":true,"href":"https:\/\/carpathiacenter.ro\/en\/wp-json\/wp\/v2\/media\/2995"}],"wp:attachment":[{"href":"https:\/\/carpathiacenter.ro\/en\/wp-json\/wp\/v2\/media?parent=2994"}],"wp:term":[{"taxonomy":"category","embeddable":true,"href":"https:\/\/carpathiacenter.ro\/en\/wp-json\/wp\/v2\/categories?post=2994"},{"taxonomy":"post_tag","embeddable":true,"href":"https:\/\/carpathiacenter.ro\/en\/wp-json\/wp\/v2\/tags?post=2994"}],"curies":[{"name":"wp","href":"https:\/\/api.w.org\/{rel}","templated":true}]}}