{"id":2980,"date":"2025-09-05T12:07:40","date_gmt":"2025-09-05T12:07:40","guid":{"rendered":"https:\/\/carpathiacenter.ro\/?p=2980"},"modified":"2025-09-05T12:07:40","modified_gmt":"2025-09-05T12:07:40","slug":"ministrul-transporturilor-finalizarea-a0-nord-va-aduce-beneficii-semnificative-pentru-bucuresti-si-intreaga-regiune","status":"publish","type":"post","link":"https:\/\/carpathiacenter.ro\/en\/ministrul-transporturilor-finalizarea-a0-nord-va-aduce-beneficii-semnificative-pentru-bucuresti-si-intreaga-regiune\/","title":{"rendered":"Ministrul Transporturilor: Finalizarea A0 Nord va aduce beneficii semnificative pentru Bucure\u0219ti \u0219i \u00eentreaga regiune"},"content":{"rendered":"<div class=\"mx-auto pt-3\">\n<p><strong>Finalizarea A0 Nord va aduce beneficii semnificative pentru Bucure\u0219ti \u0219i \u00eentreaga regiune, prin reducerea aglomera\u021biei, scurtarea timpilor de c\u0103l\u0103torie \u0219i \u00eembun\u0103t\u0103\u021birea conectivit\u0103\u021bii economice \u0219i sociale, a anun\u021bat, joi, ministrul Transporturilor \u0219i Infrastructurii, Ciprian \u0218erban.<\/strong><\/p>\n<p>&#8216;Ast\u0103zi am verificat progresul lucr\u0103rilor pe Lotul 1 al Autostr\u0103zii A0 Nord, component\u0103 esen\u021bial\u0103 a Inelului de Autostrad\u0103 al Bucure\u0219tiului.<br \/>\nSec\u021biunea Nord, cu o lungime total\u0103 de 49,57 km, are un rol strategic: va fluidiza traficul, va spori siguran\u021ba rutier\u0103 \u0219i va conecta re\u021beaua na\u021bional\u0103 la principalele coridoare europene de transport. Din acest traseu, 21 km (Lotul 2 Corbeanca &#8211; Afuma\u021bi) sunt deja deschi\u0219i circula\u021biei&#8217;, a scris ministrul pe Facebook.<\/p>\n<p><iframe allow=\"autoplay; clipboard-write; encrypted-media; picture-in-picture; web-share\" allowfullscreen=\"true\" frameborder=\"0\" height=\"476\" scrolling=\"no\" src=\"https:\/\/www.facebook.com\/plugins\/video.php?height=476&amp;href=https%3A%2F%2Fwww.facebook.com%2Fciprianserban99%2Fvideos%2F625634740374414%2F&amp;show_text=false&amp;width=269&amp;t=0\" style=\"border:none;overflow:hidden\" width=\"269\"><\/iframe><\/p>\n<p>Acesta a subliniat c\u0103 stadiul fizic actual al lucr\u0103rilor este de 21%.<\/p>\n<p>&#8216;Pe Lotul 1 avem asocierea dintre un antreprenor rom\u00e2n \u0219i un antreprenor italian, iar stadiul fizic actual al lucr\u0103rilor este de 21%. Sunt, de asemenea, mobilizate 290 de utilaje \u0219i 356 de operatori \u0219i muncitori. Finalizarea A0 Nord va aduce beneficii semnificative pentru Bucure\u0219ti \u0219i \u00eentreaga regiune, prin reducerea aglomera\u021biei, scurtarea timpilor de c\u0103l\u0103torie \u0219i \u00eembun\u0103t\u0103\u021birea conectivit\u0103\u021bii economice \u0219i sociale&#8217;, a mai scris pe re\u021beaua de socializare Ciprian \u0218erban.AGERPRES\/(AS &#8211; editor: Mariana Nica, editor online: Simona Aru\u015ftei)<br \/>\n<br \/>\nSursa articolului:  <a href=\"https:\/\/agerpres.ro\/economic\/2025\/09\/04\/ministrul-transporturilor-finalizarea-a0-nord-va-aduce-beneficii-semnificative-pentru-bucuresti-si-i--1481530\" target=\"_blank\" rel=\"noopener\" title=\"\">https:\/\/agerpres.ro\/economic\/2025\/09\/04\/ministrul-transporturilor-finalizarea-a0-nord-va-aduce-beneficii-semnificative-pentru-bucuresti-si-i&#8211;1481530<\/a>\n<\/p>\n<\/p><\/div>","protected":false},"excerpt":{"rendered":"<p>Finalizarea A0 Nord va aduce beneficii semnificative pentru Bucure\u0219ti \u0219i \u00eentreaga regiune, prin reducerea aglomera\u021biei, scurtarea timpilor de c\u0103l\u0103torie \u0219i \u00eembun\u0103t\u0103\u021birea conectivit\u0103\u021bii economice \u0219i sociale, a anun\u021bat, joi, ministrul Transporturilor \u0219i Infrastructurii, Ciprian \u0218erban. &#8216;Ast\u0103zi am verificat progresul lucr\u0103rilor pe Lotul 1 al Autostr\u0103zii A0 Nord, component\u0103 esen\u021bial\u0103 a Inelului de Autostrad\u0103 al Bucure\u0219tiului. Sec\u021biunea&#8230;<\/p>","protected":false},"author":4,"featured_media":2981,"comment_status":"open","ping_status":"open","sticky":false,"template":"","format":"standard","meta":{"footnotes":""},"categories":[1],"tags":[],"class_list":["post-2980","post","type-post","status-publish","format-standard","has-post-thumbnail","hentry","category-uncategorized"],"yoast_head":"<!-- This site is optimized with the Yoast SEO plugin v26.1.1 - https:\/\/yoast.com\/wordpress\/plugins\/seo\/ -->\n<title>Ministrul Transporturilor: Finalizarea A0 Nord va aduce beneficii semnificative pentru Bucure\u0219ti \u0219i \u00eentreaga regiune - Carpathia Center Romania<\/title>\n<meta name=\"robots\" content=\"index, follow, max-snippet:-1, max-image-preview:large, max-video-preview:-1\" \/>\n<link rel=\"canonical\" href=\"https:\/\/carpathiacenter.ro\/en\/ministrul-transporturilor-finalizarea-a0-nord-va-aduce-beneficii-semnificative-pentru-bucuresti-si-intreaga-regiune\/\" \/>\n<meta property=\"og:locale\" content=\"en_GB\" \/>\n<meta property=\"og:type\" content=\"article\" \/>\n<meta property=\"og:title\" content=\"Ministrul Transporturilor: Finalizarea A0 Nord va aduce beneficii semnificative pentru Bucure\u0219ti \u0219i \u00eentreaga regiune - Carpathia Center Romania\" \/>\n<meta property=\"og:description\" content=\"Finalizarea A0 Nord va aduce beneficii semnificative pentru Bucure\u0219ti \u0219i \u00eentreaga regiune, prin reducerea aglomera\u021biei, scurtarea timpilor de c\u0103l\u0103torie \u0219i \u00eembun\u0103t\u0103\u021birea conectivit\u0103\u021bii economice \u0219i sociale, a anun\u021bat, joi, ministrul Transporturilor \u0219i Infrastructurii, Ciprian \u0218erban. &#8216;Ast\u0103zi am verificat progresul lucr\u0103rilor pe Lotul 1 al Autostr\u0103zii A0 Nord, component\u0103 esen\u021bial\u0103 a Inelului de Autostrad\u0103 al Bucure\u0219tiului. Sec\u021biunea...\" \/>\n<meta property=\"og:url\" content=\"https:\/\/carpathiacenter.ro\/en\/ministrul-transporturilor-finalizarea-a0-nord-va-aduce-beneficii-semnificative-pentru-bucuresti-si-intreaga-regiune\/\" \/>\n<meta property=\"og:site_name\" content=\"Carpathia Center Romania\" \/>\n<meta property=\"article:publisher\" content=\"https:\/\/www.facebook.com\/fdpscarpathia\/\" \/>\n<meta property=\"article:published_time\" content=\"2025-09-05T12:07:40+00:00\" \/>\n<meta property=\"og:image\" content=\"https:\/\/carpathiacenter.ro\/wp-content\/uploads\/2025\/09\/Ciprian-Serban.jpg\" \/>\n\t<meta property=\"og:image:width\" content=\"780\" \/>\n\t<meta property=\"og:image:height\" content=\"440\" \/>\n\t<meta property=\"og:image:type\" content=\"image\/jpeg\" \/>\n<meta name=\"author\" content=\"creativebitsolutions\" \/>\n<meta name=\"twitter:card\" content=\"summary_large_image\" \/>\n<meta name=\"twitter:label1\" content=\"Written by\" \/>\n\t<meta name=\"twitter:data1\" content=\"creativebitsolutions\" \/>\n\t<meta name=\"twitter:label2\" content=\"Estimated reading time\" \/>\n\t<meta name=\"twitter:data2\" content=\"1 minute\" \/>\n<script type=\"application\/ld+json\" class=\"yoast-schema-graph\">{\"@context\":\"https:\/\/schema.org\",\"@graph\":[{\"@type\":\"Article\",\"@id\":\"https:\/\/carpathiacenter.ro\/ministrul-transporturilor-finalizarea-a0-nord-va-aduce-beneficii-semnificative-pentru-bucuresti-si-intreaga-regiune\/#article\",\"isPartOf\":{\"@id\":\"https:\/\/carpathiacenter.ro\/ministrul-transporturilor-finalizarea-a0-nord-va-aduce-beneficii-semnificative-pentru-bucuresti-si-intreaga-regiune\/\"},\"author\":{\"name\":\"creativebitsolutions\",\"@id\":\"https:\/\/carpathiacenter.ro\/#\/schema\/person\/03d9f58202fee8379268f34afa195006\"},\"headline\":\"Ministrul Transporturilor: Finalizarea A0 Nord va aduce beneficii semnificative pentru Bucure\u0219ti \u0219i \u00eentreaga regiune\",\"datePublished\":\"2025-09-05T12:07:40+00:00\",\"mainEntityOfPage\":{\"@id\":\"https:\/\/carpathiacenter.ro\/ministrul-transporturilor-finalizarea-a0-nord-va-aduce-beneficii-semnificative-pentru-bucuresti-si-intreaga-regiune\/\"},\"wordCount\":241,\"commentCount\":0,\"publisher\":{\"@id\":\"https:\/\/carpathiacenter.ro\/#organization\"},\"image\":{\"@id\":\"https:\/\/carpathiacenter.ro\/ministrul-transporturilor-finalizarea-a0-nord-va-aduce-beneficii-semnificative-pentru-bucuresti-si-intreaga-regiune\/#primaryimage\"},\"thumbnailUrl\":\"https:\/\/carpathiacenter.ro\/wp-content\/uploads\/2025\/09\/Ciprian-Serban.jpg\",\"articleSection\":[\"Uncategorized\"],\"inLanguage\":\"en-GB\",\"potentialAction\":[{\"@type\":\"CommentAction\",\"name\":\"Comment\",\"target\":[\"https:\/\/carpathiacenter.ro\/ministrul-transporturilor-finalizarea-a0-nord-va-aduce-beneficii-semnificative-pentru-bucuresti-si-intreaga-regiune\/#respond\"]}]},{\"@type\":\"WebPage\",\"@id\":\"https:\/\/carpathiacenter.ro\/ministrul-transporturilor-finalizarea-a0-nord-va-aduce-beneficii-semnificative-pentru-bucuresti-si-intreaga-regiune\/\",\"url\":\"https:\/\/carpathiacenter.ro\/ministrul-transporturilor-finalizarea-a0-nord-va-aduce-beneficii-semnificative-pentru-bucuresti-si-intreaga-regiune\/\",\"name\":\"Ministrul Transporturilor: Finalizarea A0 Nord va aduce beneficii semnificative pentru Bucure\u0219ti \u0219i \u00eentreaga regiune - Carpathia Center Romania\",\"isPartOf\":{\"@id\":\"https:\/\/carpathiacenter.ro\/#website\"},\"primaryImageOfPage\":{\"@id\":\"https:\/\/carpathiacenter.ro\/ministrul-transporturilor-finalizarea-a0-nord-va-aduce-beneficii-semnificative-pentru-bucuresti-si-intreaga-regiune\/#primaryimage\"},\"image\":{\"@id\":\"https:\/\/carpathiacenter.ro\/ministrul-transporturilor-finalizarea-a0-nord-va-aduce-beneficii-semnificative-pentru-bucuresti-si-intreaga-regiune\/#primaryimage\"},\"thumbnailUrl\":\"https:\/\/carpathiacenter.ro\/wp-content\/uploads\/2025\/09\/Ciprian-Serban.jpg\",\"datePublished\":\"2025-09-05T12:07:40+00:00\",\"breadcrumb\":{\"@id\":\"https:\/\/carpathiacenter.ro\/ministrul-transporturilor-finalizarea-a0-nord-va-aduce-beneficii-semnificative-pentru-bucuresti-si-intreaga-regiune\/#breadcrumb\"},\"inLanguage\":\"en-GB\",\"potentialAction\":[{\"@type\":\"ReadAction\",\"target\":[\"https:\/\/carpathiacenter.ro\/ministrul-transporturilor-finalizarea-a0-nord-va-aduce-beneficii-semnificative-pentru-bucuresti-si-intreaga-regiune\/\"]}]},{\"@type\":\"ImageObject\",\"inLanguage\":\"en-GB\",\"@id\":\"https:\/\/carpathiacenter.ro\/ministrul-transporturilor-finalizarea-a0-nord-va-aduce-beneficii-semnificative-pentru-bucuresti-si-intreaga-regiune\/#primaryimage\",\"url\":\"https:\/\/carpathiacenter.ro\/wp-content\/uploads\/2025\/09\/Ciprian-Serban.jpg\",\"contentUrl\":\"https:\/\/carpathiacenter.ro\/wp-content\/uploads\/2025\/09\/Ciprian-Serban.jpg\",\"width\":780,\"height\":440},{\"@type\":\"BreadcrumbList\",\"@id\":\"https:\/\/carpathiacenter.ro\/ministrul-transporturilor-finalizarea-a0-nord-va-aduce-beneficii-semnificative-pentru-bucuresti-si-intreaga-regiune\/#breadcrumb\",\"itemListElement\":[{\"@type\":\"ListItem\",\"position\":1,\"name\":\"Prima pagin\u0103\",\"item\":\"https:\/\/carpathiacenter.ro\/\"},{\"@type\":\"ListItem\",\"position\":2,\"name\":\"Ministrul Transporturilor: Finalizarea A0 Nord va aduce beneficii semnificative pentru Bucure\u0219ti \u0219i \u00eentreaga regiune\"}]},{\"@type\":\"WebSite\",\"@id\":\"https:\/\/carpathiacenter.ro\/#website\",\"url\":\"https:\/\/carpathiacenter.ro\/\",\"name\":\"Carpathia Center Romania\",\"description\":\"Impossible made possible!\",\"publisher\":{\"@id\":\"https:\/\/carpathiacenter.ro\/#organization\"},\"potentialAction\":[{\"@type\":\"SearchAction\",\"target\":{\"@type\":\"EntryPoint\",\"urlTemplate\":\"https:\/\/carpathiacenter.ro\/?s={search_term_string}\"},\"query-input\":{\"@type\":\"PropertyValueSpecification\",\"valueRequired\":true,\"valueName\":\"search_term_string\"}}],\"inLanguage\":\"en-GB\"},{\"@type\":\"Organization\",\"@id\":\"https:\/\/carpathiacenter.ro\/#organization\",\"name\":\"Carpathia Center Romania\",\"url\":\"https:\/\/carpathiacenter.ro\/\",\"logo\":{\"@type\":\"ImageObject\",\"inLanguage\":\"en-GB\",\"@id\":\"https:\/\/carpathiacenter.ro\/#\/schema\/logo\/image\/\",\"url\":\"https:\/\/carpathiacenter.ro\/wp-content\/uploads\/2024\/07\/logo-carpathia_bg_white-1024x941.png\",\"contentUrl\":\"https:\/\/carpathiacenter.ro\/wp-content\/uploads\/2024\/07\/logo-carpathia_bg_white-1024x941.png\",\"width\":1024,\"height\":941,\"caption\":\"Carpathia Center Romania\"},\"image\":{\"@id\":\"https:\/\/carpathiacenter.ro\/#\/schema\/logo\/image\/\"},\"sameAs\":[\"https:\/\/www.facebook.com\/fdpscarpathia\/\"]},{\"@type\":\"Person\",\"@id\":\"https:\/\/carpathiacenter.ro\/#\/schema\/person\/03d9f58202fee8379268f34afa195006\",\"name\":\"creativebitsolutions\",\"image\":{\"@type\":\"ImageObject\",\"inLanguage\":\"en-GB\",\"@id\":\"https:\/\/carpathiacenter.ro\/#\/schema\/person\/image\/\",\"url\":\"https:\/\/secure.gravatar.com\/avatar\/1b1a13e37f847c635dab78348f1dff2f07651ee2a3d77a5c355a4b8c75f9165a?s=96&d=mm&r=g\",\"contentUrl\":\"https:\/\/secure.gravatar.com\/avatar\/1b1a13e37f847c635dab78348f1dff2f07651ee2a3d77a5c355a4b8c75f9165a?s=96&d=mm&r=g\",\"caption\":\"creativebitsolutions\"},\"url\":\"https:\/\/carpathiacenter.ro\/en\/author\/creativebitsolutions\/\"}]}<\/script>\n<!-- \/ Yoast SEO plugin. -->","yoast_head_json":{"title":"Ministrul Transporturilor: Finalizarea A0 Nord va aduce beneficii semnificative pentru Bucure\u0219ti \u0219i \u00eentreaga regiune - Carpathia Center Romania","robots":{"index":"index","follow":"follow","max-snippet":"max-snippet:-1","max-image-preview":"max-image-preview:large","max-video-preview":"max-video-preview:-1"},"canonical":"https:\/\/carpathiacenter.ro\/en\/ministrul-transporturilor-finalizarea-a0-nord-va-aduce-beneficii-semnificative-pentru-bucuresti-si-intreaga-regiune\/","og_locale":"en_GB","og_type":"article","og_title":"Ministrul Transporturilor: Finalizarea A0 Nord va aduce beneficii semnificative pentru Bucure\u0219ti \u0219i \u00eentreaga regiune - Carpathia Center Romania","og_description":"Finalizarea A0 Nord va aduce beneficii semnificative pentru Bucure\u0219ti \u0219i \u00eentreaga regiune, prin reducerea aglomera\u021biei, scurtarea timpilor de c\u0103l\u0103torie \u0219i \u00eembun\u0103t\u0103\u021birea conectivit\u0103\u021bii economice \u0219i sociale, a anun\u021bat, joi, ministrul Transporturilor \u0219i Infrastructurii, Ciprian \u0218erban. &#8216;Ast\u0103zi am verificat progresul lucr\u0103rilor pe Lotul 1 al Autostr\u0103zii A0 Nord, component\u0103 esen\u021bial\u0103 a Inelului de Autostrad\u0103 al Bucure\u0219tiului. Sec\u021biunea...","og_url":"https:\/\/carpathiacenter.ro\/en\/ministrul-transporturilor-finalizarea-a0-nord-va-aduce-beneficii-semnificative-pentru-bucuresti-si-intreaga-regiune\/","og_site_name":"Carpathia Center Romania","article_publisher":"https:\/\/www.facebook.com\/fdpscarpathia\/","article_published_time":"2025-09-05T12:07:40+00:00","og_image":[{"width":780,"height":440,"url":"https:\/\/carpathiacenter.ro\/wp-content\/uploads\/2025\/09\/Ciprian-Serban.jpg","type":"image\/jpeg"}],"author":"creativebitsolutions","twitter_card":"summary_large_image","twitter_misc":{"Written by":"creativebitsolutions","Estimated reading time":"1 minute"},"schema":{"@context":"https:\/\/schema.org","@graph":[{"@type":"Article","@id":"https:\/\/carpathiacenter.ro\/ministrul-transporturilor-finalizarea-a0-nord-va-aduce-beneficii-semnificative-pentru-bucuresti-si-intreaga-regiune\/#article","isPartOf":{"@id":"https:\/\/carpathiacenter.ro\/ministrul-transporturilor-finalizarea-a0-nord-va-aduce-beneficii-semnificative-pentru-bucuresti-si-intreaga-regiune\/"},"author":{"name":"creativebitsolutions","@id":"https:\/\/carpathiacenter.ro\/#\/schema\/person\/03d9f58202fee8379268f34afa195006"},"headline":"Ministrul Transporturilor: Finalizarea A0 Nord va aduce beneficii semnificative pentru Bucure\u0219ti \u0219i \u00eentreaga regiune","datePublished":"2025-09-05T12:07:40+00:00","mainEntityOfPage":{"@id":"https:\/\/carpathiacenter.ro\/ministrul-transporturilor-finalizarea-a0-nord-va-aduce-beneficii-semnificative-pentru-bucuresti-si-intreaga-regiune\/"},"wordCount":241,"commentCount":0,"publisher":{"@id":"https:\/\/carpathiacenter.ro\/#organization"},"image":{"@id":"https:\/\/carpathiacenter.ro\/ministrul-transporturilor-finalizarea-a0-nord-va-aduce-beneficii-semnificative-pentru-bucuresti-si-intreaga-regiune\/#primaryimage"},"thumbnailUrl":"https:\/\/carpathiacenter.ro\/wp-content\/uploads\/2025\/09\/Ciprian-Serban.jpg","articleSection":["Uncategorized"],"inLanguage":"en-GB","potentialAction":[{"@type":"CommentAction","name":"Comment","target":["https:\/\/carpathiacenter.ro\/ministrul-transporturilor-finalizarea-a0-nord-va-aduce-beneficii-semnificative-pentru-bucuresti-si-intreaga-regiune\/#respond"]}]},{"@type":"WebPage","@id":"https:\/\/carpathiacenter.ro\/ministrul-transporturilor-finalizarea-a0-nord-va-aduce-beneficii-semnificative-pentru-bucuresti-si-intreaga-regiune\/","url":"https:\/\/carpathiacenter.ro\/ministrul-transporturilor-finalizarea-a0-nord-va-aduce-beneficii-semnificative-pentru-bucuresti-si-intreaga-regiune\/","name":"Ministrul Transporturilor: Finalizarea A0 Nord va aduce beneficii semnificative pentru Bucure\u0219ti \u0219i \u00eentreaga regiune - Carpathia Center Romania","isPartOf":{"@id":"https:\/\/carpathiacenter.ro\/#website"},"primaryImageOfPage":{"@id":"https:\/\/carpathiacenter.ro\/ministrul-transporturilor-finalizarea-a0-nord-va-aduce-beneficii-semnificative-pentru-bucuresti-si-intreaga-regiune\/#primaryimage"},"image":{"@id":"https:\/\/carpathiacenter.ro\/ministrul-transporturilor-finalizarea-a0-nord-va-aduce-beneficii-semnificative-pentru-bucuresti-si-intreaga-regiune\/#primaryimage"},"thumbnailUrl":"https:\/\/carpathiacenter.ro\/wp-content\/uploads\/2025\/09\/Ciprian-Serban.jpg","datePublished":"2025-09-05T12:07:40+00:00","breadcrumb":{"@id":"https:\/\/carpathiacenter.ro\/ministrul-transporturilor-finalizarea-a0-nord-va-aduce-beneficii-semnificative-pentru-bucuresti-si-intreaga-regiune\/#breadcrumb"},"inLanguage":"en-GB","potentialAction":[{"@type":"ReadAction","target":["https:\/\/carpathiacenter.ro\/ministrul-transporturilor-finalizarea-a0-nord-va-aduce-beneficii-semnificative-pentru-bucuresti-si-intreaga-regiune\/"]}]},{"@type":"ImageObject","inLanguage":"en-GB","@id":"https:\/\/carpathiacenter.ro\/ministrul-transporturilor-finalizarea-a0-nord-va-aduce-beneficii-semnificative-pentru-bucuresti-si-intreaga-regiune\/#primaryimage","url":"https:\/\/carpathiacenter.ro\/wp-content\/uploads\/2025\/09\/Ciprian-Serban.jpg","contentUrl":"https:\/\/carpathiacenter.ro\/wp-content\/uploads\/2025\/09\/Ciprian-Serban.jpg","width":780,"height":440},{"@type":"BreadcrumbList","@id":"https:\/\/carpathiacenter.ro\/ministrul-transporturilor-finalizarea-a0-nord-va-aduce-beneficii-semnificative-pentru-bucuresti-si-intreaga-regiune\/#breadcrumb","itemListElement":[{"@type":"ListItem","position":1,"name":"Prima pagin\u0103","item":"https:\/\/carpathiacenter.ro\/"},{"@type":"ListItem","position":2,"name":"Ministrul Transporturilor: Finalizarea A0 Nord va aduce beneficii semnificative pentru Bucure\u0219ti \u0219i \u00eentreaga regiune"}]},{"@type":"WebSite","@id":"https:\/\/carpathiacenter.ro\/#website","url":"https:\/\/carpathiacenter.ro\/","name":"Carpathia Center Romania","description":"Impossible made possible!","publisher":{"@id":"https:\/\/carpathiacenter.ro\/#organization"},"potentialAction":[{"@type":"SearchAction","target":{"@type":"EntryPoint","urlTemplate":"https:\/\/carpathiacenter.ro\/?s={search_term_string}"},"query-input":{"@type":"PropertyValueSpecification","valueRequired":true,"valueName":"search_term_string"}}],"inLanguage":"en-GB"},{"@type":"Organization","@id":"https:\/\/carpathiacenter.ro\/#organization","name":"Carpathia Center Romania","url":"https:\/\/carpathiacenter.ro\/","logo":{"@type":"ImageObject","inLanguage":"en-GB","@id":"https:\/\/carpathiacenter.ro\/#\/schema\/logo\/image\/","url":"https:\/\/carpathiacenter.ro\/wp-content\/uploads\/2024\/07\/logo-carpathia_bg_white-1024x941.png","contentUrl":"https:\/\/carpathiacenter.ro\/wp-content\/uploads\/2024\/07\/logo-carpathia_bg_white-1024x941.png","width":1024,"height":941,"caption":"Carpathia Center Romania"},"image":{"@id":"https:\/\/carpathiacenter.ro\/#\/schema\/logo\/image\/"},"sameAs":["https:\/\/www.facebook.com\/fdpscarpathia\/"]},{"@type":"Person","@id":"https:\/\/carpathiacenter.ro\/#\/schema\/person\/03d9f58202fee8379268f34afa195006","name":"creativebitsolutions","image":{"@type":"ImageObject","inLanguage":"en-GB","@id":"https:\/\/carpathiacenter.ro\/#\/schema\/person\/image\/","url":"https:\/\/secure.gravatar.com\/avatar\/1b1a13e37f847c635dab78348f1dff2f07651ee2a3d77a5c355a4b8c75f9165a?s=96&d=mm&r=g","contentUrl":"https:\/\/secure.gravatar.com\/avatar\/1b1a13e37f847c635dab78348f1dff2f07651ee2a3d77a5c355a4b8c75f9165a?s=96&d=mm&r=g","caption":"creativebitsolutions"},"url":"https:\/\/carpathiacenter.ro\/en\/author\/creativebitsolutions\/"}]}},"_links":{"self":[{"href":"https:\/\/carpathiacenter.ro\/en\/wp-json\/wp\/v2\/posts\/2980","targetHints":{"allow":["GET"]}}],"collection":[{"href":"https:\/\/carpathiacenter.ro\/en\/wp-json\/wp\/v2\/posts"}],"about":[{"href":"https:\/\/carpathiacenter.ro\/en\/wp-json\/wp\/v2\/types\/post"}],"author":[{"embeddable":true,"href":"https:\/\/carpathiacenter.ro\/en\/wp-json\/wp\/v2\/users\/4"}],"replies":[{"embeddable":true,"href":"https:\/\/carpathiacenter.ro\/en\/wp-json\/wp\/v2\/comments?post=2980"}],"version-history":[{"count":1,"href":"https:\/\/carpathiacenter.ro\/en\/wp-json\/wp\/v2\/posts\/2980\/revisions"}],"predecessor-version":[{"id":2982,"href":"https:\/\/carpathiacenter.ro\/en\/wp-json\/wp\/v2\/posts\/2980\/revisions\/2982"}],"wp:featuredmedia":[{"embeddable":true,"href":"https:\/\/carpathiacenter.ro\/en\/wp-json\/wp\/v2\/media\/2981"}],"wp:attachment":[{"href":"https:\/\/carpathiacenter.ro\/en\/wp-json\/wp\/v2\/media?parent=2980"}],"wp:term":[{"taxonomy":"category","embeddable":true,"href":"https:\/\/carpathiacenter.ro\/en\/wp-json\/wp\/v2\/categories?post=2980"},{"taxonomy":"post_tag","embeddable":true,"href":"https:\/\/carpathiacenter.ro\/en\/wp-json\/wp\/v2\/tags?post=2980"}],"curies":[{"name":"wp","href":"https:\/\/api.w.org\/{rel}","templated":true}]}}