{"id":2976,"date":"2025-09-04T07:22:56","date_gmt":"2025-09-04T07:22:56","guid":{"rendered":"https:\/\/carpathiacenter.ro\/?p=2976"},"modified":"2025-09-04T07:22:56","modified_gmt":"2025-09-04T07:22:56","slug":"ministerul-energiei-a-inaintat-executivului-un-memorandum-cu-cinci-masuri-de-reforma-a-pietei-de-energie-pe-termen-scurt","status":"publish","type":"post","link":"https:\/\/carpathiacenter.ro\/en\/ministerul-energiei-a-inaintat-executivului-un-memorandum-cu-cinci-masuri-de-reforma-a-pietei-de-energie-pe-termen-scurt\/","title":{"rendered":"Ministerul Energiei a \u00eenaintat Executivului un memorandum cu cinci m\u0103suri de reform\u0103 a pie\u021bei de energie pe termen scurt"},"content":{"rendered":"<p><strong>Ministerul Energiei a \u00eenaintat Executivului un memorandum cu cinci m\u0103suri de reform\u0103 a pie\u021bei de energie pe termen scurt, menite s\u0103 asigure pre\u021buri corecte pentru consumatorii finali, un document realizat \u00een conformitate cu contextul european, directivele Comisiei Europene, recomand\u0103rile Eurelectric, Agen\u021biei&nbsp;pentru Cooperarea Reglementatorilor din Domeniul Energiei (ACER) \u0219i Agen\u021biei Interna\u021bionale a Energiei (IEA).<\/strong><\/p>\n<p>Potrivit memorandumului, prima m\u0103sur\u0103 vizeaz\u0103 implementarea mecanismului Market Maker, pentru cre\u0219terea lichidit\u0103\u021bii pie\u021bei \u0219i transparen\u021b\u0103 \u00een formarea pre\u021burilor. Mecanismul Market Maker, aprobat prin Ordinul ANRE nr. 15\/29 aprilie 2025 \u0219i aplicabil pie\u021belor de energie electric\u0103 din 1 iulie 2025 \u0219i pie\u021belor centralizate de gaze naturale din 1 aprilie 2026, va fi opera\u021bionalizat rapid pentru a asigura lichiditatea pie\u021bei \u0219i transparen\u021ba form\u0103rii pre\u021burilor, cu implementare estimat\u0103 \u00een 0-3 luni \u0219i beneficii vizibile \u00een 3-6 luni.<\/p>\n<p>Operatorii pie\u021belor de energie electric\u0103 s\u0103 finalizeze infrastructura de implementare, iar Ministerul Energiei s\u0103 \u00eencurajeze companiile unde este ac\u021bionar majoritar pentru a participa activ.<\/p>\n<p>O a doua m\u0103sur\u0103 vizeaz\u0103 extinderea mecanismelor de garantare a tranzac\u021biilor de energie realizate pe pia\u021ba angro. Aceasta presupune ca suplimentar garan\u021biilor minime stabilite de ANRE \u00een iulie 2025 (5% pentru livr\u0103ri cu durata mai mare de 6 luni \u0219i 10% pentru livr\u0103ri cu durata mai mic\u0103 de 6 luni, precum \u0219i un termen de plat\u0103 de 15 zile), Ministerul Energiei s\u0103 accelereze implementarea contrap\u0103r\u021bii centrale na\u021bionale CCP-RO. Aceasta va reduce riscul speculativ \u0219i va \u00eent\u0103ri \u00eencrederea \u00een pia\u021ba de energie electric\u0103, asum\u00e2ndu-se riscul de contraparte doar la nivelul CCP-RO, reglementat\u0103 \u0219i monitorizat\u0103 de ASF, BNR \u0219i ESMA. Opera\u021bionalizarea CCP-RO este estimat\u0103 \u00een 6-12 luni, cu beneficii vizibile pentru stabilitatea pie\u021bei \u00een 12-24 luni.<\/p>\n<p>\u00cen ceea ce prive\u0219te optimizarea costurilor de achizi\u021bie a energiei pentru consum propriu tehnologic (CPT), Ministerul Energiei propune implementarea unui mecanism de achizitor unic pentru CPT, \u00een conformitate cu recomand\u0103rile IEA, pentru a reduce costurile \u0219i, implicit, tarifele de distribu\u021bie pl\u0103tite de consumatorii finali. \u00cen prezent, costurile cu achizi\u021bia energiei pentru consumul propriu tehnologic (CPT) al operatorilor de distribu\u021bie reprezint\u0103 20%-25% din costul total. Modific\u0103rile legislative \u0219i metodologia de implementare vor fi realizate \u00een 0-3 luni, cu beneficii vizibile estimate \u00een 12-24 luni.<\/p>\n<p>Potrivit documentului, cea de-a patra m\u0103sur\u0103 se refer\u0103 la pre\u021buri dinamice\/diferen\u021biate \u0219i implementarea masiv\u0103 a contoriz\u0103rii inteligente.<\/p>\n<p>Ministerul Energiei precizeaz\u0103 c\u0103 \u00een contextul tranzi\u021biei energetice \u0219i al cre\u0219terii ponderii energiei regenerabile, Rom\u00e2nia trebuie s\u0103 accelereze implementarea tarifelor dinamice, conform recomand\u0103rilor Comisiei Europene \u0219i Eurelectric. Cre\u0219terea produc\u021biei de energie solar\u0103 a schimbat curba de consum a Sistemului Energetic Na\u021bional (SEN), cu v\u00e2rfuri \u00een orele dimine\u021bii (6:00 &#8211; 11:00) \u0219i serii (18:00 &#8211; 22:00), iar cea mai ieftin\u0103 energie se produce \u00eentre orele 11:00 &#8211; 18:00. De exemplu, pe 13 august 2025, \u00eentre 11:00 \u0219i 13:00 pre\u021bul energiei a fost \u00eentre 34 \u0219i 52 RON\/MWh, \u00een timp ce \u00een intervalul de v\u00e2rf de sear\u0103 a ajuns \u00eentre 700 \u0219i 1.500 RON\/MWh, ceea ce cre\u0219te necesarul de import de energie \u0219i face ca pre\u021bul mediu din Rom\u00e2nia s\u0103 fie printre cele mai mari din UE.<\/p>\n<p>Analiza consumului arat\u0103 c\u0103 16% dintre locurile de consum casnic genereaz\u0103 43% din consumul total, ceea ce subliniaz\u0103 necesitatea aplic\u0103rii tarifelor diferen\u021biate \u0219i a sistemelor de m\u0103surare inteligent\u0103 (SMI), care acoper\u0103 \u00een prezent circa 32% din totalul contoarelor. Implementarea tarifelor dinamice \u0219i a SMI poate reduce factura de energie cu p\u00e2n\u0103 la 24% \u0219i poate diminua importurile la pre\u021buri mari.<\/p>\n<p>M\u0103surile propuse includ completarea regulamentului ANRE pentru furnizorii cu peste 200.000 de clien\u021bi, astfel \u00eenc\u00e2t ace\u0219tia s\u0103 ofere solu\u021bii digitale pentru monitorizarea \u0219i accesarea tarifelor dinamice \u00een timp real. Fondurile nerambursabile europene, \u00een valoare de 150 milioane euro, vor sprijini instalarea de contoare inteligente \u0219i dezvoltarea de solu\u021bii digitale. Termenul de implementare este de 0-12 luni, cu beneficii vizibile estimate \u00een 12-24 luni, cre\u00e2nd premisele pentru o pia\u021b\u0103 mai eficient\u0103 \u0219i mai echilibrat\u0103.<\/p>\n<p>Nu \u00een ultimul r\u00e2nd, memorandumul prevede o m\u0103sur\u0103 referitoare la coeren\u021ba \u00een ceea ce \u00eenseamn\u0103 eficien\u021b\u0103 energetic\u0103 \u00een sectorul economic, public \u0219i reziden\u021bial.<\/p>\n<p>Astfel, programele de eficien\u021b\u0103 energetic\u0103 trebuie consolidate sub o coordonare unic\u0103, conform recomand\u0103rilor Comisiei Europene privind utilizarea eficient\u0103 a fondurilor, prin crearea unui task-force interministerial care s\u0103 maximizeze impactul investi\u021biilor \u0219i s\u0103 reduc\u0103 consumul de energie pe termen lung. Acest mecanism va centraliza monitorizarea \u0219i gestionarea fondurilor alocate de Ministerul Energiei, Ministerul Mediului Apelor \u0219i P\u0103durilor, Ministerul Agriculturii \u0219i Dezvolt\u0103rii Rurale \u0219i Ministerul Investi\u021biilor \u0219i Proiectelor Europene, asigur\u00e2nd o utilizare eficient\u0103 a resurselor \u0219i coordonarea tuturor programelor de eficien\u021b\u0103 energetic\u0103.<\/p>\n<p>Ministerul Energiei va fi desemnat coordonator principal, responsabil cu implementarea m\u0103surilor propuse pentru reformarea pie\u021bei de energie electric\u0103 pe termen scurt, conform etapelor planificate anterior, iar task-force-ul va facilita o monitorizare centralizat\u0103 \u0219i transparent\u0103 a progresului investi\u021biilor \u00een eficien\u021b\u0103 energetic\u0103. AGERPRES\/(AS &#8211; editor: Mariana Nica, editor online: Gabriela Badea)&nbsp;<br \/>\n<br \/>\nSursa articolului:  <a href=\"https:\/\/agerpres.ro\/economic\/2025\/09\/03\/ministerul-energiei-a-inaintat-executivului-un-memorandum-cu-cinci-masuri-de-reforma-a-pietei-de-ene--1481192\" target=\"_blank\" rel=\"noopener\" title=\"\">https:\/\/agerpres.ro\/economic\/2025\/09\/03\/ministerul-energiei-a-inaintat-executivului-un-memorandum-cu-cinci-masuri-de-reforma-a-pietei-de-ene&#8211;1481192<\/a><\/p>","protected":false},"excerpt":{"rendered":"<p>Ministerul Energiei a \u00eenaintat Executivului un memorandum cu cinci m\u0103suri de reform\u0103 a pie\u021bei de energie pe termen scurt, menite s\u0103 asigure pre\u021buri corecte pentru consumatorii finali, un document realizat \u00een conformitate cu contextul european, directivele Comisiei Europene, recomand\u0103rile Eurelectric, Agen\u021biei&nbsp;pentru Cooperarea Reglementatorilor din Domeniul Energiei (ACER) \u0219i Agen\u021biei Interna\u021bionale a Energiei (IEA). Potrivit memorandumului,&#8230;<\/p>","protected":false},"author":4,"featured_media":2977,"comment_status":"open","ping_status":"open","sticky":false,"template":"","format":"standard","meta":{"footnotes":""},"categories":[1],"tags":[],"class_list":["post-2976","post","type-post","status-publish","format-standard","has-post-thumbnail","hentry","category-uncategorized"],"yoast_head":"<!-- This site is optimized with the Yoast SEO plugin v26.1.1 - https:\/\/yoast.com\/wordpress\/plugins\/seo\/ -->\n<title>Ministerul Energiei a \u00eenaintat Executivului un memorandum cu cinci m\u0103suri de reform\u0103 a pie\u021bei de energie pe termen scurt - Carpathia Center Romania<\/title>\n<meta name=\"robots\" content=\"index, follow, max-snippet:-1, max-image-preview:large, max-video-preview:-1\" \/>\n<link rel=\"canonical\" href=\"https:\/\/carpathiacenter.ro\/en\/ministerul-energiei-a-inaintat-executivului-un-memorandum-cu-cinci-masuri-de-reforma-a-pietei-de-energie-pe-termen-scurt\/\" \/>\n<meta property=\"og:locale\" content=\"en_GB\" \/>\n<meta property=\"og:type\" content=\"article\" \/>\n<meta property=\"og:title\" content=\"Ministerul Energiei a \u00eenaintat Executivului un memorandum cu cinci m\u0103suri de reform\u0103 a pie\u021bei de energie pe termen scurt - Carpathia Center Romania\" \/>\n<meta property=\"og:description\" content=\"Ministerul Energiei a \u00eenaintat Executivului un memorandum cu cinci m\u0103suri de reform\u0103 a pie\u021bei de energie pe termen scurt, menite s\u0103 asigure pre\u021buri corecte pentru consumatorii finali, un document realizat \u00een conformitate cu contextul european, directivele Comisiei Europene, recomand\u0103rile Eurelectric, Agen\u021biei&nbsp;pentru Cooperarea Reglementatorilor din Domeniul Energiei (ACER) \u0219i Agen\u021biei Interna\u021bionale a Energiei (IEA). Potrivit memorandumului,...\" \/>\n<meta property=\"og:url\" content=\"https:\/\/carpathiacenter.ro\/en\/ministerul-energiei-a-inaintat-executivului-un-memorandum-cu-cinci-masuri-de-reforma-a-pietei-de-energie-pe-termen-scurt\/\" \/>\n<meta property=\"og:site_name\" content=\"Carpathia Center Romania\" \/>\n<meta property=\"article:publisher\" content=\"https:\/\/www.facebook.com\/fdpscarpathia\/\" \/>\n<meta property=\"article:published_time\" content=\"2025-09-04T07:22:56+00:00\" \/>\n<meta property=\"og:image\" content=\"https:\/\/carpathiacenter.ro\/wp-content\/uploads\/2025\/09\/Ministerul-Energiei.jpg\" \/>\n\t<meta property=\"og:image:width\" content=\"780\" \/>\n\t<meta property=\"og:image:height\" content=\"440\" \/>\n\t<meta property=\"og:image:type\" content=\"image\/jpeg\" \/>\n<meta name=\"author\" content=\"creativebitsolutions\" \/>\n<meta name=\"twitter:card\" content=\"summary_large_image\" \/>\n<meta name=\"twitter:label1\" content=\"Written by\" \/>\n\t<meta name=\"twitter:data1\" content=\"creativebitsolutions\" \/>\n\t<meta name=\"twitter:label2\" content=\"Estimated reading time\" \/>\n\t<meta name=\"twitter:data2\" content=\"4 minutes\" \/>\n<script type=\"application\/ld+json\" class=\"yoast-schema-graph\">{\"@context\":\"https:\/\/schema.org\",\"@graph\":[{\"@type\":\"Article\",\"@id\":\"https:\/\/carpathiacenter.ro\/ministerul-energiei-a-inaintat-executivului-un-memorandum-cu-cinci-masuri-de-reforma-a-pietei-de-energie-pe-termen-scurt\/#article\",\"isPartOf\":{\"@id\":\"https:\/\/carpathiacenter.ro\/ministerul-energiei-a-inaintat-executivului-un-memorandum-cu-cinci-masuri-de-reforma-a-pietei-de-energie-pe-termen-scurt\/\"},\"author\":{\"name\":\"creativebitsolutions\",\"@id\":\"https:\/\/carpathiacenter.ro\/#\/schema\/person\/03d9f58202fee8379268f34afa195006\"},\"headline\":\"Ministerul Energiei a \u00eenaintat Executivului un memorandum cu cinci m\u0103suri de reform\u0103 a pie\u021bei de energie pe termen scurt\",\"datePublished\":\"2025-09-04T07:22:56+00:00\",\"mainEntityOfPage\":{\"@id\":\"https:\/\/carpathiacenter.ro\/ministerul-energiei-a-inaintat-executivului-un-memorandum-cu-cinci-masuri-de-reforma-a-pietei-de-energie-pe-termen-scurt\/\"},\"wordCount\":864,\"commentCount\":0,\"publisher\":{\"@id\":\"https:\/\/carpathiacenter.ro\/#organization\"},\"image\":{\"@id\":\"https:\/\/carpathiacenter.ro\/ministerul-energiei-a-inaintat-executivului-un-memorandum-cu-cinci-masuri-de-reforma-a-pietei-de-energie-pe-termen-scurt\/#primaryimage\"},\"thumbnailUrl\":\"https:\/\/carpathiacenter.ro\/wp-content\/uploads\/2025\/09\/Ministerul-Energiei.jpg\",\"articleSection\":[\"Uncategorized\"],\"inLanguage\":\"en-GB\",\"potentialAction\":[{\"@type\":\"CommentAction\",\"name\":\"Comment\",\"target\":[\"https:\/\/carpathiacenter.ro\/ministerul-energiei-a-inaintat-executivului-un-memorandum-cu-cinci-masuri-de-reforma-a-pietei-de-energie-pe-termen-scurt\/#respond\"]}]},{\"@type\":\"WebPage\",\"@id\":\"https:\/\/carpathiacenter.ro\/ministerul-energiei-a-inaintat-executivului-un-memorandum-cu-cinci-masuri-de-reforma-a-pietei-de-energie-pe-termen-scurt\/\",\"url\":\"https:\/\/carpathiacenter.ro\/ministerul-energiei-a-inaintat-executivului-un-memorandum-cu-cinci-masuri-de-reforma-a-pietei-de-energie-pe-termen-scurt\/\",\"name\":\"Ministerul Energiei a \u00eenaintat Executivului un memorandum cu cinci m\u0103suri de reform\u0103 a pie\u021bei de energie pe termen scurt - Carpathia Center Romania\",\"isPartOf\":{\"@id\":\"https:\/\/carpathiacenter.ro\/#website\"},\"primaryImageOfPage\":{\"@id\":\"https:\/\/carpathiacenter.ro\/ministerul-energiei-a-inaintat-executivului-un-memorandum-cu-cinci-masuri-de-reforma-a-pietei-de-energie-pe-termen-scurt\/#primaryimage\"},\"image\":{\"@id\":\"https:\/\/carpathiacenter.ro\/ministerul-energiei-a-inaintat-executivului-un-memorandum-cu-cinci-masuri-de-reforma-a-pietei-de-energie-pe-termen-scurt\/#primaryimage\"},\"thumbnailUrl\":\"https:\/\/carpathiacenter.ro\/wp-content\/uploads\/2025\/09\/Ministerul-Energiei.jpg\",\"datePublished\":\"2025-09-04T07:22:56+00:00\",\"breadcrumb\":{\"@id\":\"https:\/\/carpathiacenter.ro\/ministerul-energiei-a-inaintat-executivului-un-memorandum-cu-cinci-masuri-de-reforma-a-pietei-de-energie-pe-termen-scurt\/#breadcrumb\"},\"inLanguage\":\"en-GB\",\"potentialAction\":[{\"@type\":\"ReadAction\",\"target\":[\"https:\/\/carpathiacenter.ro\/ministerul-energiei-a-inaintat-executivului-un-memorandum-cu-cinci-masuri-de-reforma-a-pietei-de-energie-pe-termen-scurt\/\"]}]},{\"@type\":\"ImageObject\",\"inLanguage\":\"en-GB\",\"@id\":\"https:\/\/carpathiacenter.ro\/ministerul-energiei-a-inaintat-executivului-un-memorandum-cu-cinci-masuri-de-reforma-a-pietei-de-energie-pe-termen-scurt\/#primaryimage\",\"url\":\"https:\/\/carpathiacenter.ro\/wp-content\/uploads\/2025\/09\/Ministerul-Energiei.jpg\",\"contentUrl\":\"https:\/\/carpathiacenter.ro\/wp-content\/uploads\/2025\/09\/Ministerul-Energiei.jpg\",\"width\":780,\"height\":440},{\"@type\":\"BreadcrumbList\",\"@id\":\"https:\/\/carpathiacenter.ro\/ministerul-energiei-a-inaintat-executivului-un-memorandum-cu-cinci-masuri-de-reforma-a-pietei-de-energie-pe-termen-scurt\/#breadcrumb\",\"itemListElement\":[{\"@type\":\"ListItem\",\"position\":1,\"name\":\"Prima pagin\u0103\",\"item\":\"https:\/\/carpathiacenter.ro\/\"},{\"@type\":\"ListItem\",\"position\":2,\"name\":\"Ministerul Energiei a \u00eenaintat Executivului un memorandum cu cinci m\u0103suri de reform\u0103 a pie\u021bei de energie pe termen scurt\"}]},{\"@type\":\"WebSite\",\"@id\":\"https:\/\/carpathiacenter.ro\/#website\",\"url\":\"https:\/\/carpathiacenter.ro\/\",\"name\":\"Carpathia Center Romania\",\"description\":\"Impossible made possible!\",\"publisher\":{\"@id\":\"https:\/\/carpathiacenter.ro\/#organization\"},\"potentialAction\":[{\"@type\":\"SearchAction\",\"target\":{\"@type\":\"EntryPoint\",\"urlTemplate\":\"https:\/\/carpathiacenter.ro\/?s={search_term_string}\"},\"query-input\":{\"@type\":\"PropertyValueSpecification\",\"valueRequired\":true,\"valueName\":\"search_term_string\"}}],\"inLanguage\":\"en-GB\"},{\"@type\":\"Organization\",\"@id\":\"https:\/\/carpathiacenter.ro\/#organization\",\"name\":\"Carpathia Center Romania\",\"url\":\"https:\/\/carpathiacenter.ro\/\",\"logo\":{\"@type\":\"ImageObject\",\"inLanguage\":\"en-GB\",\"@id\":\"https:\/\/carpathiacenter.ro\/#\/schema\/logo\/image\/\",\"url\":\"https:\/\/carpathiacenter.ro\/wp-content\/uploads\/2024\/07\/logo-carpathia_bg_white-1024x941.png\",\"contentUrl\":\"https:\/\/carpathiacenter.ro\/wp-content\/uploads\/2024\/07\/logo-carpathia_bg_white-1024x941.png\",\"width\":1024,\"height\":941,\"caption\":\"Carpathia Center Romania\"},\"image\":{\"@id\":\"https:\/\/carpathiacenter.ro\/#\/schema\/logo\/image\/\"},\"sameAs\":[\"https:\/\/www.facebook.com\/fdpscarpathia\/\"]},{\"@type\":\"Person\",\"@id\":\"https:\/\/carpathiacenter.ro\/#\/schema\/person\/03d9f58202fee8379268f34afa195006\",\"name\":\"creativebitsolutions\",\"image\":{\"@type\":\"ImageObject\",\"inLanguage\":\"en-GB\",\"@id\":\"https:\/\/carpathiacenter.ro\/#\/schema\/person\/image\/\",\"url\":\"https:\/\/secure.gravatar.com\/avatar\/1b1a13e37f847c635dab78348f1dff2f07651ee2a3d77a5c355a4b8c75f9165a?s=96&d=mm&r=g\",\"contentUrl\":\"https:\/\/secure.gravatar.com\/avatar\/1b1a13e37f847c635dab78348f1dff2f07651ee2a3d77a5c355a4b8c75f9165a?s=96&d=mm&r=g\",\"caption\":\"creativebitsolutions\"},\"url\":\"https:\/\/carpathiacenter.ro\/en\/author\/creativebitsolutions\/\"}]}<\/script>\n<!-- \/ Yoast SEO plugin. -->","yoast_head_json":{"title":"Ministerul Energiei a \u00eenaintat Executivului un memorandum cu cinci m\u0103suri de reform\u0103 a pie\u021bei de energie pe termen scurt - Carpathia Center Romania","robots":{"index":"index","follow":"follow","max-snippet":"max-snippet:-1","max-image-preview":"max-image-preview:large","max-video-preview":"max-video-preview:-1"},"canonical":"https:\/\/carpathiacenter.ro\/en\/ministerul-energiei-a-inaintat-executivului-un-memorandum-cu-cinci-masuri-de-reforma-a-pietei-de-energie-pe-termen-scurt\/","og_locale":"en_GB","og_type":"article","og_title":"Ministerul Energiei a \u00eenaintat Executivului un memorandum cu cinci m\u0103suri de reform\u0103 a pie\u021bei de energie pe termen scurt - Carpathia Center Romania","og_description":"Ministerul Energiei a \u00eenaintat Executivului un memorandum cu cinci m\u0103suri de reform\u0103 a pie\u021bei de energie pe termen scurt, menite s\u0103 asigure pre\u021buri corecte pentru consumatorii finali, un document realizat \u00een conformitate cu contextul european, directivele Comisiei Europene, recomand\u0103rile Eurelectric, Agen\u021biei&nbsp;pentru Cooperarea Reglementatorilor din Domeniul Energiei (ACER) \u0219i Agen\u021biei Interna\u021bionale a Energiei (IEA). Potrivit memorandumului,...","og_url":"https:\/\/carpathiacenter.ro\/en\/ministerul-energiei-a-inaintat-executivului-un-memorandum-cu-cinci-masuri-de-reforma-a-pietei-de-energie-pe-termen-scurt\/","og_site_name":"Carpathia Center Romania","article_publisher":"https:\/\/www.facebook.com\/fdpscarpathia\/","article_published_time":"2025-09-04T07:22:56+00:00","og_image":[{"width":780,"height":440,"url":"https:\/\/carpathiacenter.ro\/wp-content\/uploads\/2025\/09\/Ministerul-Energiei.jpg","type":"image\/jpeg"}],"author":"creativebitsolutions","twitter_card":"summary_large_image","twitter_misc":{"Written by":"creativebitsolutions","Estimated reading time":"4 minutes"},"schema":{"@context":"https:\/\/schema.org","@graph":[{"@type":"Article","@id":"https:\/\/carpathiacenter.ro\/ministerul-energiei-a-inaintat-executivului-un-memorandum-cu-cinci-masuri-de-reforma-a-pietei-de-energie-pe-termen-scurt\/#article","isPartOf":{"@id":"https:\/\/carpathiacenter.ro\/ministerul-energiei-a-inaintat-executivului-un-memorandum-cu-cinci-masuri-de-reforma-a-pietei-de-energie-pe-termen-scurt\/"},"author":{"name":"creativebitsolutions","@id":"https:\/\/carpathiacenter.ro\/#\/schema\/person\/03d9f58202fee8379268f34afa195006"},"headline":"Ministerul Energiei a \u00eenaintat Executivului un memorandum cu cinci m\u0103suri de reform\u0103 a pie\u021bei de energie pe termen scurt","datePublished":"2025-09-04T07:22:56+00:00","mainEntityOfPage":{"@id":"https:\/\/carpathiacenter.ro\/ministerul-energiei-a-inaintat-executivului-un-memorandum-cu-cinci-masuri-de-reforma-a-pietei-de-energie-pe-termen-scurt\/"},"wordCount":864,"commentCount":0,"publisher":{"@id":"https:\/\/carpathiacenter.ro\/#organization"},"image":{"@id":"https:\/\/carpathiacenter.ro\/ministerul-energiei-a-inaintat-executivului-un-memorandum-cu-cinci-masuri-de-reforma-a-pietei-de-energie-pe-termen-scurt\/#primaryimage"},"thumbnailUrl":"https:\/\/carpathiacenter.ro\/wp-content\/uploads\/2025\/09\/Ministerul-Energiei.jpg","articleSection":["Uncategorized"],"inLanguage":"en-GB","potentialAction":[{"@type":"CommentAction","name":"Comment","target":["https:\/\/carpathiacenter.ro\/ministerul-energiei-a-inaintat-executivului-un-memorandum-cu-cinci-masuri-de-reforma-a-pietei-de-energie-pe-termen-scurt\/#respond"]}]},{"@type":"WebPage","@id":"https:\/\/carpathiacenter.ro\/ministerul-energiei-a-inaintat-executivului-un-memorandum-cu-cinci-masuri-de-reforma-a-pietei-de-energie-pe-termen-scurt\/","url":"https:\/\/carpathiacenter.ro\/ministerul-energiei-a-inaintat-executivului-un-memorandum-cu-cinci-masuri-de-reforma-a-pietei-de-energie-pe-termen-scurt\/","name":"Ministerul Energiei a \u00eenaintat Executivului un memorandum cu cinci m\u0103suri de reform\u0103 a pie\u021bei de energie pe termen scurt - Carpathia Center Romania","isPartOf":{"@id":"https:\/\/carpathiacenter.ro\/#website"},"primaryImageOfPage":{"@id":"https:\/\/carpathiacenter.ro\/ministerul-energiei-a-inaintat-executivului-un-memorandum-cu-cinci-masuri-de-reforma-a-pietei-de-energie-pe-termen-scurt\/#primaryimage"},"image":{"@id":"https:\/\/carpathiacenter.ro\/ministerul-energiei-a-inaintat-executivului-un-memorandum-cu-cinci-masuri-de-reforma-a-pietei-de-energie-pe-termen-scurt\/#primaryimage"},"thumbnailUrl":"https:\/\/carpathiacenter.ro\/wp-content\/uploads\/2025\/09\/Ministerul-Energiei.jpg","datePublished":"2025-09-04T07:22:56+00:00","breadcrumb":{"@id":"https:\/\/carpathiacenter.ro\/ministerul-energiei-a-inaintat-executivului-un-memorandum-cu-cinci-masuri-de-reforma-a-pietei-de-energie-pe-termen-scurt\/#breadcrumb"},"inLanguage":"en-GB","potentialAction":[{"@type":"ReadAction","target":["https:\/\/carpathiacenter.ro\/ministerul-energiei-a-inaintat-executivului-un-memorandum-cu-cinci-masuri-de-reforma-a-pietei-de-energie-pe-termen-scurt\/"]}]},{"@type":"ImageObject","inLanguage":"en-GB","@id":"https:\/\/carpathiacenter.ro\/ministerul-energiei-a-inaintat-executivului-un-memorandum-cu-cinci-masuri-de-reforma-a-pietei-de-energie-pe-termen-scurt\/#primaryimage","url":"https:\/\/carpathiacenter.ro\/wp-content\/uploads\/2025\/09\/Ministerul-Energiei.jpg","contentUrl":"https:\/\/carpathiacenter.ro\/wp-content\/uploads\/2025\/09\/Ministerul-Energiei.jpg","width":780,"height":440},{"@type":"BreadcrumbList","@id":"https:\/\/carpathiacenter.ro\/ministerul-energiei-a-inaintat-executivului-un-memorandum-cu-cinci-masuri-de-reforma-a-pietei-de-energie-pe-termen-scurt\/#breadcrumb","itemListElement":[{"@type":"ListItem","position":1,"name":"Prima pagin\u0103","item":"https:\/\/carpathiacenter.ro\/"},{"@type":"ListItem","position":2,"name":"Ministerul Energiei a \u00eenaintat Executivului un memorandum cu cinci m\u0103suri de reform\u0103 a pie\u021bei de energie pe termen scurt"}]},{"@type":"WebSite","@id":"https:\/\/carpathiacenter.ro\/#website","url":"https:\/\/carpathiacenter.ro\/","name":"Carpathia Center Romania","description":"Impossible made possible!","publisher":{"@id":"https:\/\/carpathiacenter.ro\/#organization"},"potentialAction":[{"@type":"SearchAction","target":{"@type":"EntryPoint","urlTemplate":"https:\/\/carpathiacenter.ro\/?s={search_term_string}"},"query-input":{"@type":"PropertyValueSpecification","valueRequired":true,"valueName":"search_term_string"}}],"inLanguage":"en-GB"},{"@type":"Organization","@id":"https:\/\/carpathiacenter.ro\/#organization","name":"Carpathia Center Romania","url":"https:\/\/carpathiacenter.ro\/","logo":{"@type":"ImageObject","inLanguage":"en-GB","@id":"https:\/\/carpathiacenter.ro\/#\/schema\/logo\/image\/","url":"https:\/\/carpathiacenter.ro\/wp-content\/uploads\/2024\/07\/logo-carpathia_bg_white-1024x941.png","contentUrl":"https:\/\/carpathiacenter.ro\/wp-content\/uploads\/2024\/07\/logo-carpathia_bg_white-1024x941.png","width":1024,"height":941,"caption":"Carpathia Center Romania"},"image":{"@id":"https:\/\/carpathiacenter.ro\/#\/schema\/logo\/image\/"},"sameAs":["https:\/\/www.facebook.com\/fdpscarpathia\/"]},{"@type":"Person","@id":"https:\/\/carpathiacenter.ro\/#\/schema\/person\/03d9f58202fee8379268f34afa195006","name":"creativebitsolutions","image":{"@type":"ImageObject","inLanguage":"en-GB","@id":"https:\/\/carpathiacenter.ro\/#\/schema\/person\/image\/","url":"https:\/\/secure.gravatar.com\/avatar\/1b1a13e37f847c635dab78348f1dff2f07651ee2a3d77a5c355a4b8c75f9165a?s=96&d=mm&r=g","contentUrl":"https:\/\/secure.gravatar.com\/avatar\/1b1a13e37f847c635dab78348f1dff2f07651ee2a3d77a5c355a4b8c75f9165a?s=96&d=mm&r=g","caption":"creativebitsolutions"},"url":"https:\/\/carpathiacenter.ro\/en\/author\/creativebitsolutions\/"}]}},"_links":{"self":[{"href":"https:\/\/carpathiacenter.ro\/en\/wp-json\/wp\/v2\/posts\/2976","targetHints":{"allow":["GET"]}}],"collection":[{"href":"https:\/\/carpathiacenter.ro\/en\/wp-json\/wp\/v2\/posts"}],"about":[{"href":"https:\/\/carpathiacenter.ro\/en\/wp-json\/wp\/v2\/types\/post"}],"author":[{"embeddable":true,"href":"https:\/\/carpathiacenter.ro\/en\/wp-json\/wp\/v2\/users\/4"}],"replies":[{"embeddable":true,"href":"https:\/\/carpathiacenter.ro\/en\/wp-json\/wp\/v2\/comments?post=2976"}],"version-history":[{"count":1,"href":"https:\/\/carpathiacenter.ro\/en\/wp-json\/wp\/v2\/posts\/2976\/revisions"}],"predecessor-version":[{"id":2978,"href":"https:\/\/carpathiacenter.ro\/en\/wp-json\/wp\/v2\/posts\/2976\/revisions\/2978"}],"wp:featuredmedia":[{"embeddable":true,"href":"https:\/\/carpathiacenter.ro\/en\/wp-json\/wp\/v2\/media\/2977"}],"wp:attachment":[{"href":"https:\/\/carpathiacenter.ro\/en\/wp-json\/wp\/v2\/media?parent=2976"}],"wp:term":[{"taxonomy":"category","embeddable":true,"href":"https:\/\/carpathiacenter.ro\/en\/wp-json\/wp\/v2\/categories?post=2976"},{"taxonomy":"post_tag","embeddable":true,"href":"https:\/\/carpathiacenter.ro\/en\/wp-json\/wp\/v2\/tags?post=2976"}],"curies":[{"name":"wp","href":"https:\/\/api.w.org\/{rel}","templated":true}]}}