{"id":2970,"date":"2025-09-03T09:07:25","date_gmt":"2025-09-03T09:07:25","guid":{"rendered":"https:\/\/carpathiacenter.ro\/?p=2970"},"modified":"2025-09-03T09:07:25","modified_gmt":"2025-09-03T09:07:25","slug":"presedintele-consiliului-european-primit-la-cotroceni-de-presedintele-nicusor-dan","status":"publish","type":"post","link":"https:\/\/carpathiacenter.ro\/en\/presedintele-consiliului-european-primit-la-cotroceni-de-presedintele-nicusor-dan\/","title":{"rendered":"Pre\u0219edintele Consiliului European &#8211; primit la Cotroceni de pre\u0219edintele Nicu\u0219or Dan"},"content":{"rendered":"<p><strong>Pre\u0219edintele Consiliului European, Antonio Costa, va fi primit miercuri, la Cotroceni, de pre\u0219edintele Nicu\u0219or Dan, informeaz\u0103 Administra\u021bia Preziden\u021bial\u0103.<\/strong><\/p>\n<p>Costa se va \u00eent\u00e2lni cu \u0219eful statului rom\u00e2n \u00een jurul orei 19:00, ocazie cu care cei doi vor avea convorbiri tete-a-tete \u0219i convorbiri oficiale.<\/p>\n<p>Ulterior, cei doi oficiali vor avea declara\u021bii de pres\u0103 comune.<\/p>\n<p>Pre\u0219edintele Nicu\u0219or Dan s-a \u00eent\u00e2lnit luni, la Baza militar\u0103 &#8216;Mihail Kog\u0103lniceanu&#8217;, cu \u0219efa Comisiei Europene, Ursula von der Leyen. AGERPRES\/(AS &#8211; redactor: Oana Ghi\u021b\u0103, editor: Florin Marin, editor online: Simona Aru\u015ftei)<br \/>\n<br \/>\nSursa articolului:  <a href=\"https:\/\/agerpres.ro\/politic\/2025\/09\/03\/presedintele-consiliului-european---primit-la-cotroceni-de-presedintele-nicusor-dan--1480790\" target=\"_blank\" rel=\"noopener\" title=\"\">https:\/\/agerpres.ro\/politic\/2025\/09\/03\/presedintele-consiliului-european&#8212;primit-la-cotroceni-de-presedintele-nicusor-dan&#8211;1480790<\/a><\/p>","protected":false},"excerpt":{"rendered":"<p>Pre\u0219edintele Consiliului European, Antonio Costa, va fi primit miercuri, la Cotroceni, de pre\u0219edintele Nicu\u0219or Dan, informeaz\u0103 Administra\u021bia Preziden\u021bial\u0103. Costa se va \u00eent\u00e2lni cu \u0219eful statului rom\u00e2n \u00een jurul orei 19:00, ocazie cu care cei doi vor avea convorbiri tete-a-tete \u0219i convorbiri oficiale. Ulterior, cei doi oficiali vor avea declara\u021bii de pres\u0103 comune. Pre\u0219edintele Nicu\u0219or Dan&#8230;<\/p>","protected":false},"author":4,"featured_media":2971,"comment_status":"open","ping_status":"open","sticky":false,"template":"","format":"standard","meta":{"footnotes":""},"categories":[1],"tags":[],"class_list":["post-2970","post","type-post","status-publish","format-standard","has-post-thumbnail","hentry","category-uncategorized"],"yoast_head":"<!-- This site is optimized with the Yoast SEO plugin v26.1.1 - https:\/\/yoast.com\/wordpress\/plugins\/seo\/ -->\n<title>Pre\u0219edintele Consiliului European - primit la Cotroceni de pre\u0219edintele Nicu\u0219or Dan - Carpathia Center Romania<\/title>\n<meta name=\"robots\" content=\"index, follow, max-snippet:-1, max-image-preview:large, max-video-preview:-1\" \/>\n<link rel=\"canonical\" href=\"https:\/\/carpathiacenter.ro\/en\/presedintele-consiliului-european-primit-la-cotroceni-de-presedintele-nicusor-dan\/\" \/>\n<meta property=\"og:locale\" content=\"en_GB\" \/>\n<meta property=\"og:type\" content=\"article\" \/>\n<meta property=\"og:title\" content=\"Pre\u0219edintele Consiliului European - primit la Cotroceni de pre\u0219edintele Nicu\u0219or Dan - Carpathia Center Romania\" \/>\n<meta property=\"og:description\" content=\"Pre\u0219edintele Consiliului European, Antonio Costa, va fi primit miercuri, la Cotroceni, de pre\u0219edintele Nicu\u0219or Dan, informeaz\u0103 Administra\u021bia Preziden\u021bial\u0103. Costa se va \u00eent\u00e2lni cu \u0219eful statului rom\u00e2n \u00een jurul orei 19:00, ocazie cu care cei doi vor avea convorbiri tete-a-tete \u0219i convorbiri oficiale. Ulterior, cei doi oficiali vor avea declara\u021bii de pres\u0103 comune. Pre\u0219edintele Nicu\u0219or Dan...\" \/>\n<meta property=\"og:url\" content=\"https:\/\/carpathiacenter.ro\/en\/presedintele-consiliului-european-primit-la-cotroceni-de-presedintele-nicusor-dan\/\" \/>\n<meta property=\"og:site_name\" content=\"Carpathia Center Romania\" \/>\n<meta property=\"article:publisher\" content=\"https:\/\/www.facebook.com\/fdpscarpathia\/\" \/>\n<meta property=\"article:published_time\" content=\"2025-09-03T09:07:25+00:00\" \/>\n<meta property=\"og:image\" content=\"https:\/\/carpathiacenter.ro\/wp-content\/uploads\/2025\/09\/antonio-costa.webp\" \/>\n\t<meta property=\"og:image:width\" content=\"1024\" \/>\n\t<meta property=\"og:image:height\" content=\"683\" \/>\n\t<meta property=\"og:image:type\" content=\"image\/webp\" \/>\n<meta name=\"author\" content=\"creativebitsolutions\" \/>\n<meta name=\"twitter:card\" content=\"summary_large_image\" \/>\n<meta name=\"twitter:label1\" content=\"Written by\" \/>\n\t<meta name=\"twitter:data1\" content=\"creativebitsolutions\" \/>\n\t<meta name=\"twitter:label2\" content=\"Estimated reading time\" \/>\n\t<meta name=\"twitter:data2\" content=\"1 minute\" \/>\n<script type=\"application\/ld+json\" class=\"yoast-schema-graph\">{\"@context\":\"https:\/\/schema.org\",\"@graph\":[{\"@type\":\"Article\",\"@id\":\"https:\/\/carpathiacenter.ro\/presedintele-consiliului-european-primit-la-cotroceni-de-presedintele-nicusor-dan\/#article\",\"isPartOf\":{\"@id\":\"https:\/\/carpathiacenter.ro\/presedintele-consiliului-european-primit-la-cotroceni-de-presedintele-nicusor-dan\/\"},\"author\":{\"name\":\"creativebitsolutions\",\"@id\":\"https:\/\/carpathiacenter.ro\/#\/schema\/person\/03d9f58202fee8379268f34afa195006\"},\"headline\":\"Pre\u0219edintele Consiliului European &#8211; primit la Cotroceni de pre\u0219edintele Nicu\u0219or Dan\",\"datePublished\":\"2025-09-03T09:07:25+00:00\",\"mainEntityOfPage\":{\"@id\":\"https:\/\/carpathiacenter.ro\/presedintele-consiliului-european-primit-la-cotroceni-de-presedintele-nicusor-dan\/\"},\"wordCount\":117,\"commentCount\":0,\"publisher\":{\"@id\":\"https:\/\/carpathiacenter.ro\/#organization\"},\"image\":{\"@id\":\"https:\/\/carpathiacenter.ro\/presedintele-consiliului-european-primit-la-cotroceni-de-presedintele-nicusor-dan\/#primaryimage\"},\"thumbnailUrl\":\"https:\/\/carpathiacenter.ro\/wp-content\/uploads\/2025\/09\/antonio-costa.webp\",\"articleSection\":[\"Uncategorized\"],\"inLanguage\":\"en-GB\",\"potentialAction\":[{\"@type\":\"CommentAction\",\"name\":\"Comment\",\"target\":[\"https:\/\/carpathiacenter.ro\/presedintele-consiliului-european-primit-la-cotroceni-de-presedintele-nicusor-dan\/#respond\"]}]},{\"@type\":\"WebPage\",\"@id\":\"https:\/\/carpathiacenter.ro\/presedintele-consiliului-european-primit-la-cotroceni-de-presedintele-nicusor-dan\/\",\"url\":\"https:\/\/carpathiacenter.ro\/presedintele-consiliului-european-primit-la-cotroceni-de-presedintele-nicusor-dan\/\",\"name\":\"Pre\u0219edintele Consiliului European - primit la Cotroceni de pre\u0219edintele Nicu\u0219or Dan - Carpathia Center Romania\",\"isPartOf\":{\"@id\":\"https:\/\/carpathiacenter.ro\/#website\"},\"primaryImageOfPage\":{\"@id\":\"https:\/\/carpathiacenter.ro\/presedintele-consiliului-european-primit-la-cotroceni-de-presedintele-nicusor-dan\/#primaryimage\"},\"image\":{\"@id\":\"https:\/\/carpathiacenter.ro\/presedintele-consiliului-european-primit-la-cotroceni-de-presedintele-nicusor-dan\/#primaryimage\"},\"thumbnailUrl\":\"https:\/\/carpathiacenter.ro\/wp-content\/uploads\/2025\/09\/antonio-costa.webp\",\"datePublished\":\"2025-09-03T09:07:25+00:00\",\"breadcrumb\":{\"@id\":\"https:\/\/carpathiacenter.ro\/presedintele-consiliului-european-primit-la-cotroceni-de-presedintele-nicusor-dan\/#breadcrumb\"},\"inLanguage\":\"en-GB\",\"potentialAction\":[{\"@type\":\"ReadAction\",\"target\":[\"https:\/\/carpathiacenter.ro\/presedintele-consiliului-european-primit-la-cotroceni-de-presedintele-nicusor-dan\/\"]}]},{\"@type\":\"ImageObject\",\"inLanguage\":\"en-GB\",\"@id\":\"https:\/\/carpathiacenter.ro\/presedintele-consiliului-european-primit-la-cotroceni-de-presedintele-nicusor-dan\/#primaryimage\",\"url\":\"https:\/\/carpathiacenter.ro\/wp-content\/uploads\/2025\/09\/antonio-costa.webp\",\"contentUrl\":\"https:\/\/carpathiacenter.ro\/wp-content\/uploads\/2025\/09\/antonio-costa.webp\",\"width\":1024,\"height\":683},{\"@type\":\"BreadcrumbList\",\"@id\":\"https:\/\/carpathiacenter.ro\/presedintele-consiliului-european-primit-la-cotroceni-de-presedintele-nicusor-dan\/#breadcrumb\",\"itemListElement\":[{\"@type\":\"ListItem\",\"position\":1,\"name\":\"Prima pagin\u0103\",\"item\":\"https:\/\/carpathiacenter.ro\/\"},{\"@type\":\"ListItem\",\"position\":2,\"name\":\"Pre\u0219edintele Consiliului European &#8211; primit la Cotroceni de pre\u0219edintele Nicu\u0219or Dan\"}]},{\"@type\":\"WebSite\",\"@id\":\"https:\/\/carpathiacenter.ro\/#website\",\"url\":\"https:\/\/carpathiacenter.ro\/\",\"name\":\"Carpathia Center Romania\",\"description\":\"Impossible made possible!\",\"publisher\":{\"@id\":\"https:\/\/carpathiacenter.ro\/#organization\"},\"potentialAction\":[{\"@type\":\"SearchAction\",\"target\":{\"@type\":\"EntryPoint\",\"urlTemplate\":\"https:\/\/carpathiacenter.ro\/?s={search_term_string}\"},\"query-input\":{\"@type\":\"PropertyValueSpecification\",\"valueRequired\":true,\"valueName\":\"search_term_string\"}}],\"inLanguage\":\"en-GB\"},{\"@type\":\"Organization\",\"@id\":\"https:\/\/carpathiacenter.ro\/#organization\",\"name\":\"Carpathia Center Romania\",\"url\":\"https:\/\/carpathiacenter.ro\/\",\"logo\":{\"@type\":\"ImageObject\",\"inLanguage\":\"en-GB\",\"@id\":\"https:\/\/carpathiacenter.ro\/#\/schema\/logo\/image\/\",\"url\":\"https:\/\/carpathiacenter.ro\/wp-content\/uploads\/2024\/07\/logo-carpathia_bg_white-1024x941.png\",\"contentUrl\":\"https:\/\/carpathiacenter.ro\/wp-content\/uploads\/2024\/07\/logo-carpathia_bg_white-1024x941.png\",\"width\":1024,\"height\":941,\"caption\":\"Carpathia Center Romania\"},\"image\":{\"@id\":\"https:\/\/carpathiacenter.ro\/#\/schema\/logo\/image\/\"},\"sameAs\":[\"https:\/\/www.facebook.com\/fdpscarpathia\/\"]},{\"@type\":\"Person\",\"@id\":\"https:\/\/carpathiacenter.ro\/#\/schema\/person\/03d9f58202fee8379268f34afa195006\",\"name\":\"creativebitsolutions\",\"image\":{\"@type\":\"ImageObject\",\"inLanguage\":\"en-GB\",\"@id\":\"https:\/\/carpathiacenter.ro\/#\/schema\/person\/image\/\",\"url\":\"https:\/\/secure.gravatar.com\/avatar\/1b1a13e37f847c635dab78348f1dff2f07651ee2a3d77a5c355a4b8c75f9165a?s=96&d=mm&r=g\",\"contentUrl\":\"https:\/\/secure.gravatar.com\/avatar\/1b1a13e37f847c635dab78348f1dff2f07651ee2a3d77a5c355a4b8c75f9165a?s=96&d=mm&r=g\",\"caption\":\"creativebitsolutions\"},\"url\":\"https:\/\/carpathiacenter.ro\/en\/author\/creativebitsolutions\/\"}]}<\/script>\n<!-- \/ Yoast SEO plugin. -->","yoast_head_json":{"title":"Pre\u0219edintele Consiliului European - primit la Cotroceni de pre\u0219edintele Nicu\u0219or Dan - Carpathia Center Romania","robots":{"index":"index","follow":"follow","max-snippet":"max-snippet:-1","max-image-preview":"max-image-preview:large","max-video-preview":"max-video-preview:-1"},"canonical":"https:\/\/carpathiacenter.ro\/en\/presedintele-consiliului-european-primit-la-cotroceni-de-presedintele-nicusor-dan\/","og_locale":"en_GB","og_type":"article","og_title":"Pre\u0219edintele Consiliului European - primit la Cotroceni de pre\u0219edintele Nicu\u0219or Dan - Carpathia Center Romania","og_description":"Pre\u0219edintele Consiliului European, Antonio Costa, va fi primit miercuri, la Cotroceni, de pre\u0219edintele Nicu\u0219or Dan, informeaz\u0103 Administra\u021bia Preziden\u021bial\u0103. Costa se va \u00eent\u00e2lni cu \u0219eful statului rom\u00e2n \u00een jurul orei 19:00, ocazie cu care cei doi vor avea convorbiri tete-a-tete \u0219i convorbiri oficiale. Ulterior, cei doi oficiali vor avea declara\u021bii de pres\u0103 comune. Pre\u0219edintele Nicu\u0219or Dan...","og_url":"https:\/\/carpathiacenter.ro\/en\/presedintele-consiliului-european-primit-la-cotroceni-de-presedintele-nicusor-dan\/","og_site_name":"Carpathia Center Romania","article_publisher":"https:\/\/www.facebook.com\/fdpscarpathia\/","article_published_time":"2025-09-03T09:07:25+00:00","og_image":[{"width":1024,"height":683,"url":"https:\/\/carpathiacenter.ro\/wp-content\/uploads\/2025\/09\/antonio-costa.webp","type":"image\/webp"}],"author":"creativebitsolutions","twitter_card":"summary_large_image","twitter_misc":{"Written by":"creativebitsolutions","Estimated reading time":"1 minute"},"schema":{"@context":"https:\/\/schema.org","@graph":[{"@type":"Article","@id":"https:\/\/carpathiacenter.ro\/presedintele-consiliului-european-primit-la-cotroceni-de-presedintele-nicusor-dan\/#article","isPartOf":{"@id":"https:\/\/carpathiacenter.ro\/presedintele-consiliului-european-primit-la-cotroceni-de-presedintele-nicusor-dan\/"},"author":{"name":"creativebitsolutions","@id":"https:\/\/carpathiacenter.ro\/#\/schema\/person\/03d9f58202fee8379268f34afa195006"},"headline":"Pre\u0219edintele Consiliului European &#8211; primit la Cotroceni de pre\u0219edintele Nicu\u0219or Dan","datePublished":"2025-09-03T09:07:25+00:00","mainEntityOfPage":{"@id":"https:\/\/carpathiacenter.ro\/presedintele-consiliului-european-primit-la-cotroceni-de-presedintele-nicusor-dan\/"},"wordCount":117,"commentCount":0,"publisher":{"@id":"https:\/\/carpathiacenter.ro\/#organization"},"image":{"@id":"https:\/\/carpathiacenter.ro\/presedintele-consiliului-european-primit-la-cotroceni-de-presedintele-nicusor-dan\/#primaryimage"},"thumbnailUrl":"https:\/\/carpathiacenter.ro\/wp-content\/uploads\/2025\/09\/antonio-costa.webp","articleSection":["Uncategorized"],"inLanguage":"en-GB","potentialAction":[{"@type":"CommentAction","name":"Comment","target":["https:\/\/carpathiacenter.ro\/presedintele-consiliului-european-primit-la-cotroceni-de-presedintele-nicusor-dan\/#respond"]}]},{"@type":"WebPage","@id":"https:\/\/carpathiacenter.ro\/presedintele-consiliului-european-primit-la-cotroceni-de-presedintele-nicusor-dan\/","url":"https:\/\/carpathiacenter.ro\/presedintele-consiliului-european-primit-la-cotroceni-de-presedintele-nicusor-dan\/","name":"Pre\u0219edintele Consiliului European - primit la Cotroceni de pre\u0219edintele Nicu\u0219or Dan - Carpathia Center Romania","isPartOf":{"@id":"https:\/\/carpathiacenter.ro\/#website"},"primaryImageOfPage":{"@id":"https:\/\/carpathiacenter.ro\/presedintele-consiliului-european-primit-la-cotroceni-de-presedintele-nicusor-dan\/#primaryimage"},"image":{"@id":"https:\/\/carpathiacenter.ro\/presedintele-consiliului-european-primit-la-cotroceni-de-presedintele-nicusor-dan\/#primaryimage"},"thumbnailUrl":"https:\/\/carpathiacenter.ro\/wp-content\/uploads\/2025\/09\/antonio-costa.webp","datePublished":"2025-09-03T09:07:25+00:00","breadcrumb":{"@id":"https:\/\/carpathiacenter.ro\/presedintele-consiliului-european-primit-la-cotroceni-de-presedintele-nicusor-dan\/#breadcrumb"},"inLanguage":"en-GB","potentialAction":[{"@type":"ReadAction","target":["https:\/\/carpathiacenter.ro\/presedintele-consiliului-european-primit-la-cotroceni-de-presedintele-nicusor-dan\/"]}]},{"@type":"ImageObject","inLanguage":"en-GB","@id":"https:\/\/carpathiacenter.ro\/presedintele-consiliului-european-primit-la-cotroceni-de-presedintele-nicusor-dan\/#primaryimage","url":"https:\/\/carpathiacenter.ro\/wp-content\/uploads\/2025\/09\/antonio-costa.webp","contentUrl":"https:\/\/carpathiacenter.ro\/wp-content\/uploads\/2025\/09\/antonio-costa.webp","width":1024,"height":683},{"@type":"BreadcrumbList","@id":"https:\/\/carpathiacenter.ro\/presedintele-consiliului-european-primit-la-cotroceni-de-presedintele-nicusor-dan\/#breadcrumb","itemListElement":[{"@type":"ListItem","position":1,"name":"Prima pagin\u0103","item":"https:\/\/carpathiacenter.ro\/"},{"@type":"ListItem","position":2,"name":"Pre\u0219edintele Consiliului European &#8211; primit la Cotroceni de pre\u0219edintele Nicu\u0219or Dan"}]},{"@type":"WebSite","@id":"https:\/\/carpathiacenter.ro\/#website","url":"https:\/\/carpathiacenter.ro\/","name":"Carpathia Center Romania","description":"Impossible made possible!","publisher":{"@id":"https:\/\/carpathiacenter.ro\/#organization"},"potentialAction":[{"@type":"SearchAction","target":{"@type":"EntryPoint","urlTemplate":"https:\/\/carpathiacenter.ro\/?s={search_term_string}"},"query-input":{"@type":"PropertyValueSpecification","valueRequired":true,"valueName":"search_term_string"}}],"inLanguage":"en-GB"},{"@type":"Organization","@id":"https:\/\/carpathiacenter.ro\/#organization","name":"Carpathia Center Romania","url":"https:\/\/carpathiacenter.ro\/","logo":{"@type":"ImageObject","inLanguage":"en-GB","@id":"https:\/\/carpathiacenter.ro\/#\/schema\/logo\/image\/","url":"https:\/\/carpathiacenter.ro\/wp-content\/uploads\/2024\/07\/logo-carpathia_bg_white-1024x941.png","contentUrl":"https:\/\/carpathiacenter.ro\/wp-content\/uploads\/2024\/07\/logo-carpathia_bg_white-1024x941.png","width":1024,"height":941,"caption":"Carpathia Center Romania"},"image":{"@id":"https:\/\/carpathiacenter.ro\/#\/schema\/logo\/image\/"},"sameAs":["https:\/\/www.facebook.com\/fdpscarpathia\/"]},{"@type":"Person","@id":"https:\/\/carpathiacenter.ro\/#\/schema\/person\/03d9f58202fee8379268f34afa195006","name":"creativebitsolutions","image":{"@type":"ImageObject","inLanguage":"en-GB","@id":"https:\/\/carpathiacenter.ro\/#\/schema\/person\/image\/","url":"https:\/\/secure.gravatar.com\/avatar\/1b1a13e37f847c635dab78348f1dff2f07651ee2a3d77a5c355a4b8c75f9165a?s=96&d=mm&r=g","contentUrl":"https:\/\/secure.gravatar.com\/avatar\/1b1a13e37f847c635dab78348f1dff2f07651ee2a3d77a5c355a4b8c75f9165a?s=96&d=mm&r=g","caption":"creativebitsolutions"},"url":"https:\/\/carpathiacenter.ro\/en\/author\/creativebitsolutions\/"}]}},"_links":{"self":[{"href":"https:\/\/carpathiacenter.ro\/en\/wp-json\/wp\/v2\/posts\/2970","targetHints":{"allow":["GET"]}}],"collection":[{"href":"https:\/\/carpathiacenter.ro\/en\/wp-json\/wp\/v2\/posts"}],"about":[{"href":"https:\/\/carpathiacenter.ro\/en\/wp-json\/wp\/v2\/types\/post"}],"author":[{"embeddable":true,"href":"https:\/\/carpathiacenter.ro\/en\/wp-json\/wp\/v2\/users\/4"}],"replies":[{"embeddable":true,"href":"https:\/\/carpathiacenter.ro\/en\/wp-json\/wp\/v2\/comments?post=2970"}],"version-history":[{"count":1,"href":"https:\/\/carpathiacenter.ro\/en\/wp-json\/wp\/v2\/posts\/2970\/revisions"}],"predecessor-version":[{"id":2972,"href":"https:\/\/carpathiacenter.ro\/en\/wp-json\/wp\/v2\/posts\/2970\/revisions\/2972"}],"wp:featuredmedia":[{"embeddable":true,"href":"https:\/\/carpathiacenter.ro\/en\/wp-json\/wp\/v2\/media\/2971"}],"wp:attachment":[{"href":"https:\/\/carpathiacenter.ro\/en\/wp-json\/wp\/v2\/media?parent=2970"}],"wp:term":[{"taxonomy":"category","embeddable":true,"href":"https:\/\/carpathiacenter.ro\/en\/wp-json\/wp\/v2\/categories?post=2970"},{"taxonomy":"post_tag","embeddable":true,"href":"https:\/\/carpathiacenter.ro\/en\/wp-json\/wp\/v2\/tags?post=2970"}],"curies":[{"name":"wp","href":"https:\/\/api.w.org\/{rel}","templated":true}]}}