{"id":2967,"date":"2025-09-03T09:05:35","date_gmt":"2025-09-03T09:05:35","guid":{"rendered":"https:\/\/carpathiacenter.ro\/?p=2967"},"modified":"2025-09-03T09:05:35","modified_gmt":"2025-09-03T09:05:35","slug":"grindeanu-psd-propune-reducerea-cu-25-a-posturilor-ocupate-din-administratia-locala-etapizat-reforma-nu-concedieri","status":"publish","type":"post","link":"https:\/\/carpathiacenter.ro\/en\/grindeanu-psd-propune-reducerea-cu-25-a-posturilor-ocupate-din-administratia-locala-etapizat-reforma-nu-concedieri\/","title":{"rendered":"Grindeanu: PSD propune reducerea cu 25% a posturilor ocupate din administra\u021bia local\u0103, etapizat; reform\u0103, nu concedieri"},"content":{"rendered":"<p style=\"text-align: justify;\"><strong>Pre\u0219edintele PSD, Sorin Grindeanu, a declarat, mar\u021bi, c\u0103 social-democra\u021bii sunt pentru o reform\u0103 &#8216;real\u0103&#8217; \u00een administra\u021bia public\u0103 local\u0103, nu concedieri, punct\u00e2nd c\u0103 propunerea partidului pe care \u00eel conduce este o reducere a posturilor ocupate cu 25%, dar etapizat, cu evalu\u0103ri din \u0219ase \u00een \u0219ase luni.<\/strong><\/p>\n<p>&#8216;Noi credem (&#8230;) c\u0103 reforma administra\u021biei locale trebuie f\u0103cut\u0103 cu cap, \u0219i nu cu toporul. PSD sus\u021bine pe deplin angajamentul de a face o reform\u0103 real\u0103 a administra\u021biei publice locale, dar reform\u0103, \u0219i nu concedieri. Sunt dou\u0103 lucruri total diferite&#8217;, <a href=\"https:\/\/www.facebook.com\/grindeanusorin\/videos\/2163333647411126?locale=ro_RO\" target=\"_blank\">a spus Grindeanu la Rom\u00e2nia TV<\/a>.<\/p>\n<p>El a admis c\u0103 reforma poate \u00eensemna \u0219i concedieri, dar a subliniat c\u0103 o reform\u0103 nu se poate reduce doar la concedieri.<\/p>\n<p>&#8216;Poate fi o parte, dar nu po\u021bi s\u0103 intitulezi concedierile ca reform\u0103. C\u00e2nd vorbe\u0219ti doar de concedieri \u00een termeni de reform\u0103, atunci nu cred c\u0103 faci mare lucru. (&#8230;) O t\u0103iere liniar\u0103 nu ar \u021bine cont de realit\u0103\u021bile din teren \u0219i va lovi direct \u00een comunit\u0103\u021bile mici, unde, dac\u0103 disponibilizezi doi-trei oameni, asta poate \u00eensemna dispari\u021bia contabilit\u0103\u021bii, a urbanismului sau chiar a asisten\u021bei sociale. De aceea, azi, la Cotroceni, majoritatea perioadei de dou\u0103 ore \u0219i ceva s-au prezentat diverse propuneri \u0219i noi am l\u0103sat un material din acest punct de vedere pre\u0219edintelui Nicu\u0219or Dan, o reform\u0103 pe care noi o consider\u0103m mai echilibrat\u0103 &#8211; o reducere de 25% pe posturile ocupate, ceea ce \u00eenseamn\u0103 mai mult dec\u00e2t a propus Ilie Bolojan, deci nu de 10%, cum este acum, dar etapizat, cu evalu\u0103ri din \u0219ase \u00een \u0219ase luni \u0219i dup\u0103 o perioad\u0103 anuale \u0219i cu o plas\u0103 de siguran\u021b\u0103 pentru comunit\u0103\u021bile mici sub 1.500 de locuitori, care trebuie s\u0103 aib\u0103 minim 8-10 func\u021bionari care s\u0103 asigure func\u021bionarea de baz\u0103 a unei prim\u0103rii&#8217;, a ad\u0103ugat liderul PSD.<\/p>\n<p>Pre\u0219edintele social-democrat a mai ar\u0103tat c\u0103 ora\u0219ele, jude\u021bele din Rom\u00e2nia sunt diferite \u00eentre ele \u0219i &#8216;o t\u0103iere la kilogram&#8217; poate produce dezechilibre.<\/p>\n<p>&#8216;Rom\u00e2nia real\u0103, nu aia din birou, are jude\u021be \u0219i ora\u0219e diferite. Nu sunt la fel, nu po\u021bi s\u0103 le compari pe unele cu altele. O t\u0103iere la kilogram, otova, produce dezechilibre regionale, \u0219i nu administra\u021bie. O putem numi subadministra\u021bie&#8217;, a sus\u021binut Sorin Grindeanu.<\/p>\n<p>Acesta a opinat c\u0103 premierul Ilie Bolojan nu e interesat &#8216;s\u0103 dea oameni afar\u0103&#8217;, eventual poate fi interesat s\u0103 reduc\u0103 costurile.<\/p>\n<p>&#8216;Eu cred c\u0103 p\u00e2n\u0103 la urm\u0103 nu-l intereseaz\u0103 pe domnul Bolojan s\u0103 dea oameni afar\u0103 \u0219i s\u0103 fac\u0103 concedieri. Poate poate s\u0103-l intereseze s\u0103 reduc\u0103 costurile, s\u0103 reduc\u0103 bugetul, de exemplu, anvelopa salarial\u0103 a UAT-urilor. Sunt dou\u0103 lucruri diferite. Una e s\u0103 dai oameni afar\u0103, alt\u0103 e s\u0103 reduci costurile \u00een acela\u0219i procent, de 10%, c\u00e2t spunea domnia sa&#8217;, a declarat pre\u0219edintele PSD. AGERPRES\/(A &#8211; redactor: C\u0103t\u0103lin Alexandru, editor: George Onea)<br \/>\n<br \/>\nSursa articolului:  <a href=\"https:\/\/agerpres.ro\/politic\/2025\/09\/02\/grindeanu-psd-propune-reducerea-cu-25-a-posturilor-ocupate-din-administratia-locala-etapizat-reforma--1480826\" target=\"_blank\" rel=\"noopener\" title=\"\">https:\/\/agerpres.ro\/politic\/2025\/09\/02\/grindeanu-psd-propune-reducerea-cu-25-a-posturilor-ocupate-din-administratia-locala-etapizat-reforma&#8211;1480826<\/a><\/p>","protected":false},"excerpt":{"rendered":"<p>Pre\u0219edintele PSD, Sorin Grindeanu, a declarat, mar\u021bi, c\u0103 social-democra\u021bii sunt pentru o reform\u0103 &#8216;real\u0103&#8217; \u00een administra\u021bia public\u0103 local\u0103, nu concedieri, punct\u00e2nd c\u0103 propunerea partidului pe care \u00eel conduce este o reducere a posturilor ocupate cu 25%, dar etapizat, cu evalu\u0103ri din \u0219ase \u00een \u0219ase luni. &#8216;Noi credem (&#8230;) c\u0103 reforma administra\u021biei locale trebuie f\u0103cut\u0103 cu&#8230;<\/p>","protected":false},"author":4,"featured_media":2935,"comment_status":"open","ping_status":"open","sticky":false,"template":"","format":"standard","meta":{"footnotes":""},"categories":[1],"tags":[],"class_list":["post-2967","post","type-post","status-publish","format-standard","has-post-thumbnail","hentry","category-uncategorized"],"yoast_head":"<!-- This site is optimized with the Yoast SEO plugin v26.1.1 - https:\/\/yoast.com\/wordpress\/plugins\/seo\/ -->\n<title>Grindeanu: PSD propune reducerea cu 25% a posturilor ocupate din administra\u021bia local\u0103, etapizat; reform\u0103, nu concedieri - Carpathia Center Romania<\/title>\n<meta name=\"robots\" content=\"index, follow, max-snippet:-1, max-image-preview:large, max-video-preview:-1\" \/>\n<link rel=\"canonical\" href=\"https:\/\/carpathiacenter.ro\/en\/grindeanu-psd-propune-reducerea-cu-25-a-posturilor-ocupate-din-administratia-locala-etapizat-reforma-nu-concedieri\/\" \/>\n<meta property=\"og:locale\" content=\"en_GB\" \/>\n<meta property=\"og:type\" content=\"article\" \/>\n<meta property=\"og:title\" content=\"Grindeanu: PSD propune reducerea cu 25% a posturilor ocupate din administra\u021bia local\u0103, etapizat; reform\u0103, nu concedieri - Carpathia Center Romania\" \/>\n<meta property=\"og:description\" content=\"Pre\u0219edintele PSD, Sorin Grindeanu, a declarat, mar\u021bi, c\u0103 social-democra\u021bii sunt pentru o reform\u0103 &#8216;real\u0103&#8217; \u00een administra\u021bia public\u0103 local\u0103, nu concedieri, punct\u00e2nd c\u0103 propunerea partidului pe care \u00eel conduce este o reducere a posturilor ocupate cu 25%, dar etapizat, cu evalu\u0103ri din \u0219ase \u00een \u0219ase luni. &#8216;Noi credem (&#8230;) c\u0103 reforma administra\u021biei locale trebuie f\u0103cut\u0103 cu...\" \/>\n<meta property=\"og:url\" content=\"https:\/\/carpathiacenter.ro\/en\/grindeanu-psd-propune-reducerea-cu-25-a-posturilor-ocupate-din-administratia-locala-etapizat-reforma-nu-concedieri\/\" \/>\n<meta property=\"og:site_name\" content=\"Carpathia Center Romania\" \/>\n<meta property=\"article:publisher\" content=\"https:\/\/www.facebook.com\/fdpscarpathia\/\" \/>\n<meta property=\"article:published_time\" content=\"2025-09-03T09:05:35+00:00\" \/>\n<meta property=\"og:image\" content=\"https:\/\/carpathiacenter.ro\/wp-content\/uploads\/2025\/08\/sorin-grindeanu.jpg\" \/>\n\t<meta property=\"og:image:width\" content=\"830\" \/>\n\t<meta property=\"og:image:height\" content=\"475\" \/>\n\t<meta property=\"og:image:type\" content=\"image\/jpeg\" \/>\n<meta name=\"author\" content=\"creativebitsolutions\" \/>\n<meta name=\"twitter:card\" content=\"summary_large_image\" \/>\n<meta name=\"twitter:label1\" content=\"Written by\" \/>\n\t<meta name=\"twitter:data1\" content=\"creativebitsolutions\" \/>\n\t<meta name=\"twitter:label2\" content=\"Estimated reading time\" \/>\n\t<meta name=\"twitter:data2\" content=\"3 minutes\" \/>\n<script type=\"application\/ld+json\" class=\"yoast-schema-graph\">{\"@context\":\"https:\/\/schema.org\",\"@graph\":[{\"@type\":\"Article\",\"@id\":\"https:\/\/carpathiacenter.ro\/grindeanu-psd-propune-reducerea-cu-25-a-posturilor-ocupate-din-administratia-locala-etapizat-reforma-nu-concedieri\/#article\",\"isPartOf\":{\"@id\":\"https:\/\/carpathiacenter.ro\/grindeanu-psd-propune-reducerea-cu-25-a-posturilor-ocupate-din-administratia-locala-etapizat-reforma-nu-concedieri\/\"},\"author\":{\"name\":\"creativebitsolutions\",\"@id\":\"https:\/\/carpathiacenter.ro\/#\/schema\/person\/03d9f58202fee8379268f34afa195006\"},\"headline\":\"Grindeanu: PSD propune reducerea cu 25% a posturilor ocupate din administra\u021bia local\u0103, etapizat; reform\u0103, nu concedieri\",\"datePublished\":\"2025-09-03T09:05:35+00:00\",\"mainEntityOfPage\":{\"@id\":\"https:\/\/carpathiacenter.ro\/grindeanu-psd-propune-reducerea-cu-25-a-posturilor-ocupate-din-administratia-locala-etapizat-reforma-nu-concedieri\/\"},\"wordCount\":515,\"commentCount\":0,\"publisher\":{\"@id\":\"https:\/\/carpathiacenter.ro\/#organization\"},\"image\":{\"@id\":\"https:\/\/carpathiacenter.ro\/grindeanu-psd-propune-reducerea-cu-25-a-posturilor-ocupate-din-administratia-locala-etapizat-reforma-nu-concedieri\/#primaryimage\"},\"thumbnailUrl\":\"https:\/\/carpathiacenter.ro\/wp-content\/uploads\/2025\/08\/sorin-grindeanu.jpg\",\"articleSection\":[\"Uncategorized\"],\"inLanguage\":\"en-GB\",\"potentialAction\":[{\"@type\":\"CommentAction\",\"name\":\"Comment\",\"target\":[\"https:\/\/carpathiacenter.ro\/grindeanu-psd-propune-reducerea-cu-25-a-posturilor-ocupate-din-administratia-locala-etapizat-reforma-nu-concedieri\/#respond\"]}]},{\"@type\":\"WebPage\",\"@id\":\"https:\/\/carpathiacenter.ro\/grindeanu-psd-propune-reducerea-cu-25-a-posturilor-ocupate-din-administratia-locala-etapizat-reforma-nu-concedieri\/\",\"url\":\"https:\/\/carpathiacenter.ro\/grindeanu-psd-propune-reducerea-cu-25-a-posturilor-ocupate-din-administratia-locala-etapizat-reforma-nu-concedieri\/\",\"name\":\"Grindeanu: PSD propune reducerea cu 25% a posturilor ocupate din administra\u021bia local\u0103, etapizat; reform\u0103, nu concedieri - Carpathia Center Romania\",\"isPartOf\":{\"@id\":\"https:\/\/carpathiacenter.ro\/#website\"},\"primaryImageOfPage\":{\"@id\":\"https:\/\/carpathiacenter.ro\/grindeanu-psd-propune-reducerea-cu-25-a-posturilor-ocupate-din-administratia-locala-etapizat-reforma-nu-concedieri\/#primaryimage\"},\"image\":{\"@id\":\"https:\/\/carpathiacenter.ro\/grindeanu-psd-propune-reducerea-cu-25-a-posturilor-ocupate-din-administratia-locala-etapizat-reforma-nu-concedieri\/#primaryimage\"},\"thumbnailUrl\":\"https:\/\/carpathiacenter.ro\/wp-content\/uploads\/2025\/08\/sorin-grindeanu.jpg\",\"datePublished\":\"2025-09-03T09:05:35+00:00\",\"breadcrumb\":{\"@id\":\"https:\/\/carpathiacenter.ro\/grindeanu-psd-propune-reducerea-cu-25-a-posturilor-ocupate-din-administratia-locala-etapizat-reforma-nu-concedieri\/#breadcrumb\"},\"inLanguage\":\"en-GB\",\"potentialAction\":[{\"@type\":\"ReadAction\",\"target\":[\"https:\/\/carpathiacenter.ro\/grindeanu-psd-propune-reducerea-cu-25-a-posturilor-ocupate-din-administratia-locala-etapizat-reforma-nu-concedieri\/\"]}]},{\"@type\":\"ImageObject\",\"inLanguage\":\"en-GB\",\"@id\":\"https:\/\/carpathiacenter.ro\/grindeanu-psd-propune-reducerea-cu-25-a-posturilor-ocupate-din-administratia-locala-etapizat-reforma-nu-concedieri\/#primaryimage\",\"url\":\"https:\/\/carpathiacenter.ro\/wp-content\/uploads\/2025\/08\/sorin-grindeanu.jpg\",\"contentUrl\":\"https:\/\/carpathiacenter.ro\/wp-content\/uploads\/2025\/08\/sorin-grindeanu.jpg\",\"width\":830,\"height\":475},{\"@type\":\"BreadcrumbList\",\"@id\":\"https:\/\/carpathiacenter.ro\/grindeanu-psd-propune-reducerea-cu-25-a-posturilor-ocupate-din-administratia-locala-etapizat-reforma-nu-concedieri\/#breadcrumb\",\"itemListElement\":[{\"@type\":\"ListItem\",\"position\":1,\"name\":\"Prima pagin\u0103\",\"item\":\"https:\/\/carpathiacenter.ro\/\"},{\"@type\":\"ListItem\",\"position\":2,\"name\":\"Grindeanu: PSD propune reducerea cu 25% a posturilor ocupate din administra\u021bia local\u0103, etapizat; reform\u0103, nu concedieri\"}]},{\"@type\":\"WebSite\",\"@id\":\"https:\/\/carpathiacenter.ro\/#website\",\"url\":\"https:\/\/carpathiacenter.ro\/\",\"name\":\"Carpathia Center Romania\",\"description\":\"Impossible made possible!\",\"publisher\":{\"@id\":\"https:\/\/carpathiacenter.ro\/#organization\"},\"potentialAction\":[{\"@type\":\"SearchAction\",\"target\":{\"@type\":\"EntryPoint\",\"urlTemplate\":\"https:\/\/carpathiacenter.ro\/?s={search_term_string}\"},\"query-input\":{\"@type\":\"PropertyValueSpecification\",\"valueRequired\":true,\"valueName\":\"search_term_string\"}}],\"inLanguage\":\"en-GB\"},{\"@type\":\"Organization\",\"@id\":\"https:\/\/carpathiacenter.ro\/#organization\",\"name\":\"Carpathia Center Romania\",\"url\":\"https:\/\/carpathiacenter.ro\/\",\"logo\":{\"@type\":\"ImageObject\",\"inLanguage\":\"en-GB\",\"@id\":\"https:\/\/carpathiacenter.ro\/#\/schema\/logo\/image\/\",\"url\":\"https:\/\/carpathiacenter.ro\/wp-content\/uploads\/2024\/07\/logo-carpathia_bg_white-1024x941.png\",\"contentUrl\":\"https:\/\/carpathiacenter.ro\/wp-content\/uploads\/2024\/07\/logo-carpathia_bg_white-1024x941.png\",\"width\":1024,\"height\":941,\"caption\":\"Carpathia Center Romania\"},\"image\":{\"@id\":\"https:\/\/carpathiacenter.ro\/#\/schema\/logo\/image\/\"},\"sameAs\":[\"https:\/\/www.facebook.com\/fdpscarpathia\/\"]},{\"@type\":\"Person\",\"@id\":\"https:\/\/carpathiacenter.ro\/#\/schema\/person\/03d9f58202fee8379268f34afa195006\",\"name\":\"creativebitsolutions\",\"image\":{\"@type\":\"ImageObject\",\"inLanguage\":\"en-GB\",\"@id\":\"https:\/\/carpathiacenter.ro\/#\/schema\/person\/image\/\",\"url\":\"https:\/\/secure.gravatar.com\/avatar\/1b1a13e37f847c635dab78348f1dff2f07651ee2a3d77a5c355a4b8c75f9165a?s=96&d=mm&r=g\",\"contentUrl\":\"https:\/\/secure.gravatar.com\/avatar\/1b1a13e37f847c635dab78348f1dff2f07651ee2a3d77a5c355a4b8c75f9165a?s=96&d=mm&r=g\",\"caption\":\"creativebitsolutions\"},\"url\":\"https:\/\/carpathiacenter.ro\/en\/author\/creativebitsolutions\/\"}]}<\/script>\n<!-- \/ Yoast SEO plugin. -->","yoast_head_json":{"title":"Grindeanu: PSD propune reducerea cu 25% a posturilor ocupate din administra\u021bia local\u0103, etapizat; reform\u0103, nu concedieri - Carpathia Center Romania","robots":{"index":"index","follow":"follow","max-snippet":"max-snippet:-1","max-image-preview":"max-image-preview:large","max-video-preview":"max-video-preview:-1"},"canonical":"https:\/\/carpathiacenter.ro\/en\/grindeanu-psd-propune-reducerea-cu-25-a-posturilor-ocupate-din-administratia-locala-etapizat-reforma-nu-concedieri\/","og_locale":"en_GB","og_type":"article","og_title":"Grindeanu: PSD propune reducerea cu 25% a posturilor ocupate din administra\u021bia local\u0103, etapizat; reform\u0103, nu concedieri - Carpathia Center Romania","og_description":"Pre\u0219edintele PSD, Sorin Grindeanu, a declarat, mar\u021bi, c\u0103 social-democra\u021bii sunt pentru o reform\u0103 &#8216;real\u0103&#8217; \u00een administra\u021bia public\u0103 local\u0103, nu concedieri, punct\u00e2nd c\u0103 propunerea partidului pe care \u00eel conduce este o reducere a posturilor ocupate cu 25%, dar etapizat, cu evalu\u0103ri din \u0219ase \u00een \u0219ase luni. &#8216;Noi credem (&#8230;) c\u0103 reforma administra\u021biei locale trebuie f\u0103cut\u0103 cu...","og_url":"https:\/\/carpathiacenter.ro\/en\/grindeanu-psd-propune-reducerea-cu-25-a-posturilor-ocupate-din-administratia-locala-etapizat-reforma-nu-concedieri\/","og_site_name":"Carpathia Center Romania","article_publisher":"https:\/\/www.facebook.com\/fdpscarpathia\/","article_published_time":"2025-09-03T09:05:35+00:00","og_image":[{"width":830,"height":475,"url":"https:\/\/carpathiacenter.ro\/wp-content\/uploads\/2025\/08\/sorin-grindeanu.jpg","type":"image\/jpeg"}],"author":"creativebitsolutions","twitter_card":"summary_large_image","twitter_misc":{"Written by":"creativebitsolutions","Estimated reading time":"3 minutes"},"schema":{"@context":"https:\/\/schema.org","@graph":[{"@type":"Article","@id":"https:\/\/carpathiacenter.ro\/grindeanu-psd-propune-reducerea-cu-25-a-posturilor-ocupate-din-administratia-locala-etapizat-reforma-nu-concedieri\/#article","isPartOf":{"@id":"https:\/\/carpathiacenter.ro\/grindeanu-psd-propune-reducerea-cu-25-a-posturilor-ocupate-din-administratia-locala-etapizat-reforma-nu-concedieri\/"},"author":{"name":"creativebitsolutions","@id":"https:\/\/carpathiacenter.ro\/#\/schema\/person\/03d9f58202fee8379268f34afa195006"},"headline":"Grindeanu: PSD propune reducerea cu 25% a posturilor ocupate din administra\u021bia local\u0103, etapizat; reform\u0103, nu concedieri","datePublished":"2025-09-03T09:05:35+00:00","mainEntityOfPage":{"@id":"https:\/\/carpathiacenter.ro\/grindeanu-psd-propune-reducerea-cu-25-a-posturilor-ocupate-din-administratia-locala-etapizat-reforma-nu-concedieri\/"},"wordCount":515,"commentCount":0,"publisher":{"@id":"https:\/\/carpathiacenter.ro\/#organization"},"image":{"@id":"https:\/\/carpathiacenter.ro\/grindeanu-psd-propune-reducerea-cu-25-a-posturilor-ocupate-din-administratia-locala-etapizat-reforma-nu-concedieri\/#primaryimage"},"thumbnailUrl":"https:\/\/carpathiacenter.ro\/wp-content\/uploads\/2025\/08\/sorin-grindeanu.jpg","articleSection":["Uncategorized"],"inLanguage":"en-GB","potentialAction":[{"@type":"CommentAction","name":"Comment","target":["https:\/\/carpathiacenter.ro\/grindeanu-psd-propune-reducerea-cu-25-a-posturilor-ocupate-din-administratia-locala-etapizat-reforma-nu-concedieri\/#respond"]}]},{"@type":"WebPage","@id":"https:\/\/carpathiacenter.ro\/grindeanu-psd-propune-reducerea-cu-25-a-posturilor-ocupate-din-administratia-locala-etapizat-reforma-nu-concedieri\/","url":"https:\/\/carpathiacenter.ro\/grindeanu-psd-propune-reducerea-cu-25-a-posturilor-ocupate-din-administratia-locala-etapizat-reforma-nu-concedieri\/","name":"Grindeanu: PSD propune reducerea cu 25% a posturilor ocupate din administra\u021bia local\u0103, etapizat; reform\u0103, nu concedieri - Carpathia Center Romania","isPartOf":{"@id":"https:\/\/carpathiacenter.ro\/#website"},"primaryImageOfPage":{"@id":"https:\/\/carpathiacenter.ro\/grindeanu-psd-propune-reducerea-cu-25-a-posturilor-ocupate-din-administratia-locala-etapizat-reforma-nu-concedieri\/#primaryimage"},"image":{"@id":"https:\/\/carpathiacenter.ro\/grindeanu-psd-propune-reducerea-cu-25-a-posturilor-ocupate-din-administratia-locala-etapizat-reforma-nu-concedieri\/#primaryimage"},"thumbnailUrl":"https:\/\/carpathiacenter.ro\/wp-content\/uploads\/2025\/08\/sorin-grindeanu.jpg","datePublished":"2025-09-03T09:05:35+00:00","breadcrumb":{"@id":"https:\/\/carpathiacenter.ro\/grindeanu-psd-propune-reducerea-cu-25-a-posturilor-ocupate-din-administratia-locala-etapizat-reforma-nu-concedieri\/#breadcrumb"},"inLanguage":"en-GB","potentialAction":[{"@type":"ReadAction","target":["https:\/\/carpathiacenter.ro\/grindeanu-psd-propune-reducerea-cu-25-a-posturilor-ocupate-din-administratia-locala-etapizat-reforma-nu-concedieri\/"]}]},{"@type":"ImageObject","inLanguage":"en-GB","@id":"https:\/\/carpathiacenter.ro\/grindeanu-psd-propune-reducerea-cu-25-a-posturilor-ocupate-din-administratia-locala-etapizat-reforma-nu-concedieri\/#primaryimage","url":"https:\/\/carpathiacenter.ro\/wp-content\/uploads\/2025\/08\/sorin-grindeanu.jpg","contentUrl":"https:\/\/carpathiacenter.ro\/wp-content\/uploads\/2025\/08\/sorin-grindeanu.jpg","width":830,"height":475},{"@type":"BreadcrumbList","@id":"https:\/\/carpathiacenter.ro\/grindeanu-psd-propune-reducerea-cu-25-a-posturilor-ocupate-din-administratia-locala-etapizat-reforma-nu-concedieri\/#breadcrumb","itemListElement":[{"@type":"ListItem","position":1,"name":"Prima pagin\u0103","item":"https:\/\/carpathiacenter.ro\/"},{"@type":"ListItem","position":2,"name":"Grindeanu: PSD propune reducerea cu 25% a posturilor ocupate din administra\u021bia local\u0103, etapizat; reform\u0103, nu concedieri"}]},{"@type":"WebSite","@id":"https:\/\/carpathiacenter.ro\/#website","url":"https:\/\/carpathiacenter.ro\/","name":"Carpathia Center Romania","description":"Impossible made possible!","publisher":{"@id":"https:\/\/carpathiacenter.ro\/#organization"},"potentialAction":[{"@type":"SearchAction","target":{"@type":"EntryPoint","urlTemplate":"https:\/\/carpathiacenter.ro\/?s={search_term_string}"},"query-input":{"@type":"PropertyValueSpecification","valueRequired":true,"valueName":"search_term_string"}}],"inLanguage":"en-GB"},{"@type":"Organization","@id":"https:\/\/carpathiacenter.ro\/#organization","name":"Carpathia Center Romania","url":"https:\/\/carpathiacenter.ro\/","logo":{"@type":"ImageObject","inLanguage":"en-GB","@id":"https:\/\/carpathiacenter.ro\/#\/schema\/logo\/image\/","url":"https:\/\/carpathiacenter.ro\/wp-content\/uploads\/2024\/07\/logo-carpathia_bg_white-1024x941.png","contentUrl":"https:\/\/carpathiacenter.ro\/wp-content\/uploads\/2024\/07\/logo-carpathia_bg_white-1024x941.png","width":1024,"height":941,"caption":"Carpathia Center Romania"},"image":{"@id":"https:\/\/carpathiacenter.ro\/#\/schema\/logo\/image\/"},"sameAs":["https:\/\/www.facebook.com\/fdpscarpathia\/"]},{"@type":"Person","@id":"https:\/\/carpathiacenter.ro\/#\/schema\/person\/03d9f58202fee8379268f34afa195006","name":"creativebitsolutions","image":{"@type":"ImageObject","inLanguage":"en-GB","@id":"https:\/\/carpathiacenter.ro\/#\/schema\/person\/image\/","url":"https:\/\/secure.gravatar.com\/avatar\/1b1a13e37f847c635dab78348f1dff2f07651ee2a3d77a5c355a4b8c75f9165a?s=96&d=mm&r=g","contentUrl":"https:\/\/secure.gravatar.com\/avatar\/1b1a13e37f847c635dab78348f1dff2f07651ee2a3d77a5c355a4b8c75f9165a?s=96&d=mm&r=g","caption":"creativebitsolutions"},"url":"https:\/\/carpathiacenter.ro\/en\/author\/creativebitsolutions\/"}]}},"_links":{"self":[{"href":"https:\/\/carpathiacenter.ro\/en\/wp-json\/wp\/v2\/posts\/2967","targetHints":{"allow":["GET"]}}],"collection":[{"href":"https:\/\/carpathiacenter.ro\/en\/wp-json\/wp\/v2\/posts"}],"about":[{"href":"https:\/\/carpathiacenter.ro\/en\/wp-json\/wp\/v2\/types\/post"}],"author":[{"embeddable":true,"href":"https:\/\/carpathiacenter.ro\/en\/wp-json\/wp\/v2\/users\/4"}],"replies":[{"embeddable":true,"href":"https:\/\/carpathiacenter.ro\/en\/wp-json\/wp\/v2\/comments?post=2967"}],"version-history":[{"count":1,"href":"https:\/\/carpathiacenter.ro\/en\/wp-json\/wp\/v2\/posts\/2967\/revisions"}],"predecessor-version":[{"id":2969,"href":"https:\/\/carpathiacenter.ro\/en\/wp-json\/wp\/v2\/posts\/2967\/revisions\/2969"}],"wp:featuredmedia":[{"embeddable":true,"href":"https:\/\/carpathiacenter.ro\/en\/wp-json\/wp\/v2\/media\/2935"}],"wp:attachment":[{"href":"https:\/\/carpathiacenter.ro\/en\/wp-json\/wp\/v2\/media?parent=2967"}],"wp:term":[{"taxonomy":"category","embeddable":true,"href":"https:\/\/carpathiacenter.ro\/en\/wp-json\/wp\/v2\/categories?post=2967"},{"taxonomy":"post_tag","embeddable":true,"href":"https:\/\/carpathiacenter.ro\/en\/wp-json\/wp\/v2\/tags?post=2967"}],"curies":[{"name":"wp","href":"https:\/\/api.w.org\/{rel}","templated":true}]}}