{"id":2964,"date":"2025-09-02T10:16:53","date_gmt":"2025-09-02T10:16:53","guid":{"rendered":"https:\/\/carpathiacenter.ro\/?p=2964"},"modified":"2025-09-02T10:16:53","modified_gmt":"2025-09-02T10:16:53","slug":"presedinta-ce-vizita-in-romania-a-fost-reafirmat-rolul-strategic-al-tarii-noastre-pe-flancul-estic-al-nato-si-ue-sinteza","status":"publish","type":"post","link":"https:\/\/carpathiacenter.ro\/en\/presedinta-ce-vizita-in-romania-a-fost-reafirmat-rolul-strategic-al-tarii-noastre-pe-flancul-estic-al-nato-si-ue-sinteza\/","title":{"rendered":"Pre\u0219edinta CE \u2013 vizit\u0103 \u00een Rom\u00e2nia; a fost reafirmat rolul strategic al \u021b\u0103rii noastre pe flancul estic al NATO \u0219i UE (sintez\u0103)"},"content":{"rendered":"<div class=\"tdb-block-inner td-fix-index\">\n<p><strong>Pre\u0219edinta Comisiei Europene, Ursula von der Leyen, s-a aflat luni dup\u0103-amiaza pentru c\u00e2teva ore \u00een Rom\u00e2nia, \u00een cadrul unui turneu care \u0219i-a propus s\u0103 eviden\u021bieze sprijinul UE pentru statele membre care se confrunt\u0103 cu provoc\u0103ri din cauza faptului c\u0103 au frontiere comune cu Rusia sau cu Belarus.<\/strong><\/p>\n<p>\u00cencep\u00e2nd de vineri, \u0219efa Executivului comunitar a vizitat Letonia, Finlanda, Estonia, Polonia, Lituania \u0219i Bulgaria.<\/p>\n<p>\u00cen Rom\u00e2nia, Ursula von der Leyen a fost \u00eent\u00e2mpinat\u0103, luni, de pre\u0219edintele Nicu\u0219or Dan, la Baza militar\u0103 de la Mihail Kog\u0103lniceanu. Cei doi oficiali au vizitat Fregata \u2018Regele Ferdinand\u2019, Baza 57 Aerian\u0103 Mihail Kog\u0103lniceanu \u0219i Portul Militar Constan\u021ba, obiective strategice pentru securitatea regional\u0103.<\/p>\n<p>Potrivit unui comunicat al Ministerului Ap\u0103r\u0103rii, transmis AGERPRES, discu\u021biile s-au axat pe dimensiunea militar\u0103 a politicii UE, dezvoltarea industriei europene de armament \u0219i \u00eent\u0103rirea posturii de ap\u0103rare \u0219i descurajare.<\/p>\n<p>A fost reafirmat\u0103 importan\u021ba rolului strategic al Rom\u00e2niei ca principal hub logistic pentru sus\u021binerea eforturilor de reconstruc\u021bie a Ucrainei.<\/p>\n<p>Un punct central al discu\u021biilor l-a reprezentat instrumentul financiar european SAFE (Security Action for Europe), care ofer\u0103 Rom\u00e2niei oportunit\u0103\u021bi strategice majore.<\/p>\n<p>\u0218eful statului a subliniat c\u0103 Rom\u00e2nia poate contribui, prin pozi\u021bia sa geografic\u0103, la reconstruc\u021bia Ucrainei.<\/p>\n<p>\u2018Am vorbit pu\u021bin \u0219i de reconstruc\u021bia Ucrainei. Rom\u00e2nia poate, prin pozi\u021bia sa geografic\u0103, s\u0103 contribuie la acest proces. Portul Constan\u021ba \u2013 care este cel mai mare port la Marea Neagr\u0103 \u0219i Dun\u0103rea \u2013 care conecteaz\u0103 cu vestul Europei \u0219i ofer\u0103 o modalitate ieftin\u0103 de transport, care va fi util\u0103 \u00een momentul reconstruc\u021biei Ucrainei\u2019, a afirmat Nicu\u0219or Dan.<\/p>\n<p>El a precizat c\u0103 Rom\u00e2nia va \u00eencepe din anul 2027 extragerea de gaze din Marea Neagr\u0103, ceea ce va conduce la securitatea energetic\u0103 a \u021b\u0103rii, dar \u0219i a Europei.<\/p>\n<p>\u2018Suntem la Marea Neagr\u0103, care este extrem de important\u0103 pentru Rom\u00e2nia \u0219i pentru Europa, important\u0103 pentru c\u0103, \u00eencep\u00e2nd cu 2027, Rom\u00e2nia o s\u0103 \u00eenceap\u0103 s\u0103 extrag\u0103 gaz \u0219i asta va contribui la securitatea energetic\u0103 a Rom\u00e2niei \u0219i a Europei. Este important\u0103 pentru c\u0103 este comunicarea cea mai simpl\u0103, cea mai direct\u0103, \u00een momentul \u00een care va fi sigur\u0103, \u00eentre Europa \u0219i Asia Central\u0103\u2019, a mai spus pre\u0219edintele Nicu\u0219or Dan.<\/p>\n<p>\u00cen contextul vizitei \u00een Rom\u00e2nia, pre\u0219edinta Comisiei Europene, Ursula von der Leyen, a salutat, luni, \u0219i eforturile \u021b\u0103rii noastre de a reduce deficitul bugetar.<\/p>\n<p>\u2018A\u021bi muncit din greu pentru a men\u021bine sub control deficitul. A\u021bi promovat reforme \u0219i v\u0103 moderniza\u021bi economia. Salut\u0103m aceste eforturi. Rom\u00e2nia are cele necesare pentru a-\u0219i pune economia pe traiectoria corect\u0103 \u0219i, mai mult dec\u00e2t at\u00e2t, ave\u021bi dorin\u021ba politic\u0103, ingredientul cel mai important. \u00cempreun\u0103 lucr\u0103m pentru a ne folosi c\u00e2t mai bine de fondurile europene de nou\u0103 genera\u021bie \u0219i vom continua s\u0103 lucr\u0103m \u00eendeaproape pentru a asigura un viitor prosper pentru poporul rom\u00e2n\u2019, a declarat Ursula von der Leyen.<\/p>\n<p>Sursa articolului: <a href=\"https:\/\/agerpres.ro\/politic\/2025\/09\/01\/presedinta-ce---vizita-in-romania-a-fost-reafirmat-rolul-strategic-al-tarii-noastre-pe-flancul-estic--1480483\" target=\"_blank\" rel=\"noopener\" title=\"\">https:\/\/agerpres.ro\/politic\/2025\/09\/01\/presedinta-ce\u2014vizita-in-romania-a-fost-reafirmat-rolul-strategic-al-tarii-noastre-pe-flancul-estic\u20131480483<\/a><\/p>\n<\/div>","protected":false},"excerpt":{"rendered":"<p>Pre\u0219edinta Comisiei Europene, Ursula von der Leyen, s-a aflat luni dup\u0103-amiaza pentru c\u00e2teva ore \u00een Rom\u00e2nia, \u00een cadrul unui turneu care \u0219i-a propus s\u0103 eviden\u021bieze sprijinul UE pentru statele membre care se confrunt\u0103 cu provoc\u0103ri din cauza faptului c\u0103 au frontiere comune cu Rusia sau cu Belarus. \u00cencep\u00e2nd de vineri, \u0219efa Executivului comunitar a vizitat&#8230;<\/p>","protected":false},"author":4,"featured_media":2965,"comment_status":"open","ping_status":"open","sticky":false,"template":"","format":"standard","meta":{"footnotes":""},"categories":[1],"tags":[],"class_list":["post-2964","post","type-post","status-publish","format-standard","has-post-thumbnail","hentry","category-uncategorized"],"yoast_head":"<!-- This site is optimized with the Yoast SEO plugin v26.1.1 - https:\/\/yoast.com\/wordpress\/plugins\/seo\/ -->\n<title>Pre\u0219edinta CE \u2013 vizit\u0103 \u00een Rom\u00e2nia; a fost reafirmat rolul strategic al \u021b\u0103rii noastre pe flancul estic al NATO \u0219i UE (sintez\u0103) - Carpathia Center Romania<\/title>\n<meta name=\"robots\" content=\"index, follow, max-snippet:-1, max-image-preview:large, max-video-preview:-1\" \/>\n<link rel=\"canonical\" href=\"https:\/\/carpathiacenter.ro\/en\/presedinta-ce-vizita-in-romania-a-fost-reafirmat-rolul-strategic-al-tarii-noastre-pe-flancul-estic-al-nato-si-ue-sinteza\/\" \/>\n<meta property=\"og:locale\" content=\"en_GB\" \/>\n<meta property=\"og:type\" content=\"article\" \/>\n<meta property=\"og:title\" content=\"Pre\u0219edinta CE \u2013 vizit\u0103 \u00een Rom\u00e2nia; a fost reafirmat rolul strategic al \u021b\u0103rii noastre pe flancul estic al NATO \u0219i UE (sintez\u0103) - Carpathia Center Romania\" \/>\n<meta property=\"og:description\" content=\"Pre\u0219edinta Comisiei Europene, Ursula von der Leyen, s-a aflat luni dup\u0103-amiaza pentru c\u00e2teva ore \u00een Rom\u00e2nia, \u00een cadrul unui turneu care \u0219i-a propus s\u0103 eviden\u021bieze sprijinul UE pentru statele membre care se confrunt\u0103 cu provoc\u0103ri din cauza faptului c\u0103 au frontiere comune cu Rusia sau cu Belarus. \u00cencep\u00e2nd de vineri, \u0219efa Executivului comunitar a vizitat...\" \/>\n<meta property=\"og:url\" content=\"https:\/\/carpathiacenter.ro\/en\/presedinta-ce-vizita-in-romania-a-fost-reafirmat-rolul-strategic-al-tarii-noastre-pe-flancul-estic-al-nato-si-ue-sinteza\/\" \/>\n<meta property=\"og:site_name\" content=\"Carpathia Center Romania\" \/>\n<meta property=\"article:publisher\" content=\"https:\/\/www.facebook.com\/fdpscarpathia\/\" \/>\n<meta property=\"article:published_time\" content=\"2025-09-02T10:16:53+00:00\" \/>\n<meta property=\"og:image\" content=\"https:\/\/carpathiacenter.ro\/wp-content\/uploads\/2025\/09\/Ursula_Nicusor.jpg\" \/>\n\t<meta property=\"og:image:width\" content=\"960\" \/>\n\t<meta property=\"og:image:height\" content=\"540\" \/>\n\t<meta property=\"og:image:type\" content=\"image\/jpeg\" \/>\n<meta name=\"author\" content=\"creativebitsolutions\" \/>\n<meta name=\"twitter:card\" content=\"summary_large_image\" \/>\n<meta name=\"twitter:label1\" content=\"Written by\" \/>\n\t<meta name=\"twitter:data1\" content=\"creativebitsolutions\" \/>\n\t<meta name=\"twitter:label2\" content=\"Estimated reading time\" \/>\n\t<meta name=\"twitter:data2\" content=\"3 minutes\" \/>\n<script type=\"application\/ld+json\" class=\"yoast-schema-graph\">{\"@context\":\"https:\/\/schema.org\",\"@graph\":[{\"@type\":\"Article\",\"@id\":\"https:\/\/carpathiacenter.ro\/presedinta-ce-vizita-in-romania-a-fost-reafirmat-rolul-strategic-al-tarii-noastre-pe-flancul-estic-al-nato-si-ue-sinteza\/#article\",\"isPartOf\":{\"@id\":\"https:\/\/carpathiacenter.ro\/presedinta-ce-vizita-in-romania-a-fost-reafirmat-rolul-strategic-al-tarii-noastre-pe-flancul-estic-al-nato-si-ue-sinteza\/\"},\"author\":{\"name\":\"creativebitsolutions\",\"@id\":\"https:\/\/carpathiacenter.ro\/#\/schema\/person\/03d9f58202fee8379268f34afa195006\"},\"headline\":\"Pre\u0219edinta CE \u2013 vizit\u0103 \u00een Rom\u00e2nia; a fost reafirmat rolul strategic al \u021b\u0103rii noastre pe flancul estic al NATO \u0219i UE (sintez\u0103)\",\"datePublished\":\"2025-09-02T10:16:53+00:00\",\"mainEntityOfPage\":{\"@id\":\"https:\/\/carpathiacenter.ro\/presedinta-ce-vizita-in-romania-a-fost-reafirmat-rolul-strategic-al-tarii-noastre-pe-flancul-estic-al-nato-si-ue-sinteza\/\"},\"wordCount\":535,\"commentCount\":0,\"publisher\":{\"@id\":\"https:\/\/carpathiacenter.ro\/#organization\"},\"image\":{\"@id\":\"https:\/\/carpathiacenter.ro\/presedinta-ce-vizita-in-romania-a-fost-reafirmat-rolul-strategic-al-tarii-noastre-pe-flancul-estic-al-nato-si-ue-sinteza\/#primaryimage\"},\"thumbnailUrl\":\"https:\/\/carpathiacenter.ro\/wp-content\/uploads\/2025\/09\/Ursula_Nicusor.jpg\",\"articleSection\":[\"Uncategorized\"],\"inLanguage\":\"en-GB\",\"potentialAction\":[{\"@type\":\"CommentAction\",\"name\":\"Comment\",\"target\":[\"https:\/\/carpathiacenter.ro\/presedinta-ce-vizita-in-romania-a-fost-reafirmat-rolul-strategic-al-tarii-noastre-pe-flancul-estic-al-nato-si-ue-sinteza\/#respond\"]}]},{\"@type\":\"WebPage\",\"@id\":\"https:\/\/carpathiacenter.ro\/presedinta-ce-vizita-in-romania-a-fost-reafirmat-rolul-strategic-al-tarii-noastre-pe-flancul-estic-al-nato-si-ue-sinteza\/\",\"url\":\"https:\/\/carpathiacenter.ro\/presedinta-ce-vizita-in-romania-a-fost-reafirmat-rolul-strategic-al-tarii-noastre-pe-flancul-estic-al-nato-si-ue-sinteza\/\",\"name\":\"Pre\u0219edinta CE \u2013 vizit\u0103 \u00een Rom\u00e2nia; a fost reafirmat rolul strategic al \u021b\u0103rii noastre pe flancul estic al NATO \u0219i UE (sintez\u0103) - Carpathia Center Romania\",\"isPartOf\":{\"@id\":\"https:\/\/carpathiacenter.ro\/#website\"},\"primaryImageOfPage\":{\"@id\":\"https:\/\/carpathiacenter.ro\/presedinta-ce-vizita-in-romania-a-fost-reafirmat-rolul-strategic-al-tarii-noastre-pe-flancul-estic-al-nato-si-ue-sinteza\/#primaryimage\"},\"image\":{\"@id\":\"https:\/\/carpathiacenter.ro\/presedinta-ce-vizita-in-romania-a-fost-reafirmat-rolul-strategic-al-tarii-noastre-pe-flancul-estic-al-nato-si-ue-sinteza\/#primaryimage\"},\"thumbnailUrl\":\"https:\/\/carpathiacenter.ro\/wp-content\/uploads\/2025\/09\/Ursula_Nicusor.jpg\",\"datePublished\":\"2025-09-02T10:16:53+00:00\",\"breadcrumb\":{\"@id\":\"https:\/\/carpathiacenter.ro\/presedinta-ce-vizita-in-romania-a-fost-reafirmat-rolul-strategic-al-tarii-noastre-pe-flancul-estic-al-nato-si-ue-sinteza\/#breadcrumb\"},\"inLanguage\":\"en-GB\",\"potentialAction\":[{\"@type\":\"ReadAction\",\"target\":[\"https:\/\/carpathiacenter.ro\/presedinta-ce-vizita-in-romania-a-fost-reafirmat-rolul-strategic-al-tarii-noastre-pe-flancul-estic-al-nato-si-ue-sinteza\/\"]}]},{\"@type\":\"ImageObject\",\"inLanguage\":\"en-GB\",\"@id\":\"https:\/\/carpathiacenter.ro\/presedinta-ce-vizita-in-romania-a-fost-reafirmat-rolul-strategic-al-tarii-noastre-pe-flancul-estic-al-nato-si-ue-sinteza\/#primaryimage\",\"url\":\"https:\/\/carpathiacenter.ro\/wp-content\/uploads\/2025\/09\/Ursula_Nicusor.jpg\",\"contentUrl\":\"https:\/\/carpathiacenter.ro\/wp-content\/uploads\/2025\/09\/Ursula_Nicusor.jpg\",\"width\":960,\"height\":540},{\"@type\":\"BreadcrumbList\",\"@id\":\"https:\/\/carpathiacenter.ro\/presedinta-ce-vizita-in-romania-a-fost-reafirmat-rolul-strategic-al-tarii-noastre-pe-flancul-estic-al-nato-si-ue-sinteza\/#breadcrumb\",\"itemListElement\":[{\"@type\":\"ListItem\",\"position\":1,\"name\":\"Prima pagin\u0103\",\"item\":\"https:\/\/carpathiacenter.ro\/\"},{\"@type\":\"ListItem\",\"position\":2,\"name\":\"Pre\u0219edinta CE \u2013 vizit\u0103 \u00een Rom\u00e2nia; a fost reafirmat rolul strategic al \u021b\u0103rii noastre pe flancul estic al NATO \u0219i UE (sintez\u0103)\"}]},{\"@type\":\"WebSite\",\"@id\":\"https:\/\/carpathiacenter.ro\/#website\",\"url\":\"https:\/\/carpathiacenter.ro\/\",\"name\":\"Carpathia Center Romania\",\"description\":\"Impossible made possible!\",\"publisher\":{\"@id\":\"https:\/\/carpathiacenter.ro\/#organization\"},\"potentialAction\":[{\"@type\":\"SearchAction\",\"target\":{\"@type\":\"EntryPoint\",\"urlTemplate\":\"https:\/\/carpathiacenter.ro\/?s={search_term_string}\"},\"query-input\":{\"@type\":\"PropertyValueSpecification\",\"valueRequired\":true,\"valueName\":\"search_term_string\"}}],\"inLanguage\":\"en-GB\"},{\"@type\":\"Organization\",\"@id\":\"https:\/\/carpathiacenter.ro\/#organization\",\"name\":\"Carpathia Center Romania\",\"url\":\"https:\/\/carpathiacenter.ro\/\",\"logo\":{\"@type\":\"ImageObject\",\"inLanguage\":\"en-GB\",\"@id\":\"https:\/\/carpathiacenter.ro\/#\/schema\/logo\/image\/\",\"url\":\"https:\/\/carpathiacenter.ro\/wp-content\/uploads\/2024\/07\/logo-carpathia_bg_white-1024x941.png\",\"contentUrl\":\"https:\/\/carpathiacenter.ro\/wp-content\/uploads\/2024\/07\/logo-carpathia_bg_white-1024x941.png\",\"width\":1024,\"height\":941,\"caption\":\"Carpathia Center Romania\"},\"image\":{\"@id\":\"https:\/\/carpathiacenter.ro\/#\/schema\/logo\/image\/\"},\"sameAs\":[\"https:\/\/www.facebook.com\/fdpscarpathia\/\"]},{\"@type\":\"Person\",\"@id\":\"https:\/\/carpathiacenter.ro\/#\/schema\/person\/03d9f58202fee8379268f34afa195006\",\"name\":\"creativebitsolutions\",\"image\":{\"@type\":\"ImageObject\",\"inLanguage\":\"en-GB\",\"@id\":\"https:\/\/carpathiacenter.ro\/#\/schema\/person\/image\/\",\"url\":\"https:\/\/secure.gravatar.com\/avatar\/1b1a13e37f847c635dab78348f1dff2f07651ee2a3d77a5c355a4b8c75f9165a?s=96&d=mm&r=g\",\"contentUrl\":\"https:\/\/secure.gravatar.com\/avatar\/1b1a13e37f847c635dab78348f1dff2f07651ee2a3d77a5c355a4b8c75f9165a?s=96&d=mm&r=g\",\"caption\":\"creativebitsolutions\"},\"url\":\"https:\/\/carpathiacenter.ro\/en\/author\/creativebitsolutions\/\"}]}<\/script>\n<!-- \/ Yoast SEO plugin. -->","yoast_head_json":{"title":"Pre\u0219edinta CE \u2013 vizit\u0103 \u00een Rom\u00e2nia; a fost reafirmat rolul strategic al \u021b\u0103rii noastre pe flancul estic al NATO \u0219i UE (sintez\u0103) - Carpathia Center Romania","robots":{"index":"index","follow":"follow","max-snippet":"max-snippet:-1","max-image-preview":"max-image-preview:large","max-video-preview":"max-video-preview:-1"},"canonical":"https:\/\/carpathiacenter.ro\/en\/presedinta-ce-vizita-in-romania-a-fost-reafirmat-rolul-strategic-al-tarii-noastre-pe-flancul-estic-al-nato-si-ue-sinteza\/","og_locale":"en_GB","og_type":"article","og_title":"Pre\u0219edinta CE \u2013 vizit\u0103 \u00een Rom\u00e2nia; a fost reafirmat rolul strategic al \u021b\u0103rii noastre pe flancul estic al NATO \u0219i UE (sintez\u0103) - Carpathia Center Romania","og_description":"Pre\u0219edinta Comisiei Europene, Ursula von der Leyen, s-a aflat luni dup\u0103-amiaza pentru c\u00e2teva ore \u00een Rom\u00e2nia, \u00een cadrul unui turneu care \u0219i-a propus s\u0103 eviden\u021bieze sprijinul UE pentru statele membre care se confrunt\u0103 cu provoc\u0103ri din cauza faptului c\u0103 au frontiere comune cu Rusia sau cu Belarus. \u00cencep\u00e2nd de vineri, \u0219efa Executivului comunitar a vizitat...","og_url":"https:\/\/carpathiacenter.ro\/en\/presedinta-ce-vizita-in-romania-a-fost-reafirmat-rolul-strategic-al-tarii-noastre-pe-flancul-estic-al-nato-si-ue-sinteza\/","og_site_name":"Carpathia Center Romania","article_publisher":"https:\/\/www.facebook.com\/fdpscarpathia\/","article_published_time":"2025-09-02T10:16:53+00:00","og_image":[{"width":960,"height":540,"url":"https:\/\/carpathiacenter.ro\/wp-content\/uploads\/2025\/09\/Ursula_Nicusor.jpg","type":"image\/jpeg"}],"author":"creativebitsolutions","twitter_card":"summary_large_image","twitter_misc":{"Written by":"creativebitsolutions","Estimated reading time":"3 minutes"},"schema":{"@context":"https:\/\/schema.org","@graph":[{"@type":"Article","@id":"https:\/\/carpathiacenter.ro\/presedinta-ce-vizita-in-romania-a-fost-reafirmat-rolul-strategic-al-tarii-noastre-pe-flancul-estic-al-nato-si-ue-sinteza\/#article","isPartOf":{"@id":"https:\/\/carpathiacenter.ro\/presedinta-ce-vizita-in-romania-a-fost-reafirmat-rolul-strategic-al-tarii-noastre-pe-flancul-estic-al-nato-si-ue-sinteza\/"},"author":{"name":"creativebitsolutions","@id":"https:\/\/carpathiacenter.ro\/#\/schema\/person\/03d9f58202fee8379268f34afa195006"},"headline":"Pre\u0219edinta CE \u2013 vizit\u0103 \u00een Rom\u00e2nia; a fost reafirmat rolul strategic al \u021b\u0103rii noastre pe flancul estic al NATO \u0219i UE (sintez\u0103)","datePublished":"2025-09-02T10:16:53+00:00","mainEntityOfPage":{"@id":"https:\/\/carpathiacenter.ro\/presedinta-ce-vizita-in-romania-a-fost-reafirmat-rolul-strategic-al-tarii-noastre-pe-flancul-estic-al-nato-si-ue-sinteza\/"},"wordCount":535,"commentCount":0,"publisher":{"@id":"https:\/\/carpathiacenter.ro\/#organization"},"image":{"@id":"https:\/\/carpathiacenter.ro\/presedinta-ce-vizita-in-romania-a-fost-reafirmat-rolul-strategic-al-tarii-noastre-pe-flancul-estic-al-nato-si-ue-sinteza\/#primaryimage"},"thumbnailUrl":"https:\/\/carpathiacenter.ro\/wp-content\/uploads\/2025\/09\/Ursula_Nicusor.jpg","articleSection":["Uncategorized"],"inLanguage":"en-GB","potentialAction":[{"@type":"CommentAction","name":"Comment","target":["https:\/\/carpathiacenter.ro\/presedinta-ce-vizita-in-romania-a-fost-reafirmat-rolul-strategic-al-tarii-noastre-pe-flancul-estic-al-nato-si-ue-sinteza\/#respond"]}]},{"@type":"WebPage","@id":"https:\/\/carpathiacenter.ro\/presedinta-ce-vizita-in-romania-a-fost-reafirmat-rolul-strategic-al-tarii-noastre-pe-flancul-estic-al-nato-si-ue-sinteza\/","url":"https:\/\/carpathiacenter.ro\/presedinta-ce-vizita-in-romania-a-fost-reafirmat-rolul-strategic-al-tarii-noastre-pe-flancul-estic-al-nato-si-ue-sinteza\/","name":"Pre\u0219edinta CE \u2013 vizit\u0103 \u00een Rom\u00e2nia; a fost reafirmat rolul strategic al \u021b\u0103rii noastre pe flancul estic al NATO \u0219i UE (sintez\u0103) - Carpathia Center Romania","isPartOf":{"@id":"https:\/\/carpathiacenter.ro\/#website"},"primaryImageOfPage":{"@id":"https:\/\/carpathiacenter.ro\/presedinta-ce-vizita-in-romania-a-fost-reafirmat-rolul-strategic-al-tarii-noastre-pe-flancul-estic-al-nato-si-ue-sinteza\/#primaryimage"},"image":{"@id":"https:\/\/carpathiacenter.ro\/presedinta-ce-vizita-in-romania-a-fost-reafirmat-rolul-strategic-al-tarii-noastre-pe-flancul-estic-al-nato-si-ue-sinteza\/#primaryimage"},"thumbnailUrl":"https:\/\/carpathiacenter.ro\/wp-content\/uploads\/2025\/09\/Ursula_Nicusor.jpg","datePublished":"2025-09-02T10:16:53+00:00","breadcrumb":{"@id":"https:\/\/carpathiacenter.ro\/presedinta-ce-vizita-in-romania-a-fost-reafirmat-rolul-strategic-al-tarii-noastre-pe-flancul-estic-al-nato-si-ue-sinteza\/#breadcrumb"},"inLanguage":"en-GB","potentialAction":[{"@type":"ReadAction","target":["https:\/\/carpathiacenter.ro\/presedinta-ce-vizita-in-romania-a-fost-reafirmat-rolul-strategic-al-tarii-noastre-pe-flancul-estic-al-nato-si-ue-sinteza\/"]}]},{"@type":"ImageObject","inLanguage":"en-GB","@id":"https:\/\/carpathiacenter.ro\/presedinta-ce-vizita-in-romania-a-fost-reafirmat-rolul-strategic-al-tarii-noastre-pe-flancul-estic-al-nato-si-ue-sinteza\/#primaryimage","url":"https:\/\/carpathiacenter.ro\/wp-content\/uploads\/2025\/09\/Ursula_Nicusor.jpg","contentUrl":"https:\/\/carpathiacenter.ro\/wp-content\/uploads\/2025\/09\/Ursula_Nicusor.jpg","width":960,"height":540},{"@type":"BreadcrumbList","@id":"https:\/\/carpathiacenter.ro\/presedinta-ce-vizita-in-romania-a-fost-reafirmat-rolul-strategic-al-tarii-noastre-pe-flancul-estic-al-nato-si-ue-sinteza\/#breadcrumb","itemListElement":[{"@type":"ListItem","position":1,"name":"Prima pagin\u0103","item":"https:\/\/carpathiacenter.ro\/"},{"@type":"ListItem","position":2,"name":"Pre\u0219edinta CE \u2013 vizit\u0103 \u00een Rom\u00e2nia; a fost reafirmat rolul strategic al \u021b\u0103rii noastre pe flancul estic al NATO \u0219i UE (sintez\u0103)"}]},{"@type":"WebSite","@id":"https:\/\/carpathiacenter.ro\/#website","url":"https:\/\/carpathiacenter.ro\/","name":"Carpathia Center Romania","description":"Impossible made possible!","publisher":{"@id":"https:\/\/carpathiacenter.ro\/#organization"},"potentialAction":[{"@type":"SearchAction","target":{"@type":"EntryPoint","urlTemplate":"https:\/\/carpathiacenter.ro\/?s={search_term_string}"},"query-input":{"@type":"PropertyValueSpecification","valueRequired":true,"valueName":"search_term_string"}}],"inLanguage":"en-GB"},{"@type":"Organization","@id":"https:\/\/carpathiacenter.ro\/#organization","name":"Carpathia Center Romania","url":"https:\/\/carpathiacenter.ro\/","logo":{"@type":"ImageObject","inLanguage":"en-GB","@id":"https:\/\/carpathiacenter.ro\/#\/schema\/logo\/image\/","url":"https:\/\/carpathiacenter.ro\/wp-content\/uploads\/2024\/07\/logo-carpathia_bg_white-1024x941.png","contentUrl":"https:\/\/carpathiacenter.ro\/wp-content\/uploads\/2024\/07\/logo-carpathia_bg_white-1024x941.png","width":1024,"height":941,"caption":"Carpathia Center Romania"},"image":{"@id":"https:\/\/carpathiacenter.ro\/#\/schema\/logo\/image\/"},"sameAs":["https:\/\/www.facebook.com\/fdpscarpathia\/"]},{"@type":"Person","@id":"https:\/\/carpathiacenter.ro\/#\/schema\/person\/03d9f58202fee8379268f34afa195006","name":"creativebitsolutions","image":{"@type":"ImageObject","inLanguage":"en-GB","@id":"https:\/\/carpathiacenter.ro\/#\/schema\/person\/image\/","url":"https:\/\/secure.gravatar.com\/avatar\/1b1a13e37f847c635dab78348f1dff2f07651ee2a3d77a5c355a4b8c75f9165a?s=96&d=mm&r=g","contentUrl":"https:\/\/secure.gravatar.com\/avatar\/1b1a13e37f847c635dab78348f1dff2f07651ee2a3d77a5c355a4b8c75f9165a?s=96&d=mm&r=g","caption":"creativebitsolutions"},"url":"https:\/\/carpathiacenter.ro\/en\/author\/creativebitsolutions\/"}]}},"_links":{"self":[{"href":"https:\/\/carpathiacenter.ro\/en\/wp-json\/wp\/v2\/posts\/2964","targetHints":{"allow":["GET"]}}],"collection":[{"href":"https:\/\/carpathiacenter.ro\/en\/wp-json\/wp\/v2\/posts"}],"about":[{"href":"https:\/\/carpathiacenter.ro\/en\/wp-json\/wp\/v2\/types\/post"}],"author":[{"embeddable":true,"href":"https:\/\/carpathiacenter.ro\/en\/wp-json\/wp\/v2\/users\/4"}],"replies":[{"embeddable":true,"href":"https:\/\/carpathiacenter.ro\/en\/wp-json\/wp\/v2\/comments?post=2964"}],"version-history":[{"count":1,"href":"https:\/\/carpathiacenter.ro\/en\/wp-json\/wp\/v2\/posts\/2964\/revisions"}],"predecessor-version":[{"id":2966,"href":"https:\/\/carpathiacenter.ro\/en\/wp-json\/wp\/v2\/posts\/2964\/revisions\/2966"}],"wp:featuredmedia":[{"embeddable":true,"href":"https:\/\/carpathiacenter.ro\/en\/wp-json\/wp\/v2\/media\/2965"}],"wp:attachment":[{"href":"https:\/\/carpathiacenter.ro\/en\/wp-json\/wp\/v2\/media?parent=2964"}],"wp:term":[{"taxonomy":"category","embeddable":true,"href":"https:\/\/carpathiacenter.ro\/en\/wp-json\/wp\/v2\/categories?post=2964"},{"taxonomy":"post_tag","embeddable":true,"href":"https:\/\/carpathiacenter.ro\/en\/wp-json\/wp\/v2\/tags?post=2964"}],"curies":[{"name":"wp","href":"https:\/\/api.w.org\/{rel}","templated":true}]}}