{"id":2961,"date":"2025-09-02T10:15:25","date_gmt":"2025-09-02T10:15:25","guid":{"rendered":"https:\/\/carpathiacenter.ro\/?p=2961"},"modified":"2025-09-02T10:15:25","modified_gmt":"2025-09-02T10:15:25","slug":"ministrul-justitiei-proiectul-pensiilor-magistratilor-sanse-sa-isi-mentina-constitutionalitatea-magistratii-nu-sunt-dusmani-ai-poporului","status":"publish","type":"post","link":"https:\/\/carpathiacenter.ro\/en\/ministrul-justitiei-proiectul-pensiilor-magistratilor-sanse-sa-isi-mentina-constitutionalitatea-magistratii-nu-sunt-dusmani-ai-poporului\/","title":{"rendered":"Ministrul Justi\u021biei: Proiectul pensiilor magistra\u021bilor &#8211; \u0219anse s\u0103 \u00ee\u0219i men\u021bin\u0103 constitu\u021bionalitatea; magistra\u021bii nu sunt du\u0219mani ai poporului"},"content":{"rendered":"<p><strong>Ministrul Justi\u021biei, Radu Marinescu, a declarat, luni, c\u0103 proiectul privind reforma pensiilor magistra\u021bilor are \u0219anse s\u0103 \u00ee\u0219i men\u021bin\u0103 constitu\u021bionalitatea, dac\u0103 intr\u0103 \u00een examinarea CCR, subliniind c\u0103 &#8221;magistra\u021bii nu sunt ni\u0219te du\u0219mani ai poporului&#8221; \u0219i c\u0103 are speran\u021ba c\u0103 nu se va ajunge la un &#8221;r\u0103zboi social&#8221;.<\/strong><\/p>\n<p>&#8221;Cred c\u0103 are \u0219anse de a se men\u021bine constitu\u021bionalitatea sa. Examenul de constitu\u021bionalitate \u00eel va realiza Curtea Constitu\u021bional\u0103&#8221;, a spus Marinescu, la Parlament.<\/p>\n<p>El a precizat c\u0103 proiectul respect\u0103 ni\u0219te repere de constitu\u021bionalitate, acestea fiind propor\u021bionalitate \u00eentre indemniza\u021bie \u0219i pensia de serviciu, existen\u021ba unei etapiz\u0103ri care s\u0103 asigure o predictibilitate pentru fiecare genera\u021bie de magistra\u021bi \u0219i condi\u021bia ca magistra\u021bii care sunt pensionabili \u00een momentul de fa\u021b\u0103 r\u0103m\u00e2n sub legea actual\u0103.<\/p>\n<p>\u00centrebat \u00een leg\u0103tur\u0103 cu faptul c\u0103 CSM a transmis c\u0103 nu este de acord cu acest proiect \u0219i de ce nu s-a \u00eencercat modificarea lui, Radu Marinescu a spus c\u0103 au fost discu\u021bii inclusiv cu reprezentan\u021bii magistra\u021bilor, iar pre\u0219edintele a moderat una dintre aceste \u00eent\u00e2lniri.<\/p>\n<p>&#8221;\u00cenc\u0103 o dat\u0103, fiecare dintre puterile constitu\u021bionale \u00ee\u0219i exercit\u0103 mandatul s\u0103u a\u0219a cum apreciaz\u0103, \u00een raport de obiectivele pe care le are \u0219i prin programul de guvernare&#8221;, a ad\u0103ugat ministrul.<\/p>\n<p>De asemenea, \u00eentrebat \u00een leg\u0103tur\u0103 cu eventuala demisie a premierului, Marinescu a ar\u0103tat c\u0103, \u00een cazul \u00een care Curtea Constitu\u021bional\u0103 va face &#8221;o anumit\u0103 apreciere, va fi \u00een limitele sale de competen\u021b\u0103&#8221;. &#8221;Nu apreciez c\u0103 ar fi o ipotez\u0103 de demisie, dar, \u00een egal\u0103 m\u0103sur\u0103, fiecare apreciaz\u0103 asupra parcursului s\u0103u profesional sau \u00een fruntea Guvernului&#8221;, a sus\u021binut Marinescu.<\/p>\n<p>C\u00e2t despre faptul c\u0103 CSM apreciaz\u0103 c\u0103 magistra\u021bii au fost denigra\u021bi, Radu Marinescu a afirmat c\u0103 &#8221;magistra\u021bii nu sunt ni\u0219te du\u0219mani ai poporului&#8221;.<\/p>\n<p>&#8221;Nu trebuie s\u0103 func\u021bion\u0103m \u00eentr-o logic\u0103 a unor contradic\u021bii \u00eentre segmentele profesionale, trebuie s\u0103 \u00een\u021belegem \u0219i s\u0103 respect\u0103m rolul fiec\u0103ruia \u00een stat. Orice component\u0103 profesional\u0103 poate s\u0103 fie \u00een dezacord fa\u021b\u0103 de anumite politici publice sau anumite ini\u021biative legislative, deci speran\u021ba mea este c\u0103 nu se va ajunge la un r\u0103zboi social, care nu face dec\u00e2t s\u0103 afecteze statul de drept, ci dimpotriv\u0103 fiecare dintre puterile din stat, autorit\u0103\u021bile din stat s\u0103 func\u021bioneze \u00een mod corect, \u00een mod loial \u0219i prin dialog. Deci eu resping orice fel de atac \u00eempotriva magistra\u021bilor, dar, \u00een egal\u0103 m\u0103sur\u0103, accentuez faptul c\u0103 un Guvern \u0219i un Parlament au dreptul \u0219i posibilitatea s\u0103 propun\u0103 politici publice \u0219i s\u0103 ajung\u0103 la concretizarea lor \u00eentr-o lege&#8221;, a mai spus ministrul Justi\u021biei.<\/p>\n<p>Guvernul \u0219i-a asumat, luni, r\u0103spunderea \u00een Parlament pentru cele cinci proiecte din pachetul doi de reform\u0103, din care face parte \u0219i proiectul pentru modificarea \u0219i completarea unor acte normative din domeniul pensiilor de serviciu. AGERPRES\/(AS &#8211; redactor: Alina Nov\u0103ceanu, editor: Andreea Rotaru, editor online: Gabriela Badea)&nbsp;<br \/>\n<br \/>\nSursa articolului:  <a href=\"https:\/\/agerpres.ro\/justitie\/2025\/09\/01\/ministrul-justitiei-proiectul-pensiilor-magistratilor---sanse-sa-isi-mentina-constitutionalitatea-ma--1480478\" target=\"_blank\" rel=\"noopener\" title=\"\">https:\/\/agerpres.ro\/justitie\/2025\/09\/01\/ministrul-justitiei-proiectul-pensiilor-magistratilor&#8212;sanse-sa-isi-mentina-constitutionalitatea-ma&#8211;1480478<\/a><\/p>","protected":false},"excerpt":{"rendered":"<p>Ministrul Justi\u021biei, Radu Marinescu, a declarat, luni, c\u0103 proiectul privind reforma pensiilor magistra\u021bilor are \u0219anse s\u0103 \u00ee\u0219i men\u021bin\u0103 constitu\u021bionalitatea, dac\u0103 intr\u0103 \u00een examinarea CCR, subliniind c\u0103 &#8221;magistra\u021bii nu sunt ni\u0219te du\u0219mani ai poporului&#8221; \u0219i c\u0103 are speran\u021ba c\u0103 nu se va ajunge la un &#8221;r\u0103zboi social&#8221;. &#8221;Cred c\u0103 are \u0219anse de a se men\u021bine constitu\u021bionalitatea&#8230;<\/p>","protected":false},"author":4,"featured_media":2962,"comment_status":"open","ping_status":"open","sticky":false,"template":"","format":"standard","meta":{"footnotes":""},"categories":[1],"tags":[],"class_list":["post-2961","post","type-post","status-publish","format-standard","has-post-thumbnail","hentry","category-uncategorized"],"yoast_head":"<!-- This site is optimized with the Yoast SEO plugin v26.1.1 - https:\/\/yoast.com\/wordpress\/plugins\/seo\/ -->\n<title>Ministrul Justi\u021biei: Proiectul pensiilor magistra\u021bilor - \u0219anse s\u0103 \u00ee\u0219i men\u021bin\u0103 constitu\u021bionalitatea; magistra\u021bii nu sunt du\u0219mani ai poporului - Carpathia Center Romania<\/title>\n<meta name=\"robots\" content=\"index, follow, max-snippet:-1, max-image-preview:large, max-video-preview:-1\" \/>\n<link rel=\"canonical\" href=\"https:\/\/carpathiacenter.ro\/en\/ministrul-justitiei-proiectul-pensiilor-magistratilor-sanse-sa-isi-mentina-constitutionalitatea-magistratii-nu-sunt-dusmani-ai-poporului\/\" \/>\n<meta property=\"og:locale\" content=\"en_GB\" \/>\n<meta property=\"og:type\" content=\"article\" \/>\n<meta property=\"og:title\" content=\"Ministrul Justi\u021biei: Proiectul pensiilor magistra\u021bilor - \u0219anse s\u0103 \u00ee\u0219i men\u021bin\u0103 constitu\u021bionalitatea; magistra\u021bii nu sunt du\u0219mani ai poporului - Carpathia Center Romania\" \/>\n<meta property=\"og:description\" content=\"Ministrul Justi\u021biei, Radu Marinescu, a declarat, luni, c\u0103 proiectul privind reforma pensiilor magistra\u021bilor are \u0219anse s\u0103 \u00ee\u0219i men\u021bin\u0103 constitu\u021bionalitatea, dac\u0103 intr\u0103 \u00een examinarea CCR, subliniind c\u0103 &#8221;magistra\u021bii nu sunt ni\u0219te du\u0219mani ai poporului&#8221; \u0219i c\u0103 are speran\u021ba c\u0103 nu se va ajunge la un &#8221;r\u0103zboi social&#8221;. &#8221;Cred c\u0103 are \u0219anse de a se men\u021bine constitu\u021bionalitatea...\" \/>\n<meta property=\"og:url\" content=\"https:\/\/carpathiacenter.ro\/en\/ministrul-justitiei-proiectul-pensiilor-magistratilor-sanse-sa-isi-mentina-constitutionalitatea-magistratii-nu-sunt-dusmani-ai-poporului\/\" \/>\n<meta property=\"og:site_name\" content=\"Carpathia Center Romania\" \/>\n<meta property=\"article:publisher\" content=\"https:\/\/www.facebook.com\/fdpscarpathia\/\" \/>\n<meta property=\"article:published_time\" content=\"2025-09-02T10:15:25+00:00\" \/>\n<meta property=\"og:image\" content=\"https:\/\/carpathiacenter.ro\/wp-content\/uploads\/2025\/09\/Radu-Marinescu.jpg\" \/>\n\t<meta property=\"og:image:width\" content=\"780\" \/>\n\t<meta property=\"og:image:height\" content=\"440\" \/>\n\t<meta property=\"og:image:type\" content=\"image\/jpeg\" \/>\n<meta name=\"author\" content=\"creativebitsolutions\" \/>\n<meta name=\"twitter:card\" content=\"summary_large_image\" \/>\n<meta name=\"twitter:label1\" content=\"Written by\" \/>\n\t<meta name=\"twitter:data1\" content=\"creativebitsolutions\" \/>\n\t<meta name=\"twitter:label2\" content=\"Estimated reading time\" \/>\n\t<meta name=\"twitter:data2\" content=\"3 minutes\" \/>\n<script type=\"application\/ld+json\" class=\"yoast-schema-graph\">{\"@context\":\"https:\/\/schema.org\",\"@graph\":[{\"@type\":\"Article\",\"@id\":\"https:\/\/carpathiacenter.ro\/ministrul-justitiei-proiectul-pensiilor-magistratilor-sanse-sa-isi-mentina-constitutionalitatea-magistratii-nu-sunt-dusmani-ai-poporului\/#article\",\"isPartOf\":{\"@id\":\"https:\/\/carpathiacenter.ro\/ministrul-justitiei-proiectul-pensiilor-magistratilor-sanse-sa-isi-mentina-constitutionalitatea-magistratii-nu-sunt-dusmani-ai-poporului\/\"},\"author\":{\"name\":\"creativebitsolutions\",\"@id\":\"https:\/\/carpathiacenter.ro\/#\/schema\/person\/03d9f58202fee8379268f34afa195006\"},\"headline\":\"Ministrul Justi\u021biei: Proiectul pensiilor magistra\u021bilor &#8211; \u0219anse s\u0103 \u00ee\u0219i men\u021bin\u0103 constitu\u021bionalitatea; magistra\u021bii nu sunt du\u0219mani ai poporului\",\"datePublished\":\"2025-09-02T10:15:25+00:00\",\"mainEntityOfPage\":{\"@id\":\"https:\/\/carpathiacenter.ro\/ministrul-justitiei-proiectul-pensiilor-magistratilor-sanse-sa-isi-mentina-constitutionalitatea-magistratii-nu-sunt-dusmani-ai-poporului\/\"},\"wordCount\":538,\"commentCount\":0,\"publisher\":{\"@id\":\"https:\/\/carpathiacenter.ro\/#organization\"},\"image\":{\"@id\":\"https:\/\/carpathiacenter.ro\/ministrul-justitiei-proiectul-pensiilor-magistratilor-sanse-sa-isi-mentina-constitutionalitatea-magistratii-nu-sunt-dusmani-ai-poporului\/#primaryimage\"},\"thumbnailUrl\":\"https:\/\/carpathiacenter.ro\/wp-content\/uploads\/2025\/09\/Radu-Marinescu.jpg\",\"articleSection\":[\"Uncategorized\"],\"inLanguage\":\"en-GB\",\"potentialAction\":[{\"@type\":\"CommentAction\",\"name\":\"Comment\",\"target\":[\"https:\/\/carpathiacenter.ro\/ministrul-justitiei-proiectul-pensiilor-magistratilor-sanse-sa-isi-mentina-constitutionalitatea-magistratii-nu-sunt-dusmani-ai-poporului\/#respond\"]}]},{\"@type\":\"WebPage\",\"@id\":\"https:\/\/carpathiacenter.ro\/ministrul-justitiei-proiectul-pensiilor-magistratilor-sanse-sa-isi-mentina-constitutionalitatea-magistratii-nu-sunt-dusmani-ai-poporului\/\",\"url\":\"https:\/\/carpathiacenter.ro\/ministrul-justitiei-proiectul-pensiilor-magistratilor-sanse-sa-isi-mentina-constitutionalitatea-magistratii-nu-sunt-dusmani-ai-poporului\/\",\"name\":\"Ministrul Justi\u021biei: Proiectul pensiilor magistra\u021bilor - \u0219anse s\u0103 \u00ee\u0219i men\u021bin\u0103 constitu\u021bionalitatea; magistra\u021bii nu sunt du\u0219mani ai poporului - Carpathia Center Romania\",\"isPartOf\":{\"@id\":\"https:\/\/carpathiacenter.ro\/#website\"},\"primaryImageOfPage\":{\"@id\":\"https:\/\/carpathiacenter.ro\/ministrul-justitiei-proiectul-pensiilor-magistratilor-sanse-sa-isi-mentina-constitutionalitatea-magistratii-nu-sunt-dusmani-ai-poporului\/#primaryimage\"},\"image\":{\"@id\":\"https:\/\/carpathiacenter.ro\/ministrul-justitiei-proiectul-pensiilor-magistratilor-sanse-sa-isi-mentina-constitutionalitatea-magistratii-nu-sunt-dusmani-ai-poporului\/#primaryimage\"},\"thumbnailUrl\":\"https:\/\/carpathiacenter.ro\/wp-content\/uploads\/2025\/09\/Radu-Marinescu.jpg\",\"datePublished\":\"2025-09-02T10:15:25+00:00\",\"breadcrumb\":{\"@id\":\"https:\/\/carpathiacenter.ro\/ministrul-justitiei-proiectul-pensiilor-magistratilor-sanse-sa-isi-mentina-constitutionalitatea-magistratii-nu-sunt-dusmani-ai-poporului\/#breadcrumb\"},\"inLanguage\":\"en-GB\",\"potentialAction\":[{\"@type\":\"ReadAction\",\"target\":[\"https:\/\/carpathiacenter.ro\/ministrul-justitiei-proiectul-pensiilor-magistratilor-sanse-sa-isi-mentina-constitutionalitatea-magistratii-nu-sunt-dusmani-ai-poporului\/\"]}]},{\"@type\":\"ImageObject\",\"inLanguage\":\"en-GB\",\"@id\":\"https:\/\/carpathiacenter.ro\/ministrul-justitiei-proiectul-pensiilor-magistratilor-sanse-sa-isi-mentina-constitutionalitatea-magistratii-nu-sunt-dusmani-ai-poporului\/#primaryimage\",\"url\":\"https:\/\/carpathiacenter.ro\/wp-content\/uploads\/2025\/09\/Radu-Marinescu.jpg\",\"contentUrl\":\"https:\/\/carpathiacenter.ro\/wp-content\/uploads\/2025\/09\/Radu-Marinescu.jpg\",\"width\":780,\"height\":440},{\"@type\":\"BreadcrumbList\",\"@id\":\"https:\/\/carpathiacenter.ro\/ministrul-justitiei-proiectul-pensiilor-magistratilor-sanse-sa-isi-mentina-constitutionalitatea-magistratii-nu-sunt-dusmani-ai-poporului\/#breadcrumb\",\"itemListElement\":[{\"@type\":\"ListItem\",\"position\":1,\"name\":\"Prima pagin\u0103\",\"item\":\"https:\/\/carpathiacenter.ro\/\"},{\"@type\":\"ListItem\",\"position\":2,\"name\":\"Ministrul Justi\u021biei: Proiectul pensiilor magistra\u021bilor &#8211; \u0219anse s\u0103 \u00ee\u0219i men\u021bin\u0103 constitu\u021bionalitatea; magistra\u021bii nu sunt du\u0219mani ai poporului\"}]},{\"@type\":\"WebSite\",\"@id\":\"https:\/\/carpathiacenter.ro\/#website\",\"url\":\"https:\/\/carpathiacenter.ro\/\",\"name\":\"Carpathia Center Romania\",\"description\":\"Impossible made possible!\",\"publisher\":{\"@id\":\"https:\/\/carpathiacenter.ro\/#organization\"},\"potentialAction\":[{\"@type\":\"SearchAction\",\"target\":{\"@type\":\"EntryPoint\",\"urlTemplate\":\"https:\/\/carpathiacenter.ro\/?s={search_term_string}\"},\"query-input\":{\"@type\":\"PropertyValueSpecification\",\"valueRequired\":true,\"valueName\":\"search_term_string\"}}],\"inLanguage\":\"en-GB\"},{\"@type\":\"Organization\",\"@id\":\"https:\/\/carpathiacenter.ro\/#organization\",\"name\":\"Carpathia Center Romania\",\"url\":\"https:\/\/carpathiacenter.ro\/\",\"logo\":{\"@type\":\"ImageObject\",\"inLanguage\":\"en-GB\",\"@id\":\"https:\/\/carpathiacenter.ro\/#\/schema\/logo\/image\/\",\"url\":\"https:\/\/carpathiacenter.ro\/wp-content\/uploads\/2024\/07\/logo-carpathia_bg_white-1024x941.png\",\"contentUrl\":\"https:\/\/carpathiacenter.ro\/wp-content\/uploads\/2024\/07\/logo-carpathia_bg_white-1024x941.png\",\"width\":1024,\"height\":941,\"caption\":\"Carpathia Center Romania\"},\"image\":{\"@id\":\"https:\/\/carpathiacenter.ro\/#\/schema\/logo\/image\/\"},\"sameAs\":[\"https:\/\/www.facebook.com\/fdpscarpathia\/\"]},{\"@type\":\"Person\",\"@id\":\"https:\/\/carpathiacenter.ro\/#\/schema\/person\/03d9f58202fee8379268f34afa195006\",\"name\":\"creativebitsolutions\",\"image\":{\"@type\":\"ImageObject\",\"inLanguage\":\"en-GB\",\"@id\":\"https:\/\/carpathiacenter.ro\/#\/schema\/person\/image\/\",\"url\":\"https:\/\/secure.gravatar.com\/avatar\/1b1a13e37f847c635dab78348f1dff2f07651ee2a3d77a5c355a4b8c75f9165a?s=96&d=mm&r=g\",\"contentUrl\":\"https:\/\/secure.gravatar.com\/avatar\/1b1a13e37f847c635dab78348f1dff2f07651ee2a3d77a5c355a4b8c75f9165a?s=96&d=mm&r=g\",\"caption\":\"creativebitsolutions\"},\"url\":\"https:\/\/carpathiacenter.ro\/en\/author\/creativebitsolutions\/\"}]}<\/script>\n<!-- \/ Yoast SEO plugin. -->","yoast_head_json":{"title":"Ministrul Justi\u021biei: Proiectul pensiilor magistra\u021bilor - \u0219anse s\u0103 \u00ee\u0219i men\u021bin\u0103 constitu\u021bionalitatea; magistra\u021bii nu sunt du\u0219mani ai poporului - Carpathia Center Romania","robots":{"index":"index","follow":"follow","max-snippet":"max-snippet:-1","max-image-preview":"max-image-preview:large","max-video-preview":"max-video-preview:-1"},"canonical":"https:\/\/carpathiacenter.ro\/en\/ministrul-justitiei-proiectul-pensiilor-magistratilor-sanse-sa-isi-mentina-constitutionalitatea-magistratii-nu-sunt-dusmani-ai-poporului\/","og_locale":"en_GB","og_type":"article","og_title":"Ministrul Justi\u021biei: Proiectul pensiilor magistra\u021bilor - \u0219anse s\u0103 \u00ee\u0219i men\u021bin\u0103 constitu\u021bionalitatea; magistra\u021bii nu sunt du\u0219mani ai poporului - Carpathia Center Romania","og_description":"Ministrul Justi\u021biei, Radu Marinescu, a declarat, luni, c\u0103 proiectul privind reforma pensiilor magistra\u021bilor are \u0219anse s\u0103 \u00ee\u0219i men\u021bin\u0103 constitu\u021bionalitatea, dac\u0103 intr\u0103 \u00een examinarea CCR, subliniind c\u0103 &#8221;magistra\u021bii nu sunt ni\u0219te du\u0219mani ai poporului&#8221; \u0219i c\u0103 are speran\u021ba c\u0103 nu se va ajunge la un &#8221;r\u0103zboi social&#8221;. &#8221;Cred c\u0103 are \u0219anse de a se men\u021bine constitu\u021bionalitatea...","og_url":"https:\/\/carpathiacenter.ro\/en\/ministrul-justitiei-proiectul-pensiilor-magistratilor-sanse-sa-isi-mentina-constitutionalitatea-magistratii-nu-sunt-dusmani-ai-poporului\/","og_site_name":"Carpathia Center Romania","article_publisher":"https:\/\/www.facebook.com\/fdpscarpathia\/","article_published_time":"2025-09-02T10:15:25+00:00","og_image":[{"width":780,"height":440,"url":"https:\/\/carpathiacenter.ro\/wp-content\/uploads\/2025\/09\/Radu-Marinescu.jpg","type":"image\/jpeg"}],"author":"creativebitsolutions","twitter_card":"summary_large_image","twitter_misc":{"Written by":"creativebitsolutions","Estimated reading time":"3 minutes"},"schema":{"@context":"https:\/\/schema.org","@graph":[{"@type":"Article","@id":"https:\/\/carpathiacenter.ro\/ministrul-justitiei-proiectul-pensiilor-magistratilor-sanse-sa-isi-mentina-constitutionalitatea-magistratii-nu-sunt-dusmani-ai-poporului\/#article","isPartOf":{"@id":"https:\/\/carpathiacenter.ro\/ministrul-justitiei-proiectul-pensiilor-magistratilor-sanse-sa-isi-mentina-constitutionalitatea-magistratii-nu-sunt-dusmani-ai-poporului\/"},"author":{"name":"creativebitsolutions","@id":"https:\/\/carpathiacenter.ro\/#\/schema\/person\/03d9f58202fee8379268f34afa195006"},"headline":"Ministrul Justi\u021biei: Proiectul pensiilor magistra\u021bilor &#8211; \u0219anse s\u0103 \u00ee\u0219i men\u021bin\u0103 constitu\u021bionalitatea; magistra\u021bii nu sunt du\u0219mani ai poporului","datePublished":"2025-09-02T10:15:25+00:00","mainEntityOfPage":{"@id":"https:\/\/carpathiacenter.ro\/ministrul-justitiei-proiectul-pensiilor-magistratilor-sanse-sa-isi-mentina-constitutionalitatea-magistratii-nu-sunt-dusmani-ai-poporului\/"},"wordCount":538,"commentCount":0,"publisher":{"@id":"https:\/\/carpathiacenter.ro\/#organization"},"image":{"@id":"https:\/\/carpathiacenter.ro\/ministrul-justitiei-proiectul-pensiilor-magistratilor-sanse-sa-isi-mentina-constitutionalitatea-magistratii-nu-sunt-dusmani-ai-poporului\/#primaryimage"},"thumbnailUrl":"https:\/\/carpathiacenter.ro\/wp-content\/uploads\/2025\/09\/Radu-Marinescu.jpg","articleSection":["Uncategorized"],"inLanguage":"en-GB","potentialAction":[{"@type":"CommentAction","name":"Comment","target":["https:\/\/carpathiacenter.ro\/ministrul-justitiei-proiectul-pensiilor-magistratilor-sanse-sa-isi-mentina-constitutionalitatea-magistratii-nu-sunt-dusmani-ai-poporului\/#respond"]}]},{"@type":"WebPage","@id":"https:\/\/carpathiacenter.ro\/ministrul-justitiei-proiectul-pensiilor-magistratilor-sanse-sa-isi-mentina-constitutionalitatea-magistratii-nu-sunt-dusmani-ai-poporului\/","url":"https:\/\/carpathiacenter.ro\/ministrul-justitiei-proiectul-pensiilor-magistratilor-sanse-sa-isi-mentina-constitutionalitatea-magistratii-nu-sunt-dusmani-ai-poporului\/","name":"Ministrul Justi\u021biei: Proiectul pensiilor magistra\u021bilor - \u0219anse s\u0103 \u00ee\u0219i men\u021bin\u0103 constitu\u021bionalitatea; magistra\u021bii nu sunt du\u0219mani ai poporului - Carpathia Center Romania","isPartOf":{"@id":"https:\/\/carpathiacenter.ro\/#website"},"primaryImageOfPage":{"@id":"https:\/\/carpathiacenter.ro\/ministrul-justitiei-proiectul-pensiilor-magistratilor-sanse-sa-isi-mentina-constitutionalitatea-magistratii-nu-sunt-dusmani-ai-poporului\/#primaryimage"},"image":{"@id":"https:\/\/carpathiacenter.ro\/ministrul-justitiei-proiectul-pensiilor-magistratilor-sanse-sa-isi-mentina-constitutionalitatea-magistratii-nu-sunt-dusmani-ai-poporului\/#primaryimage"},"thumbnailUrl":"https:\/\/carpathiacenter.ro\/wp-content\/uploads\/2025\/09\/Radu-Marinescu.jpg","datePublished":"2025-09-02T10:15:25+00:00","breadcrumb":{"@id":"https:\/\/carpathiacenter.ro\/ministrul-justitiei-proiectul-pensiilor-magistratilor-sanse-sa-isi-mentina-constitutionalitatea-magistratii-nu-sunt-dusmani-ai-poporului\/#breadcrumb"},"inLanguage":"en-GB","potentialAction":[{"@type":"ReadAction","target":["https:\/\/carpathiacenter.ro\/ministrul-justitiei-proiectul-pensiilor-magistratilor-sanse-sa-isi-mentina-constitutionalitatea-magistratii-nu-sunt-dusmani-ai-poporului\/"]}]},{"@type":"ImageObject","inLanguage":"en-GB","@id":"https:\/\/carpathiacenter.ro\/ministrul-justitiei-proiectul-pensiilor-magistratilor-sanse-sa-isi-mentina-constitutionalitatea-magistratii-nu-sunt-dusmani-ai-poporului\/#primaryimage","url":"https:\/\/carpathiacenter.ro\/wp-content\/uploads\/2025\/09\/Radu-Marinescu.jpg","contentUrl":"https:\/\/carpathiacenter.ro\/wp-content\/uploads\/2025\/09\/Radu-Marinescu.jpg","width":780,"height":440},{"@type":"BreadcrumbList","@id":"https:\/\/carpathiacenter.ro\/ministrul-justitiei-proiectul-pensiilor-magistratilor-sanse-sa-isi-mentina-constitutionalitatea-magistratii-nu-sunt-dusmani-ai-poporului\/#breadcrumb","itemListElement":[{"@type":"ListItem","position":1,"name":"Prima pagin\u0103","item":"https:\/\/carpathiacenter.ro\/"},{"@type":"ListItem","position":2,"name":"Ministrul Justi\u021biei: Proiectul pensiilor magistra\u021bilor &#8211; \u0219anse s\u0103 \u00ee\u0219i men\u021bin\u0103 constitu\u021bionalitatea; magistra\u021bii nu sunt du\u0219mani ai poporului"}]},{"@type":"WebSite","@id":"https:\/\/carpathiacenter.ro\/#website","url":"https:\/\/carpathiacenter.ro\/","name":"Carpathia Center Romania","description":"Impossible made possible!","publisher":{"@id":"https:\/\/carpathiacenter.ro\/#organization"},"potentialAction":[{"@type":"SearchAction","target":{"@type":"EntryPoint","urlTemplate":"https:\/\/carpathiacenter.ro\/?s={search_term_string}"},"query-input":{"@type":"PropertyValueSpecification","valueRequired":true,"valueName":"search_term_string"}}],"inLanguage":"en-GB"},{"@type":"Organization","@id":"https:\/\/carpathiacenter.ro\/#organization","name":"Carpathia Center Romania","url":"https:\/\/carpathiacenter.ro\/","logo":{"@type":"ImageObject","inLanguage":"en-GB","@id":"https:\/\/carpathiacenter.ro\/#\/schema\/logo\/image\/","url":"https:\/\/carpathiacenter.ro\/wp-content\/uploads\/2024\/07\/logo-carpathia_bg_white-1024x941.png","contentUrl":"https:\/\/carpathiacenter.ro\/wp-content\/uploads\/2024\/07\/logo-carpathia_bg_white-1024x941.png","width":1024,"height":941,"caption":"Carpathia Center Romania"},"image":{"@id":"https:\/\/carpathiacenter.ro\/#\/schema\/logo\/image\/"},"sameAs":["https:\/\/www.facebook.com\/fdpscarpathia\/"]},{"@type":"Person","@id":"https:\/\/carpathiacenter.ro\/#\/schema\/person\/03d9f58202fee8379268f34afa195006","name":"creativebitsolutions","image":{"@type":"ImageObject","inLanguage":"en-GB","@id":"https:\/\/carpathiacenter.ro\/#\/schema\/person\/image\/","url":"https:\/\/secure.gravatar.com\/avatar\/1b1a13e37f847c635dab78348f1dff2f07651ee2a3d77a5c355a4b8c75f9165a?s=96&d=mm&r=g","contentUrl":"https:\/\/secure.gravatar.com\/avatar\/1b1a13e37f847c635dab78348f1dff2f07651ee2a3d77a5c355a4b8c75f9165a?s=96&d=mm&r=g","caption":"creativebitsolutions"},"url":"https:\/\/carpathiacenter.ro\/en\/author\/creativebitsolutions\/"}]}},"_links":{"self":[{"href":"https:\/\/carpathiacenter.ro\/en\/wp-json\/wp\/v2\/posts\/2961","targetHints":{"allow":["GET"]}}],"collection":[{"href":"https:\/\/carpathiacenter.ro\/en\/wp-json\/wp\/v2\/posts"}],"about":[{"href":"https:\/\/carpathiacenter.ro\/en\/wp-json\/wp\/v2\/types\/post"}],"author":[{"embeddable":true,"href":"https:\/\/carpathiacenter.ro\/en\/wp-json\/wp\/v2\/users\/4"}],"replies":[{"embeddable":true,"href":"https:\/\/carpathiacenter.ro\/en\/wp-json\/wp\/v2\/comments?post=2961"}],"version-history":[{"count":1,"href":"https:\/\/carpathiacenter.ro\/en\/wp-json\/wp\/v2\/posts\/2961\/revisions"}],"predecessor-version":[{"id":2963,"href":"https:\/\/carpathiacenter.ro\/en\/wp-json\/wp\/v2\/posts\/2961\/revisions\/2963"}],"wp:featuredmedia":[{"embeddable":true,"href":"https:\/\/carpathiacenter.ro\/en\/wp-json\/wp\/v2\/media\/2962"}],"wp:attachment":[{"href":"https:\/\/carpathiacenter.ro\/en\/wp-json\/wp\/v2\/media?parent=2961"}],"wp:term":[{"taxonomy":"category","embeddable":true,"href":"https:\/\/carpathiacenter.ro\/en\/wp-json\/wp\/v2\/categories?post=2961"},{"taxonomy":"post_tag","embeddable":true,"href":"https:\/\/carpathiacenter.ro\/en\/wp-json\/wp\/v2\/tags?post=2961"}],"curies":[{"name":"wp","href":"https:\/\/api.w.org\/{rel}","templated":true}]}}