{"id":2942,"date":"2025-08-29T09:07:21","date_gmt":"2025-08-29T09:07:21","guid":{"rendered":"https:\/\/carpathiacenter.ro\/?p=2942"},"modified":"2025-08-29T09:20:30","modified_gmt":"2025-08-29T09:20:30","slug":"cresterea-dramatica-a-numarului-de-zile-de-35-celsius-in-23-de-orase-din-romania-arata-cum-s-a-ajuns-la-verile-de-acum-din-romania","status":"publish","type":"post","link":"https:\/\/carpathiacenter.ro\/en\/cresterea-dramatica-a-numarului-de-zile-de-35-celsius-in-23-de-orase-din-romania-arata-cum-s-a-ajuns-la-verile-de-acum-din-romania\/","title":{"rendered":"Cre\u0219terea dramatic\u0103 a num\u0103rului de zile de +35 Celsius \u00een 23 de ora\u0219e din Rom\u00e2nia arat\u0103 cum s-a ajuns la verile de acum din Rom\u00e2nia"},"content":{"rendered":"<div class=\"entry-content\">\n<p><strong>Date oficiale meteo agregate de HotNews pentru 23 de ora\u0219e din \u021bar\u0103 arat\u0103 cum a evoluat \u00een ultimii 40 de ani num\u0103rul de zile caniculare din Rom\u00e2nia. Spre exemplu, la Bra\u0219ov puteau trece 10\u201315 ani f\u0103r\u0103 zile caniculare, \u00een timp ce \u00een vara anului 2024 au fost cinci zile consecutive cu maxime de peste 35 \u00b0C.<\/strong><\/p>\n<h2 class=\"wp-block-heading\"><strong>Turnu M\u0103gurele: de la 3 zile caniculare\/an la ~30\/an<\/strong><\/h2>\n<p>La \u00eenceputul anilor \u201980, Turnu M\u0103gurele avea sub 3 zile caniculare pe an; acum media este ~30\/an. La Bra\u0219ov puteau trece 10\u201315 ani f\u0103r\u0103 zile caniculare, dar \u00een vara 2024 au fost cinci zile consecutive cu maxime &gt;35 \u00b0C.<\/p>\n<p>\u00cen 1984, iunie\u2013iulie au fost cu ~5 \u00b0C mai reci dec\u00e2t lunile similare din 2024. Ultimii 5 ani (2020\u20132024) sunt cei mai calzi din seria meteo pentru Rom\u00e2nia.<\/p>\n<h2 class=\"wp-block-heading\"><strong>A disp\u0103rut \u201evechea clim\u0103\u201d cu veri r\u0103coroase<\/strong><\/h2>\n<p>Perioada 1980\u20131984 a fost semnificativ mai rece. Dup\u0103 2000, \u00eenc\u0103lzirea s-a accentuat, cu o accelerare vizibil\u0103 dup\u0103 2015.<\/p>\n<h2 class=\"wp-block-heading\"><strong>46 de zile cu +35 \u00b0C \u00een 2024 la Bucure\u0219ti<\/strong><\/h2>\n<p>\u00cen sud, zilele caniculare au crescut de 10\u201315 ori fa\u021b\u0103 de anii \u201980. \u00cen 2024: 49 de zile la Calafat \u0219i 46 la Bucure\u0219ti Filaret. Au ap\u0103rut episoade caniculare \u0219i \u00een ora\u0219e unde ele lipseau anterior (Bra\u0219ov, Cluj, Satu Mare, Bistri\u021ba).<\/p>\n<p>\u00cen Moldova, zilele &gt;35 \u00b0C erau foarte rare; acum pot dep\u0103\u0219i 50 \u00een cinci ani.<\/p>\n<h2 class=\"wp-block-heading\"><strong>Zonele \u00eenalte r\u0103m\u00e2n ferite<\/strong><\/h2>\n<p>Peste 1.000 m altitudine (ex. Predeal) nu s-au \u00eenregistrat zile caniculare; la Marea Neagr\u0103 acestea sunt foarte rare, de\u0219i nop\u021bile tropicale sunt frecvente.<\/p>\n<p><em>Record absolut Rom\u00e2nia:<\/em> +44,5 \u00b0C (Ion Sion, jud. Br\u0103ila, 1951).<\/p>\n<h2 class=\"wp-block-heading\"><strong>Recorduri pentru zile caniculare<\/strong><\/h2>\n<ul>\n<li>Cea mai timpurie: 10 aprilie 1985, Bechet, +35,5 \u00b0C<\/li>\n<li>Cea mai t\u00e2rzie: 21 octombrie 2023, Turnu M\u0103gurele +35,1 \u00b0C; Bechet +35 \u00b0C<\/li>\n<li>Cea mai t\u00e2rzie &gt;38 \u00b0C: 15 octombrie 1991, Zimnicea, +38,4 \u00b0C<\/li>\n<li>Sta\u021bii cu cele mai multe zile caniculare: Calafat, Zimnicea, B\u0103ile\u0219ti, Turnu M\u0103gurele, Giurgiu, Alexandria, Bucure\u0219ti Filaret<\/li>\n<\/ul>\n<p>Sursa articolului: <a href=\"https:\/\/hotnews.ro\/cum-a-crescut-numarul-de-zile-caniculare-in-romania-2052982\" target=\"_blank\" rel=\"noopener\">https:\/\/hotnews.ro\/cum-a-crescut-numarul-de-zile-caniculare-in-romania-2052982<\/a><\/p>\n<\/div>","protected":false},"excerpt":{"rendered":"<p>Date oficiale meteo agregate de HotNews pentru 23 de ora\u0219e din \u021bar\u0103 arat\u0103 cum a evoluat \u00een ultimii 40 de ani num\u0103rul de zile caniculare din Rom\u00e2nia. Spre exemplu, la Bra\u0219ov puteau trece 10\u201315 ani f\u0103r\u0103 zile caniculare, \u00een timp ce \u00een vara anului 2024 au fost cinci zile consecutive cu maxime de peste 35&#8230;<\/p>","protected":false},"author":4,"featured_media":2945,"comment_status":"open","ping_status":"open","sticky":false,"template":"","format":"standard","meta":{"footnotes":""},"categories":[1],"tags":[],"class_list":["post-2942","post","type-post","status-publish","format-standard","has-post-thumbnail","hentry","category-uncategorized"],"yoast_head":"<!-- This site is optimized with the Yoast SEO plugin v26.1.1 - https:\/\/yoast.com\/wordpress\/plugins\/seo\/ -->\n<title>Cre\u0219terea dramatic\u0103 a num\u0103rului de zile de +35 Celsius \u00een 23 de ora\u0219e din Rom\u00e2nia arat\u0103 cum s-a ajuns la verile de acum din Rom\u00e2nia - Carpathia Center Romania<\/title>\n<meta name=\"robots\" content=\"index, follow, max-snippet:-1, max-image-preview:large, max-video-preview:-1\" \/>\n<link rel=\"canonical\" href=\"https:\/\/carpathiacenter.ro\/en\/cresterea-dramatica-a-numarului-de-zile-de-35-celsius-in-23-de-orase-din-romania-arata-cum-s-a-ajuns-la-verile-de-acum-din-romania\/\" \/>\n<meta property=\"og:locale\" content=\"en_GB\" \/>\n<meta property=\"og:type\" content=\"article\" \/>\n<meta property=\"og:title\" content=\"Cre\u0219terea dramatic\u0103 a num\u0103rului de zile de +35 Celsius \u00een 23 de ora\u0219e din Rom\u00e2nia arat\u0103 cum s-a ajuns la verile de acum din Rom\u00e2nia - Carpathia Center Romania\" \/>\n<meta property=\"og:description\" content=\"Date oficiale meteo agregate de HotNews pentru 23 de ora\u0219e din \u021bar\u0103 arat\u0103 cum a evoluat \u00een ultimii 40 de ani num\u0103rul de zile caniculare din Rom\u00e2nia. Spre exemplu, la Bra\u0219ov puteau trece 10\u201315 ani f\u0103r\u0103 zile caniculare, \u00een timp ce \u00een vara anului 2024 au fost cinci zile consecutive cu maxime de peste 35...\" \/>\n<meta property=\"og:url\" content=\"https:\/\/carpathiacenter.ro\/en\/cresterea-dramatica-a-numarului-de-zile-de-35-celsius-in-23-de-orase-din-romania-arata-cum-s-a-ajuns-la-verile-de-acum-din-romania\/\" \/>\n<meta property=\"og:site_name\" content=\"Carpathia Center Romania\" \/>\n<meta property=\"article:publisher\" content=\"https:\/\/www.facebook.com\/fdpscarpathia\/\" \/>\n<meta property=\"article:published_time\" content=\"2025-08-29T09:07:21+00:00\" \/>\n<meta property=\"article:modified_time\" content=\"2025-08-29T09:20:30+00:00\" \/>\n<meta property=\"og:image\" content=\"https:\/\/carpathiacenter.ro\/wp-content\/uploads\/2025\/08\/Cresterea-dramatica-a-numarului-de-zile-de-35-Celsius.jpg\" \/>\n\t<meta property=\"og:image:width\" content=\"1200\" \/>\n\t<meta property=\"og:image:height\" content=\"921\" \/>\n\t<meta property=\"og:image:type\" content=\"image\/jpeg\" \/>\n<meta name=\"author\" content=\"creativebitsolutions\" \/>\n<meta name=\"twitter:card\" content=\"summary_large_image\" \/>\n<meta name=\"twitter:label1\" content=\"Written by\" \/>\n\t<meta name=\"twitter:data1\" content=\"creativebitsolutions\" \/>\n\t<meta name=\"twitter:label2\" content=\"Estimated reading time\" \/>\n\t<meta name=\"twitter:data2\" content=\"2 minutes\" \/>\n<script type=\"application\/ld+json\" class=\"yoast-schema-graph\">{\"@context\":\"https:\/\/schema.org\",\"@graph\":[{\"@type\":\"Article\",\"@id\":\"https:\/\/carpathiacenter.ro\/cresterea-dramatica-a-numarului-de-zile-de-35-celsius-in-23-de-orase-din-romania-arata-cum-s-a-ajuns-la-verile-de-acum-din-romania\/#article\",\"isPartOf\":{\"@id\":\"https:\/\/carpathiacenter.ro\/cresterea-dramatica-a-numarului-de-zile-de-35-celsius-in-23-de-orase-din-romania-arata-cum-s-a-ajuns-la-verile-de-acum-din-romania\/\"},\"author\":{\"name\":\"creativebitsolutions\",\"@id\":\"https:\/\/carpathiacenter.ro\/#\/schema\/person\/03d9f58202fee8379268f34afa195006\"},\"headline\":\"Cre\u0219terea dramatic\u0103 a num\u0103rului de zile de +35 Celsius \u00een 23 de ora\u0219e din Rom\u00e2nia arat\u0103 cum s-a ajuns la verile de acum din Rom\u00e2nia\",\"datePublished\":\"2025-08-29T09:07:21+00:00\",\"dateModified\":\"2025-08-29T09:20:30+00:00\",\"mainEntityOfPage\":{\"@id\":\"https:\/\/carpathiacenter.ro\/cresterea-dramatica-a-numarului-de-zile-de-35-celsius-in-23-de-orase-din-romania-arata-cum-s-a-ajuns-la-verile-de-acum-din-romania\/\"},\"wordCount\":344,\"commentCount\":0,\"publisher\":{\"@id\":\"https:\/\/carpathiacenter.ro\/#organization\"},\"image\":{\"@id\":\"https:\/\/carpathiacenter.ro\/cresterea-dramatica-a-numarului-de-zile-de-35-celsius-in-23-de-orase-din-romania-arata-cum-s-a-ajuns-la-verile-de-acum-din-romania\/#primaryimage\"},\"thumbnailUrl\":\"https:\/\/carpathiacenter.ro\/wp-content\/uploads\/2025\/08\/Cresterea-dramatica-a-numarului-de-zile-de-35-Celsius.jpg\",\"articleSection\":[\"Uncategorized\"],\"inLanguage\":\"en-GB\",\"potentialAction\":[{\"@type\":\"CommentAction\",\"name\":\"Comment\",\"target\":[\"https:\/\/carpathiacenter.ro\/cresterea-dramatica-a-numarului-de-zile-de-35-celsius-in-23-de-orase-din-romania-arata-cum-s-a-ajuns-la-verile-de-acum-din-romania\/#respond\"]}]},{\"@type\":\"WebPage\",\"@id\":\"https:\/\/carpathiacenter.ro\/cresterea-dramatica-a-numarului-de-zile-de-35-celsius-in-23-de-orase-din-romania-arata-cum-s-a-ajuns-la-verile-de-acum-din-romania\/\",\"url\":\"https:\/\/carpathiacenter.ro\/cresterea-dramatica-a-numarului-de-zile-de-35-celsius-in-23-de-orase-din-romania-arata-cum-s-a-ajuns-la-verile-de-acum-din-romania\/\",\"name\":\"Cre\u0219terea dramatic\u0103 a num\u0103rului de zile de +35 Celsius \u00een 23 de ora\u0219e din Rom\u00e2nia arat\u0103 cum s-a ajuns la verile de acum din Rom\u00e2nia - Carpathia Center Romania\",\"isPartOf\":{\"@id\":\"https:\/\/carpathiacenter.ro\/#website\"},\"primaryImageOfPage\":{\"@id\":\"https:\/\/carpathiacenter.ro\/cresterea-dramatica-a-numarului-de-zile-de-35-celsius-in-23-de-orase-din-romania-arata-cum-s-a-ajuns-la-verile-de-acum-din-romania\/#primaryimage\"},\"image\":{\"@id\":\"https:\/\/carpathiacenter.ro\/cresterea-dramatica-a-numarului-de-zile-de-35-celsius-in-23-de-orase-din-romania-arata-cum-s-a-ajuns-la-verile-de-acum-din-romania\/#primaryimage\"},\"thumbnailUrl\":\"https:\/\/carpathiacenter.ro\/wp-content\/uploads\/2025\/08\/Cresterea-dramatica-a-numarului-de-zile-de-35-Celsius.jpg\",\"datePublished\":\"2025-08-29T09:07:21+00:00\",\"dateModified\":\"2025-08-29T09:20:30+00:00\",\"breadcrumb\":{\"@id\":\"https:\/\/carpathiacenter.ro\/cresterea-dramatica-a-numarului-de-zile-de-35-celsius-in-23-de-orase-din-romania-arata-cum-s-a-ajuns-la-verile-de-acum-din-romania\/#breadcrumb\"},\"inLanguage\":\"en-GB\",\"potentialAction\":[{\"@type\":\"ReadAction\",\"target\":[\"https:\/\/carpathiacenter.ro\/cresterea-dramatica-a-numarului-de-zile-de-35-celsius-in-23-de-orase-din-romania-arata-cum-s-a-ajuns-la-verile-de-acum-din-romania\/\"]}]},{\"@type\":\"ImageObject\",\"inLanguage\":\"en-GB\",\"@id\":\"https:\/\/carpathiacenter.ro\/cresterea-dramatica-a-numarului-de-zile-de-35-celsius-in-23-de-orase-din-romania-arata-cum-s-a-ajuns-la-verile-de-acum-din-romania\/#primaryimage\",\"url\":\"https:\/\/carpathiacenter.ro\/wp-content\/uploads\/2025\/08\/Cresterea-dramatica-a-numarului-de-zile-de-35-Celsius.jpg\",\"contentUrl\":\"https:\/\/carpathiacenter.ro\/wp-content\/uploads\/2025\/08\/Cresterea-dramatica-a-numarului-de-zile-de-35-Celsius.jpg\",\"width\":1200,\"height\":921},{\"@type\":\"BreadcrumbList\",\"@id\":\"https:\/\/carpathiacenter.ro\/cresterea-dramatica-a-numarului-de-zile-de-35-celsius-in-23-de-orase-din-romania-arata-cum-s-a-ajuns-la-verile-de-acum-din-romania\/#breadcrumb\",\"itemListElement\":[{\"@type\":\"ListItem\",\"position\":1,\"name\":\"Prima pagin\u0103\",\"item\":\"https:\/\/carpathiacenter.ro\/\"},{\"@type\":\"ListItem\",\"position\":2,\"name\":\"Cre\u0219terea dramatic\u0103 a num\u0103rului de zile de +35 Celsius \u00een 23 de ora\u0219e din Rom\u00e2nia arat\u0103 cum s-a ajuns la verile de acum din Rom\u00e2nia\"}]},{\"@type\":\"WebSite\",\"@id\":\"https:\/\/carpathiacenter.ro\/#website\",\"url\":\"https:\/\/carpathiacenter.ro\/\",\"name\":\"Carpathia Center Romania\",\"description\":\"Impossible made possible!\",\"publisher\":{\"@id\":\"https:\/\/carpathiacenter.ro\/#organization\"},\"potentialAction\":[{\"@type\":\"SearchAction\",\"target\":{\"@type\":\"EntryPoint\",\"urlTemplate\":\"https:\/\/carpathiacenter.ro\/?s={search_term_string}\"},\"query-input\":{\"@type\":\"PropertyValueSpecification\",\"valueRequired\":true,\"valueName\":\"search_term_string\"}}],\"inLanguage\":\"en-GB\"},{\"@type\":\"Organization\",\"@id\":\"https:\/\/carpathiacenter.ro\/#organization\",\"name\":\"Carpathia Center Romania\",\"url\":\"https:\/\/carpathiacenter.ro\/\",\"logo\":{\"@type\":\"ImageObject\",\"inLanguage\":\"en-GB\",\"@id\":\"https:\/\/carpathiacenter.ro\/#\/schema\/logo\/image\/\",\"url\":\"https:\/\/carpathiacenter.ro\/wp-content\/uploads\/2024\/07\/logo-carpathia_bg_white-1024x941.png\",\"contentUrl\":\"https:\/\/carpathiacenter.ro\/wp-content\/uploads\/2024\/07\/logo-carpathia_bg_white-1024x941.png\",\"width\":1024,\"height\":941,\"caption\":\"Carpathia Center Romania\"},\"image\":{\"@id\":\"https:\/\/carpathiacenter.ro\/#\/schema\/logo\/image\/\"},\"sameAs\":[\"https:\/\/www.facebook.com\/fdpscarpathia\/\"]},{\"@type\":\"Person\",\"@id\":\"https:\/\/carpathiacenter.ro\/#\/schema\/person\/03d9f58202fee8379268f34afa195006\",\"name\":\"creativebitsolutions\",\"image\":{\"@type\":\"ImageObject\",\"inLanguage\":\"en-GB\",\"@id\":\"https:\/\/carpathiacenter.ro\/#\/schema\/person\/image\/\",\"url\":\"https:\/\/secure.gravatar.com\/avatar\/1b1a13e37f847c635dab78348f1dff2f07651ee2a3d77a5c355a4b8c75f9165a?s=96&d=mm&r=g\",\"contentUrl\":\"https:\/\/secure.gravatar.com\/avatar\/1b1a13e37f847c635dab78348f1dff2f07651ee2a3d77a5c355a4b8c75f9165a?s=96&d=mm&r=g\",\"caption\":\"creativebitsolutions\"},\"url\":\"https:\/\/carpathiacenter.ro\/en\/author\/creativebitsolutions\/\"}]}<\/script>\n<!-- \/ Yoast SEO plugin. -->","yoast_head_json":{"title":"Cre\u0219terea dramatic\u0103 a num\u0103rului de zile de +35 Celsius \u00een 23 de ora\u0219e din Rom\u00e2nia arat\u0103 cum s-a ajuns la verile de acum din Rom\u00e2nia - Carpathia Center Romania","robots":{"index":"index","follow":"follow","max-snippet":"max-snippet:-1","max-image-preview":"max-image-preview:large","max-video-preview":"max-video-preview:-1"},"canonical":"https:\/\/carpathiacenter.ro\/en\/cresterea-dramatica-a-numarului-de-zile-de-35-celsius-in-23-de-orase-din-romania-arata-cum-s-a-ajuns-la-verile-de-acum-din-romania\/","og_locale":"en_GB","og_type":"article","og_title":"Cre\u0219terea dramatic\u0103 a num\u0103rului de zile de +35 Celsius \u00een 23 de ora\u0219e din Rom\u00e2nia arat\u0103 cum s-a ajuns la verile de acum din Rom\u00e2nia - Carpathia Center Romania","og_description":"Date oficiale meteo agregate de HotNews pentru 23 de ora\u0219e din \u021bar\u0103 arat\u0103 cum a evoluat \u00een ultimii 40 de ani num\u0103rul de zile caniculare din Rom\u00e2nia. Spre exemplu, la Bra\u0219ov puteau trece 10\u201315 ani f\u0103r\u0103 zile caniculare, \u00een timp ce \u00een vara anului 2024 au fost cinci zile consecutive cu maxime de peste 35...","og_url":"https:\/\/carpathiacenter.ro\/en\/cresterea-dramatica-a-numarului-de-zile-de-35-celsius-in-23-de-orase-din-romania-arata-cum-s-a-ajuns-la-verile-de-acum-din-romania\/","og_site_name":"Carpathia Center Romania","article_publisher":"https:\/\/www.facebook.com\/fdpscarpathia\/","article_published_time":"2025-08-29T09:07:21+00:00","article_modified_time":"2025-08-29T09:20:30+00:00","og_image":[{"width":1200,"height":921,"url":"https:\/\/carpathiacenter.ro\/wp-content\/uploads\/2025\/08\/Cresterea-dramatica-a-numarului-de-zile-de-35-Celsius.jpg","type":"image\/jpeg"}],"author":"creativebitsolutions","twitter_card":"summary_large_image","twitter_misc":{"Written by":"creativebitsolutions","Estimated reading time":"2 minutes"},"schema":{"@context":"https:\/\/schema.org","@graph":[{"@type":"Article","@id":"https:\/\/carpathiacenter.ro\/cresterea-dramatica-a-numarului-de-zile-de-35-celsius-in-23-de-orase-din-romania-arata-cum-s-a-ajuns-la-verile-de-acum-din-romania\/#article","isPartOf":{"@id":"https:\/\/carpathiacenter.ro\/cresterea-dramatica-a-numarului-de-zile-de-35-celsius-in-23-de-orase-din-romania-arata-cum-s-a-ajuns-la-verile-de-acum-din-romania\/"},"author":{"name":"creativebitsolutions","@id":"https:\/\/carpathiacenter.ro\/#\/schema\/person\/03d9f58202fee8379268f34afa195006"},"headline":"Cre\u0219terea dramatic\u0103 a num\u0103rului de zile de +35 Celsius \u00een 23 de ora\u0219e din Rom\u00e2nia arat\u0103 cum s-a ajuns la verile de acum din Rom\u00e2nia","datePublished":"2025-08-29T09:07:21+00:00","dateModified":"2025-08-29T09:20:30+00:00","mainEntityOfPage":{"@id":"https:\/\/carpathiacenter.ro\/cresterea-dramatica-a-numarului-de-zile-de-35-celsius-in-23-de-orase-din-romania-arata-cum-s-a-ajuns-la-verile-de-acum-din-romania\/"},"wordCount":344,"commentCount":0,"publisher":{"@id":"https:\/\/carpathiacenter.ro\/#organization"},"image":{"@id":"https:\/\/carpathiacenter.ro\/cresterea-dramatica-a-numarului-de-zile-de-35-celsius-in-23-de-orase-din-romania-arata-cum-s-a-ajuns-la-verile-de-acum-din-romania\/#primaryimage"},"thumbnailUrl":"https:\/\/carpathiacenter.ro\/wp-content\/uploads\/2025\/08\/Cresterea-dramatica-a-numarului-de-zile-de-35-Celsius.jpg","articleSection":["Uncategorized"],"inLanguage":"en-GB","potentialAction":[{"@type":"CommentAction","name":"Comment","target":["https:\/\/carpathiacenter.ro\/cresterea-dramatica-a-numarului-de-zile-de-35-celsius-in-23-de-orase-din-romania-arata-cum-s-a-ajuns-la-verile-de-acum-din-romania\/#respond"]}]},{"@type":"WebPage","@id":"https:\/\/carpathiacenter.ro\/cresterea-dramatica-a-numarului-de-zile-de-35-celsius-in-23-de-orase-din-romania-arata-cum-s-a-ajuns-la-verile-de-acum-din-romania\/","url":"https:\/\/carpathiacenter.ro\/cresterea-dramatica-a-numarului-de-zile-de-35-celsius-in-23-de-orase-din-romania-arata-cum-s-a-ajuns-la-verile-de-acum-din-romania\/","name":"Cre\u0219terea dramatic\u0103 a num\u0103rului de zile de +35 Celsius \u00een 23 de ora\u0219e din Rom\u00e2nia arat\u0103 cum s-a ajuns la verile de acum din Rom\u00e2nia - Carpathia Center Romania","isPartOf":{"@id":"https:\/\/carpathiacenter.ro\/#website"},"primaryImageOfPage":{"@id":"https:\/\/carpathiacenter.ro\/cresterea-dramatica-a-numarului-de-zile-de-35-celsius-in-23-de-orase-din-romania-arata-cum-s-a-ajuns-la-verile-de-acum-din-romania\/#primaryimage"},"image":{"@id":"https:\/\/carpathiacenter.ro\/cresterea-dramatica-a-numarului-de-zile-de-35-celsius-in-23-de-orase-din-romania-arata-cum-s-a-ajuns-la-verile-de-acum-din-romania\/#primaryimage"},"thumbnailUrl":"https:\/\/carpathiacenter.ro\/wp-content\/uploads\/2025\/08\/Cresterea-dramatica-a-numarului-de-zile-de-35-Celsius.jpg","datePublished":"2025-08-29T09:07:21+00:00","dateModified":"2025-08-29T09:20:30+00:00","breadcrumb":{"@id":"https:\/\/carpathiacenter.ro\/cresterea-dramatica-a-numarului-de-zile-de-35-celsius-in-23-de-orase-din-romania-arata-cum-s-a-ajuns-la-verile-de-acum-din-romania\/#breadcrumb"},"inLanguage":"en-GB","potentialAction":[{"@type":"ReadAction","target":["https:\/\/carpathiacenter.ro\/cresterea-dramatica-a-numarului-de-zile-de-35-celsius-in-23-de-orase-din-romania-arata-cum-s-a-ajuns-la-verile-de-acum-din-romania\/"]}]},{"@type":"ImageObject","inLanguage":"en-GB","@id":"https:\/\/carpathiacenter.ro\/cresterea-dramatica-a-numarului-de-zile-de-35-celsius-in-23-de-orase-din-romania-arata-cum-s-a-ajuns-la-verile-de-acum-din-romania\/#primaryimage","url":"https:\/\/carpathiacenter.ro\/wp-content\/uploads\/2025\/08\/Cresterea-dramatica-a-numarului-de-zile-de-35-Celsius.jpg","contentUrl":"https:\/\/carpathiacenter.ro\/wp-content\/uploads\/2025\/08\/Cresterea-dramatica-a-numarului-de-zile-de-35-Celsius.jpg","width":1200,"height":921},{"@type":"BreadcrumbList","@id":"https:\/\/carpathiacenter.ro\/cresterea-dramatica-a-numarului-de-zile-de-35-celsius-in-23-de-orase-din-romania-arata-cum-s-a-ajuns-la-verile-de-acum-din-romania\/#breadcrumb","itemListElement":[{"@type":"ListItem","position":1,"name":"Prima pagin\u0103","item":"https:\/\/carpathiacenter.ro\/"},{"@type":"ListItem","position":2,"name":"Cre\u0219terea dramatic\u0103 a num\u0103rului de zile de +35 Celsius \u00een 23 de ora\u0219e din Rom\u00e2nia arat\u0103 cum s-a ajuns la verile de acum din Rom\u00e2nia"}]},{"@type":"WebSite","@id":"https:\/\/carpathiacenter.ro\/#website","url":"https:\/\/carpathiacenter.ro\/","name":"Carpathia Center Romania","description":"Impossible made possible!","publisher":{"@id":"https:\/\/carpathiacenter.ro\/#organization"},"potentialAction":[{"@type":"SearchAction","target":{"@type":"EntryPoint","urlTemplate":"https:\/\/carpathiacenter.ro\/?s={search_term_string}"},"query-input":{"@type":"PropertyValueSpecification","valueRequired":true,"valueName":"search_term_string"}}],"inLanguage":"en-GB"},{"@type":"Organization","@id":"https:\/\/carpathiacenter.ro\/#organization","name":"Carpathia Center Romania","url":"https:\/\/carpathiacenter.ro\/","logo":{"@type":"ImageObject","inLanguage":"en-GB","@id":"https:\/\/carpathiacenter.ro\/#\/schema\/logo\/image\/","url":"https:\/\/carpathiacenter.ro\/wp-content\/uploads\/2024\/07\/logo-carpathia_bg_white-1024x941.png","contentUrl":"https:\/\/carpathiacenter.ro\/wp-content\/uploads\/2024\/07\/logo-carpathia_bg_white-1024x941.png","width":1024,"height":941,"caption":"Carpathia Center Romania"},"image":{"@id":"https:\/\/carpathiacenter.ro\/#\/schema\/logo\/image\/"},"sameAs":["https:\/\/www.facebook.com\/fdpscarpathia\/"]},{"@type":"Person","@id":"https:\/\/carpathiacenter.ro\/#\/schema\/person\/03d9f58202fee8379268f34afa195006","name":"creativebitsolutions","image":{"@type":"ImageObject","inLanguage":"en-GB","@id":"https:\/\/carpathiacenter.ro\/#\/schema\/person\/image\/","url":"https:\/\/secure.gravatar.com\/avatar\/1b1a13e37f847c635dab78348f1dff2f07651ee2a3d77a5c355a4b8c75f9165a?s=96&d=mm&r=g","contentUrl":"https:\/\/secure.gravatar.com\/avatar\/1b1a13e37f847c635dab78348f1dff2f07651ee2a3d77a5c355a4b8c75f9165a?s=96&d=mm&r=g","caption":"creativebitsolutions"},"url":"https:\/\/carpathiacenter.ro\/en\/author\/creativebitsolutions\/"}]}},"_links":{"self":[{"href":"https:\/\/carpathiacenter.ro\/en\/wp-json\/wp\/v2\/posts\/2942","targetHints":{"allow":["GET"]}}],"collection":[{"href":"https:\/\/carpathiacenter.ro\/en\/wp-json\/wp\/v2\/posts"}],"about":[{"href":"https:\/\/carpathiacenter.ro\/en\/wp-json\/wp\/v2\/types\/post"}],"author":[{"embeddable":true,"href":"https:\/\/carpathiacenter.ro\/en\/wp-json\/wp\/v2\/users\/4"}],"replies":[{"embeddable":true,"href":"https:\/\/carpathiacenter.ro\/en\/wp-json\/wp\/v2\/comments?post=2942"}],"version-history":[{"count":9,"href":"https:\/\/carpathiacenter.ro\/en\/wp-json\/wp\/v2\/posts\/2942\/revisions"}],"predecessor-version":[{"id":2952,"href":"https:\/\/carpathiacenter.ro\/en\/wp-json\/wp\/v2\/posts\/2942\/revisions\/2952"}],"wp:featuredmedia":[{"embeddable":true,"href":"https:\/\/carpathiacenter.ro\/en\/wp-json\/wp\/v2\/media\/2945"}],"wp:attachment":[{"href":"https:\/\/carpathiacenter.ro\/en\/wp-json\/wp\/v2\/media?parent=2942"}],"wp:term":[{"taxonomy":"category","embeddable":true,"href":"https:\/\/carpathiacenter.ro\/en\/wp-json\/wp\/v2\/categories?post=2942"},{"taxonomy":"post_tag","embeddable":true,"href":"https:\/\/carpathiacenter.ro\/en\/wp-json\/wp\/v2\/tags?post=2942"}],"curies":[{"name":"wp","href":"https:\/\/api.w.org\/{rel}","templated":true}]}}