{"id":2937,"date":"2025-08-28T09:21:16","date_gmt":"2025-08-28T09:21:16","guid":{"rendered":"https:\/\/carpathiacenter.ro\/?p=2937"},"modified":"2025-08-28T09:21:16","modified_gmt":"2025-08-28T09:21:16","slug":"reuniune-informala-a-ministrilor-apararii-si-de-externe-ai-ue-la-copenhaga-28-29-august-2025","status":"publish","type":"post","link":"https:\/\/carpathiacenter.ro\/en\/reuniune-informala-a-ministrilor-apararii-si-de-externe-ai-ue-la-copenhaga-28-29-august-2025\/","title":{"rendered":"Reuniune informal\u0103 a mini\u015ftrilor ap\u0103r\u0103rii \u015fi de externe ai UE, la Copenhaga (28-29 august 2025)"},"content":{"rendered":"<p>O reuniune informal\u0103 a mini\u015ftrilor ap\u0103r\u0103rii \u015fi de externe ai UE are loc la Copenhaga, \u00een intervalul 28-30 august 2025, sub egida pre\u015fedin\u0163iei daneze a Uniunii \u00een colaborare cu Ac\u0163iunea extern\u0103 a Uniunii Europene \u015fi Comisia European\u0103. \u00cen perioada 28-29 august se reunesc mini\u015ftrii ap\u0103r\u0103rii din UE, \u00een timp ce \u00eentre 29 \u015fi 30 august are loc \u00eent\u00e2lnirea \u00eentre mini\u015ftrii de externe, \u00een format Gymnich, conform<a href=\"https:\/\/danish-presidency.consilium.europa.eu\/\" target=\"_blank\"> https:\/\/danish-presidency.consilium.europa.eu\/<\/a>.<\/p>\n<p>&nbsp;<\/p>\n<p>La reuniunea mini\u015ftrilor ap\u0103r\u0103rii se vor lua \u00een discu\u0163ie teme precum cooperarea UE \u00een materie de securitate \u015fi ap\u0103rare, suportul militar oferit Ucrainei sau opera\u0163iunile \u015fi misiunile militare ale UE.<\/p>\n<p>&nbsp;<\/p>\n<p>\u00cen ceea ce prive\u015fte \u00eent\u00e2lnirea dintre mini\u015ftrii de externe, formatul informal creeaz\u0103 o oportunitate pentru discu\u0163ii \u015fi reflec\u0163ii mai deschise asupra aspectelor strategice legate de rolul \u015fi pozi\u0163ia UE pe scena mondial\u0103, dar \u015fi aspecte legate de investi\u0163iile europene comune, ajutorul umanitar \u015fi parteneriatele interna\u0163ionale, informeaz\u0103 site-ul <a href=\"https:\/\/danish-presidency.consilium.europa.eu\/\" target=\"_blank\">https:\/\/danish-presidency.consilium.europa.eu\/<\/a>.<\/p>\n<p>&nbsp; &nbsp; &nbsp; &nbsp; &nbsp; &nbsp; &nbsp; &nbsp; &nbsp; &nbsp; &nbsp; &nbsp; &nbsp; &nbsp; &nbsp; &nbsp; &nbsp; &nbsp; &nbsp; &nbsp; &nbsp; &nbsp; &nbsp; &nbsp; &nbsp; &nbsp; &nbsp; &nbsp; &nbsp; &nbsp; &nbsp; &nbsp; &nbsp; &nbsp; &nbsp; &nbsp; &nbsp; &nbsp; &nbsp; &nbsp; &nbsp; &nbsp; &nbsp; &nbsp; &nbsp; &nbsp; &nbsp; &nbsp; &nbsp; &nbsp; &nbsp; &nbsp; &nbsp; &nbsp; &nbsp; &nbsp; &nbsp; &nbsp; &nbsp; &nbsp; &nbsp; &nbsp; &nbsp; &nbsp; &nbsp; &nbsp; ***<\/p>\n<p>Reuniunea informal\u0103 a mini\u015ftrilor de externe ai UE, cunoscut\u0103 drept Gymnich, dup\u0103 numele locului \u00een care a avut loc, pentru prima dat\u0103 o astfel de reuniune, \u00een 1974, \u00een Germania, se desf\u0103\u015foar\u0103 bianual \u015fi este g\u0103zduit\u0103 de statul care de\u0163ine pre\u015fedin\u0163ia rotativ\u0103 a Consiliului Uniunii Europene \u015fi prezidat\u0103 de \u00cenaltul Reprezentant al Uniunii Europene pentru Afaceri Externe \u015fi Politica de Securitate, conform site-urilor <a href=\"https:\/\/www.mae.ro\/\" target=\"_blank\">mae.ro<\/a> \u015fi <a href=\"https:\/\/www.eu2020.de\/\" target=\"_blank\">https:\/\/www.eu2020.de<\/a>\/.<\/p>\n<p>&nbsp;<\/p>\n<p>Cu acest prilej, sunt discutate subiecte importante de pe agenda interna\u0163ional\u0103 \u015fi de interes pentru UE, a c\u0103ror list\u0103 este stabilit\u0103 de \u00cenaltul Reprezentant, \u00een consultare cu statul gazd\u0103. Spre deosebire de reuniunile formale sau informale ale Consiliului Afaceri Externe, la discu\u0163iile \u00een format Gymnich nu se adopt\u0103 concluzii \u015fi nici alte documente.&nbsp;<\/p>\n<p>&nbsp;<\/p>\n<p>Anterioara reuniune a mini\u015ftrilor de externe \u00een format Gymnich s-a desf\u0103\u015furat \u00een 7-8 mai 2025. Majoritatea participan\u0163ilor au fost de acord, \u00een cadrul discu\u0163iilor, c\u0103 lipsa progreselor \u00een direc\u0163ia p\u0103cii \u00een Ucraina se datoreaz\u0103 pozi\u0163iei intransigente a Rusiei, ac\u0163iunile acesteia confirm\u00e2nd c\u0103 nu are nicio inten\u0163ie real\u0103 de a \u00eenceta ostilit\u0103\u0163ile \u015fi de a c\u0103uta solu\u0163ii diplomatice la conflict. \u00cen ceea ce prive\u015fte rela\u0163iile comerciale transatlantice, mini\u015ftrii au convenit, \u00een context, c\u0103 situa\u0163ia actual\u0103 nu avantajeaz\u0103 niciuna dintre p\u0103r\u0163i, dar c\u0103 Uniunea r\u0103m\u00e2ne un partener comercial cheie pentru SUA, motiv pentru care ac\u0163iunea unitar\u0103 consolideaz\u0103 pozi\u0163ia de negociere a Europei. \u00cen discu\u0163ia despre securitate, s-au abordat, cu mini\u015ftrii \u0163\u0103rilor candidate \u015fi poten\u0163ial candidate, atacurile hibride \u015fi campaniile care vizau at\u00e2t \u0163\u0103rile membre ale UE, c\u00e2t \u015fi \u0163\u0103rile aspirante, scrie site-ul <a href=\"https:\/\/www.gov.pl\/\" target=\"_blank\">https:\/\/www.gov.pl\/<\/a>. AGERPRES\/ (Documentare &#8211; Ionela Gavril, editor: Horia Plugaru, editor online: Alexandru Cojocaru)<br \/>\n<br \/>\nSursa articolului:  <a href=\"https:\/\/agerpres.ro\/documentare\/2025\/08\/28\/reuniune-informala-a-ministrilor-apararii-si-de-externe-ai-ue-la-copenhaga-28-29-august-2025--1479113\" target=\"_blank\" rel=\"noopener\" title=\"\">https:\/\/agerpres.ro\/documentare\/2025\/08\/28\/reuniune-informala-a-ministrilor-apararii-si-de-externe-ai-ue-la-copenhaga-28-29-august-2025&#8211;1479113<\/a><\/p>","protected":false},"excerpt":{"rendered":"<p>O reuniune informal\u0103 a mini\u015ftrilor ap\u0103r\u0103rii \u015fi de externe ai UE are loc la Copenhaga, \u00een intervalul 28-30 august 2025, sub egida pre\u015fedin\u0163iei daneze a Uniunii \u00een colaborare cu Ac\u0163iunea extern\u0103 a Uniunii Europene \u015fi Comisia European\u0103. \u00cen perioada 28-29 august se reunesc mini\u015ftrii ap\u0103r\u0103rii din UE, \u00een timp ce \u00eentre 29 \u015fi 30 august&#8230;<\/p>","protected":false},"author":4,"featured_media":2938,"comment_status":"open","ping_status":"open","sticky":false,"template":"","format":"standard","meta":{"footnotes":""},"categories":[1],"tags":[],"class_list":["post-2937","post","type-post","status-publish","format-standard","has-post-thumbnail","hentry","category-uncategorized"],"yoast_head":"<!-- This site is optimized with the Yoast SEO plugin v26.1.1 - https:\/\/yoast.com\/wordpress\/plugins\/seo\/ -->\n<title>Reuniune informal\u0103 a mini\u015ftrilor ap\u0103r\u0103rii \u015fi de externe ai UE, la Copenhaga (28-29 august 2025) - Carpathia Center Romania<\/title>\n<meta name=\"robots\" content=\"index, follow, max-snippet:-1, max-image-preview:large, max-video-preview:-1\" \/>\n<link rel=\"canonical\" href=\"https:\/\/carpathiacenter.ro\/en\/reuniune-informala-a-ministrilor-apararii-si-de-externe-ai-ue-la-copenhaga-28-29-august-2025\/\" \/>\n<meta property=\"og:locale\" content=\"en_GB\" \/>\n<meta property=\"og:type\" content=\"article\" \/>\n<meta property=\"og:title\" content=\"Reuniune informal\u0103 a mini\u015ftrilor ap\u0103r\u0103rii \u015fi de externe ai UE, la Copenhaga (28-29 august 2025) - Carpathia Center Romania\" \/>\n<meta property=\"og:description\" content=\"O reuniune informal\u0103 a mini\u015ftrilor ap\u0103r\u0103rii \u015fi de externe ai UE are loc la Copenhaga, \u00een intervalul 28-30 august 2025, sub egida pre\u015fedin\u0163iei daneze a Uniunii \u00een colaborare cu Ac\u0163iunea extern\u0103 a Uniunii Europene \u015fi Comisia European\u0103. \u00cen perioada 28-29 august se reunesc mini\u015ftrii ap\u0103r\u0103rii din UE, \u00een timp ce \u00eentre 29 \u015fi 30 august...\" \/>\n<meta property=\"og:url\" content=\"https:\/\/carpathiacenter.ro\/en\/reuniune-informala-a-ministrilor-apararii-si-de-externe-ai-ue-la-copenhaga-28-29-august-2025\/\" \/>\n<meta property=\"og:site_name\" content=\"Carpathia Center Romania\" \/>\n<meta property=\"article:publisher\" content=\"https:\/\/www.facebook.com\/fdpscarpathia\/\" \/>\n<meta property=\"article:published_time\" content=\"2025-08-28T09:21:16+00:00\" \/>\n<meta property=\"og:image\" content=\"https:\/\/carpathiacenter.ro\/wp-content\/uploads\/2025\/08\/copenhaga.jpg\" \/>\n\t<meta property=\"og:image:width\" content=\"1202\" \/>\n\t<meta property=\"og:image:height\" content=\"800\" \/>\n\t<meta property=\"og:image:type\" content=\"image\/jpeg\" \/>\n<meta name=\"author\" content=\"creativebitsolutions\" \/>\n<meta name=\"twitter:card\" content=\"summary_large_image\" \/>\n<meta name=\"twitter:label1\" content=\"Written by\" \/>\n\t<meta name=\"twitter:data1\" content=\"creativebitsolutions\" \/>\n\t<meta name=\"twitter:label2\" content=\"Estimated reading time\" \/>\n\t<meta name=\"twitter:data2\" content=\"3 minutes\" \/>\n<script type=\"application\/ld+json\" class=\"yoast-schema-graph\">{\"@context\":\"https:\/\/schema.org\",\"@graph\":[{\"@type\":\"Article\",\"@id\":\"https:\/\/carpathiacenter.ro\/reuniune-informala-a-ministrilor-apararii-si-de-externe-ai-ue-la-copenhaga-28-29-august-2025\/#article\",\"isPartOf\":{\"@id\":\"https:\/\/carpathiacenter.ro\/reuniune-informala-a-ministrilor-apararii-si-de-externe-ai-ue-la-copenhaga-28-29-august-2025\/\"},\"author\":{\"name\":\"creativebitsolutions\",\"@id\":\"https:\/\/carpathiacenter.ro\/#\/schema\/person\/03d9f58202fee8379268f34afa195006\"},\"headline\":\"Reuniune informal\u0103 a mini\u015ftrilor ap\u0103r\u0103rii \u015fi de externe ai UE, la Copenhaga (28-29 august 2025)\",\"datePublished\":\"2025-08-28T09:21:16+00:00\",\"mainEntityOfPage\":{\"@id\":\"https:\/\/carpathiacenter.ro\/reuniune-informala-a-ministrilor-apararii-si-de-externe-ai-ue-la-copenhaga-28-29-august-2025\/\"},\"wordCount\":577,\"commentCount\":0,\"publisher\":{\"@id\":\"https:\/\/carpathiacenter.ro\/#organization\"},\"image\":{\"@id\":\"https:\/\/carpathiacenter.ro\/reuniune-informala-a-ministrilor-apararii-si-de-externe-ai-ue-la-copenhaga-28-29-august-2025\/#primaryimage\"},\"thumbnailUrl\":\"https:\/\/carpathiacenter.ro\/wp-content\/uploads\/2025\/08\/copenhaga.jpg\",\"articleSection\":[\"Uncategorized\"],\"inLanguage\":\"en-GB\",\"potentialAction\":[{\"@type\":\"CommentAction\",\"name\":\"Comment\",\"target\":[\"https:\/\/carpathiacenter.ro\/reuniune-informala-a-ministrilor-apararii-si-de-externe-ai-ue-la-copenhaga-28-29-august-2025\/#respond\"]}]},{\"@type\":\"WebPage\",\"@id\":\"https:\/\/carpathiacenter.ro\/reuniune-informala-a-ministrilor-apararii-si-de-externe-ai-ue-la-copenhaga-28-29-august-2025\/\",\"url\":\"https:\/\/carpathiacenter.ro\/reuniune-informala-a-ministrilor-apararii-si-de-externe-ai-ue-la-copenhaga-28-29-august-2025\/\",\"name\":\"Reuniune informal\u0103 a mini\u015ftrilor ap\u0103r\u0103rii \u015fi de externe ai UE, la Copenhaga (28-29 august 2025) - Carpathia Center Romania\",\"isPartOf\":{\"@id\":\"https:\/\/carpathiacenter.ro\/#website\"},\"primaryImageOfPage\":{\"@id\":\"https:\/\/carpathiacenter.ro\/reuniune-informala-a-ministrilor-apararii-si-de-externe-ai-ue-la-copenhaga-28-29-august-2025\/#primaryimage\"},\"image\":{\"@id\":\"https:\/\/carpathiacenter.ro\/reuniune-informala-a-ministrilor-apararii-si-de-externe-ai-ue-la-copenhaga-28-29-august-2025\/#primaryimage\"},\"thumbnailUrl\":\"https:\/\/carpathiacenter.ro\/wp-content\/uploads\/2025\/08\/copenhaga.jpg\",\"datePublished\":\"2025-08-28T09:21:16+00:00\",\"breadcrumb\":{\"@id\":\"https:\/\/carpathiacenter.ro\/reuniune-informala-a-ministrilor-apararii-si-de-externe-ai-ue-la-copenhaga-28-29-august-2025\/#breadcrumb\"},\"inLanguage\":\"en-GB\",\"potentialAction\":[{\"@type\":\"ReadAction\",\"target\":[\"https:\/\/carpathiacenter.ro\/reuniune-informala-a-ministrilor-apararii-si-de-externe-ai-ue-la-copenhaga-28-29-august-2025\/\"]}]},{\"@type\":\"ImageObject\",\"inLanguage\":\"en-GB\",\"@id\":\"https:\/\/carpathiacenter.ro\/reuniune-informala-a-ministrilor-apararii-si-de-externe-ai-ue-la-copenhaga-28-29-august-2025\/#primaryimage\",\"url\":\"https:\/\/carpathiacenter.ro\/wp-content\/uploads\/2025\/08\/copenhaga.jpg\",\"contentUrl\":\"https:\/\/carpathiacenter.ro\/wp-content\/uploads\/2025\/08\/copenhaga.jpg\",\"width\":1202,\"height\":800},{\"@type\":\"BreadcrumbList\",\"@id\":\"https:\/\/carpathiacenter.ro\/reuniune-informala-a-ministrilor-apararii-si-de-externe-ai-ue-la-copenhaga-28-29-august-2025\/#breadcrumb\",\"itemListElement\":[{\"@type\":\"ListItem\",\"position\":1,\"name\":\"Prima pagin\u0103\",\"item\":\"https:\/\/carpathiacenter.ro\/\"},{\"@type\":\"ListItem\",\"position\":2,\"name\":\"Reuniune informal\u0103 a mini\u015ftrilor ap\u0103r\u0103rii \u015fi de externe ai UE, la Copenhaga (28-29 august 2025)\"}]},{\"@type\":\"WebSite\",\"@id\":\"https:\/\/carpathiacenter.ro\/#website\",\"url\":\"https:\/\/carpathiacenter.ro\/\",\"name\":\"Carpathia Center Romania\",\"description\":\"Impossible made possible!\",\"publisher\":{\"@id\":\"https:\/\/carpathiacenter.ro\/#organization\"},\"potentialAction\":[{\"@type\":\"SearchAction\",\"target\":{\"@type\":\"EntryPoint\",\"urlTemplate\":\"https:\/\/carpathiacenter.ro\/?s={search_term_string}\"},\"query-input\":{\"@type\":\"PropertyValueSpecification\",\"valueRequired\":true,\"valueName\":\"search_term_string\"}}],\"inLanguage\":\"en-GB\"},{\"@type\":\"Organization\",\"@id\":\"https:\/\/carpathiacenter.ro\/#organization\",\"name\":\"Carpathia Center Romania\",\"url\":\"https:\/\/carpathiacenter.ro\/\",\"logo\":{\"@type\":\"ImageObject\",\"inLanguage\":\"en-GB\",\"@id\":\"https:\/\/carpathiacenter.ro\/#\/schema\/logo\/image\/\",\"url\":\"https:\/\/carpathiacenter.ro\/wp-content\/uploads\/2024\/07\/logo-carpathia_bg_white-1024x941.png\",\"contentUrl\":\"https:\/\/carpathiacenter.ro\/wp-content\/uploads\/2024\/07\/logo-carpathia_bg_white-1024x941.png\",\"width\":1024,\"height\":941,\"caption\":\"Carpathia Center Romania\"},\"image\":{\"@id\":\"https:\/\/carpathiacenter.ro\/#\/schema\/logo\/image\/\"},\"sameAs\":[\"https:\/\/www.facebook.com\/fdpscarpathia\/\"]},{\"@type\":\"Person\",\"@id\":\"https:\/\/carpathiacenter.ro\/#\/schema\/person\/03d9f58202fee8379268f34afa195006\",\"name\":\"creativebitsolutions\",\"image\":{\"@type\":\"ImageObject\",\"inLanguage\":\"en-GB\",\"@id\":\"https:\/\/carpathiacenter.ro\/#\/schema\/person\/image\/\",\"url\":\"https:\/\/secure.gravatar.com\/avatar\/1b1a13e37f847c635dab78348f1dff2f07651ee2a3d77a5c355a4b8c75f9165a?s=96&d=mm&r=g\",\"contentUrl\":\"https:\/\/secure.gravatar.com\/avatar\/1b1a13e37f847c635dab78348f1dff2f07651ee2a3d77a5c355a4b8c75f9165a?s=96&d=mm&r=g\",\"caption\":\"creativebitsolutions\"},\"url\":\"https:\/\/carpathiacenter.ro\/en\/author\/creativebitsolutions\/\"}]}<\/script>\n<!-- \/ Yoast SEO plugin. -->","yoast_head_json":{"title":"Reuniune informal\u0103 a mini\u015ftrilor ap\u0103r\u0103rii \u015fi de externe ai UE, la Copenhaga (28-29 august 2025) - Carpathia Center Romania","robots":{"index":"index","follow":"follow","max-snippet":"max-snippet:-1","max-image-preview":"max-image-preview:large","max-video-preview":"max-video-preview:-1"},"canonical":"https:\/\/carpathiacenter.ro\/en\/reuniune-informala-a-ministrilor-apararii-si-de-externe-ai-ue-la-copenhaga-28-29-august-2025\/","og_locale":"en_GB","og_type":"article","og_title":"Reuniune informal\u0103 a mini\u015ftrilor ap\u0103r\u0103rii \u015fi de externe ai UE, la Copenhaga (28-29 august 2025) - Carpathia Center Romania","og_description":"O reuniune informal\u0103 a mini\u015ftrilor ap\u0103r\u0103rii \u015fi de externe ai UE are loc la Copenhaga, \u00een intervalul 28-30 august 2025, sub egida pre\u015fedin\u0163iei daneze a Uniunii \u00een colaborare cu Ac\u0163iunea extern\u0103 a Uniunii Europene \u015fi Comisia European\u0103. \u00cen perioada 28-29 august se reunesc mini\u015ftrii ap\u0103r\u0103rii din UE, \u00een timp ce \u00eentre 29 \u015fi 30 august...","og_url":"https:\/\/carpathiacenter.ro\/en\/reuniune-informala-a-ministrilor-apararii-si-de-externe-ai-ue-la-copenhaga-28-29-august-2025\/","og_site_name":"Carpathia Center Romania","article_publisher":"https:\/\/www.facebook.com\/fdpscarpathia\/","article_published_time":"2025-08-28T09:21:16+00:00","og_image":[{"width":1202,"height":800,"url":"https:\/\/carpathiacenter.ro\/wp-content\/uploads\/2025\/08\/copenhaga.jpg","type":"image\/jpeg"}],"author":"creativebitsolutions","twitter_card":"summary_large_image","twitter_misc":{"Written by":"creativebitsolutions","Estimated reading time":"3 minutes"},"schema":{"@context":"https:\/\/schema.org","@graph":[{"@type":"Article","@id":"https:\/\/carpathiacenter.ro\/reuniune-informala-a-ministrilor-apararii-si-de-externe-ai-ue-la-copenhaga-28-29-august-2025\/#article","isPartOf":{"@id":"https:\/\/carpathiacenter.ro\/reuniune-informala-a-ministrilor-apararii-si-de-externe-ai-ue-la-copenhaga-28-29-august-2025\/"},"author":{"name":"creativebitsolutions","@id":"https:\/\/carpathiacenter.ro\/#\/schema\/person\/03d9f58202fee8379268f34afa195006"},"headline":"Reuniune informal\u0103 a mini\u015ftrilor ap\u0103r\u0103rii \u015fi de externe ai UE, la Copenhaga (28-29 august 2025)","datePublished":"2025-08-28T09:21:16+00:00","mainEntityOfPage":{"@id":"https:\/\/carpathiacenter.ro\/reuniune-informala-a-ministrilor-apararii-si-de-externe-ai-ue-la-copenhaga-28-29-august-2025\/"},"wordCount":577,"commentCount":0,"publisher":{"@id":"https:\/\/carpathiacenter.ro\/#organization"},"image":{"@id":"https:\/\/carpathiacenter.ro\/reuniune-informala-a-ministrilor-apararii-si-de-externe-ai-ue-la-copenhaga-28-29-august-2025\/#primaryimage"},"thumbnailUrl":"https:\/\/carpathiacenter.ro\/wp-content\/uploads\/2025\/08\/copenhaga.jpg","articleSection":["Uncategorized"],"inLanguage":"en-GB","potentialAction":[{"@type":"CommentAction","name":"Comment","target":["https:\/\/carpathiacenter.ro\/reuniune-informala-a-ministrilor-apararii-si-de-externe-ai-ue-la-copenhaga-28-29-august-2025\/#respond"]}]},{"@type":"WebPage","@id":"https:\/\/carpathiacenter.ro\/reuniune-informala-a-ministrilor-apararii-si-de-externe-ai-ue-la-copenhaga-28-29-august-2025\/","url":"https:\/\/carpathiacenter.ro\/reuniune-informala-a-ministrilor-apararii-si-de-externe-ai-ue-la-copenhaga-28-29-august-2025\/","name":"Reuniune informal\u0103 a mini\u015ftrilor ap\u0103r\u0103rii \u015fi de externe ai UE, la Copenhaga (28-29 august 2025) - Carpathia Center Romania","isPartOf":{"@id":"https:\/\/carpathiacenter.ro\/#website"},"primaryImageOfPage":{"@id":"https:\/\/carpathiacenter.ro\/reuniune-informala-a-ministrilor-apararii-si-de-externe-ai-ue-la-copenhaga-28-29-august-2025\/#primaryimage"},"image":{"@id":"https:\/\/carpathiacenter.ro\/reuniune-informala-a-ministrilor-apararii-si-de-externe-ai-ue-la-copenhaga-28-29-august-2025\/#primaryimage"},"thumbnailUrl":"https:\/\/carpathiacenter.ro\/wp-content\/uploads\/2025\/08\/copenhaga.jpg","datePublished":"2025-08-28T09:21:16+00:00","breadcrumb":{"@id":"https:\/\/carpathiacenter.ro\/reuniune-informala-a-ministrilor-apararii-si-de-externe-ai-ue-la-copenhaga-28-29-august-2025\/#breadcrumb"},"inLanguage":"en-GB","potentialAction":[{"@type":"ReadAction","target":["https:\/\/carpathiacenter.ro\/reuniune-informala-a-ministrilor-apararii-si-de-externe-ai-ue-la-copenhaga-28-29-august-2025\/"]}]},{"@type":"ImageObject","inLanguage":"en-GB","@id":"https:\/\/carpathiacenter.ro\/reuniune-informala-a-ministrilor-apararii-si-de-externe-ai-ue-la-copenhaga-28-29-august-2025\/#primaryimage","url":"https:\/\/carpathiacenter.ro\/wp-content\/uploads\/2025\/08\/copenhaga.jpg","contentUrl":"https:\/\/carpathiacenter.ro\/wp-content\/uploads\/2025\/08\/copenhaga.jpg","width":1202,"height":800},{"@type":"BreadcrumbList","@id":"https:\/\/carpathiacenter.ro\/reuniune-informala-a-ministrilor-apararii-si-de-externe-ai-ue-la-copenhaga-28-29-august-2025\/#breadcrumb","itemListElement":[{"@type":"ListItem","position":1,"name":"Prima pagin\u0103","item":"https:\/\/carpathiacenter.ro\/"},{"@type":"ListItem","position":2,"name":"Reuniune informal\u0103 a mini\u015ftrilor ap\u0103r\u0103rii \u015fi de externe ai UE, la Copenhaga (28-29 august 2025)"}]},{"@type":"WebSite","@id":"https:\/\/carpathiacenter.ro\/#website","url":"https:\/\/carpathiacenter.ro\/","name":"Carpathia Center Romania","description":"Impossible made possible!","publisher":{"@id":"https:\/\/carpathiacenter.ro\/#organization"},"potentialAction":[{"@type":"SearchAction","target":{"@type":"EntryPoint","urlTemplate":"https:\/\/carpathiacenter.ro\/?s={search_term_string}"},"query-input":{"@type":"PropertyValueSpecification","valueRequired":true,"valueName":"search_term_string"}}],"inLanguage":"en-GB"},{"@type":"Organization","@id":"https:\/\/carpathiacenter.ro\/#organization","name":"Carpathia Center Romania","url":"https:\/\/carpathiacenter.ro\/","logo":{"@type":"ImageObject","inLanguage":"en-GB","@id":"https:\/\/carpathiacenter.ro\/#\/schema\/logo\/image\/","url":"https:\/\/carpathiacenter.ro\/wp-content\/uploads\/2024\/07\/logo-carpathia_bg_white-1024x941.png","contentUrl":"https:\/\/carpathiacenter.ro\/wp-content\/uploads\/2024\/07\/logo-carpathia_bg_white-1024x941.png","width":1024,"height":941,"caption":"Carpathia Center Romania"},"image":{"@id":"https:\/\/carpathiacenter.ro\/#\/schema\/logo\/image\/"},"sameAs":["https:\/\/www.facebook.com\/fdpscarpathia\/"]},{"@type":"Person","@id":"https:\/\/carpathiacenter.ro\/#\/schema\/person\/03d9f58202fee8379268f34afa195006","name":"creativebitsolutions","image":{"@type":"ImageObject","inLanguage":"en-GB","@id":"https:\/\/carpathiacenter.ro\/#\/schema\/person\/image\/","url":"https:\/\/secure.gravatar.com\/avatar\/1b1a13e37f847c635dab78348f1dff2f07651ee2a3d77a5c355a4b8c75f9165a?s=96&d=mm&r=g","contentUrl":"https:\/\/secure.gravatar.com\/avatar\/1b1a13e37f847c635dab78348f1dff2f07651ee2a3d77a5c355a4b8c75f9165a?s=96&d=mm&r=g","caption":"creativebitsolutions"},"url":"https:\/\/carpathiacenter.ro\/en\/author\/creativebitsolutions\/"}]}},"_links":{"self":[{"href":"https:\/\/carpathiacenter.ro\/en\/wp-json\/wp\/v2\/posts\/2937","targetHints":{"allow":["GET"]}}],"collection":[{"href":"https:\/\/carpathiacenter.ro\/en\/wp-json\/wp\/v2\/posts"}],"about":[{"href":"https:\/\/carpathiacenter.ro\/en\/wp-json\/wp\/v2\/types\/post"}],"author":[{"embeddable":true,"href":"https:\/\/carpathiacenter.ro\/en\/wp-json\/wp\/v2\/users\/4"}],"replies":[{"embeddable":true,"href":"https:\/\/carpathiacenter.ro\/en\/wp-json\/wp\/v2\/comments?post=2937"}],"version-history":[{"count":1,"href":"https:\/\/carpathiacenter.ro\/en\/wp-json\/wp\/v2\/posts\/2937\/revisions"}],"predecessor-version":[{"id":2939,"href":"https:\/\/carpathiacenter.ro\/en\/wp-json\/wp\/v2\/posts\/2937\/revisions\/2939"}],"wp:featuredmedia":[{"embeddable":true,"href":"https:\/\/carpathiacenter.ro\/en\/wp-json\/wp\/v2\/media\/2938"}],"wp:attachment":[{"href":"https:\/\/carpathiacenter.ro\/en\/wp-json\/wp\/v2\/media?parent=2937"}],"wp:term":[{"taxonomy":"category","embeddable":true,"href":"https:\/\/carpathiacenter.ro\/en\/wp-json\/wp\/v2\/categories?post=2937"},{"taxonomy":"post_tag","embeddable":true,"href":"https:\/\/carpathiacenter.ro\/en\/wp-json\/wp\/v2\/tags?post=2937"}],"curies":[{"name":"wp","href":"https:\/\/api.w.org\/{rel}","templated":true}]}}