{"id":2934,"date":"2025-08-28T09:19:35","date_gmt":"2025-08-28T09:19:35","guid":{"rendered":"https:\/\/carpathiacenter.ro\/?p=2934"},"modified":"2025-08-28T09:19:35","modified_gmt":"2025-08-28T09:19:35","slug":"sorin-grindeanu-spune-ca-va-prezenta-un-pachet-psd-cu-masuri-de-relansare-economica","status":"publish","type":"post","link":"https:\/\/carpathiacenter.ro\/en\/sorin-grindeanu-spune-ca-va-prezenta-un-pachet-psd-cu-masuri-de-relansare-economica\/","title":{"rendered":"Sorin Grindeanu spune c\u0103 va prezenta un pachet PSD cu m\u0103suri de relansare economic\u0103"},"content":{"rendered":"<p><strong>Pre\u0219edintele interimar al PSD, Sorin Grindeanu, a anun\u021bat c\u0103 \u00een perioada urm\u0103toare va prezenta un pachet propriu, al social-democra\u021bilor, cu m\u0103suri de relansare economic\u0103.<\/strong><\/p>\n<p>Potrivit acestuia, Pachetul 2 de m\u0103suri este finalizat \u00een propor\u021bie mare, &#8216;fiind agreat \u00eentr-un procent foarte mare de vreo dou\u0103 &#8211; trei s\u0103pt\u0103m\u00e2ni&#8217;.<\/p>\n<p>&#8216;Nu a existat de la \u00eenceput niciun fel de divergen\u021b\u0103 pe lucrurile care con\u021bin sau legile, partea din Pachetul 2, care se refer\u0103 la eliminarea privilegiilor. A fost consens de la \u00eenceput. Toat\u0103 lumea. \u0218i aici m\u0103 refer la pensiile magistra\u021bilor \u0219i la companiile de stat \u0219i restructur\u0103ri. (&#8230;) La s\u0103n\u0103tate nu a fost niciun fel de problem\u0103, de asemenea parte din Pachetul 2. Pe insolven\u021b\u0103, nu a fost niciun fel de problem\u0103. (&#8230;) Unde nu s-a reu\u0219it, p\u00e2n\u0103 \u00een aceast\u0103 s\u0103pt\u0103m\u00e2n\u0103, ca propunerile care au venit, \u00een special la administra\u021bie, propuneri care au venit dinspre structurile asociative &#8211; c\u0103 m\u0103 refer la primari sau la UNCJR &#8211; s\u0103 fie preluate. \u0218i aici nu e vorba de politic&#8217;, a declarat Grindeanu, <a href=\"https:\/\/www.facebook.com\/grindeanusorin\/videos\/742557528609809?locale=ro_RO\" target=\"_blank\">\u00eentr-o emisiune la Digi 24<\/a>.<\/p>\n<p>El a ad\u0103ugat c\u0103 va prezenta un &#8216;pachet PSD de m\u0103suri&#8217;.<\/p>\n<p>&#8216;Eu \u0219tiu c\u0103 va trebui s\u0103 existe \u0219i un pachet pe care eu l-a\u0219 denumi &#8216;pachet PSD&#8217;. Dac\u0103 vre\u021bi, e un fel de condi\u021bionare pe care PSD a f\u0103cut-o, dar la modul constructiv. \u00cen momentul \u00een care facem a\u0219ez\u0103ri, v\u0103 dau un exemplu, pe zona de magistra\u021bi, urmeaz\u0103 \u0219i alte zone care beneficiaz\u0103 de aceste pensii speciale, nu o m\u0103 conving\u0103 niciodat\u0103 nimeni, cu toate c\u0103 poate ar fi trebuit s\u0103 nu verbalizez aceste lucruri, dar le spun c\u0103, dac\u0103 lucrezi la \u00eenmatricul\u0103ri auto, la Poli\u021bie, nu trebuie s\u0103 ai pensie special\u0103. A, c\u0103 mergi \u00een strad\u0103, c\u0103 mergi \u00een teatrele de r\u0103zboi, c\u0103 e\u0219ti acolo, \u00een zonele periculoase, da. \u0218i acesta este un lucru valabil \u00een toat\u0103 lumea civilizat\u0103. Dar c\u00e2nd e\u0219ti la ghi\u0219eu, eu nu cred c\u0103 e un lucru&#8230; \u0218i lucrul acesta trebuie s\u0103 fie clarificat. \u0218i va fi clarificat \u00een pachetul PSD, dac\u0103 pot s\u0103-i spun a\u0219a. Dar mai important dec\u00e2t at\u00e2t, \u00een acel viitor pachet trebuie s\u0103 avem o component\u0103 de relansare economic\u0103. (&#8230;) \u0218i v\u0103 anun\u021b c\u0103 \u00een mare propunerile noastre, \u0219i l-am anun\u021bat \u0219i pe primul ministru, \u0219i a acceptat acest lucru \u0219i \u00eei mul\u021bumesc, pachetul PSD pe relansare, eu spun c\u0103 pe finalul s\u0103pt\u0103m\u00e2nii viitoare va fi terminat. O s\u0103 \u00eel prezint. (&#8230;) S\u0103pt\u0103m\u00e2na viitoare&#8217;, a precizat Grindeanu.<\/p>\n<p><strong>Liderul interimar al social-democra\u021bilor a men\u021bionat c\u0103 printre m\u0103surile cuprinse \u00een Pachetul 2 se afl\u0103 reducerea membrilor din Consiliile de administra\u021bie, reforma pensiilor magistra\u021bilor, \u0219i a precizat c\u0103 jalonul pe guvernan\u021b\u0103 corporativ\u0103 a fost \u00eendeplinit.<\/strong><\/p>\n<p>&#8216;To\u021bi suntem de acord. (&#8230;) Dar nu pot s\u0103 intervin iar\u0103\u0219i cu criterii care par c\u0103 stau la m\u00e2na unui ministru. De m\u00e2ine nu mai e Miru\u021b\u0103 ministru la Economie \u0219i o s\u0103 vin\u0103 ministru, nu \u0219tiu, de la UDMR. Ce facem?&#8217;, a ad\u0103ugat liderul PSD.<\/p>\n<p>\u00centrebat dac\u0103 este vorba \u0219i despre comas\u0103ri de institu\u021bii, Grindeanu a r\u0103spuns: &#8216;Da, sunt prev\u0103zute. Nu \u0219tiu dac\u0103 vor fi prinse \u00een acest Pachet 2, dar s-a discutat despre ele. \u0218i v\u0103 confirm c\u0103 s-a discutat despre acest lucru&#8217;. AGERPRES\/(A &#8211; redactor: C\u0103t\u0103lina Matei, editor: Andreea Rotaru, editor online: Andreea Preda)<br \/>\n<br \/>\nSursa articolului:  <a href=\"https:\/\/agerpres.ro\/politic\/2025\/08\/28\/sorin-grindeanu-spune-ca-va-prezenta-un-pachet-psd-cu-masuri-de-relansare-economica--1479136\" target=\"_blank\" rel=\"noopener\" title=\"\">https:\/\/agerpres.ro\/politic\/2025\/08\/28\/sorin-grindeanu-spune-ca-va-prezenta-un-pachet-psd-cu-masuri-de-relansare-economica&#8211;1479136<\/a><\/p>","protected":false},"excerpt":{"rendered":"<p>Pre\u0219edintele interimar al PSD, Sorin Grindeanu, a anun\u021bat c\u0103 \u00een perioada urm\u0103toare va prezenta un pachet propriu, al social-democra\u021bilor, cu m\u0103suri de relansare economic\u0103. Potrivit acestuia, Pachetul 2 de m\u0103suri este finalizat \u00een propor\u021bie mare, &#8216;fiind agreat \u00eentr-un procent foarte mare de vreo dou\u0103 &#8211; trei s\u0103pt\u0103m\u00e2ni&#8217;. &#8216;Nu a existat de la \u00eenceput niciun fel&#8230;<\/p>","protected":false},"author":4,"featured_media":2935,"comment_status":"open","ping_status":"open","sticky":false,"template":"","format":"standard","meta":{"footnotes":""},"categories":[1],"tags":[],"class_list":["post-2934","post","type-post","status-publish","format-standard","has-post-thumbnail","hentry","category-uncategorized"],"yoast_head":"<!-- This site is optimized with the Yoast SEO plugin v26.1.1 - https:\/\/yoast.com\/wordpress\/plugins\/seo\/ -->\n<title>Sorin Grindeanu spune c\u0103 va prezenta un pachet PSD cu m\u0103suri de relansare economic\u0103 - Carpathia Center Romania<\/title>\n<meta name=\"robots\" content=\"index, follow, max-snippet:-1, max-image-preview:large, max-video-preview:-1\" \/>\n<link rel=\"canonical\" href=\"https:\/\/carpathiacenter.ro\/en\/sorin-grindeanu-spune-ca-va-prezenta-un-pachet-psd-cu-masuri-de-relansare-economica\/\" \/>\n<meta property=\"og:locale\" content=\"en_GB\" \/>\n<meta property=\"og:type\" content=\"article\" \/>\n<meta property=\"og:title\" content=\"Sorin Grindeanu spune c\u0103 va prezenta un pachet PSD cu m\u0103suri de relansare economic\u0103 - Carpathia Center Romania\" \/>\n<meta property=\"og:description\" content=\"Pre\u0219edintele interimar al PSD, Sorin Grindeanu, a anun\u021bat c\u0103 \u00een perioada urm\u0103toare va prezenta un pachet propriu, al social-democra\u021bilor, cu m\u0103suri de relansare economic\u0103. Potrivit acestuia, Pachetul 2 de m\u0103suri este finalizat \u00een propor\u021bie mare, &#8216;fiind agreat \u00eentr-un procent foarte mare de vreo dou\u0103 &#8211; trei s\u0103pt\u0103m\u00e2ni&#8217;. &#8216;Nu a existat de la \u00eenceput niciun fel...\" \/>\n<meta property=\"og:url\" content=\"https:\/\/carpathiacenter.ro\/en\/sorin-grindeanu-spune-ca-va-prezenta-un-pachet-psd-cu-masuri-de-relansare-economica\/\" \/>\n<meta property=\"og:site_name\" content=\"Carpathia Center Romania\" \/>\n<meta property=\"article:publisher\" content=\"https:\/\/www.facebook.com\/fdpscarpathia\/\" \/>\n<meta property=\"article:published_time\" content=\"2025-08-28T09:19:35+00:00\" \/>\n<meta property=\"og:image\" content=\"https:\/\/carpathiacenter.ro\/wp-content\/uploads\/2025\/08\/sorin-grindeanu.jpg\" \/>\n\t<meta property=\"og:image:width\" content=\"830\" \/>\n\t<meta property=\"og:image:height\" content=\"475\" \/>\n\t<meta property=\"og:image:type\" content=\"image\/jpeg\" \/>\n<meta name=\"author\" content=\"creativebitsolutions\" \/>\n<meta name=\"twitter:card\" content=\"summary_large_image\" \/>\n<meta name=\"twitter:label1\" content=\"Written by\" \/>\n\t<meta name=\"twitter:data1\" content=\"creativebitsolutions\" \/>\n\t<meta name=\"twitter:label2\" content=\"Estimated reading time\" \/>\n\t<meta name=\"twitter:data2\" content=\"3 minutes\" \/>\n<script type=\"application\/ld+json\" class=\"yoast-schema-graph\">{\"@context\":\"https:\/\/schema.org\",\"@graph\":[{\"@type\":\"Article\",\"@id\":\"https:\/\/carpathiacenter.ro\/sorin-grindeanu-spune-ca-va-prezenta-un-pachet-psd-cu-masuri-de-relansare-economica\/#article\",\"isPartOf\":{\"@id\":\"https:\/\/carpathiacenter.ro\/sorin-grindeanu-spune-ca-va-prezenta-un-pachet-psd-cu-masuri-de-relansare-economica\/\"},\"author\":{\"name\":\"creativebitsolutions\",\"@id\":\"https:\/\/carpathiacenter.ro\/#\/schema\/person\/03d9f58202fee8379268f34afa195006\"},\"headline\":\"Sorin Grindeanu spune c\u0103 va prezenta un pachet PSD cu m\u0103suri de relansare economic\u0103\",\"datePublished\":\"2025-08-28T09:19:35+00:00\",\"mainEntityOfPage\":{\"@id\":\"https:\/\/carpathiacenter.ro\/sorin-grindeanu-spune-ca-va-prezenta-un-pachet-psd-cu-masuri-de-relansare-economica\/\"},\"wordCount\":608,\"commentCount\":0,\"publisher\":{\"@id\":\"https:\/\/carpathiacenter.ro\/#organization\"},\"image\":{\"@id\":\"https:\/\/carpathiacenter.ro\/sorin-grindeanu-spune-ca-va-prezenta-un-pachet-psd-cu-masuri-de-relansare-economica\/#primaryimage\"},\"thumbnailUrl\":\"https:\/\/carpathiacenter.ro\/wp-content\/uploads\/2025\/08\/sorin-grindeanu.jpg\",\"articleSection\":[\"Uncategorized\"],\"inLanguage\":\"en-GB\",\"potentialAction\":[{\"@type\":\"CommentAction\",\"name\":\"Comment\",\"target\":[\"https:\/\/carpathiacenter.ro\/sorin-grindeanu-spune-ca-va-prezenta-un-pachet-psd-cu-masuri-de-relansare-economica\/#respond\"]}]},{\"@type\":\"WebPage\",\"@id\":\"https:\/\/carpathiacenter.ro\/sorin-grindeanu-spune-ca-va-prezenta-un-pachet-psd-cu-masuri-de-relansare-economica\/\",\"url\":\"https:\/\/carpathiacenter.ro\/sorin-grindeanu-spune-ca-va-prezenta-un-pachet-psd-cu-masuri-de-relansare-economica\/\",\"name\":\"Sorin Grindeanu spune c\u0103 va prezenta un pachet PSD cu m\u0103suri de relansare economic\u0103 - Carpathia Center Romania\",\"isPartOf\":{\"@id\":\"https:\/\/carpathiacenter.ro\/#website\"},\"primaryImageOfPage\":{\"@id\":\"https:\/\/carpathiacenter.ro\/sorin-grindeanu-spune-ca-va-prezenta-un-pachet-psd-cu-masuri-de-relansare-economica\/#primaryimage\"},\"image\":{\"@id\":\"https:\/\/carpathiacenter.ro\/sorin-grindeanu-spune-ca-va-prezenta-un-pachet-psd-cu-masuri-de-relansare-economica\/#primaryimage\"},\"thumbnailUrl\":\"https:\/\/carpathiacenter.ro\/wp-content\/uploads\/2025\/08\/sorin-grindeanu.jpg\",\"datePublished\":\"2025-08-28T09:19:35+00:00\",\"breadcrumb\":{\"@id\":\"https:\/\/carpathiacenter.ro\/sorin-grindeanu-spune-ca-va-prezenta-un-pachet-psd-cu-masuri-de-relansare-economica\/#breadcrumb\"},\"inLanguage\":\"en-GB\",\"potentialAction\":[{\"@type\":\"ReadAction\",\"target\":[\"https:\/\/carpathiacenter.ro\/sorin-grindeanu-spune-ca-va-prezenta-un-pachet-psd-cu-masuri-de-relansare-economica\/\"]}]},{\"@type\":\"ImageObject\",\"inLanguage\":\"en-GB\",\"@id\":\"https:\/\/carpathiacenter.ro\/sorin-grindeanu-spune-ca-va-prezenta-un-pachet-psd-cu-masuri-de-relansare-economica\/#primaryimage\",\"url\":\"https:\/\/carpathiacenter.ro\/wp-content\/uploads\/2025\/08\/sorin-grindeanu.jpg\",\"contentUrl\":\"https:\/\/carpathiacenter.ro\/wp-content\/uploads\/2025\/08\/sorin-grindeanu.jpg\",\"width\":830,\"height\":475},{\"@type\":\"BreadcrumbList\",\"@id\":\"https:\/\/carpathiacenter.ro\/sorin-grindeanu-spune-ca-va-prezenta-un-pachet-psd-cu-masuri-de-relansare-economica\/#breadcrumb\",\"itemListElement\":[{\"@type\":\"ListItem\",\"position\":1,\"name\":\"Prima pagin\u0103\",\"item\":\"https:\/\/carpathiacenter.ro\/\"},{\"@type\":\"ListItem\",\"position\":2,\"name\":\"Sorin Grindeanu spune c\u0103 va prezenta un pachet PSD cu m\u0103suri de relansare economic\u0103\"}]},{\"@type\":\"WebSite\",\"@id\":\"https:\/\/carpathiacenter.ro\/#website\",\"url\":\"https:\/\/carpathiacenter.ro\/\",\"name\":\"Carpathia Center Romania\",\"description\":\"Impossible made possible!\",\"publisher\":{\"@id\":\"https:\/\/carpathiacenter.ro\/#organization\"},\"potentialAction\":[{\"@type\":\"SearchAction\",\"target\":{\"@type\":\"EntryPoint\",\"urlTemplate\":\"https:\/\/carpathiacenter.ro\/?s={search_term_string}\"},\"query-input\":{\"@type\":\"PropertyValueSpecification\",\"valueRequired\":true,\"valueName\":\"search_term_string\"}}],\"inLanguage\":\"en-GB\"},{\"@type\":\"Organization\",\"@id\":\"https:\/\/carpathiacenter.ro\/#organization\",\"name\":\"Carpathia Center Romania\",\"url\":\"https:\/\/carpathiacenter.ro\/\",\"logo\":{\"@type\":\"ImageObject\",\"inLanguage\":\"en-GB\",\"@id\":\"https:\/\/carpathiacenter.ro\/#\/schema\/logo\/image\/\",\"url\":\"https:\/\/carpathiacenter.ro\/wp-content\/uploads\/2024\/07\/logo-carpathia_bg_white-1024x941.png\",\"contentUrl\":\"https:\/\/carpathiacenter.ro\/wp-content\/uploads\/2024\/07\/logo-carpathia_bg_white-1024x941.png\",\"width\":1024,\"height\":941,\"caption\":\"Carpathia Center Romania\"},\"image\":{\"@id\":\"https:\/\/carpathiacenter.ro\/#\/schema\/logo\/image\/\"},\"sameAs\":[\"https:\/\/www.facebook.com\/fdpscarpathia\/\"]},{\"@type\":\"Person\",\"@id\":\"https:\/\/carpathiacenter.ro\/#\/schema\/person\/03d9f58202fee8379268f34afa195006\",\"name\":\"creativebitsolutions\",\"image\":{\"@type\":\"ImageObject\",\"inLanguage\":\"en-GB\",\"@id\":\"https:\/\/carpathiacenter.ro\/#\/schema\/person\/image\/\",\"url\":\"https:\/\/secure.gravatar.com\/avatar\/1b1a13e37f847c635dab78348f1dff2f07651ee2a3d77a5c355a4b8c75f9165a?s=96&d=mm&r=g\",\"contentUrl\":\"https:\/\/secure.gravatar.com\/avatar\/1b1a13e37f847c635dab78348f1dff2f07651ee2a3d77a5c355a4b8c75f9165a?s=96&d=mm&r=g\",\"caption\":\"creativebitsolutions\"},\"url\":\"https:\/\/carpathiacenter.ro\/en\/author\/creativebitsolutions\/\"}]}<\/script>\n<!-- \/ Yoast SEO plugin. -->","yoast_head_json":{"title":"Sorin Grindeanu spune c\u0103 va prezenta un pachet PSD cu m\u0103suri de relansare economic\u0103 - Carpathia Center Romania","robots":{"index":"index","follow":"follow","max-snippet":"max-snippet:-1","max-image-preview":"max-image-preview:large","max-video-preview":"max-video-preview:-1"},"canonical":"https:\/\/carpathiacenter.ro\/en\/sorin-grindeanu-spune-ca-va-prezenta-un-pachet-psd-cu-masuri-de-relansare-economica\/","og_locale":"en_GB","og_type":"article","og_title":"Sorin Grindeanu spune c\u0103 va prezenta un pachet PSD cu m\u0103suri de relansare economic\u0103 - Carpathia Center Romania","og_description":"Pre\u0219edintele interimar al PSD, Sorin Grindeanu, a anun\u021bat c\u0103 \u00een perioada urm\u0103toare va prezenta un pachet propriu, al social-democra\u021bilor, cu m\u0103suri de relansare economic\u0103. Potrivit acestuia, Pachetul 2 de m\u0103suri este finalizat \u00een propor\u021bie mare, &#8216;fiind agreat \u00eentr-un procent foarte mare de vreo dou\u0103 &#8211; trei s\u0103pt\u0103m\u00e2ni&#8217;. &#8216;Nu a existat de la \u00eenceput niciun fel...","og_url":"https:\/\/carpathiacenter.ro\/en\/sorin-grindeanu-spune-ca-va-prezenta-un-pachet-psd-cu-masuri-de-relansare-economica\/","og_site_name":"Carpathia Center Romania","article_publisher":"https:\/\/www.facebook.com\/fdpscarpathia\/","article_published_time":"2025-08-28T09:19:35+00:00","og_image":[{"width":830,"height":475,"url":"https:\/\/carpathiacenter.ro\/wp-content\/uploads\/2025\/08\/sorin-grindeanu.jpg","type":"image\/jpeg"}],"author":"creativebitsolutions","twitter_card":"summary_large_image","twitter_misc":{"Written by":"creativebitsolutions","Estimated reading time":"3 minutes"},"schema":{"@context":"https:\/\/schema.org","@graph":[{"@type":"Article","@id":"https:\/\/carpathiacenter.ro\/sorin-grindeanu-spune-ca-va-prezenta-un-pachet-psd-cu-masuri-de-relansare-economica\/#article","isPartOf":{"@id":"https:\/\/carpathiacenter.ro\/sorin-grindeanu-spune-ca-va-prezenta-un-pachet-psd-cu-masuri-de-relansare-economica\/"},"author":{"name":"creativebitsolutions","@id":"https:\/\/carpathiacenter.ro\/#\/schema\/person\/03d9f58202fee8379268f34afa195006"},"headline":"Sorin Grindeanu spune c\u0103 va prezenta un pachet PSD cu m\u0103suri de relansare economic\u0103","datePublished":"2025-08-28T09:19:35+00:00","mainEntityOfPage":{"@id":"https:\/\/carpathiacenter.ro\/sorin-grindeanu-spune-ca-va-prezenta-un-pachet-psd-cu-masuri-de-relansare-economica\/"},"wordCount":608,"commentCount":0,"publisher":{"@id":"https:\/\/carpathiacenter.ro\/#organization"},"image":{"@id":"https:\/\/carpathiacenter.ro\/sorin-grindeanu-spune-ca-va-prezenta-un-pachet-psd-cu-masuri-de-relansare-economica\/#primaryimage"},"thumbnailUrl":"https:\/\/carpathiacenter.ro\/wp-content\/uploads\/2025\/08\/sorin-grindeanu.jpg","articleSection":["Uncategorized"],"inLanguage":"en-GB","potentialAction":[{"@type":"CommentAction","name":"Comment","target":["https:\/\/carpathiacenter.ro\/sorin-grindeanu-spune-ca-va-prezenta-un-pachet-psd-cu-masuri-de-relansare-economica\/#respond"]}]},{"@type":"WebPage","@id":"https:\/\/carpathiacenter.ro\/sorin-grindeanu-spune-ca-va-prezenta-un-pachet-psd-cu-masuri-de-relansare-economica\/","url":"https:\/\/carpathiacenter.ro\/sorin-grindeanu-spune-ca-va-prezenta-un-pachet-psd-cu-masuri-de-relansare-economica\/","name":"Sorin Grindeanu spune c\u0103 va prezenta un pachet PSD cu m\u0103suri de relansare economic\u0103 - Carpathia Center Romania","isPartOf":{"@id":"https:\/\/carpathiacenter.ro\/#website"},"primaryImageOfPage":{"@id":"https:\/\/carpathiacenter.ro\/sorin-grindeanu-spune-ca-va-prezenta-un-pachet-psd-cu-masuri-de-relansare-economica\/#primaryimage"},"image":{"@id":"https:\/\/carpathiacenter.ro\/sorin-grindeanu-spune-ca-va-prezenta-un-pachet-psd-cu-masuri-de-relansare-economica\/#primaryimage"},"thumbnailUrl":"https:\/\/carpathiacenter.ro\/wp-content\/uploads\/2025\/08\/sorin-grindeanu.jpg","datePublished":"2025-08-28T09:19:35+00:00","breadcrumb":{"@id":"https:\/\/carpathiacenter.ro\/sorin-grindeanu-spune-ca-va-prezenta-un-pachet-psd-cu-masuri-de-relansare-economica\/#breadcrumb"},"inLanguage":"en-GB","potentialAction":[{"@type":"ReadAction","target":["https:\/\/carpathiacenter.ro\/sorin-grindeanu-spune-ca-va-prezenta-un-pachet-psd-cu-masuri-de-relansare-economica\/"]}]},{"@type":"ImageObject","inLanguage":"en-GB","@id":"https:\/\/carpathiacenter.ro\/sorin-grindeanu-spune-ca-va-prezenta-un-pachet-psd-cu-masuri-de-relansare-economica\/#primaryimage","url":"https:\/\/carpathiacenter.ro\/wp-content\/uploads\/2025\/08\/sorin-grindeanu.jpg","contentUrl":"https:\/\/carpathiacenter.ro\/wp-content\/uploads\/2025\/08\/sorin-grindeanu.jpg","width":830,"height":475},{"@type":"BreadcrumbList","@id":"https:\/\/carpathiacenter.ro\/sorin-grindeanu-spune-ca-va-prezenta-un-pachet-psd-cu-masuri-de-relansare-economica\/#breadcrumb","itemListElement":[{"@type":"ListItem","position":1,"name":"Prima pagin\u0103","item":"https:\/\/carpathiacenter.ro\/"},{"@type":"ListItem","position":2,"name":"Sorin Grindeanu spune c\u0103 va prezenta un pachet PSD cu m\u0103suri de relansare economic\u0103"}]},{"@type":"WebSite","@id":"https:\/\/carpathiacenter.ro\/#website","url":"https:\/\/carpathiacenter.ro\/","name":"Carpathia Center Romania","description":"Impossible made possible!","publisher":{"@id":"https:\/\/carpathiacenter.ro\/#organization"},"potentialAction":[{"@type":"SearchAction","target":{"@type":"EntryPoint","urlTemplate":"https:\/\/carpathiacenter.ro\/?s={search_term_string}"},"query-input":{"@type":"PropertyValueSpecification","valueRequired":true,"valueName":"search_term_string"}}],"inLanguage":"en-GB"},{"@type":"Organization","@id":"https:\/\/carpathiacenter.ro\/#organization","name":"Carpathia Center Romania","url":"https:\/\/carpathiacenter.ro\/","logo":{"@type":"ImageObject","inLanguage":"en-GB","@id":"https:\/\/carpathiacenter.ro\/#\/schema\/logo\/image\/","url":"https:\/\/carpathiacenter.ro\/wp-content\/uploads\/2024\/07\/logo-carpathia_bg_white-1024x941.png","contentUrl":"https:\/\/carpathiacenter.ro\/wp-content\/uploads\/2024\/07\/logo-carpathia_bg_white-1024x941.png","width":1024,"height":941,"caption":"Carpathia Center Romania"},"image":{"@id":"https:\/\/carpathiacenter.ro\/#\/schema\/logo\/image\/"},"sameAs":["https:\/\/www.facebook.com\/fdpscarpathia\/"]},{"@type":"Person","@id":"https:\/\/carpathiacenter.ro\/#\/schema\/person\/03d9f58202fee8379268f34afa195006","name":"creativebitsolutions","image":{"@type":"ImageObject","inLanguage":"en-GB","@id":"https:\/\/carpathiacenter.ro\/#\/schema\/person\/image\/","url":"https:\/\/secure.gravatar.com\/avatar\/1b1a13e37f847c635dab78348f1dff2f07651ee2a3d77a5c355a4b8c75f9165a?s=96&d=mm&r=g","contentUrl":"https:\/\/secure.gravatar.com\/avatar\/1b1a13e37f847c635dab78348f1dff2f07651ee2a3d77a5c355a4b8c75f9165a?s=96&d=mm&r=g","caption":"creativebitsolutions"},"url":"https:\/\/carpathiacenter.ro\/en\/author\/creativebitsolutions\/"}]}},"_links":{"self":[{"href":"https:\/\/carpathiacenter.ro\/en\/wp-json\/wp\/v2\/posts\/2934","targetHints":{"allow":["GET"]}}],"collection":[{"href":"https:\/\/carpathiacenter.ro\/en\/wp-json\/wp\/v2\/posts"}],"about":[{"href":"https:\/\/carpathiacenter.ro\/en\/wp-json\/wp\/v2\/types\/post"}],"author":[{"embeddable":true,"href":"https:\/\/carpathiacenter.ro\/en\/wp-json\/wp\/v2\/users\/4"}],"replies":[{"embeddable":true,"href":"https:\/\/carpathiacenter.ro\/en\/wp-json\/wp\/v2\/comments?post=2934"}],"version-history":[{"count":1,"href":"https:\/\/carpathiacenter.ro\/en\/wp-json\/wp\/v2\/posts\/2934\/revisions"}],"predecessor-version":[{"id":2936,"href":"https:\/\/carpathiacenter.ro\/en\/wp-json\/wp\/v2\/posts\/2934\/revisions\/2936"}],"wp:featuredmedia":[{"embeddable":true,"href":"https:\/\/carpathiacenter.ro\/en\/wp-json\/wp\/v2\/media\/2935"}],"wp:attachment":[{"href":"https:\/\/carpathiacenter.ro\/en\/wp-json\/wp\/v2\/media?parent=2934"}],"wp:term":[{"taxonomy":"category","embeddable":true,"href":"https:\/\/carpathiacenter.ro\/en\/wp-json\/wp\/v2\/categories?post=2934"},{"taxonomy":"post_tag","embeddable":true,"href":"https:\/\/carpathiacenter.ro\/en\/wp-json\/wp\/v2\/tags?post=2934"}],"curies":[{"name":"wp","href":"https:\/\/api.w.org\/{rel}","templated":true}]}}