{"id":2928,"date":"2025-08-27T08:33:25","date_gmt":"2025-08-27T08:33:25","guid":{"rendered":"https:\/\/carpathiacenter.ro\/?p=2928"},"modified":"2025-08-27T08:33:25","modified_gmt":"2025-08-27T08:33:25","slug":"premierul-consultari-cu-ministerele-transporturilor-si-dezvoltarii-pe-tema-proiectelor-care-vor-fi-finantate-in-continuare-din-pnrr","status":"publish","type":"post","link":"https:\/\/carpathiacenter.ro\/en\/premierul-consultari-cu-ministerele-transporturilor-si-dezvoltarii-pe-tema-proiectelor-care-vor-fi-finantate-in-continuare-din-pnrr\/","title":{"rendered":"Premierul &#8211; consult\u0103ri cu ministerele Transporturilor \u0219i Dezvolt\u0103rii pe tema proiectelor care vor fi finan\u021bate \u00een continuare din PNRR"},"content":{"rendered":"<p><strong>Premierul Ilie Bolojan a avut mar\u021bi consult\u0103ri pe tema prioritiz\u0103rii investi\u021biilor propuse prin Planul Na\u021bional de Redresare \u0219i Rezilien\u021b\u0103 (PNRR) cu ministerele Transporturilor \u0219i Dezvolt\u0103rii, \u00een scopul analiz\u0103rii proiectelor care vor fi \u00een continuare sus\u021binute prin acest mecanism european, precum \u0219i pentru identificarea altor surse de finan\u021bare pentru proiectele care nu se \u00eencadreaz\u0103 \u00een PNRR.<\/strong><\/p>\n<p>Potrivit unui comunicat al Guvernului, proiectele de transport \u0219i de dezvoltare local\u0103 care vor fi finalizate p\u00e2n\u0103 la sf\u00e2r\u0219itul lunii august 2026, precum \u0219i cele asumate de Rom\u00e2nia drept \u021binte de investi\u021bii prin PNRR, vor fi \u00een continuare finan\u021bate prin Planul Na\u021bional de Redresare \u0219i Rezilien\u021b\u0103.<\/p>\n<p>\u00cen domeniul transporturilor, au fost analizate proiectele de infrastructur\u0103 rutier\u0103, cu accent pe Autostrada Moldovei &#8211; A7, precum \u0219i proiectele de modernizare a infrastructurii feroviare, precizeaz\u0103 sursa citat\u0103.<\/p>\n<p>\u00cen ceea ce prive\u0219te Ministerul Dezvolt\u0103rii, Lucr\u0103rilor Publice \u0219i Administra\u021biei, discu\u021biile s-au concentrat pe investi\u021biile incluse \u00een componen\u021ba&#8217; Valul Renov\u0103rii&#8217;, achizi\u021bionarea de vehicule nepoluante de c\u0103tre comunit\u0103\u021bile locale \u0219i sus\u021binerea mobilit\u0103\u021bii urbane durabile, conform comunicatului.<\/p>\n<p>&#8216;Ministerul Transporturilor \u0219i Infrastructurii \u0219i Ministerul Dezvolt\u0103rii, Lucr\u0103rilor Publice \u0219i Administra\u021biei vor prezenta Guvernului, \u00een scurt timp, proiectele prioritizate, pentru a beneficia \u00een continuare de finan\u021bare din PNRR, iar pentru celelalte proiecte contractate, care sunt vitale pentru dezvoltarea infrastructurii de transport \u0219i a comunit\u0103\u021bilor locale, vor fi identificate surse de finan\u021bare din Programul Opera\u021bional Sectorial Transporturi, Fondul de Modernizare, Fondul Social European, alte surse de finan\u021bare europene sau na\u021bionale&#8217;, se arat\u0103 \u00een comunicat.<\/p>\n<p>\u00cen cadrul reuniunii, premierul a subliniat c\u0103, pentru mediul economic \u0219i pentru dinamica implement\u0103rii proiectelor, &#8216;este esen\u021bial s\u0103 avem o radiografie clar\u0103 a stadiului de realizare a investi\u021biilor \u0219i a finan\u021b\u0103rilor asigurate&#8217;.<\/p>\n<p>&#8216;Fiecare ministru are deplin\u0103 libertate s\u0103 stabileasc\u0103 portofoliul de proiecte \u0219i etapizarea lor, pe baza unor principii clare de dezvoltare strategic\u0103, cu \u00eencadrarea \u00een anvelopa de finan\u021bare. Obiectivul nostru ferm este s\u0103 men\u021binem un nivel c\u00e2t mai ridicat al investi\u021biilor&#8217;, a afirmat Ilie Bolojan.<\/p>\n<p>La \u00eent\u00e2lnirile de lucru de la Palatul Victoria au participat, al\u0103turi de prim-ministrul Bolojan, vicepremierii Marian Neac\u0219u \u0219i Tanczos Barna, ministrul Transporturilor \u0219i Infrastructurii, Ciprian-Constantin \u0218erban, ministrul Dezvolt\u0103rii, Lucr\u0103rilor Publice \u0219i Administra\u021biei, Cseke Attila-Zoltan, \u0219eful Cancelariei Prim-Ministrului, Mihai Jurca, precum \u0219i reprezentan\u021bi ai Ministerului Finan\u021belor \u0219i ai Ministerului Investi\u021biilor \u0219i Proiectelor Europene.<\/p>\n<p>\u00cent\u00e2lnirile de mar\u021bi reprezint\u0103 a dou\u0103 rund\u0103 de consult\u0103ri dup\u0103 cele din data de 21 august avute cu ministerele S\u0103n\u0103t\u0103\u021bii, Educa\u021biei \u0219i Mediului.<\/p>\n<p>Consult\u0103rile pentru prioritizarea finan\u021b\u0103rii proiectelor de investi\u021bii vor continua \u00een perioada urm\u0103toare cu celelalte ministere coordonatoare de reform\u0103 \u0219i de investi\u021bii din PNRR. AGERPRES\/ (AS &#8211; redactor: Daniel Florea, editor: Mihai Simionescu, editor online: Ady Iva\u015fcu)<br \/>\n<br \/>\nSursa articolului:  <a href=\"https:\/\/agerpres.ro\/politic\/2025\/08\/26\/premierul---consultari-cu-ministerele-transporturilor-si-dezvoltarii-pe-tema-proiectelor-care-vor-fi--1478791\" target=\"_blank\" rel=\"noopener\" title=\"\">https:\/\/agerpres.ro\/politic\/2025\/08\/26\/premierul&#8212;consultari-cu-ministerele-transporturilor-si-dezvoltarii-pe-tema-proiectelor-care-vor-fi&#8211;1478791<\/a><\/p>","protected":false},"excerpt":{"rendered":"<p>Premierul Ilie Bolojan a avut mar\u021bi consult\u0103ri pe tema prioritiz\u0103rii investi\u021biilor propuse prin Planul Na\u021bional de Redresare \u0219i Rezilien\u021b\u0103 (PNRR) cu ministerele Transporturilor \u0219i Dezvolt\u0103rii, \u00een scopul analiz\u0103rii proiectelor care vor fi \u00een continuare sus\u021binute prin acest mecanism european, precum \u0219i pentru identificarea altor surse de finan\u021bare pentru proiectele care nu se \u00eencadreaz\u0103 \u00een PNRR&#8230;.<\/p>","protected":false},"author":4,"featured_media":2837,"comment_status":"open","ping_status":"open","sticky":false,"template":"","format":"standard","meta":{"footnotes":""},"categories":[1],"tags":[],"class_list":["post-2928","post","type-post","status-publish","format-standard","has-post-thumbnail","hentry","category-uncategorized"],"yoast_head":"<!-- This site is optimized with the Yoast SEO plugin v26.1.1 - https:\/\/yoast.com\/wordpress\/plugins\/seo\/ -->\n<title>Premierul - consult\u0103ri cu ministerele Transporturilor \u0219i Dezvolt\u0103rii pe tema proiectelor care vor fi finan\u021bate \u00een continuare din PNRR - Carpathia Center Romania<\/title>\n<meta name=\"robots\" content=\"index, follow, max-snippet:-1, max-image-preview:large, max-video-preview:-1\" \/>\n<link rel=\"canonical\" href=\"https:\/\/carpathiacenter.ro\/en\/premierul-consultari-cu-ministerele-transporturilor-si-dezvoltarii-pe-tema-proiectelor-care-vor-fi-finantate-in-continuare-din-pnrr\/\" \/>\n<meta property=\"og:locale\" content=\"en_GB\" \/>\n<meta property=\"og:type\" content=\"article\" \/>\n<meta property=\"og:title\" content=\"Premierul - consult\u0103ri cu ministerele Transporturilor \u0219i Dezvolt\u0103rii pe tema proiectelor care vor fi finan\u021bate \u00een continuare din PNRR - Carpathia Center Romania\" \/>\n<meta property=\"og:description\" content=\"Premierul Ilie Bolojan a avut mar\u021bi consult\u0103ri pe tema prioritiz\u0103rii investi\u021biilor propuse prin Planul Na\u021bional de Redresare \u0219i Rezilien\u021b\u0103 (PNRR) cu ministerele Transporturilor \u0219i Dezvolt\u0103rii, \u00een scopul analiz\u0103rii proiectelor care vor fi \u00een continuare sus\u021binute prin acest mecanism european, precum \u0219i pentru identificarea altor surse de finan\u021bare pentru proiectele care nu se \u00eencadreaz\u0103 \u00een PNRR....\" \/>\n<meta property=\"og:url\" content=\"https:\/\/carpathiacenter.ro\/en\/premierul-consultari-cu-ministerele-transporturilor-si-dezvoltarii-pe-tema-proiectelor-care-vor-fi-finantate-in-continuare-din-pnrr\/\" \/>\n<meta property=\"og:site_name\" content=\"Carpathia Center Romania\" \/>\n<meta property=\"article:publisher\" content=\"https:\/\/www.facebook.com\/fdpscarpathia\/\" \/>\n<meta property=\"article:published_time\" content=\"2025-08-27T08:33:25+00:00\" \/>\n<meta property=\"og:image\" content=\"https:\/\/carpathiacenter.ro\/wp-content\/uploads\/2025\/08\/Ilie-Bolojan.jpg\" \/>\n\t<meta property=\"og:image:width\" content=\"1296\" \/>\n\t<meta property=\"og:image:height\" content=\"728\" \/>\n\t<meta property=\"og:image:type\" content=\"image\/jpeg\" \/>\n<meta name=\"author\" content=\"creativebitsolutions\" \/>\n<meta name=\"twitter:card\" content=\"summary_large_image\" \/>\n<meta name=\"twitter:label1\" content=\"Written by\" \/>\n\t<meta name=\"twitter:data1\" content=\"creativebitsolutions\" \/>\n\t<meta name=\"twitter:label2\" content=\"Estimated reading time\" \/>\n\t<meta name=\"twitter:data2\" content=\"2 minutes\" \/>\n<script type=\"application\/ld+json\" class=\"yoast-schema-graph\">{\"@context\":\"https:\/\/schema.org\",\"@graph\":[{\"@type\":\"Article\",\"@id\":\"https:\/\/carpathiacenter.ro\/premierul-consultari-cu-ministerele-transporturilor-si-dezvoltarii-pe-tema-proiectelor-care-vor-fi-finantate-in-continuare-din-pnrr\/#article\",\"isPartOf\":{\"@id\":\"https:\/\/carpathiacenter.ro\/premierul-consultari-cu-ministerele-transporturilor-si-dezvoltarii-pe-tema-proiectelor-care-vor-fi-finantate-in-continuare-din-pnrr\/\"},\"author\":{\"name\":\"creativebitsolutions\",\"@id\":\"https:\/\/carpathiacenter.ro\/#\/schema\/person\/03d9f58202fee8379268f34afa195006\"},\"headline\":\"Premierul &#8211; consult\u0103ri cu ministerele Transporturilor \u0219i Dezvolt\u0103rii pe tema proiectelor care vor fi finan\u021bate \u00een continuare din PNRR\",\"datePublished\":\"2025-08-27T08:33:25+00:00\",\"mainEntityOfPage\":{\"@id\":\"https:\/\/carpathiacenter.ro\/premierul-consultari-cu-ministerele-transporturilor-si-dezvoltarii-pe-tema-proiectelor-care-vor-fi-finantate-in-continuare-din-pnrr\/\"},\"wordCount\":519,\"commentCount\":0,\"publisher\":{\"@id\":\"https:\/\/carpathiacenter.ro\/#organization\"},\"image\":{\"@id\":\"https:\/\/carpathiacenter.ro\/premierul-consultari-cu-ministerele-transporturilor-si-dezvoltarii-pe-tema-proiectelor-care-vor-fi-finantate-in-continuare-din-pnrr\/#primaryimage\"},\"thumbnailUrl\":\"https:\/\/carpathiacenter.ro\/wp-content\/uploads\/2025\/08\/Ilie-Bolojan.jpg\",\"articleSection\":[\"Uncategorized\"],\"inLanguage\":\"en-GB\",\"potentialAction\":[{\"@type\":\"CommentAction\",\"name\":\"Comment\",\"target\":[\"https:\/\/carpathiacenter.ro\/premierul-consultari-cu-ministerele-transporturilor-si-dezvoltarii-pe-tema-proiectelor-care-vor-fi-finantate-in-continuare-din-pnrr\/#respond\"]}]},{\"@type\":\"WebPage\",\"@id\":\"https:\/\/carpathiacenter.ro\/premierul-consultari-cu-ministerele-transporturilor-si-dezvoltarii-pe-tema-proiectelor-care-vor-fi-finantate-in-continuare-din-pnrr\/\",\"url\":\"https:\/\/carpathiacenter.ro\/premierul-consultari-cu-ministerele-transporturilor-si-dezvoltarii-pe-tema-proiectelor-care-vor-fi-finantate-in-continuare-din-pnrr\/\",\"name\":\"Premierul - consult\u0103ri cu ministerele Transporturilor \u0219i Dezvolt\u0103rii pe tema proiectelor care vor fi finan\u021bate \u00een continuare din PNRR - Carpathia Center Romania\",\"isPartOf\":{\"@id\":\"https:\/\/carpathiacenter.ro\/#website\"},\"primaryImageOfPage\":{\"@id\":\"https:\/\/carpathiacenter.ro\/premierul-consultari-cu-ministerele-transporturilor-si-dezvoltarii-pe-tema-proiectelor-care-vor-fi-finantate-in-continuare-din-pnrr\/#primaryimage\"},\"image\":{\"@id\":\"https:\/\/carpathiacenter.ro\/premierul-consultari-cu-ministerele-transporturilor-si-dezvoltarii-pe-tema-proiectelor-care-vor-fi-finantate-in-continuare-din-pnrr\/#primaryimage\"},\"thumbnailUrl\":\"https:\/\/carpathiacenter.ro\/wp-content\/uploads\/2025\/08\/Ilie-Bolojan.jpg\",\"datePublished\":\"2025-08-27T08:33:25+00:00\",\"breadcrumb\":{\"@id\":\"https:\/\/carpathiacenter.ro\/premierul-consultari-cu-ministerele-transporturilor-si-dezvoltarii-pe-tema-proiectelor-care-vor-fi-finantate-in-continuare-din-pnrr\/#breadcrumb\"},\"inLanguage\":\"en-GB\",\"potentialAction\":[{\"@type\":\"ReadAction\",\"target\":[\"https:\/\/carpathiacenter.ro\/premierul-consultari-cu-ministerele-transporturilor-si-dezvoltarii-pe-tema-proiectelor-care-vor-fi-finantate-in-continuare-din-pnrr\/\"]}]},{\"@type\":\"ImageObject\",\"inLanguage\":\"en-GB\",\"@id\":\"https:\/\/carpathiacenter.ro\/premierul-consultari-cu-ministerele-transporturilor-si-dezvoltarii-pe-tema-proiectelor-care-vor-fi-finantate-in-continuare-din-pnrr\/#primaryimage\",\"url\":\"https:\/\/carpathiacenter.ro\/wp-content\/uploads\/2025\/08\/Ilie-Bolojan.jpg\",\"contentUrl\":\"https:\/\/carpathiacenter.ro\/wp-content\/uploads\/2025\/08\/Ilie-Bolojan.jpg\",\"width\":1296,\"height\":728},{\"@type\":\"BreadcrumbList\",\"@id\":\"https:\/\/carpathiacenter.ro\/premierul-consultari-cu-ministerele-transporturilor-si-dezvoltarii-pe-tema-proiectelor-care-vor-fi-finantate-in-continuare-din-pnrr\/#breadcrumb\",\"itemListElement\":[{\"@type\":\"ListItem\",\"position\":1,\"name\":\"Prima pagin\u0103\",\"item\":\"https:\/\/carpathiacenter.ro\/\"},{\"@type\":\"ListItem\",\"position\":2,\"name\":\"Premierul &#8211; consult\u0103ri cu ministerele Transporturilor \u0219i Dezvolt\u0103rii pe tema proiectelor care vor fi finan\u021bate \u00een continuare din PNRR\"}]},{\"@type\":\"WebSite\",\"@id\":\"https:\/\/carpathiacenter.ro\/#website\",\"url\":\"https:\/\/carpathiacenter.ro\/\",\"name\":\"Carpathia Center Romania\",\"description\":\"Impossible made possible!\",\"publisher\":{\"@id\":\"https:\/\/carpathiacenter.ro\/#organization\"},\"potentialAction\":[{\"@type\":\"SearchAction\",\"target\":{\"@type\":\"EntryPoint\",\"urlTemplate\":\"https:\/\/carpathiacenter.ro\/?s={search_term_string}\"},\"query-input\":{\"@type\":\"PropertyValueSpecification\",\"valueRequired\":true,\"valueName\":\"search_term_string\"}}],\"inLanguage\":\"en-GB\"},{\"@type\":\"Organization\",\"@id\":\"https:\/\/carpathiacenter.ro\/#organization\",\"name\":\"Carpathia Center Romania\",\"url\":\"https:\/\/carpathiacenter.ro\/\",\"logo\":{\"@type\":\"ImageObject\",\"inLanguage\":\"en-GB\",\"@id\":\"https:\/\/carpathiacenter.ro\/#\/schema\/logo\/image\/\",\"url\":\"https:\/\/carpathiacenter.ro\/wp-content\/uploads\/2024\/07\/logo-carpathia_bg_white-1024x941.png\",\"contentUrl\":\"https:\/\/carpathiacenter.ro\/wp-content\/uploads\/2024\/07\/logo-carpathia_bg_white-1024x941.png\",\"width\":1024,\"height\":941,\"caption\":\"Carpathia Center Romania\"},\"image\":{\"@id\":\"https:\/\/carpathiacenter.ro\/#\/schema\/logo\/image\/\"},\"sameAs\":[\"https:\/\/www.facebook.com\/fdpscarpathia\/\"]},{\"@type\":\"Person\",\"@id\":\"https:\/\/carpathiacenter.ro\/#\/schema\/person\/03d9f58202fee8379268f34afa195006\",\"name\":\"creativebitsolutions\",\"image\":{\"@type\":\"ImageObject\",\"inLanguage\":\"en-GB\",\"@id\":\"https:\/\/carpathiacenter.ro\/#\/schema\/person\/image\/\",\"url\":\"https:\/\/secure.gravatar.com\/avatar\/1b1a13e37f847c635dab78348f1dff2f07651ee2a3d77a5c355a4b8c75f9165a?s=96&d=mm&r=g\",\"contentUrl\":\"https:\/\/secure.gravatar.com\/avatar\/1b1a13e37f847c635dab78348f1dff2f07651ee2a3d77a5c355a4b8c75f9165a?s=96&d=mm&r=g\",\"caption\":\"creativebitsolutions\"},\"url\":\"https:\/\/carpathiacenter.ro\/en\/author\/creativebitsolutions\/\"}]}<\/script>\n<!-- \/ Yoast SEO plugin. -->","yoast_head_json":{"title":"Premierul - consult\u0103ri cu ministerele Transporturilor \u0219i Dezvolt\u0103rii pe tema proiectelor care vor fi finan\u021bate \u00een continuare din PNRR - Carpathia Center Romania","robots":{"index":"index","follow":"follow","max-snippet":"max-snippet:-1","max-image-preview":"max-image-preview:large","max-video-preview":"max-video-preview:-1"},"canonical":"https:\/\/carpathiacenter.ro\/en\/premierul-consultari-cu-ministerele-transporturilor-si-dezvoltarii-pe-tema-proiectelor-care-vor-fi-finantate-in-continuare-din-pnrr\/","og_locale":"en_GB","og_type":"article","og_title":"Premierul - consult\u0103ri cu ministerele Transporturilor \u0219i Dezvolt\u0103rii pe tema proiectelor care vor fi finan\u021bate \u00een continuare din PNRR - Carpathia Center Romania","og_description":"Premierul Ilie Bolojan a avut mar\u021bi consult\u0103ri pe tema prioritiz\u0103rii investi\u021biilor propuse prin Planul Na\u021bional de Redresare \u0219i Rezilien\u021b\u0103 (PNRR) cu ministerele Transporturilor \u0219i Dezvolt\u0103rii, \u00een scopul analiz\u0103rii proiectelor care vor fi \u00een continuare sus\u021binute prin acest mecanism european, precum \u0219i pentru identificarea altor surse de finan\u021bare pentru proiectele care nu se \u00eencadreaz\u0103 \u00een PNRR....","og_url":"https:\/\/carpathiacenter.ro\/en\/premierul-consultari-cu-ministerele-transporturilor-si-dezvoltarii-pe-tema-proiectelor-care-vor-fi-finantate-in-continuare-din-pnrr\/","og_site_name":"Carpathia Center Romania","article_publisher":"https:\/\/www.facebook.com\/fdpscarpathia\/","article_published_time":"2025-08-27T08:33:25+00:00","og_image":[{"width":1296,"height":728,"url":"https:\/\/carpathiacenter.ro\/wp-content\/uploads\/2025\/08\/Ilie-Bolojan.jpg","type":"image\/jpeg"}],"author":"creativebitsolutions","twitter_card":"summary_large_image","twitter_misc":{"Written by":"creativebitsolutions","Estimated reading time":"2 minutes"},"schema":{"@context":"https:\/\/schema.org","@graph":[{"@type":"Article","@id":"https:\/\/carpathiacenter.ro\/premierul-consultari-cu-ministerele-transporturilor-si-dezvoltarii-pe-tema-proiectelor-care-vor-fi-finantate-in-continuare-din-pnrr\/#article","isPartOf":{"@id":"https:\/\/carpathiacenter.ro\/premierul-consultari-cu-ministerele-transporturilor-si-dezvoltarii-pe-tema-proiectelor-care-vor-fi-finantate-in-continuare-din-pnrr\/"},"author":{"name":"creativebitsolutions","@id":"https:\/\/carpathiacenter.ro\/#\/schema\/person\/03d9f58202fee8379268f34afa195006"},"headline":"Premierul &#8211; consult\u0103ri cu ministerele Transporturilor \u0219i Dezvolt\u0103rii pe tema proiectelor care vor fi finan\u021bate \u00een continuare din PNRR","datePublished":"2025-08-27T08:33:25+00:00","mainEntityOfPage":{"@id":"https:\/\/carpathiacenter.ro\/premierul-consultari-cu-ministerele-transporturilor-si-dezvoltarii-pe-tema-proiectelor-care-vor-fi-finantate-in-continuare-din-pnrr\/"},"wordCount":519,"commentCount":0,"publisher":{"@id":"https:\/\/carpathiacenter.ro\/#organization"},"image":{"@id":"https:\/\/carpathiacenter.ro\/premierul-consultari-cu-ministerele-transporturilor-si-dezvoltarii-pe-tema-proiectelor-care-vor-fi-finantate-in-continuare-din-pnrr\/#primaryimage"},"thumbnailUrl":"https:\/\/carpathiacenter.ro\/wp-content\/uploads\/2025\/08\/Ilie-Bolojan.jpg","articleSection":["Uncategorized"],"inLanguage":"en-GB","potentialAction":[{"@type":"CommentAction","name":"Comment","target":["https:\/\/carpathiacenter.ro\/premierul-consultari-cu-ministerele-transporturilor-si-dezvoltarii-pe-tema-proiectelor-care-vor-fi-finantate-in-continuare-din-pnrr\/#respond"]}]},{"@type":"WebPage","@id":"https:\/\/carpathiacenter.ro\/premierul-consultari-cu-ministerele-transporturilor-si-dezvoltarii-pe-tema-proiectelor-care-vor-fi-finantate-in-continuare-din-pnrr\/","url":"https:\/\/carpathiacenter.ro\/premierul-consultari-cu-ministerele-transporturilor-si-dezvoltarii-pe-tema-proiectelor-care-vor-fi-finantate-in-continuare-din-pnrr\/","name":"Premierul - consult\u0103ri cu ministerele Transporturilor \u0219i Dezvolt\u0103rii pe tema proiectelor care vor fi finan\u021bate \u00een continuare din PNRR - Carpathia Center Romania","isPartOf":{"@id":"https:\/\/carpathiacenter.ro\/#website"},"primaryImageOfPage":{"@id":"https:\/\/carpathiacenter.ro\/premierul-consultari-cu-ministerele-transporturilor-si-dezvoltarii-pe-tema-proiectelor-care-vor-fi-finantate-in-continuare-din-pnrr\/#primaryimage"},"image":{"@id":"https:\/\/carpathiacenter.ro\/premierul-consultari-cu-ministerele-transporturilor-si-dezvoltarii-pe-tema-proiectelor-care-vor-fi-finantate-in-continuare-din-pnrr\/#primaryimage"},"thumbnailUrl":"https:\/\/carpathiacenter.ro\/wp-content\/uploads\/2025\/08\/Ilie-Bolojan.jpg","datePublished":"2025-08-27T08:33:25+00:00","breadcrumb":{"@id":"https:\/\/carpathiacenter.ro\/premierul-consultari-cu-ministerele-transporturilor-si-dezvoltarii-pe-tema-proiectelor-care-vor-fi-finantate-in-continuare-din-pnrr\/#breadcrumb"},"inLanguage":"en-GB","potentialAction":[{"@type":"ReadAction","target":["https:\/\/carpathiacenter.ro\/premierul-consultari-cu-ministerele-transporturilor-si-dezvoltarii-pe-tema-proiectelor-care-vor-fi-finantate-in-continuare-din-pnrr\/"]}]},{"@type":"ImageObject","inLanguage":"en-GB","@id":"https:\/\/carpathiacenter.ro\/premierul-consultari-cu-ministerele-transporturilor-si-dezvoltarii-pe-tema-proiectelor-care-vor-fi-finantate-in-continuare-din-pnrr\/#primaryimage","url":"https:\/\/carpathiacenter.ro\/wp-content\/uploads\/2025\/08\/Ilie-Bolojan.jpg","contentUrl":"https:\/\/carpathiacenter.ro\/wp-content\/uploads\/2025\/08\/Ilie-Bolojan.jpg","width":1296,"height":728},{"@type":"BreadcrumbList","@id":"https:\/\/carpathiacenter.ro\/premierul-consultari-cu-ministerele-transporturilor-si-dezvoltarii-pe-tema-proiectelor-care-vor-fi-finantate-in-continuare-din-pnrr\/#breadcrumb","itemListElement":[{"@type":"ListItem","position":1,"name":"Prima pagin\u0103","item":"https:\/\/carpathiacenter.ro\/"},{"@type":"ListItem","position":2,"name":"Premierul &#8211; consult\u0103ri cu ministerele Transporturilor \u0219i Dezvolt\u0103rii pe tema proiectelor care vor fi finan\u021bate \u00een continuare din PNRR"}]},{"@type":"WebSite","@id":"https:\/\/carpathiacenter.ro\/#website","url":"https:\/\/carpathiacenter.ro\/","name":"Carpathia Center Romania","description":"Impossible made possible!","publisher":{"@id":"https:\/\/carpathiacenter.ro\/#organization"},"potentialAction":[{"@type":"SearchAction","target":{"@type":"EntryPoint","urlTemplate":"https:\/\/carpathiacenter.ro\/?s={search_term_string}"},"query-input":{"@type":"PropertyValueSpecification","valueRequired":true,"valueName":"search_term_string"}}],"inLanguage":"en-GB"},{"@type":"Organization","@id":"https:\/\/carpathiacenter.ro\/#organization","name":"Carpathia Center Romania","url":"https:\/\/carpathiacenter.ro\/","logo":{"@type":"ImageObject","inLanguage":"en-GB","@id":"https:\/\/carpathiacenter.ro\/#\/schema\/logo\/image\/","url":"https:\/\/carpathiacenter.ro\/wp-content\/uploads\/2024\/07\/logo-carpathia_bg_white-1024x941.png","contentUrl":"https:\/\/carpathiacenter.ro\/wp-content\/uploads\/2024\/07\/logo-carpathia_bg_white-1024x941.png","width":1024,"height":941,"caption":"Carpathia Center Romania"},"image":{"@id":"https:\/\/carpathiacenter.ro\/#\/schema\/logo\/image\/"},"sameAs":["https:\/\/www.facebook.com\/fdpscarpathia\/"]},{"@type":"Person","@id":"https:\/\/carpathiacenter.ro\/#\/schema\/person\/03d9f58202fee8379268f34afa195006","name":"creativebitsolutions","image":{"@type":"ImageObject","inLanguage":"en-GB","@id":"https:\/\/carpathiacenter.ro\/#\/schema\/person\/image\/","url":"https:\/\/secure.gravatar.com\/avatar\/1b1a13e37f847c635dab78348f1dff2f07651ee2a3d77a5c355a4b8c75f9165a?s=96&d=mm&r=g","contentUrl":"https:\/\/secure.gravatar.com\/avatar\/1b1a13e37f847c635dab78348f1dff2f07651ee2a3d77a5c355a4b8c75f9165a?s=96&d=mm&r=g","caption":"creativebitsolutions"},"url":"https:\/\/carpathiacenter.ro\/en\/author\/creativebitsolutions\/"}]}},"_links":{"self":[{"href":"https:\/\/carpathiacenter.ro\/en\/wp-json\/wp\/v2\/posts\/2928","targetHints":{"allow":["GET"]}}],"collection":[{"href":"https:\/\/carpathiacenter.ro\/en\/wp-json\/wp\/v2\/posts"}],"about":[{"href":"https:\/\/carpathiacenter.ro\/en\/wp-json\/wp\/v2\/types\/post"}],"author":[{"embeddable":true,"href":"https:\/\/carpathiacenter.ro\/en\/wp-json\/wp\/v2\/users\/4"}],"replies":[{"embeddable":true,"href":"https:\/\/carpathiacenter.ro\/en\/wp-json\/wp\/v2\/comments?post=2928"}],"version-history":[{"count":1,"href":"https:\/\/carpathiacenter.ro\/en\/wp-json\/wp\/v2\/posts\/2928\/revisions"}],"predecessor-version":[{"id":2929,"href":"https:\/\/carpathiacenter.ro\/en\/wp-json\/wp\/v2\/posts\/2928\/revisions\/2929"}],"wp:featuredmedia":[{"embeddable":true,"href":"https:\/\/carpathiacenter.ro\/en\/wp-json\/wp\/v2\/media\/2837"}],"wp:attachment":[{"href":"https:\/\/carpathiacenter.ro\/en\/wp-json\/wp\/v2\/media?parent=2928"}],"wp:term":[{"taxonomy":"category","embeddable":true,"href":"https:\/\/carpathiacenter.ro\/en\/wp-json\/wp\/v2\/categories?post=2928"},{"taxonomy":"post_tag","embeddable":true,"href":"https:\/\/carpathiacenter.ro\/en\/wp-json\/wp\/v2\/tags?post=2928"}],"curies":[{"name":"wp","href":"https:\/\/api.w.org\/{rel}","templated":true}]}}