{"id":2924,"date":"2025-08-26T07:47:28","date_gmt":"2025-08-26T07:47:28","guid":{"rendered":"https:\/\/carpathiacenter.ro\/?p=2924"},"modified":"2025-08-26T07:47:28","modified_gmt":"2025-08-26T07:47:28","slug":"ministerul-educatiei-in-majoritatea-covarsitoare-a-claselor-nu-avem-schimbari-masurile-fiscal-bugetare-afecteaza-clasele-sub-efectiv","status":"publish","type":"post","link":"https:\/\/carpathiacenter.ro\/en\/ministerul-educatiei-in-majoritatea-covarsitoare-a-claselor-nu-avem-schimbari-masurile-fiscal-bugetare-afecteaza-clasele-sub-efectiv\/","title":{"rendered":"Ministerul Educa\u021biei: \u00cen majoritatea cov\u00e2r\u0219itoare a claselor nu avem schimb\u0103ri; m\u0103surile fiscal-bugetare afecteaz\u0103 clasele sub efectiv"},"content":{"rendered":"<p>Ministerul Educa\u021biei \u0219i Cercet\u0103rii a informat, luni seara, c\u0103 \u00een majoritatea cov\u00e2r\u0219itoare a claselor nu exist\u0103 schimb\u0103ri \u00een anul \u0219colar 2025 &#8211; 2026, m\u0103surile fiscal-bugetare afect\u00e2nd mai ales situa\u021bia claselor sub efectiv.<\/p>\n<p>Dup\u0103 reorganizarea celor 507 unit\u0103\u021bi de \u00eenv\u0103\u021b\u0103m\u00e2nt \u0219i cre\u0219terea normei didactice s\u0103pt\u0103m\u00e2nale de predare cu dou\u0103 ore, o alt\u0103 m\u0103sur\u0103 prev\u0103zut\u0103 de Legea fiscal-bugetar\u0103 nr. 141\/2025 a fost modificarea limitelor minime \u0219i maxime pentru num\u0103rul de copii la clas\u0103.<\/p>\n<p><strong>\u00cen acest context, Ministerul Educa\u021biei a precizat c\u0103 &#8216;majoritatea claselor din Rom\u00e2nia care se \u00eencadrau \u00eentre limitele anterioare se vor \u00eencadra \u0219i \u00een noile limite&#8217;.<\/strong><\/p>\n<p>&#8216;\u00cen majoritatea cov\u00e2r\u0219itoare a claselor, nu avem schimb\u0103ri, m\u0103surile fiscal-bugetare afect\u00e2nd mai ales situa\u021bia claselor sub efectiv. \u00centr-adev\u0103r, acest demers de modificare a limitelor minime \u0219i maxime pentru num\u0103rul de copii \u00een clas\u0103 a afectat mai ales clasele cu 8 sau 9 copii (adic\u0103 aproximativ 0,5% din totalul claselor de \u00eenv\u0103\u021b\u0103m\u00e2nt primar \u0219i gimnazial din anul \u0219colar 2024 &#8211; 2025) \u0219i, \u00een mai mic\u0103 m\u0103sur\u0103, unele clase la nivel de liceu. De asemenea, \u00een anul \u0219colar 2024 &#8211; 2025 au func\u021bionat la nivel na\u021bional, \u00een clasa a VIII-a, 12 clase cu 1 elev, 26 de clase cu 2 elevi, 52 de clase cu 3 elevi, 64 de clase cu 4 elevi, 84 de clase cu 5 elevi, 92 de clase cu 6 elevi \u0219i 107 clase cu 7 elevi, model care va fi reorganizat la r\u00e2ndul s\u0103u. Este posibil ca aceste m\u0103suri fiscal-bugetare s\u0103 creasc\u0103 u\u0219or ponderea \u00eenv\u0103\u021b\u0103m\u00e2ntului simultan (la nivel primar \u0219i gimnazial), \u00een estimarea ministerului de la 6% \u00een prezent la 7,5%. Din nou, acest procent nu iese din diverse repere europene&#8217;, a ar\u0103tat Ministerul Educa\u021biei.<\/p>\n<p>Conform sursei citate, \u021binta ministerului r\u0103m\u00e2ne una flexibil\u0103: reducerea \u00eenv\u0103\u021b\u0103m\u00e2ntului simultan prin relocarea adecvat\u0103 a copiilor \u00een \u0219coli unde pot avea acces la un proces educa\u021bional standard (a\u0219a cum tind spre exemplu practicile educa\u021bionale din Finlanda) sau derularea \u00eenv\u0103\u021b\u0103m\u00e2ntului simultan acolo unde este necesar, dar prin utilizarea unor metodologii adecvate, decizia urm\u00e2nd interesele comunit\u0103\u021bii locale \u0219i evaluarea educa\u021bional\u0103 a inspectoratelor \u0219colare (a\u0219a cum tind, spre exemplu, practicile educa\u021bionale din Fran\u021ba \u0219i Irlanda).<\/p>\n<p>&#8216;Ministerul Educa\u021biei \u0219i Cercet\u0103rii va informa public asupra rezultatelor definitive pentru anul \u0219colar 2025 &#8211; 2026 atunci c\u00e2nd acestea vor fi disponibile \u00een forma final\u0103&#8217;, a dat asigur\u0103ri institu\u021bia. AGERPRES \/ (AS &#8211; redactor: Andreea Rotaru, editor: Marius Fr\u0103\u021bil\u0103, editor online: Adrian D\u0103d\u00e2rlat)<br \/>\n<br \/>\nSursa articolului:  <a href=\"https:\/\/agerpres.ro\/educatie-stiinta\/2025\/08\/25\/ministerul-educatiei-in-majoritatea-covarsitoare-a-claselor-nu-avem-schimbari-masurile-fiscal-bugeta--1478490\" target=\"_blank\" rel=\"noopener\" title=\"\">https:\/\/agerpres.ro\/educatie-stiinta\/2025\/08\/25\/ministerul-educatiei-in-majoritatea-covarsitoare-a-claselor-nu-avem-schimbari-masurile-fiscal-bugeta&#8211;1478490<\/a><\/p>","protected":false},"excerpt":{"rendered":"<p>Ministerul Educa\u021biei \u0219i Cercet\u0103rii a informat, luni seara, c\u0103 \u00een majoritatea cov\u00e2r\u0219itoare a claselor nu exist\u0103 schimb\u0103ri \u00een anul \u0219colar 2025 &#8211; 2026, m\u0103surile fiscal-bugetare afect\u00e2nd mai ales situa\u021bia claselor sub efectiv. Dup\u0103 reorganizarea celor 507 unit\u0103\u021bi de \u00eenv\u0103\u021b\u0103m\u00e2nt \u0219i cre\u0219terea normei didactice s\u0103pt\u0103m\u00e2nale de predare cu dou\u0103 ore, o alt\u0103 m\u0103sur\u0103 prev\u0103zut\u0103 de Legea&#8230;<\/p>","protected":false},"author":4,"featured_media":2925,"comment_status":"open","ping_status":"open","sticky":false,"template":"","format":"standard","meta":{"footnotes":""},"categories":[1],"tags":[],"class_list":["post-2924","post","type-post","status-publish","format-standard","has-post-thumbnail","hentry","category-uncategorized"],"yoast_head":"<!-- This site is optimized with the Yoast SEO plugin v26.1.1 - https:\/\/yoast.com\/wordpress\/plugins\/seo\/ -->\n<title>Ministerul Educa\u021biei: \u00cen majoritatea cov\u00e2r\u0219itoare a claselor nu avem schimb\u0103ri; m\u0103surile fiscal-bugetare afecteaz\u0103 clasele sub efectiv - Carpathia Center Romania<\/title>\n<meta name=\"robots\" content=\"index, follow, max-snippet:-1, max-image-preview:large, max-video-preview:-1\" \/>\n<link rel=\"canonical\" href=\"https:\/\/carpathiacenter.ro\/en\/ministerul-educatiei-in-majoritatea-covarsitoare-a-claselor-nu-avem-schimbari-masurile-fiscal-bugetare-afecteaza-clasele-sub-efectiv\/\" \/>\n<meta property=\"og:locale\" content=\"en_GB\" \/>\n<meta property=\"og:type\" content=\"article\" \/>\n<meta property=\"og:title\" content=\"Ministerul Educa\u021biei: \u00cen majoritatea cov\u00e2r\u0219itoare a claselor nu avem schimb\u0103ri; m\u0103surile fiscal-bugetare afecteaz\u0103 clasele sub efectiv - Carpathia Center Romania\" \/>\n<meta property=\"og:description\" content=\"Ministerul Educa\u021biei \u0219i Cercet\u0103rii a informat, luni seara, c\u0103 \u00een majoritatea cov\u00e2r\u0219itoare a claselor nu exist\u0103 schimb\u0103ri \u00een anul \u0219colar 2025 &#8211; 2026, m\u0103surile fiscal-bugetare afect\u00e2nd mai ales situa\u021bia claselor sub efectiv. Dup\u0103 reorganizarea celor 507 unit\u0103\u021bi de \u00eenv\u0103\u021b\u0103m\u00e2nt \u0219i cre\u0219terea normei didactice s\u0103pt\u0103m\u00e2nale de predare cu dou\u0103 ore, o alt\u0103 m\u0103sur\u0103 prev\u0103zut\u0103 de Legea...\" \/>\n<meta property=\"og:url\" content=\"https:\/\/carpathiacenter.ro\/en\/ministerul-educatiei-in-majoritatea-covarsitoare-a-claselor-nu-avem-schimbari-masurile-fiscal-bugetare-afecteaza-clasele-sub-efectiv\/\" \/>\n<meta property=\"og:site_name\" content=\"Carpathia Center Romania\" \/>\n<meta property=\"article:publisher\" content=\"https:\/\/www.facebook.com\/fdpscarpathia\/\" \/>\n<meta property=\"article:published_time\" content=\"2025-08-26T07:47:28+00:00\" \/>\n<meta property=\"og:image\" content=\"https:\/\/carpathiacenter.ro\/wp-content\/uploads\/2025\/08\/Sala-de-clasa.jpg\" \/>\n\t<meta property=\"og:image:width\" content=\"1800\" \/>\n\t<meta property=\"og:image:height\" content=\"1080\" \/>\n\t<meta property=\"og:image:type\" content=\"image\/jpeg\" \/>\n<meta name=\"author\" content=\"creativebitsolutions\" \/>\n<meta name=\"twitter:card\" content=\"summary_large_image\" \/>\n<meta name=\"twitter:label1\" content=\"Written by\" \/>\n\t<meta name=\"twitter:data1\" content=\"creativebitsolutions\" \/>\n\t<meta name=\"twitter:label2\" content=\"Estimated reading time\" \/>\n\t<meta name=\"twitter:data2\" content=\"2 minutes\" \/>\n<script type=\"application\/ld+json\" class=\"yoast-schema-graph\">{\"@context\":\"https:\/\/schema.org\",\"@graph\":[{\"@type\":\"Article\",\"@id\":\"https:\/\/carpathiacenter.ro\/ministerul-educatiei-in-majoritatea-covarsitoare-a-claselor-nu-avem-schimbari-masurile-fiscal-bugetare-afecteaza-clasele-sub-efectiv\/#article\",\"isPartOf\":{\"@id\":\"https:\/\/carpathiacenter.ro\/ministerul-educatiei-in-majoritatea-covarsitoare-a-claselor-nu-avem-schimbari-masurile-fiscal-bugetare-afecteaza-clasele-sub-efectiv\/\"},\"author\":{\"name\":\"creativebitsolutions\",\"@id\":\"https:\/\/carpathiacenter.ro\/#\/schema\/person\/03d9f58202fee8379268f34afa195006\"},\"headline\":\"Ministerul Educa\u021biei: \u00cen majoritatea cov\u00e2r\u0219itoare a claselor nu avem schimb\u0103ri; m\u0103surile fiscal-bugetare afecteaz\u0103 clasele sub efectiv\",\"datePublished\":\"2025-08-26T07:47:28+00:00\",\"mainEntityOfPage\":{\"@id\":\"https:\/\/carpathiacenter.ro\/ministerul-educatiei-in-majoritatea-covarsitoare-a-claselor-nu-avem-schimbari-masurile-fiscal-bugetare-afecteaza-clasele-sub-efectiv\/\"},\"wordCount\":451,\"commentCount\":0,\"publisher\":{\"@id\":\"https:\/\/carpathiacenter.ro\/#organization\"},\"image\":{\"@id\":\"https:\/\/carpathiacenter.ro\/ministerul-educatiei-in-majoritatea-covarsitoare-a-claselor-nu-avem-schimbari-masurile-fiscal-bugetare-afecteaza-clasele-sub-efectiv\/#primaryimage\"},\"thumbnailUrl\":\"https:\/\/carpathiacenter.ro\/wp-content\/uploads\/2025\/08\/Sala-de-clasa.jpg\",\"articleSection\":[\"Uncategorized\"],\"inLanguage\":\"en-GB\",\"potentialAction\":[{\"@type\":\"CommentAction\",\"name\":\"Comment\",\"target\":[\"https:\/\/carpathiacenter.ro\/ministerul-educatiei-in-majoritatea-covarsitoare-a-claselor-nu-avem-schimbari-masurile-fiscal-bugetare-afecteaza-clasele-sub-efectiv\/#respond\"]}]},{\"@type\":\"WebPage\",\"@id\":\"https:\/\/carpathiacenter.ro\/ministerul-educatiei-in-majoritatea-covarsitoare-a-claselor-nu-avem-schimbari-masurile-fiscal-bugetare-afecteaza-clasele-sub-efectiv\/\",\"url\":\"https:\/\/carpathiacenter.ro\/ministerul-educatiei-in-majoritatea-covarsitoare-a-claselor-nu-avem-schimbari-masurile-fiscal-bugetare-afecteaza-clasele-sub-efectiv\/\",\"name\":\"Ministerul Educa\u021biei: \u00cen majoritatea cov\u00e2r\u0219itoare a claselor nu avem schimb\u0103ri; m\u0103surile fiscal-bugetare afecteaz\u0103 clasele sub efectiv - Carpathia Center Romania\",\"isPartOf\":{\"@id\":\"https:\/\/carpathiacenter.ro\/#website\"},\"primaryImageOfPage\":{\"@id\":\"https:\/\/carpathiacenter.ro\/ministerul-educatiei-in-majoritatea-covarsitoare-a-claselor-nu-avem-schimbari-masurile-fiscal-bugetare-afecteaza-clasele-sub-efectiv\/#primaryimage\"},\"image\":{\"@id\":\"https:\/\/carpathiacenter.ro\/ministerul-educatiei-in-majoritatea-covarsitoare-a-claselor-nu-avem-schimbari-masurile-fiscal-bugetare-afecteaza-clasele-sub-efectiv\/#primaryimage\"},\"thumbnailUrl\":\"https:\/\/carpathiacenter.ro\/wp-content\/uploads\/2025\/08\/Sala-de-clasa.jpg\",\"datePublished\":\"2025-08-26T07:47:28+00:00\",\"breadcrumb\":{\"@id\":\"https:\/\/carpathiacenter.ro\/ministerul-educatiei-in-majoritatea-covarsitoare-a-claselor-nu-avem-schimbari-masurile-fiscal-bugetare-afecteaza-clasele-sub-efectiv\/#breadcrumb\"},\"inLanguage\":\"en-GB\",\"potentialAction\":[{\"@type\":\"ReadAction\",\"target\":[\"https:\/\/carpathiacenter.ro\/ministerul-educatiei-in-majoritatea-covarsitoare-a-claselor-nu-avem-schimbari-masurile-fiscal-bugetare-afecteaza-clasele-sub-efectiv\/\"]}]},{\"@type\":\"ImageObject\",\"inLanguage\":\"en-GB\",\"@id\":\"https:\/\/carpathiacenter.ro\/ministerul-educatiei-in-majoritatea-covarsitoare-a-claselor-nu-avem-schimbari-masurile-fiscal-bugetare-afecteaza-clasele-sub-efectiv\/#primaryimage\",\"url\":\"https:\/\/carpathiacenter.ro\/wp-content\/uploads\/2025\/08\/Sala-de-clasa.jpg\",\"contentUrl\":\"https:\/\/carpathiacenter.ro\/wp-content\/uploads\/2025\/08\/Sala-de-clasa.jpg\",\"width\":1800,\"height\":1080},{\"@type\":\"BreadcrumbList\",\"@id\":\"https:\/\/carpathiacenter.ro\/ministerul-educatiei-in-majoritatea-covarsitoare-a-claselor-nu-avem-schimbari-masurile-fiscal-bugetare-afecteaza-clasele-sub-efectiv\/#breadcrumb\",\"itemListElement\":[{\"@type\":\"ListItem\",\"position\":1,\"name\":\"Prima pagin\u0103\",\"item\":\"https:\/\/carpathiacenter.ro\/\"},{\"@type\":\"ListItem\",\"position\":2,\"name\":\"Ministerul Educa\u021biei: \u00cen majoritatea cov\u00e2r\u0219itoare a claselor nu avem schimb\u0103ri; m\u0103surile fiscal-bugetare afecteaz\u0103 clasele sub efectiv\"}]},{\"@type\":\"WebSite\",\"@id\":\"https:\/\/carpathiacenter.ro\/#website\",\"url\":\"https:\/\/carpathiacenter.ro\/\",\"name\":\"Carpathia Center Romania\",\"description\":\"Impossible made possible!\",\"publisher\":{\"@id\":\"https:\/\/carpathiacenter.ro\/#organization\"},\"potentialAction\":[{\"@type\":\"SearchAction\",\"target\":{\"@type\":\"EntryPoint\",\"urlTemplate\":\"https:\/\/carpathiacenter.ro\/?s={search_term_string}\"},\"query-input\":{\"@type\":\"PropertyValueSpecification\",\"valueRequired\":true,\"valueName\":\"search_term_string\"}}],\"inLanguage\":\"en-GB\"},{\"@type\":\"Organization\",\"@id\":\"https:\/\/carpathiacenter.ro\/#organization\",\"name\":\"Carpathia Center Romania\",\"url\":\"https:\/\/carpathiacenter.ro\/\",\"logo\":{\"@type\":\"ImageObject\",\"inLanguage\":\"en-GB\",\"@id\":\"https:\/\/carpathiacenter.ro\/#\/schema\/logo\/image\/\",\"url\":\"https:\/\/carpathiacenter.ro\/wp-content\/uploads\/2024\/07\/logo-carpathia_bg_white-1024x941.png\",\"contentUrl\":\"https:\/\/carpathiacenter.ro\/wp-content\/uploads\/2024\/07\/logo-carpathia_bg_white-1024x941.png\",\"width\":1024,\"height\":941,\"caption\":\"Carpathia Center Romania\"},\"image\":{\"@id\":\"https:\/\/carpathiacenter.ro\/#\/schema\/logo\/image\/\"},\"sameAs\":[\"https:\/\/www.facebook.com\/fdpscarpathia\/\"]},{\"@type\":\"Person\",\"@id\":\"https:\/\/carpathiacenter.ro\/#\/schema\/person\/03d9f58202fee8379268f34afa195006\",\"name\":\"creativebitsolutions\",\"image\":{\"@type\":\"ImageObject\",\"inLanguage\":\"en-GB\",\"@id\":\"https:\/\/carpathiacenter.ro\/#\/schema\/person\/image\/\",\"url\":\"https:\/\/secure.gravatar.com\/avatar\/1b1a13e37f847c635dab78348f1dff2f07651ee2a3d77a5c355a4b8c75f9165a?s=96&d=mm&r=g\",\"contentUrl\":\"https:\/\/secure.gravatar.com\/avatar\/1b1a13e37f847c635dab78348f1dff2f07651ee2a3d77a5c355a4b8c75f9165a?s=96&d=mm&r=g\",\"caption\":\"creativebitsolutions\"},\"url\":\"https:\/\/carpathiacenter.ro\/en\/author\/creativebitsolutions\/\"}]}<\/script>\n<!-- \/ Yoast SEO plugin. -->","yoast_head_json":{"title":"Ministerul Educa\u021biei: \u00cen majoritatea cov\u00e2r\u0219itoare a claselor nu avem schimb\u0103ri; m\u0103surile fiscal-bugetare afecteaz\u0103 clasele sub efectiv - Carpathia Center Romania","robots":{"index":"index","follow":"follow","max-snippet":"max-snippet:-1","max-image-preview":"max-image-preview:large","max-video-preview":"max-video-preview:-1"},"canonical":"https:\/\/carpathiacenter.ro\/en\/ministerul-educatiei-in-majoritatea-covarsitoare-a-claselor-nu-avem-schimbari-masurile-fiscal-bugetare-afecteaza-clasele-sub-efectiv\/","og_locale":"en_GB","og_type":"article","og_title":"Ministerul Educa\u021biei: \u00cen majoritatea cov\u00e2r\u0219itoare a claselor nu avem schimb\u0103ri; m\u0103surile fiscal-bugetare afecteaz\u0103 clasele sub efectiv - Carpathia Center Romania","og_description":"Ministerul Educa\u021biei \u0219i Cercet\u0103rii a informat, luni seara, c\u0103 \u00een majoritatea cov\u00e2r\u0219itoare a claselor nu exist\u0103 schimb\u0103ri \u00een anul \u0219colar 2025 &#8211; 2026, m\u0103surile fiscal-bugetare afect\u00e2nd mai ales situa\u021bia claselor sub efectiv. Dup\u0103 reorganizarea celor 507 unit\u0103\u021bi de \u00eenv\u0103\u021b\u0103m\u00e2nt \u0219i cre\u0219terea normei didactice s\u0103pt\u0103m\u00e2nale de predare cu dou\u0103 ore, o alt\u0103 m\u0103sur\u0103 prev\u0103zut\u0103 de Legea...","og_url":"https:\/\/carpathiacenter.ro\/en\/ministerul-educatiei-in-majoritatea-covarsitoare-a-claselor-nu-avem-schimbari-masurile-fiscal-bugetare-afecteaza-clasele-sub-efectiv\/","og_site_name":"Carpathia Center Romania","article_publisher":"https:\/\/www.facebook.com\/fdpscarpathia\/","article_published_time":"2025-08-26T07:47:28+00:00","og_image":[{"width":1800,"height":1080,"url":"https:\/\/carpathiacenter.ro\/wp-content\/uploads\/2025\/08\/Sala-de-clasa.jpg","type":"image\/jpeg"}],"author":"creativebitsolutions","twitter_card":"summary_large_image","twitter_misc":{"Written by":"creativebitsolutions","Estimated reading time":"2 minutes"},"schema":{"@context":"https:\/\/schema.org","@graph":[{"@type":"Article","@id":"https:\/\/carpathiacenter.ro\/ministerul-educatiei-in-majoritatea-covarsitoare-a-claselor-nu-avem-schimbari-masurile-fiscal-bugetare-afecteaza-clasele-sub-efectiv\/#article","isPartOf":{"@id":"https:\/\/carpathiacenter.ro\/ministerul-educatiei-in-majoritatea-covarsitoare-a-claselor-nu-avem-schimbari-masurile-fiscal-bugetare-afecteaza-clasele-sub-efectiv\/"},"author":{"name":"creativebitsolutions","@id":"https:\/\/carpathiacenter.ro\/#\/schema\/person\/03d9f58202fee8379268f34afa195006"},"headline":"Ministerul Educa\u021biei: \u00cen majoritatea cov\u00e2r\u0219itoare a claselor nu avem schimb\u0103ri; m\u0103surile fiscal-bugetare afecteaz\u0103 clasele sub efectiv","datePublished":"2025-08-26T07:47:28+00:00","mainEntityOfPage":{"@id":"https:\/\/carpathiacenter.ro\/ministerul-educatiei-in-majoritatea-covarsitoare-a-claselor-nu-avem-schimbari-masurile-fiscal-bugetare-afecteaza-clasele-sub-efectiv\/"},"wordCount":451,"commentCount":0,"publisher":{"@id":"https:\/\/carpathiacenter.ro\/#organization"},"image":{"@id":"https:\/\/carpathiacenter.ro\/ministerul-educatiei-in-majoritatea-covarsitoare-a-claselor-nu-avem-schimbari-masurile-fiscal-bugetare-afecteaza-clasele-sub-efectiv\/#primaryimage"},"thumbnailUrl":"https:\/\/carpathiacenter.ro\/wp-content\/uploads\/2025\/08\/Sala-de-clasa.jpg","articleSection":["Uncategorized"],"inLanguage":"en-GB","potentialAction":[{"@type":"CommentAction","name":"Comment","target":["https:\/\/carpathiacenter.ro\/ministerul-educatiei-in-majoritatea-covarsitoare-a-claselor-nu-avem-schimbari-masurile-fiscal-bugetare-afecteaza-clasele-sub-efectiv\/#respond"]}]},{"@type":"WebPage","@id":"https:\/\/carpathiacenter.ro\/ministerul-educatiei-in-majoritatea-covarsitoare-a-claselor-nu-avem-schimbari-masurile-fiscal-bugetare-afecteaza-clasele-sub-efectiv\/","url":"https:\/\/carpathiacenter.ro\/ministerul-educatiei-in-majoritatea-covarsitoare-a-claselor-nu-avem-schimbari-masurile-fiscal-bugetare-afecteaza-clasele-sub-efectiv\/","name":"Ministerul Educa\u021biei: \u00cen majoritatea cov\u00e2r\u0219itoare a claselor nu avem schimb\u0103ri; m\u0103surile fiscal-bugetare afecteaz\u0103 clasele sub efectiv - Carpathia Center Romania","isPartOf":{"@id":"https:\/\/carpathiacenter.ro\/#website"},"primaryImageOfPage":{"@id":"https:\/\/carpathiacenter.ro\/ministerul-educatiei-in-majoritatea-covarsitoare-a-claselor-nu-avem-schimbari-masurile-fiscal-bugetare-afecteaza-clasele-sub-efectiv\/#primaryimage"},"image":{"@id":"https:\/\/carpathiacenter.ro\/ministerul-educatiei-in-majoritatea-covarsitoare-a-claselor-nu-avem-schimbari-masurile-fiscal-bugetare-afecteaza-clasele-sub-efectiv\/#primaryimage"},"thumbnailUrl":"https:\/\/carpathiacenter.ro\/wp-content\/uploads\/2025\/08\/Sala-de-clasa.jpg","datePublished":"2025-08-26T07:47:28+00:00","breadcrumb":{"@id":"https:\/\/carpathiacenter.ro\/ministerul-educatiei-in-majoritatea-covarsitoare-a-claselor-nu-avem-schimbari-masurile-fiscal-bugetare-afecteaza-clasele-sub-efectiv\/#breadcrumb"},"inLanguage":"en-GB","potentialAction":[{"@type":"ReadAction","target":["https:\/\/carpathiacenter.ro\/ministerul-educatiei-in-majoritatea-covarsitoare-a-claselor-nu-avem-schimbari-masurile-fiscal-bugetare-afecteaza-clasele-sub-efectiv\/"]}]},{"@type":"ImageObject","inLanguage":"en-GB","@id":"https:\/\/carpathiacenter.ro\/ministerul-educatiei-in-majoritatea-covarsitoare-a-claselor-nu-avem-schimbari-masurile-fiscal-bugetare-afecteaza-clasele-sub-efectiv\/#primaryimage","url":"https:\/\/carpathiacenter.ro\/wp-content\/uploads\/2025\/08\/Sala-de-clasa.jpg","contentUrl":"https:\/\/carpathiacenter.ro\/wp-content\/uploads\/2025\/08\/Sala-de-clasa.jpg","width":1800,"height":1080},{"@type":"BreadcrumbList","@id":"https:\/\/carpathiacenter.ro\/ministerul-educatiei-in-majoritatea-covarsitoare-a-claselor-nu-avem-schimbari-masurile-fiscal-bugetare-afecteaza-clasele-sub-efectiv\/#breadcrumb","itemListElement":[{"@type":"ListItem","position":1,"name":"Prima pagin\u0103","item":"https:\/\/carpathiacenter.ro\/"},{"@type":"ListItem","position":2,"name":"Ministerul Educa\u021biei: \u00cen majoritatea cov\u00e2r\u0219itoare a claselor nu avem schimb\u0103ri; m\u0103surile fiscal-bugetare afecteaz\u0103 clasele sub efectiv"}]},{"@type":"WebSite","@id":"https:\/\/carpathiacenter.ro\/#website","url":"https:\/\/carpathiacenter.ro\/","name":"Carpathia Center Romania","description":"Impossible made possible!","publisher":{"@id":"https:\/\/carpathiacenter.ro\/#organization"},"potentialAction":[{"@type":"SearchAction","target":{"@type":"EntryPoint","urlTemplate":"https:\/\/carpathiacenter.ro\/?s={search_term_string}"},"query-input":{"@type":"PropertyValueSpecification","valueRequired":true,"valueName":"search_term_string"}}],"inLanguage":"en-GB"},{"@type":"Organization","@id":"https:\/\/carpathiacenter.ro\/#organization","name":"Carpathia Center Romania","url":"https:\/\/carpathiacenter.ro\/","logo":{"@type":"ImageObject","inLanguage":"en-GB","@id":"https:\/\/carpathiacenter.ro\/#\/schema\/logo\/image\/","url":"https:\/\/carpathiacenter.ro\/wp-content\/uploads\/2024\/07\/logo-carpathia_bg_white-1024x941.png","contentUrl":"https:\/\/carpathiacenter.ro\/wp-content\/uploads\/2024\/07\/logo-carpathia_bg_white-1024x941.png","width":1024,"height":941,"caption":"Carpathia Center Romania"},"image":{"@id":"https:\/\/carpathiacenter.ro\/#\/schema\/logo\/image\/"},"sameAs":["https:\/\/www.facebook.com\/fdpscarpathia\/"]},{"@type":"Person","@id":"https:\/\/carpathiacenter.ro\/#\/schema\/person\/03d9f58202fee8379268f34afa195006","name":"creativebitsolutions","image":{"@type":"ImageObject","inLanguage":"en-GB","@id":"https:\/\/carpathiacenter.ro\/#\/schema\/person\/image\/","url":"https:\/\/secure.gravatar.com\/avatar\/1b1a13e37f847c635dab78348f1dff2f07651ee2a3d77a5c355a4b8c75f9165a?s=96&d=mm&r=g","contentUrl":"https:\/\/secure.gravatar.com\/avatar\/1b1a13e37f847c635dab78348f1dff2f07651ee2a3d77a5c355a4b8c75f9165a?s=96&d=mm&r=g","caption":"creativebitsolutions"},"url":"https:\/\/carpathiacenter.ro\/en\/author\/creativebitsolutions\/"}]}},"_links":{"self":[{"href":"https:\/\/carpathiacenter.ro\/en\/wp-json\/wp\/v2\/posts\/2924","targetHints":{"allow":["GET"]}}],"collection":[{"href":"https:\/\/carpathiacenter.ro\/en\/wp-json\/wp\/v2\/posts"}],"about":[{"href":"https:\/\/carpathiacenter.ro\/en\/wp-json\/wp\/v2\/types\/post"}],"author":[{"embeddable":true,"href":"https:\/\/carpathiacenter.ro\/en\/wp-json\/wp\/v2\/users\/4"}],"replies":[{"embeddable":true,"href":"https:\/\/carpathiacenter.ro\/en\/wp-json\/wp\/v2\/comments?post=2924"}],"version-history":[{"count":1,"href":"https:\/\/carpathiacenter.ro\/en\/wp-json\/wp\/v2\/posts\/2924\/revisions"}],"predecessor-version":[{"id":2926,"href":"https:\/\/carpathiacenter.ro\/en\/wp-json\/wp\/v2\/posts\/2924\/revisions\/2926"}],"wp:featuredmedia":[{"embeddable":true,"href":"https:\/\/carpathiacenter.ro\/en\/wp-json\/wp\/v2\/media\/2925"}],"wp:attachment":[{"href":"https:\/\/carpathiacenter.ro\/en\/wp-json\/wp\/v2\/media?parent=2924"}],"wp:term":[{"taxonomy":"category","embeddable":true,"href":"https:\/\/carpathiacenter.ro\/en\/wp-json\/wp\/v2\/categories?post=2924"},{"taxonomy":"post_tag","embeddable":true,"href":"https:\/\/carpathiacenter.ro\/en\/wp-json\/wp\/v2\/tags?post=2924"}],"curies":[{"name":"wp","href":"https:\/\/api.w.org\/{rel}","templated":true}]}}