{"id":2921,"date":"2025-08-26T07:43:45","date_gmt":"2025-08-26T07:43:45","guid":{"rendered":"https:\/\/carpathiacenter.ro\/?p=2921"},"modified":"2025-08-26T07:43:45","modified_gmt":"2025-08-26T07:43:45","slug":"radr2025-presedintele-nicusor-dan-ii-primeste-marti-pe-diplomatii-romani-acreditati-in-strainatate","status":"publish","type":"post","link":"https:\/\/carpathiacenter.ro\/en\/radr2025-presedintele-nicusor-dan-ii-primeste-marti-pe-diplomatii-romani-acreditati-in-strainatate\/","title":{"rendered":"RADR2025\/Pre\u0219edintele Nicu\u0219or Dan \u00eei prime\u0219te mar\u021bi pe diploma\u021bii rom\u00e2ni acredita\u021bi \u00een str\u0103in\u0103tate"},"content":{"rendered":"<p>Pre\u0219edintele Nicu\u0219or Dan \u00eei va primi mar\u021bi, la Palatul Cotroceni, pe \u0219efii de misiuni diplomatice, \u0219efii oficiilor consulare \u0219i directorii institutelor culturale rom\u00e2ne\u0219ti, acredita\u021bi \u00een str\u0103in\u0103tate, \u00een contextul <a href=\"https:\/\/agerpres.ro\/2025\/08\/25\/reuniunea-anuala-a-diplomatiei-romane-2025-25-26-august--1478252\" target=\"_blank\">Reuniunii Anuale a Diploma\u021biei Rom\u00e2ne<\/a>.<\/p>\n<p>Potrivit programului postat pe site-ul Administra\u021biei Preziden\u021biale, primirea va avea loc la ora 10:00, la Palatul Cotroceni.<\/p>\n<p>Aceasta este prima \u00eent\u00e2lnire a \u0219efului statului, de la preluarea mandatului acestuia, cu diploma\u021bii rom\u00e2ni acredita\u021bi \u00een diferite \u021b\u0103ri ale lumii, care anual, la finalul lunii august &#8211; \u00eenceputul lunii septembrie, se reunesc la Bucure\u0219ti.<\/p>\n<p>Ministerul Afacerilor Externe organizeaz\u0103, luni \u0219i mar\u021bi, Reuniunea Anual\u0103 a Diploma\u021biei Rom\u00e2ne (RADR2025), sub titlul &#8216;Un deceniu al schimb\u0103rilor: impactul diploma\u021biei rom\u00e2ne&#8217;.<\/p>\n<p>Evenimentul este organizat, conform tradi\u021biei, \u00een apropierea Zilei Diploma\u021biei Rom\u00e2ne, s\u0103rb\u0103torit\u0103 anual la data de 1 septembrie. AGERPRES\/ (AS &#8211; editor: Andreea Rotaru, editor online: Alexandru Cojocaru)<br \/>\n<br \/>\nSursa articolului:  <a href=\"https:\/\/agerpres.ro\/politic\/2025\/08\/26\/radr2025-presedintele-nicusor-dan-ii-primeste-marti-pe-diplomatii-romani-acreditati-in-strainatate--1478507\" target=\"_blank\" rel=\"noopener\" title=\"\">https:\/\/agerpres.ro\/politic\/2025\/08\/26\/radr2025-presedintele-nicusor-dan-ii-primeste-marti-pe-diplomatii-romani-acreditati-in-strainatate&#8211;1478507<\/a><\/p>","protected":false},"excerpt":{"rendered":"<p>Pre\u0219edintele Nicu\u0219or Dan \u00eei va primi mar\u021bi, la Palatul Cotroceni, pe \u0219efii de misiuni diplomatice, \u0219efii oficiilor consulare \u0219i directorii institutelor culturale rom\u00e2ne\u0219ti, acredita\u021bi \u00een str\u0103in\u0103tate, \u00een contextul Reuniunii Anuale a Diploma\u021biei Rom\u00e2ne. Potrivit programului postat pe site-ul Administra\u021biei Preziden\u021biale, primirea va avea loc la ora 10:00, la Palatul Cotroceni. Aceasta este prima \u00eent\u00e2lnire a&#8230;<\/p>","protected":false},"author":4,"featured_media":2922,"comment_status":"open","ping_status":"open","sticky":false,"template":"","format":"standard","meta":{"footnotes":""},"categories":[1],"tags":[],"class_list":["post-2921","post","type-post","status-publish","format-standard","has-post-thumbnail","hentry","category-uncategorized"],"yoast_head":"<!-- This site is optimized with the Yoast SEO plugin v26.1.1 - https:\/\/yoast.com\/wordpress\/plugins\/seo\/ -->\n<title>RADR2025\/Pre\u0219edintele Nicu\u0219or Dan \u00eei prime\u0219te mar\u021bi pe diploma\u021bii rom\u00e2ni acredita\u021bi \u00een str\u0103in\u0103tate - Carpathia Center Romania<\/title>\n<meta name=\"robots\" content=\"index, follow, max-snippet:-1, max-image-preview:large, max-video-preview:-1\" \/>\n<link rel=\"canonical\" href=\"https:\/\/carpathiacenter.ro\/en\/radr2025-presedintele-nicusor-dan-ii-primeste-marti-pe-diplomatii-romani-acreditati-in-strainatate\/\" \/>\n<meta property=\"og:locale\" content=\"en_GB\" \/>\n<meta property=\"og:type\" content=\"article\" \/>\n<meta property=\"og:title\" content=\"RADR2025\/Pre\u0219edintele Nicu\u0219or Dan \u00eei prime\u0219te mar\u021bi pe diploma\u021bii rom\u00e2ni acredita\u021bi \u00een str\u0103in\u0103tate - Carpathia Center Romania\" \/>\n<meta property=\"og:description\" content=\"Pre\u0219edintele Nicu\u0219or Dan \u00eei va primi mar\u021bi, la Palatul Cotroceni, pe \u0219efii de misiuni diplomatice, \u0219efii oficiilor consulare \u0219i directorii institutelor culturale rom\u00e2ne\u0219ti, acredita\u021bi \u00een str\u0103in\u0103tate, \u00een contextul Reuniunii Anuale a Diploma\u021biei Rom\u00e2ne. Potrivit programului postat pe site-ul Administra\u021biei Preziden\u021biale, primirea va avea loc la ora 10:00, la Palatul Cotroceni. Aceasta este prima \u00eent\u00e2lnire a...\" \/>\n<meta property=\"og:url\" content=\"https:\/\/carpathiacenter.ro\/en\/radr2025-presedintele-nicusor-dan-ii-primeste-marti-pe-diplomatii-romani-acreditati-in-strainatate\/\" \/>\n<meta property=\"og:site_name\" content=\"Carpathia Center Romania\" \/>\n<meta property=\"article:publisher\" content=\"https:\/\/www.facebook.com\/fdpscarpathia\/\" \/>\n<meta property=\"article:published_time\" content=\"2025-08-26T07:43:45+00:00\" \/>\n<meta property=\"og:image\" content=\"https:\/\/carpathiacenter.ro\/wp-content\/uploads\/2025\/08\/President_Nicusor_Dan.jpg\" \/>\n\t<meta property=\"og:image:width\" content=\"1200\" \/>\n\t<meta property=\"og:image:height\" content=\"900\" \/>\n\t<meta property=\"og:image:type\" content=\"image\/jpeg\" \/>\n<meta name=\"author\" content=\"creativebitsolutions\" \/>\n<meta name=\"twitter:card\" content=\"summary_large_image\" \/>\n<meta name=\"twitter:label1\" content=\"Written by\" \/>\n\t<meta name=\"twitter:data1\" content=\"creativebitsolutions\" \/>\n\t<meta name=\"twitter:label2\" content=\"Estimated reading time\" \/>\n\t<meta name=\"twitter:data2\" content=\"1 minute\" \/>\n<script type=\"application\/ld+json\" class=\"yoast-schema-graph\">{\"@context\":\"https:\/\/schema.org\",\"@graph\":[{\"@type\":\"Article\",\"@id\":\"https:\/\/carpathiacenter.ro\/radr2025-presedintele-nicusor-dan-ii-primeste-marti-pe-diplomatii-romani-acreditati-in-strainatate\/#article\",\"isPartOf\":{\"@id\":\"https:\/\/carpathiacenter.ro\/radr2025-presedintele-nicusor-dan-ii-primeste-marti-pe-diplomatii-romani-acreditati-in-strainatate\/\"},\"author\":{\"name\":\"creativebitsolutions\",\"@id\":\"https:\/\/carpathiacenter.ro\/#\/schema\/person\/03d9f58202fee8379268f34afa195006\"},\"headline\":\"RADR2025\/Pre\u0219edintele Nicu\u0219or Dan \u00eei prime\u0219te mar\u021bi pe diploma\u021bii rom\u00e2ni acredita\u021bi \u00een str\u0103in\u0103tate\",\"datePublished\":\"2025-08-26T07:43:45+00:00\",\"mainEntityOfPage\":{\"@id\":\"https:\/\/carpathiacenter.ro\/radr2025-presedintele-nicusor-dan-ii-primeste-marti-pe-diplomatii-romani-acreditati-in-strainatate\/\"},\"wordCount\":190,\"commentCount\":0,\"publisher\":{\"@id\":\"https:\/\/carpathiacenter.ro\/#organization\"},\"image\":{\"@id\":\"https:\/\/carpathiacenter.ro\/radr2025-presedintele-nicusor-dan-ii-primeste-marti-pe-diplomatii-romani-acreditati-in-strainatate\/#primaryimage\"},\"thumbnailUrl\":\"https:\/\/carpathiacenter.ro\/wp-content\/uploads\/2025\/08\/President_Nicusor_Dan.jpg\",\"articleSection\":[\"Uncategorized\"],\"inLanguage\":\"en-GB\",\"potentialAction\":[{\"@type\":\"CommentAction\",\"name\":\"Comment\",\"target\":[\"https:\/\/carpathiacenter.ro\/radr2025-presedintele-nicusor-dan-ii-primeste-marti-pe-diplomatii-romani-acreditati-in-strainatate\/#respond\"]}]},{\"@type\":\"WebPage\",\"@id\":\"https:\/\/carpathiacenter.ro\/radr2025-presedintele-nicusor-dan-ii-primeste-marti-pe-diplomatii-romani-acreditati-in-strainatate\/\",\"url\":\"https:\/\/carpathiacenter.ro\/radr2025-presedintele-nicusor-dan-ii-primeste-marti-pe-diplomatii-romani-acreditati-in-strainatate\/\",\"name\":\"RADR2025\/Pre\u0219edintele Nicu\u0219or Dan \u00eei prime\u0219te mar\u021bi pe diploma\u021bii rom\u00e2ni acredita\u021bi \u00een str\u0103in\u0103tate - Carpathia Center Romania\",\"isPartOf\":{\"@id\":\"https:\/\/carpathiacenter.ro\/#website\"},\"primaryImageOfPage\":{\"@id\":\"https:\/\/carpathiacenter.ro\/radr2025-presedintele-nicusor-dan-ii-primeste-marti-pe-diplomatii-romani-acreditati-in-strainatate\/#primaryimage\"},\"image\":{\"@id\":\"https:\/\/carpathiacenter.ro\/radr2025-presedintele-nicusor-dan-ii-primeste-marti-pe-diplomatii-romani-acreditati-in-strainatate\/#primaryimage\"},\"thumbnailUrl\":\"https:\/\/carpathiacenter.ro\/wp-content\/uploads\/2025\/08\/President_Nicusor_Dan.jpg\",\"datePublished\":\"2025-08-26T07:43:45+00:00\",\"breadcrumb\":{\"@id\":\"https:\/\/carpathiacenter.ro\/radr2025-presedintele-nicusor-dan-ii-primeste-marti-pe-diplomatii-romani-acreditati-in-strainatate\/#breadcrumb\"},\"inLanguage\":\"en-GB\",\"potentialAction\":[{\"@type\":\"ReadAction\",\"target\":[\"https:\/\/carpathiacenter.ro\/radr2025-presedintele-nicusor-dan-ii-primeste-marti-pe-diplomatii-romani-acreditati-in-strainatate\/\"]}]},{\"@type\":\"ImageObject\",\"inLanguage\":\"en-GB\",\"@id\":\"https:\/\/carpathiacenter.ro\/radr2025-presedintele-nicusor-dan-ii-primeste-marti-pe-diplomatii-romani-acreditati-in-strainatate\/#primaryimage\",\"url\":\"https:\/\/carpathiacenter.ro\/wp-content\/uploads\/2025\/08\/President_Nicusor_Dan.jpg\",\"contentUrl\":\"https:\/\/carpathiacenter.ro\/wp-content\/uploads\/2025\/08\/President_Nicusor_Dan.jpg\",\"width\":1200,\"height\":900},{\"@type\":\"BreadcrumbList\",\"@id\":\"https:\/\/carpathiacenter.ro\/radr2025-presedintele-nicusor-dan-ii-primeste-marti-pe-diplomatii-romani-acreditati-in-strainatate\/#breadcrumb\",\"itemListElement\":[{\"@type\":\"ListItem\",\"position\":1,\"name\":\"Prima pagin\u0103\",\"item\":\"https:\/\/carpathiacenter.ro\/\"},{\"@type\":\"ListItem\",\"position\":2,\"name\":\"RADR2025\/Pre\u0219edintele Nicu\u0219or Dan \u00eei prime\u0219te mar\u021bi pe diploma\u021bii rom\u00e2ni acredita\u021bi \u00een str\u0103in\u0103tate\"}]},{\"@type\":\"WebSite\",\"@id\":\"https:\/\/carpathiacenter.ro\/#website\",\"url\":\"https:\/\/carpathiacenter.ro\/\",\"name\":\"Carpathia Center Romania\",\"description\":\"Impossible made possible!\",\"publisher\":{\"@id\":\"https:\/\/carpathiacenter.ro\/#organization\"},\"potentialAction\":[{\"@type\":\"SearchAction\",\"target\":{\"@type\":\"EntryPoint\",\"urlTemplate\":\"https:\/\/carpathiacenter.ro\/?s={search_term_string}\"},\"query-input\":{\"@type\":\"PropertyValueSpecification\",\"valueRequired\":true,\"valueName\":\"search_term_string\"}}],\"inLanguage\":\"en-GB\"},{\"@type\":\"Organization\",\"@id\":\"https:\/\/carpathiacenter.ro\/#organization\",\"name\":\"Carpathia Center Romania\",\"url\":\"https:\/\/carpathiacenter.ro\/\",\"logo\":{\"@type\":\"ImageObject\",\"inLanguage\":\"en-GB\",\"@id\":\"https:\/\/carpathiacenter.ro\/#\/schema\/logo\/image\/\",\"url\":\"https:\/\/carpathiacenter.ro\/wp-content\/uploads\/2024\/07\/logo-carpathia_bg_white-1024x941.png\",\"contentUrl\":\"https:\/\/carpathiacenter.ro\/wp-content\/uploads\/2024\/07\/logo-carpathia_bg_white-1024x941.png\",\"width\":1024,\"height\":941,\"caption\":\"Carpathia Center Romania\"},\"image\":{\"@id\":\"https:\/\/carpathiacenter.ro\/#\/schema\/logo\/image\/\"},\"sameAs\":[\"https:\/\/www.facebook.com\/fdpscarpathia\/\"]},{\"@type\":\"Person\",\"@id\":\"https:\/\/carpathiacenter.ro\/#\/schema\/person\/03d9f58202fee8379268f34afa195006\",\"name\":\"creativebitsolutions\",\"image\":{\"@type\":\"ImageObject\",\"inLanguage\":\"en-GB\",\"@id\":\"https:\/\/carpathiacenter.ro\/#\/schema\/person\/image\/\",\"url\":\"https:\/\/secure.gravatar.com\/avatar\/1b1a13e37f847c635dab78348f1dff2f07651ee2a3d77a5c355a4b8c75f9165a?s=96&d=mm&r=g\",\"contentUrl\":\"https:\/\/secure.gravatar.com\/avatar\/1b1a13e37f847c635dab78348f1dff2f07651ee2a3d77a5c355a4b8c75f9165a?s=96&d=mm&r=g\",\"caption\":\"creativebitsolutions\"},\"url\":\"https:\/\/carpathiacenter.ro\/en\/author\/creativebitsolutions\/\"}]}<\/script>\n<!-- \/ Yoast SEO plugin. -->","yoast_head_json":{"title":"RADR2025\/Pre\u0219edintele Nicu\u0219or Dan \u00eei prime\u0219te mar\u021bi pe diploma\u021bii rom\u00e2ni acredita\u021bi \u00een str\u0103in\u0103tate - Carpathia Center Romania","robots":{"index":"index","follow":"follow","max-snippet":"max-snippet:-1","max-image-preview":"max-image-preview:large","max-video-preview":"max-video-preview:-1"},"canonical":"https:\/\/carpathiacenter.ro\/en\/radr2025-presedintele-nicusor-dan-ii-primeste-marti-pe-diplomatii-romani-acreditati-in-strainatate\/","og_locale":"en_GB","og_type":"article","og_title":"RADR2025\/Pre\u0219edintele Nicu\u0219or Dan \u00eei prime\u0219te mar\u021bi pe diploma\u021bii rom\u00e2ni acredita\u021bi \u00een str\u0103in\u0103tate - Carpathia Center Romania","og_description":"Pre\u0219edintele Nicu\u0219or Dan \u00eei va primi mar\u021bi, la Palatul Cotroceni, pe \u0219efii de misiuni diplomatice, \u0219efii oficiilor consulare \u0219i directorii institutelor culturale rom\u00e2ne\u0219ti, acredita\u021bi \u00een str\u0103in\u0103tate, \u00een contextul Reuniunii Anuale a Diploma\u021biei Rom\u00e2ne. Potrivit programului postat pe site-ul Administra\u021biei Preziden\u021biale, primirea va avea loc la ora 10:00, la Palatul Cotroceni. Aceasta este prima \u00eent\u00e2lnire a...","og_url":"https:\/\/carpathiacenter.ro\/en\/radr2025-presedintele-nicusor-dan-ii-primeste-marti-pe-diplomatii-romani-acreditati-in-strainatate\/","og_site_name":"Carpathia Center Romania","article_publisher":"https:\/\/www.facebook.com\/fdpscarpathia\/","article_published_time":"2025-08-26T07:43:45+00:00","og_image":[{"width":1200,"height":900,"url":"https:\/\/carpathiacenter.ro\/wp-content\/uploads\/2025\/08\/President_Nicusor_Dan.jpg","type":"image\/jpeg"}],"author":"creativebitsolutions","twitter_card":"summary_large_image","twitter_misc":{"Written by":"creativebitsolutions","Estimated reading time":"1 minute"},"schema":{"@context":"https:\/\/schema.org","@graph":[{"@type":"Article","@id":"https:\/\/carpathiacenter.ro\/radr2025-presedintele-nicusor-dan-ii-primeste-marti-pe-diplomatii-romani-acreditati-in-strainatate\/#article","isPartOf":{"@id":"https:\/\/carpathiacenter.ro\/radr2025-presedintele-nicusor-dan-ii-primeste-marti-pe-diplomatii-romani-acreditati-in-strainatate\/"},"author":{"name":"creativebitsolutions","@id":"https:\/\/carpathiacenter.ro\/#\/schema\/person\/03d9f58202fee8379268f34afa195006"},"headline":"RADR2025\/Pre\u0219edintele Nicu\u0219or Dan \u00eei prime\u0219te mar\u021bi pe diploma\u021bii rom\u00e2ni acredita\u021bi \u00een str\u0103in\u0103tate","datePublished":"2025-08-26T07:43:45+00:00","mainEntityOfPage":{"@id":"https:\/\/carpathiacenter.ro\/radr2025-presedintele-nicusor-dan-ii-primeste-marti-pe-diplomatii-romani-acreditati-in-strainatate\/"},"wordCount":190,"commentCount":0,"publisher":{"@id":"https:\/\/carpathiacenter.ro\/#organization"},"image":{"@id":"https:\/\/carpathiacenter.ro\/radr2025-presedintele-nicusor-dan-ii-primeste-marti-pe-diplomatii-romani-acreditati-in-strainatate\/#primaryimage"},"thumbnailUrl":"https:\/\/carpathiacenter.ro\/wp-content\/uploads\/2025\/08\/President_Nicusor_Dan.jpg","articleSection":["Uncategorized"],"inLanguage":"en-GB","potentialAction":[{"@type":"CommentAction","name":"Comment","target":["https:\/\/carpathiacenter.ro\/radr2025-presedintele-nicusor-dan-ii-primeste-marti-pe-diplomatii-romani-acreditati-in-strainatate\/#respond"]}]},{"@type":"WebPage","@id":"https:\/\/carpathiacenter.ro\/radr2025-presedintele-nicusor-dan-ii-primeste-marti-pe-diplomatii-romani-acreditati-in-strainatate\/","url":"https:\/\/carpathiacenter.ro\/radr2025-presedintele-nicusor-dan-ii-primeste-marti-pe-diplomatii-romani-acreditati-in-strainatate\/","name":"RADR2025\/Pre\u0219edintele Nicu\u0219or Dan \u00eei prime\u0219te mar\u021bi pe diploma\u021bii rom\u00e2ni acredita\u021bi \u00een str\u0103in\u0103tate - Carpathia Center Romania","isPartOf":{"@id":"https:\/\/carpathiacenter.ro\/#website"},"primaryImageOfPage":{"@id":"https:\/\/carpathiacenter.ro\/radr2025-presedintele-nicusor-dan-ii-primeste-marti-pe-diplomatii-romani-acreditati-in-strainatate\/#primaryimage"},"image":{"@id":"https:\/\/carpathiacenter.ro\/radr2025-presedintele-nicusor-dan-ii-primeste-marti-pe-diplomatii-romani-acreditati-in-strainatate\/#primaryimage"},"thumbnailUrl":"https:\/\/carpathiacenter.ro\/wp-content\/uploads\/2025\/08\/President_Nicusor_Dan.jpg","datePublished":"2025-08-26T07:43:45+00:00","breadcrumb":{"@id":"https:\/\/carpathiacenter.ro\/radr2025-presedintele-nicusor-dan-ii-primeste-marti-pe-diplomatii-romani-acreditati-in-strainatate\/#breadcrumb"},"inLanguage":"en-GB","potentialAction":[{"@type":"ReadAction","target":["https:\/\/carpathiacenter.ro\/radr2025-presedintele-nicusor-dan-ii-primeste-marti-pe-diplomatii-romani-acreditati-in-strainatate\/"]}]},{"@type":"ImageObject","inLanguage":"en-GB","@id":"https:\/\/carpathiacenter.ro\/radr2025-presedintele-nicusor-dan-ii-primeste-marti-pe-diplomatii-romani-acreditati-in-strainatate\/#primaryimage","url":"https:\/\/carpathiacenter.ro\/wp-content\/uploads\/2025\/08\/President_Nicusor_Dan.jpg","contentUrl":"https:\/\/carpathiacenter.ro\/wp-content\/uploads\/2025\/08\/President_Nicusor_Dan.jpg","width":1200,"height":900},{"@type":"BreadcrumbList","@id":"https:\/\/carpathiacenter.ro\/radr2025-presedintele-nicusor-dan-ii-primeste-marti-pe-diplomatii-romani-acreditati-in-strainatate\/#breadcrumb","itemListElement":[{"@type":"ListItem","position":1,"name":"Prima pagin\u0103","item":"https:\/\/carpathiacenter.ro\/"},{"@type":"ListItem","position":2,"name":"RADR2025\/Pre\u0219edintele Nicu\u0219or Dan \u00eei prime\u0219te mar\u021bi pe diploma\u021bii rom\u00e2ni acredita\u021bi \u00een str\u0103in\u0103tate"}]},{"@type":"WebSite","@id":"https:\/\/carpathiacenter.ro\/#website","url":"https:\/\/carpathiacenter.ro\/","name":"Carpathia Center Romania","description":"Impossible made possible!","publisher":{"@id":"https:\/\/carpathiacenter.ro\/#organization"},"potentialAction":[{"@type":"SearchAction","target":{"@type":"EntryPoint","urlTemplate":"https:\/\/carpathiacenter.ro\/?s={search_term_string}"},"query-input":{"@type":"PropertyValueSpecification","valueRequired":true,"valueName":"search_term_string"}}],"inLanguage":"en-GB"},{"@type":"Organization","@id":"https:\/\/carpathiacenter.ro\/#organization","name":"Carpathia Center Romania","url":"https:\/\/carpathiacenter.ro\/","logo":{"@type":"ImageObject","inLanguage":"en-GB","@id":"https:\/\/carpathiacenter.ro\/#\/schema\/logo\/image\/","url":"https:\/\/carpathiacenter.ro\/wp-content\/uploads\/2024\/07\/logo-carpathia_bg_white-1024x941.png","contentUrl":"https:\/\/carpathiacenter.ro\/wp-content\/uploads\/2024\/07\/logo-carpathia_bg_white-1024x941.png","width":1024,"height":941,"caption":"Carpathia Center Romania"},"image":{"@id":"https:\/\/carpathiacenter.ro\/#\/schema\/logo\/image\/"},"sameAs":["https:\/\/www.facebook.com\/fdpscarpathia\/"]},{"@type":"Person","@id":"https:\/\/carpathiacenter.ro\/#\/schema\/person\/03d9f58202fee8379268f34afa195006","name":"creativebitsolutions","image":{"@type":"ImageObject","inLanguage":"en-GB","@id":"https:\/\/carpathiacenter.ro\/#\/schema\/person\/image\/","url":"https:\/\/secure.gravatar.com\/avatar\/1b1a13e37f847c635dab78348f1dff2f07651ee2a3d77a5c355a4b8c75f9165a?s=96&d=mm&r=g","contentUrl":"https:\/\/secure.gravatar.com\/avatar\/1b1a13e37f847c635dab78348f1dff2f07651ee2a3d77a5c355a4b8c75f9165a?s=96&d=mm&r=g","caption":"creativebitsolutions"},"url":"https:\/\/carpathiacenter.ro\/en\/author\/creativebitsolutions\/"}]}},"_links":{"self":[{"href":"https:\/\/carpathiacenter.ro\/en\/wp-json\/wp\/v2\/posts\/2921","targetHints":{"allow":["GET"]}}],"collection":[{"href":"https:\/\/carpathiacenter.ro\/en\/wp-json\/wp\/v2\/posts"}],"about":[{"href":"https:\/\/carpathiacenter.ro\/en\/wp-json\/wp\/v2\/types\/post"}],"author":[{"embeddable":true,"href":"https:\/\/carpathiacenter.ro\/en\/wp-json\/wp\/v2\/users\/4"}],"replies":[{"embeddable":true,"href":"https:\/\/carpathiacenter.ro\/en\/wp-json\/wp\/v2\/comments?post=2921"}],"version-history":[{"count":1,"href":"https:\/\/carpathiacenter.ro\/en\/wp-json\/wp\/v2\/posts\/2921\/revisions"}],"predecessor-version":[{"id":2923,"href":"https:\/\/carpathiacenter.ro\/en\/wp-json\/wp\/v2\/posts\/2921\/revisions\/2923"}],"wp:featuredmedia":[{"embeddable":true,"href":"https:\/\/carpathiacenter.ro\/en\/wp-json\/wp\/v2\/media\/2922"}],"wp:attachment":[{"href":"https:\/\/carpathiacenter.ro\/en\/wp-json\/wp\/v2\/media?parent=2921"}],"wp:term":[{"taxonomy":"category","embeddable":true,"href":"https:\/\/carpathiacenter.ro\/en\/wp-json\/wp\/v2\/categories?post=2921"},{"taxonomy":"post_tag","embeddable":true,"href":"https:\/\/carpathiacenter.ro\/en\/wp-json\/wp\/v2\/tags?post=2921"}],"curies":[{"name":"wp","href":"https:\/\/api.w.org\/{rel}","templated":true}]}}