{"id":2916,"date":"2025-08-25T09:50:04","date_gmt":"2025-08-25T09:50:04","guid":{"rendered":"https:\/\/carpathiacenter.ro\/?p=2916"},"modified":"2025-08-25T09:50:04","modified_gmt":"2025-08-25T09:50:04","slug":"video-presedintele-senatului-diplomatia-parlamentara-o-componenta-esentiala-a-politicii-externe-a-romaniei","status":"publish","type":"post","link":"https:\/\/carpathiacenter.ro\/en\/video-presedintele-senatului-diplomatia-parlamentara-o-componenta-esentiala-a-politicii-externe-a-romaniei\/","title":{"rendered":"VIDEO Pre\u0219edintele Senatului: Diploma\u021bia parlamentar\u0103 &#8211; o component\u0103 esen\u021bial\u0103 a politicii externe a Rom\u00e2niei"},"content":{"rendered":"<p><strong>Diploma\u021bia parlamentar\u0103 a devenit o component\u0103 &#8221;esen\u021bial\u0103&#8221; a politicii externe a Rom\u00e2niei, a declarat, luni, pre\u0219edintele Senatului, Mircea Abrudean, \u00een deschiderea Reuniunii Anuale a Diploma\u021biei Rom\u00e2ne (RADR), g\u0103zduit\u0103 de Palatul Parlamentului.<\/strong><\/p>\n<p>Abrudean a remarcat cooperarea comisiilor legislative de specialitate, subliniind c\u0103 diploma\u021bia parlamentar\u0103 are poten\u021bialul de a r\u0103spunde unor &#8221;provoc\u0103ri majore&#8221;.<\/p>\n<p>Totodat\u0103, pre\u0219edintele Senatului a eviden\u021biat poten\u021bialul strategic al \u021b\u0103rii noastre de a deveni un hub logistic \u00een perspectiva reconstruc\u021biei Ucrainei \u0219i gestionarea efectelor r\u0103zboiului.<\/p>\n<p>Mircea Abrudean a reiterat faptul c\u0103 \u00een fiecare dintre \u00eent\u00e2lnirile cu partenerii \u021b\u0103rii noastre a cerut sprijinul privind aderarea Rom\u00e2niei la OCDE.<\/p>\n<p><iframe src=\"https:\/\/www.facebook.com\/plugins\/video.php?height=314&amp;href=https%3A%2F%2Fwww.facebook.com%2Fmae.romania%2Fvideos%2F1493197698533074%2F&amp;show_text=false&amp;width=560&amp;t=0\" width=\"560\" height=\"314\" style=\"border:none;overflow:hidden\" scrolling=\"no\" frameborder=\"0\" allowfullscreen=\"true\" allow=\"autoplay; clipboard-write; encrypted-media; picture-in-picture; web-share\"><\/iframe><\/p>\n<hr>\n<p>&#8221;Senatul va reac\u021biona prompt \u0219i coerent pentru a reprezenta interesele noastre na\u021bionale. Diploma\u021bia parlamentar\u0103 poate \u0219i trebuie s\u0103 completeze eforturile Ministerului Afacerilor Externe pentru consolidarea profilului Rom\u00e2niei pe scena global\u0103 \u0219i pentru adaptarea la un mediu interna\u021bional \u00een continu\u0103 schimbare&#8221;, a ar\u0103tat pre\u0219edintele Senatului.<\/p>\n<p>RADR se desf\u0103\u0219oar\u0103 luni \u0219i mar\u021bi \u0219i reune\u0219te membrii Corpului diplomatic rom\u00e2n. AGERPRES\/(A &#8211; redactor: Oana Ghi\u021b\u0103, editor: Claudia St\u0103nescu, editor online: Gabriela Badea)<br \/>\n<br \/>\nSursa articolului:  <a href=\"https:\/\/agerpres.ro\/politic\/2025\/08\/25\/video-presedintele-senatului-diplomatia-parlamentara---o-componenta-esentiala-a-politicii-externe-a---1478273\" target=\"_blank\" rel=\"noopener\" title=\"\">https:\/\/agerpres.ro\/politic\/2025\/08\/25\/video-presedintele-senatului-diplomatia-parlamentara&#8212;o-componenta-esentiala-a-politicii-externe-a&#8212;1478273<\/a><\/p>","protected":false},"excerpt":{"rendered":"<p>Diploma\u021bia parlamentar\u0103 a devenit o component\u0103 &#8221;esen\u021bial\u0103&#8221; a politicii externe a Rom\u00e2niei, a declarat, luni, pre\u0219edintele Senatului, Mircea Abrudean, \u00een deschiderea Reuniunii Anuale a Diploma\u021biei Rom\u00e2ne (RADR), g\u0103zduit\u0103 de Palatul Parlamentului. Abrudean a remarcat cooperarea comisiilor legislative de specialitate, subliniind c\u0103 diploma\u021bia parlamentar\u0103 are poten\u021bialul de a r\u0103spunde unor &#8221;provoc\u0103ri majore&#8221;. Totodat\u0103, pre\u0219edintele Senatului a&#8230;<\/p>","protected":false},"author":4,"featured_media":2917,"comment_status":"open","ping_status":"open","sticky":false,"template":"","format":"standard","meta":{"footnotes":""},"categories":[1],"tags":[],"class_list":["post-2916","post","type-post","status-publish","format-standard","has-post-thumbnail","hentry","category-uncategorized"],"yoast_head":"<!-- This site is optimized with the Yoast SEO plugin v26.1.1 - https:\/\/yoast.com\/wordpress\/plugins\/seo\/ -->\n<title>VIDEO Pre\u0219edintele Senatului: Diploma\u021bia parlamentar\u0103 - o component\u0103 esen\u021bial\u0103 a politicii externe a Rom\u00e2niei - Carpathia Center Romania<\/title>\n<meta name=\"robots\" content=\"index, follow, max-snippet:-1, max-image-preview:large, max-video-preview:-1\" \/>\n<link rel=\"canonical\" href=\"https:\/\/carpathiacenter.ro\/en\/video-presedintele-senatului-diplomatia-parlamentara-o-componenta-esentiala-a-politicii-externe-a-romaniei\/\" \/>\n<meta property=\"og:locale\" content=\"en_GB\" \/>\n<meta property=\"og:type\" content=\"article\" \/>\n<meta property=\"og:title\" content=\"VIDEO Pre\u0219edintele Senatului: Diploma\u021bia parlamentar\u0103 - o component\u0103 esen\u021bial\u0103 a politicii externe a Rom\u00e2niei - Carpathia Center Romania\" \/>\n<meta property=\"og:description\" content=\"Diploma\u021bia parlamentar\u0103 a devenit o component\u0103 &#8221;esen\u021bial\u0103&#8221; a politicii externe a Rom\u00e2niei, a declarat, luni, pre\u0219edintele Senatului, Mircea Abrudean, \u00een deschiderea Reuniunii Anuale a Diploma\u021biei Rom\u00e2ne (RADR), g\u0103zduit\u0103 de Palatul Parlamentului. Abrudean a remarcat cooperarea comisiilor legislative de specialitate, subliniind c\u0103 diploma\u021bia parlamentar\u0103 are poten\u021bialul de a r\u0103spunde unor &#8221;provoc\u0103ri majore&#8221;. Totodat\u0103, pre\u0219edintele Senatului a...\" \/>\n<meta property=\"og:url\" content=\"https:\/\/carpathiacenter.ro\/en\/video-presedintele-senatului-diplomatia-parlamentara-o-componenta-esentiala-a-politicii-externe-a-romaniei\/\" \/>\n<meta property=\"og:site_name\" content=\"Carpathia Center Romania\" \/>\n<meta property=\"article:publisher\" content=\"https:\/\/www.facebook.com\/fdpscarpathia\/\" \/>\n<meta property=\"article:published_time\" content=\"2025-08-25T09:50:04+00:00\" \/>\n<meta property=\"og:image\" content=\"https:\/\/carpathiacenter.ro\/wp-content\/uploads\/2025\/08\/Mircea-Abrudean1.jpg\" \/>\n\t<meta property=\"og:image:width\" content=\"1106\" \/>\n\t<meta property=\"og:image:height\" content=\"1078\" \/>\n\t<meta property=\"og:image:type\" content=\"image\/jpeg\" \/>\n<meta name=\"author\" content=\"creativebitsolutions\" \/>\n<meta name=\"twitter:card\" content=\"summary_large_image\" \/>\n<meta name=\"twitter:label1\" content=\"Written by\" \/>\n\t<meta name=\"twitter:data1\" content=\"creativebitsolutions\" \/>\n\t<meta name=\"twitter:label2\" content=\"Estimated reading time\" \/>\n\t<meta name=\"twitter:data2\" content=\"1 minute\" \/>\n<script type=\"application\/ld+json\" class=\"yoast-schema-graph\">{\"@context\":\"https:\/\/schema.org\",\"@graph\":[{\"@type\":\"Article\",\"@id\":\"https:\/\/carpathiacenter.ro\/video-presedintele-senatului-diplomatia-parlamentara-o-componenta-esentiala-a-politicii-externe-a-romaniei\/#article\",\"isPartOf\":{\"@id\":\"https:\/\/carpathiacenter.ro\/video-presedintele-senatului-diplomatia-parlamentara-o-componenta-esentiala-a-politicii-externe-a-romaniei\/\"},\"author\":{\"name\":\"creativebitsolutions\",\"@id\":\"https:\/\/carpathiacenter.ro\/#\/schema\/person\/03d9f58202fee8379268f34afa195006\"},\"headline\":\"VIDEO Pre\u0219edintele Senatului: Diploma\u021bia parlamentar\u0103 &#8211; o component\u0103 esen\u021bial\u0103 a politicii externe a Rom\u00e2niei\",\"datePublished\":\"2025-08-25T09:50:04+00:00\",\"mainEntityOfPage\":{\"@id\":\"https:\/\/carpathiacenter.ro\/video-presedintele-senatului-diplomatia-parlamentara-o-componenta-esentiala-a-politicii-externe-a-romaniei\/\"},\"wordCount\":221,\"commentCount\":0,\"publisher\":{\"@id\":\"https:\/\/carpathiacenter.ro\/#organization\"},\"image\":{\"@id\":\"https:\/\/carpathiacenter.ro\/video-presedintele-senatului-diplomatia-parlamentara-o-componenta-esentiala-a-politicii-externe-a-romaniei\/#primaryimage\"},\"thumbnailUrl\":\"https:\/\/carpathiacenter.ro\/wp-content\/uploads\/2025\/08\/Mircea-Abrudean1.jpg\",\"articleSection\":[\"Uncategorized\"],\"inLanguage\":\"en-GB\",\"potentialAction\":[{\"@type\":\"CommentAction\",\"name\":\"Comment\",\"target\":[\"https:\/\/carpathiacenter.ro\/video-presedintele-senatului-diplomatia-parlamentara-o-componenta-esentiala-a-politicii-externe-a-romaniei\/#respond\"]}]},{\"@type\":\"WebPage\",\"@id\":\"https:\/\/carpathiacenter.ro\/video-presedintele-senatului-diplomatia-parlamentara-o-componenta-esentiala-a-politicii-externe-a-romaniei\/\",\"url\":\"https:\/\/carpathiacenter.ro\/video-presedintele-senatului-diplomatia-parlamentara-o-componenta-esentiala-a-politicii-externe-a-romaniei\/\",\"name\":\"VIDEO Pre\u0219edintele Senatului: Diploma\u021bia parlamentar\u0103 - o component\u0103 esen\u021bial\u0103 a politicii externe a Rom\u00e2niei - Carpathia Center Romania\",\"isPartOf\":{\"@id\":\"https:\/\/carpathiacenter.ro\/#website\"},\"primaryImageOfPage\":{\"@id\":\"https:\/\/carpathiacenter.ro\/video-presedintele-senatului-diplomatia-parlamentara-o-componenta-esentiala-a-politicii-externe-a-romaniei\/#primaryimage\"},\"image\":{\"@id\":\"https:\/\/carpathiacenter.ro\/video-presedintele-senatului-diplomatia-parlamentara-o-componenta-esentiala-a-politicii-externe-a-romaniei\/#primaryimage\"},\"thumbnailUrl\":\"https:\/\/carpathiacenter.ro\/wp-content\/uploads\/2025\/08\/Mircea-Abrudean1.jpg\",\"datePublished\":\"2025-08-25T09:50:04+00:00\",\"breadcrumb\":{\"@id\":\"https:\/\/carpathiacenter.ro\/video-presedintele-senatului-diplomatia-parlamentara-o-componenta-esentiala-a-politicii-externe-a-romaniei\/#breadcrumb\"},\"inLanguage\":\"en-GB\",\"potentialAction\":[{\"@type\":\"ReadAction\",\"target\":[\"https:\/\/carpathiacenter.ro\/video-presedintele-senatului-diplomatia-parlamentara-o-componenta-esentiala-a-politicii-externe-a-romaniei\/\"]}]},{\"@type\":\"ImageObject\",\"inLanguage\":\"en-GB\",\"@id\":\"https:\/\/carpathiacenter.ro\/video-presedintele-senatului-diplomatia-parlamentara-o-componenta-esentiala-a-politicii-externe-a-romaniei\/#primaryimage\",\"url\":\"https:\/\/carpathiacenter.ro\/wp-content\/uploads\/2025\/08\/Mircea-Abrudean1.jpg\",\"contentUrl\":\"https:\/\/carpathiacenter.ro\/wp-content\/uploads\/2025\/08\/Mircea-Abrudean1.jpg\",\"width\":1106,\"height\":1078},{\"@type\":\"BreadcrumbList\",\"@id\":\"https:\/\/carpathiacenter.ro\/video-presedintele-senatului-diplomatia-parlamentara-o-componenta-esentiala-a-politicii-externe-a-romaniei\/#breadcrumb\",\"itemListElement\":[{\"@type\":\"ListItem\",\"position\":1,\"name\":\"Prima pagin\u0103\",\"item\":\"https:\/\/carpathiacenter.ro\/\"},{\"@type\":\"ListItem\",\"position\":2,\"name\":\"VIDEO Pre\u0219edintele Senatului: Diploma\u021bia parlamentar\u0103 &#8211; o component\u0103 esen\u021bial\u0103 a politicii externe a Rom\u00e2niei\"}]},{\"@type\":\"WebSite\",\"@id\":\"https:\/\/carpathiacenter.ro\/#website\",\"url\":\"https:\/\/carpathiacenter.ro\/\",\"name\":\"Carpathia Center Romania\",\"description\":\"Impossible made possible!\",\"publisher\":{\"@id\":\"https:\/\/carpathiacenter.ro\/#organization\"},\"potentialAction\":[{\"@type\":\"SearchAction\",\"target\":{\"@type\":\"EntryPoint\",\"urlTemplate\":\"https:\/\/carpathiacenter.ro\/?s={search_term_string}\"},\"query-input\":{\"@type\":\"PropertyValueSpecification\",\"valueRequired\":true,\"valueName\":\"search_term_string\"}}],\"inLanguage\":\"en-GB\"},{\"@type\":\"Organization\",\"@id\":\"https:\/\/carpathiacenter.ro\/#organization\",\"name\":\"Carpathia Center Romania\",\"url\":\"https:\/\/carpathiacenter.ro\/\",\"logo\":{\"@type\":\"ImageObject\",\"inLanguage\":\"en-GB\",\"@id\":\"https:\/\/carpathiacenter.ro\/#\/schema\/logo\/image\/\",\"url\":\"https:\/\/carpathiacenter.ro\/wp-content\/uploads\/2024\/07\/logo-carpathia_bg_white-1024x941.png\",\"contentUrl\":\"https:\/\/carpathiacenter.ro\/wp-content\/uploads\/2024\/07\/logo-carpathia_bg_white-1024x941.png\",\"width\":1024,\"height\":941,\"caption\":\"Carpathia Center Romania\"},\"image\":{\"@id\":\"https:\/\/carpathiacenter.ro\/#\/schema\/logo\/image\/\"},\"sameAs\":[\"https:\/\/www.facebook.com\/fdpscarpathia\/\"]},{\"@type\":\"Person\",\"@id\":\"https:\/\/carpathiacenter.ro\/#\/schema\/person\/03d9f58202fee8379268f34afa195006\",\"name\":\"creativebitsolutions\",\"image\":{\"@type\":\"ImageObject\",\"inLanguage\":\"en-GB\",\"@id\":\"https:\/\/carpathiacenter.ro\/#\/schema\/person\/image\/\",\"url\":\"https:\/\/secure.gravatar.com\/avatar\/1b1a13e37f847c635dab78348f1dff2f07651ee2a3d77a5c355a4b8c75f9165a?s=96&d=mm&r=g\",\"contentUrl\":\"https:\/\/secure.gravatar.com\/avatar\/1b1a13e37f847c635dab78348f1dff2f07651ee2a3d77a5c355a4b8c75f9165a?s=96&d=mm&r=g\",\"caption\":\"creativebitsolutions\"},\"url\":\"https:\/\/carpathiacenter.ro\/en\/author\/creativebitsolutions\/\"}]}<\/script>\n<!-- \/ Yoast SEO plugin. -->","yoast_head_json":{"title":"VIDEO Pre\u0219edintele Senatului: Diploma\u021bia parlamentar\u0103 - o component\u0103 esen\u021bial\u0103 a politicii externe a Rom\u00e2niei - Carpathia Center Romania","robots":{"index":"index","follow":"follow","max-snippet":"max-snippet:-1","max-image-preview":"max-image-preview:large","max-video-preview":"max-video-preview:-1"},"canonical":"https:\/\/carpathiacenter.ro\/en\/video-presedintele-senatului-diplomatia-parlamentara-o-componenta-esentiala-a-politicii-externe-a-romaniei\/","og_locale":"en_GB","og_type":"article","og_title":"VIDEO Pre\u0219edintele Senatului: Diploma\u021bia parlamentar\u0103 - o component\u0103 esen\u021bial\u0103 a politicii externe a Rom\u00e2niei - Carpathia Center Romania","og_description":"Diploma\u021bia parlamentar\u0103 a devenit o component\u0103 &#8221;esen\u021bial\u0103&#8221; a politicii externe a Rom\u00e2niei, a declarat, luni, pre\u0219edintele Senatului, Mircea Abrudean, \u00een deschiderea Reuniunii Anuale a Diploma\u021biei Rom\u00e2ne (RADR), g\u0103zduit\u0103 de Palatul Parlamentului. Abrudean a remarcat cooperarea comisiilor legislative de specialitate, subliniind c\u0103 diploma\u021bia parlamentar\u0103 are poten\u021bialul de a r\u0103spunde unor &#8221;provoc\u0103ri majore&#8221;. Totodat\u0103, pre\u0219edintele Senatului a...","og_url":"https:\/\/carpathiacenter.ro\/en\/video-presedintele-senatului-diplomatia-parlamentara-o-componenta-esentiala-a-politicii-externe-a-romaniei\/","og_site_name":"Carpathia Center Romania","article_publisher":"https:\/\/www.facebook.com\/fdpscarpathia\/","article_published_time":"2025-08-25T09:50:04+00:00","og_image":[{"width":1106,"height":1078,"url":"https:\/\/carpathiacenter.ro\/wp-content\/uploads\/2025\/08\/Mircea-Abrudean1.jpg","type":"image\/jpeg"}],"author":"creativebitsolutions","twitter_card":"summary_large_image","twitter_misc":{"Written by":"creativebitsolutions","Estimated reading time":"1 minute"},"schema":{"@context":"https:\/\/schema.org","@graph":[{"@type":"Article","@id":"https:\/\/carpathiacenter.ro\/video-presedintele-senatului-diplomatia-parlamentara-o-componenta-esentiala-a-politicii-externe-a-romaniei\/#article","isPartOf":{"@id":"https:\/\/carpathiacenter.ro\/video-presedintele-senatului-diplomatia-parlamentara-o-componenta-esentiala-a-politicii-externe-a-romaniei\/"},"author":{"name":"creativebitsolutions","@id":"https:\/\/carpathiacenter.ro\/#\/schema\/person\/03d9f58202fee8379268f34afa195006"},"headline":"VIDEO Pre\u0219edintele Senatului: Diploma\u021bia parlamentar\u0103 &#8211; o component\u0103 esen\u021bial\u0103 a politicii externe a Rom\u00e2niei","datePublished":"2025-08-25T09:50:04+00:00","mainEntityOfPage":{"@id":"https:\/\/carpathiacenter.ro\/video-presedintele-senatului-diplomatia-parlamentara-o-componenta-esentiala-a-politicii-externe-a-romaniei\/"},"wordCount":221,"commentCount":0,"publisher":{"@id":"https:\/\/carpathiacenter.ro\/#organization"},"image":{"@id":"https:\/\/carpathiacenter.ro\/video-presedintele-senatului-diplomatia-parlamentara-o-componenta-esentiala-a-politicii-externe-a-romaniei\/#primaryimage"},"thumbnailUrl":"https:\/\/carpathiacenter.ro\/wp-content\/uploads\/2025\/08\/Mircea-Abrudean1.jpg","articleSection":["Uncategorized"],"inLanguage":"en-GB","potentialAction":[{"@type":"CommentAction","name":"Comment","target":["https:\/\/carpathiacenter.ro\/video-presedintele-senatului-diplomatia-parlamentara-o-componenta-esentiala-a-politicii-externe-a-romaniei\/#respond"]}]},{"@type":"WebPage","@id":"https:\/\/carpathiacenter.ro\/video-presedintele-senatului-diplomatia-parlamentara-o-componenta-esentiala-a-politicii-externe-a-romaniei\/","url":"https:\/\/carpathiacenter.ro\/video-presedintele-senatului-diplomatia-parlamentara-o-componenta-esentiala-a-politicii-externe-a-romaniei\/","name":"VIDEO Pre\u0219edintele Senatului: Diploma\u021bia parlamentar\u0103 - o component\u0103 esen\u021bial\u0103 a politicii externe a Rom\u00e2niei - Carpathia Center Romania","isPartOf":{"@id":"https:\/\/carpathiacenter.ro\/#website"},"primaryImageOfPage":{"@id":"https:\/\/carpathiacenter.ro\/video-presedintele-senatului-diplomatia-parlamentara-o-componenta-esentiala-a-politicii-externe-a-romaniei\/#primaryimage"},"image":{"@id":"https:\/\/carpathiacenter.ro\/video-presedintele-senatului-diplomatia-parlamentara-o-componenta-esentiala-a-politicii-externe-a-romaniei\/#primaryimage"},"thumbnailUrl":"https:\/\/carpathiacenter.ro\/wp-content\/uploads\/2025\/08\/Mircea-Abrudean1.jpg","datePublished":"2025-08-25T09:50:04+00:00","breadcrumb":{"@id":"https:\/\/carpathiacenter.ro\/video-presedintele-senatului-diplomatia-parlamentara-o-componenta-esentiala-a-politicii-externe-a-romaniei\/#breadcrumb"},"inLanguage":"en-GB","potentialAction":[{"@type":"ReadAction","target":["https:\/\/carpathiacenter.ro\/video-presedintele-senatului-diplomatia-parlamentara-o-componenta-esentiala-a-politicii-externe-a-romaniei\/"]}]},{"@type":"ImageObject","inLanguage":"en-GB","@id":"https:\/\/carpathiacenter.ro\/video-presedintele-senatului-diplomatia-parlamentara-o-componenta-esentiala-a-politicii-externe-a-romaniei\/#primaryimage","url":"https:\/\/carpathiacenter.ro\/wp-content\/uploads\/2025\/08\/Mircea-Abrudean1.jpg","contentUrl":"https:\/\/carpathiacenter.ro\/wp-content\/uploads\/2025\/08\/Mircea-Abrudean1.jpg","width":1106,"height":1078},{"@type":"BreadcrumbList","@id":"https:\/\/carpathiacenter.ro\/video-presedintele-senatului-diplomatia-parlamentara-o-componenta-esentiala-a-politicii-externe-a-romaniei\/#breadcrumb","itemListElement":[{"@type":"ListItem","position":1,"name":"Prima pagin\u0103","item":"https:\/\/carpathiacenter.ro\/"},{"@type":"ListItem","position":2,"name":"VIDEO Pre\u0219edintele Senatului: Diploma\u021bia parlamentar\u0103 &#8211; o component\u0103 esen\u021bial\u0103 a politicii externe a Rom\u00e2niei"}]},{"@type":"WebSite","@id":"https:\/\/carpathiacenter.ro\/#website","url":"https:\/\/carpathiacenter.ro\/","name":"Carpathia Center Romania","description":"Impossible made possible!","publisher":{"@id":"https:\/\/carpathiacenter.ro\/#organization"},"potentialAction":[{"@type":"SearchAction","target":{"@type":"EntryPoint","urlTemplate":"https:\/\/carpathiacenter.ro\/?s={search_term_string}"},"query-input":{"@type":"PropertyValueSpecification","valueRequired":true,"valueName":"search_term_string"}}],"inLanguage":"en-GB"},{"@type":"Organization","@id":"https:\/\/carpathiacenter.ro\/#organization","name":"Carpathia Center Romania","url":"https:\/\/carpathiacenter.ro\/","logo":{"@type":"ImageObject","inLanguage":"en-GB","@id":"https:\/\/carpathiacenter.ro\/#\/schema\/logo\/image\/","url":"https:\/\/carpathiacenter.ro\/wp-content\/uploads\/2024\/07\/logo-carpathia_bg_white-1024x941.png","contentUrl":"https:\/\/carpathiacenter.ro\/wp-content\/uploads\/2024\/07\/logo-carpathia_bg_white-1024x941.png","width":1024,"height":941,"caption":"Carpathia Center Romania"},"image":{"@id":"https:\/\/carpathiacenter.ro\/#\/schema\/logo\/image\/"},"sameAs":["https:\/\/www.facebook.com\/fdpscarpathia\/"]},{"@type":"Person","@id":"https:\/\/carpathiacenter.ro\/#\/schema\/person\/03d9f58202fee8379268f34afa195006","name":"creativebitsolutions","image":{"@type":"ImageObject","inLanguage":"en-GB","@id":"https:\/\/carpathiacenter.ro\/#\/schema\/person\/image\/","url":"https:\/\/secure.gravatar.com\/avatar\/1b1a13e37f847c635dab78348f1dff2f07651ee2a3d77a5c355a4b8c75f9165a?s=96&d=mm&r=g","contentUrl":"https:\/\/secure.gravatar.com\/avatar\/1b1a13e37f847c635dab78348f1dff2f07651ee2a3d77a5c355a4b8c75f9165a?s=96&d=mm&r=g","caption":"creativebitsolutions"},"url":"https:\/\/carpathiacenter.ro\/en\/author\/creativebitsolutions\/"}]}},"_links":{"self":[{"href":"https:\/\/carpathiacenter.ro\/en\/wp-json\/wp\/v2\/posts\/2916","targetHints":{"allow":["GET"]}}],"collection":[{"href":"https:\/\/carpathiacenter.ro\/en\/wp-json\/wp\/v2\/posts"}],"about":[{"href":"https:\/\/carpathiacenter.ro\/en\/wp-json\/wp\/v2\/types\/post"}],"author":[{"embeddable":true,"href":"https:\/\/carpathiacenter.ro\/en\/wp-json\/wp\/v2\/users\/4"}],"replies":[{"embeddable":true,"href":"https:\/\/carpathiacenter.ro\/en\/wp-json\/wp\/v2\/comments?post=2916"}],"version-history":[{"count":1,"href":"https:\/\/carpathiacenter.ro\/en\/wp-json\/wp\/v2\/posts\/2916\/revisions"}],"predecessor-version":[{"id":2919,"href":"https:\/\/carpathiacenter.ro\/en\/wp-json\/wp\/v2\/posts\/2916\/revisions\/2919"}],"wp:featuredmedia":[{"embeddable":true,"href":"https:\/\/carpathiacenter.ro\/en\/wp-json\/wp\/v2\/media\/2917"}],"wp:attachment":[{"href":"https:\/\/carpathiacenter.ro\/en\/wp-json\/wp\/v2\/media?parent=2916"}],"wp:term":[{"taxonomy":"category","embeddable":true,"href":"https:\/\/carpathiacenter.ro\/en\/wp-json\/wp\/v2\/categories?post=2916"},{"taxonomy":"post_tag","embeddable":true,"href":"https:\/\/carpathiacenter.ro\/en\/wp-json\/wp\/v2\/tags?post=2916"}],"curies":[{"name":"wp","href":"https:\/\/api.w.org\/{rel}","templated":true}]}}