{"id":2903,"date":"2025-08-22T09:19:35","date_gmt":"2025-08-22T09:19:35","guid":{"rendered":"https:\/\/carpathiacenter.ro\/?p=2903"},"modified":"2025-08-22T09:19:35","modified_gmt":"2025-08-22T09:19:35","slug":"mae-ambasada-romaniei-la-washington-poarta-un-dialog-permanent-cu-departamentul-de-stat-inclusiv-privind-visa-waiver","status":"publish","type":"post","link":"https:\/\/carpathiacenter.ro\/en\/mae-ambasada-romaniei-la-washington-poarta-un-dialog-permanent-cu-departamentul-de-stat-inclusiv-privind-visa-waiver\/","title":{"rendered":"MAE: Ambasada Rom\u00e2niei la Washington poart\u0103 un dialog permanent cu Departamentul de Stat, inclusiv privind Visa Waiver"},"content":{"rendered":"<p><strong>Ambasada Rom\u00e2niei la Washington poart\u0103 un dialog permanent cu Departamentul de Stat, inclusiv privind Visa Waiver, men\u021bioneaz\u0103 Ministerul Afacerilor Externe (MAE) \u00eentr-o precizare transmis\u0103 joi presei.<\/strong><\/p>\n<p>MAE reac\u021bioneaz\u0103 la &#8216;apari\u021bia \u00een pres\u0103 a unor afirma\u021bii eronate \u0219i manipul\u0103ri speculative cu privire la rela\u021bia Rom\u00e2nia &#8211; SUA&#8217;.<\/p>\n<p>\u00cen acest context, ministerul rom\u00e2n afirm\u0103 c\u0103 Ambasada Rom\u00e2niei la Washington poart\u0103 un dialog permanent cu Departamentul de Stat \u0219i alte institu\u021bii federale din SUA, \u00een vederea avans\u0103rii proiectelor comune de consolidare a Parteneriatului Strategic.<\/p>\n<p>&#8216;Contrar celor vehiculate \u00een post\u0103ri online virale \u0219i \u00een articole tenden\u021bioase, \u00eent\u00e2lnirea semnalat\u0103, cu subsecretarul de stat pentru afaceri politice din cadrul Departamentului de Stat, face parte din acest dialog regulat \u0219i a fost solicitat\u0103 de Ambasad\u0103. Discu\u021bia a vizat proiecte \u00een derulare din domeniul ap\u0103r\u0103rii \u0219i energiei, precum \u0219i posibilit\u0103\u021bile de avansare a obiectivului Rom\u00e2niei de includere \u00een Programul Visa Waiver&#8217;, se mai subliniaz\u0103 \u00een precizarea transmis\u0103 de MAE. AGERPRES \/ (AS &#8211; redactor: Oana Ghi\u021b\u0103, editor: Marius Fr\u0103\u021bil\u0103, editor online: Andreea Preda)<br \/>\n<br \/>\nSursa articolului:  <a href=\"https:\/\/agerpres.ro\/politic\/2025\/08\/21\/mae-ambasada-romaniei-la-washington-poarta-un-dialog-permanent-cu-departamentul-de-stat-inclusiv-pri--1477651\" target=\"_blank\" rel=\"noopener\" title=\"\">https:\/\/agerpres.ro\/politic\/2025\/08\/21\/mae-ambasada-romaniei-la-washington-poarta-un-dialog-permanent-cu-departamentul-de-stat-inclusiv-pri&#8211;1477651<\/a><\/p>","protected":false},"excerpt":{"rendered":"<p>Ambasada Rom\u00e2niei la Washington poart\u0103 un dialog permanent cu Departamentul de Stat, inclusiv privind Visa Waiver, men\u021bioneaz\u0103 Ministerul Afacerilor Externe (MAE) \u00eentr-o precizare transmis\u0103 joi presei. MAE reac\u021bioneaz\u0103 la &#8216;apari\u021bia \u00een pres\u0103 a unor afirma\u021bii eronate \u0219i manipul\u0103ri speculative cu privire la rela\u021bia Rom\u00e2nia &#8211; SUA&#8217;. \u00cen acest context, ministerul rom\u00e2n afirm\u0103 c\u0103 Ambasada Rom\u00e2niei&#8230;<\/p>","protected":false},"author":4,"featured_media":2906,"comment_status":"open","ping_status":"open","sticky":false,"template":"","format":"standard","meta":{"footnotes":""},"categories":[1],"tags":[],"class_list":["post-2903","post","type-post","status-publish","format-standard","has-post-thumbnail","hentry","category-uncategorized"],"yoast_head":"<!-- This site is optimized with the Yoast SEO plugin v26.1.1 - https:\/\/yoast.com\/wordpress\/plugins\/seo\/ -->\n<title>MAE: Ambasada Rom\u00e2niei la Washington poart\u0103 un dialog permanent cu Departamentul de Stat, inclusiv privind Visa Waiver - Carpathia Center Romania<\/title>\n<meta name=\"robots\" content=\"index, follow, max-snippet:-1, max-image-preview:large, max-video-preview:-1\" \/>\n<link rel=\"canonical\" href=\"https:\/\/carpathiacenter.ro\/en\/mae-ambasada-romaniei-la-washington-poarta-un-dialog-permanent-cu-departamentul-de-stat-inclusiv-privind-visa-waiver\/\" \/>\n<meta property=\"og:locale\" content=\"en_GB\" \/>\n<meta property=\"og:type\" content=\"article\" \/>\n<meta property=\"og:title\" content=\"MAE: Ambasada Rom\u00e2niei la Washington poart\u0103 un dialog permanent cu Departamentul de Stat, inclusiv privind Visa Waiver - Carpathia Center Romania\" \/>\n<meta property=\"og:description\" content=\"Ambasada Rom\u00e2niei la Washington poart\u0103 un dialog permanent cu Departamentul de Stat, inclusiv privind Visa Waiver, men\u021bioneaz\u0103 Ministerul Afacerilor Externe (MAE) \u00eentr-o precizare transmis\u0103 joi presei. MAE reac\u021bioneaz\u0103 la &#8216;apari\u021bia \u00een pres\u0103 a unor afirma\u021bii eronate \u0219i manipul\u0103ri speculative cu privire la rela\u021bia Rom\u00e2nia &#8211; SUA&#8217;. \u00cen acest context, ministerul rom\u00e2n afirm\u0103 c\u0103 Ambasada Rom\u00e2niei...\" \/>\n<meta property=\"og:url\" content=\"https:\/\/carpathiacenter.ro\/en\/mae-ambasada-romaniei-la-washington-poarta-un-dialog-permanent-cu-departamentul-de-stat-inclusiv-privind-visa-waiver\/\" \/>\n<meta property=\"og:site_name\" content=\"Carpathia Center Romania\" \/>\n<meta property=\"article:publisher\" content=\"https:\/\/www.facebook.com\/fdpscarpathia\/\" \/>\n<meta property=\"article:published_time\" content=\"2025-08-22T09:19:35+00:00\" \/>\n<meta property=\"og:image\" content=\"https:\/\/carpathiacenter.ro\/wp-content\/uploads\/2025\/08\/Ambasada-Romaniei-la-Washington.jpg\" \/>\n\t<meta property=\"og:image:width\" content=\"600\" \/>\n\t<meta property=\"og:image:height\" content=\"332\" \/>\n\t<meta property=\"og:image:type\" content=\"image\/jpeg\" \/>\n<meta name=\"author\" content=\"creativebitsolutions\" \/>\n<meta name=\"twitter:card\" content=\"summary_large_image\" \/>\n<meta name=\"twitter:label1\" content=\"Written by\" \/>\n\t<meta name=\"twitter:data1\" content=\"creativebitsolutions\" \/>\n\t<meta name=\"twitter:label2\" content=\"Estimated reading time\" \/>\n\t<meta name=\"twitter:data2\" content=\"1 minute\" \/>\n<script type=\"application\/ld+json\" class=\"yoast-schema-graph\">{\"@context\":\"https:\/\/schema.org\",\"@graph\":[{\"@type\":\"Article\",\"@id\":\"https:\/\/carpathiacenter.ro\/mae-ambasada-romaniei-la-washington-poarta-un-dialog-permanent-cu-departamentul-de-stat-inclusiv-privind-visa-waiver\/#article\",\"isPartOf\":{\"@id\":\"https:\/\/carpathiacenter.ro\/mae-ambasada-romaniei-la-washington-poarta-un-dialog-permanent-cu-departamentul-de-stat-inclusiv-privind-visa-waiver\/\"},\"author\":{\"name\":\"creativebitsolutions\",\"@id\":\"https:\/\/carpathiacenter.ro\/#\/schema\/person\/03d9f58202fee8379268f34afa195006\"},\"headline\":\"MAE: Ambasada Rom\u00e2niei la Washington poart\u0103 un dialog permanent cu Departamentul de Stat, inclusiv privind Visa Waiver\",\"datePublished\":\"2025-08-22T09:19:35+00:00\",\"mainEntityOfPage\":{\"@id\":\"https:\/\/carpathiacenter.ro\/mae-ambasada-romaniei-la-washington-poarta-un-dialog-permanent-cu-departamentul-de-stat-inclusiv-privind-visa-waiver\/\"},\"wordCount\":210,\"commentCount\":0,\"publisher\":{\"@id\":\"https:\/\/carpathiacenter.ro\/#organization\"},\"image\":{\"@id\":\"https:\/\/carpathiacenter.ro\/mae-ambasada-romaniei-la-washington-poarta-un-dialog-permanent-cu-departamentul-de-stat-inclusiv-privind-visa-waiver\/#primaryimage\"},\"thumbnailUrl\":\"https:\/\/carpathiacenter.ro\/wp-content\/uploads\/2025\/08\/Ambasada-Romaniei-la-Washington.jpg\",\"articleSection\":[\"Uncategorized\"],\"inLanguage\":\"en-GB\",\"potentialAction\":[{\"@type\":\"CommentAction\",\"name\":\"Comment\",\"target\":[\"https:\/\/carpathiacenter.ro\/mae-ambasada-romaniei-la-washington-poarta-un-dialog-permanent-cu-departamentul-de-stat-inclusiv-privind-visa-waiver\/#respond\"]}]},{\"@type\":\"WebPage\",\"@id\":\"https:\/\/carpathiacenter.ro\/mae-ambasada-romaniei-la-washington-poarta-un-dialog-permanent-cu-departamentul-de-stat-inclusiv-privind-visa-waiver\/\",\"url\":\"https:\/\/carpathiacenter.ro\/mae-ambasada-romaniei-la-washington-poarta-un-dialog-permanent-cu-departamentul-de-stat-inclusiv-privind-visa-waiver\/\",\"name\":\"MAE: Ambasada Rom\u00e2niei la Washington poart\u0103 un dialog permanent cu Departamentul de Stat, inclusiv privind Visa Waiver - Carpathia Center Romania\",\"isPartOf\":{\"@id\":\"https:\/\/carpathiacenter.ro\/#website\"},\"primaryImageOfPage\":{\"@id\":\"https:\/\/carpathiacenter.ro\/mae-ambasada-romaniei-la-washington-poarta-un-dialog-permanent-cu-departamentul-de-stat-inclusiv-privind-visa-waiver\/#primaryimage\"},\"image\":{\"@id\":\"https:\/\/carpathiacenter.ro\/mae-ambasada-romaniei-la-washington-poarta-un-dialog-permanent-cu-departamentul-de-stat-inclusiv-privind-visa-waiver\/#primaryimage\"},\"thumbnailUrl\":\"https:\/\/carpathiacenter.ro\/wp-content\/uploads\/2025\/08\/Ambasada-Romaniei-la-Washington.jpg\",\"datePublished\":\"2025-08-22T09:19:35+00:00\",\"breadcrumb\":{\"@id\":\"https:\/\/carpathiacenter.ro\/mae-ambasada-romaniei-la-washington-poarta-un-dialog-permanent-cu-departamentul-de-stat-inclusiv-privind-visa-waiver\/#breadcrumb\"},\"inLanguage\":\"en-GB\",\"potentialAction\":[{\"@type\":\"ReadAction\",\"target\":[\"https:\/\/carpathiacenter.ro\/mae-ambasada-romaniei-la-washington-poarta-un-dialog-permanent-cu-departamentul-de-stat-inclusiv-privind-visa-waiver\/\"]}]},{\"@type\":\"ImageObject\",\"inLanguage\":\"en-GB\",\"@id\":\"https:\/\/carpathiacenter.ro\/mae-ambasada-romaniei-la-washington-poarta-un-dialog-permanent-cu-departamentul-de-stat-inclusiv-privind-visa-waiver\/#primaryimage\",\"url\":\"https:\/\/carpathiacenter.ro\/wp-content\/uploads\/2025\/08\/Ambasada-Romaniei-la-Washington.jpg\",\"contentUrl\":\"https:\/\/carpathiacenter.ro\/wp-content\/uploads\/2025\/08\/Ambasada-Romaniei-la-Washington.jpg\",\"width\":600,\"height\":332},{\"@type\":\"BreadcrumbList\",\"@id\":\"https:\/\/carpathiacenter.ro\/mae-ambasada-romaniei-la-washington-poarta-un-dialog-permanent-cu-departamentul-de-stat-inclusiv-privind-visa-waiver\/#breadcrumb\",\"itemListElement\":[{\"@type\":\"ListItem\",\"position\":1,\"name\":\"Prima pagin\u0103\",\"item\":\"https:\/\/carpathiacenter.ro\/\"},{\"@type\":\"ListItem\",\"position\":2,\"name\":\"MAE: Ambasada Rom\u00e2niei la Washington poart\u0103 un dialog permanent cu Departamentul de Stat, inclusiv privind Visa Waiver\"}]},{\"@type\":\"WebSite\",\"@id\":\"https:\/\/carpathiacenter.ro\/#website\",\"url\":\"https:\/\/carpathiacenter.ro\/\",\"name\":\"Carpathia Center Romania\",\"description\":\"Impossible made possible!\",\"publisher\":{\"@id\":\"https:\/\/carpathiacenter.ro\/#organization\"},\"potentialAction\":[{\"@type\":\"SearchAction\",\"target\":{\"@type\":\"EntryPoint\",\"urlTemplate\":\"https:\/\/carpathiacenter.ro\/?s={search_term_string}\"},\"query-input\":{\"@type\":\"PropertyValueSpecification\",\"valueRequired\":true,\"valueName\":\"search_term_string\"}}],\"inLanguage\":\"en-GB\"},{\"@type\":\"Organization\",\"@id\":\"https:\/\/carpathiacenter.ro\/#organization\",\"name\":\"Carpathia Center Romania\",\"url\":\"https:\/\/carpathiacenter.ro\/\",\"logo\":{\"@type\":\"ImageObject\",\"inLanguage\":\"en-GB\",\"@id\":\"https:\/\/carpathiacenter.ro\/#\/schema\/logo\/image\/\",\"url\":\"https:\/\/carpathiacenter.ro\/wp-content\/uploads\/2024\/07\/logo-carpathia_bg_white-1024x941.png\",\"contentUrl\":\"https:\/\/carpathiacenter.ro\/wp-content\/uploads\/2024\/07\/logo-carpathia_bg_white-1024x941.png\",\"width\":1024,\"height\":941,\"caption\":\"Carpathia Center Romania\"},\"image\":{\"@id\":\"https:\/\/carpathiacenter.ro\/#\/schema\/logo\/image\/\"},\"sameAs\":[\"https:\/\/www.facebook.com\/fdpscarpathia\/\"]},{\"@type\":\"Person\",\"@id\":\"https:\/\/carpathiacenter.ro\/#\/schema\/person\/03d9f58202fee8379268f34afa195006\",\"name\":\"creativebitsolutions\",\"image\":{\"@type\":\"ImageObject\",\"inLanguage\":\"en-GB\",\"@id\":\"https:\/\/carpathiacenter.ro\/#\/schema\/person\/image\/\",\"url\":\"https:\/\/secure.gravatar.com\/avatar\/1b1a13e37f847c635dab78348f1dff2f07651ee2a3d77a5c355a4b8c75f9165a?s=96&d=mm&r=g\",\"contentUrl\":\"https:\/\/secure.gravatar.com\/avatar\/1b1a13e37f847c635dab78348f1dff2f07651ee2a3d77a5c355a4b8c75f9165a?s=96&d=mm&r=g\",\"caption\":\"creativebitsolutions\"},\"url\":\"https:\/\/carpathiacenter.ro\/en\/author\/creativebitsolutions\/\"}]}<\/script>\n<!-- \/ Yoast SEO plugin. -->","yoast_head_json":{"title":"MAE: Ambasada Rom\u00e2niei la Washington poart\u0103 un dialog permanent cu Departamentul de Stat, inclusiv privind Visa Waiver - Carpathia Center Romania","robots":{"index":"index","follow":"follow","max-snippet":"max-snippet:-1","max-image-preview":"max-image-preview:large","max-video-preview":"max-video-preview:-1"},"canonical":"https:\/\/carpathiacenter.ro\/en\/mae-ambasada-romaniei-la-washington-poarta-un-dialog-permanent-cu-departamentul-de-stat-inclusiv-privind-visa-waiver\/","og_locale":"en_GB","og_type":"article","og_title":"MAE: Ambasada Rom\u00e2niei la Washington poart\u0103 un dialog permanent cu Departamentul de Stat, inclusiv privind Visa Waiver - Carpathia Center Romania","og_description":"Ambasada Rom\u00e2niei la Washington poart\u0103 un dialog permanent cu Departamentul de Stat, inclusiv privind Visa Waiver, men\u021bioneaz\u0103 Ministerul Afacerilor Externe (MAE) \u00eentr-o precizare transmis\u0103 joi presei. MAE reac\u021bioneaz\u0103 la &#8216;apari\u021bia \u00een pres\u0103 a unor afirma\u021bii eronate \u0219i manipul\u0103ri speculative cu privire la rela\u021bia Rom\u00e2nia &#8211; SUA&#8217;. \u00cen acest context, ministerul rom\u00e2n afirm\u0103 c\u0103 Ambasada Rom\u00e2niei...","og_url":"https:\/\/carpathiacenter.ro\/en\/mae-ambasada-romaniei-la-washington-poarta-un-dialog-permanent-cu-departamentul-de-stat-inclusiv-privind-visa-waiver\/","og_site_name":"Carpathia Center Romania","article_publisher":"https:\/\/www.facebook.com\/fdpscarpathia\/","article_published_time":"2025-08-22T09:19:35+00:00","og_image":[{"width":600,"height":332,"url":"https:\/\/carpathiacenter.ro\/wp-content\/uploads\/2025\/08\/Ambasada-Romaniei-la-Washington.jpg","type":"image\/jpeg"}],"author":"creativebitsolutions","twitter_card":"summary_large_image","twitter_misc":{"Written by":"creativebitsolutions","Estimated reading time":"1 minute"},"schema":{"@context":"https:\/\/schema.org","@graph":[{"@type":"Article","@id":"https:\/\/carpathiacenter.ro\/mae-ambasada-romaniei-la-washington-poarta-un-dialog-permanent-cu-departamentul-de-stat-inclusiv-privind-visa-waiver\/#article","isPartOf":{"@id":"https:\/\/carpathiacenter.ro\/mae-ambasada-romaniei-la-washington-poarta-un-dialog-permanent-cu-departamentul-de-stat-inclusiv-privind-visa-waiver\/"},"author":{"name":"creativebitsolutions","@id":"https:\/\/carpathiacenter.ro\/#\/schema\/person\/03d9f58202fee8379268f34afa195006"},"headline":"MAE: Ambasada Rom\u00e2niei la Washington poart\u0103 un dialog permanent cu Departamentul de Stat, inclusiv privind Visa Waiver","datePublished":"2025-08-22T09:19:35+00:00","mainEntityOfPage":{"@id":"https:\/\/carpathiacenter.ro\/mae-ambasada-romaniei-la-washington-poarta-un-dialog-permanent-cu-departamentul-de-stat-inclusiv-privind-visa-waiver\/"},"wordCount":210,"commentCount":0,"publisher":{"@id":"https:\/\/carpathiacenter.ro\/#organization"},"image":{"@id":"https:\/\/carpathiacenter.ro\/mae-ambasada-romaniei-la-washington-poarta-un-dialog-permanent-cu-departamentul-de-stat-inclusiv-privind-visa-waiver\/#primaryimage"},"thumbnailUrl":"https:\/\/carpathiacenter.ro\/wp-content\/uploads\/2025\/08\/Ambasada-Romaniei-la-Washington.jpg","articleSection":["Uncategorized"],"inLanguage":"en-GB","potentialAction":[{"@type":"CommentAction","name":"Comment","target":["https:\/\/carpathiacenter.ro\/mae-ambasada-romaniei-la-washington-poarta-un-dialog-permanent-cu-departamentul-de-stat-inclusiv-privind-visa-waiver\/#respond"]}]},{"@type":"WebPage","@id":"https:\/\/carpathiacenter.ro\/mae-ambasada-romaniei-la-washington-poarta-un-dialog-permanent-cu-departamentul-de-stat-inclusiv-privind-visa-waiver\/","url":"https:\/\/carpathiacenter.ro\/mae-ambasada-romaniei-la-washington-poarta-un-dialog-permanent-cu-departamentul-de-stat-inclusiv-privind-visa-waiver\/","name":"MAE: Ambasada Rom\u00e2niei la Washington poart\u0103 un dialog permanent cu Departamentul de Stat, inclusiv privind Visa Waiver - Carpathia Center Romania","isPartOf":{"@id":"https:\/\/carpathiacenter.ro\/#website"},"primaryImageOfPage":{"@id":"https:\/\/carpathiacenter.ro\/mae-ambasada-romaniei-la-washington-poarta-un-dialog-permanent-cu-departamentul-de-stat-inclusiv-privind-visa-waiver\/#primaryimage"},"image":{"@id":"https:\/\/carpathiacenter.ro\/mae-ambasada-romaniei-la-washington-poarta-un-dialog-permanent-cu-departamentul-de-stat-inclusiv-privind-visa-waiver\/#primaryimage"},"thumbnailUrl":"https:\/\/carpathiacenter.ro\/wp-content\/uploads\/2025\/08\/Ambasada-Romaniei-la-Washington.jpg","datePublished":"2025-08-22T09:19:35+00:00","breadcrumb":{"@id":"https:\/\/carpathiacenter.ro\/mae-ambasada-romaniei-la-washington-poarta-un-dialog-permanent-cu-departamentul-de-stat-inclusiv-privind-visa-waiver\/#breadcrumb"},"inLanguage":"en-GB","potentialAction":[{"@type":"ReadAction","target":["https:\/\/carpathiacenter.ro\/mae-ambasada-romaniei-la-washington-poarta-un-dialog-permanent-cu-departamentul-de-stat-inclusiv-privind-visa-waiver\/"]}]},{"@type":"ImageObject","inLanguage":"en-GB","@id":"https:\/\/carpathiacenter.ro\/mae-ambasada-romaniei-la-washington-poarta-un-dialog-permanent-cu-departamentul-de-stat-inclusiv-privind-visa-waiver\/#primaryimage","url":"https:\/\/carpathiacenter.ro\/wp-content\/uploads\/2025\/08\/Ambasada-Romaniei-la-Washington.jpg","contentUrl":"https:\/\/carpathiacenter.ro\/wp-content\/uploads\/2025\/08\/Ambasada-Romaniei-la-Washington.jpg","width":600,"height":332},{"@type":"BreadcrumbList","@id":"https:\/\/carpathiacenter.ro\/mae-ambasada-romaniei-la-washington-poarta-un-dialog-permanent-cu-departamentul-de-stat-inclusiv-privind-visa-waiver\/#breadcrumb","itemListElement":[{"@type":"ListItem","position":1,"name":"Prima pagin\u0103","item":"https:\/\/carpathiacenter.ro\/"},{"@type":"ListItem","position":2,"name":"MAE: Ambasada Rom\u00e2niei la Washington poart\u0103 un dialog permanent cu Departamentul de Stat, inclusiv privind Visa Waiver"}]},{"@type":"WebSite","@id":"https:\/\/carpathiacenter.ro\/#website","url":"https:\/\/carpathiacenter.ro\/","name":"Carpathia Center Romania","description":"Impossible made possible!","publisher":{"@id":"https:\/\/carpathiacenter.ro\/#organization"},"potentialAction":[{"@type":"SearchAction","target":{"@type":"EntryPoint","urlTemplate":"https:\/\/carpathiacenter.ro\/?s={search_term_string}"},"query-input":{"@type":"PropertyValueSpecification","valueRequired":true,"valueName":"search_term_string"}}],"inLanguage":"en-GB"},{"@type":"Organization","@id":"https:\/\/carpathiacenter.ro\/#organization","name":"Carpathia Center Romania","url":"https:\/\/carpathiacenter.ro\/","logo":{"@type":"ImageObject","inLanguage":"en-GB","@id":"https:\/\/carpathiacenter.ro\/#\/schema\/logo\/image\/","url":"https:\/\/carpathiacenter.ro\/wp-content\/uploads\/2024\/07\/logo-carpathia_bg_white-1024x941.png","contentUrl":"https:\/\/carpathiacenter.ro\/wp-content\/uploads\/2024\/07\/logo-carpathia_bg_white-1024x941.png","width":1024,"height":941,"caption":"Carpathia Center Romania"},"image":{"@id":"https:\/\/carpathiacenter.ro\/#\/schema\/logo\/image\/"},"sameAs":["https:\/\/www.facebook.com\/fdpscarpathia\/"]},{"@type":"Person","@id":"https:\/\/carpathiacenter.ro\/#\/schema\/person\/03d9f58202fee8379268f34afa195006","name":"creativebitsolutions","image":{"@type":"ImageObject","inLanguage":"en-GB","@id":"https:\/\/carpathiacenter.ro\/#\/schema\/person\/image\/","url":"https:\/\/secure.gravatar.com\/avatar\/1b1a13e37f847c635dab78348f1dff2f07651ee2a3d77a5c355a4b8c75f9165a?s=96&d=mm&r=g","contentUrl":"https:\/\/secure.gravatar.com\/avatar\/1b1a13e37f847c635dab78348f1dff2f07651ee2a3d77a5c355a4b8c75f9165a?s=96&d=mm&r=g","caption":"creativebitsolutions"},"url":"https:\/\/carpathiacenter.ro\/en\/author\/creativebitsolutions\/"}]}},"_links":{"self":[{"href":"https:\/\/carpathiacenter.ro\/en\/wp-json\/wp\/v2\/posts\/2903","targetHints":{"allow":["GET"]}}],"collection":[{"href":"https:\/\/carpathiacenter.ro\/en\/wp-json\/wp\/v2\/posts"}],"about":[{"href":"https:\/\/carpathiacenter.ro\/en\/wp-json\/wp\/v2\/types\/post"}],"author":[{"embeddable":true,"href":"https:\/\/carpathiacenter.ro\/en\/wp-json\/wp\/v2\/users\/4"}],"replies":[{"embeddable":true,"href":"https:\/\/carpathiacenter.ro\/en\/wp-json\/wp\/v2\/comments?post=2903"}],"version-history":[{"count":1,"href":"https:\/\/carpathiacenter.ro\/en\/wp-json\/wp\/v2\/posts\/2903\/revisions"}],"predecessor-version":[{"id":2907,"href":"https:\/\/carpathiacenter.ro\/en\/wp-json\/wp\/v2\/posts\/2903\/revisions\/2907"}],"wp:featuredmedia":[{"embeddable":true,"href":"https:\/\/carpathiacenter.ro\/en\/wp-json\/wp\/v2\/media\/2906"}],"wp:attachment":[{"href":"https:\/\/carpathiacenter.ro\/en\/wp-json\/wp\/v2\/media?parent=2903"}],"wp:term":[{"taxonomy":"category","embeddable":true,"href":"https:\/\/carpathiacenter.ro\/en\/wp-json\/wp\/v2\/categories?post=2903"},{"taxonomy":"post_tag","embeddable":true,"href":"https:\/\/carpathiacenter.ro\/en\/wp-json\/wp\/v2\/tags?post=2903"}],"curies":[{"name":"wp","href":"https:\/\/api.w.org\/{rel}","templated":true}]}}