{"id":2896,"date":"2025-08-21T08:37:33","date_gmt":"2025-08-21T08:37:33","guid":{"rendered":"https:\/\/carpathiacenter.ro\/?p=2896"},"modified":"2025-08-21T11:06:33","modified_gmt":"2025-08-21T11:06:33","slug":"21-august-ziua-internationala-pentru-comemorare-si-omagiere-a-victimelor-terorismului-onu","status":"publish","type":"post","link":"https:\/\/carpathiacenter.ro\/en\/21-august-ziua-internationala-pentru-comemorare-si-omagiere-a-victimelor-terorismului-onu\/","title":{"rendered":"21 august &#8211; Ziua interna\u021bional\u0103 pentru comemorare \u0219i omagiere a victimelor terorismului (ONU)"},"content":{"rendered":"<p>La 21 august 2025 este marcat\u0103, de c\u0103tre Organiza\u021bia Na\u021biunilor Unite, Ziua interna\u021bional\u0103 pentru comemorarea \u0219i omagierea victimelor terorismului, conform <a href=\"https:\/\/www.un.org\/\" target=\"_blank\">https:\/\/www.un.org\/<\/a>.<\/p>\n<p>Marcarea acestei zile a fost instituit\u0103 \u00een acord cu prevederile Rezolu\u021biei 72\/165 a Adun\u0103rii Generale a Na\u021biunilor Unite. Scopul vizeaz\u0103 sprijinirea eforturilor Adun\u0103rii Generale a ONU, ale Comisiei pentru Drepturile Omului \u0219i ale Consiliului pentru Drepturile Omului pentru promovarea \u0219i protejarea drepturilor victimelor terorismului. Adunarea General\u0103 a ONU reconfirm\u0103 promovarea \u0219i protejarea drepturilor omului \u0219i statul de drept \u00een plan na\u021bional \u0219i interna\u021bional, condi\u021bii esen\u021biale pentru prevenirea \u0219i combaterea terorismului.<\/p>\n<p>Cu prilejul celei de-a opta comemor\u0103ri a zilei interna\u021bionale pentru comemorarea \u0219i omagierea victimelor terorismului la 21 august 2025, evenimentele dedicate acestei zile se desf\u0103\u0219oar\u0103 \u00een acest an \u00een cadrul temei &#8221;Uni\u021bi prin Speran\u021b\u0103: Ac\u021biune Colectiv\u0103 pentru Victimele Terorismului&#8221;, care scoate \u00een eviden\u021b\u0103 puterea solidarit\u0103\u021bii \u0219i colabor\u0103rii \u00eentre comunit\u0103\u021bi, regiuni \u0219i experien\u021be, conform <a href=\"https:\/\/www.un.org\/\" target=\"_blank\">https:\/\/www.un.org\/<\/a>.<\/p>\n<p>Ziua interna\u021bional\u0103 din acest an face un apel c\u0103tre to\u021bi oamenii s\u0103 ascult\u0103m \u0219i s\u0103 ac\u021bion\u0103m \u00eempreun\u0103 pentru a construi un viitor pa\u0219nic, rezilient \u0219i mai incluziv. Evenimentul de la New York este transmis online pe platforma de internet a site-ului Na\u021biunilor Unite &#8211; <a href=\"https:\/\/www.un.org\/\" target=\"_blank\">https:\/\/www.un.org\/<\/a>.<\/p>\n<p>Cu acest prilej, este organizat\u0103 o \u00eent\u00e2lnire la nivel \u00eenalt la care vor participa secretarul general al Na\u021biunilor Unite Antonio Guterres care va transmite nu mesaj public de deschidere a evenimentului, urmat de Subsecretarul general pentru biroul contraterorismului Vladimir Voronkov. Discursurile vor fi urmate de discu\u021bii \u00een cadrul unui seminar virtual la care vor participa deopotriv\u0103 victime \u0219i supravie\u021buitori ai fenomenului terorist pentru a sprijini \u0219i pentru a ajuta la \u00eent\u0103rirea eforturilor globale pentru consolidarea drepturilor victimelor \u00een cadrul unor societ\u0103\u021bi mai incluzive \u0219i reziliente. De asemenea, va fi \u021binut un minut de reculegere \u00een memoria victimelor fenomenului terorism la nivel mondial.<\/p>\n<p>La 8 septembrie 2006, a fost adoptat\u0103 Rezolu\u021bia 60\/288 privind Strategia global\u0103 de combatere a terorismului, care stipuleaz\u0103 faptul c\u0103 dezumanizarea victimelor se num\u0103r\u0103 printre condi\u021biile care contribuie la r\u0103sp\u00e2ndirea terorismului, iar m\u0103surile care vizeaz\u0103 respectarea demnit\u0103\u021bii umane \u0219i men\u021binerea statului de drept reprezint\u0103 un demers eficient de combatere a acestui flagel, potrivit <a href=\"https:\/\/www.un.org\/\" target=\"_blank\">https:\/\/www.un.org\/<\/a>. Principala responsabilitate pentru sprijinirea victimelor terorismului \u0219i ap\u0103r\u0103rii drepturilor acestora revine statelor membre ONU care \u0219i-au asumat prin procesele interne la nivel na\u021bional ratificarea documentelor specifice \u00een materie ale Na\u021biunilor Unite. AGERPRES\/(Documentare &#8211; Liviu Tatu, editor: Ruxandra Bratu, editor online: Alexandru Cojocaru)<br \/>\n<br \/>\nSursa articolului:  <a href=\"https:\/\/agerpres.ro\/documentare\/2025\/08\/21\/21-august---ziua-internationala-pentru-comemorare-si-omagiere-a-victimelor-terorismului-onu--1477329\" target=\"_blank\" rel=\"noopener\" title=\"\">https:\/\/agerpres.ro\/documentare\/2025\/08\/21\/21-august&#8212;ziua-internationala-pentru-comemorare-si-omagiere-a-victimelor-terorismului-onu&#8211;1477329<\/a><\/p>","protected":false},"excerpt":{"rendered":"<p>La 21 august 2025 este marcat\u0103, de c\u0103tre Organiza\u021bia Na\u021biunilor Unite, Ziua interna\u021bional\u0103 pentru comemorarea \u0219i omagierea victimelor terorismului, conform https:\/\/www.un.org\/. Marcarea acestei zile a fost instituit\u0103 \u00een acord cu prevederile Rezolu\u021biei 72\/165 a Adun\u0103rii Generale a Na\u021biunilor Unite. Scopul vizeaz\u0103 sprijinirea eforturilor Adun\u0103rii Generale a ONU, ale Comisiei pentru Drepturile Omului \u0219i ale Consiliului&#8230;<\/p>","protected":false},"author":4,"featured_media":2902,"comment_status":"open","ping_status":"open","sticky":false,"template":"","format":"standard","meta":{"footnotes":""},"categories":[1],"tags":[],"class_list":["post-2896","post","type-post","status-publish","format-standard","has-post-thumbnail","hentry","category-uncategorized"],"yoast_head":"<!-- This site is optimized with the Yoast SEO plugin v26.1.1 - https:\/\/yoast.com\/wordpress\/plugins\/seo\/ -->\n<title>21 august - Ziua interna\u021bional\u0103 pentru comemorare \u0219i omagiere a victimelor terorismului (ONU) - Carpathia Center Romania<\/title>\n<meta name=\"robots\" content=\"index, follow, max-snippet:-1, max-image-preview:large, max-video-preview:-1\" \/>\n<link rel=\"canonical\" href=\"https:\/\/carpathiacenter.ro\/en\/21-august-ziua-internationala-pentru-comemorare-si-omagiere-a-victimelor-terorismului-onu\/\" \/>\n<meta property=\"og:locale\" content=\"en_GB\" \/>\n<meta property=\"og:type\" content=\"article\" \/>\n<meta property=\"og:title\" content=\"21 august - Ziua interna\u021bional\u0103 pentru comemorare \u0219i omagiere a victimelor terorismului (ONU) - Carpathia Center Romania\" \/>\n<meta property=\"og:description\" content=\"La 21 august 2025 este marcat\u0103, de c\u0103tre Organiza\u021bia Na\u021biunilor Unite, Ziua interna\u021bional\u0103 pentru comemorarea \u0219i omagierea victimelor terorismului, conform https:\/\/www.un.org\/. Marcarea acestei zile a fost instituit\u0103 \u00een acord cu prevederile Rezolu\u021biei 72\/165 a Adun\u0103rii Generale a Na\u021biunilor Unite. Scopul vizeaz\u0103 sprijinirea eforturilor Adun\u0103rii Generale a ONU, ale Comisiei pentru Drepturile Omului \u0219i ale Consiliului...\" \/>\n<meta property=\"og:url\" content=\"https:\/\/carpathiacenter.ro\/en\/21-august-ziua-internationala-pentru-comemorare-si-omagiere-a-victimelor-terorismului-onu\/\" \/>\n<meta property=\"og:site_name\" content=\"Carpathia Center Romania\" \/>\n<meta property=\"article:publisher\" content=\"https:\/\/www.facebook.com\/fdpscarpathia\/\" \/>\n<meta property=\"article:published_time\" content=\"2025-08-21T08:37:33+00:00\" \/>\n<meta property=\"article:modified_time\" content=\"2025-08-21T11:06:33+00:00\" \/>\n<meta property=\"og:image\" content=\"https:\/\/carpathiacenter.ro\/wp-content\/uploads\/2025\/08\/ONU.jpg\" \/>\n\t<meta property=\"og:image:width\" content=\"780\" \/>\n\t<meta property=\"og:image:height\" content=\"440\" \/>\n\t<meta property=\"og:image:type\" content=\"image\/jpeg\" \/>\n<meta name=\"author\" content=\"creativebitsolutions\" \/>\n<meta name=\"twitter:card\" content=\"summary_large_image\" \/>\n<meta name=\"twitter:label1\" content=\"Written by\" \/>\n\t<meta name=\"twitter:data1\" content=\"creativebitsolutions\" \/>\n\t<meta name=\"twitter:label2\" content=\"Estimated reading time\" \/>\n\t<meta name=\"twitter:data2\" content=\"2 minutes\" \/>\n<script type=\"application\/ld+json\" class=\"yoast-schema-graph\">{\"@context\":\"https:\/\/schema.org\",\"@graph\":[{\"@type\":\"Article\",\"@id\":\"https:\/\/carpathiacenter.ro\/21-august-ziua-internationala-pentru-comemorare-si-omagiere-a-victimelor-terorismului-onu\/#article\",\"isPartOf\":{\"@id\":\"https:\/\/carpathiacenter.ro\/21-august-ziua-internationala-pentru-comemorare-si-omagiere-a-victimelor-terorismului-onu\/\"},\"author\":{\"name\":\"creativebitsolutions\",\"@id\":\"https:\/\/carpathiacenter.ro\/#\/schema\/person\/03d9f58202fee8379268f34afa195006\"},\"headline\":\"21 august &#8211; Ziua interna\u021bional\u0103 pentru comemorare \u0219i omagiere a victimelor terorismului (ONU)\",\"datePublished\":\"2025-08-21T08:37:33+00:00\",\"dateModified\":\"2025-08-21T11:06:33+00:00\",\"mainEntityOfPage\":{\"@id\":\"https:\/\/carpathiacenter.ro\/21-august-ziua-internationala-pentru-comemorare-si-omagiere-a-victimelor-terorismului-onu\/\"},\"wordCount\":460,\"commentCount\":0,\"publisher\":{\"@id\":\"https:\/\/carpathiacenter.ro\/#organization\"},\"image\":{\"@id\":\"https:\/\/carpathiacenter.ro\/21-august-ziua-internationala-pentru-comemorare-si-omagiere-a-victimelor-terorismului-onu\/#primaryimage\"},\"thumbnailUrl\":\"https:\/\/carpathiacenter.ro\/wp-content\/uploads\/2025\/08\/ONU.jpg\",\"articleSection\":[\"Uncategorized\"],\"inLanguage\":\"en-GB\",\"potentialAction\":[{\"@type\":\"CommentAction\",\"name\":\"Comment\",\"target\":[\"https:\/\/carpathiacenter.ro\/21-august-ziua-internationala-pentru-comemorare-si-omagiere-a-victimelor-terorismului-onu\/#respond\"]}]},{\"@type\":\"WebPage\",\"@id\":\"https:\/\/carpathiacenter.ro\/21-august-ziua-internationala-pentru-comemorare-si-omagiere-a-victimelor-terorismului-onu\/\",\"url\":\"https:\/\/carpathiacenter.ro\/21-august-ziua-internationala-pentru-comemorare-si-omagiere-a-victimelor-terorismului-onu\/\",\"name\":\"21 august - Ziua interna\u021bional\u0103 pentru comemorare \u0219i omagiere a victimelor terorismului (ONU) - Carpathia Center Romania\",\"isPartOf\":{\"@id\":\"https:\/\/carpathiacenter.ro\/#website\"},\"primaryImageOfPage\":{\"@id\":\"https:\/\/carpathiacenter.ro\/21-august-ziua-internationala-pentru-comemorare-si-omagiere-a-victimelor-terorismului-onu\/#primaryimage\"},\"image\":{\"@id\":\"https:\/\/carpathiacenter.ro\/21-august-ziua-internationala-pentru-comemorare-si-omagiere-a-victimelor-terorismului-onu\/#primaryimage\"},\"thumbnailUrl\":\"https:\/\/carpathiacenter.ro\/wp-content\/uploads\/2025\/08\/ONU.jpg\",\"datePublished\":\"2025-08-21T08:37:33+00:00\",\"dateModified\":\"2025-08-21T11:06:33+00:00\",\"breadcrumb\":{\"@id\":\"https:\/\/carpathiacenter.ro\/21-august-ziua-internationala-pentru-comemorare-si-omagiere-a-victimelor-terorismului-onu\/#breadcrumb\"},\"inLanguage\":\"en-GB\",\"potentialAction\":[{\"@type\":\"ReadAction\",\"target\":[\"https:\/\/carpathiacenter.ro\/21-august-ziua-internationala-pentru-comemorare-si-omagiere-a-victimelor-terorismului-onu\/\"]}]},{\"@type\":\"ImageObject\",\"inLanguage\":\"en-GB\",\"@id\":\"https:\/\/carpathiacenter.ro\/21-august-ziua-internationala-pentru-comemorare-si-omagiere-a-victimelor-terorismului-onu\/#primaryimage\",\"url\":\"https:\/\/carpathiacenter.ro\/wp-content\/uploads\/2025\/08\/ONU.jpg\",\"contentUrl\":\"https:\/\/carpathiacenter.ro\/wp-content\/uploads\/2025\/08\/ONU.jpg\",\"width\":780,\"height\":440},{\"@type\":\"BreadcrumbList\",\"@id\":\"https:\/\/carpathiacenter.ro\/21-august-ziua-internationala-pentru-comemorare-si-omagiere-a-victimelor-terorismului-onu\/#breadcrumb\",\"itemListElement\":[{\"@type\":\"ListItem\",\"position\":1,\"name\":\"Prima pagin\u0103\",\"item\":\"https:\/\/carpathiacenter.ro\/\"},{\"@type\":\"ListItem\",\"position\":2,\"name\":\"21 august &#8211; Ziua interna\u021bional\u0103 pentru comemorare \u0219i omagiere a victimelor terorismului (ONU)\"}]},{\"@type\":\"WebSite\",\"@id\":\"https:\/\/carpathiacenter.ro\/#website\",\"url\":\"https:\/\/carpathiacenter.ro\/\",\"name\":\"Carpathia Center Romania\",\"description\":\"Impossible made possible!\",\"publisher\":{\"@id\":\"https:\/\/carpathiacenter.ro\/#organization\"},\"potentialAction\":[{\"@type\":\"SearchAction\",\"target\":{\"@type\":\"EntryPoint\",\"urlTemplate\":\"https:\/\/carpathiacenter.ro\/?s={search_term_string}\"},\"query-input\":{\"@type\":\"PropertyValueSpecification\",\"valueRequired\":true,\"valueName\":\"search_term_string\"}}],\"inLanguage\":\"en-GB\"},{\"@type\":\"Organization\",\"@id\":\"https:\/\/carpathiacenter.ro\/#organization\",\"name\":\"Carpathia Center Romania\",\"url\":\"https:\/\/carpathiacenter.ro\/\",\"logo\":{\"@type\":\"ImageObject\",\"inLanguage\":\"en-GB\",\"@id\":\"https:\/\/carpathiacenter.ro\/#\/schema\/logo\/image\/\",\"url\":\"https:\/\/carpathiacenter.ro\/wp-content\/uploads\/2024\/07\/logo-carpathia_bg_white-1024x941.png\",\"contentUrl\":\"https:\/\/carpathiacenter.ro\/wp-content\/uploads\/2024\/07\/logo-carpathia_bg_white-1024x941.png\",\"width\":1024,\"height\":941,\"caption\":\"Carpathia Center Romania\"},\"image\":{\"@id\":\"https:\/\/carpathiacenter.ro\/#\/schema\/logo\/image\/\"},\"sameAs\":[\"https:\/\/www.facebook.com\/fdpscarpathia\/\"]},{\"@type\":\"Person\",\"@id\":\"https:\/\/carpathiacenter.ro\/#\/schema\/person\/03d9f58202fee8379268f34afa195006\",\"name\":\"creativebitsolutions\",\"image\":{\"@type\":\"ImageObject\",\"inLanguage\":\"en-GB\",\"@id\":\"https:\/\/carpathiacenter.ro\/#\/schema\/person\/image\/\",\"url\":\"https:\/\/secure.gravatar.com\/avatar\/1b1a13e37f847c635dab78348f1dff2f07651ee2a3d77a5c355a4b8c75f9165a?s=96&d=mm&r=g\",\"contentUrl\":\"https:\/\/secure.gravatar.com\/avatar\/1b1a13e37f847c635dab78348f1dff2f07651ee2a3d77a5c355a4b8c75f9165a?s=96&d=mm&r=g\",\"caption\":\"creativebitsolutions\"},\"url\":\"https:\/\/carpathiacenter.ro\/en\/author\/creativebitsolutions\/\"}]}<\/script>\n<!-- \/ Yoast SEO plugin. -->","yoast_head_json":{"title":"21 august - Ziua interna\u021bional\u0103 pentru comemorare \u0219i omagiere a victimelor terorismului (ONU) - Carpathia Center Romania","robots":{"index":"index","follow":"follow","max-snippet":"max-snippet:-1","max-image-preview":"max-image-preview:large","max-video-preview":"max-video-preview:-1"},"canonical":"https:\/\/carpathiacenter.ro\/en\/21-august-ziua-internationala-pentru-comemorare-si-omagiere-a-victimelor-terorismului-onu\/","og_locale":"en_GB","og_type":"article","og_title":"21 august - Ziua interna\u021bional\u0103 pentru comemorare \u0219i omagiere a victimelor terorismului (ONU) - Carpathia Center Romania","og_description":"La 21 august 2025 este marcat\u0103, de c\u0103tre Organiza\u021bia Na\u021biunilor Unite, Ziua interna\u021bional\u0103 pentru comemorarea \u0219i omagierea victimelor terorismului, conform https:\/\/www.un.org\/. Marcarea acestei zile a fost instituit\u0103 \u00een acord cu prevederile Rezolu\u021biei 72\/165 a Adun\u0103rii Generale a Na\u021biunilor Unite. Scopul vizeaz\u0103 sprijinirea eforturilor Adun\u0103rii Generale a ONU, ale Comisiei pentru Drepturile Omului \u0219i ale Consiliului...","og_url":"https:\/\/carpathiacenter.ro\/en\/21-august-ziua-internationala-pentru-comemorare-si-omagiere-a-victimelor-terorismului-onu\/","og_site_name":"Carpathia Center Romania","article_publisher":"https:\/\/www.facebook.com\/fdpscarpathia\/","article_published_time":"2025-08-21T08:37:33+00:00","article_modified_time":"2025-08-21T11:06:33+00:00","og_image":[{"width":780,"height":440,"url":"https:\/\/carpathiacenter.ro\/wp-content\/uploads\/2025\/08\/ONU.jpg","type":"image\/jpeg"}],"author":"creativebitsolutions","twitter_card":"summary_large_image","twitter_misc":{"Written by":"creativebitsolutions","Estimated reading time":"2 minutes"},"schema":{"@context":"https:\/\/schema.org","@graph":[{"@type":"Article","@id":"https:\/\/carpathiacenter.ro\/21-august-ziua-internationala-pentru-comemorare-si-omagiere-a-victimelor-terorismului-onu\/#article","isPartOf":{"@id":"https:\/\/carpathiacenter.ro\/21-august-ziua-internationala-pentru-comemorare-si-omagiere-a-victimelor-terorismului-onu\/"},"author":{"name":"creativebitsolutions","@id":"https:\/\/carpathiacenter.ro\/#\/schema\/person\/03d9f58202fee8379268f34afa195006"},"headline":"21 august &#8211; Ziua interna\u021bional\u0103 pentru comemorare \u0219i omagiere a victimelor terorismului (ONU)","datePublished":"2025-08-21T08:37:33+00:00","dateModified":"2025-08-21T11:06:33+00:00","mainEntityOfPage":{"@id":"https:\/\/carpathiacenter.ro\/21-august-ziua-internationala-pentru-comemorare-si-omagiere-a-victimelor-terorismului-onu\/"},"wordCount":460,"commentCount":0,"publisher":{"@id":"https:\/\/carpathiacenter.ro\/#organization"},"image":{"@id":"https:\/\/carpathiacenter.ro\/21-august-ziua-internationala-pentru-comemorare-si-omagiere-a-victimelor-terorismului-onu\/#primaryimage"},"thumbnailUrl":"https:\/\/carpathiacenter.ro\/wp-content\/uploads\/2025\/08\/ONU.jpg","articleSection":["Uncategorized"],"inLanguage":"en-GB","potentialAction":[{"@type":"CommentAction","name":"Comment","target":["https:\/\/carpathiacenter.ro\/21-august-ziua-internationala-pentru-comemorare-si-omagiere-a-victimelor-terorismului-onu\/#respond"]}]},{"@type":"WebPage","@id":"https:\/\/carpathiacenter.ro\/21-august-ziua-internationala-pentru-comemorare-si-omagiere-a-victimelor-terorismului-onu\/","url":"https:\/\/carpathiacenter.ro\/21-august-ziua-internationala-pentru-comemorare-si-omagiere-a-victimelor-terorismului-onu\/","name":"21 august - Ziua interna\u021bional\u0103 pentru comemorare \u0219i omagiere a victimelor terorismului (ONU) - Carpathia Center Romania","isPartOf":{"@id":"https:\/\/carpathiacenter.ro\/#website"},"primaryImageOfPage":{"@id":"https:\/\/carpathiacenter.ro\/21-august-ziua-internationala-pentru-comemorare-si-omagiere-a-victimelor-terorismului-onu\/#primaryimage"},"image":{"@id":"https:\/\/carpathiacenter.ro\/21-august-ziua-internationala-pentru-comemorare-si-omagiere-a-victimelor-terorismului-onu\/#primaryimage"},"thumbnailUrl":"https:\/\/carpathiacenter.ro\/wp-content\/uploads\/2025\/08\/ONU.jpg","datePublished":"2025-08-21T08:37:33+00:00","dateModified":"2025-08-21T11:06:33+00:00","breadcrumb":{"@id":"https:\/\/carpathiacenter.ro\/21-august-ziua-internationala-pentru-comemorare-si-omagiere-a-victimelor-terorismului-onu\/#breadcrumb"},"inLanguage":"en-GB","potentialAction":[{"@type":"ReadAction","target":["https:\/\/carpathiacenter.ro\/21-august-ziua-internationala-pentru-comemorare-si-omagiere-a-victimelor-terorismului-onu\/"]}]},{"@type":"ImageObject","inLanguage":"en-GB","@id":"https:\/\/carpathiacenter.ro\/21-august-ziua-internationala-pentru-comemorare-si-omagiere-a-victimelor-terorismului-onu\/#primaryimage","url":"https:\/\/carpathiacenter.ro\/wp-content\/uploads\/2025\/08\/ONU.jpg","contentUrl":"https:\/\/carpathiacenter.ro\/wp-content\/uploads\/2025\/08\/ONU.jpg","width":780,"height":440},{"@type":"BreadcrumbList","@id":"https:\/\/carpathiacenter.ro\/21-august-ziua-internationala-pentru-comemorare-si-omagiere-a-victimelor-terorismului-onu\/#breadcrumb","itemListElement":[{"@type":"ListItem","position":1,"name":"Prima pagin\u0103","item":"https:\/\/carpathiacenter.ro\/"},{"@type":"ListItem","position":2,"name":"21 august &#8211; Ziua interna\u021bional\u0103 pentru comemorare \u0219i omagiere a victimelor terorismului (ONU)"}]},{"@type":"WebSite","@id":"https:\/\/carpathiacenter.ro\/#website","url":"https:\/\/carpathiacenter.ro\/","name":"Carpathia Center Romania","description":"Impossible made possible!","publisher":{"@id":"https:\/\/carpathiacenter.ro\/#organization"},"potentialAction":[{"@type":"SearchAction","target":{"@type":"EntryPoint","urlTemplate":"https:\/\/carpathiacenter.ro\/?s={search_term_string}"},"query-input":{"@type":"PropertyValueSpecification","valueRequired":true,"valueName":"search_term_string"}}],"inLanguage":"en-GB"},{"@type":"Organization","@id":"https:\/\/carpathiacenter.ro\/#organization","name":"Carpathia Center Romania","url":"https:\/\/carpathiacenter.ro\/","logo":{"@type":"ImageObject","inLanguage":"en-GB","@id":"https:\/\/carpathiacenter.ro\/#\/schema\/logo\/image\/","url":"https:\/\/carpathiacenter.ro\/wp-content\/uploads\/2024\/07\/logo-carpathia_bg_white-1024x941.png","contentUrl":"https:\/\/carpathiacenter.ro\/wp-content\/uploads\/2024\/07\/logo-carpathia_bg_white-1024x941.png","width":1024,"height":941,"caption":"Carpathia Center Romania"},"image":{"@id":"https:\/\/carpathiacenter.ro\/#\/schema\/logo\/image\/"},"sameAs":["https:\/\/www.facebook.com\/fdpscarpathia\/"]},{"@type":"Person","@id":"https:\/\/carpathiacenter.ro\/#\/schema\/person\/03d9f58202fee8379268f34afa195006","name":"creativebitsolutions","image":{"@type":"ImageObject","inLanguage":"en-GB","@id":"https:\/\/carpathiacenter.ro\/#\/schema\/person\/image\/","url":"https:\/\/secure.gravatar.com\/avatar\/1b1a13e37f847c635dab78348f1dff2f07651ee2a3d77a5c355a4b8c75f9165a?s=96&d=mm&r=g","contentUrl":"https:\/\/secure.gravatar.com\/avatar\/1b1a13e37f847c635dab78348f1dff2f07651ee2a3d77a5c355a4b8c75f9165a?s=96&d=mm&r=g","caption":"creativebitsolutions"},"url":"https:\/\/carpathiacenter.ro\/en\/author\/creativebitsolutions\/"}]}},"_links":{"self":[{"href":"https:\/\/carpathiacenter.ro\/en\/wp-json\/wp\/v2\/posts\/2896","targetHints":{"allow":["GET"]}}],"collection":[{"href":"https:\/\/carpathiacenter.ro\/en\/wp-json\/wp\/v2\/posts"}],"about":[{"href":"https:\/\/carpathiacenter.ro\/en\/wp-json\/wp\/v2\/types\/post"}],"author":[{"embeddable":true,"href":"https:\/\/carpathiacenter.ro\/en\/wp-json\/wp\/v2\/users\/4"}],"replies":[{"embeddable":true,"href":"https:\/\/carpathiacenter.ro\/en\/wp-json\/wp\/v2\/comments?post=2896"}],"version-history":[{"count":1,"href":"https:\/\/carpathiacenter.ro\/en\/wp-json\/wp\/v2\/posts\/2896\/revisions"}],"predecessor-version":[{"id":2898,"href":"https:\/\/carpathiacenter.ro\/en\/wp-json\/wp\/v2\/posts\/2896\/revisions\/2898"}],"wp:featuredmedia":[{"embeddable":true,"href":"https:\/\/carpathiacenter.ro\/en\/wp-json\/wp\/v2\/media\/2902"}],"wp:attachment":[{"href":"https:\/\/carpathiacenter.ro\/en\/wp-json\/wp\/v2\/media?parent=2896"}],"wp:term":[{"taxonomy":"category","embeddable":true,"href":"https:\/\/carpathiacenter.ro\/en\/wp-json\/wp\/v2\/categories?post=2896"},{"taxonomy":"post_tag","embeddable":true,"href":"https:\/\/carpathiacenter.ro\/en\/wp-json\/wp\/v2\/tags?post=2896"}],"curies":[{"name":"wp","href":"https:\/\/api.w.org\/{rel}","templated":true}]}}