{"id":2883,"date":"2025-08-19T08:00:17","date_gmt":"2025-08-19T08:00:17","guid":{"rendered":"https:\/\/carpathiacenter.ro\/?p=2883"},"modified":"2025-08-19T08:00:17","modified_gmt":"2025-08-19T08:00:17","slug":"bolojan-intalnire-de-lucru-cu-reprezentantii-asociatiei-municipiilor-investitiile-pnrr-vor-continua-intr-o-maniera-planificata","status":"publish","type":"post","link":"https:\/\/carpathiacenter.ro\/en\/bolojan-intalnire-de-lucru-cu-reprezentantii-asociatiei-municipiilor-investitiile-pnrr-vor-continua-intr-o-maniera-planificata\/","title":{"rendered":"Bolojan &#8211; \u00eent\u00e2lnire de lucru cu reprezentan\u021bii Asocia\u021biei Municipiilor: Investi\u021biile PNRR vor continua \u00eentr-o manier\u0103 planificat\u0103"},"content":{"rendered":"<p><strong>Investi\u021biile din PNRR vor continua \u00eentr-o manier\u0103 &#8216;planificat\u0103&#8217;, astfel \u00eenc\u00e2t s\u0103 primeasc\u0103 finan\u021bare proiectele care vor fi finalizate p\u00e2n\u0103 la sf\u00e2r\u0219itul lunii august 2026, a afirmat, luni, premierul Ilie Bolojan.<\/strong><\/p>\n<p>El a avut luni, la Palatul Victoria, o nou\u0103 \u00eent\u00e2lnire de lucru cu reprezentan\u021bii Asocia\u021biei Municipiilor din Rom\u00e2nia, \u00een contextul consult\u0103rilor asupra reformei administra\u021biei publice locale \u0219i prioritiz\u0103rii proiectelor de investi\u021bii din fonduri publice.<\/p>\n<p>Potrivit unui comunicat al Guvernului, \u00een cadrul discu\u021biilor, au fost analizate propunerile primarilor de municipii \u0219i au fost clarificate o serie de aspecte referitoare la m\u0103surile de reform\u0103 administrativ\u0103, precum \u0219i la proiectul de ordonan\u021b\u0103 de urgen\u021b\u0103 privind gestionarea investi\u021biilor finan\u021bate prin Planul Na\u021bional de Redresare \u0219i Rezilien\u021b\u0103.<\/p>\n<p>&#8216;Investi\u021biile din PNRR vor continua \u00eentr-o manier\u0103 planificat\u0103, astfel \u00eenc\u00e2t s\u0103 ne asigur\u0103m c\u0103 vor primi finan\u021bare proiectele care vor fi finalizate p\u00e2n\u0103 la sf\u00e2r\u0219itul lunii august 2026, a\u0219a cum Rom\u00e2nia s-a angajat \u00een dialogul cu reprezentan\u021bii Comisiei Europene. Dup\u0103 ordonan\u021ba de urgen\u021b\u0103 pe care o vom aproba \u00een \u0219edin\u021b\u0103 de Guvern, ministerele care coordoneaz\u0103 gestionarea implement\u0103rii PNRR vor prezenta, dup\u0103 consult\u0103ri cu beneficiarii, lista proiectelor mature, pentru care lucr\u0103rile au fost \u00eencepute \u0219i care vor fi \u00een continuare finan\u021bate&#8217;, a afirmat Ilie Bolojan, citat \u00een comunicat.<\/p>\n<p>Prim-ministrul a ad\u0103ugat c\u0103 proiectele celelalte, pentru care nu va fi asigurat\u0103 finan\u021bare din PNRR \u0219i care nu vor putea fi finalizate p\u00e2n\u0103 la data de 31 august 2026, vor fi preluate pentru a fi sus\u021binute prin alte programe financiare fie europene, fie din fonduri na\u021bionale.<\/p>\n<p>Un alt subiect important al discu\u021biei s-a referit la reforma administra\u021biei publice locale, parte a celui de-al doilea pachet de m\u0103suri guvernamentale, a indicat Executivul.<\/p>\n<p>&#8216;Reprezentan\u021bii Guvernului \u0219i primarii de municipii au analizat aspectele legate de descentralizarea deciziilor, precum a celor legate de autorizarea jocurilor de noroc, dar \u0219i despre descentralizarea resursei umane. Reforma impozitului asupra propriet\u0103\u021bii, preluarea asisten\u021bilor personali ai persoanelor cu dizabilit\u0103\u021bi de c\u0103tre structurile descentralizate ale Ministerului Muncii, reducerea num\u0103rului de angaja\u021bi din administra\u021bia public\u0103 au fost, de asemenea, subiecte discutate \u00een cadrul \u00eent\u00e2lnirii de lucru de ast\u0103zi&#8217;, se arat\u0103 \u00een comunicat.<\/p>\n<p>La consult\u0103rile de la Palatul Victoria, al\u0103turi de prim-ministrul Ilie Bolojan, au participat din partea Guvernului vicepremierii Tanczos Barna \u0219i Marian Neac\u0219u, ministrul Investi\u021biilor \u0219i Proiectelor Europene, Drago\u0219 P\u00eeslaru, ministrul Finan\u021belor, Alexandru Nazare, \u0219i secretarul de stat din Ministerul Dezvolt\u0103rii, Lucr\u0103rilor Publice \u0219i Administra\u021biei Marin \u021aole.<\/p>\n<p>De asemenea, la \u00eent\u00e2lnirea cu reprezentan\u021bii Asocia\u021biei Municipiilor din Rom\u00e2nia a participat pre\u0219edintele UDMR, Kelemen Hunor. AGERPRES\/(AS &#8211; redactor: Daniel Florea, editor: Claudia St\u0103nescu, editor online: Simona Aru\u015ftei)<br \/>\n<br \/>\nSursa articolului:  <a href=\"https:\/\/agerpres.ro\/politic\/2025\/08\/18\/bolojan---intalnire-de-lucru-cu-reprezentantii-asociatiei-municipiilor-investitiile-pnrr-vor-continu--1476709\" target=\"_blank\" rel=\"noopener\" title=\"\">https:\/\/agerpres.ro\/politic\/2025\/08\/18\/bolojan&#8212;intalnire-de-lucru-cu-reprezentantii-asociatiei-municipiilor-investitiile-pnrr-vor-continu&#8211;1476709<\/a><\/p>","protected":false},"excerpt":{"rendered":"<p>Investi\u021biile din PNRR vor continua \u00eentr-o manier\u0103 &#8216;planificat\u0103&#8217;, astfel \u00eenc\u00e2t s\u0103 primeasc\u0103 finan\u021bare proiectele care vor fi finalizate p\u00e2n\u0103 la sf\u00e2r\u0219itul lunii august 2026, a afirmat, luni, premierul Ilie Bolojan. El a avut luni, la Palatul Victoria, o nou\u0103 \u00eent\u00e2lnire de lucru cu reprezentan\u021bii Asocia\u021biei Municipiilor din Rom\u00e2nia, \u00een contextul consult\u0103rilor asupra reformei administra\u021biei publice&#8230;<\/p>","protected":false},"author":4,"featured_media":2884,"comment_status":"open","ping_status":"open","sticky":false,"template":"","format":"standard","meta":{"footnotes":""},"categories":[1],"tags":[],"class_list":["post-2883","post","type-post","status-publish","format-standard","has-post-thumbnail","hentry","category-uncategorized"],"yoast_head":"<!-- This site is optimized with the Yoast SEO plugin v26.1.1 - https:\/\/yoast.com\/wordpress\/plugins\/seo\/ -->\n<title>Bolojan - \u00eent\u00e2lnire de lucru cu reprezentan\u021bii Asocia\u021biei Municipiilor: Investi\u021biile PNRR vor continua \u00eentr-o manier\u0103 planificat\u0103 - Carpathia Center Romania<\/title>\n<meta name=\"robots\" content=\"index, follow, max-snippet:-1, max-image-preview:large, max-video-preview:-1\" \/>\n<link rel=\"canonical\" href=\"https:\/\/carpathiacenter.ro\/en\/bolojan-intalnire-de-lucru-cu-reprezentantii-asociatiei-municipiilor-investitiile-pnrr-vor-continua-intr-o-maniera-planificata\/\" \/>\n<meta property=\"og:locale\" content=\"en_GB\" \/>\n<meta property=\"og:type\" content=\"article\" \/>\n<meta property=\"og:title\" content=\"Bolojan - \u00eent\u00e2lnire de lucru cu reprezentan\u021bii Asocia\u021biei Municipiilor: Investi\u021biile PNRR vor continua \u00eentr-o manier\u0103 planificat\u0103 - Carpathia Center Romania\" \/>\n<meta property=\"og:description\" content=\"Investi\u021biile din PNRR vor continua \u00eentr-o manier\u0103 &#8216;planificat\u0103&#8217;, astfel \u00eenc\u00e2t s\u0103 primeasc\u0103 finan\u021bare proiectele care vor fi finalizate p\u00e2n\u0103 la sf\u00e2r\u0219itul lunii august 2026, a afirmat, luni, premierul Ilie Bolojan. El a avut luni, la Palatul Victoria, o nou\u0103 \u00eent\u00e2lnire de lucru cu reprezentan\u021bii Asocia\u021biei Municipiilor din Rom\u00e2nia, \u00een contextul consult\u0103rilor asupra reformei administra\u021biei publice...\" \/>\n<meta property=\"og:url\" content=\"https:\/\/carpathiacenter.ro\/en\/bolojan-intalnire-de-lucru-cu-reprezentantii-asociatiei-municipiilor-investitiile-pnrr-vor-continua-intr-o-maniera-planificata\/\" \/>\n<meta property=\"og:site_name\" content=\"Carpathia Center Romania\" \/>\n<meta property=\"article:publisher\" content=\"https:\/\/www.facebook.com\/fdpscarpathia\/\" \/>\n<meta property=\"article:published_time\" content=\"2025-08-19T08:00:17+00:00\" \/>\n<meta property=\"og:image\" content=\"https:\/\/carpathiacenter.ro\/wp-content\/uploads\/2025\/08\/intalnire-de-lucru-cu-reprezentantii-Asociatiei-Municipiilor.webp\" \/>\n\t<meta property=\"og:image:width\" content=\"300\" \/>\n\t<meta property=\"og:image:height\" content=\"200\" \/>\n\t<meta property=\"og:image:type\" content=\"image\/webp\" \/>\n<meta name=\"author\" content=\"creativebitsolutions\" \/>\n<meta name=\"twitter:card\" content=\"summary_large_image\" \/>\n<meta name=\"twitter:label1\" content=\"Written by\" \/>\n\t<meta name=\"twitter:data1\" content=\"creativebitsolutions\" \/>\n\t<meta name=\"twitter:label2\" content=\"Estimated reading time\" \/>\n\t<meta name=\"twitter:data2\" content=\"2 minutes\" \/>\n<script type=\"application\/ld+json\" class=\"yoast-schema-graph\">{\"@context\":\"https:\/\/schema.org\",\"@graph\":[{\"@type\":\"Article\",\"@id\":\"https:\/\/carpathiacenter.ro\/bolojan-intalnire-de-lucru-cu-reprezentantii-asociatiei-municipiilor-investitiile-pnrr-vor-continua-intr-o-maniera-planificata\/#article\",\"isPartOf\":{\"@id\":\"https:\/\/carpathiacenter.ro\/bolojan-intalnire-de-lucru-cu-reprezentantii-asociatiei-municipiilor-investitiile-pnrr-vor-continua-intr-o-maniera-planificata\/\"},\"author\":{\"name\":\"creativebitsolutions\",\"@id\":\"https:\/\/carpathiacenter.ro\/#\/schema\/person\/03d9f58202fee8379268f34afa195006\"},\"headline\":\"Bolojan &#8211; \u00eent\u00e2lnire de lucru cu reprezentan\u021bii Asocia\u021biei Municipiilor: Investi\u021biile PNRR vor continua \u00eentr-o manier\u0103 planificat\u0103\",\"datePublished\":\"2025-08-19T08:00:17+00:00\",\"mainEntityOfPage\":{\"@id\":\"https:\/\/carpathiacenter.ro\/bolojan-intalnire-de-lucru-cu-reprezentantii-asociatiei-municipiilor-investitiile-pnrr-vor-continua-intr-o-maniera-planificata\/\"},\"wordCount\":506,\"commentCount\":0,\"publisher\":{\"@id\":\"https:\/\/carpathiacenter.ro\/#organization\"},\"image\":{\"@id\":\"https:\/\/carpathiacenter.ro\/bolojan-intalnire-de-lucru-cu-reprezentantii-asociatiei-municipiilor-investitiile-pnrr-vor-continua-intr-o-maniera-planificata\/#primaryimage\"},\"thumbnailUrl\":\"https:\/\/carpathiacenter.ro\/wp-content\/uploads\/2025\/08\/intalnire-de-lucru-cu-reprezentantii-Asociatiei-Municipiilor.webp\",\"articleSection\":[\"Uncategorized\"],\"inLanguage\":\"en-GB\",\"potentialAction\":[{\"@type\":\"CommentAction\",\"name\":\"Comment\",\"target\":[\"https:\/\/carpathiacenter.ro\/bolojan-intalnire-de-lucru-cu-reprezentantii-asociatiei-municipiilor-investitiile-pnrr-vor-continua-intr-o-maniera-planificata\/#respond\"]}]},{\"@type\":\"WebPage\",\"@id\":\"https:\/\/carpathiacenter.ro\/bolojan-intalnire-de-lucru-cu-reprezentantii-asociatiei-municipiilor-investitiile-pnrr-vor-continua-intr-o-maniera-planificata\/\",\"url\":\"https:\/\/carpathiacenter.ro\/bolojan-intalnire-de-lucru-cu-reprezentantii-asociatiei-municipiilor-investitiile-pnrr-vor-continua-intr-o-maniera-planificata\/\",\"name\":\"Bolojan - \u00eent\u00e2lnire de lucru cu reprezentan\u021bii Asocia\u021biei Municipiilor: Investi\u021biile PNRR vor continua \u00eentr-o manier\u0103 planificat\u0103 - Carpathia Center Romania\",\"isPartOf\":{\"@id\":\"https:\/\/carpathiacenter.ro\/#website\"},\"primaryImageOfPage\":{\"@id\":\"https:\/\/carpathiacenter.ro\/bolojan-intalnire-de-lucru-cu-reprezentantii-asociatiei-municipiilor-investitiile-pnrr-vor-continua-intr-o-maniera-planificata\/#primaryimage\"},\"image\":{\"@id\":\"https:\/\/carpathiacenter.ro\/bolojan-intalnire-de-lucru-cu-reprezentantii-asociatiei-municipiilor-investitiile-pnrr-vor-continua-intr-o-maniera-planificata\/#primaryimage\"},\"thumbnailUrl\":\"https:\/\/carpathiacenter.ro\/wp-content\/uploads\/2025\/08\/intalnire-de-lucru-cu-reprezentantii-Asociatiei-Municipiilor.webp\",\"datePublished\":\"2025-08-19T08:00:17+00:00\",\"breadcrumb\":{\"@id\":\"https:\/\/carpathiacenter.ro\/bolojan-intalnire-de-lucru-cu-reprezentantii-asociatiei-municipiilor-investitiile-pnrr-vor-continua-intr-o-maniera-planificata\/#breadcrumb\"},\"inLanguage\":\"en-GB\",\"potentialAction\":[{\"@type\":\"ReadAction\",\"target\":[\"https:\/\/carpathiacenter.ro\/bolojan-intalnire-de-lucru-cu-reprezentantii-asociatiei-municipiilor-investitiile-pnrr-vor-continua-intr-o-maniera-planificata\/\"]}]},{\"@type\":\"ImageObject\",\"inLanguage\":\"en-GB\",\"@id\":\"https:\/\/carpathiacenter.ro\/bolojan-intalnire-de-lucru-cu-reprezentantii-asociatiei-municipiilor-investitiile-pnrr-vor-continua-intr-o-maniera-planificata\/#primaryimage\",\"url\":\"https:\/\/carpathiacenter.ro\/wp-content\/uploads\/2025\/08\/intalnire-de-lucru-cu-reprezentantii-Asociatiei-Municipiilor.webp\",\"contentUrl\":\"https:\/\/carpathiacenter.ro\/wp-content\/uploads\/2025\/08\/intalnire-de-lucru-cu-reprezentantii-Asociatiei-Municipiilor.webp\",\"width\":300,\"height\":200},{\"@type\":\"BreadcrumbList\",\"@id\":\"https:\/\/carpathiacenter.ro\/bolojan-intalnire-de-lucru-cu-reprezentantii-asociatiei-municipiilor-investitiile-pnrr-vor-continua-intr-o-maniera-planificata\/#breadcrumb\",\"itemListElement\":[{\"@type\":\"ListItem\",\"position\":1,\"name\":\"Prima pagin\u0103\",\"item\":\"https:\/\/carpathiacenter.ro\/\"},{\"@type\":\"ListItem\",\"position\":2,\"name\":\"Bolojan &#8211; \u00eent\u00e2lnire de lucru cu reprezentan\u021bii Asocia\u021biei Municipiilor: Investi\u021biile PNRR vor continua \u00eentr-o manier\u0103 planificat\u0103\"}]},{\"@type\":\"WebSite\",\"@id\":\"https:\/\/carpathiacenter.ro\/#website\",\"url\":\"https:\/\/carpathiacenter.ro\/\",\"name\":\"Carpathia Center Romania\",\"description\":\"Impossible made possible!\",\"publisher\":{\"@id\":\"https:\/\/carpathiacenter.ro\/#organization\"},\"potentialAction\":[{\"@type\":\"SearchAction\",\"target\":{\"@type\":\"EntryPoint\",\"urlTemplate\":\"https:\/\/carpathiacenter.ro\/?s={search_term_string}\"},\"query-input\":{\"@type\":\"PropertyValueSpecification\",\"valueRequired\":true,\"valueName\":\"search_term_string\"}}],\"inLanguage\":\"en-GB\"},{\"@type\":\"Organization\",\"@id\":\"https:\/\/carpathiacenter.ro\/#organization\",\"name\":\"Carpathia Center Romania\",\"url\":\"https:\/\/carpathiacenter.ro\/\",\"logo\":{\"@type\":\"ImageObject\",\"inLanguage\":\"en-GB\",\"@id\":\"https:\/\/carpathiacenter.ro\/#\/schema\/logo\/image\/\",\"url\":\"https:\/\/carpathiacenter.ro\/wp-content\/uploads\/2024\/07\/logo-carpathia_bg_white-1024x941.png\",\"contentUrl\":\"https:\/\/carpathiacenter.ro\/wp-content\/uploads\/2024\/07\/logo-carpathia_bg_white-1024x941.png\",\"width\":1024,\"height\":941,\"caption\":\"Carpathia Center Romania\"},\"image\":{\"@id\":\"https:\/\/carpathiacenter.ro\/#\/schema\/logo\/image\/\"},\"sameAs\":[\"https:\/\/www.facebook.com\/fdpscarpathia\/\"]},{\"@type\":\"Person\",\"@id\":\"https:\/\/carpathiacenter.ro\/#\/schema\/person\/03d9f58202fee8379268f34afa195006\",\"name\":\"creativebitsolutions\",\"image\":{\"@type\":\"ImageObject\",\"inLanguage\":\"en-GB\",\"@id\":\"https:\/\/carpathiacenter.ro\/#\/schema\/person\/image\/\",\"url\":\"https:\/\/secure.gravatar.com\/avatar\/1b1a13e37f847c635dab78348f1dff2f07651ee2a3d77a5c355a4b8c75f9165a?s=96&d=mm&r=g\",\"contentUrl\":\"https:\/\/secure.gravatar.com\/avatar\/1b1a13e37f847c635dab78348f1dff2f07651ee2a3d77a5c355a4b8c75f9165a?s=96&d=mm&r=g\",\"caption\":\"creativebitsolutions\"},\"url\":\"https:\/\/carpathiacenter.ro\/en\/author\/creativebitsolutions\/\"}]}<\/script>\n<!-- \/ Yoast SEO plugin. -->","yoast_head_json":{"title":"Bolojan - \u00eent\u00e2lnire de lucru cu reprezentan\u021bii Asocia\u021biei Municipiilor: Investi\u021biile PNRR vor continua \u00eentr-o manier\u0103 planificat\u0103 - Carpathia Center Romania","robots":{"index":"index","follow":"follow","max-snippet":"max-snippet:-1","max-image-preview":"max-image-preview:large","max-video-preview":"max-video-preview:-1"},"canonical":"https:\/\/carpathiacenter.ro\/en\/bolojan-intalnire-de-lucru-cu-reprezentantii-asociatiei-municipiilor-investitiile-pnrr-vor-continua-intr-o-maniera-planificata\/","og_locale":"en_GB","og_type":"article","og_title":"Bolojan - \u00eent\u00e2lnire de lucru cu reprezentan\u021bii Asocia\u021biei Municipiilor: Investi\u021biile PNRR vor continua \u00eentr-o manier\u0103 planificat\u0103 - Carpathia Center Romania","og_description":"Investi\u021biile din PNRR vor continua \u00eentr-o manier\u0103 &#8216;planificat\u0103&#8217;, astfel \u00eenc\u00e2t s\u0103 primeasc\u0103 finan\u021bare proiectele care vor fi finalizate p\u00e2n\u0103 la sf\u00e2r\u0219itul lunii august 2026, a afirmat, luni, premierul Ilie Bolojan. El a avut luni, la Palatul Victoria, o nou\u0103 \u00eent\u00e2lnire de lucru cu reprezentan\u021bii Asocia\u021biei Municipiilor din Rom\u00e2nia, \u00een contextul consult\u0103rilor asupra reformei administra\u021biei publice...","og_url":"https:\/\/carpathiacenter.ro\/en\/bolojan-intalnire-de-lucru-cu-reprezentantii-asociatiei-municipiilor-investitiile-pnrr-vor-continua-intr-o-maniera-planificata\/","og_site_name":"Carpathia Center Romania","article_publisher":"https:\/\/www.facebook.com\/fdpscarpathia\/","article_published_time":"2025-08-19T08:00:17+00:00","og_image":[{"width":300,"height":200,"url":"https:\/\/carpathiacenter.ro\/wp-content\/uploads\/2025\/08\/intalnire-de-lucru-cu-reprezentantii-Asociatiei-Municipiilor.webp","type":"image\/webp"}],"author":"creativebitsolutions","twitter_card":"summary_large_image","twitter_misc":{"Written by":"creativebitsolutions","Estimated reading time":"2 minutes"},"schema":{"@context":"https:\/\/schema.org","@graph":[{"@type":"Article","@id":"https:\/\/carpathiacenter.ro\/bolojan-intalnire-de-lucru-cu-reprezentantii-asociatiei-municipiilor-investitiile-pnrr-vor-continua-intr-o-maniera-planificata\/#article","isPartOf":{"@id":"https:\/\/carpathiacenter.ro\/bolojan-intalnire-de-lucru-cu-reprezentantii-asociatiei-municipiilor-investitiile-pnrr-vor-continua-intr-o-maniera-planificata\/"},"author":{"name":"creativebitsolutions","@id":"https:\/\/carpathiacenter.ro\/#\/schema\/person\/03d9f58202fee8379268f34afa195006"},"headline":"Bolojan &#8211; \u00eent\u00e2lnire de lucru cu reprezentan\u021bii Asocia\u021biei Municipiilor: Investi\u021biile PNRR vor continua \u00eentr-o manier\u0103 planificat\u0103","datePublished":"2025-08-19T08:00:17+00:00","mainEntityOfPage":{"@id":"https:\/\/carpathiacenter.ro\/bolojan-intalnire-de-lucru-cu-reprezentantii-asociatiei-municipiilor-investitiile-pnrr-vor-continua-intr-o-maniera-planificata\/"},"wordCount":506,"commentCount":0,"publisher":{"@id":"https:\/\/carpathiacenter.ro\/#organization"},"image":{"@id":"https:\/\/carpathiacenter.ro\/bolojan-intalnire-de-lucru-cu-reprezentantii-asociatiei-municipiilor-investitiile-pnrr-vor-continua-intr-o-maniera-planificata\/#primaryimage"},"thumbnailUrl":"https:\/\/carpathiacenter.ro\/wp-content\/uploads\/2025\/08\/intalnire-de-lucru-cu-reprezentantii-Asociatiei-Municipiilor.webp","articleSection":["Uncategorized"],"inLanguage":"en-GB","potentialAction":[{"@type":"CommentAction","name":"Comment","target":["https:\/\/carpathiacenter.ro\/bolojan-intalnire-de-lucru-cu-reprezentantii-asociatiei-municipiilor-investitiile-pnrr-vor-continua-intr-o-maniera-planificata\/#respond"]}]},{"@type":"WebPage","@id":"https:\/\/carpathiacenter.ro\/bolojan-intalnire-de-lucru-cu-reprezentantii-asociatiei-municipiilor-investitiile-pnrr-vor-continua-intr-o-maniera-planificata\/","url":"https:\/\/carpathiacenter.ro\/bolojan-intalnire-de-lucru-cu-reprezentantii-asociatiei-municipiilor-investitiile-pnrr-vor-continua-intr-o-maniera-planificata\/","name":"Bolojan - \u00eent\u00e2lnire de lucru cu reprezentan\u021bii Asocia\u021biei Municipiilor: Investi\u021biile PNRR vor continua \u00eentr-o manier\u0103 planificat\u0103 - Carpathia Center Romania","isPartOf":{"@id":"https:\/\/carpathiacenter.ro\/#website"},"primaryImageOfPage":{"@id":"https:\/\/carpathiacenter.ro\/bolojan-intalnire-de-lucru-cu-reprezentantii-asociatiei-municipiilor-investitiile-pnrr-vor-continua-intr-o-maniera-planificata\/#primaryimage"},"image":{"@id":"https:\/\/carpathiacenter.ro\/bolojan-intalnire-de-lucru-cu-reprezentantii-asociatiei-municipiilor-investitiile-pnrr-vor-continua-intr-o-maniera-planificata\/#primaryimage"},"thumbnailUrl":"https:\/\/carpathiacenter.ro\/wp-content\/uploads\/2025\/08\/intalnire-de-lucru-cu-reprezentantii-Asociatiei-Municipiilor.webp","datePublished":"2025-08-19T08:00:17+00:00","breadcrumb":{"@id":"https:\/\/carpathiacenter.ro\/bolojan-intalnire-de-lucru-cu-reprezentantii-asociatiei-municipiilor-investitiile-pnrr-vor-continua-intr-o-maniera-planificata\/#breadcrumb"},"inLanguage":"en-GB","potentialAction":[{"@type":"ReadAction","target":["https:\/\/carpathiacenter.ro\/bolojan-intalnire-de-lucru-cu-reprezentantii-asociatiei-municipiilor-investitiile-pnrr-vor-continua-intr-o-maniera-planificata\/"]}]},{"@type":"ImageObject","inLanguage":"en-GB","@id":"https:\/\/carpathiacenter.ro\/bolojan-intalnire-de-lucru-cu-reprezentantii-asociatiei-municipiilor-investitiile-pnrr-vor-continua-intr-o-maniera-planificata\/#primaryimage","url":"https:\/\/carpathiacenter.ro\/wp-content\/uploads\/2025\/08\/intalnire-de-lucru-cu-reprezentantii-Asociatiei-Municipiilor.webp","contentUrl":"https:\/\/carpathiacenter.ro\/wp-content\/uploads\/2025\/08\/intalnire-de-lucru-cu-reprezentantii-Asociatiei-Municipiilor.webp","width":300,"height":200},{"@type":"BreadcrumbList","@id":"https:\/\/carpathiacenter.ro\/bolojan-intalnire-de-lucru-cu-reprezentantii-asociatiei-municipiilor-investitiile-pnrr-vor-continua-intr-o-maniera-planificata\/#breadcrumb","itemListElement":[{"@type":"ListItem","position":1,"name":"Prima pagin\u0103","item":"https:\/\/carpathiacenter.ro\/"},{"@type":"ListItem","position":2,"name":"Bolojan &#8211; \u00eent\u00e2lnire de lucru cu reprezentan\u021bii Asocia\u021biei Municipiilor: Investi\u021biile PNRR vor continua \u00eentr-o manier\u0103 planificat\u0103"}]},{"@type":"WebSite","@id":"https:\/\/carpathiacenter.ro\/#website","url":"https:\/\/carpathiacenter.ro\/","name":"Carpathia Center Romania","description":"Impossible made possible!","publisher":{"@id":"https:\/\/carpathiacenter.ro\/#organization"},"potentialAction":[{"@type":"SearchAction","target":{"@type":"EntryPoint","urlTemplate":"https:\/\/carpathiacenter.ro\/?s={search_term_string}"},"query-input":{"@type":"PropertyValueSpecification","valueRequired":true,"valueName":"search_term_string"}}],"inLanguage":"en-GB"},{"@type":"Organization","@id":"https:\/\/carpathiacenter.ro\/#organization","name":"Carpathia Center Romania","url":"https:\/\/carpathiacenter.ro\/","logo":{"@type":"ImageObject","inLanguage":"en-GB","@id":"https:\/\/carpathiacenter.ro\/#\/schema\/logo\/image\/","url":"https:\/\/carpathiacenter.ro\/wp-content\/uploads\/2024\/07\/logo-carpathia_bg_white-1024x941.png","contentUrl":"https:\/\/carpathiacenter.ro\/wp-content\/uploads\/2024\/07\/logo-carpathia_bg_white-1024x941.png","width":1024,"height":941,"caption":"Carpathia Center Romania"},"image":{"@id":"https:\/\/carpathiacenter.ro\/#\/schema\/logo\/image\/"},"sameAs":["https:\/\/www.facebook.com\/fdpscarpathia\/"]},{"@type":"Person","@id":"https:\/\/carpathiacenter.ro\/#\/schema\/person\/03d9f58202fee8379268f34afa195006","name":"creativebitsolutions","image":{"@type":"ImageObject","inLanguage":"en-GB","@id":"https:\/\/carpathiacenter.ro\/#\/schema\/person\/image\/","url":"https:\/\/secure.gravatar.com\/avatar\/1b1a13e37f847c635dab78348f1dff2f07651ee2a3d77a5c355a4b8c75f9165a?s=96&d=mm&r=g","contentUrl":"https:\/\/secure.gravatar.com\/avatar\/1b1a13e37f847c635dab78348f1dff2f07651ee2a3d77a5c355a4b8c75f9165a?s=96&d=mm&r=g","caption":"creativebitsolutions"},"url":"https:\/\/carpathiacenter.ro\/en\/author\/creativebitsolutions\/"}]}},"_links":{"self":[{"href":"https:\/\/carpathiacenter.ro\/en\/wp-json\/wp\/v2\/posts\/2883","targetHints":{"allow":["GET"]}}],"collection":[{"href":"https:\/\/carpathiacenter.ro\/en\/wp-json\/wp\/v2\/posts"}],"about":[{"href":"https:\/\/carpathiacenter.ro\/en\/wp-json\/wp\/v2\/types\/post"}],"author":[{"embeddable":true,"href":"https:\/\/carpathiacenter.ro\/en\/wp-json\/wp\/v2\/users\/4"}],"replies":[{"embeddable":true,"href":"https:\/\/carpathiacenter.ro\/en\/wp-json\/wp\/v2\/comments?post=2883"}],"version-history":[{"count":1,"href":"https:\/\/carpathiacenter.ro\/en\/wp-json\/wp\/v2\/posts\/2883\/revisions"}],"predecessor-version":[{"id":2885,"href":"https:\/\/carpathiacenter.ro\/en\/wp-json\/wp\/v2\/posts\/2883\/revisions\/2885"}],"wp:featuredmedia":[{"embeddable":true,"href":"https:\/\/carpathiacenter.ro\/en\/wp-json\/wp\/v2\/media\/2884"}],"wp:attachment":[{"href":"https:\/\/carpathiacenter.ro\/en\/wp-json\/wp\/v2\/media?parent=2883"}],"wp:term":[{"taxonomy":"category","embeddable":true,"href":"https:\/\/carpathiacenter.ro\/en\/wp-json\/wp\/v2\/categories?post=2883"},{"taxonomy":"post_tag","embeddable":true,"href":"https:\/\/carpathiacenter.ro\/en\/wp-json\/wp\/v2\/tags?post=2883"}],"curies":[{"name":"wp","href":"https:\/\/api.w.org\/{rel}","templated":true}]}}