{"id":2866,"date":"2025-08-14T08:58:10","date_gmt":"2025-08-14T08:58:10","guid":{"rendered":"https:\/\/carpathiacenter.ro\/?p=2866"},"modified":"2025-08-14T08:58:10","modified_gmt":"2025-08-14T08:58:10","slug":"bolojan-anul-acesta-nu-vom-mai-semna-contracte-noi-pe-anghel-saligny-cele-in-plata-esalonate","status":"publish","type":"post","link":"https:\/\/carpathiacenter.ro\/en\/bolojan-anul-acesta-nu-vom-mai-semna-contracte-noi-pe-anghel-saligny-cele-in-plata-esalonate\/","title":{"rendered":"Bolojan: Anul acesta nu vom mai semna contracte noi pe &#8216;Anghel Saligny&#8217;; cele \u00een plat\u0103 &#8211; e\u0219alonate"},"content":{"rendered":"<p>Premierul Ilie Bolojan a anun\u021bat c\u0103 anul acesta nu se vor mai semna contracte noi pe programul &#8216;Anghel Saligny&#8217;, iar cele care sunt \u00een prezent \u00een plat\u0103 vor fi e\u0219alonate pe urm\u0103torii 3 ani.<\/p>\n<p>&#8216;Deci, pe programul &#8216;Anghel Saligny&#8217; am avut mii de contracte \u00een fiecare localitate aproape \u0219i am avut \u0219i avem semnate contracte de aproximativ 52 de miliarde de lei, dintre care s-au dat \u00een plat\u0103 aproape jum\u0103tate, deci peste 20 de miliarde. \u0218i atunci, practic, \u00een fiecare localitate din Rom\u00e2nia, din banii guvernamentali se face c\u00e2te ceva. O strad\u0103 care se asfalteaz\u0103, pe care o v\u0103d oamenii, o re\u021bea de ap\u0103 sau de canalizare sau alte lucr\u0103ri de gaz, de exemplu, \u0219i \u00een felul acesta am \u00eenceput foarte multe lucr\u0103ri, f\u0103r\u0103 s\u0103 calcul\u0103m dac\u0103 avem banii s\u0103 acoperim cheltuielile care vin dinspre constructori \u00eentr-un timp de 2-3 ani de zile. \u0218i g\u00e2ndi\u021bi-v\u0103 c\u0103 nu avem ace\u0219ti bani. \u0218i atunci ce am decis? \u0218i \u00een aceste zile \u00eenchidem aceste decizii. Anul acesta nu vom mai semna contracte noi. Nu mai avem aceast\u0103 posibilitate. Iar contractele care sunt ast\u0103zi \u00een plat\u0103 vor fi e\u0219alonate \u00een urm\u0103torii 3 ani de zile&#8217;, a precizat Ilie Bolojan, miercuri sear\u0103, la Digi 24.<\/p>\n<p>El a explicat c\u0103 Guvernul nu mai are cum s\u0103 aloce at\u00e2\u021bia bani din bugetele na\u021bionale pentru aceste lucr\u0103ri.<\/p>\n<p>&#8216;Deci vom face o bugetare multianual\u0103 (&#8230;). Fiecare constructor, fiecare autoritate, prim\u0103rie, consiliu jude\u021bean, va \u0219ti c\u00e2\u021bi bani \u00eei revin \u0219i va putea s\u0103-\u0219i dimensioneze lucrarea \u0219i ritmul de lucr\u0103ri \u00een a\u0219a fel \u00eenc\u00e2t s\u0103 le \u00eenchid\u0103. Dac\u0103 vor s\u0103 le fac\u0103 mai repede, vor putea s\u0103 ia credite \u0219i cu ratele care sunt garantate de Guvern, cu aceast\u0103 e\u0219alonare pe 3 ani de zile, vor putea s\u0103-\u0219i acopere aceste credite. Dar nu putem s\u0103 le promitem la primari \u0219i la pre\u0219edin\u021bii de consilii jude\u021bene c\u0103 anul acesta se va dubla bugetul care s-a consumat practic imediat ce am ajuns la jum\u0103tatea anului&#8217;, a ar\u0103tat Bolojan. AGERPRES\/(A, AS &#8211; redactor: Daniel Florea, editor: Georgiana T\u0103n\u0103sescu, editor online: Alexandru Cojocaru)<br \/>\n<br \/>\nSursa articolului:  <a href=\"https:\/\/agerpres.ro\/politic\/2025\/08\/13\/bolojan-anul-acesta-nu-vom-mai-semna-contracte-noi-pe-anghel-saligny-cele-in-plata---esalonate--1475768\" target=\"\\_blank\" rel=\"noopener\" title=\"\">https:\/\/agerpres.ro\/politic\/2025\/08\/13\/bolojan-anul-acesta-nu-vom-mai-semna-contracte-noi-pe-anghel-saligny-cele-in-plata&#8212;esalonate&#8211;1475768<\/a><\/p>","protected":false},"excerpt":{"rendered":"<p>Premierul Ilie Bolojan a anun\u021bat c\u0103 anul acesta nu se vor mai semna contracte noi pe programul &#8216;Anghel Saligny&#8217;, iar cele care sunt \u00een prezent \u00een plat\u0103 vor fi e\u0219alonate pe urm\u0103torii 3 ani. &#8216;Deci, pe programul &#8216;Anghel Saligny&#8217; am avut mii de contracte \u00een fiecare localitate aproape \u0219i am avut \u0219i avem semnate contracte&#8230;<\/p>","protected":false},"author":4,"featured_media":2752,"comment_status":"open","ping_status":"open","sticky":false,"template":"","format":"standard","meta":{"footnotes":""},"categories":[1],"tags":[],"class_list":["post-2866","post","type-post","status-publish","format-standard","has-post-thumbnail","hentry","category-uncategorized"],"yoast_head":"<!-- This site is optimized with the Yoast SEO plugin v26.1.1 - https:\/\/yoast.com\/wordpress\/plugins\/seo\/ -->\n<title>Bolojan: Anul acesta nu vom mai semna contracte noi pe &#039;Anghel Saligny&#039;; cele \u00een plat\u0103 - e\u0219alonate - Carpathia Center Romania<\/title>\n<meta name=\"robots\" content=\"index, follow, max-snippet:-1, max-image-preview:large, max-video-preview:-1\" \/>\n<link rel=\"canonical\" href=\"https:\/\/carpathiacenter.ro\/en\/bolojan-anul-acesta-nu-vom-mai-semna-contracte-noi-pe-anghel-saligny-cele-in-plata-esalonate\/\" \/>\n<meta property=\"og:locale\" content=\"en_GB\" \/>\n<meta property=\"og:type\" content=\"article\" \/>\n<meta property=\"og:title\" content=\"Bolojan: Anul acesta nu vom mai semna contracte noi pe &#039;Anghel Saligny&#039;; cele \u00een plat\u0103 - e\u0219alonate - Carpathia Center Romania\" \/>\n<meta property=\"og:description\" content=\"Premierul Ilie Bolojan a anun\u021bat c\u0103 anul acesta nu se vor mai semna contracte noi pe programul &#8216;Anghel Saligny&#8217;, iar cele care sunt \u00een prezent \u00een plat\u0103 vor fi e\u0219alonate pe urm\u0103torii 3 ani. &#8216;Deci, pe programul &#8216;Anghel Saligny&#8217; am avut mii de contracte \u00een fiecare localitate aproape \u0219i am avut \u0219i avem semnate contracte...\" \/>\n<meta property=\"og:url\" content=\"https:\/\/carpathiacenter.ro\/en\/bolojan-anul-acesta-nu-vom-mai-semna-contracte-noi-pe-anghel-saligny-cele-in-plata-esalonate\/\" \/>\n<meta property=\"og:site_name\" content=\"Carpathia Center Romania\" \/>\n<meta property=\"article:publisher\" content=\"https:\/\/www.facebook.com\/fdpscarpathia\/\" \/>\n<meta property=\"article:published_time\" content=\"2025-08-14T08:58:10+00:00\" \/>\n<meta property=\"og:image\" content=\"https:\/\/carpathiacenter.ro\/wp-content\/uploads\/2025\/07\/ilie-bolojan.jpg\" \/>\n\t<meta property=\"og:image:width\" content=\"1600\" \/>\n\t<meta property=\"og:image:height\" content=\"1068\" \/>\n\t<meta property=\"og:image:type\" content=\"image\/jpeg\" \/>\n<meta name=\"author\" content=\"creativebitsolutions\" \/>\n<meta name=\"twitter:card\" content=\"summary_large_image\" \/>\n<meta name=\"twitter:label1\" content=\"Written by\" \/>\n\t<meta name=\"twitter:data1\" content=\"creativebitsolutions\" \/>\n\t<meta name=\"twitter:label2\" content=\"Estimated reading time\" \/>\n\t<meta name=\"twitter:data2\" content=\"2 minutes\" \/>\n<script type=\"application\/ld+json\" class=\"yoast-schema-graph\">{\"@context\":\"https:\/\/schema.org\",\"@graph\":[{\"@type\":\"Article\",\"@id\":\"https:\/\/carpathiacenter.ro\/bolojan-anul-acesta-nu-vom-mai-semna-contracte-noi-pe-anghel-saligny-cele-in-plata-esalonate\/#article\",\"isPartOf\":{\"@id\":\"https:\/\/carpathiacenter.ro\/bolojan-anul-acesta-nu-vom-mai-semna-contracte-noi-pe-anghel-saligny-cele-in-plata-esalonate\/\"},\"author\":{\"name\":\"creativebitsolutions\",\"@id\":\"https:\/\/carpathiacenter.ro\/#\/schema\/person\/03d9f58202fee8379268f34afa195006\"},\"headline\":\"Bolojan: Anul acesta nu vom mai semna contracte noi pe &#8216;Anghel Saligny&#8217;; cele \u00een plat\u0103 &#8211; e\u0219alonate\",\"datePublished\":\"2025-08-14T08:58:10+00:00\",\"mainEntityOfPage\":{\"@id\":\"https:\/\/carpathiacenter.ro\/bolojan-anul-acesta-nu-vom-mai-semna-contracte-noi-pe-anghel-saligny-cele-in-plata-esalonate\/\"},\"wordCount\":396,\"commentCount\":0,\"publisher\":{\"@id\":\"https:\/\/carpathiacenter.ro\/#organization\"},\"image\":{\"@id\":\"https:\/\/carpathiacenter.ro\/bolojan-anul-acesta-nu-vom-mai-semna-contracte-noi-pe-anghel-saligny-cele-in-plata-esalonate\/#primaryimage\"},\"thumbnailUrl\":\"https:\/\/carpathiacenter.ro\/wp-content\/uploads\/2025\/07\/ilie-bolojan.jpg\",\"articleSection\":[\"Uncategorized\"],\"inLanguage\":\"en-GB\",\"potentialAction\":[{\"@type\":\"CommentAction\",\"name\":\"Comment\",\"target\":[\"https:\/\/carpathiacenter.ro\/bolojan-anul-acesta-nu-vom-mai-semna-contracte-noi-pe-anghel-saligny-cele-in-plata-esalonate\/#respond\"]}]},{\"@type\":\"WebPage\",\"@id\":\"https:\/\/carpathiacenter.ro\/bolojan-anul-acesta-nu-vom-mai-semna-contracte-noi-pe-anghel-saligny-cele-in-plata-esalonate\/\",\"url\":\"https:\/\/carpathiacenter.ro\/bolojan-anul-acesta-nu-vom-mai-semna-contracte-noi-pe-anghel-saligny-cele-in-plata-esalonate\/\",\"name\":\"Bolojan: Anul acesta nu vom mai semna contracte noi pe 'Anghel Saligny'; cele \u00een plat\u0103 - e\u0219alonate - Carpathia Center Romania\",\"isPartOf\":{\"@id\":\"https:\/\/carpathiacenter.ro\/#website\"},\"primaryImageOfPage\":{\"@id\":\"https:\/\/carpathiacenter.ro\/bolojan-anul-acesta-nu-vom-mai-semna-contracte-noi-pe-anghel-saligny-cele-in-plata-esalonate\/#primaryimage\"},\"image\":{\"@id\":\"https:\/\/carpathiacenter.ro\/bolojan-anul-acesta-nu-vom-mai-semna-contracte-noi-pe-anghel-saligny-cele-in-plata-esalonate\/#primaryimage\"},\"thumbnailUrl\":\"https:\/\/carpathiacenter.ro\/wp-content\/uploads\/2025\/07\/ilie-bolojan.jpg\",\"datePublished\":\"2025-08-14T08:58:10+00:00\",\"breadcrumb\":{\"@id\":\"https:\/\/carpathiacenter.ro\/bolojan-anul-acesta-nu-vom-mai-semna-contracte-noi-pe-anghel-saligny-cele-in-plata-esalonate\/#breadcrumb\"},\"inLanguage\":\"en-GB\",\"potentialAction\":[{\"@type\":\"ReadAction\",\"target\":[\"https:\/\/carpathiacenter.ro\/bolojan-anul-acesta-nu-vom-mai-semna-contracte-noi-pe-anghel-saligny-cele-in-plata-esalonate\/\"]}]},{\"@type\":\"ImageObject\",\"inLanguage\":\"en-GB\",\"@id\":\"https:\/\/carpathiacenter.ro\/bolojan-anul-acesta-nu-vom-mai-semna-contracte-noi-pe-anghel-saligny-cele-in-plata-esalonate\/#primaryimage\",\"url\":\"https:\/\/carpathiacenter.ro\/wp-content\/uploads\/2025\/07\/ilie-bolojan.jpg\",\"contentUrl\":\"https:\/\/carpathiacenter.ro\/wp-content\/uploads\/2025\/07\/ilie-bolojan.jpg\",\"width\":1600,\"height\":1068},{\"@type\":\"BreadcrumbList\",\"@id\":\"https:\/\/carpathiacenter.ro\/bolojan-anul-acesta-nu-vom-mai-semna-contracte-noi-pe-anghel-saligny-cele-in-plata-esalonate\/#breadcrumb\",\"itemListElement\":[{\"@type\":\"ListItem\",\"position\":1,\"name\":\"Prima pagin\u0103\",\"item\":\"https:\/\/carpathiacenter.ro\/\"},{\"@type\":\"ListItem\",\"position\":2,\"name\":\"Bolojan: Anul acesta nu vom mai semna contracte noi pe &#8216;Anghel Saligny&#8217;; cele \u00een plat\u0103 &#8211; e\u0219alonate\"}]},{\"@type\":\"WebSite\",\"@id\":\"https:\/\/carpathiacenter.ro\/#website\",\"url\":\"https:\/\/carpathiacenter.ro\/\",\"name\":\"Carpathia Center Romania\",\"description\":\"Impossible made possible!\",\"publisher\":{\"@id\":\"https:\/\/carpathiacenter.ro\/#organization\"},\"potentialAction\":[{\"@type\":\"SearchAction\",\"target\":{\"@type\":\"EntryPoint\",\"urlTemplate\":\"https:\/\/carpathiacenter.ro\/?s={search_term_string}\"},\"query-input\":{\"@type\":\"PropertyValueSpecification\",\"valueRequired\":true,\"valueName\":\"search_term_string\"}}],\"inLanguage\":\"en-GB\"},{\"@type\":\"Organization\",\"@id\":\"https:\/\/carpathiacenter.ro\/#organization\",\"name\":\"Carpathia Center Romania\",\"url\":\"https:\/\/carpathiacenter.ro\/\",\"logo\":{\"@type\":\"ImageObject\",\"inLanguage\":\"en-GB\",\"@id\":\"https:\/\/carpathiacenter.ro\/#\/schema\/logo\/image\/\",\"url\":\"https:\/\/carpathiacenter.ro\/wp-content\/uploads\/2024\/07\/logo-carpathia_bg_white-1024x941.png\",\"contentUrl\":\"https:\/\/carpathiacenter.ro\/wp-content\/uploads\/2024\/07\/logo-carpathia_bg_white-1024x941.png\",\"width\":1024,\"height\":941,\"caption\":\"Carpathia Center Romania\"},\"image\":{\"@id\":\"https:\/\/carpathiacenter.ro\/#\/schema\/logo\/image\/\"},\"sameAs\":[\"https:\/\/www.facebook.com\/fdpscarpathia\/\"]},{\"@type\":\"Person\",\"@id\":\"https:\/\/carpathiacenter.ro\/#\/schema\/person\/03d9f58202fee8379268f34afa195006\",\"name\":\"creativebitsolutions\",\"image\":{\"@type\":\"ImageObject\",\"inLanguage\":\"en-GB\",\"@id\":\"https:\/\/carpathiacenter.ro\/#\/schema\/person\/image\/\",\"url\":\"https:\/\/secure.gravatar.com\/avatar\/1b1a13e37f847c635dab78348f1dff2f07651ee2a3d77a5c355a4b8c75f9165a?s=96&d=mm&r=g\",\"contentUrl\":\"https:\/\/secure.gravatar.com\/avatar\/1b1a13e37f847c635dab78348f1dff2f07651ee2a3d77a5c355a4b8c75f9165a?s=96&d=mm&r=g\",\"caption\":\"creativebitsolutions\"},\"url\":\"https:\/\/carpathiacenter.ro\/en\/author\/creativebitsolutions\/\"}]}<\/script>\n<!-- \/ Yoast SEO plugin. -->","yoast_head_json":{"title":"Bolojan: Anul acesta nu vom mai semna contracte noi pe 'Anghel Saligny'; cele \u00een plat\u0103 - e\u0219alonate - Carpathia Center Romania","robots":{"index":"index","follow":"follow","max-snippet":"max-snippet:-1","max-image-preview":"max-image-preview:large","max-video-preview":"max-video-preview:-1"},"canonical":"https:\/\/carpathiacenter.ro\/en\/bolojan-anul-acesta-nu-vom-mai-semna-contracte-noi-pe-anghel-saligny-cele-in-plata-esalonate\/","og_locale":"en_GB","og_type":"article","og_title":"Bolojan: Anul acesta nu vom mai semna contracte noi pe 'Anghel Saligny'; cele \u00een plat\u0103 - e\u0219alonate - Carpathia Center Romania","og_description":"Premierul Ilie Bolojan a anun\u021bat c\u0103 anul acesta nu se vor mai semna contracte noi pe programul &#8216;Anghel Saligny&#8217;, iar cele care sunt \u00een prezent \u00een plat\u0103 vor fi e\u0219alonate pe urm\u0103torii 3 ani. &#8216;Deci, pe programul &#8216;Anghel Saligny&#8217; am avut mii de contracte \u00een fiecare localitate aproape \u0219i am avut \u0219i avem semnate contracte...","og_url":"https:\/\/carpathiacenter.ro\/en\/bolojan-anul-acesta-nu-vom-mai-semna-contracte-noi-pe-anghel-saligny-cele-in-plata-esalonate\/","og_site_name":"Carpathia Center Romania","article_publisher":"https:\/\/www.facebook.com\/fdpscarpathia\/","article_published_time":"2025-08-14T08:58:10+00:00","og_image":[{"width":1600,"height":1068,"url":"https:\/\/carpathiacenter.ro\/wp-content\/uploads\/2025\/07\/ilie-bolojan.jpg","type":"image\/jpeg"}],"author":"creativebitsolutions","twitter_card":"summary_large_image","twitter_misc":{"Written by":"creativebitsolutions","Estimated reading time":"2 minutes"},"schema":{"@context":"https:\/\/schema.org","@graph":[{"@type":"Article","@id":"https:\/\/carpathiacenter.ro\/bolojan-anul-acesta-nu-vom-mai-semna-contracte-noi-pe-anghel-saligny-cele-in-plata-esalonate\/#article","isPartOf":{"@id":"https:\/\/carpathiacenter.ro\/bolojan-anul-acesta-nu-vom-mai-semna-contracte-noi-pe-anghel-saligny-cele-in-plata-esalonate\/"},"author":{"name":"creativebitsolutions","@id":"https:\/\/carpathiacenter.ro\/#\/schema\/person\/03d9f58202fee8379268f34afa195006"},"headline":"Bolojan: Anul acesta nu vom mai semna contracte noi pe &#8216;Anghel Saligny&#8217;; cele \u00een plat\u0103 &#8211; e\u0219alonate","datePublished":"2025-08-14T08:58:10+00:00","mainEntityOfPage":{"@id":"https:\/\/carpathiacenter.ro\/bolojan-anul-acesta-nu-vom-mai-semna-contracte-noi-pe-anghel-saligny-cele-in-plata-esalonate\/"},"wordCount":396,"commentCount":0,"publisher":{"@id":"https:\/\/carpathiacenter.ro\/#organization"},"image":{"@id":"https:\/\/carpathiacenter.ro\/bolojan-anul-acesta-nu-vom-mai-semna-contracte-noi-pe-anghel-saligny-cele-in-plata-esalonate\/#primaryimage"},"thumbnailUrl":"https:\/\/carpathiacenter.ro\/wp-content\/uploads\/2025\/07\/ilie-bolojan.jpg","articleSection":["Uncategorized"],"inLanguage":"en-GB","potentialAction":[{"@type":"CommentAction","name":"Comment","target":["https:\/\/carpathiacenter.ro\/bolojan-anul-acesta-nu-vom-mai-semna-contracte-noi-pe-anghel-saligny-cele-in-plata-esalonate\/#respond"]}]},{"@type":"WebPage","@id":"https:\/\/carpathiacenter.ro\/bolojan-anul-acesta-nu-vom-mai-semna-contracte-noi-pe-anghel-saligny-cele-in-plata-esalonate\/","url":"https:\/\/carpathiacenter.ro\/bolojan-anul-acesta-nu-vom-mai-semna-contracte-noi-pe-anghel-saligny-cele-in-plata-esalonate\/","name":"Bolojan: Anul acesta nu vom mai semna contracte noi pe 'Anghel Saligny'; cele \u00een plat\u0103 - e\u0219alonate - Carpathia Center Romania","isPartOf":{"@id":"https:\/\/carpathiacenter.ro\/#website"},"primaryImageOfPage":{"@id":"https:\/\/carpathiacenter.ro\/bolojan-anul-acesta-nu-vom-mai-semna-contracte-noi-pe-anghel-saligny-cele-in-plata-esalonate\/#primaryimage"},"image":{"@id":"https:\/\/carpathiacenter.ro\/bolojan-anul-acesta-nu-vom-mai-semna-contracte-noi-pe-anghel-saligny-cele-in-plata-esalonate\/#primaryimage"},"thumbnailUrl":"https:\/\/carpathiacenter.ro\/wp-content\/uploads\/2025\/07\/ilie-bolojan.jpg","datePublished":"2025-08-14T08:58:10+00:00","breadcrumb":{"@id":"https:\/\/carpathiacenter.ro\/bolojan-anul-acesta-nu-vom-mai-semna-contracte-noi-pe-anghel-saligny-cele-in-plata-esalonate\/#breadcrumb"},"inLanguage":"en-GB","potentialAction":[{"@type":"ReadAction","target":["https:\/\/carpathiacenter.ro\/bolojan-anul-acesta-nu-vom-mai-semna-contracte-noi-pe-anghel-saligny-cele-in-plata-esalonate\/"]}]},{"@type":"ImageObject","inLanguage":"en-GB","@id":"https:\/\/carpathiacenter.ro\/bolojan-anul-acesta-nu-vom-mai-semna-contracte-noi-pe-anghel-saligny-cele-in-plata-esalonate\/#primaryimage","url":"https:\/\/carpathiacenter.ro\/wp-content\/uploads\/2025\/07\/ilie-bolojan.jpg","contentUrl":"https:\/\/carpathiacenter.ro\/wp-content\/uploads\/2025\/07\/ilie-bolojan.jpg","width":1600,"height":1068},{"@type":"BreadcrumbList","@id":"https:\/\/carpathiacenter.ro\/bolojan-anul-acesta-nu-vom-mai-semna-contracte-noi-pe-anghel-saligny-cele-in-plata-esalonate\/#breadcrumb","itemListElement":[{"@type":"ListItem","position":1,"name":"Prima pagin\u0103","item":"https:\/\/carpathiacenter.ro\/"},{"@type":"ListItem","position":2,"name":"Bolojan: Anul acesta nu vom mai semna contracte noi pe &#8216;Anghel Saligny&#8217;; cele \u00een plat\u0103 &#8211; e\u0219alonate"}]},{"@type":"WebSite","@id":"https:\/\/carpathiacenter.ro\/#website","url":"https:\/\/carpathiacenter.ro\/","name":"Carpathia Center Romania","description":"Impossible made possible!","publisher":{"@id":"https:\/\/carpathiacenter.ro\/#organization"},"potentialAction":[{"@type":"SearchAction","target":{"@type":"EntryPoint","urlTemplate":"https:\/\/carpathiacenter.ro\/?s={search_term_string}"},"query-input":{"@type":"PropertyValueSpecification","valueRequired":true,"valueName":"search_term_string"}}],"inLanguage":"en-GB"},{"@type":"Organization","@id":"https:\/\/carpathiacenter.ro\/#organization","name":"Carpathia Center Romania","url":"https:\/\/carpathiacenter.ro\/","logo":{"@type":"ImageObject","inLanguage":"en-GB","@id":"https:\/\/carpathiacenter.ro\/#\/schema\/logo\/image\/","url":"https:\/\/carpathiacenter.ro\/wp-content\/uploads\/2024\/07\/logo-carpathia_bg_white-1024x941.png","contentUrl":"https:\/\/carpathiacenter.ro\/wp-content\/uploads\/2024\/07\/logo-carpathia_bg_white-1024x941.png","width":1024,"height":941,"caption":"Carpathia Center Romania"},"image":{"@id":"https:\/\/carpathiacenter.ro\/#\/schema\/logo\/image\/"},"sameAs":["https:\/\/www.facebook.com\/fdpscarpathia\/"]},{"@type":"Person","@id":"https:\/\/carpathiacenter.ro\/#\/schema\/person\/03d9f58202fee8379268f34afa195006","name":"creativebitsolutions","image":{"@type":"ImageObject","inLanguage":"en-GB","@id":"https:\/\/carpathiacenter.ro\/#\/schema\/person\/image\/","url":"https:\/\/secure.gravatar.com\/avatar\/1b1a13e37f847c635dab78348f1dff2f07651ee2a3d77a5c355a4b8c75f9165a?s=96&d=mm&r=g","contentUrl":"https:\/\/secure.gravatar.com\/avatar\/1b1a13e37f847c635dab78348f1dff2f07651ee2a3d77a5c355a4b8c75f9165a?s=96&d=mm&r=g","caption":"creativebitsolutions"},"url":"https:\/\/carpathiacenter.ro\/en\/author\/creativebitsolutions\/"}]}},"_links":{"self":[{"href":"https:\/\/carpathiacenter.ro\/en\/wp-json\/wp\/v2\/posts\/2866","targetHints":{"allow":["GET"]}}],"collection":[{"href":"https:\/\/carpathiacenter.ro\/en\/wp-json\/wp\/v2\/posts"}],"about":[{"href":"https:\/\/carpathiacenter.ro\/en\/wp-json\/wp\/v2\/types\/post"}],"author":[{"embeddable":true,"href":"https:\/\/carpathiacenter.ro\/en\/wp-json\/wp\/v2\/users\/4"}],"replies":[{"embeddable":true,"href":"https:\/\/carpathiacenter.ro\/en\/wp-json\/wp\/v2\/comments?post=2866"}],"version-history":[{"count":1,"href":"https:\/\/carpathiacenter.ro\/en\/wp-json\/wp\/v2\/posts\/2866\/revisions"}],"predecessor-version":[{"id":2867,"href":"https:\/\/carpathiacenter.ro\/en\/wp-json\/wp\/v2\/posts\/2866\/revisions\/2867"}],"wp:featuredmedia":[{"embeddable":true,"href":"https:\/\/carpathiacenter.ro\/en\/wp-json\/wp\/v2\/media\/2752"}],"wp:attachment":[{"href":"https:\/\/carpathiacenter.ro\/en\/wp-json\/wp\/v2\/media?parent=2866"}],"wp:term":[{"taxonomy":"category","embeddable":true,"href":"https:\/\/carpathiacenter.ro\/en\/wp-json\/wp\/v2\/categories?post=2866"},{"taxonomy":"post_tag","embeddable":true,"href":"https:\/\/carpathiacenter.ro\/en\/wp-json\/wp\/v2\/tags?post=2866"}],"curies":[{"name":"wp","href":"https:\/\/api.w.org\/{rel}","templated":true}]}}