{"id":2857,"date":"2025-08-13T08:31:11","date_gmt":"2025-08-13T08:31:11","guid":{"rendered":"https:\/\/carpathiacenter.ro\/?p=2857"},"modified":"2025-08-13T08:31:11","modified_gmt":"2025-08-13T08:31:11","slug":"video-ministrul-agriculturii-a-evaluat-o-serie-de-investitii-cu-fonduri-europene-si-nationale-din-judetul-galati","status":"publish","type":"post","link":"https:\/\/carpathiacenter.ro\/en\/video-ministrul-agriculturii-a-evaluat-o-serie-de-investitii-cu-fonduri-europene-si-nationale-din-judetul-galati\/","title":{"rendered":"VIDEO Ministrul Agriculturii a evaluat o serie de investi\u021bii cu fonduri europene \u0219i na\u021bionale din jude\u021bul Gala\u021bi"},"content":{"rendered":"<div class=\"mx-auto pt-3\">\n<p><strong>Ministrul Agriculturii \u0219i Dezvolt\u0103rii Rurale, Florin Barbu, a vizitat, \u00een jude\u021bul Gala\u021bi, o serie de investi\u021bii strategice realizate cu fonduri europene \u0219i na\u021bionale, care vizeaz\u0103 dezvoltarea sectorului agricol \u0219i agroalimentar.<\/strong><\/p>\n<p>&#8216;Ast\u0103zi, am v\u0103zut exemple concrete de investi\u021bii care transform\u0103 agricultura jude\u021bului Gala\u021bi \u00eentr-un model de performan\u021b\u0103. De la ferme moderne, la infrastructur\u0103 de iriga\u021bii reabilitat\u0103 \u0219i crame premiate, toate aceste proiecte demonstreaz\u0103 c\u0103 fondurile europene \u0219i programele na\u021bionale sunt instrumente puternice pentru dezvoltarea rural\u0103. Vom continua s\u0103 sprijinim fermierii, s\u0103 moderniz\u0103m sistemele de iriga\u021bii \u0219i s\u0103 cre\u0103m condi\u021biile necesare pentru ca produsele rom\u00e2ne\u0219ti s\u0103 ajung\u0103 pe mesele consumatorilor, at\u00e2t din \u021bar\u0103, c\u00e2t \u0219i din str\u0103in\u0103tate&#8217;, a declarat Florin Barbu, potrivit unui comunicat al Ministerului Agriculturii.<\/p>\n<p><iframe src=\"https:\/\/www.facebook.com\/plugins\/video.php?height=314&amp;href=https%3A%2F%2Fwww.facebook.com%2Fmadr.ro%2Fvideos%2F1304398214361412%2F&amp;show_text=false&amp;width=560&amp;t=0\" width=\"560\" height=\"314\" style=\"border:none;overflow:hidden\" scrolling=\"no\" frameborder=\"0\" allowfullscreen=\"true\" allow=\"autoplay; clipboard-write; encrypted-media; picture-in-picture; web-share\"><\/iframe><\/p>\n<p>Prima oprire pe teren a fost la Prodleg Farm SRL, o organiza\u021bie de produc\u0103tori format\u0103 din Aliseveris SRL, Agrogarden SRL, Agro-Edy 2008 SRL, PF P\u0103i\u0219 Elena \u0219i PF P\u0103i\u0219 Nicu\u021ba. Proiectul, cu o valoare total\u0103 de 1.613.946 de euro, finalizat la 31 ianuarie 2024, a vizat modernizarea exploata\u021biei agricole, cu accent pe condi\u021bionarea, procesarea \u0219i marketingul legumelor \u0219i cartofilor. Astfel, membrii organiza\u021biei cultiv\u0103 1.080 de hectare, dintre care 386 de hectare cu legume \u0219i 694 de hectare cu cereale, livr\u00e2nd produc\u021bia c\u0103tre marile lan\u021buri de retail.<\/p>\n<p>&#8216;Delega\u021bia a continuat vizita la Sta\u021bia de Pompare Ap\u0103 Dun\u0103re, parte a amenaj\u0103rii de iriga\u021bii C\u00e2mpia Covurlui, care deserve\u0219te peste 80.000 ha de teren agricol. Lucr\u0103rile de modernizare sunt finalizate \u0219i urmeaz\u0103 recep\u021bia acestora, infrastructura modernizat\u0103 asigur\u00e2nd un sistem eficient de iriga\u021bii, vital pentru cre\u0219terea produc\u021biilor agricole&#8217;, se men\u021bioneaz\u0103 \u00een comunicat.<\/p>\n<p>Un alt obiectiv vizitat a fost Crama Bratu &#8211; S.C. Prestatorul SRL, din comuna V\u00e2n\u0103tori, o investi\u021bie de 8.128.200,33 de lei, finan\u021bat\u0103 prin programele na\u021bionale de sprijin \u00een sectorul viti-vinicol 2014-2018 \u0219i 2019-2023, care a inclus construc\u021bia cramei \u0219i achizi\u021bia de echipamente moderne. \u00cen acest areal, sunt cultivate 44,63 de hectare \u0219i produse vinuri premiate la competi\u021bii na\u021bionale \u0219i interna\u021bionale, inclusiv primul vin spumant din jude\u021bul Gala\u021bi &#8211; &#8216;Gama Simfonii&#8217;.<\/p>\n<p>&#8216;Ultimele obiective ale vizitei au fost Sifonul Lozova \u0219i Sifonul M\u0103lina, investi\u021bii majore \u00een modernizarea infrastructurii principale de iriga\u021bii. La Sifonul Lozova, reabilitarea prin PNRIPIR a presupus \u00eenlocuirea complet\u0103 a conductelor DN 3200 mm \u0219i modernizarea construc\u021biilor hidrotehnice, pentru deservirea a 54.000 ha. Sifonul M\u0103lina beneficiaz\u0103 de o investi\u021bie de peste 126 milioane lei, pentru \u00eenlocuirea conductelor \u0219i asigurarea continuit\u0103\u021bii iriga\u021biilor pe 68.000 ha&#8217;, noteaz\u0103 MADR. AGERPRES\/(AS &#8211; redactor: Daniel Badea, editor: Andreea Marinescu, editor online: Ady Iva\u015fcu)<br \/>\n<br \/>\nSursa articolului:  <a href=\"https:\/\/agerpres.ro\/economic\/2025\/08\/12\/video-ministrul-agriculturii-a-evaluat-o-serie-de-investitii-cu-fonduri-europene-si-nationale-din-ju--1475455\" target=\"\\\\\\\\\\\\\\_blank\" rel=\"noopener\" title=\"\">https:\/\/agerpres.ro\/economic\/2025\/08\/12\/video-ministrul-agriculturii-a-evaluat-o-serie-de-investitii-cu-fonduri-europene-si-nationale-din-ju&#8211;1475455<\/a>\n<\/p>\n<\/p><\/div>","protected":false},"excerpt":{"rendered":"<p>Ministrul Agriculturii \u0219i Dezvolt\u0103rii Rurale, Florin Barbu, a vizitat, \u00een jude\u021bul Gala\u021bi, o serie de investi\u021bii strategice realizate cu fonduri europene \u0219i na\u021bionale, care vizeaz\u0103 dezvoltarea sectorului agricol \u0219i agroalimentar. &#8216;Ast\u0103zi, am v\u0103zut exemple concrete de investi\u021bii care transform\u0103 agricultura jude\u021bului Gala\u021bi \u00eentr-un model de performan\u021b\u0103. De la ferme moderne, la infrastructur\u0103 de iriga\u021bii reabilitat\u0103&#8230;<\/p>","protected":false},"author":4,"featured_media":2858,"comment_status":"open","ping_status":"open","sticky":false,"template":"","format":"standard","meta":{"footnotes":""},"categories":[1],"tags":[],"class_list":["post-2857","post","type-post","status-publish","format-standard","has-post-thumbnail","hentry","category-uncategorized"],"yoast_head":"<!-- This site is optimized with the Yoast SEO plugin v26.1.1 - https:\/\/yoast.com\/wordpress\/plugins\/seo\/ -->\n<title>VIDEO Ministrul Agriculturii a evaluat o serie de investi\u021bii cu fonduri europene \u0219i na\u021bionale din jude\u021bul Gala\u021bi - Carpathia Center Romania<\/title>\n<meta name=\"robots\" content=\"index, follow, max-snippet:-1, max-image-preview:large, max-video-preview:-1\" \/>\n<link rel=\"canonical\" href=\"https:\/\/carpathiacenter.ro\/en\/video-ministrul-agriculturii-a-evaluat-o-serie-de-investitii-cu-fonduri-europene-si-nationale-din-judetul-galati\/\" \/>\n<meta property=\"og:locale\" content=\"en_GB\" \/>\n<meta property=\"og:type\" content=\"article\" \/>\n<meta property=\"og:title\" content=\"VIDEO Ministrul Agriculturii a evaluat o serie de investi\u021bii cu fonduri europene \u0219i na\u021bionale din jude\u021bul Gala\u021bi - Carpathia Center Romania\" \/>\n<meta property=\"og:description\" content=\"Ministrul Agriculturii \u0219i Dezvolt\u0103rii Rurale, Florin Barbu, a vizitat, \u00een jude\u021bul Gala\u021bi, o serie de investi\u021bii strategice realizate cu fonduri europene \u0219i na\u021bionale, care vizeaz\u0103 dezvoltarea sectorului agricol \u0219i agroalimentar. &#8216;Ast\u0103zi, am v\u0103zut exemple concrete de investi\u021bii care transform\u0103 agricultura jude\u021bului Gala\u021bi \u00eentr-un model de performan\u021b\u0103. De la ferme moderne, la infrastructur\u0103 de iriga\u021bii reabilitat\u0103...\" \/>\n<meta property=\"og:url\" content=\"https:\/\/carpathiacenter.ro\/en\/video-ministrul-agriculturii-a-evaluat-o-serie-de-investitii-cu-fonduri-europene-si-nationale-din-judetul-galati\/\" \/>\n<meta property=\"og:site_name\" content=\"Carpathia Center Romania\" \/>\n<meta property=\"article:publisher\" content=\"https:\/\/www.facebook.com\/fdpscarpathia\/\" \/>\n<meta property=\"article:published_time\" content=\"2025-08-13T08:31:11+00:00\" \/>\n<meta property=\"og:image\" content=\"https:\/\/carpathiacenter.ro\/wp-content\/uploads\/2025\/08\/florin-barbu.jpg\" \/>\n\t<meta property=\"og:image:width\" content=\"2560\" \/>\n\t<meta property=\"og:image:height\" content=\"1707\" \/>\n\t<meta property=\"og:image:type\" content=\"image\/jpeg\" \/>\n<meta name=\"author\" content=\"creativebitsolutions\" \/>\n<meta name=\"twitter:card\" content=\"summary_large_image\" \/>\n<meta name=\"twitter:label1\" content=\"Written by\" \/>\n\t<meta name=\"twitter:data1\" content=\"creativebitsolutions\" \/>\n\t<meta name=\"twitter:label2\" content=\"Estimated reading time\" \/>\n\t<meta name=\"twitter:data2\" content=\"2 minutes\" \/>\n<script type=\"application\/ld+json\" class=\"yoast-schema-graph\">{\"@context\":\"https:\/\/schema.org\",\"@graph\":[{\"@type\":\"Article\",\"@id\":\"https:\/\/carpathiacenter.ro\/video-ministrul-agriculturii-a-evaluat-o-serie-de-investitii-cu-fonduri-europene-si-nationale-din-judetul-galati\/#article\",\"isPartOf\":{\"@id\":\"https:\/\/carpathiacenter.ro\/video-ministrul-agriculturii-a-evaluat-o-serie-de-investitii-cu-fonduri-europene-si-nationale-din-judetul-galati\/\"},\"author\":{\"name\":\"creativebitsolutions\",\"@id\":\"https:\/\/carpathiacenter.ro\/#\/schema\/person\/03d9f58202fee8379268f34afa195006\"},\"headline\":\"VIDEO Ministrul Agriculturii a evaluat o serie de investi\u021bii cu fonduri europene \u0219i na\u021bionale din jude\u021bul Gala\u021bi\",\"datePublished\":\"2025-08-13T08:31:11+00:00\",\"mainEntityOfPage\":{\"@id\":\"https:\/\/carpathiacenter.ro\/video-ministrul-agriculturii-a-evaluat-o-serie-de-investitii-cu-fonduri-europene-si-nationale-din-judetul-galati\/\"},\"wordCount\":485,\"commentCount\":0,\"publisher\":{\"@id\":\"https:\/\/carpathiacenter.ro\/#organization\"},\"image\":{\"@id\":\"https:\/\/carpathiacenter.ro\/video-ministrul-agriculturii-a-evaluat-o-serie-de-investitii-cu-fonduri-europene-si-nationale-din-judetul-galati\/#primaryimage\"},\"thumbnailUrl\":\"https:\/\/carpathiacenter.ro\/wp-content\/uploads\/2025\/08\/florin-barbu.jpg\",\"articleSection\":[\"Uncategorized\"],\"inLanguage\":\"en-GB\",\"potentialAction\":[{\"@type\":\"CommentAction\",\"name\":\"Comment\",\"target\":[\"https:\/\/carpathiacenter.ro\/video-ministrul-agriculturii-a-evaluat-o-serie-de-investitii-cu-fonduri-europene-si-nationale-din-judetul-galati\/#respond\"]}]},{\"@type\":\"WebPage\",\"@id\":\"https:\/\/carpathiacenter.ro\/video-ministrul-agriculturii-a-evaluat-o-serie-de-investitii-cu-fonduri-europene-si-nationale-din-judetul-galati\/\",\"url\":\"https:\/\/carpathiacenter.ro\/video-ministrul-agriculturii-a-evaluat-o-serie-de-investitii-cu-fonduri-europene-si-nationale-din-judetul-galati\/\",\"name\":\"VIDEO Ministrul Agriculturii a evaluat o serie de investi\u021bii cu fonduri europene \u0219i na\u021bionale din jude\u021bul Gala\u021bi - Carpathia Center Romania\",\"isPartOf\":{\"@id\":\"https:\/\/carpathiacenter.ro\/#website\"},\"primaryImageOfPage\":{\"@id\":\"https:\/\/carpathiacenter.ro\/video-ministrul-agriculturii-a-evaluat-o-serie-de-investitii-cu-fonduri-europene-si-nationale-din-judetul-galati\/#primaryimage\"},\"image\":{\"@id\":\"https:\/\/carpathiacenter.ro\/video-ministrul-agriculturii-a-evaluat-o-serie-de-investitii-cu-fonduri-europene-si-nationale-din-judetul-galati\/#primaryimage\"},\"thumbnailUrl\":\"https:\/\/carpathiacenter.ro\/wp-content\/uploads\/2025\/08\/florin-barbu.jpg\",\"datePublished\":\"2025-08-13T08:31:11+00:00\",\"breadcrumb\":{\"@id\":\"https:\/\/carpathiacenter.ro\/video-ministrul-agriculturii-a-evaluat-o-serie-de-investitii-cu-fonduri-europene-si-nationale-din-judetul-galati\/#breadcrumb\"},\"inLanguage\":\"en-GB\",\"potentialAction\":[{\"@type\":\"ReadAction\",\"target\":[\"https:\/\/carpathiacenter.ro\/video-ministrul-agriculturii-a-evaluat-o-serie-de-investitii-cu-fonduri-europene-si-nationale-din-judetul-galati\/\"]}]},{\"@type\":\"ImageObject\",\"inLanguage\":\"en-GB\",\"@id\":\"https:\/\/carpathiacenter.ro\/video-ministrul-agriculturii-a-evaluat-o-serie-de-investitii-cu-fonduri-europene-si-nationale-din-judetul-galati\/#primaryimage\",\"url\":\"https:\/\/carpathiacenter.ro\/wp-content\/uploads\/2025\/08\/florin-barbu.jpg\",\"contentUrl\":\"https:\/\/carpathiacenter.ro\/wp-content\/uploads\/2025\/08\/florin-barbu.jpg\",\"width\":2560,\"height\":1707},{\"@type\":\"BreadcrumbList\",\"@id\":\"https:\/\/carpathiacenter.ro\/video-ministrul-agriculturii-a-evaluat-o-serie-de-investitii-cu-fonduri-europene-si-nationale-din-judetul-galati\/#breadcrumb\",\"itemListElement\":[{\"@type\":\"ListItem\",\"position\":1,\"name\":\"Prima pagin\u0103\",\"item\":\"https:\/\/carpathiacenter.ro\/\"},{\"@type\":\"ListItem\",\"position\":2,\"name\":\"VIDEO Ministrul Agriculturii a evaluat o serie de investi\u021bii cu fonduri europene \u0219i na\u021bionale din jude\u021bul Gala\u021bi\"}]},{\"@type\":\"WebSite\",\"@id\":\"https:\/\/carpathiacenter.ro\/#website\",\"url\":\"https:\/\/carpathiacenter.ro\/\",\"name\":\"Carpathia Center Romania\",\"description\":\"Impossible made possible!\",\"publisher\":{\"@id\":\"https:\/\/carpathiacenter.ro\/#organization\"},\"potentialAction\":[{\"@type\":\"SearchAction\",\"target\":{\"@type\":\"EntryPoint\",\"urlTemplate\":\"https:\/\/carpathiacenter.ro\/?s={search_term_string}\"},\"query-input\":{\"@type\":\"PropertyValueSpecification\",\"valueRequired\":true,\"valueName\":\"search_term_string\"}}],\"inLanguage\":\"en-GB\"},{\"@type\":\"Organization\",\"@id\":\"https:\/\/carpathiacenter.ro\/#organization\",\"name\":\"Carpathia Center Romania\",\"url\":\"https:\/\/carpathiacenter.ro\/\",\"logo\":{\"@type\":\"ImageObject\",\"inLanguage\":\"en-GB\",\"@id\":\"https:\/\/carpathiacenter.ro\/#\/schema\/logo\/image\/\",\"url\":\"https:\/\/carpathiacenter.ro\/wp-content\/uploads\/2024\/07\/logo-carpathia_bg_white-1024x941.png\",\"contentUrl\":\"https:\/\/carpathiacenter.ro\/wp-content\/uploads\/2024\/07\/logo-carpathia_bg_white-1024x941.png\",\"width\":1024,\"height\":941,\"caption\":\"Carpathia Center Romania\"},\"image\":{\"@id\":\"https:\/\/carpathiacenter.ro\/#\/schema\/logo\/image\/\"},\"sameAs\":[\"https:\/\/www.facebook.com\/fdpscarpathia\/\"]},{\"@type\":\"Person\",\"@id\":\"https:\/\/carpathiacenter.ro\/#\/schema\/person\/03d9f58202fee8379268f34afa195006\",\"name\":\"creativebitsolutions\",\"image\":{\"@type\":\"ImageObject\",\"inLanguage\":\"en-GB\",\"@id\":\"https:\/\/carpathiacenter.ro\/#\/schema\/person\/image\/\",\"url\":\"https:\/\/secure.gravatar.com\/avatar\/1b1a13e37f847c635dab78348f1dff2f07651ee2a3d77a5c355a4b8c75f9165a?s=96&d=mm&r=g\",\"contentUrl\":\"https:\/\/secure.gravatar.com\/avatar\/1b1a13e37f847c635dab78348f1dff2f07651ee2a3d77a5c355a4b8c75f9165a?s=96&d=mm&r=g\",\"caption\":\"creativebitsolutions\"},\"url\":\"https:\/\/carpathiacenter.ro\/en\/author\/creativebitsolutions\/\"}]}<\/script>\n<!-- \/ Yoast SEO plugin. -->","yoast_head_json":{"title":"VIDEO Ministrul Agriculturii a evaluat o serie de investi\u021bii cu fonduri europene \u0219i na\u021bionale din jude\u021bul Gala\u021bi - Carpathia Center Romania","robots":{"index":"index","follow":"follow","max-snippet":"max-snippet:-1","max-image-preview":"max-image-preview:large","max-video-preview":"max-video-preview:-1"},"canonical":"https:\/\/carpathiacenter.ro\/en\/video-ministrul-agriculturii-a-evaluat-o-serie-de-investitii-cu-fonduri-europene-si-nationale-din-judetul-galati\/","og_locale":"en_GB","og_type":"article","og_title":"VIDEO Ministrul Agriculturii a evaluat o serie de investi\u021bii cu fonduri europene \u0219i na\u021bionale din jude\u021bul Gala\u021bi - Carpathia Center Romania","og_description":"Ministrul Agriculturii \u0219i Dezvolt\u0103rii Rurale, Florin Barbu, a vizitat, \u00een jude\u021bul Gala\u021bi, o serie de investi\u021bii strategice realizate cu fonduri europene \u0219i na\u021bionale, care vizeaz\u0103 dezvoltarea sectorului agricol \u0219i agroalimentar. &#8216;Ast\u0103zi, am v\u0103zut exemple concrete de investi\u021bii care transform\u0103 agricultura jude\u021bului Gala\u021bi \u00eentr-un model de performan\u021b\u0103. De la ferme moderne, la infrastructur\u0103 de iriga\u021bii reabilitat\u0103...","og_url":"https:\/\/carpathiacenter.ro\/en\/video-ministrul-agriculturii-a-evaluat-o-serie-de-investitii-cu-fonduri-europene-si-nationale-din-judetul-galati\/","og_site_name":"Carpathia Center Romania","article_publisher":"https:\/\/www.facebook.com\/fdpscarpathia\/","article_published_time":"2025-08-13T08:31:11+00:00","og_image":[{"width":2560,"height":1707,"url":"https:\/\/carpathiacenter.ro\/wp-content\/uploads\/2025\/08\/florin-barbu.jpg","type":"image\/jpeg"}],"author":"creativebitsolutions","twitter_card":"summary_large_image","twitter_misc":{"Written by":"creativebitsolutions","Estimated reading time":"2 minutes"},"schema":{"@context":"https:\/\/schema.org","@graph":[{"@type":"Article","@id":"https:\/\/carpathiacenter.ro\/video-ministrul-agriculturii-a-evaluat-o-serie-de-investitii-cu-fonduri-europene-si-nationale-din-judetul-galati\/#article","isPartOf":{"@id":"https:\/\/carpathiacenter.ro\/video-ministrul-agriculturii-a-evaluat-o-serie-de-investitii-cu-fonduri-europene-si-nationale-din-judetul-galati\/"},"author":{"name":"creativebitsolutions","@id":"https:\/\/carpathiacenter.ro\/#\/schema\/person\/03d9f58202fee8379268f34afa195006"},"headline":"VIDEO Ministrul Agriculturii a evaluat o serie de investi\u021bii cu fonduri europene \u0219i na\u021bionale din jude\u021bul Gala\u021bi","datePublished":"2025-08-13T08:31:11+00:00","mainEntityOfPage":{"@id":"https:\/\/carpathiacenter.ro\/video-ministrul-agriculturii-a-evaluat-o-serie-de-investitii-cu-fonduri-europene-si-nationale-din-judetul-galati\/"},"wordCount":485,"commentCount":0,"publisher":{"@id":"https:\/\/carpathiacenter.ro\/#organization"},"image":{"@id":"https:\/\/carpathiacenter.ro\/video-ministrul-agriculturii-a-evaluat-o-serie-de-investitii-cu-fonduri-europene-si-nationale-din-judetul-galati\/#primaryimage"},"thumbnailUrl":"https:\/\/carpathiacenter.ro\/wp-content\/uploads\/2025\/08\/florin-barbu.jpg","articleSection":["Uncategorized"],"inLanguage":"en-GB","potentialAction":[{"@type":"CommentAction","name":"Comment","target":["https:\/\/carpathiacenter.ro\/video-ministrul-agriculturii-a-evaluat-o-serie-de-investitii-cu-fonduri-europene-si-nationale-din-judetul-galati\/#respond"]}]},{"@type":"WebPage","@id":"https:\/\/carpathiacenter.ro\/video-ministrul-agriculturii-a-evaluat-o-serie-de-investitii-cu-fonduri-europene-si-nationale-din-judetul-galati\/","url":"https:\/\/carpathiacenter.ro\/video-ministrul-agriculturii-a-evaluat-o-serie-de-investitii-cu-fonduri-europene-si-nationale-din-judetul-galati\/","name":"VIDEO Ministrul Agriculturii a evaluat o serie de investi\u021bii cu fonduri europene \u0219i na\u021bionale din jude\u021bul Gala\u021bi - Carpathia Center Romania","isPartOf":{"@id":"https:\/\/carpathiacenter.ro\/#website"},"primaryImageOfPage":{"@id":"https:\/\/carpathiacenter.ro\/video-ministrul-agriculturii-a-evaluat-o-serie-de-investitii-cu-fonduri-europene-si-nationale-din-judetul-galati\/#primaryimage"},"image":{"@id":"https:\/\/carpathiacenter.ro\/video-ministrul-agriculturii-a-evaluat-o-serie-de-investitii-cu-fonduri-europene-si-nationale-din-judetul-galati\/#primaryimage"},"thumbnailUrl":"https:\/\/carpathiacenter.ro\/wp-content\/uploads\/2025\/08\/florin-barbu.jpg","datePublished":"2025-08-13T08:31:11+00:00","breadcrumb":{"@id":"https:\/\/carpathiacenter.ro\/video-ministrul-agriculturii-a-evaluat-o-serie-de-investitii-cu-fonduri-europene-si-nationale-din-judetul-galati\/#breadcrumb"},"inLanguage":"en-GB","potentialAction":[{"@type":"ReadAction","target":["https:\/\/carpathiacenter.ro\/video-ministrul-agriculturii-a-evaluat-o-serie-de-investitii-cu-fonduri-europene-si-nationale-din-judetul-galati\/"]}]},{"@type":"ImageObject","inLanguage":"en-GB","@id":"https:\/\/carpathiacenter.ro\/video-ministrul-agriculturii-a-evaluat-o-serie-de-investitii-cu-fonduri-europene-si-nationale-din-judetul-galati\/#primaryimage","url":"https:\/\/carpathiacenter.ro\/wp-content\/uploads\/2025\/08\/florin-barbu.jpg","contentUrl":"https:\/\/carpathiacenter.ro\/wp-content\/uploads\/2025\/08\/florin-barbu.jpg","width":2560,"height":1707},{"@type":"BreadcrumbList","@id":"https:\/\/carpathiacenter.ro\/video-ministrul-agriculturii-a-evaluat-o-serie-de-investitii-cu-fonduri-europene-si-nationale-din-judetul-galati\/#breadcrumb","itemListElement":[{"@type":"ListItem","position":1,"name":"Prima pagin\u0103","item":"https:\/\/carpathiacenter.ro\/"},{"@type":"ListItem","position":2,"name":"VIDEO Ministrul Agriculturii a evaluat o serie de investi\u021bii cu fonduri europene \u0219i na\u021bionale din jude\u021bul Gala\u021bi"}]},{"@type":"WebSite","@id":"https:\/\/carpathiacenter.ro\/#website","url":"https:\/\/carpathiacenter.ro\/","name":"Carpathia Center Romania","description":"Impossible made possible!","publisher":{"@id":"https:\/\/carpathiacenter.ro\/#organization"},"potentialAction":[{"@type":"SearchAction","target":{"@type":"EntryPoint","urlTemplate":"https:\/\/carpathiacenter.ro\/?s={search_term_string}"},"query-input":{"@type":"PropertyValueSpecification","valueRequired":true,"valueName":"search_term_string"}}],"inLanguage":"en-GB"},{"@type":"Organization","@id":"https:\/\/carpathiacenter.ro\/#organization","name":"Carpathia Center Romania","url":"https:\/\/carpathiacenter.ro\/","logo":{"@type":"ImageObject","inLanguage":"en-GB","@id":"https:\/\/carpathiacenter.ro\/#\/schema\/logo\/image\/","url":"https:\/\/carpathiacenter.ro\/wp-content\/uploads\/2024\/07\/logo-carpathia_bg_white-1024x941.png","contentUrl":"https:\/\/carpathiacenter.ro\/wp-content\/uploads\/2024\/07\/logo-carpathia_bg_white-1024x941.png","width":1024,"height":941,"caption":"Carpathia Center Romania"},"image":{"@id":"https:\/\/carpathiacenter.ro\/#\/schema\/logo\/image\/"},"sameAs":["https:\/\/www.facebook.com\/fdpscarpathia\/"]},{"@type":"Person","@id":"https:\/\/carpathiacenter.ro\/#\/schema\/person\/03d9f58202fee8379268f34afa195006","name":"creativebitsolutions","image":{"@type":"ImageObject","inLanguage":"en-GB","@id":"https:\/\/carpathiacenter.ro\/#\/schema\/person\/image\/","url":"https:\/\/secure.gravatar.com\/avatar\/1b1a13e37f847c635dab78348f1dff2f07651ee2a3d77a5c355a4b8c75f9165a?s=96&d=mm&r=g","contentUrl":"https:\/\/secure.gravatar.com\/avatar\/1b1a13e37f847c635dab78348f1dff2f07651ee2a3d77a5c355a4b8c75f9165a?s=96&d=mm&r=g","caption":"creativebitsolutions"},"url":"https:\/\/carpathiacenter.ro\/en\/author\/creativebitsolutions\/"}]}},"_links":{"self":[{"href":"https:\/\/carpathiacenter.ro\/en\/wp-json\/wp\/v2\/posts\/2857","targetHints":{"allow":["GET"]}}],"collection":[{"href":"https:\/\/carpathiacenter.ro\/en\/wp-json\/wp\/v2\/posts"}],"about":[{"href":"https:\/\/carpathiacenter.ro\/en\/wp-json\/wp\/v2\/types\/post"}],"author":[{"embeddable":true,"href":"https:\/\/carpathiacenter.ro\/en\/wp-json\/wp\/v2\/users\/4"}],"replies":[{"embeddable":true,"href":"https:\/\/carpathiacenter.ro\/en\/wp-json\/wp\/v2\/comments?post=2857"}],"version-history":[{"count":1,"href":"https:\/\/carpathiacenter.ro\/en\/wp-json\/wp\/v2\/posts\/2857\/revisions"}],"predecessor-version":[{"id":2859,"href":"https:\/\/carpathiacenter.ro\/en\/wp-json\/wp\/v2\/posts\/2857\/revisions\/2859"}],"wp:featuredmedia":[{"embeddable":true,"href":"https:\/\/carpathiacenter.ro\/en\/wp-json\/wp\/v2\/media\/2858"}],"wp:attachment":[{"href":"https:\/\/carpathiacenter.ro\/en\/wp-json\/wp\/v2\/media?parent=2857"}],"wp:term":[{"taxonomy":"category","embeddable":true,"href":"https:\/\/carpathiacenter.ro\/en\/wp-json\/wp\/v2\/categories?post=2857"},{"taxonomy":"post_tag","embeddable":true,"href":"https:\/\/carpathiacenter.ro\/en\/wp-json\/wp\/v2\/tags?post=2857"}],"curies":[{"name":"wp","href":"https:\/\/api.w.org\/{rel}","templated":true}]}}