{"id":2853,"date":"2025-08-13T08:27:16","date_gmt":"2025-08-13T08:27:16","guid":{"rendered":"https:\/\/carpathiacenter.ro\/?p=2853"},"modified":"2025-08-13T08:27:16","modified_gmt":"2025-08-13T08:27:16","slug":"13-august-ziua-internationala-a-stangacilor","status":"publish","type":"post","link":"https:\/\/carpathiacenter.ro\/en\/13-august-ziua-internationala-a-stangacilor\/","title":{"rendered":"13 august &#8211; Ziua interna\u021bional\u0103 a st\u00e2ngacilor"},"content":{"rendered":"<div class=\"mx-auto pt-3\">\n<p>Ziua interna\u021bional\u0103 a st\u00e2ngacilor se celebreaz\u0103 anual la 13 august. Marcarea acestei zile are \u00een vedere sensibilizarea opiniei publice cu privire la dificult\u0103\u021bile \u0219i frustr\u0103rile cu care st\u00e2ngacii se confrunt\u0103 \u00een via\u021ba de zi cu zi. \u00cen anul 1990 s-a constituit Clubul St\u00e2ngacilor (&#8216;Left-Handers Club&#8217;) cu scopul de a men\u021bine o leg\u0103tur\u0103 \u00eentre st\u00e2ngacii din \u00eentreaga lume \u0219i de a face cunoscute nevoile \u0219i cerin\u021bele acestora, potrivit site-ului <a href=\"http:\/\/www.lefthandersday.com\" target=\"_blank\">www.lefthandersday.com<\/a>. \u00cen 1992, Clubul St\u00e2ngacilor a ini\u021biat marcarea Zilei interna\u021bionale a st\u00e2ngacilor, ca un eveniment anual, pentru a cre\u0219te gradul de con\u0219tientizare public\u0103 asupra avantajelor \u0219i dezavantajelor de a fi st\u00e2ngaci.<\/p>\n<p>La sf\u00e2r\u0219itul anilor 1980 \u0219i \u00eenceputul anilor 1990 au fost publicate dou\u0103 studii \u00een dou\u0103 mari reviste \u0219tiin\u021bifice &#8211; Nature \u0219i New England Journal of Medicine. Cercet\u0103torii sus\u021bineau c\u0103 dreptacii tr\u0103iesc \u00een medie cu nou\u0103 ani mai mult dec\u00e2t st\u00e2ngacii. &#8221;Aceasta nu \u00eenseamn\u0103 c\u0103 utilizarea m\u00e2inii st\u00e2ngi implic\u0103 un risc de moarte prematur\u0103&#8221;, spuneau atunci cei doi autori ai studiului, Diane Halpern \u0219i Stanley Coren. \u00cens\u0103, potrivit acelora\u0219i cercet\u0103tori, tot st\u00e2ngacii ar fi de cinci ori mai susceptibili s\u0103 moar\u0103 \u00eentr-un accident. Unul din motivele invocate este c\u0103 lumea este f\u0103cut\u0103 pentru dreptaci, niciun instrument nefiind conceput pentru st\u00e2ngaci. Un alt motiv ar fi c\u0103 st\u00e2ngacii ar fi mai susceptibili s\u0103 dezvolte probleme neurologice sau imunitare. S-a dovedit c\u0103 acele studii erau neadev\u0103rate.<\/p>\n<div class=\"videoEmbed\"><iframe allowfullscreen=\"\" frameborder=\"0\" height=\"349\" mozallowfullscreen=\"\" src=\"https:\/\/www.youtube.com\/embed\/bNI-X41gCQM\" webkitallowfullscreen=\"\" width=\"560\"><\/iframe><\/div>\n<p>Intervievat de BBC \u00een 2013 \u00een leg\u0103tur\u0103 cu studiile respective, Chris McManus, profesor de psihologie la University College of London, a ar\u0103tat c\u0103 &#8221;gre\u0219eala lor a fost c\u0103 s-au ocupat doar de mor\u021bi&#8221;. \u00cen studiile lor, Halpern \u0219i Coren au analizat bazele de date ale unor persoane decedate. Statisticile nu sunt reale fiindc\u0103 la sf\u00e2r\u0219itul secolului al XX-lea num\u0103rul st\u00e2ngacilor a crescut mult \u00een statistici, ca urmare a faptului c\u0103 au fost \u00een sf\u00e2r\u0219it accepta\u021bi de societate.<\/p>\n<p>Se mai spune c\u0103 st\u00e2ngacii c\u00e2\u0219tig\u0103 mai pu\u021bini bani dec\u00e2t dreptacii, afirma\u021bia apar\u021bin\u00e2nd cercet\u0103torilor de la Universitatea Harvard. Studiul lor, ap\u0103rut \u00een decembrie 2014, \u00een Journal of Economics Perspectives, indica faptul c\u0103 st\u00e2ngacii ar c\u00e2\u0219tiga cu circa 10-12% mai pu\u021bin dec\u00e2t dreptacii (\u00een situa\u021bie social\u0103 echivalent\u0103). Autorul studiului explica acest lucru prin perfoman\u021be mai slabe ale st\u00e2ngacilor la testele de inteligen\u021b\u0103. El considera c\u0103 \u00eentre 20-28% dintre ei ar fi mai pu\u021bin dota\u021bi din punct de vedere intelectual, de dou\u0103 ori mai mult dec\u00e2t \u00een cazul dreptacilor. Rezultatele nu vizeaz\u0103 dec\u00e2t st\u00e2ngacii cu mame dreptace, la care \u00eenv\u0103\u021barea prin imita\u021bie \u00een copil\u0103rie este mai complicat\u0103.<\/p>\n<p>Exist\u0103 p\u0103reri conform c\u0103rora cei care folosesc de preferin\u021b\u0103 m\u00e2na st\u00e2ng\u0103 ar fi mai susceptibili s\u0103 dezvolte tulbur\u0103ri mentale. \u00cen 2011, Wall Street Journal scria despre probabilitatea crescut\u0103 ca st\u00e2ngacii s\u0103 prezinte schizofrenie, iar alte studii afirmau c\u0103 s-a constatat c\u0103 st\u00e2ngacii sunt mai \u00eenclina\u021bi c\u0103tre tulbur\u0103ri ale st\u0103rii de spirit, dislexie \u0219i deficien\u021be de aten\u021bie.<\/p>\n<p>Speciali\u0219tii \u0219i-au pus \u00eentrebarea dac\u0103 la originea problemei nu se afl\u0103 conceptul de asimetrie cerebral\u0103, adic\u0103 implicarea inegal\u0103 a celor dou\u0103 emisfere ale creierului. La dreptaci, dominant\u0103 este emisfera st\u00e2ng\u0103 (cea care asigur\u0103 \u00eendeosebi limbajul), la fel ca \u00een cazul a 70% dintre st\u00e2ngaci. \u00cens\u0103, potrivit psihiatrului Metten Somers, ceilal\u021bi 30% ar avea emisfera dreapt\u0103 dominant\u0103 sau o simetrie \u00eentre cele dou\u0103 emisfere. Tocmai un creier simetric ar cre\u0219te riscul unor tulbur\u0103ri mentale, aprecia medicul.<\/p>\n<p>\u00cen schimb, st\u00e2ngacii ar fi avantaja\u021bi \u00een sport. \u00cen lupte, tenis \u0219i, \u00een general, \u00een toate sporturile unde trebuie \u00eenfruntat un alt juc\u0103tor, ei pot fi un adev\u0103rat co\u0219mar. C\u00e2teva studii realizate pentru scrim\u0103 \u0219i box au ar\u0103tat c\u0103 st\u00e2ngacii au un avantaj fa\u021b\u0103 de adversari fie \u0219i numai pentru faptul c\u0103 dreptacii au parteneri de antrenamente tot dreptaci, iar mi\u0219c\u0103rile st\u00e2ngacilor \u00eei pot surprinde u\u0219or. AGERPRES\/(Documentare &#8211; Suzana Cristache Dr\u0103gan, editor: Horia Plugaru, editor online: Andreea Preda)<br \/>\n<br \/>\nSursa articolului:<a href=\"https:\/\/agerpres.ro\/documentare\/2025\/08\/13\/13-august---ziua-internationala-a-stangacilor--1475474\" target=\"\\\\\\\\\\\\\\_blank\" rel=\"noopener\" title=\"\"> https:\/\/agerpres.ro\/documentare\/2025\/08\/13\/13-august&#8212;ziua-internationala-a-stangacilor&#8211;1475474<\/a>\n<\/p>\n<\/p><\/div>","protected":false},"excerpt":{"rendered":"<p>Ziua interna\u021bional\u0103 a st\u00e2ngacilor se celebreaz\u0103 anual la 13 august. Marcarea acestei zile are \u00een vedere sensibilizarea opiniei publice cu privire la dificult\u0103\u021bile \u0219i frustr\u0103rile cu care st\u00e2ngacii se confrunt\u0103 \u00een via\u021ba de zi cu zi. \u00cen anul 1990 s-a constituit Clubul St\u00e2ngacilor (&#8216;Left-Handers Club&#8217;) cu scopul de a men\u021bine o leg\u0103tur\u0103 \u00eentre st\u00e2ngacii din&#8230;<\/p>","protected":false},"author":4,"featured_media":2855,"comment_status":"open","ping_status":"open","sticky":false,"template":"","format":"standard","meta":{"footnotes":""},"categories":[1],"tags":[],"class_list":["post-2853","post","type-post","status-publish","format-standard","has-post-thumbnail","hentry","category-uncategorized"],"yoast_head":"<!-- This site is optimized with the Yoast SEO plugin v26.1.1 - https:\/\/yoast.com\/wordpress\/plugins\/seo\/ -->\n<title>13 august - Ziua interna\u021bional\u0103 a st\u00e2ngacilor - Carpathia Center Romania<\/title>\n<meta name=\"robots\" content=\"index, follow, max-snippet:-1, max-image-preview:large, max-video-preview:-1\" \/>\n<link rel=\"canonical\" href=\"https:\/\/carpathiacenter.ro\/en\/13-august-ziua-internationala-a-stangacilor\/\" \/>\n<meta property=\"og:locale\" content=\"en_GB\" \/>\n<meta property=\"og:type\" content=\"article\" \/>\n<meta property=\"og:title\" content=\"13 august - Ziua interna\u021bional\u0103 a st\u00e2ngacilor - Carpathia Center Romania\" \/>\n<meta property=\"og:description\" content=\"Ziua interna\u021bional\u0103 a st\u00e2ngacilor se celebreaz\u0103 anual la 13 august. Marcarea acestei zile are \u00een vedere sensibilizarea opiniei publice cu privire la dificult\u0103\u021bile \u0219i frustr\u0103rile cu care st\u00e2ngacii se confrunt\u0103 \u00een via\u021ba de zi cu zi. \u00cen anul 1990 s-a constituit Clubul St\u00e2ngacilor (&#8216;Left-Handers Club&#8217;) cu scopul de a men\u021bine o leg\u0103tur\u0103 \u00eentre st\u00e2ngacii din...\" \/>\n<meta property=\"og:url\" content=\"https:\/\/carpathiacenter.ro\/en\/13-august-ziua-internationala-a-stangacilor\/\" \/>\n<meta property=\"og:site_name\" content=\"Carpathia Center Romania\" \/>\n<meta property=\"article:publisher\" content=\"https:\/\/www.facebook.com\/fdpscarpathia\/\" \/>\n<meta property=\"article:published_time\" content=\"2025-08-13T08:27:16+00:00\" \/>\n<meta property=\"og:image\" content=\"https:\/\/carpathiacenter.ro\/wp-content\/uploads\/2025\/08\/stangaci.jpg\" \/>\n\t<meta property=\"og:image:width\" content=\"445\" \/>\n\t<meta property=\"og:image:height\" content=\"304\" \/>\n\t<meta property=\"og:image:type\" content=\"image\/jpeg\" \/>\n<meta name=\"author\" content=\"creativebitsolutions\" \/>\n<meta name=\"twitter:card\" content=\"summary_large_image\" \/>\n<meta name=\"twitter:label1\" content=\"Written by\" \/>\n\t<meta name=\"twitter:data1\" content=\"creativebitsolutions\" \/>\n\t<meta name=\"twitter:label2\" content=\"Estimated reading time\" \/>\n\t<meta name=\"twitter:data2\" content=\"4 minutes\" \/>\n<script type=\"application\/ld+json\" class=\"yoast-schema-graph\">{\"@context\":\"https:\/\/schema.org\",\"@graph\":[{\"@type\":\"Article\",\"@id\":\"https:\/\/carpathiacenter.ro\/13-august-ziua-internationala-a-stangacilor\/#article\",\"isPartOf\":{\"@id\":\"https:\/\/carpathiacenter.ro\/13-august-ziua-internationala-a-stangacilor\/\"},\"author\":{\"name\":\"creativebitsolutions\",\"@id\":\"https:\/\/carpathiacenter.ro\/#\/schema\/person\/03d9f58202fee8379268f34afa195006\"},\"headline\":\"13 august &#8211; Ziua interna\u021bional\u0103 a st\u00e2ngacilor\",\"datePublished\":\"2025-08-13T08:27:16+00:00\",\"mainEntityOfPage\":{\"@id\":\"https:\/\/carpathiacenter.ro\/13-august-ziua-internationala-a-stangacilor\/\"},\"wordCount\":723,\"commentCount\":0,\"publisher\":{\"@id\":\"https:\/\/carpathiacenter.ro\/#organization\"},\"image\":{\"@id\":\"https:\/\/carpathiacenter.ro\/13-august-ziua-internationala-a-stangacilor\/#primaryimage\"},\"thumbnailUrl\":\"https:\/\/carpathiacenter.ro\/wp-content\/uploads\/2025\/08\/stangaci.jpg\",\"articleSection\":[\"Uncategorized\"],\"inLanguage\":\"en-GB\",\"potentialAction\":[{\"@type\":\"CommentAction\",\"name\":\"Comment\",\"target\":[\"https:\/\/carpathiacenter.ro\/13-august-ziua-internationala-a-stangacilor\/#respond\"]}]},{\"@type\":\"WebPage\",\"@id\":\"https:\/\/carpathiacenter.ro\/13-august-ziua-internationala-a-stangacilor\/\",\"url\":\"https:\/\/carpathiacenter.ro\/13-august-ziua-internationala-a-stangacilor\/\",\"name\":\"13 august - Ziua interna\u021bional\u0103 a st\u00e2ngacilor - Carpathia Center Romania\",\"isPartOf\":{\"@id\":\"https:\/\/carpathiacenter.ro\/#website\"},\"primaryImageOfPage\":{\"@id\":\"https:\/\/carpathiacenter.ro\/13-august-ziua-internationala-a-stangacilor\/#primaryimage\"},\"image\":{\"@id\":\"https:\/\/carpathiacenter.ro\/13-august-ziua-internationala-a-stangacilor\/#primaryimage\"},\"thumbnailUrl\":\"https:\/\/carpathiacenter.ro\/wp-content\/uploads\/2025\/08\/stangaci.jpg\",\"datePublished\":\"2025-08-13T08:27:16+00:00\",\"breadcrumb\":{\"@id\":\"https:\/\/carpathiacenter.ro\/13-august-ziua-internationala-a-stangacilor\/#breadcrumb\"},\"inLanguage\":\"en-GB\",\"potentialAction\":[{\"@type\":\"ReadAction\",\"target\":[\"https:\/\/carpathiacenter.ro\/13-august-ziua-internationala-a-stangacilor\/\"]}]},{\"@type\":\"ImageObject\",\"inLanguage\":\"en-GB\",\"@id\":\"https:\/\/carpathiacenter.ro\/13-august-ziua-internationala-a-stangacilor\/#primaryimage\",\"url\":\"https:\/\/carpathiacenter.ro\/wp-content\/uploads\/2025\/08\/stangaci.jpg\",\"contentUrl\":\"https:\/\/carpathiacenter.ro\/wp-content\/uploads\/2025\/08\/stangaci.jpg\",\"width\":445,\"height\":304},{\"@type\":\"BreadcrumbList\",\"@id\":\"https:\/\/carpathiacenter.ro\/13-august-ziua-internationala-a-stangacilor\/#breadcrumb\",\"itemListElement\":[{\"@type\":\"ListItem\",\"position\":1,\"name\":\"Prima pagin\u0103\",\"item\":\"https:\/\/carpathiacenter.ro\/\"},{\"@type\":\"ListItem\",\"position\":2,\"name\":\"13 august &#8211; Ziua interna\u021bional\u0103 a st\u00e2ngacilor\"}]},{\"@type\":\"WebSite\",\"@id\":\"https:\/\/carpathiacenter.ro\/#website\",\"url\":\"https:\/\/carpathiacenter.ro\/\",\"name\":\"Carpathia Center Romania\",\"description\":\"Impossible made possible!\",\"publisher\":{\"@id\":\"https:\/\/carpathiacenter.ro\/#organization\"},\"potentialAction\":[{\"@type\":\"SearchAction\",\"target\":{\"@type\":\"EntryPoint\",\"urlTemplate\":\"https:\/\/carpathiacenter.ro\/?s={search_term_string}\"},\"query-input\":{\"@type\":\"PropertyValueSpecification\",\"valueRequired\":true,\"valueName\":\"search_term_string\"}}],\"inLanguage\":\"en-GB\"},{\"@type\":\"Organization\",\"@id\":\"https:\/\/carpathiacenter.ro\/#organization\",\"name\":\"Carpathia Center Romania\",\"url\":\"https:\/\/carpathiacenter.ro\/\",\"logo\":{\"@type\":\"ImageObject\",\"inLanguage\":\"en-GB\",\"@id\":\"https:\/\/carpathiacenter.ro\/#\/schema\/logo\/image\/\",\"url\":\"https:\/\/carpathiacenter.ro\/wp-content\/uploads\/2024\/07\/logo-carpathia_bg_white-1024x941.png\",\"contentUrl\":\"https:\/\/carpathiacenter.ro\/wp-content\/uploads\/2024\/07\/logo-carpathia_bg_white-1024x941.png\",\"width\":1024,\"height\":941,\"caption\":\"Carpathia Center Romania\"},\"image\":{\"@id\":\"https:\/\/carpathiacenter.ro\/#\/schema\/logo\/image\/\"},\"sameAs\":[\"https:\/\/www.facebook.com\/fdpscarpathia\/\"]},{\"@type\":\"Person\",\"@id\":\"https:\/\/carpathiacenter.ro\/#\/schema\/person\/03d9f58202fee8379268f34afa195006\",\"name\":\"creativebitsolutions\",\"image\":{\"@type\":\"ImageObject\",\"inLanguage\":\"en-GB\",\"@id\":\"https:\/\/carpathiacenter.ro\/#\/schema\/person\/image\/\",\"url\":\"https:\/\/secure.gravatar.com\/avatar\/1b1a13e37f847c635dab78348f1dff2f07651ee2a3d77a5c355a4b8c75f9165a?s=96&d=mm&r=g\",\"contentUrl\":\"https:\/\/secure.gravatar.com\/avatar\/1b1a13e37f847c635dab78348f1dff2f07651ee2a3d77a5c355a4b8c75f9165a?s=96&d=mm&r=g\",\"caption\":\"creativebitsolutions\"},\"url\":\"https:\/\/carpathiacenter.ro\/en\/author\/creativebitsolutions\/\"}]}<\/script>\n<!-- \/ Yoast SEO plugin. -->","yoast_head_json":{"title":"13 august - Ziua interna\u021bional\u0103 a st\u00e2ngacilor - Carpathia Center Romania","robots":{"index":"index","follow":"follow","max-snippet":"max-snippet:-1","max-image-preview":"max-image-preview:large","max-video-preview":"max-video-preview:-1"},"canonical":"https:\/\/carpathiacenter.ro\/en\/13-august-ziua-internationala-a-stangacilor\/","og_locale":"en_GB","og_type":"article","og_title":"13 august - Ziua interna\u021bional\u0103 a st\u00e2ngacilor - Carpathia Center Romania","og_description":"Ziua interna\u021bional\u0103 a st\u00e2ngacilor se celebreaz\u0103 anual la 13 august. Marcarea acestei zile are \u00een vedere sensibilizarea opiniei publice cu privire la dificult\u0103\u021bile \u0219i frustr\u0103rile cu care st\u00e2ngacii se confrunt\u0103 \u00een via\u021ba de zi cu zi. \u00cen anul 1990 s-a constituit Clubul St\u00e2ngacilor (&#8216;Left-Handers Club&#8217;) cu scopul de a men\u021bine o leg\u0103tur\u0103 \u00eentre st\u00e2ngacii din...","og_url":"https:\/\/carpathiacenter.ro\/en\/13-august-ziua-internationala-a-stangacilor\/","og_site_name":"Carpathia Center Romania","article_publisher":"https:\/\/www.facebook.com\/fdpscarpathia\/","article_published_time":"2025-08-13T08:27:16+00:00","og_image":[{"width":445,"height":304,"url":"https:\/\/carpathiacenter.ro\/wp-content\/uploads\/2025\/08\/stangaci.jpg","type":"image\/jpeg"}],"author":"creativebitsolutions","twitter_card":"summary_large_image","twitter_misc":{"Written by":"creativebitsolutions","Estimated reading time":"4 minutes"},"schema":{"@context":"https:\/\/schema.org","@graph":[{"@type":"Article","@id":"https:\/\/carpathiacenter.ro\/13-august-ziua-internationala-a-stangacilor\/#article","isPartOf":{"@id":"https:\/\/carpathiacenter.ro\/13-august-ziua-internationala-a-stangacilor\/"},"author":{"name":"creativebitsolutions","@id":"https:\/\/carpathiacenter.ro\/#\/schema\/person\/03d9f58202fee8379268f34afa195006"},"headline":"13 august &#8211; Ziua interna\u021bional\u0103 a st\u00e2ngacilor","datePublished":"2025-08-13T08:27:16+00:00","mainEntityOfPage":{"@id":"https:\/\/carpathiacenter.ro\/13-august-ziua-internationala-a-stangacilor\/"},"wordCount":723,"commentCount":0,"publisher":{"@id":"https:\/\/carpathiacenter.ro\/#organization"},"image":{"@id":"https:\/\/carpathiacenter.ro\/13-august-ziua-internationala-a-stangacilor\/#primaryimage"},"thumbnailUrl":"https:\/\/carpathiacenter.ro\/wp-content\/uploads\/2025\/08\/stangaci.jpg","articleSection":["Uncategorized"],"inLanguage":"en-GB","potentialAction":[{"@type":"CommentAction","name":"Comment","target":["https:\/\/carpathiacenter.ro\/13-august-ziua-internationala-a-stangacilor\/#respond"]}]},{"@type":"WebPage","@id":"https:\/\/carpathiacenter.ro\/13-august-ziua-internationala-a-stangacilor\/","url":"https:\/\/carpathiacenter.ro\/13-august-ziua-internationala-a-stangacilor\/","name":"13 august - Ziua interna\u021bional\u0103 a st\u00e2ngacilor - Carpathia Center Romania","isPartOf":{"@id":"https:\/\/carpathiacenter.ro\/#website"},"primaryImageOfPage":{"@id":"https:\/\/carpathiacenter.ro\/13-august-ziua-internationala-a-stangacilor\/#primaryimage"},"image":{"@id":"https:\/\/carpathiacenter.ro\/13-august-ziua-internationala-a-stangacilor\/#primaryimage"},"thumbnailUrl":"https:\/\/carpathiacenter.ro\/wp-content\/uploads\/2025\/08\/stangaci.jpg","datePublished":"2025-08-13T08:27:16+00:00","breadcrumb":{"@id":"https:\/\/carpathiacenter.ro\/13-august-ziua-internationala-a-stangacilor\/#breadcrumb"},"inLanguage":"en-GB","potentialAction":[{"@type":"ReadAction","target":["https:\/\/carpathiacenter.ro\/13-august-ziua-internationala-a-stangacilor\/"]}]},{"@type":"ImageObject","inLanguage":"en-GB","@id":"https:\/\/carpathiacenter.ro\/13-august-ziua-internationala-a-stangacilor\/#primaryimage","url":"https:\/\/carpathiacenter.ro\/wp-content\/uploads\/2025\/08\/stangaci.jpg","contentUrl":"https:\/\/carpathiacenter.ro\/wp-content\/uploads\/2025\/08\/stangaci.jpg","width":445,"height":304},{"@type":"BreadcrumbList","@id":"https:\/\/carpathiacenter.ro\/13-august-ziua-internationala-a-stangacilor\/#breadcrumb","itemListElement":[{"@type":"ListItem","position":1,"name":"Prima pagin\u0103","item":"https:\/\/carpathiacenter.ro\/"},{"@type":"ListItem","position":2,"name":"13 august &#8211; Ziua interna\u021bional\u0103 a st\u00e2ngacilor"}]},{"@type":"WebSite","@id":"https:\/\/carpathiacenter.ro\/#website","url":"https:\/\/carpathiacenter.ro\/","name":"Carpathia Center Romania","description":"Impossible made possible!","publisher":{"@id":"https:\/\/carpathiacenter.ro\/#organization"},"potentialAction":[{"@type":"SearchAction","target":{"@type":"EntryPoint","urlTemplate":"https:\/\/carpathiacenter.ro\/?s={search_term_string}"},"query-input":{"@type":"PropertyValueSpecification","valueRequired":true,"valueName":"search_term_string"}}],"inLanguage":"en-GB"},{"@type":"Organization","@id":"https:\/\/carpathiacenter.ro\/#organization","name":"Carpathia Center Romania","url":"https:\/\/carpathiacenter.ro\/","logo":{"@type":"ImageObject","inLanguage":"en-GB","@id":"https:\/\/carpathiacenter.ro\/#\/schema\/logo\/image\/","url":"https:\/\/carpathiacenter.ro\/wp-content\/uploads\/2024\/07\/logo-carpathia_bg_white-1024x941.png","contentUrl":"https:\/\/carpathiacenter.ro\/wp-content\/uploads\/2024\/07\/logo-carpathia_bg_white-1024x941.png","width":1024,"height":941,"caption":"Carpathia Center Romania"},"image":{"@id":"https:\/\/carpathiacenter.ro\/#\/schema\/logo\/image\/"},"sameAs":["https:\/\/www.facebook.com\/fdpscarpathia\/"]},{"@type":"Person","@id":"https:\/\/carpathiacenter.ro\/#\/schema\/person\/03d9f58202fee8379268f34afa195006","name":"creativebitsolutions","image":{"@type":"ImageObject","inLanguage":"en-GB","@id":"https:\/\/carpathiacenter.ro\/#\/schema\/person\/image\/","url":"https:\/\/secure.gravatar.com\/avatar\/1b1a13e37f847c635dab78348f1dff2f07651ee2a3d77a5c355a4b8c75f9165a?s=96&d=mm&r=g","contentUrl":"https:\/\/secure.gravatar.com\/avatar\/1b1a13e37f847c635dab78348f1dff2f07651ee2a3d77a5c355a4b8c75f9165a?s=96&d=mm&r=g","caption":"creativebitsolutions"},"url":"https:\/\/carpathiacenter.ro\/en\/author\/creativebitsolutions\/"}]}},"_links":{"self":[{"href":"https:\/\/carpathiacenter.ro\/en\/wp-json\/wp\/v2\/posts\/2853","targetHints":{"allow":["GET"]}}],"collection":[{"href":"https:\/\/carpathiacenter.ro\/en\/wp-json\/wp\/v2\/posts"}],"about":[{"href":"https:\/\/carpathiacenter.ro\/en\/wp-json\/wp\/v2\/types\/post"}],"author":[{"embeddable":true,"href":"https:\/\/carpathiacenter.ro\/en\/wp-json\/wp\/v2\/users\/4"}],"replies":[{"embeddable":true,"href":"https:\/\/carpathiacenter.ro\/en\/wp-json\/wp\/v2\/comments?post=2853"}],"version-history":[{"count":1,"href":"https:\/\/carpathiacenter.ro\/en\/wp-json\/wp\/v2\/posts\/2853\/revisions"}],"predecessor-version":[{"id":2856,"href":"https:\/\/carpathiacenter.ro\/en\/wp-json\/wp\/v2\/posts\/2853\/revisions\/2856"}],"wp:featuredmedia":[{"embeddable":true,"href":"https:\/\/carpathiacenter.ro\/en\/wp-json\/wp\/v2\/media\/2855"}],"wp:attachment":[{"href":"https:\/\/carpathiacenter.ro\/en\/wp-json\/wp\/v2\/media?parent=2853"}],"wp:term":[{"taxonomy":"category","embeddable":true,"href":"https:\/\/carpathiacenter.ro\/en\/wp-json\/wp\/v2\/categories?post=2853"},{"taxonomy":"post_tag","embeddable":true,"href":"https:\/\/carpathiacenter.ro\/en\/wp-json\/wp\/v2\/tags?post=2853"}],"curies":[{"name":"wp","href":"https:\/\/api.w.org\/{rel}","templated":true}]}}