{"id":2850,"date":"2025-08-12T08:33:31","date_gmt":"2025-08-12T08:33:31","guid":{"rendered":"https:\/\/carpathiacenter.ro\/?p=2850"},"modified":"2025-08-12T08:33:31","modified_gmt":"2025-08-12T08:33:31","slug":"guvernatorul-bancii-centrale-prezinta-marti-raportul-trimestrial-asupra-inflatiei","status":"publish","type":"post","link":"https:\/\/carpathiacenter.ro\/en\/guvernatorul-bancii-centrale-prezinta-marti-raportul-trimestrial-asupra-inflatiei\/","title":{"rendered":"Guvernatorul b\u0103ncii centrale prezint\u0103 mar\u021bi Raportul trimestrial asupra infla\u021biei"},"content":{"rendered":"<p><strong>Guvernatorul BNR, Mugur Is\u0103rescu, va prezenta, mar\u021bi, Raportul trimestrial asupra infla\u021biei.<\/strong><\/p>\n<p>Potrivit unui comunicat de pres\u0103 al B\u0103ncii Na\u021bionale a Rom\u00e2niei, rata anual\u0103 a infla\u021biei va consemna un amplu salt \u00een trimestrul III din 2025, sub impactul tranzitoriu al expir\u0103rii schemei de plafonare a pre\u021bului la energia electric\u0103 \u0219i al major\u0103rii cotelor de TVA \u0219i accizelor, de la 1 august, iar \u00een urm\u0103toarele trei trimestre se va reduce relativ lent \u0219i pe o traiectorie fluctuant\u0103, considerabil mai ridicat\u0103 dec\u00e2t cea din proiec\u021bia precedent\u0103.<\/p>\n<p>Consiliul de Administra\u021bie al BNR a analizat \u0219i aprobat, \u00een \u0219edin\u021ba de politic\u0103 monetar\u0103 de vineri, \u0219i Raportul asupra infla\u021biei, edi\u021bia august 2025, document ce \u00eencorporeaz\u0103 cele mai recente date \u0219i informa\u021bii disponibile. AGERPRES\/(AS &#8211; redactor: George B\u0103nciulea, editor: Andreea Marinescu, editor online: Andreea Preda)<br \/>\n<br \/>\nSursa articolului:<a href=\"https:\/\/agerpres.ro\/economic\/2025\/08\/12\/guvernatorul-bancii-centrale-prezinta-marti-raportul-trimestrial-asupra-inflatiei--1475201\" target=\"\\\\\\_blank\" rel=\"noopener\" title=\"\"> https:\/\/agerpres.ro\/economic\/2025\/08\/12\/guvernatorul-bancii-centrale-prezinta-marti-raportul-trimestrial-asupra-inflatiei&#8211;1475201<\/a><\/p>","protected":false},"excerpt":{"rendered":"<p>Guvernatorul BNR, Mugur Is\u0103rescu, va prezenta, mar\u021bi, Raportul trimestrial asupra infla\u021biei. Potrivit unui comunicat de pres\u0103 al B\u0103ncii Na\u021bionale a Rom\u00e2niei, rata anual\u0103 a infla\u021biei va consemna un amplu salt \u00een trimestrul III din 2025, sub impactul tranzitoriu al expir\u0103rii schemei de plafonare a pre\u021bului la energia electric\u0103 \u0219i al major\u0103rii cotelor de TVA \u0219i&#8230;<\/p>","protected":false},"author":4,"featured_media":2851,"comment_status":"open","ping_status":"open","sticky":false,"template":"","format":"standard","meta":{"footnotes":""},"categories":[1],"tags":[],"class_list":["post-2850","post","type-post","status-publish","format-standard","has-post-thumbnail","hentry","category-uncategorized"],"yoast_head":"<!-- This site is optimized with the Yoast SEO plugin v26.1.1 - https:\/\/yoast.com\/wordpress\/plugins\/seo\/ -->\n<title>Guvernatorul b\u0103ncii centrale prezint\u0103 mar\u021bi Raportul trimestrial asupra infla\u021biei - Carpathia Center Romania<\/title>\n<meta name=\"robots\" content=\"index, follow, max-snippet:-1, max-image-preview:large, max-video-preview:-1\" \/>\n<link rel=\"canonical\" href=\"https:\/\/carpathiacenter.ro\/en\/guvernatorul-bancii-centrale-prezinta-marti-raportul-trimestrial-asupra-inflatiei\/\" \/>\n<meta property=\"og:locale\" content=\"en_GB\" \/>\n<meta property=\"og:type\" content=\"article\" \/>\n<meta property=\"og:title\" content=\"Guvernatorul b\u0103ncii centrale prezint\u0103 mar\u021bi Raportul trimestrial asupra infla\u021biei - Carpathia Center Romania\" \/>\n<meta property=\"og:description\" content=\"Guvernatorul BNR, Mugur Is\u0103rescu, va prezenta, mar\u021bi, Raportul trimestrial asupra infla\u021biei. Potrivit unui comunicat de pres\u0103 al B\u0103ncii Na\u021bionale a Rom\u00e2niei, rata anual\u0103 a infla\u021biei va consemna un amplu salt \u00een trimestrul III din 2025, sub impactul tranzitoriu al expir\u0103rii schemei de plafonare a pre\u021bului la energia electric\u0103 \u0219i al major\u0103rii cotelor de TVA \u0219i...\" \/>\n<meta property=\"og:url\" content=\"https:\/\/carpathiacenter.ro\/en\/guvernatorul-bancii-centrale-prezinta-marti-raportul-trimestrial-asupra-inflatiei\/\" \/>\n<meta property=\"og:site_name\" content=\"Carpathia Center Romania\" \/>\n<meta property=\"article:publisher\" content=\"https:\/\/www.facebook.com\/fdpscarpathia\/\" \/>\n<meta property=\"article:published_time\" content=\"2025-08-12T08:33:31+00:00\" \/>\n<meta property=\"og:image\" content=\"https:\/\/carpathiacenter.ro\/wp-content\/uploads\/2025\/08\/Mugur-Isarescu.jpg\" \/>\n\t<meta property=\"og:image:width\" content=\"640\" \/>\n\t<meta property=\"og:image:height\" content=\"427\" \/>\n\t<meta property=\"og:image:type\" content=\"image\/jpeg\" \/>\n<meta name=\"author\" content=\"creativebitsolutions\" \/>\n<meta name=\"twitter:card\" content=\"summary_large_image\" \/>\n<meta name=\"twitter:label1\" content=\"Written by\" \/>\n\t<meta name=\"twitter:data1\" content=\"creativebitsolutions\" \/>\n\t<meta name=\"twitter:label2\" content=\"Estimated reading time\" \/>\n\t<meta name=\"twitter:data2\" content=\"1 minute\" \/>\n<script type=\"application\/ld+json\" class=\"yoast-schema-graph\">{\"@context\":\"https:\/\/schema.org\",\"@graph\":[{\"@type\":\"Article\",\"@id\":\"https:\/\/carpathiacenter.ro\/guvernatorul-bancii-centrale-prezinta-marti-raportul-trimestrial-asupra-inflatiei\/#article\",\"isPartOf\":{\"@id\":\"https:\/\/carpathiacenter.ro\/guvernatorul-bancii-centrale-prezinta-marti-raportul-trimestrial-asupra-inflatiei\/\"},\"author\":{\"name\":\"creativebitsolutions\",\"@id\":\"https:\/\/carpathiacenter.ro\/#\/schema\/person\/03d9f58202fee8379268f34afa195006\"},\"headline\":\"Guvernatorul b\u0103ncii centrale prezint\u0103 mar\u021bi Raportul trimestrial asupra infla\u021biei\",\"datePublished\":\"2025-08-12T08:33:31+00:00\",\"mainEntityOfPage\":{\"@id\":\"https:\/\/carpathiacenter.ro\/guvernatorul-bancii-centrale-prezinta-marti-raportul-trimestrial-asupra-inflatiei\/\"},\"wordCount\":164,\"commentCount\":0,\"publisher\":{\"@id\":\"https:\/\/carpathiacenter.ro\/#organization\"},\"image\":{\"@id\":\"https:\/\/carpathiacenter.ro\/guvernatorul-bancii-centrale-prezinta-marti-raportul-trimestrial-asupra-inflatiei\/#primaryimage\"},\"thumbnailUrl\":\"https:\/\/carpathiacenter.ro\/wp-content\/uploads\/2025\/08\/Mugur-Isarescu.jpg\",\"articleSection\":[\"Uncategorized\"],\"inLanguage\":\"en-GB\",\"potentialAction\":[{\"@type\":\"CommentAction\",\"name\":\"Comment\",\"target\":[\"https:\/\/carpathiacenter.ro\/guvernatorul-bancii-centrale-prezinta-marti-raportul-trimestrial-asupra-inflatiei\/#respond\"]}]},{\"@type\":\"WebPage\",\"@id\":\"https:\/\/carpathiacenter.ro\/guvernatorul-bancii-centrale-prezinta-marti-raportul-trimestrial-asupra-inflatiei\/\",\"url\":\"https:\/\/carpathiacenter.ro\/guvernatorul-bancii-centrale-prezinta-marti-raportul-trimestrial-asupra-inflatiei\/\",\"name\":\"Guvernatorul b\u0103ncii centrale prezint\u0103 mar\u021bi Raportul trimestrial asupra infla\u021biei - Carpathia Center Romania\",\"isPartOf\":{\"@id\":\"https:\/\/carpathiacenter.ro\/#website\"},\"primaryImageOfPage\":{\"@id\":\"https:\/\/carpathiacenter.ro\/guvernatorul-bancii-centrale-prezinta-marti-raportul-trimestrial-asupra-inflatiei\/#primaryimage\"},\"image\":{\"@id\":\"https:\/\/carpathiacenter.ro\/guvernatorul-bancii-centrale-prezinta-marti-raportul-trimestrial-asupra-inflatiei\/#primaryimage\"},\"thumbnailUrl\":\"https:\/\/carpathiacenter.ro\/wp-content\/uploads\/2025\/08\/Mugur-Isarescu.jpg\",\"datePublished\":\"2025-08-12T08:33:31+00:00\",\"breadcrumb\":{\"@id\":\"https:\/\/carpathiacenter.ro\/guvernatorul-bancii-centrale-prezinta-marti-raportul-trimestrial-asupra-inflatiei\/#breadcrumb\"},\"inLanguage\":\"en-GB\",\"potentialAction\":[{\"@type\":\"ReadAction\",\"target\":[\"https:\/\/carpathiacenter.ro\/guvernatorul-bancii-centrale-prezinta-marti-raportul-trimestrial-asupra-inflatiei\/\"]}]},{\"@type\":\"ImageObject\",\"inLanguage\":\"en-GB\",\"@id\":\"https:\/\/carpathiacenter.ro\/guvernatorul-bancii-centrale-prezinta-marti-raportul-trimestrial-asupra-inflatiei\/#primaryimage\",\"url\":\"https:\/\/carpathiacenter.ro\/wp-content\/uploads\/2025\/08\/Mugur-Isarescu.jpg\",\"contentUrl\":\"https:\/\/carpathiacenter.ro\/wp-content\/uploads\/2025\/08\/Mugur-Isarescu.jpg\",\"width\":640,\"height\":427},{\"@type\":\"BreadcrumbList\",\"@id\":\"https:\/\/carpathiacenter.ro\/guvernatorul-bancii-centrale-prezinta-marti-raportul-trimestrial-asupra-inflatiei\/#breadcrumb\",\"itemListElement\":[{\"@type\":\"ListItem\",\"position\":1,\"name\":\"Prima pagin\u0103\",\"item\":\"https:\/\/carpathiacenter.ro\/\"},{\"@type\":\"ListItem\",\"position\":2,\"name\":\"Guvernatorul b\u0103ncii centrale prezint\u0103 mar\u021bi Raportul trimestrial asupra infla\u021biei\"}]},{\"@type\":\"WebSite\",\"@id\":\"https:\/\/carpathiacenter.ro\/#website\",\"url\":\"https:\/\/carpathiacenter.ro\/\",\"name\":\"Carpathia Center Romania\",\"description\":\"Impossible made possible!\",\"publisher\":{\"@id\":\"https:\/\/carpathiacenter.ro\/#organization\"},\"potentialAction\":[{\"@type\":\"SearchAction\",\"target\":{\"@type\":\"EntryPoint\",\"urlTemplate\":\"https:\/\/carpathiacenter.ro\/?s={search_term_string}\"},\"query-input\":{\"@type\":\"PropertyValueSpecification\",\"valueRequired\":true,\"valueName\":\"search_term_string\"}}],\"inLanguage\":\"en-GB\"},{\"@type\":\"Organization\",\"@id\":\"https:\/\/carpathiacenter.ro\/#organization\",\"name\":\"Carpathia Center Romania\",\"url\":\"https:\/\/carpathiacenter.ro\/\",\"logo\":{\"@type\":\"ImageObject\",\"inLanguage\":\"en-GB\",\"@id\":\"https:\/\/carpathiacenter.ro\/#\/schema\/logo\/image\/\",\"url\":\"https:\/\/carpathiacenter.ro\/wp-content\/uploads\/2024\/07\/logo-carpathia_bg_white-1024x941.png\",\"contentUrl\":\"https:\/\/carpathiacenter.ro\/wp-content\/uploads\/2024\/07\/logo-carpathia_bg_white-1024x941.png\",\"width\":1024,\"height\":941,\"caption\":\"Carpathia Center Romania\"},\"image\":{\"@id\":\"https:\/\/carpathiacenter.ro\/#\/schema\/logo\/image\/\"},\"sameAs\":[\"https:\/\/www.facebook.com\/fdpscarpathia\/\"]},{\"@type\":\"Person\",\"@id\":\"https:\/\/carpathiacenter.ro\/#\/schema\/person\/03d9f58202fee8379268f34afa195006\",\"name\":\"creativebitsolutions\",\"image\":{\"@type\":\"ImageObject\",\"inLanguage\":\"en-GB\",\"@id\":\"https:\/\/carpathiacenter.ro\/#\/schema\/person\/image\/\",\"url\":\"https:\/\/secure.gravatar.com\/avatar\/1b1a13e37f847c635dab78348f1dff2f07651ee2a3d77a5c355a4b8c75f9165a?s=96&d=mm&r=g\",\"contentUrl\":\"https:\/\/secure.gravatar.com\/avatar\/1b1a13e37f847c635dab78348f1dff2f07651ee2a3d77a5c355a4b8c75f9165a?s=96&d=mm&r=g\",\"caption\":\"creativebitsolutions\"},\"url\":\"https:\/\/carpathiacenter.ro\/en\/author\/creativebitsolutions\/\"}]}<\/script>\n<!-- \/ Yoast SEO plugin. -->","yoast_head_json":{"title":"Guvernatorul b\u0103ncii centrale prezint\u0103 mar\u021bi Raportul trimestrial asupra infla\u021biei - Carpathia Center Romania","robots":{"index":"index","follow":"follow","max-snippet":"max-snippet:-1","max-image-preview":"max-image-preview:large","max-video-preview":"max-video-preview:-1"},"canonical":"https:\/\/carpathiacenter.ro\/en\/guvernatorul-bancii-centrale-prezinta-marti-raportul-trimestrial-asupra-inflatiei\/","og_locale":"en_GB","og_type":"article","og_title":"Guvernatorul b\u0103ncii centrale prezint\u0103 mar\u021bi Raportul trimestrial asupra infla\u021biei - Carpathia Center Romania","og_description":"Guvernatorul BNR, Mugur Is\u0103rescu, va prezenta, mar\u021bi, Raportul trimestrial asupra infla\u021biei. Potrivit unui comunicat de pres\u0103 al B\u0103ncii Na\u021bionale a Rom\u00e2niei, rata anual\u0103 a infla\u021biei va consemna un amplu salt \u00een trimestrul III din 2025, sub impactul tranzitoriu al expir\u0103rii schemei de plafonare a pre\u021bului la energia electric\u0103 \u0219i al major\u0103rii cotelor de TVA \u0219i...","og_url":"https:\/\/carpathiacenter.ro\/en\/guvernatorul-bancii-centrale-prezinta-marti-raportul-trimestrial-asupra-inflatiei\/","og_site_name":"Carpathia Center Romania","article_publisher":"https:\/\/www.facebook.com\/fdpscarpathia\/","article_published_time":"2025-08-12T08:33:31+00:00","og_image":[{"width":640,"height":427,"url":"https:\/\/carpathiacenter.ro\/wp-content\/uploads\/2025\/08\/Mugur-Isarescu.jpg","type":"image\/jpeg"}],"author":"creativebitsolutions","twitter_card":"summary_large_image","twitter_misc":{"Written by":"creativebitsolutions","Estimated reading time":"1 minute"},"schema":{"@context":"https:\/\/schema.org","@graph":[{"@type":"Article","@id":"https:\/\/carpathiacenter.ro\/guvernatorul-bancii-centrale-prezinta-marti-raportul-trimestrial-asupra-inflatiei\/#article","isPartOf":{"@id":"https:\/\/carpathiacenter.ro\/guvernatorul-bancii-centrale-prezinta-marti-raportul-trimestrial-asupra-inflatiei\/"},"author":{"name":"creativebitsolutions","@id":"https:\/\/carpathiacenter.ro\/#\/schema\/person\/03d9f58202fee8379268f34afa195006"},"headline":"Guvernatorul b\u0103ncii centrale prezint\u0103 mar\u021bi Raportul trimestrial asupra infla\u021biei","datePublished":"2025-08-12T08:33:31+00:00","mainEntityOfPage":{"@id":"https:\/\/carpathiacenter.ro\/guvernatorul-bancii-centrale-prezinta-marti-raportul-trimestrial-asupra-inflatiei\/"},"wordCount":164,"commentCount":0,"publisher":{"@id":"https:\/\/carpathiacenter.ro\/#organization"},"image":{"@id":"https:\/\/carpathiacenter.ro\/guvernatorul-bancii-centrale-prezinta-marti-raportul-trimestrial-asupra-inflatiei\/#primaryimage"},"thumbnailUrl":"https:\/\/carpathiacenter.ro\/wp-content\/uploads\/2025\/08\/Mugur-Isarescu.jpg","articleSection":["Uncategorized"],"inLanguage":"en-GB","potentialAction":[{"@type":"CommentAction","name":"Comment","target":["https:\/\/carpathiacenter.ro\/guvernatorul-bancii-centrale-prezinta-marti-raportul-trimestrial-asupra-inflatiei\/#respond"]}]},{"@type":"WebPage","@id":"https:\/\/carpathiacenter.ro\/guvernatorul-bancii-centrale-prezinta-marti-raportul-trimestrial-asupra-inflatiei\/","url":"https:\/\/carpathiacenter.ro\/guvernatorul-bancii-centrale-prezinta-marti-raportul-trimestrial-asupra-inflatiei\/","name":"Guvernatorul b\u0103ncii centrale prezint\u0103 mar\u021bi Raportul trimestrial asupra infla\u021biei - Carpathia Center Romania","isPartOf":{"@id":"https:\/\/carpathiacenter.ro\/#website"},"primaryImageOfPage":{"@id":"https:\/\/carpathiacenter.ro\/guvernatorul-bancii-centrale-prezinta-marti-raportul-trimestrial-asupra-inflatiei\/#primaryimage"},"image":{"@id":"https:\/\/carpathiacenter.ro\/guvernatorul-bancii-centrale-prezinta-marti-raportul-trimestrial-asupra-inflatiei\/#primaryimage"},"thumbnailUrl":"https:\/\/carpathiacenter.ro\/wp-content\/uploads\/2025\/08\/Mugur-Isarescu.jpg","datePublished":"2025-08-12T08:33:31+00:00","breadcrumb":{"@id":"https:\/\/carpathiacenter.ro\/guvernatorul-bancii-centrale-prezinta-marti-raportul-trimestrial-asupra-inflatiei\/#breadcrumb"},"inLanguage":"en-GB","potentialAction":[{"@type":"ReadAction","target":["https:\/\/carpathiacenter.ro\/guvernatorul-bancii-centrale-prezinta-marti-raportul-trimestrial-asupra-inflatiei\/"]}]},{"@type":"ImageObject","inLanguage":"en-GB","@id":"https:\/\/carpathiacenter.ro\/guvernatorul-bancii-centrale-prezinta-marti-raportul-trimestrial-asupra-inflatiei\/#primaryimage","url":"https:\/\/carpathiacenter.ro\/wp-content\/uploads\/2025\/08\/Mugur-Isarescu.jpg","contentUrl":"https:\/\/carpathiacenter.ro\/wp-content\/uploads\/2025\/08\/Mugur-Isarescu.jpg","width":640,"height":427},{"@type":"BreadcrumbList","@id":"https:\/\/carpathiacenter.ro\/guvernatorul-bancii-centrale-prezinta-marti-raportul-trimestrial-asupra-inflatiei\/#breadcrumb","itemListElement":[{"@type":"ListItem","position":1,"name":"Prima pagin\u0103","item":"https:\/\/carpathiacenter.ro\/"},{"@type":"ListItem","position":2,"name":"Guvernatorul b\u0103ncii centrale prezint\u0103 mar\u021bi Raportul trimestrial asupra infla\u021biei"}]},{"@type":"WebSite","@id":"https:\/\/carpathiacenter.ro\/#website","url":"https:\/\/carpathiacenter.ro\/","name":"Carpathia Center Romania","description":"Impossible made possible!","publisher":{"@id":"https:\/\/carpathiacenter.ro\/#organization"},"potentialAction":[{"@type":"SearchAction","target":{"@type":"EntryPoint","urlTemplate":"https:\/\/carpathiacenter.ro\/?s={search_term_string}"},"query-input":{"@type":"PropertyValueSpecification","valueRequired":true,"valueName":"search_term_string"}}],"inLanguage":"en-GB"},{"@type":"Organization","@id":"https:\/\/carpathiacenter.ro\/#organization","name":"Carpathia Center Romania","url":"https:\/\/carpathiacenter.ro\/","logo":{"@type":"ImageObject","inLanguage":"en-GB","@id":"https:\/\/carpathiacenter.ro\/#\/schema\/logo\/image\/","url":"https:\/\/carpathiacenter.ro\/wp-content\/uploads\/2024\/07\/logo-carpathia_bg_white-1024x941.png","contentUrl":"https:\/\/carpathiacenter.ro\/wp-content\/uploads\/2024\/07\/logo-carpathia_bg_white-1024x941.png","width":1024,"height":941,"caption":"Carpathia Center Romania"},"image":{"@id":"https:\/\/carpathiacenter.ro\/#\/schema\/logo\/image\/"},"sameAs":["https:\/\/www.facebook.com\/fdpscarpathia\/"]},{"@type":"Person","@id":"https:\/\/carpathiacenter.ro\/#\/schema\/person\/03d9f58202fee8379268f34afa195006","name":"creativebitsolutions","image":{"@type":"ImageObject","inLanguage":"en-GB","@id":"https:\/\/carpathiacenter.ro\/#\/schema\/person\/image\/","url":"https:\/\/secure.gravatar.com\/avatar\/1b1a13e37f847c635dab78348f1dff2f07651ee2a3d77a5c355a4b8c75f9165a?s=96&d=mm&r=g","contentUrl":"https:\/\/secure.gravatar.com\/avatar\/1b1a13e37f847c635dab78348f1dff2f07651ee2a3d77a5c355a4b8c75f9165a?s=96&d=mm&r=g","caption":"creativebitsolutions"},"url":"https:\/\/carpathiacenter.ro\/en\/author\/creativebitsolutions\/"}]}},"_links":{"self":[{"href":"https:\/\/carpathiacenter.ro\/en\/wp-json\/wp\/v2\/posts\/2850","targetHints":{"allow":["GET"]}}],"collection":[{"href":"https:\/\/carpathiacenter.ro\/en\/wp-json\/wp\/v2\/posts"}],"about":[{"href":"https:\/\/carpathiacenter.ro\/en\/wp-json\/wp\/v2\/types\/post"}],"author":[{"embeddable":true,"href":"https:\/\/carpathiacenter.ro\/en\/wp-json\/wp\/v2\/users\/4"}],"replies":[{"embeddable":true,"href":"https:\/\/carpathiacenter.ro\/en\/wp-json\/wp\/v2\/comments?post=2850"}],"version-history":[{"count":1,"href":"https:\/\/carpathiacenter.ro\/en\/wp-json\/wp\/v2\/posts\/2850\/revisions"}],"predecessor-version":[{"id":2852,"href":"https:\/\/carpathiacenter.ro\/en\/wp-json\/wp\/v2\/posts\/2850\/revisions\/2852"}],"wp:featuredmedia":[{"embeddable":true,"href":"https:\/\/carpathiacenter.ro\/en\/wp-json\/wp\/v2\/media\/2851"}],"wp:attachment":[{"href":"https:\/\/carpathiacenter.ro\/en\/wp-json\/wp\/v2\/media?parent=2850"}],"wp:term":[{"taxonomy":"category","embeddable":true,"href":"https:\/\/carpathiacenter.ro\/en\/wp-json\/wp\/v2\/categories?post=2850"},{"taxonomy":"post_tag","embeddable":true,"href":"https:\/\/carpathiacenter.ro\/en\/wp-json\/wp\/v2\/tags?post=2850"}],"curies":[{"name":"wp","href":"https:\/\/api.w.org\/{rel}","templated":true}]}}