{"id":2844,"date":"2025-08-11T08:33:42","date_gmt":"2025-08-11T08:33:42","guid":{"rendered":"https:\/\/carpathiacenter.ro\/?p=2844"},"modified":"2025-08-11T08:33:42","modified_gmt":"2025-08-11T08:33:42","slug":"sedinta-acum-la-psd-social-democratii-decid-astazi-daca-se-retrag-de-la-guvernare","status":"publish","type":"post","link":"https:\/\/carpathiacenter.ro\/en\/sedinta-acum-la-psd-social-democratii-decid-astazi-daca-se-retrag-de-la-guvernare\/","title":{"rendered":"\u0218edin\u021b\u0103 acum la PSD. Social-democra\u021bii decid ast\u0103zi dac\u0103 se retrag de la guvernare"},"content":{"rendered":"<div class=\"entry-content\">\n<p><strong>Biroul Permanent Na\u0163ional al PSD s-a reunit ast\u0103zi, de la ora 11:00, \u00eentr-o \u0219edin\u021b\u0103 \u00een care social-democra\u021bii vor stabili dac\u0103 se retrag din coali\u021bia de guvernare ori continu\u0103. Tensiunile \u00een coali\u021bie au atins un punct critic de la nemul\u021bumirile celor de la PSD fa\u021b\u0103 de pozi\u021bia USR cu privire la funeraliile de stat ale lui Ion Iliescu.<\/strong><\/p>\n<p>La \u0219edin\u021ba BPN a fost convocat\u0103 conducerea partidului: Sorin Grindeanu (pre\u0219edintele interimar al partidului), Paul St\u0103nescu (secretarul general), Mihai Tudose (pre\u0219edintele Consiliului Na\u021bional), Daniel B\u0103lu\u021b\u0103 (prim-vicepre\u0219edinte).<\/p>\n<div id=\"div-billboard2\" class=\"inserted-position billboard-2\"><\/div>\n<p>De asemenea, au fost chema\u021bi \u0219i vicepre\u0219edin\u021bii pe domenii: Florin Nicolae Jianu, Gheorghe \u0218oldan, Lia Olgu\u021ba Vasilescu, Gabriel Valer Zetea, Vasile D\u00eencu, Victoria Stoiciu, Mihnea Costoiu \u0219i Elisabeta Lip\u0103, dar \u0219i vicepre\u0219edin\u021bii pe regiuni: Marian Neac\u0219u, Iulian Claudiu Manda, Dumitri\u021ba Gliga, Lauren\u021biu Nistor, Corneliu \u0218tefan, Emil Radu Moldovan, Ionu\u021b Florin Pucheanu \u0219i Drago\u0219 Benea.<\/p>\n<p>            <time class=\"live-text-simple hour-minute\">10:45<\/time><\/p>\n<p>Cu c\u00e2teva minute \u00eenaintea \u0219edin\u021bei Biroului Permanent Na\u021bional al partidului, c\u00e2\u021biva lideri PSD au f\u0103cut declara\u021bii jurnali\u0219tilor prezen\u021bi la sediul partidului. <\/p>\n<h2 class=\"wp-block-heading\">Parlamentar PSD, despre cei din USR: \u201eOameni schimonosi\u021bi de ur\u0103\u201d<\/h2>\n<p>Daniel Zamfir, parlamentar PSD, a declarat c\u0103 \u201ePSD nu a intrat la guvernare s\u0103 stea dou\u0103 luni de zile\u201d, \u00eens\u0103 \u201eatitudinea colegilor no\u0219tri de la USR trebuie revizuit\u0103\u201d. El i-a numit pe colegii s\u0103i din coali\u021bie \u201eoameni schimonosi\u021bi de ur\u0103\u201d.<\/p>\n<div id=\"div-billboard3\" class=\"inserted-position billboard-3\"><\/div>\n<p>\u201eAnaliz\u0103m ast\u0103zi dac\u0103 trebuie s\u0103 r\u0103m\u00e2nem sau nu la guvernare. Au existat nemul\u021bumiri legate atitudinea unor parteneri de guvernare. PSD nu a intrat la guvernare s\u0103 stea dou\u0103 luni de zile, cu at\u00e2t mai mult cu c\u00e2t avem num\u0103r mai mare de parlamentari dec\u00e2t PNL \u0219i USR la un loc. Cert este ca atitudinea colegilor no\u0219tri de la USR trebuie revizuit\u0103. \u00cenc\u0103 de la \u00eenceputul colabor\u0103rii atitudinea lor a fost lipsit\u0103 de respect.<\/p>\n<p>V\u0103d atitudini \u0219i declara\u021bii de la USR\u2026 Ni\u0219te reac\u021bii a unor oameni schimonositi de ura. Cu ura nu po\u021bi construi, doar&nbsp;se&nbsp;dezbin\u0103\u201d, a declarat Zamfir jurnali\u0219tilor.<\/p>\n<h2 class=\"wp-block-heading\">Argumentele lui Grindeanu pentru convocarea \u0219edin\u021bei PSD<\/h2>\n<p>Pre\u015fedintele interimar al PSD,<a href=\"https:\/\/hotnews.ro\/scandalul-psd-usr-izbucnit-dupa-moartea-lui-ion-iliescu-decizia-anuntata-de-sorin-grindeanu-2040876\"> Sorin Grindeanu, a anun\u0163at<\/a> vinerea trecut\u0103, 8 august, convocarea Biroului Permanent Na\u0163ional.<\/p>\n<div id=\"div-billboard4\" class=\"inserted-position billboard-4 mobile\" data-ad-requested=\"true\"><\/div>\n<p>\u201eAm decis convocarea unei reuniuni a Biroului Permanent Na\u0163ional pentru ziua de luni, \u00een vederea analiz\u0103rii situa\u0163iei create \u00een interiorul coali\u0163iei de guvernare ca urmare a pozi\u0163ion\u0103rii unor parteneri fa\u0163\u0103 de organizarea ceremoniilor oficiale dedicate fostului pre\u015fedinte al Rom\u00e2niei, Ion Iliescu. \u00cen opinia PSD, ac\u0163iunile \u015fi declara\u0163iile recente ale unor membri ai coali\u0163iei, contrare obliga\u0163iilor legale \u015fi normelor de conduit\u0103 institu\u0163ional\u0103, afecteaz\u0103 nu doar rela\u0163iile dintre partidele semnatare ale Acordului politic de guvernare, ci \u015fi echilibrul necesar \u00een func\u0163ionarea Guvernului\u201d, a scris Grindeanu pe Facebook.<\/p>\n<p>Potrivit acestuia, PSD consider\u0103 c\u0103, indiferent de diferen\u0163ele ideologice sau de interpret\u0103rile istorice, respectul fa\u0163\u0103 de institu\u0163iile statului, fa\u0163\u0103 de normele constitu\u0163ionale \u015fi fa\u0163\u0103 de memoria istoric\u0103 trebuie s\u0103 prevaleze \u00een via\u0163a politic\u0103.<\/p>\n<p>\u201eOrganizarea ceremoniilor oficiale prev\u0103zute de lege \u00een cazul decesului unui fost \u0219ef de stat nu este o chestiune op\u021bional\u0103, ci o responsabilitate institu\u021bional\u0103\u201d, a declarat Grindeanu, f\u0103r\u0103 a numi forma\u021biunea condus\u0103 de Dominic Fritz.<\/p>\n<p>\u201eReuniunea Biroului Permanent Na\u0163ional are ca obiectiv evaluarea impactului acestor evenimente asupra func\u0163ion\u0103rii coali\u0163iei de guvernare \u015fi stabilirea unei pozi\u0163ii clare a partidului \u00een raport cu continuarea colabor\u0103rii guvernamentale, \u00een condi\u0163ii de respect reciproc \u015fi corectitudine politic\u0103. PSD r\u0103m\u00e2ne angajat \u00een sus\u0163inerea unei guvern\u0103ri stabile, \u00een interesul cet\u0103\u0163enilor, dar subliniaz\u0103 c\u0103 loialitatea politic\u0103, buna-credin\u0163\u0103 \u015fi dialogul \u00eentre parteneri reprezint\u0103 fundamente indispensabile ale oric\u0103rei construc\u0163ii politice durabile\u201d, a spus Grindeanu.<\/p>\n<div id=\"div-billboard5\" class=\"inserted-position billboard-5 mobile\"><\/div>\n<h2 class=\"wp-block-heading\">Doliul na\u021bional, discordie \u00eentre PSD \u0219i USR<\/h2>\n<p>Moartea lui Ion Iliescu a creat tensiuni \u00een coali\u021bia de guvernare. PSD \u0219i USR se afl\u0103 \u00een conflict dup\u0103 ce partidul condus de Dominic Fritz a cerut \u00een \u0219edin\u021ba de guvern din 5 august s\u0103<a href=\"https:\/\/hotnews.ro\/usr-a-propus-in-sedinta-de-guvern-sa-nu-fie-doliu-national-pentru-ion-iliescu-decizia-luata-de-partid-in-privinta-funeraliilor-2039081\" target=\"_blank\" rel=\"noreferrer noopener\">&nbsp;nu fie declarat\u0103 zi de doliu na\u021bional<\/a>&nbsp;\u0219i a anun\u021bat c\u0103 membrii partidului nu vor participa la ceremoniile oficiale. <\/p>\n<p>Ulterior, PSD anun\u0163a c\u0103 membrii din conducerea partidului <a href=\"https:\/\/hotnews.ro\/psd-va-lipsi-de-la-sedinta-coalitiei-in-semn-de-protest-fata-usr-pentru-ca-incearca-sa-blocheze-funeraliile-de-stat-si-doliul-national-2039407\">au decis s\u0103 nu mai participe la \u015fedin\u0163ele coali\u0163iei <\/a>de guvernare p\u00e2n\u0103 c\u00e2nd cei de la USR \u201enu vor da dovad\u0103 de maturitate politic\u0103 \u0219i \u00ee\u0219i vor revizui atitudinea!\u201d.<\/p>\n<p>Potrivit <a href=\"https:\/\/www.digi24.ro\/stiri\/actualitate\/politica\/psd-decide-azi-in-sedinta-daca-rupe-coalitia-nemultumiri-nenumarate-ale-social-democratilor-atat-la-nivel-central-cat-si-local-3365653\" target=\"_blank\" rel=\"noopener\">Digi24,<\/a> alt\u0103 nemul\u021bumire a social-democra\u021bilor este faptul c\u0103 trebuie s\u0103 cedeze partidului condus de Dominic Fritz mai multe posturi de prefect, subprefect, precum \u0219i alte func\u021bii la nivel central \u0219i local.<\/p>\n<div id=\"div-billboard6\" class=\"inserted-position billboard-6 mobile\"><\/div>\n<h2 class=\"wp-block-heading\">Ce spune premierul Ilie Bolojan<\/h2>\n<p>Prim-ministrul Ilie Bolojan a declarat, duminic\u0103, la Antena 3,<a href=\"https:\/\/hotnews.ro\/ilie-bolojan-intrebat-ce-va-face-daca-iese-psd-de-la-guvernare-premierul-i-a-raspuns-si-deputatului-care-ameninta-cu-motiunea-am-semnat-contracte-de-investitii-mult-prea-mari-2042108\"> c\u0103 \u201enu este u\u0219or s\u0103 armonizezi lucrurile\u201d <\/a>\u00eentr-o coali\u021bie din care fac parte patru partide plus grupul minorit\u0103\u021bilor na\u021bionale, dar a avertizat c\u0103 \u201estabilitatea politic\u0103\u201d este \u201eun indicator important dup\u0103 care este judecat\u0103 o \u021bar\u0103\u201d.<\/p>\n<p>\u00centrebat ce va face dac\u0103 social-democra\u021bii decid m\u00e2ine s\u0103 nu mai r\u0103m\u00e2n\u0103 la guvernare, premierul liberal a spus: \u201eSper s\u0103 nu avem o astfel de situa\u021bie \u0219i eu cred c\u0103 to\u021bi cei care suntem \u00een guvernare suntem con\u0219tien\u021bi de situa\u021bia \u00een care se g\u0103se\u0219te \u021bara noastr\u0103, iar un indicator important dup\u0103 care este judecat\u0103 o \u021bar\u0103 este \u0219i cel legat de stabilitatea politic\u0103\u201d.<\/p>\n<p>\u201ePentru c\u0103 stabilitatea politic\u0103 \u00eenseamn\u0103 predictibilitate atunci c\u00e2nd iei m\u0103suri, \u00eenseamn\u0103 capacitatea de a le lua efectiv \u0219i \u00eenseamn\u0103 politici pe termen lung, \u00eenseamn\u0103 normalitate \u0219i posibilit\u0103\u021bi de dezvoltare\u201d, a continuat Ilie Bolojan.<\/p>\n<p>Sursa articolului:<a href=\"https:\/\/hotnews.ro\/sedinta-la-psd-social-democratii-decid-astazi-daca-se-retrag-de-la-guvernare-2042169?utm_source=hotnews&#038;utm_medium=homepage&#038;utm_campaign=ultima-ora-widget\" target=\"\\\\\\_blank\" rel=\"noopener\" title=\"\">  https:\/\/hotnews.ro\/sedinta-la-psd-social-democratii-decid-astazi-daca-se-retrag-de-la-guvernare-2042169?utm_source=hotnews&#038;utm_medium=homepage&#038;utm_campaign=ultima-ora-widget<\/a><\/p>\n<\/p><\/div>","protected":false},"excerpt":{"rendered":"<p>Biroul Permanent Na\u0163ional al PSD s-a reunit ast\u0103zi, de la ora 11:00, \u00eentr-o \u0219edin\u021b\u0103 \u00een care social-democra\u021bii vor stabili dac\u0103 se retrag din coali\u021bia de guvernare ori continu\u0103. Tensiunile \u00een coali\u021bie au atins un punct critic de la nemul\u021bumirile celor de la PSD fa\u021b\u0103 de pozi\u021bia USR cu privire la funeraliile de stat ale lui&#8230;<\/p>","protected":false},"author":4,"featured_media":2845,"comment_status":"open","ping_status":"open","sticky":false,"template":"","format":"standard","meta":{"footnotes":""},"categories":[1],"tags":[],"class_list":["post-2844","post","type-post","status-publish","format-standard","has-post-thumbnail","hentry","category-uncategorized"],"yoast_head":"<!-- This site is optimized with the Yoast SEO plugin v26.1.1 - https:\/\/yoast.com\/wordpress\/plugins\/seo\/ -->\n<title>\u0218edin\u021b\u0103 acum la PSD. Social-democra\u021bii decid ast\u0103zi dac\u0103 se retrag de la guvernare - Carpathia Center Romania<\/title>\n<meta name=\"robots\" content=\"index, follow, max-snippet:-1, max-image-preview:large, max-video-preview:-1\" \/>\n<link rel=\"canonical\" href=\"https:\/\/carpathiacenter.ro\/en\/sedinta-acum-la-psd-social-democratii-decid-astazi-daca-se-retrag-de-la-guvernare\/\" \/>\n<meta property=\"og:locale\" content=\"en_GB\" \/>\n<meta property=\"og:type\" content=\"article\" \/>\n<meta property=\"og:title\" content=\"\u0218edin\u021b\u0103 acum la PSD. Social-democra\u021bii decid ast\u0103zi dac\u0103 se retrag de la guvernare - Carpathia Center Romania\" \/>\n<meta property=\"og:description\" content=\"Biroul Permanent Na\u0163ional al PSD s-a reunit ast\u0103zi, de la ora 11:00, \u00eentr-o \u0219edin\u021b\u0103 \u00een care social-democra\u021bii vor stabili dac\u0103 se retrag din coali\u021bia de guvernare ori continu\u0103. Tensiunile \u00een coali\u021bie au atins un punct critic de la nemul\u021bumirile celor de la PSD fa\u021b\u0103 de pozi\u021bia USR cu privire la funeraliile de stat ale lui...\" \/>\n<meta property=\"og:url\" content=\"https:\/\/carpathiacenter.ro\/en\/sedinta-acum-la-psd-social-democratii-decid-astazi-daca-se-retrag-de-la-guvernare\/\" \/>\n<meta property=\"og:site_name\" content=\"Carpathia Center Romania\" \/>\n<meta property=\"article:publisher\" content=\"https:\/\/www.facebook.com\/fdpscarpathia\/\" \/>\n<meta property=\"article:published_time\" content=\"2025-08-11T08:33:42+00:00\" \/>\n<meta property=\"og:image\" content=\"https:\/\/carpathiacenter.ro\/wp-content\/uploads\/2025\/08\/PSD.jpg\" \/>\n\t<meta property=\"og:image:width\" content=\"780\" \/>\n\t<meta property=\"og:image:height\" content=\"440\" \/>\n\t<meta property=\"og:image:type\" content=\"image\/jpeg\" \/>\n<meta name=\"author\" content=\"creativebitsolutions\" \/>\n<meta name=\"twitter:card\" content=\"summary_large_image\" \/>\n<meta name=\"twitter:label1\" content=\"Written by\" \/>\n\t<meta name=\"twitter:data1\" content=\"creativebitsolutions\" \/>\n\t<meta name=\"twitter:label2\" content=\"Estimated reading time\" \/>\n\t<meta name=\"twitter:data2\" content=\"5 minutes\" \/>\n<script type=\"application\/ld+json\" class=\"yoast-schema-graph\">{\"@context\":\"https:\/\/schema.org\",\"@graph\":[{\"@type\":\"Article\",\"@id\":\"https:\/\/carpathiacenter.ro\/sedinta-acum-la-psd-social-democratii-decid-astazi-daca-se-retrag-de-la-guvernare\/#article\",\"isPartOf\":{\"@id\":\"https:\/\/carpathiacenter.ro\/sedinta-acum-la-psd-social-democratii-decid-astazi-daca-se-retrag-de-la-guvernare\/\"},\"author\":{\"name\":\"creativebitsolutions\",\"@id\":\"https:\/\/carpathiacenter.ro\/#\/schema\/person\/03d9f58202fee8379268f34afa195006\"},\"headline\":\"\u0218edin\u021b\u0103 acum la PSD. Social-democra\u021bii decid ast\u0103zi dac\u0103 se retrag de la guvernare\",\"datePublished\":\"2025-08-11T08:33:42+00:00\",\"mainEntityOfPage\":{\"@id\":\"https:\/\/carpathiacenter.ro\/sedinta-acum-la-psd-social-democratii-decid-astazi-daca-se-retrag-de-la-guvernare\/\"},\"wordCount\":985,\"commentCount\":0,\"publisher\":{\"@id\":\"https:\/\/carpathiacenter.ro\/#organization\"},\"image\":{\"@id\":\"https:\/\/carpathiacenter.ro\/sedinta-acum-la-psd-social-democratii-decid-astazi-daca-se-retrag-de-la-guvernare\/#primaryimage\"},\"thumbnailUrl\":\"https:\/\/carpathiacenter.ro\/wp-content\/uploads\/2025\/08\/PSD.jpg\",\"articleSection\":[\"Uncategorized\"],\"inLanguage\":\"en-GB\",\"potentialAction\":[{\"@type\":\"CommentAction\",\"name\":\"Comment\",\"target\":[\"https:\/\/carpathiacenter.ro\/sedinta-acum-la-psd-social-democratii-decid-astazi-daca-se-retrag-de-la-guvernare\/#respond\"]}]},{\"@type\":\"WebPage\",\"@id\":\"https:\/\/carpathiacenter.ro\/sedinta-acum-la-psd-social-democratii-decid-astazi-daca-se-retrag-de-la-guvernare\/\",\"url\":\"https:\/\/carpathiacenter.ro\/sedinta-acum-la-psd-social-democratii-decid-astazi-daca-se-retrag-de-la-guvernare\/\",\"name\":\"\u0218edin\u021b\u0103 acum la PSD. Social-democra\u021bii decid ast\u0103zi dac\u0103 se retrag de la guvernare - Carpathia Center Romania\",\"isPartOf\":{\"@id\":\"https:\/\/carpathiacenter.ro\/#website\"},\"primaryImageOfPage\":{\"@id\":\"https:\/\/carpathiacenter.ro\/sedinta-acum-la-psd-social-democratii-decid-astazi-daca-se-retrag-de-la-guvernare\/#primaryimage\"},\"image\":{\"@id\":\"https:\/\/carpathiacenter.ro\/sedinta-acum-la-psd-social-democratii-decid-astazi-daca-se-retrag-de-la-guvernare\/#primaryimage\"},\"thumbnailUrl\":\"https:\/\/carpathiacenter.ro\/wp-content\/uploads\/2025\/08\/PSD.jpg\",\"datePublished\":\"2025-08-11T08:33:42+00:00\",\"breadcrumb\":{\"@id\":\"https:\/\/carpathiacenter.ro\/sedinta-acum-la-psd-social-democratii-decid-astazi-daca-se-retrag-de-la-guvernare\/#breadcrumb\"},\"inLanguage\":\"en-GB\",\"potentialAction\":[{\"@type\":\"ReadAction\",\"target\":[\"https:\/\/carpathiacenter.ro\/sedinta-acum-la-psd-social-democratii-decid-astazi-daca-se-retrag-de-la-guvernare\/\"]}]},{\"@type\":\"ImageObject\",\"inLanguage\":\"en-GB\",\"@id\":\"https:\/\/carpathiacenter.ro\/sedinta-acum-la-psd-social-democratii-decid-astazi-daca-se-retrag-de-la-guvernare\/#primaryimage\",\"url\":\"https:\/\/carpathiacenter.ro\/wp-content\/uploads\/2025\/08\/PSD.jpg\",\"contentUrl\":\"https:\/\/carpathiacenter.ro\/wp-content\/uploads\/2025\/08\/PSD.jpg\",\"width\":780,\"height\":440},{\"@type\":\"BreadcrumbList\",\"@id\":\"https:\/\/carpathiacenter.ro\/sedinta-acum-la-psd-social-democratii-decid-astazi-daca-se-retrag-de-la-guvernare\/#breadcrumb\",\"itemListElement\":[{\"@type\":\"ListItem\",\"position\":1,\"name\":\"Prima pagin\u0103\",\"item\":\"https:\/\/carpathiacenter.ro\/\"},{\"@type\":\"ListItem\",\"position\":2,\"name\":\"\u0218edin\u021b\u0103 acum la PSD. Social-democra\u021bii decid ast\u0103zi dac\u0103 se retrag de la guvernare\"}]},{\"@type\":\"WebSite\",\"@id\":\"https:\/\/carpathiacenter.ro\/#website\",\"url\":\"https:\/\/carpathiacenter.ro\/\",\"name\":\"Carpathia Center Romania\",\"description\":\"Impossible made possible!\",\"publisher\":{\"@id\":\"https:\/\/carpathiacenter.ro\/#organization\"},\"potentialAction\":[{\"@type\":\"SearchAction\",\"target\":{\"@type\":\"EntryPoint\",\"urlTemplate\":\"https:\/\/carpathiacenter.ro\/?s={search_term_string}\"},\"query-input\":{\"@type\":\"PropertyValueSpecification\",\"valueRequired\":true,\"valueName\":\"search_term_string\"}}],\"inLanguage\":\"en-GB\"},{\"@type\":\"Organization\",\"@id\":\"https:\/\/carpathiacenter.ro\/#organization\",\"name\":\"Carpathia Center Romania\",\"url\":\"https:\/\/carpathiacenter.ro\/\",\"logo\":{\"@type\":\"ImageObject\",\"inLanguage\":\"en-GB\",\"@id\":\"https:\/\/carpathiacenter.ro\/#\/schema\/logo\/image\/\",\"url\":\"https:\/\/carpathiacenter.ro\/wp-content\/uploads\/2024\/07\/logo-carpathia_bg_white-1024x941.png\",\"contentUrl\":\"https:\/\/carpathiacenter.ro\/wp-content\/uploads\/2024\/07\/logo-carpathia_bg_white-1024x941.png\",\"width\":1024,\"height\":941,\"caption\":\"Carpathia Center Romania\"},\"image\":{\"@id\":\"https:\/\/carpathiacenter.ro\/#\/schema\/logo\/image\/\"},\"sameAs\":[\"https:\/\/www.facebook.com\/fdpscarpathia\/\"]},{\"@type\":\"Person\",\"@id\":\"https:\/\/carpathiacenter.ro\/#\/schema\/person\/03d9f58202fee8379268f34afa195006\",\"name\":\"creativebitsolutions\",\"image\":{\"@type\":\"ImageObject\",\"inLanguage\":\"en-GB\",\"@id\":\"https:\/\/carpathiacenter.ro\/#\/schema\/person\/image\/\",\"url\":\"https:\/\/secure.gravatar.com\/avatar\/1b1a13e37f847c635dab78348f1dff2f07651ee2a3d77a5c355a4b8c75f9165a?s=96&d=mm&r=g\",\"contentUrl\":\"https:\/\/secure.gravatar.com\/avatar\/1b1a13e37f847c635dab78348f1dff2f07651ee2a3d77a5c355a4b8c75f9165a?s=96&d=mm&r=g\",\"caption\":\"creativebitsolutions\"},\"url\":\"https:\/\/carpathiacenter.ro\/en\/author\/creativebitsolutions\/\"}]}<\/script>\n<!-- \/ Yoast SEO plugin. -->","yoast_head_json":{"title":"\u0218edin\u021b\u0103 acum la PSD. Social-democra\u021bii decid ast\u0103zi dac\u0103 se retrag de la guvernare - Carpathia Center Romania","robots":{"index":"index","follow":"follow","max-snippet":"max-snippet:-1","max-image-preview":"max-image-preview:large","max-video-preview":"max-video-preview:-1"},"canonical":"https:\/\/carpathiacenter.ro\/en\/sedinta-acum-la-psd-social-democratii-decid-astazi-daca-se-retrag-de-la-guvernare\/","og_locale":"en_GB","og_type":"article","og_title":"\u0218edin\u021b\u0103 acum la PSD. Social-democra\u021bii decid ast\u0103zi dac\u0103 se retrag de la guvernare - Carpathia Center Romania","og_description":"Biroul Permanent Na\u0163ional al PSD s-a reunit ast\u0103zi, de la ora 11:00, \u00eentr-o \u0219edin\u021b\u0103 \u00een care social-democra\u021bii vor stabili dac\u0103 se retrag din coali\u021bia de guvernare ori continu\u0103. Tensiunile \u00een coali\u021bie au atins un punct critic de la nemul\u021bumirile celor de la PSD fa\u021b\u0103 de pozi\u021bia USR cu privire la funeraliile de stat ale lui...","og_url":"https:\/\/carpathiacenter.ro\/en\/sedinta-acum-la-psd-social-democratii-decid-astazi-daca-se-retrag-de-la-guvernare\/","og_site_name":"Carpathia Center Romania","article_publisher":"https:\/\/www.facebook.com\/fdpscarpathia\/","article_published_time":"2025-08-11T08:33:42+00:00","og_image":[{"width":780,"height":440,"url":"https:\/\/carpathiacenter.ro\/wp-content\/uploads\/2025\/08\/PSD.jpg","type":"image\/jpeg"}],"author":"creativebitsolutions","twitter_card":"summary_large_image","twitter_misc":{"Written by":"creativebitsolutions","Estimated reading time":"5 minutes"},"schema":{"@context":"https:\/\/schema.org","@graph":[{"@type":"Article","@id":"https:\/\/carpathiacenter.ro\/sedinta-acum-la-psd-social-democratii-decid-astazi-daca-se-retrag-de-la-guvernare\/#article","isPartOf":{"@id":"https:\/\/carpathiacenter.ro\/sedinta-acum-la-psd-social-democratii-decid-astazi-daca-se-retrag-de-la-guvernare\/"},"author":{"name":"creativebitsolutions","@id":"https:\/\/carpathiacenter.ro\/#\/schema\/person\/03d9f58202fee8379268f34afa195006"},"headline":"\u0218edin\u021b\u0103 acum la PSD. Social-democra\u021bii decid ast\u0103zi dac\u0103 se retrag de la guvernare","datePublished":"2025-08-11T08:33:42+00:00","mainEntityOfPage":{"@id":"https:\/\/carpathiacenter.ro\/sedinta-acum-la-psd-social-democratii-decid-astazi-daca-se-retrag-de-la-guvernare\/"},"wordCount":985,"commentCount":0,"publisher":{"@id":"https:\/\/carpathiacenter.ro\/#organization"},"image":{"@id":"https:\/\/carpathiacenter.ro\/sedinta-acum-la-psd-social-democratii-decid-astazi-daca-se-retrag-de-la-guvernare\/#primaryimage"},"thumbnailUrl":"https:\/\/carpathiacenter.ro\/wp-content\/uploads\/2025\/08\/PSD.jpg","articleSection":["Uncategorized"],"inLanguage":"en-GB","potentialAction":[{"@type":"CommentAction","name":"Comment","target":["https:\/\/carpathiacenter.ro\/sedinta-acum-la-psd-social-democratii-decid-astazi-daca-se-retrag-de-la-guvernare\/#respond"]}]},{"@type":"WebPage","@id":"https:\/\/carpathiacenter.ro\/sedinta-acum-la-psd-social-democratii-decid-astazi-daca-se-retrag-de-la-guvernare\/","url":"https:\/\/carpathiacenter.ro\/sedinta-acum-la-psd-social-democratii-decid-astazi-daca-se-retrag-de-la-guvernare\/","name":"\u0218edin\u021b\u0103 acum la PSD. Social-democra\u021bii decid ast\u0103zi dac\u0103 se retrag de la guvernare - Carpathia Center Romania","isPartOf":{"@id":"https:\/\/carpathiacenter.ro\/#website"},"primaryImageOfPage":{"@id":"https:\/\/carpathiacenter.ro\/sedinta-acum-la-psd-social-democratii-decid-astazi-daca-se-retrag-de-la-guvernare\/#primaryimage"},"image":{"@id":"https:\/\/carpathiacenter.ro\/sedinta-acum-la-psd-social-democratii-decid-astazi-daca-se-retrag-de-la-guvernare\/#primaryimage"},"thumbnailUrl":"https:\/\/carpathiacenter.ro\/wp-content\/uploads\/2025\/08\/PSD.jpg","datePublished":"2025-08-11T08:33:42+00:00","breadcrumb":{"@id":"https:\/\/carpathiacenter.ro\/sedinta-acum-la-psd-social-democratii-decid-astazi-daca-se-retrag-de-la-guvernare\/#breadcrumb"},"inLanguage":"en-GB","potentialAction":[{"@type":"ReadAction","target":["https:\/\/carpathiacenter.ro\/sedinta-acum-la-psd-social-democratii-decid-astazi-daca-se-retrag-de-la-guvernare\/"]}]},{"@type":"ImageObject","inLanguage":"en-GB","@id":"https:\/\/carpathiacenter.ro\/sedinta-acum-la-psd-social-democratii-decid-astazi-daca-se-retrag-de-la-guvernare\/#primaryimage","url":"https:\/\/carpathiacenter.ro\/wp-content\/uploads\/2025\/08\/PSD.jpg","contentUrl":"https:\/\/carpathiacenter.ro\/wp-content\/uploads\/2025\/08\/PSD.jpg","width":780,"height":440},{"@type":"BreadcrumbList","@id":"https:\/\/carpathiacenter.ro\/sedinta-acum-la-psd-social-democratii-decid-astazi-daca-se-retrag-de-la-guvernare\/#breadcrumb","itemListElement":[{"@type":"ListItem","position":1,"name":"Prima pagin\u0103","item":"https:\/\/carpathiacenter.ro\/"},{"@type":"ListItem","position":2,"name":"\u0218edin\u021b\u0103 acum la PSD. Social-democra\u021bii decid ast\u0103zi dac\u0103 se retrag de la guvernare"}]},{"@type":"WebSite","@id":"https:\/\/carpathiacenter.ro\/#website","url":"https:\/\/carpathiacenter.ro\/","name":"Carpathia Center Romania","description":"Impossible made possible!","publisher":{"@id":"https:\/\/carpathiacenter.ro\/#organization"},"potentialAction":[{"@type":"SearchAction","target":{"@type":"EntryPoint","urlTemplate":"https:\/\/carpathiacenter.ro\/?s={search_term_string}"},"query-input":{"@type":"PropertyValueSpecification","valueRequired":true,"valueName":"search_term_string"}}],"inLanguage":"en-GB"},{"@type":"Organization","@id":"https:\/\/carpathiacenter.ro\/#organization","name":"Carpathia Center Romania","url":"https:\/\/carpathiacenter.ro\/","logo":{"@type":"ImageObject","inLanguage":"en-GB","@id":"https:\/\/carpathiacenter.ro\/#\/schema\/logo\/image\/","url":"https:\/\/carpathiacenter.ro\/wp-content\/uploads\/2024\/07\/logo-carpathia_bg_white-1024x941.png","contentUrl":"https:\/\/carpathiacenter.ro\/wp-content\/uploads\/2024\/07\/logo-carpathia_bg_white-1024x941.png","width":1024,"height":941,"caption":"Carpathia Center Romania"},"image":{"@id":"https:\/\/carpathiacenter.ro\/#\/schema\/logo\/image\/"},"sameAs":["https:\/\/www.facebook.com\/fdpscarpathia\/"]},{"@type":"Person","@id":"https:\/\/carpathiacenter.ro\/#\/schema\/person\/03d9f58202fee8379268f34afa195006","name":"creativebitsolutions","image":{"@type":"ImageObject","inLanguage":"en-GB","@id":"https:\/\/carpathiacenter.ro\/#\/schema\/person\/image\/","url":"https:\/\/secure.gravatar.com\/avatar\/1b1a13e37f847c635dab78348f1dff2f07651ee2a3d77a5c355a4b8c75f9165a?s=96&d=mm&r=g","contentUrl":"https:\/\/secure.gravatar.com\/avatar\/1b1a13e37f847c635dab78348f1dff2f07651ee2a3d77a5c355a4b8c75f9165a?s=96&d=mm&r=g","caption":"creativebitsolutions"},"url":"https:\/\/carpathiacenter.ro\/en\/author\/creativebitsolutions\/"}]}},"_links":{"self":[{"href":"https:\/\/carpathiacenter.ro\/en\/wp-json\/wp\/v2\/posts\/2844","targetHints":{"allow":["GET"]}}],"collection":[{"href":"https:\/\/carpathiacenter.ro\/en\/wp-json\/wp\/v2\/posts"}],"about":[{"href":"https:\/\/carpathiacenter.ro\/en\/wp-json\/wp\/v2\/types\/post"}],"author":[{"embeddable":true,"href":"https:\/\/carpathiacenter.ro\/en\/wp-json\/wp\/v2\/users\/4"}],"replies":[{"embeddable":true,"href":"https:\/\/carpathiacenter.ro\/en\/wp-json\/wp\/v2\/comments?post=2844"}],"version-history":[{"count":1,"href":"https:\/\/carpathiacenter.ro\/en\/wp-json\/wp\/v2\/posts\/2844\/revisions"}],"predecessor-version":[{"id":2846,"href":"https:\/\/carpathiacenter.ro\/en\/wp-json\/wp\/v2\/posts\/2844\/revisions\/2846"}],"wp:featuredmedia":[{"embeddable":true,"href":"https:\/\/carpathiacenter.ro\/en\/wp-json\/wp\/v2\/media\/2845"}],"wp:attachment":[{"href":"https:\/\/carpathiacenter.ro\/en\/wp-json\/wp\/v2\/media?parent=2844"}],"wp:term":[{"taxonomy":"category","embeddable":true,"href":"https:\/\/carpathiacenter.ro\/en\/wp-json\/wp\/v2\/categories?post=2844"},{"taxonomy":"post_tag","embeddable":true,"href":"https:\/\/carpathiacenter.ro\/en\/wp-json\/wp\/v2\/tags?post=2844"}],"curies":[{"name":"wp","href":"https:\/\/api.w.org\/{rel}","templated":true}]}}