{"id":2842,"date":"2025-08-11T08:32:30","date_gmt":"2025-08-11T08:32:30","guid":{"rendered":"https:\/\/carpathiacenter.ro\/?p=2842"},"modified":"2025-08-11T08:32:30","modified_gmt":"2025-08-11T08:32:30","slug":"banii-din-pilonul-2-o-lege-pentru-viitorii-pensionari-nu-doar-pentru-o-c-d-e","status":"publish","type":"post","link":"https:\/\/carpathiacenter.ro\/en\/banii-din-pilonul-2-o-lege-pentru-viitorii-pensionari-nu-doar-pentru-o-c-d-e\/","title":{"rendered":"Banii din Pilonul 2: O lege pentru viitorii pensionari, nu doar pentru O.C.D.E"},"content":{"rendered":"<div class=\"entry-content\">\n<p><strong>S\u0103pt\u0103m\u00e2na trecut\u0103, printre propunerile din pachete cu m\u0103suri de austeritate \u0219i scandalurile \u00een coali\u021bia guvernamental\u0103 dac\u0103 s\u0103 fie sau nu doliu na\u021bional, un nou subiect fierbinte a aterizat pe nea\u0219teptate pe masa presei \u0219i \u00een farfuria din ce \u00een ce mai goal\u0103 a cet\u0103\u021beanului. Secretariatul General al Guvernului a strecurat pe agenda \u0219edin\u021bei din 8 august un proiect de lege privind plata pensiilor private ini\u021biat de Autoritatea de Supraveghere Financiar\u0103, A.S.F..&nbsp;<\/strong><\/p>\n<p>S-a sperat, poate, la o adoptare pe repede \u00eenainte miz\u00e2nd c\u0103, \u00een zgomotul prea multelor evenimente \u0219i decizii recente, proiectul va trece nestingherit \u0219i va fi bifat\u0103 rezolvarea unei lacune \u00een reglementarea rom\u00e2neasc\u0103 din sectorul pensiilor private: absen\u021ba unui cadru legislativ privind plata pensiilor private.<\/p>\n<div id=\"div-billboard2\" class=\"inserted-position billboard-2\"><\/div>\n<p>Un argument adus pentru graba cu care s-a trecut la procedura de adoptare ar fi c\u0103 proiectul de lege ar urma s\u0103 fie evaluat \u00een septembrie 2025 de Comitetul pentru Pie\u021be Financiare al Organiza\u021biei pentru Cooperare \u0219i Dezvoltare Economic\u0103 (O.C.D.E), organiza\u021bie la care Rom\u00e2nia sper\u0103 s\u0103 adere la sf\u00e2r\u0219itul \u00eendeplinirii jaloanelor din foaia de parcurs.&nbsp; <\/p>\n<p>Este adev\u0103rat, proiectul a fost \u00een transparen\u021b\u0103 decizional\u0103 pe site-ul Ministerului Muncii, pentru consultare public\u0103 \u00eentre 11- 20 iunie, \u00eentr-o perioad\u0103 foarte agitat\u0103 din acest an, \u00een care Guvernul Bolojan \u00eenc\u0103 era \u00een formare, acesta fiind \u00eenvestit \u00een func\u021bie \u00een 23 iunie. Negocierile cu partidele&nbsp; pentru formarea coali\u021biei de guvernare au \u00eenceput din 28 mai&nbsp; \u0219i cu greu s-a ajuns la un consens, astfel \u00eenc\u00e2t perioada aleas\u0103 pentru consultare public\u0103 \u0219i incertitudinea privind formarea guvernului au pus \u00een umbr\u0103 demersul respectiv, de\u0219i subiectul reglement\u0103rii \u0219i termenele de adoptare la care se sper\u0103 necesitau, parc\u0103, ceva mai mult efort de mediatizare din partea celor care l-au propus \u0219i a celor care l-au pus \u00een consultare, eventual \u0219i prin organizarea unor dezbateri reale.<\/p>\n<p>A\u0219 vrea s\u0103 mai spun \u0219i c\u0103 \u00een cadrul Autorit\u0103\u021bii pentru Supravegherea Financiar\u0103 (A.S.F.) func\u021biona (func\u021bioneaz\u0103?) un <strong><em>Grup consultativ de dialog permanent \u00een domeniul protec\u021biei consumatorilor de servicii financiare nebancare (GCDPPC),<\/em><\/strong> pe l\u00e2ng\u0103 Consiliul A.S.F.. Ultima \u0219edin\u021b\u0103 a acestui grup a avut loc la sf\u00e2r\u0219itul lunii septembrie 2024, iar de atunci nimic nu a tulburat o lini\u0219te asurzitoare, nici m\u0103car <strong>o recomandare a Grupului de Lucru pentru Pensii Private al Organiza\u021biei pentru Cooperare \u0219i Dezvoltare Economic\u0103 (O.C.D.E.)<\/strong> cu privire la necesitatea de a reglementa \u00een \u021bara noastr\u0103 o sec\u021biune r\u0103mas\u0103 neacoperit\u0103 de reglementare, \u00eentr-un domeniu care oricum este caracterizat ca fiind supra reglementat, adic\u0103 asigur\u0103rile.<\/p>\n<div id=\"div-billboard3\" class=\"inserted-position billboard-3\"><\/div>\n<h2 class=\"wp-block-heading\"><strong><em>&nbsp;Despre ce este vorba?<\/em><\/strong><\/h2>\n<p>\u00cen expunerea de motive care \u00eenso\u021be\u0219te propunerea de lege se men\u021bioneaz\u0103 c\u0103 &lt;&lt; Grupul de Lucru pentru Pensii Private al&nbsp; O.C.D.E., <strong>la reuniunea din 11 iunie 2024,<\/strong>&nbsp; a identificat un domeniu \u00een care <strong><em>alinierea Rom\u00e2niei<\/em><\/strong> la principiile de baz\u0103 ale O.C.D.E. aferente reglement\u0103rii pensiei private \u0219i la Recomandarea O.C.D.E. pentru proiectarea corect\u0103 a planurilor de pensii cu contribu\u021bii definite,&nbsp; <strong>ar trebui \u00eembun\u0103t\u0103\u021bit\u0103<\/strong>, <strong>\u00eenainte ca Grupul de lucru pentru pensii private s\u0103 continue cu revizuirea ader\u0103rii<\/strong>, \u0219i anume: ,<em>,Adoptarea unei legisla\u021bii care s\u0103 defineasc\u0103 \u0219i s\u0103 structureze diferitele op\u021biuni de alocare a activelor acumulate pentru finan\u021barea pension\u0103rii, \u00eentr-un mod care s\u0103 asigure coeren\u021ba cu proiectarea fazei de acumulare.\u201d<\/em>, se recomand\u0103<strong> crearea cadrului legal privind plata pensiilor private<\/strong>.&gt;&gt;<\/p>\n<p>Este de admirat c\u0103, pentru acest domeniu, Grupul de lucru pentru pensii private al O.E.C.D. a formulat o&nbsp; singur\u0103 recomandare prioritar\u0103!<\/p>\n<p>Totu\u0219i, a trecut mai bine de un an de la emiterea recomand\u0103rii \u0219i nu s-a g\u0103sit timp pentru a fi organizat\u0103, la ini\u021biativa Consiliului A.S.F., o dezbatere dedicat\u0103 \u00een cadrul <strong><em>Grupului consultativ de dialog permanent \u00een domeniul protec\u021biei consumatorilor de servicii financiare nebancare<\/em><\/strong> &nbsp;referitoare la imperativul rezolv\u0103rii recomand\u0103rii formulate de O.E.C.D. cu privire la acest cadru legal, care, \u00een foarte multe aspecte prive\u0219te \u0219i protec\u021bia consumatorului de servicii financiare. Nu a fost, din c\u00e2te cunosc eu, nici o alt\u0103 \u00eent\u00e2lnire la ini\u021biativa A.S.F., care s\u0103 reuneasc\u0103 <strong>to\u021bi stakeholderii, printre care \u0219i reprezentan\u021bii asocia\u021biilor de consumatori \u0219i reprezentan\u021bii consumatorilor din Rom\u00e2nia la grupurile de profil din cadrul autorit\u0103\u021bilor europene<\/strong>.<\/p>\n<div id=\"div-billboard4\" class=\"inserted-position billboard-4 mobile\"><\/div>\n<h2 class=\"wp-block-heading\"><strong><em>La un an de la formularea recomand\u0103rii, se pune \u00een consultare public\u0103 proiectul<\/em><\/strong><\/h2>\n<p>Afl\u0103m din expunerea de motive de pe site-ul S.G.G. c\u0103, dup\u0103 vacan\u021ba de var\u0103, \u00een septembrie 2024, s-a constituit un Grup de lucru inter-institu\u021bional format din reprezentan\u021bii Ministerului Muncii, Familiei, Tineretului \u0219i Solidarit\u0103\u021bii Sociale, Ministerului Afacerilor Externe, Ministerului Finan\u021belor, Asocia\u021biei pentru Pensiile Administrate Privat din Rom\u00e2nia (APAPR) \u0219i Autorit\u0103\u021bii de Supraveghere Financiar\u0103 (A.S.F.).&nbsp;&nbsp;<\/p>\n<p>Apoi, la un an de la formularea recomand\u0103rii, se pune \u00een consultare public\u0103 proiectul elaborat de grup, cu o v\u0103dit\u0103 grab\u0103, dat\u0103 de termenele cam str\u00e2nse care deriv\u0103 din procesul de aderare a Rom\u00e2niei la O.C.D.E.. Urgen\u021ba Guvernului de a-\u0219i face temele restante poate fi detectat\u0103 prin faptul c\u0103, de\u0219i pe site-ul Secretariatului General al Guvernului acest proiect ap\u0103rea la ca fiind un proiect de act normativ care \u201e<em>ar putea fi inclus<\/em>\u201d \u00een \u0219edin\u021ba Guvernului Rom\u00e2niei, \u00een lista extrem de stufoas\u0103&nbsp; a acelei zile, era pozi\u021bionat pe primul loc, dar f\u0103r\u0103 a se preciza c\u0103 este \u201d\u00een prim\u0103 lectur\u0103\u201d. Proiectul a \u0219i fost inclus \u00een \u0219edin\u021ba respectiv\u0103.<\/p>\n<p>Aceast\u0103 prim\u0103 lectur\u0103 din 8 august se pare, \u00eens\u0103, c\u0103 a fost destul de prost primit\u0103 \u0219i nu neap\u0103rat de participan\u021bii la \u0219edin\u021b\u0103, c\u00e2t&nbsp; \u2026 de publicul larg, care va \u201ebeneficia\u201d de reglementare. Dar s-au auzit \u0219i voci ale parlamentarilor din coali\u021bie, care au fost la r\u00e2ndul lor surprin\u0219i nu doar de con\u021binutul propunerii de lege, ci \u0219i de lipsa de comunicare anterioar\u0103 pe aceast\u0103 propunere.<\/p>\n<p>Nici al\u021bi parteneri sociali nu au fost mai pu\u021bin ului\u021bi, \u0219i anume sindicatele \u0219i asocia\u021biile de consumatori ( \u00een special cele care se ocup\u0103 cu protec\u021bia consumatorilor de servicii financiare), de\u0219i domeniul abordat este de maxim interes pentru ace\u0219tia: num\u0103rul persoanelor asupra c\u0103rora va avea efect actul propus, atunci c\u00e2nd va deveni lege, e de ordinul a milioane de viitori beneficiari ai fondurilor de pensii , actualii contributori sau \u201dmembri\u201d, dup\u0103 cum sunt numi\u021bi \u00een document. \u00cen tem\u0103, par a fi fost doar cei din industria de profil!<\/p>\n<div id=\"div-billboard5\" class=\"inserted-position billboard-5 mobile\"><\/div>\n<p>Cu privire la ini\u021biativa respectiv\u0103, din Dispozi\u021biile tranzitorii \u0219i finale, reiese c\u0103, pentru a se realiza reglementarea pl\u0103tii pensiilor private, domeniul de ac\u021biune vizeaz\u0103&nbsp; trei acte normative:&nbsp; Legea nr. 411\/2004 privind fondurile de pensii administrate privat;&nbsp; Legea nr. 204\/2006 privind pensiile facultative; Legea nr. 1\/2020 privind pensiile ocupa\u021bionale, adic\u0103 acele legi care au stabilit \u00een \u021bara noastr\u0103 sistemul Pilonilor de pensii. \u00cen caz de adoptare (aten\u021bie, deocamdat\u0103 este doar un proiect!) va intra \u00een vigoare la 1 an de la data public\u0103rii \u00een Monitorul Oficial al Rom\u00e2niei, Partea I.<\/p>\n<p>Prin reforma sistemului de pensii din perioada 2005-2008 care a adus schimb\u0103ri ample, menite s\u0103 pun\u0103 \u00een acord sistemul existent atunci&nbsp; cu cele din statele Uniunii European\u0103 la care \u021bara noastr\u0103 candida,&nbsp; s-au pus bazele organiz\u0103rii actuale pe baz\u0103 de piloni. Primele schimb\u0103rile au fost f\u0103cute prin intrarea \u00een vigoare a Legii nr. 411 din 18 octombrie 2004 privind fondurile de pensii administrate privat. \u00cen momentul de fa\u021b\u0103, sistemul de pensii din Rom\u00e2nia este structurat pe patru piloni de pensii: Pilonul I, adic\u0103 sistemul public de pensii, Pilonul II reprezint\u0103 pensia privat\u0103 obligatorie <strong>(Pilonul I \u0219i Pilonul II sunt obligatorii). <\/strong>&nbsp;<\/p>\n<h2 class=\"wp-block-heading\"><strong><em>Sc\u00e2nteia care a aprins discu\u021biile se refer\u0103 la modul de pl\u0103\u021bi din Pilonul II<\/em><\/strong><\/h2>\n<p>Au urmat apoi Pilonul III \u2013 facultativ, care cuprinde fonduri administrate de c\u0103tre companii specializate, pentru contribu\u021biile voluntare ale persoanelor la aceste fonduri. Ultimul Pilon reglementat a fost&nbsp; cel al pensiilor ocupa\u021bionale (Pilonul IV, facultativ), prin Legea nr.1\/2020, care reprezint\u0103 o pensie suplimentar\u0103 la care contribuie angajatorul \u0219i\/sau angajatul, \u00een plus fa\u021b\u0103 de pensia obligatorie.&nbsp;<\/p>\n<div id=\"div-billboard6\" class=\"inserted-position billboard-6 mobile\"><\/div>\n<p>Sc\u00e2nteia care a aprins discu\u021biile se refer\u0103 la modul de pl\u0103\u021bi din Pilonul II, care are un rol social important, dac\u0103 observ\u0103m modul de formare \u0219i scopul urm\u0103rit: Pilonul II de pensii, cunoscut \u0219i ca <em>pensia privat\u0103 obligatorie<\/em>, are rolul de a suplimenta venitul ob\u021binut din pensia de stat (Pilonul I) prin acumularea \u0219i investirea unei p\u0103r\u021bi din contribu\u021biile individuale la asigur\u0103rile sociale. <\/p>\n<p>Pilonul II de pensii sau&nbsp; pensia privat\u0103 obligatorie este o form\u0103 de pensie administrat\u0103 privat la care contribuie obligatoriu to\u021bi angaja\u021bii cu v\u00e2rsta de p\u00e2n\u0103 la 35 de ani \u0219i op\u021bional&nbsp; cei cu v\u00e2rsta cuprins\u0103 \u00eentre 35 \u0219i 45 de ani. M\u0103rimea contribu\u021biei este \u00een momentul de fa\u021b\u0103 de 4,75% din venitul brut al asiguratului, cot\u0103 care se aplic\u0103 \u00eencep\u00e2nd cu 1 ianuarie 2024, \u00eens\u0103 anterior acestei date era de 3,75% din salariul brut lunar. Adic\u0103, este o propor\u021bie cert\u0103 din sume variabile.&nbsp; Pilonul II administrat privat reune\u0219te peste 8 milioane de participan\u021bi, iar valoarea total\u0103 a activelor fondurilor de pensii private era de 156,44 miliarde lei la sf\u00e2r\u0219itul anului 2024, conform&nbsp;<a href=\"https:\/\/www.asfromania.ro\/uploads\/articole\/attachments\/67e29fd93a5ff059576642.pdf\" target=\"_blank\" rel=\"noopener\">Raportului Autorit\u0103\u021bii de Supraveghere Financiar\u0103<\/a>.&nbsp;<\/p>\n<p>Periodic, reprezentan\u021bii industriei de asigur\u0103ri, anun\u021bau public nivelul de rentabilitate al acestui Pilon \u0219i compara\u021bii cu diver\u0219i indicatori economici. Astfel,&nbsp;&nbsp; \u00een iunie 2023 am fost anun\u021ba\u021bi c\u0103, de la lansarea sistemului \u0219i p\u00e2n\u0103 \u00een prezent, randamentul mediu anualizat al fondurilor de Pilon II a fost de 7,41%, comparativ cu o rat\u0103 medie anual\u0103 a infla\u021biei de 4,38% pentru aceea\u0219i perioad\u0103. \u0218i multe alte compara\u021bii cu al\u021bi indicatori, precum ratele dob\u00e2nzii la depozitele bancare, dob\u00e2nzile la titlurile de stat etc, unde fondurile din Pilonul II ie\u0219eau c\u00e2\u0219tig\u0103toare cu un avans serios.<\/p>\n<p>Dincolo de propunerea de lege, care a fost prezentat\u0103 \u00een prima lectur\u0103 \u0219i care poate fi mult modificat\u0103 pentru a reprezenta mai bine interesele celor care vor \u00eencasa banii din fond, anumite lucruri nu au fost gestionate bine.<\/p>\n<div id=\"div-billboard7\" class=\"inserted-position billboard-7 mobile\"><\/div>\n<p>Ar fi trebuit ca, av\u00e2nd \u0219i aceste date privind performan\u021bele Pilonului II, s\u0103 fi fost o prezentare \u0219i o discutare din timp a proiectului cu toate p\u0103r\u021bile interesate. Mai ales c\u0103 dup\u0103 cutremurul mediatic produs dup\u0103 aflarea inten\u021biei de legiferare, cum mul\u021bi dintre cet\u0103\u021benii Rom\u00e2niei \u00eenc\u0103 au o educa\u021bie financiar\u0103 precar\u0103, f\u0103r\u0103 o punere \u00eentr-un limbaj inteligibil, simplu, ace\u0219tia nu vor putea s\u0103 trag\u0103 singuri concluziile necesare \u00een urma compar\u0103rii diverselor tipuri de plasamente sau de asigur\u0103ri. Altfel ar fi stat lucrurile dac\u0103 finalizarea proiectului dac\u0103 era \u00eenso\u021bit\u0103 de o campanie de comunicare. Asocia\u021biile de consumatori sunt vectori importan\u021bi, dar nu-mi amintesc s\u0103 fi fost cooptat\u0103.<\/p>\n<p>Ar fi fost \u0219i mult mai u\u0219or de demonetizat una dintre primele opinii care se vehiculeaz\u0103 dup\u0103 \u0219edin\u021ba de Guvern din 8 august, nefericit plasat\u0103 \u00een contextul unor m\u0103suri de austeritate \u0219i de cre\u0219teri de taxe, deoarece percep\u021bia negativ\u0103 a fost alimentat\u0103 \u0219i cu corelarea cu decizia de a se re\u021bine, <strong>de la 1 august 2025, la plata activului acumulat la Pilonul II \u0219i Pilonul III, contribu\u021bia de asigur\u0103ri sociale de s\u0103n\u0103tate (CASS) de 10% pentru partea din venitul din pensie care dep\u0103\u0219e\u0219te 3.000 lei.<\/strong><\/p>\n<h2 class=\"wp-block-heading\"><strong><em>Lipsa de comunicare va face ca industria s\u0103 sufere din cauza decredibiliz\u0103rii \u00een ochii contributorilor la acest pilon. Lupt\u0103-te cu asta<\/em><\/strong><\/h2>\n<p>Astfel, concluzia celor care nu au stat sau nu au capacitatea s\u0103 analizeze datele de la fondurile de pensii Pilon II a fost aceea c\u0103 <em>\u201enu mai sunt bani pentru a fi retra\u0219i to\u021bi banii odat\u0103, la pensionare!\u201d<\/em>.<br \/>Total eronat, \u00eens\u0103 lipsa de comunicare va face ca, pe l\u00e2ng\u0103 nemul\u021bumirile str\u00e2nse, industria s\u0103 sufere din cauza decredibiliz\u0103rii \u00een ochii contributorilor la acest pilon. Lupt\u0103-te cu asta, post factum! Dar nu este problema mea.<\/p>\n<p>Revenind la proiect \u0219i la&nbsp; func\u021bionarea planurilor de pensii: \u00een momentul pension\u0103rii, urmeaz\u0103 a\u0219a-numita faz\u0103 a de-cumul\u0103rii, practic <em>plata<\/em> banilor str\u00e2n\u0219i de-a lungul timpului \u00een fondul respectiv pentru care a optat sau unde a fost alocat membrul respectiv, cel care va \u00eencheia, aten\u021bie! un <em>contract de plat\u0103<\/em>, numit ca atare \u00een propunerea \u00een discu\u021bie. De aici, \u00eens\u0103, \u00eencep diferen\u021bierea \u0219i limit\u0103rile fa\u021b\u0103 de situa\u021bia curent\u0103, c\u00e2nd banii str\u00e2n\u0219i in contul din Pilonul II pot fi retra\u0219i &nbsp;integral \u00een momentul pension\u0103rii pentru limita de v\u00e2rsta sau \u00eenainte, \u00een cazul pension\u0103rii pentru invaliditate. (\u00cen cazul decesului, banii r\u0103m\u00e2n mo\u0219tenitorilor&nbsp; legali sau testamentari, la fel ca un cont bancar).<\/p>\n<p>\u00cen propunerea care a intrat \u00een \u0219edin\u021ba din 8 august \u00een prima lectur\u0103, la articolul 55 este precizat:<\/p>\n<div id=\"div-billboard8\" class=\"inserted-position billboard-8 mobile\"><\/div>\n<p><strong><em>Art. 55 \u2013 Posibilitatea ob\u021binerii unui avans din pensie<\/em><\/strong><\/p>\n<p><strong><em>(1) <\/em><\/strong><em>Membrul unui fond de plat\u0103 poate primi maximum 25% din valoarea activului s\u0103u personal transferat<\/em> <em>c\u0103tre fondul de plat\u0103, la cerere, o singur\u0103 dat\u0103, sub form\u0103 de plat\u0103 unic\u0103 acordat\u0103 \u00eenaintea \u00eenceperii pl\u0103\u021bii pensiilor lunare.<\/em><\/p>\n<p><strong><em>(2) <\/em><\/strong><em>Op\u021biunea prev\u0103zut\u0103 la alin. (1) este prev\u0103zut\u0103 \u00een contractul de plat\u0103.<\/em><\/p>\n<p><strong><em>(3) <\/em><\/strong><em>Dreptul membrului de a primi echivalentul a maximum 25% din valoarea activului s\u0103u personal<\/em> <em>transferat c\u0103tre fondul de plat\u0103 se acord\u0103 pentru fiecare cont individual de pensii private de\u021binut de c\u0103tre<\/em> <em>membru. <\/em>(de ce, oare, nu e nicio distinc\u021bie \u00eentre Pilonul II, III \u0219i IV?, n.n.)<\/p>\n<p>Cum s-a decis avansul de 25%? De ce nu 30%? Sau 50%? De ce nu toat\u0103 suma, cum este acum? A\u0219adar, ar fi fost mult mai bine dac\u0103 A.S.F., eventual Ministerul Muncii, pentru Pilonul II, veneau cu ceva mai multe explica\u021bii privind sustenabilitatea pe termen lung a acumul\u0103rilor \u00een fonduri, dec\u00e2t o trimitere la \u2026 o geografie mai apropiat\u0103, adic\u0103 vecina Bulgaria (cu o popula\u021bie sensibil mai mic\u0103 dec\u00e2t Rom\u00e2nia), chiar dac\u0103, demografic, sunt similitudini. Sunt c\u00e2teva state care ar putea s\u0103 constituie exemple de bune-practici, cum ar fi Spania sau Fran\u021ba.<\/p>\n<div id=\"div-billboard9\" class=\"inserted-position billboard-9 mobile\"><\/div>\n<p>O alt\u0103 chestiune perceput\u0103 ca o nedreptate a fost \u0219i faptul c\u0103 proiectul mai prevede, <strong>&nbsp;de exemplu, c\u00e2teva tipuri de pensii. Astfel, vor exista pensii de tip retragere programat\u0103 \u0219i pensiilor viagere.<\/strong><\/p>\n<p>La pensia programat\u0103, c\u00e2nd se vor primi de c\u0103tre pensionar pl\u0103\u021bi lunare pe o perioad\u0103 limitat\u0103 de timp (maximum 10 ani), valoarea pensiei lunare va fi egal\u0103 cu indemniza\u021bia social\u0103 pentru pensionari stabilit\u0103 pentru sistemul public de pensii (!), iar \u00een cazul decesului \u00eenainte de a primi to\u021bi banii, mo\u0219tenitorii sau persoanele desemnate vor primi suma r\u0103mas\u0103. De ce se alege ca referin\u021b\u0103 indemniza\u021bia social\u0103 pentru pensionari stabilit\u0103 pentru sistemul public de pensii, nu se spune \u00een vreun document care s\u0103 fundamenteze \u0219i s\u0103 \u00eenso\u021beasc\u0103 propunerea! Dac\u0103 am fi avut ceva explica\u021bii de la Ministerul Muncii sau de la A.S.F., \u00een cadrul vreunei dezbateri organizate pe subiect, poate am fi fost mai l\u0103muri\u021bi, dec\u00e2t dac\u0103 parcurgem cele c\u00e2teva r\u00e2nduri din expunerea de motive care fac referire la ni\u0219te valori mediane \u0219i at\u00e2t!<\/p>\n<p><em>\u201dPropunerea referitoare la suma minim\u0103 necesar\u0103 pentru dob\u00e2ndirea unei pensii private, a avut \u00een vedere urm\u0103toarele considera\u021bii: la data de 31.12.2024, valoarea indemniza\u021biei sociale stabilit\u0103 pentru pensionarii din sistemul public de pensii era de 1.281 lei, valoarea medie a contului pentru Pilon II era de 18.381 lei, iar valoarea median\u0103 a contului Pilon III era de 14.352 lei. Astfel, 12 indemniza\u021bii sociale = 12*1.281 lei = 15.372 lei\u201d<\/em>.&nbsp;<\/p>\n<h2 class=\"wp-block-heading\"><strong><em>Ce rost au valorile mediane pentru Pilonul III unde contribu\u021bia \u021bine strict de puterea financiar\u0103 a unui individ?!<\/em><\/strong><\/h2>\n<p>&nbsp;Noi \u0219tim c\u0103 indemniza\u021bia social\u0103 pentru pensionari, \u00een sistemul public, este o sum\u0103 suplimentar\u0103 acordat\u0103 <em>pensionarilor ale c\u0103ror venituri din pensii nu dep\u0103\u0219esc un anumit prag<\/em>, pentru a le asigura un venit minim garantat. Adic\u0103, este vorba despre persoane cu situa\u021bie financiar\u0103 precar\u0103. \u00cens\u0103, cum la pensia programat\u0103 pe perioada de 10 ani, valoarea pensiei va fi egal\u0103 &nbsp;cu acest nivel, rezult\u0103 c\u0103, <strong>Pilonul II va avea&nbsp; pronun\u021bate caracteristici de<\/strong> <strong>solidaritate \u0219i redistribuire (specifice de fapt, Pilonului I, pensiile de stat), de\u0219i modul de contribu\u021bie de-a lungul vie\u021bii (o cot\u0103 fix\u0103 din valori variabile), plus posibilitatea de a verifica pe parcursul cotiz\u0103rii a unit\u0103\u021bilor acumulate induc ideea c\u0103 Pilonul II <\/strong>func\u021bioneaz\u0103 pe baza principiului contributivit\u0103\u0163ii. Dac\u0103 se \u2026 redistribuie altora emolumentul activului personal \u00een faza de de-cumulare, de ce s\u0103 nu se contribuie la nivelul venitului minim brut pentru fiecare contributor Pilon II, ca s\u0103 nu se simt\u0103 nimeni nedrept\u0103\u021bit!&nbsp;<\/p>\n<p>&nbsp;Nu a luat nimeni \u00een considerare c\u0103 se nasc inechit\u0103\u021bi \u00eentre cei care au contribuit mult, \u0219i&nbsp; unii \u2026 care au venit cu mult prea pu\u021bin? Doar de c\u00e2\u021biva ani salariul minim a crescut mai accentuat \u0219i valoarea contribu\u021biilor la pensiile publice la fel. Doar \u00eencep\u00e2nd cu 2022, anul&nbsp; adopt\u0103rii Directivei salariului minim european, a \u00eenceput s\u0103 creasc\u0103 mai accelerat salariul minim la nivel na\u021bional. &nbsp;<\/p>\n<p>Dup\u0103 \u0219edin\u021ba din 8 august 2025, Asocia\u0163ia pentru Pensiile Administrate Privat din Rom\u00e2nia (APAPR) simte nevoia s\u0103 vin\u0103 cu un comunicat, \u00een care precizeaz\u0103 c\u0103 <em>\u201ebanii acumula\u0163i \u00een Pilonul 2 \u015fi 3 r\u0103m\u00e2n ai participan\u0163ilor \u015fi beneficiarilor, dreptul acestora de proprietate nefiind afectat de proiectul de lege \u00een dezbatere\u201d.<\/em><\/p>\n<p>Poate c\u0103 dreptul de proprietate nu o fi afectat, dar, limitat este cu siguran\u021b\u0103. Prin proiectul promovat zilele trecute, dreptul de a dispune (un atribut al dreptului de proprietate privat\u0103) va fi semnificativ afectat (mai ales dac\u0103 s-ar aplica Pilonului III !) Ar fi fost foarte mult de discutat pe aceast\u0103 tem\u0103, cel mai probabil, proiectul va trebui s\u0103 fie supus &nbsp;\u0219i unui control al constitu\u021bionalit\u0103\u021bii.<\/p>\n<p>A\u0219adar, dac\u0103 tot sunt at\u00e2t de multe constr\u00e2ngeri cum ar fi riscul de deces \u00eenainte de epuizarea contului, riscul de infla\u021bie, sc\u0103derea rentabilit\u0103\u021bii fondului etc de ce mai trebuie s\u0103 fie suportate \u0219i foarte multe limit\u0103ri?<\/p>\n<p>Dup\u0103 discu\u021biile din spa\u021biul public, \u00eencep\u00e2nd de ieri, cei care au sperat c\u0103 Pilonul II le va l\u0103sa toate op\u021biunile pe care o asigurare privat\u0103 de pensii le are \u00een componen\u021b\u0103,&nbsp; s-au l\u0103murit rapid c\u0103, dac\u0103 acest proiect va fi adoptat \u00een forma propus\u0103 vineri, limit\u0103rile vor fi at\u00e2t de mari, \u00eenc\u00e2t cei c\u0103rora li se va aplica actul normativ prin iminen\u021ba \u00eemplinirii v\u00e2rstei de pensionare, \u00ee\u0219i pun problema dac\u0103 nu cumva \u00eentre Pilonul I \u0219i Pilonul II diferen\u021bele se \u0219terg at\u00e2t de mult, \u00eenc\u00e2t vor regreta c\u0103 nu au depus din timp (\u0219i) sume de bani \u00een conturi de economii, la care s\u0103 aib\u0103 acces rapid \u0219i integral \u00een caz de nevoie urgent\u0103 sau datorit\u0103 unei boli cu final nefericit. Mai ales c\u0103 la prima citire pare c\u0103 proiectul nu distinge \u00eentre piloni!<\/p>\n<p>Oricum, percep\u021bia publicului neavizat a fost aceea c\u0103 <em>\u201ese va na\u021bionaliza\u201d Pilonul II de pensii<\/em>, viziune destul de apocaliptic\u0103 \u0219i care, probabil, se datoreaz\u0103 \u0219i unei \u00eencerc\u0103ri anterioare e\u0219uate de a aneantiza acest pilon, pentru care A.S.F. a trebuit din greu s\u0103 dreag\u0103 lucrurile,<a href=\"https:\/\/asfromania.ro\/ro\/a\/1357\/preciz%C4%83rile-pre%C5%9Fedintelui-asf-cu-privire-la-dezbaterile-care-au-avut-loc-%C3%AEn-ultima-perioad%C4%83,-cu-privire-la-fondurile-de-pensii-obligatorii-administrate-privat-%28Pilonul-ii%29\" target=\"_blank\" rel=\"noopener\"> explic\u00e2nd \u00een aprilie 2017 <\/a>c\u0103 fondurile de pensii din Rom\u00e2nia nu pot fi na\u021bionalizate.<\/p>\n<h2 class=\"wp-block-heading\"><strong><em>Cum s-a stabilit comisionul lunar de administrare din activul fondului de plat\u0103 care s\u0103 nu dep\u0103\u0219easc\u0103 0,05% ?<\/em><\/strong><\/h2>\n<p>Multe alte prevederi din aceast\u0103 propunere de lege necesit\u0103 aten\u021bie sporit\u0103, cum ar fi &nbsp;prevederi destul de lacunare, de exemplu o trimitere la ni\u0219te \u201dcomisioanele legale\u201d sau acele prevederi care privesc &nbsp;stabilirea unui comision lunar de administrare din activul fondului de plat\u0103 care nu poate dep\u0103\u0219i 0,05% din acesta.<\/p>\n<p>Cum s-a stabilit nivelul maximal de 0,05%, impactul pe care-l va avea asupra unor persoane aflate \u00een vulnerabilitate, c\u00e2t de transparent\u0103 va fi comunicarea privind perceperea\/ modificarea comisioanelor? Va veghea cumva \u0219i Consiliul Concuren\u021bei astfel \u00eenc\u00e2t furnizorii s\u0103 nu tind\u0103 la o aliniere de comisioane? Ne putem a\u0219tepta, cumva, s\u0103 fie o competi\u021bie \u00eentre furnizori \u00een a oferi comisioane c\u00e2t mai reduse sau, a\u0219a cum deja ne-am obi\u0219nuit din exemplul industriei&nbsp; bancare, comisioanele vor tinde permanent la niveluri c\u00e2t mai \u00eenalte, dac\u0103 se poate egale cu limita maxim\u0103? Mai ales c\u0103 la Pilonul II, unde din cauza obligativit\u0103\u021bii &nbsp;\u0219i a unei anumite absen\u021be a obi\u0219nuin\u021bei cet\u0103\u021beanului de a-\u0219i verifica periodic fondul, dar \u0219i pe ceilal\u021bi furnizori, nu se poate spune c\u0103 alegerea fondului a fost f\u0103cut\u0103 tocmai dup\u0103 cercet\u0103ri am\u0103nun\u021bite de c\u0103tre foarte mul\u021bi dintre cei \u00eenrola\u021bi, chiar \u0219i din cauza educa\u021biei financiare precare a acestora. A\u0219adar, este o munc\u0103 de dus despre cum se vor putea feri ace\u0219tia ca sumele str\u00e2nse \u00een fondurile lor nu vor fi ron\u021b\u0103ite de comisioanele respective, dar \u0219i de infla\u021bie.<\/p>\n<p>Un lucru este clar: &nbsp;\u00een cazul materializ\u0103rii <strong>riscului de longevitate<\/strong> (membrul, adic\u0103 pensionarul,&nbsp; tr\u0103ie\u0219te foarte mult) am \u00een\u021beles c\u0103 varianta nu este tocmai pe placul industriei, deoarece trebuie s\u0103-\u0219i onoreze obliga\u021bia de plat\u0103 pe o perioad\u0103 \u00eendelungat\u0103! \u00cens\u0103, la cum arat\u0103 situa\u021bia din Rom\u00e2nia din punctul de vedere al speran\u021bei de via\u021b\u0103 \u2013 suntem o genera\u021bie de sacrificiu! \u2013 cum spune o cuno\u0219tin\u021b\u0103 de-a mea, mai degrab\u0103 \u0219i mai iminent dec\u00e2t acest risc, viitorii pensionari vor trebui s\u0103 fac\u0103 fa\u021b\u0103 riscului infla\u021biei, mai ales c\u0103 austeritatea impune renun\u021barea la recalcul\u0103ri \u0219i major\u0103ri de pensii.&nbsp; De altfel \u00eengustarea op\u021biunilor celui ajuns la pensie este imens\u0103, pentru c\u0103, la varianta de la articolul 60,&nbsp; <strong>Pensia de tip retragere programat\u0103&nbsp; <\/strong>se spune:<\/p>\n<p><em>(4) Valoarea pl\u0103\u021bii lunare aferente pensiei de tip retragere programat\u0103 este prev\u0103zut\u0103 \u00een contractul de plat\u0103 \u0219i este<u> egal\u0103 cu valoarea indemniza\u021biei sociale pentru pensionari stabilit\u0103 pentru sistemul public de pensii, <\/u>cu excep\u021bia ultimei pl\u0103\u021bi lunare, care va fi o plat\u0103 rezidual\u0103.<\/em><\/p>\n<p><em>&nbsp;Apoi, la (5) Valoarea pensiei lunare se actualizeaz\u0103 anual de c\u0103tre furnizor, \u00een conformitate cu valoarea<\/em> <em>indemniza\u021biei sociale pentru pensionari stabilit\u0103 pentru sistemul public de pensii \u00een anul respectiv.<\/em><\/p>\n<p>&nbsp;At\u00e2t \u0219i nimic mai mult!<\/p>\n<p>Excep\u021bia prev\u0103zut\u0103 la punctul 6 este at\u00e2t de neclar\u0103 \u00een lipsa unor exemple de calcul concrete, \u00eenc\u00e2t sunt precaut\u0103 \u00een a spune c\u0103 aduce speran\u021be de echitate pentru cei care au contribuit mai mult.<\/p>\n<p><strong><em>(6) <\/em><\/strong><em>Prin excep\u021bie de la alin. (4), \u00een cazul \u00een care valoarea activului personal utilizat pentru \u00eencheierea<\/em> <em>contractului de plat\u0103, \u00een corela\u021bie cu valoarea pensiei lunare men\u021bionat\u0103 la alin. (4), determin\u0103 o perioad\u0103 de plat\u0103 mai mare de 10 ani, pensia lunar\u0103 poate dep\u0103\u0219i limita stabilit\u0103 la alin. (4), cu condi\u021bia ca durata total\u0103 a pl\u0103\u021bilor s\u0103 fie de cel pu\u021bin 10 ani.<\/em><\/p>\n<p>A\u0219adar, dac\u0103 am sperat c\u0103 aleg\u00e2nd un anumit fond voi ob\u021bine pentru contribu\u021biile f\u0103cute de-a lungul timpului cea mai bun\u0103 performan\u021b\u0103, toat\u0103 str\u0103dania va fi \u0219tears\u0103 de aceast\u0103 nivelare, care, din nou, va face ca milioane de contributori s\u0103 se \u00eentrebe dac\u0103 nu performau mai bine banii lor \u00een alte genuri de plasamente, pe cont propriu, de exemplu in titlurile de stat, \u00een care investesc \u0219i o mare parte din bani \u0219i fondurile, datorit\u0103 cerin\u021belor pruden\u021biale. La acestea se adaug\u0103 acele limit\u0103ri de a dispune de suma din activul personal din fond.<\/p>\n<h2 class=\"wp-block-heading\"><strong><em>De ce A.S.F. \u0219i Ministerul Muncii nu au f\u0103cut consult\u0103ri cu privire la aceast\u0103 perspectiv\u0103 asupra modului de plat\u0103 a pensiilor private<\/em><\/strong><\/h2>\n<p>Dar, cel mai probabil, dac\u0103 nu sunt aduse modific\u0103ri care s\u0103 re-apropie func\u021bionarea pilonului II de a\u0219tept\u0103rile \u0219i caracteristicile de care au beneficiat cohortele anterioare, p\u00e2n\u0103 \u0219i pia\u021ba muncii se va adapta \u0219i va ocoli pur \u0219i simplu din timp sistemul de stat, cu consecin\u021be catastrofale asupra pensiilor aflate \u00een plat\u0103.<\/p>\n<p>\u00cen lipsa unor indicii despre cum s-a ajuns la acest artificiu al introducerii&nbsp; valorii indemniza\u021biei sociale pentru pensionari stabilit\u0103 pentru sistemul public de pensii (chiar si cu perspectiva luminoas\u0103 a actualiz\u0103rii anuale) ne vom \u00eentreba de ce A.S.F. \u0219i Ministerul Muncii nu au f\u0103cut consult\u0103ri cu privire la aceast\u0103 perspectiv\u0103 asupra modului de plat\u0103 a pensiilor private.<\/p>\n<p>Nu doar ca reprezentanta unei asocia\u021bii de consumatori, ci \u0219i ca jurist, consider c\u0103 f\u0103r\u0103 ni\u0219te studii de fundamentare \u0219i de impact (de exemplu, asupra drepturilor fundamentale, cum ar fi&nbsp; dreptul de proprietate privat\u0103, de mo\u0219tenire), &nbsp;mi se pare c\u0103 lipsesc prea multe dintre elementele necesare care s\u0103 ofere predictibilitate pentru cei care-\u0219i planific\u0103 viitorul financiar sau sunt la 1-2 ani distan\u021b\u0103 de momentul pension\u0103rii.<\/p>\n<p>Efectele propunerii par a fi mult mai largi \u0219i mai nedorite dec\u00e2t ceea ce s-a perceput \u00een spa\u021biul public ca fiind o \u201ena\u021bionalizare a Pilonului II\u201d, precum decredibilizarea unei industrii, riscul de migrare a popula\u021biei active, riscul de a ascunde veniturile salariale prin tot felul de artificii, lipsa de interes pentru pilonii III-IV, efecte economice nedorite pentru cei afla\u021bi la pensie \u0219i a\u0219a mai departe.<\/p>\n<p>O atare ini\u021biativ\u0103 legislativ\u0103, chiar dac\u0103 este \u00eempins\u0103 cu vitez\u0103 accelerat\u0103 din cauza unor termene din parcursul ader\u0103rii la O.C.D.E. (obiectiv strategic al politicii externe) ar merita o abordare demn\u0103 de o \u021bar\u0103 cu pie\u021be financiare mature, care \u00een\u021beleg c\u0103 \u201d<em>membrul<\/em>\u201d (pozi\u021bia 26 din lista de abrevieri \u0219i defini\u021bii) este partea din contact de care chiar trebuie s\u0103 beneficieze de pensie (de\u0219i, \u00een raport cu lista pomenit\u0103 mai sus, cuv\u00e2ntul cap\u0103t\u0103 o nuan\u021b\u0103 funest\u0103).<\/p>\n<p>A\u0219adar, proiectul trebuie reg\u00e2ndit, mai ales dac\u0103 ne g\u00e2ndim c\u0103 demografic, \u00een Rom\u00e2nia, bugetul pensiilor publice va fi cur\u00e2nd cople\u0219it de num\u0103rul mare de pensionari, iar Pilonul II este obligatoriu \u0219i legat indisolubil pe Pilonul I, iar, pentru a face alegeri mai profitabile, este cam t\u00e2rziu pentru unii membri ai societ\u0103\u021bii noastre.<\/p>\n<p><strong><em>N.red: Calu Monica&nbsp;<\/em><\/strong><em>este jurist specializat \u00een Dreptul consumatorilor, cu o experien\u021b\u0103 de mai mult de un deceniu \u00een acest domeniu. Este specializat\u0103 \u00een protec\u021bia drepturilor consumatorilor de servicii financiare, iar domeniile sale de expertiz\u0103 includ contractele bancare, contractele de asigur\u0103ri, reglementarea drepturilor consumatorilor de servicii financiare \u00een legisla\u021bia intern\u0103 \u0219i a Uniunii Europene. De\u021bine, de asemenea, o licen\u021b\u0103 \u00een economie. Este fondatoare \u0219i pre\u0219edinte a Asocia\u021biei Consumers United\/Consumatorii Uni\u021bi \u0219i membr\u0103 \u00een<\/em> <em>Securities and Markets Stakeholder Group (SMSG \u2013 Grupul p\u0103r\u021bilor interesate din domeniul valorilor mobiliare \u0219i pie\u021belor) la Autoritatea de Reglementare \u0219i Supraveghere a Pie\u021belor Financiare din UE (ESMA) \u0219i \u00een &nbsp;Occupational Pensions Stakeholder Group (OPSG \u2013 Grupului P\u0103r\u021bilor Interesate \u00een domeniul Pensiilor Ocupa\u021bionale) la Autoritatea European\u0103 de Asigur\u0103ri \u0219i Pensii Ocupa\u021bionale (EIOPA), reprezent\u00e2nd consumatorii. Este membru individual \u00een ONG-ul interna\u021bional Finance Watch.&nbsp;<\/em><\/p>\n<p>Sursa articolului:<a href=\"https:\/\/hotnews.ro\/banii-din-pilonul-2-o-lege-pentru-viitorii-pensionari-nu-doar-pentru-o-c-d-e-2042129\" target=\"\\\\\\_blank\" rel=\"noopener\" title=\"\">  https:\/\/hotnews.ro\/banii-din-pilonul-2-o-lege-pentru-viitorii-pensionari-nu-doar-pentru-o-c-d-e-2042129<\/a><\/p>\n<\/p><\/div>","protected":false},"excerpt":{"rendered":"<p>S\u0103pt\u0103m\u00e2na trecut\u0103, printre propunerile din pachete cu m\u0103suri de austeritate \u0219i scandalurile \u00een coali\u021bia guvernamental\u0103 dac\u0103 s\u0103 fie sau nu doliu na\u021bional, un nou subiect fierbinte a aterizat pe nea\u0219teptate pe masa presei \u0219i \u00een farfuria din ce \u00een ce mai goal\u0103 a cet\u0103\u021beanului. Secretariatul General al Guvernului a strecurat pe agenda \u0219edin\u021bei din 8&#8230;<\/p>","protected":false},"author":4,"featured_media":1292,"comment_status":"open","ping_status":"open","sticky":false,"template":"","format":"standard","meta":{"footnotes":""},"categories":[1],"tags":[],"class_list":["post-2842","post","type-post","status-publish","format-standard","has-post-thumbnail","hentry","category-uncategorized"],"yoast_head":"<!-- This site is optimized with the Yoast SEO plugin v26.1.1 - https:\/\/yoast.com\/wordpress\/plugins\/seo\/ -->\n<title>Banii din Pilonul 2: O lege pentru viitorii pensionari, nu doar pentru O.C.D.E - Carpathia Center Romania<\/title>\n<meta name=\"robots\" content=\"index, follow, max-snippet:-1, max-image-preview:large, max-video-preview:-1\" \/>\n<link rel=\"canonical\" href=\"https:\/\/carpathiacenter.ro\/en\/banii-din-pilonul-2-o-lege-pentru-viitorii-pensionari-nu-doar-pentru-o-c-d-e\/\" \/>\n<meta property=\"og:locale\" content=\"en_GB\" \/>\n<meta property=\"og:type\" content=\"article\" \/>\n<meta property=\"og:title\" content=\"Banii din Pilonul 2: O lege pentru viitorii pensionari, nu doar pentru O.C.D.E - Carpathia Center Romania\" \/>\n<meta property=\"og:description\" content=\"S\u0103pt\u0103m\u00e2na trecut\u0103, printre propunerile din pachete cu m\u0103suri de austeritate \u0219i scandalurile \u00een coali\u021bia guvernamental\u0103 dac\u0103 s\u0103 fie sau nu doliu na\u021bional, un nou subiect fierbinte a aterizat pe nea\u0219teptate pe masa presei \u0219i \u00een farfuria din ce \u00een ce mai goal\u0103 a cet\u0103\u021beanului. Secretariatul General al Guvernului a strecurat pe agenda \u0219edin\u021bei din 8...\" \/>\n<meta property=\"og:url\" content=\"https:\/\/carpathiacenter.ro\/en\/banii-din-pilonul-2-o-lege-pentru-viitorii-pensionari-nu-doar-pentru-o-c-d-e\/\" \/>\n<meta property=\"og:site_name\" content=\"Carpathia Center Romania\" \/>\n<meta property=\"article:publisher\" content=\"https:\/\/www.facebook.com\/fdpscarpathia\/\" \/>\n<meta property=\"article:published_time\" content=\"2025-08-11T08:32:30+00:00\" \/>\n<meta property=\"og:image\" content=\"https:\/\/carpathiacenter.ro\/wp-content\/uploads\/2024\/09\/bani-1-e1701954228175.webp\" \/>\n\t<meta property=\"og:image:width\" content=\"2121\" \/>\n\t<meta property=\"og:image:height\" content=\"1194\" \/>\n\t<meta property=\"og:image:type\" content=\"image\/webp\" \/>\n<meta name=\"author\" content=\"creativebitsolutions\" \/>\n<meta name=\"twitter:card\" content=\"summary_large_image\" \/>\n<meta name=\"twitter:label1\" content=\"Written by\" \/>\n\t<meta name=\"twitter:data1\" content=\"creativebitsolutions\" \/>\n\t<meta name=\"twitter:label2\" content=\"Estimated reading time\" \/>\n\t<meta name=\"twitter:data2\" content=\"23 minutes\" \/>\n<script type=\"application\/ld+json\" class=\"yoast-schema-graph\">{\"@context\":\"https:\/\/schema.org\",\"@graph\":[{\"@type\":\"Article\",\"@id\":\"https:\/\/carpathiacenter.ro\/banii-din-pilonul-2-o-lege-pentru-viitorii-pensionari-nu-doar-pentru-o-c-d-e\/#article\",\"isPartOf\":{\"@id\":\"https:\/\/carpathiacenter.ro\/banii-din-pilonul-2-o-lege-pentru-viitorii-pensionari-nu-doar-pentru-o-c-d-e\/\"},\"author\":{\"name\":\"creativebitsolutions\",\"@id\":\"https:\/\/carpathiacenter.ro\/#\/schema\/person\/03d9f58202fee8379268f34afa195006\"},\"headline\":\"Banii din Pilonul 2: O lege pentru viitorii pensionari, nu doar pentru O.C.D.E\",\"datePublished\":\"2025-08-11T08:32:30+00:00\",\"mainEntityOfPage\":{\"@id\":\"https:\/\/carpathiacenter.ro\/banii-din-pilonul-2-o-lege-pentru-viitorii-pensionari-nu-doar-pentru-o-c-d-e\/\"},\"wordCount\":4623,\"commentCount\":0,\"publisher\":{\"@id\":\"https:\/\/carpathiacenter.ro\/#organization\"},\"image\":{\"@id\":\"https:\/\/carpathiacenter.ro\/banii-din-pilonul-2-o-lege-pentru-viitorii-pensionari-nu-doar-pentru-o-c-d-e\/#primaryimage\"},\"thumbnailUrl\":\"https:\/\/carpathiacenter.ro\/wp-content\/uploads\/2024\/09\/bani-1-e1701954228175.webp\",\"articleSection\":[\"Uncategorized\"],\"inLanguage\":\"en-GB\",\"potentialAction\":[{\"@type\":\"CommentAction\",\"name\":\"Comment\",\"target\":[\"https:\/\/carpathiacenter.ro\/banii-din-pilonul-2-o-lege-pentru-viitorii-pensionari-nu-doar-pentru-o-c-d-e\/#respond\"]}]},{\"@type\":\"WebPage\",\"@id\":\"https:\/\/carpathiacenter.ro\/banii-din-pilonul-2-o-lege-pentru-viitorii-pensionari-nu-doar-pentru-o-c-d-e\/\",\"url\":\"https:\/\/carpathiacenter.ro\/banii-din-pilonul-2-o-lege-pentru-viitorii-pensionari-nu-doar-pentru-o-c-d-e\/\",\"name\":\"Banii din Pilonul 2: O lege pentru viitorii pensionari, nu doar pentru O.C.D.E - Carpathia Center Romania\",\"isPartOf\":{\"@id\":\"https:\/\/carpathiacenter.ro\/#website\"},\"primaryImageOfPage\":{\"@id\":\"https:\/\/carpathiacenter.ro\/banii-din-pilonul-2-o-lege-pentru-viitorii-pensionari-nu-doar-pentru-o-c-d-e\/#primaryimage\"},\"image\":{\"@id\":\"https:\/\/carpathiacenter.ro\/banii-din-pilonul-2-o-lege-pentru-viitorii-pensionari-nu-doar-pentru-o-c-d-e\/#primaryimage\"},\"thumbnailUrl\":\"https:\/\/carpathiacenter.ro\/wp-content\/uploads\/2024\/09\/bani-1-e1701954228175.webp\",\"datePublished\":\"2025-08-11T08:32:30+00:00\",\"breadcrumb\":{\"@id\":\"https:\/\/carpathiacenter.ro\/banii-din-pilonul-2-o-lege-pentru-viitorii-pensionari-nu-doar-pentru-o-c-d-e\/#breadcrumb\"},\"inLanguage\":\"en-GB\",\"potentialAction\":[{\"@type\":\"ReadAction\",\"target\":[\"https:\/\/carpathiacenter.ro\/banii-din-pilonul-2-o-lege-pentru-viitorii-pensionari-nu-doar-pentru-o-c-d-e\/\"]}]},{\"@type\":\"ImageObject\",\"inLanguage\":\"en-GB\",\"@id\":\"https:\/\/carpathiacenter.ro\/banii-din-pilonul-2-o-lege-pentru-viitorii-pensionari-nu-doar-pentru-o-c-d-e\/#primaryimage\",\"url\":\"https:\/\/carpathiacenter.ro\/wp-content\/uploads\/2024\/09\/bani-1-e1701954228175.webp\",\"contentUrl\":\"https:\/\/carpathiacenter.ro\/wp-content\/uploads\/2024\/09\/bani-1-e1701954228175.webp\",\"width\":2121,\"height\":1194},{\"@type\":\"BreadcrumbList\",\"@id\":\"https:\/\/carpathiacenter.ro\/banii-din-pilonul-2-o-lege-pentru-viitorii-pensionari-nu-doar-pentru-o-c-d-e\/#breadcrumb\",\"itemListElement\":[{\"@type\":\"ListItem\",\"position\":1,\"name\":\"Prima pagin\u0103\",\"item\":\"https:\/\/carpathiacenter.ro\/\"},{\"@type\":\"ListItem\",\"position\":2,\"name\":\"Banii din Pilonul 2: O lege pentru viitorii pensionari, nu doar pentru O.C.D.E\"}]},{\"@type\":\"WebSite\",\"@id\":\"https:\/\/carpathiacenter.ro\/#website\",\"url\":\"https:\/\/carpathiacenter.ro\/\",\"name\":\"Carpathia Center Romania\",\"description\":\"Impossible made possible!\",\"publisher\":{\"@id\":\"https:\/\/carpathiacenter.ro\/#organization\"},\"potentialAction\":[{\"@type\":\"SearchAction\",\"target\":{\"@type\":\"EntryPoint\",\"urlTemplate\":\"https:\/\/carpathiacenter.ro\/?s={search_term_string}\"},\"query-input\":{\"@type\":\"PropertyValueSpecification\",\"valueRequired\":true,\"valueName\":\"search_term_string\"}}],\"inLanguage\":\"en-GB\"},{\"@type\":\"Organization\",\"@id\":\"https:\/\/carpathiacenter.ro\/#organization\",\"name\":\"Carpathia Center Romania\",\"url\":\"https:\/\/carpathiacenter.ro\/\",\"logo\":{\"@type\":\"ImageObject\",\"inLanguage\":\"en-GB\",\"@id\":\"https:\/\/carpathiacenter.ro\/#\/schema\/logo\/image\/\",\"url\":\"https:\/\/carpathiacenter.ro\/wp-content\/uploads\/2024\/07\/logo-carpathia_bg_white-1024x941.png\",\"contentUrl\":\"https:\/\/carpathiacenter.ro\/wp-content\/uploads\/2024\/07\/logo-carpathia_bg_white-1024x941.png\",\"width\":1024,\"height\":941,\"caption\":\"Carpathia Center Romania\"},\"image\":{\"@id\":\"https:\/\/carpathiacenter.ro\/#\/schema\/logo\/image\/\"},\"sameAs\":[\"https:\/\/www.facebook.com\/fdpscarpathia\/\"]},{\"@type\":\"Person\",\"@id\":\"https:\/\/carpathiacenter.ro\/#\/schema\/person\/03d9f58202fee8379268f34afa195006\",\"name\":\"creativebitsolutions\",\"image\":{\"@type\":\"ImageObject\",\"inLanguage\":\"en-GB\",\"@id\":\"https:\/\/carpathiacenter.ro\/#\/schema\/person\/image\/\",\"url\":\"https:\/\/secure.gravatar.com\/avatar\/1b1a13e37f847c635dab78348f1dff2f07651ee2a3d77a5c355a4b8c75f9165a?s=96&d=mm&r=g\",\"contentUrl\":\"https:\/\/secure.gravatar.com\/avatar\/1b1a13e37f847c635dab78348f1dff2f07651ee2a3d77a5c355a4b8c75f9165a?s=96&d=mm&r=g\",\"caption\":\"creativebitsolutions\"},\"url\":\"https:\/\/carpathiacenter.ro\/en\/author\/creativebitsolutions\/\"}]}<\/script>\n<!-- \/ Yoast SEO plugin. -->","yoast_head_json":{"title":"Banii din Pilonul 2: O lege pentru viitorii pensionari, nu doar pentru O.C.D.E - Carpathia Center Romania","robots":{"index":"index","follow":"follow","max-snippet":"max-snippet:-1","max-image-preview":"max-image-preview:large","max-video-preview":"max-video-preview:-1"},"canonical":"https:\/\/carpathiacenter.ro\/en\/banii-din-pilonul-2-o-lege-pentru-viitorii-pensionari-nu-doar-pentru-o-c-d-e\/","og_locale":"en_GB","og_type":"article","og_title":"Banii din Pilonul 2: O lege pentru viitorii pensionari, nu doar pentru O.C.D.E - Carpathia Center Romania","og_description":"S\u0103pt\u0103m\u00e2na trecut\u0103, printre propunerile din pachete cu m\u0103suri de austeritate \u0219i scandalurile \u00een coali\u021bia guvernamental\u0103 dac\u0103 s\u0103 fie sau nu doliu na\u021bional, un nou subiect fierbinte a aterizat pe nea\u0219teptate pe masa presei \u0219i \u00een farfuria din ce \u00een ce mai goal\u0103 a cet\u0103\u021beanului. Secretariatul General al Guvernului a strecurat pe agenda \u0219edin\u021bei din 8...","og_url":"https:\/\/carpathiacenter.ro\/en\/banii-din-pilonul-2-o-lege-pentru-viitorii-pensionari-nu-doar-pentru-o-c-d-e\/","og_site_name":"Carpathia Center Romania","article_publisher":"https:\/\/www.facebook.com\/fdpscarpathia\/","article_published_time":"2025-08-11T08:32:30+00:00","og_image":[{"width":2121,"height":1194,"url":"https:\/\/carpathiacenter.ro\/wp-content\/uploads\/2024\/09\/bani-1-e1701954228175.webp","type":"image\/webp"}],"author":"creativebitsolutions","twitter_card":"summary_large_image","twitter_misc":{"Written by":"creativebitsolutions","Estimated reading time":"23 minutes"},"schema":{"@context":"https:\/\/schema.org","@graph":[{"@type":"Article","@id":"https:\/\/carpathiacenter.ro\/banii-din-pilonul-2-o-lege-pentru-viitorii-pensionari-nu-doar-pentru-o-c-d-e\/#article","isPartOf":{"@id":"https:\/\/carpathiacenter.ro\/banii-din-pilonul-2-o-lege-pentru-viitorii-pensionari-nu-doar-pentru-o-c-d-e\/"},"author":{"name":"creativebitsolutions","@id":"https:\/\/carpathiacenter.ro\/#\/schema\/person\/03d9f58202fee8379268f34afa195006"},"headline":"Banii din Pilonul 2: O lege pentru viitorii pensionari, nu doar pentru O.C.D.E","datePublished":"2025-08-11T08:32:30+00:00","mainEntityOfPage":{"@id":"https:\/\/carpathiacenter.ro\/banii-din-pilonul-2-o-lege-pentru-viitorii-pensionari-nu-doar-pentru-o-c-d-e\/"},"wordCount":4623,"commentCount":0,"publisher":{"@id":"https:\/\/carpathiacenter.ro\/#organization"},"image":{"@id":"https:\/\/carpathiacenter.ro\/banii-din-pilonul-2-o-lege-pentru-viitorii-pensionari-nu-doar-pentru-o-c-d-e\/#primaryimage"},"thumbnailUrl":"https:\/\/carpathiacenter.ro\/wp-content\/uploads\/2024\/09\/bani-1-e1701954228175.webp","articleSection":["Uncategorized"],"inLanguage":"en-GB","potentialAction":[{"@type":"CommentAction","name":"Comment","target":["https:\/\/carpathiacenter.ro\/banii-din-pilonul-2-o-lege-pentru-viitorii-pensionari-nu-doar-pentru-o-c-d-e\/#respond"]}]},{"@type":"WebPage","@id":"https:\/\/carpathiacenter.ro\/banii-din-pilonul-2-o-lege-pentru-viitorii-pensionari-nu-doar-pentru-o-c-d-e\/","url":"https:\/\/carpathiacenter.ro\/banii-din-pilonul-2-o-lege-pentru-viitorii-pensionari-nu-doar-pentru-o-c-d-e\/","name":"Banii din Pilonul 2: O lege pentru viitorii pensionari, nu doar pentru O.C.D.E - Carpathia Center Romania","isPartOf":{"@id":"https:\/\/carpathiacenter.ro\/#website"},"primaryImageOfPage":{"@id":"https:\/\/carpathiacenter.ro\/banii-din-pilonul-2-o-lege-pentru-viitorii-pensionari-nu-doar-pentru-o-c-d-e\/#primaryimage"},"image":{"@id":"https:\/\/carpathiacenter.ro\/banii-din-pilonul-2-o-lege-pentru-viitorii-pensionari-nu-doar-pentru-o-c-d-e\/#primaryimage"},"thumbnailUrl":"https:\/\/carpathiacenter.ro\/wp-content\/uploads\/2024\/09\/bani-1-e1701954228175.webp","datePublished":"2025-08-11T08:32:30+00:00","breadcrumb":{"@id":"https:\/\/carpathiacenter.ro\/banii-din-pilonul-2-o-lege-pentru-viitorii-pensionari-nu-doar-pentru-o-c-d-e\/#breadcrumb"},"inLanguage":"en-GB","potentialAction":[{"@type":"ReadAction","target":["https:\/\/carpathiacenter.ro\/banii-din-pilonul-2-o-lege-pentru-viitorii-pensionari-nu-doar-pentru-o-c-d-e\/"]}]},{"@type":"ImageObject","inLanguage":"en-GB","@id":"https:\/\/carpathiacenter.ro\/banii-din-pilonul-2-o-lege-pentru-viitorii-pensionari-nu-doar-pentru-o-c-d-e\/#primaryimage","url":"https:\/\/carpathiacenter.ro\/wp-content\/uploads\/2024\/09\/bani-1-e1701954228175.webp","contentUrl":"https:\/\/carpathiacenter.ro\/wp-content\/uploads\/2024\/09\/bani-1-e1701954228175.webp","width":2121,"height":1194},{"@type":"BreadcrumbList","@id":"https:\/\/carpathiacenter.ro\/banii-din-pilonul-2-o-lege-pentru-viitorii-pensionari-nu-doar-pentru-o-c-d-e\/#breadcrumb","itemListElement":[{"@type":"ListItem","position":1,"name":"Prima pagin\u0103","item":"https:\/\/carpathiacenter.ro\/"},{"@type":"ListItem","position":2,"name":"Banii din Pilonul 2: O lege pentru viitorii pensionari, nu doar pentru O.C.D.E"}]},{"@type":"WebSite","@id":"https:\/\/carpathiacenter.ro\/#website","url":"https:\/\/carpathiacenter.ro\/","name":"Carpathia Center Romania","description":"Impossible made possible!","publisher":{"@id":"https:\/\/carpathiacenter.ro\/#organization"},"potentialAction":[{"@type":"SearchAction","target":{"@type":"EntryPoint","urlTemplate":"https:\/\/carpathiacenter.ro\/?s={search_term_string}"},"query-input":{"@type":"PropertyValueSpecification","valueRequired":true,"valueName":"search_term_string"}}],"inLanguage":"en-GB"},{"@type":"Organization","@id":"https:\/\/carpathiacenter.ro\/#organization","name":"Carpathia Center Romania","url":"https:\/\/carpathiacenter.ro\/","logo":{"@type":"ImageObject","inLanguage":"en-GB","@id":"https:\/\/carpathiacenter.ro\/#\/schema\/logo\/image\/","url":"https:\/\/carpathiacenter.ro\/wp-content\/uploads\/2024\/07\/logo-carpathia_bg_white-1024x941.png","contentUrl":"https:\/\/carpathiacenter.ro\/wp-content\/uploads\/2024\/07\/logo-carpathia_bg_white-1024x941.png","width":1024,"height":941,"caption":"Carpathia Center Romania"},"image":{"@id":"https:\/\/carpathiacenter.ro\/#\/schema\/logo\/image\/"},"sameAs":["https:\/\/www.facebook.com\/fdpscarpathia\/"]},{"@type":"Person","@id":"https:\/\/carpathiacenter.ro\/#\/schema\/person\/03d9f58202fee8379268f34afa195006","name":"creativebitsolutions","image":{"@type":"ImageObject","inLanguage":"en-GB","@id":"https:\/\/carpathiacenter.ro\/#\/schema\/person\/image\/","url":"https:\/\/secure.gravatar.com\/avatar\/1b1a13e37f847c635dab78348f1dff2f07651ee2a3d77a5c355a4b8c75f9165a?s=96&d=mm&r=g","contentUrl":"https:\/\/secure.gravatar.com\/avatar\/1b1a13e37f847c635dab78348f1dff2f07651ee2a3d77a5c355a4b8c75f9165a?s=96&d=mm&r=g","caption":"creativebitsolutions"},"url":"https:\/\/carpathiacenter.ro\/en\/author\/creativebitsolutions\/"}]}},"_links":{"self":[{"href":"https:\/\/carpathiacenter.ro\/en\/wp-json\/wp\/v2\/posts\/2842","targetHints":{"allow":["GET"]}}],"collection":[{"href":"https:\/\/carpathiacenter.ro\/en\/wp-json\/wp\/v2\/posts"}],"about":[{"href":"https:\/\/carpathiacenter.ro\/en\/wp-json\/wp\/v2\/types\/post"}],"author":[{"embeddable":true,"href":"https:\/\/carpathiacenter.ro\/en\/wp-json\/wp\/v2\/users\/4"}],"replies":[{"embeddable":true,"href":"https:\/\/carpathiacenter.ro\/en\/wp-json\/wp\/v2\/comments?post=2842"}],"version-history":[{"count":1,"href":"https:\/\/carpathiacenter.ro\/en\/wp-json\/wp\/v2\/posts\/2842\/revisions"}],"predecessor-version":[{"id":2843,"href":"https:\/\/carpathiacenter.ro\/en\/wp-json\/wp\/v2\/posts\/2842\/revisions\/2843"}],"wp:featuredmedia":[{"embeddable":true,"href":"https:\/\/carpathiacenter.ro\/en\/wp-json\/wp\/v2\/media\/1292"}],"wp:attachment":[{"href":"https:\/\/carpathiacenter.ro\/en\/wp-json\/wp\/v2\/media?parent=2842"}],"wp:term":[{"taxonomy":"category","embeddable":true,"href":"https:\/\/carpathiacenter.ro\/en\/wp-json\/wp\/v2\/categories?post=2842"},{"taxonomy":"post_tag","embeddable":true,"href":"https:\/\/carpathiacenter.ro\/en\/wp-json\/wp\/v2\/tags?post=2842"}],"curies":[{"name":"wp","href":"https:\/\/api.w.org\/{rel}","templated":true}]}}