{"id":2839,"date":"2025-08-08T11:19:41","date_gmt":"2025-08-08T11:19:41","guid":{"rendered":"https:\/\/carpathiacenter.ro\/?p=2839"},"modified":"2025-08-08T11:19:41","modified_gmt":"2025-08-08T11:19:41","slug":"statele-din-ue-trebuie-sa-aplice-de-vineri-legea-europeana-privind-libertatea-mass-media","status":"publish","type":"post","link":"https:\/\/carpathiacenter.ro\/en\/statele-din-ue-trebuie-sa-aplice-de-vineri-legea-europeana-privind-libertatea-mass-media\/","title":{"rendered":"Statele din UE trebuie s\u0103 aplice de vineri Legea european\u0103 privind libertatea mass-media"},"content":{"rendered":"<p><strong>Legea european\u0103 privind libertatea mass-media (The European Media Freedom Act, EMFA), ce consacr\u0103 principiul inform\u0103rii ca bun public \u0219i protejeaz\u0103 \u0219i promoveaz\u0103 libertatea, independen\u021ba \u0219i pluralismul presei \u00een cadrul pie\u021bei interne, intr\u0103 deplin \u00een vigoare vineri \u0219i statele membre trebuie s\u0103 o aplice.<\/strong><\/p>\n<p>&#8216;Ziua de 8 august 2025 marcheaz\u0103 intrarea \u00een vigoare a EMFA &#8211; un reper pentru libertatea presei \u00een UE. Dar valoarea ei adev\u0103rat\u0103 va fi m\u0103surat\u0103 \u00een ac\u021biune, nu \u00een cuvinte. Acum \u00eencepe adev\u0103rata munc\u0103: s\u0103 ne asigur\u0103m c\u0103 fiecare stat membru implementeaz\u0103 EMFA pe deplin \u0219i cu fidelitate. Libertatea mass-media nu este negociabil\u0103, este coloana vertebral\u0103 a democra\u021biei noastre&#8217;, a declarat vicepre\u0219edinta PE Sabine Verheyen, care conduce grupul de lucru al PE ce monitorizeaz\u0103 implementarea legii.<\/p>\n<p>Exprim\u00e2ndu-\u0219i preocuparea fa\u021b\u0103 de &#8216;declinul libert\u0103\u021bii presei \u00een diferite p\u0103r\u021bi ale Europei&#8217;, pre\u0219edinta Comisiei CULT a PE, eurodeputata german\u0103 Nela Riehl, a cerut, la r\u00e2ndul ei, statelor membre &#8216;s\u0103 implementeze legea cu diligen\u021b\u0103&#8217;, conform unui comunicat de pres\u0103 al PE.<\/p>\n<p>\u00cen februarie 2024, Parlamentul \u0219i Consiliul au adoptat noi reguli pentru protejarea libert\u0103\u021bii mass-media, precum \u0219i a independen\u021bei jurnali\u0219tilor \u00een UE. Regulamentul a \u00eenceput s\u0103 se aplice progresiv \u00een UE \u00eencep\u00e2nd cu luna mai 2024, dar prevederile sale cheie intr\u0103 \u00een vigoare de la 8 august 2025.<\/p>\n<p>Legea european\u0103 cre\u0219te transparen\u021ba asupra propriet\u0103\u021bii organelor mass-media \u0219i a aloc\u0103rii publicit\u0103\u021bii de stat, consolideaz\u0103 independen\u021ba media publice \u0219i asigur\u0103 o protec\u021bie robust\u0103 pentru jurnali\u0219ti \u0219i sursele lor, noteaz\u0103 PE \u00een comunicat.<\/p>\n<p>Pentru a asigura vizibilitate \u0219i pluralism, platformele digitale trebuie s\u0103 se ab\u021bin\u0103 de la a \u0219terge arbitrar sau restric\u021biona con\u021binutul media independent.AGERPRES\/(AS &#8211; redactor: Mariana Ionescu, editor online: Andreea Preda)<br \/>\n<br \/>\nSursa articolului:<a href=\"https:\/\/agerpres.ro\/ora-europei\/2025\/08\/08\/statele-din-ue-trebuie-sa-aplice-de-vineri-legea-europeana-privind-libertatea-mass-media--1474452\" target=\"\\\\\\_blank\" rel=\"noopener\" title=\"\">  https:\/\/agerpres.ro\/ora-europei\/2025\/08\/08\/statele-din-ue-trebuie-sa-aplice-de-vineri-legea-europeana-privind-libertatea-mass-media&#8211;1474452<\/a><\/p>","protected":false},"excerpt":{"rendered":"<p>Legea european\u0103 privind libertatea mass-media (The European Media Freedom Act, EMFA), ce consacr\u0103 principiul inform\u0103rii ca bun public \u0219i protejeaz\u0103 \u0219i promoveaz\u0103 libertatea, independen\u021ba \u0219i pluralismul presei \u00een cadrul pie\u021bei interne, intr\u0103 deplin \u00een vigoare vineri \u0219i statele membre trebuie s\u0103 o aplice. &#8216;Ziua de 8 august 2025 marcheaz\u0103 intrarea \u00een vigoare a EMFA &#8211;&#8230;<\/p>","protected":false},"author":4,"featured_media":1788,"comment_status":"open","ping_status":"open","sticky":false,"template":"","format":"standard","meta":{"footnotes":""},"categories":[1],"tags":[],"class_list":["post-2839","post","type-post","status-publish","format-standard","has-post-thumbnail","hentry","category-uncategorized"],"yoast_head":"<!-- This site is optimized with the Yoast SEO plugin v26.1.1 - https:\/\/yoast.com\/wordpress\/plugins\/seo\/ -->\n<title>Statele din UE trebuie s\u0103 aplice de vineri Legea european\u0103 privind libertatea mass-media - Carpathia Center Romania<\/title>\n<meta name=\"robots\" content=\"index, follow, max-snippet:-1, max-image-preview:large, max-video-preview:-1\" \/>\n<link rel=\"canonical\" href=\"https:\/\/carpathiacenter.ro\/en\/statele-din-ue-trebuie-sa-aplice-de-vineri-legea-europeana-privind-libertatea-mass-media\/\" \/>\n<meta property=\"og:locale\" content=\"en_GB\" \/>\n<meta property=\"og:type\" content=\"article\" \/>\n<meta property=\"og:title\" content=\"Statele din UE trebuie s\u0103 aplice de vineri Legea european\u0103 privind libertatea mass-media - Carpathia Center Romania\" \/>\n<meta property=\"og:description\" content=\"Legea european\u0103 privind libertatea mass-media (The European Media Freedom Act, EMFA), ce consacr\u0103 principiul inform\u0103rii ca bun public \u0219i protejeaz\u0103 \u0219i promoveaz\u0103 libertatea, independen\u021ba \u0219i pluralismul presei \u00een cadrul pie\u021bei interne, intr\u0103 deplin \u00een vigoare vineri \u0219i statele membre trebuie s\u0103 o aplice. &#8216;Ziua de 8 august 2025 marcheaz\u0103 intrarea \u00een vigoare a EMFA &#8211;...\" \/>\n<meta property=\"og:url\" content=\"https:\/\/carpathiacenter.ro\/en\/statele-din-ue-trebuie-sa-aplice-de-vineri-legea-europeana-privind-libertatea-mass-media\/\" \/>\n<meta property=\"og:site_name\" content=\"Carpathia Center Romania\" \/>\n<meta property=\"article:publisher\" content=\"https:\/\/www.facebook.com\/fdpscarpathia\/\" \/>\n<meta property=\"article:published_time\" content=\"2025-08-08T11:19:41+00:00\" \/>\n<meta property=\"og:image\" content=\"https:\/\/carpathiacenter.ro\/wp-content\/uploads\/2025\/01\/Comisia-Europeana-640x400-1.jpg\" \/>\n\t<meta property=\"og:image:width\" content=\"620\" \/>\n\t<meta property=\"og:image:height\" content=\"388\" \/>\n\t<meta property=\"og:image:type\" content=\"image\/jpeg\" \/>\n<meta name=\"author\" content=\"creativebitsolutions\" \/>\n<meta name=\"twitter:card\" content=\"summary_large_image\" \/>\n<meta name=\"twitter:label1\" content=\"Written by\" \/>\n\t<meta name=\"twitter:data1\" content=\"creativebitsolutions\" \/>\n\t<meta name=\"twitter:label2\" content=\"Estimated reading time\" \/>\n\t<meta name=\"twitter:data2\" content=\"2 minutes\" \/>\n<script type=\"application\/ld+json\" class=\"yoast-schema-graph\">{\"@context\":\"https:\/\/schema.org\",\"@graph\":[{\"@type\":\"Article\",\"@id\":\"https:\/\/carpathiacenter.ro\/statele-din-ue-trebuie-sa-aplice-de-vineri-legea-europeana-privind-libertatea-mass-media\/#article\",\"isPartOf\":{\"@id\":\"https:\/\/carpathiacenter.ro\/statele-din-ue-trebuie-sa-aplice-de-vineri-legea-europeana-privind-libertatea-mass-media\/\"},\"author\":{\"name\":\"creativebitsolutions\",\"@id\":\"https:\/\/carpathiacenter.ro\/#\/schema\/person\/03d9f58202fee8379268f34afa195006\"},\"headline\":\"Statele din UE trebuie s\u0103 aplice de vineri Legea european\u0103 privind libertatea mass-media\",\"datePublished\":\"2025-08-08T11:19:41+00:00\",\"mainEntityOfPage\":{\"@id\":\"https:\/\/carpathiacenter.ro\/statele-din-ue-trebuie-sa-aplice-de-vineri-legea-europeana-privind-libertatea-mass-media\/\"},\"wordCount\":317,\"commentCount\":0,\"publisher\":{\"@id\":\"https:\/\/carpathiacenter.ro\/#organization\"},\"image\":{\"@id\":\"https:\/\/carpathiacenter.ro\/statele-din-ue-trebuie-sa-aplice-de-vineri-legea-europeana-privind-libertatea-mass-media\/#primaryimage\"},\"thumbnailUrl\":\"https:\/\/carpathiacenter.ro\/wp-content\/uploads\/2025\/01\/Comisia-Europeana-640x400-1.jpg\",\"articleSection\":[\"Uncategorized\"],\"inLanguage\":\"en-GB\",\"potentialAction\":[{\"@type\":\"CommentAction\",\"name\":\"Comment\",\"target\":[\"https:\/\/carpathiacenter.ro\/statele-din-ue-trebuie-sa-aplice-de-vineri-legea-europeana-privind-libertatea-mass-media\/#respond\"]}]},{\"@type\":\"WebPage\",\"@id\":\"https:\/\/carpathiacenter.ro\/statele-din-ue-trebuie-sa-aplice-de-vineri-legea-europeana-privind-libertatea-mass-media\/\",\"url\":\"https:\/\/carpathiacenter.ro\/statele-din-ue-trebuie-sa-aplice-de-vineri-legea-europeana-privind-libertatea-mass-media\/\",\"name\":\"Statele din UE trebuie s\u0103 aplice de vineri Legea european\u0103 privind libertatea mass-media - Carpathia Center Romania\",\"isPartOf\":{\"@id\":\"https:\/\/carpathiacenter.ro\/#website\"},\"primaryImageOfPage\":{\"@id\":\"https:\/\/carpathiacenter.ro\/statele-din-ue-trebuie-sa-aplice-de-vineri-legea-europeana-privind-libertatea-mass-media\/#primaryimage\"},\"image\":{\"@id\":\"https:\/\/carpathiacenter.ro\/statele-din-ue-trebuie-sa-aplice-de-vineri-legea-europeana-privind-libertatea-mass-media\/#primaryimage\"},\"thumbnailUrl\":\"https:\/\/carpathiacenter.ro\/wp-content\/uploads\/2025\/01\/Comisia-Europeana-640x400-1.jpg\",\"datePublished\":\"2025-08-08T11:19:41+00:00\",\"breadcrumb\":{\"@id\":\"https:\/\/carpathiacenter.ro\/statele-din-ue-trebuie-sa-aplice-de-vineri-legea-europeana-privind-libertatea-mass-media\/#breadcrumb\"},\"inLanguage\":\"en-GB\",\"potentialAction\":[{\"@type\":\"ReadAction\",\"target\":[\"https:\/\/carpathiacenter.ro\/statele-din-ue-trebuie-sa-aplice-de-vineri-legea-europeana-privind-libertatea-mass-media\/\"]}]},{\"@type\":\"ImageObject\",\"inLanguage\":\"en-GB\",\"@id\":\"https:\/\/carpathiacenter.ro\/statele-din-ue-trebuie-sa-aplice-de-vineri-legea-europeana-privind-libertatea-mass-media\/#primaryimage\",\"url\":\"https:\/\/carpathiacenter.ro\/wp-content\/uploads\/2025\/01\/Comisia-Europeana-640x400-1.jpg\",\"contentUrl\":\"https:\/\/carpathiacenter.ro\/wp-content\/uploads\/2025\/01\/Comisia-Europeana-640x400-1.jpg\",\"width\":620,\"height\":388},{\"@type\":\"BreadcrumbList\",\"@id\":\"https:\/\/carpathiacenter.ro\/statele-din-ue-trebuie-sa-aplice-de-vineri-legea-europeana-privind-libertatea-mass-media\/#breadcrumb\",\"itemListElement\":[{\"@type\":\"ListItem\",\"position\":1,\"name\":\"Prima pagin\u0103\",\"item\":\"https:\/\/carpathiacenter.ro\/\"},{\"@type\":\"ListItem\",\"position\":2,\"name\":\"Statele din UE trebuie s\u0103 aplice de vineri Legea european\u0103 privind libertatea mass-media\"}]},{\"@type\":\"WebSite\",\"@id\":\"https:\/\/carpathiacenter.ro\/#website\",\"url\":\"https:\/\/carpathiacenter.ro\/\",\"name\":\"Carpathia Center Romania\",\"description\":\"Impossible made possible!\",\"publisher\":{\"@id\":\"https:\/\/carpathiacenter.ro\/#organization\"},\"potentialAction\":[{\"@type\":\"SearchAction\",\"target\":{\"@type\":\"EntryPoint\",\"urlTemplate\":\"https:\/\/carpathiacenter.ro\/?s={search_term_string}\"},\"query-input\":{\"@type\":\"PropertyValueSpecification\",\"valueRequired\":true,\"valueName\":\"search_term_string\"}}],\"inLanguage\":\"en-GB\"},{\"@type\":\"Organization\",\"@id\":\"https:\/\/carpathiacenter.ro\/#organization\",\"name\":\"Carpathia Center Romania\",\"url\":\"https:\/\/carpathiacenter.ro\/\",\"logo\":{\"@type\":\"ImageObject\",\"inLanguage\":\"en-GB\",\"@id\":\"https:\/\/carpathiacenter.ro\/#\/schema\/logo\/image\/\",\"url\":\"https:\/\/carpathiacenter.ro\/wp-content\/uploads\/2024\/07\/logo-carpathia_bg_white-1024x941.png\",\"contentUrl\":\"https:\/\/carpathiacenter.ro\/wp-content\/uploads\/2024\/07\/logo-carpathia_bg_white-1024x941.png\",\"width\":1024,\"height\":941,\"caption\":\"Carpathia Center Romania\"},\"image\":{\"@id\":\"https:\/\/carpathiacenter.ro\/#\/schema\/logo\/image\/\"},\"sameAs\":[\"https:\/\/www.facebook.com\/fdpscarpathia\/\"]},{\"@type\":\"Person\",\"@id\":\"https:\/\/carpathiacenter.ro\/#\/schema\/person\/03d9f58202fee8379268f34afa195006\",\"name\":\"creativebitsolutions\",\"image\":{\"@type\":\"ImageObject\",\"inLanguage\":\"en-GB\",\"@id\":\"https:\/\/carpathiacenter.ro\/#\/schema\/person\/image\/\",\"url\":\"https:\/\/secure.gravatar.com\/avatar\/1b1a13e37f847c635dab78348f1dff2f07651ee2a3d77a5c355a4b8c75f9165a?s=96&d=mm&r=g\",\"contentUrl\":\"https:\/\/secure.gravatar.com\/avatar\/1b1a13e37f847c635dab78348f1dff2f07651ee2a3d77a5c355a4b8c75f9165a?s=96&d=mm&r=g\",\"caption\":\"creativebitsolutions\"},\"url\":\"https:\/\/carpathiacenter.ro\/en\/author\/creativebitsolutions\/\"}]}<\/script>\n<!-- \/ Yoast SEO plugin. -->","yoast_head_json":{"title":"Statele din UE trebuie s\u0103 aplice de vineri Legea european\u0103 privind libertatea mass-media - Carpathia Center Romania","robots":{"index":"index","follow":"follow","max-snippet":"max-snippet:-1","max-image-preview":"max-image-preview:large","max-video-preview":"max-video-preview:-1"},"canonical":"https:\/\/carpathiacenter.ro\/en\/statele-din-ue-trebuie-sa-aplice-de-vineri-legea-europeana-privind-libertatea-mass-media\/","og_locale":"en_GB","og_type":"article","og_title":"Statele din UE trebuie s\u0103 aplice de vineri Legea european\u0103 privind libertatea mass-media - Carpathia Center Romania","og_description":"Legea european\u0103 privind libertatea mass-media (The European Media Freedom Act, EMFA), ce consacr\u0103 principiul inform\u0103rii ca bun public \u0219i protejeaz\u0103 \u0219i promoveaz\u0103 libertatea, independen\u021ba \u0219i pluralismul presei \u00een cadrul pie\u021bei interne, intr\u0103 deplin \u00een vigoare vineri \u0219i statele membre trebuie s\u0103 o aplice. &#8216;Ziua de 8 august 2025 marcheaz\u0103 intrarea \u00een vigoare a EMFA &#8211;...","og_url":"https:\/\/carpathiacenter.ro\/en\/statele-din-ue-trebuie-sa-aplice-de-vineri-legea-europeana-privind-libertatea-mass-media\/","og_site_name":"Carpathia Center Romania","article_publisher":"https:\/\/www.facebook.com\/fdpscarpathia\/","article_published_time":"2025-08-08T11:19:41+00:00","og_image":[{"width":620,"height":388,"url":"https:\/\/carpathiacenter.ro\/wp-content\/uploads\/2025\/01\/Comisia-Europeana-640x400-1.jpg","type":"image\/jpeg"}],"author":"creativebitsolutions","twitter_card":"summary_large_image","twitter_misc":{"Written by":"creativebitsolutions","Estimated reading time":"2 minutes"},"schema":{"@context":"https:\/\/schema.org","@graph":[{"@type":"Article","@id":"https:\/\/carpathiacenter.ro\/statele-din-ue-trebuie-sa-aplice-de-vineri-legea-europeana-privind-libertatea-mass-media\/#article","isPartOf":{"@id":"https:\/\/carpathiacenter.ro\/statele-din-ue-trebuie-sa-aplice-de-vineri-legea-europeana-privind-libertatea-mass-media\/"},"author":{"name":"creativebitsolutions","@id":"https:\/\/carpathiacenter.ro\/#\/schema\/person\/03d9f58202fee8379268f34afa195006"},"headline":"Statele din UE trebuie s\u0103 aplice de vineri Legea european\u0103 privind libertatea mass-media","datePublished":"2025-08-08T11:19:41+00:00","mainEntityOfPage":{"@id":"https:\/\/carpathiacenter.ro\/statele-din-ue-trebuie-sa-aplice-de-vineri-legea-europeana-privind-libertatea-mass-media\/"},"wordCount":317,"commentCount":0,"publisher":{"@id":"https:\/\/carpathiacenter.ro\/#organization"},"image":{"@id":"https:\/\/carpathiacenter.ro\/statele-din-ue-trebuie-sa-aplice-de-vineri-legea-europeana-privind-libertatea-mass-media\/#primaryimage"},"thumbnailUrl":"https:\/\/carpathiacenter.ro\/wp-content\/uploads\/2025\/01\/Comisia-Europeana-640x400-1.jpg","articleSection":["Uncategorized"],"inLanguage":"en-GB","potentialAction":[{"@type":"CommentAction","name":"Comment","target":["https:\/\/carpathiacenter.ro\/statele-din-ue-trebuie-sa-aplice-de-vineri-legea-europeana-privind-libertatea-mass-media\/#respond"]}]},{"@type":"WebPage","@id":"https:\/\/carpathiacenter.ro\/statele-din-ue-trebuie-sa-aplice-de-vineri-legea-europeana-privind-libertatea-mass-media\/","url":"https:\/\/carpathiacenter.ro\/statele-din-ue-trebuie-sa-aplice-de-vineri-legea-europeana-privind-libertatea-mass-media\/","name":"Statele din UE trebuie s\u0103 aplice de vineri Legea european\u0103 privind libertatea mass-media - Carpathia Center Romania","isPartOf":{"@id":"https:\/\/carpathiacenter.ro\/#website"},"primaryImageOfPage":{"@id":"https:\/\/carpathiacenter.ro\/statele-din-ue-trebuie-sa-aplice-de-vineri-legea-europeana-privind-libertatea-mass-media\/#primaryimage"},"image":{"@id":"https:\/\/carpathiacenter.ro\/statele-din-ue-trebuie-sa-aplice-de-vineri-legea-europeana-privind-libertatea-mass-media\/#primaryimage"},"thumbnailUrl":"https:\/\/carpathiacenter.ro\/wp-content\/uploads\/2025\/01\/Comisia-Europeana-640x400-1.jpg","datePublished":"2025-08-08T11:19:41+00:00","breadcrumb":{"@id":"https:\/\/carpathiacenter.ro\/statele-din-ue-trebuie-sa-aplice-de-vineri-legea-europeana-privind-libertatea-mass-media\/#breadcrumb"},"inLanguage":"en-GB","potentialAction":[{"@type":"ReadAction","target":["https:\/\/carpathiacenter.ro\/statele-din-ue-trebuie-sa-aplice-de-vineri-legea-europeana-privind-libertatea-mass-media\/"]}]},{"@type":"ImageObject","inLanguage":"en-GB","@id":"https:\/\/carpathiacenter.ro\/statele-din-ue-trebuie-sa-aplice-de-vineri-legea-europeana-privind-libertatea-mass-media\/#primaryimage","url":"https:\/\/carpathiacenter.ro\/wp-content\/uploads\/2025\/01\/Comisia-Europeana-640x400-1.jpg","contentUrl":"https:\/\/carpathiacenter.ro\/wp-content\/uploads\/2025\/01\/Comisia-Europeana-640x400-1.jpg","width":620,"height":388},{"@type":"BreadcrumbList","@id":"https:\/\/carpathiacenter.ro\/statele-din-ue-trebuie-sa-aplice-de-vineri-legea-europeana-privind-libertatea-mass-media\/#breadcrumb","itemListElement":[{"@type":"ListItem","position":1,"name":"Prima pagin\u0103","item":"https:\/\/carpathiacenter.ro\/"},{"@type":"ListItem","position":2,"name":"Statele din UE trebuie s\u0103 aplice de vineri Legea european\u0103 privind libertatea mass-media"}]},{"@type":"WebSite","@id":"https:\/\/carpathiacenter.ro\/#website","url":"https:\/\/carpathiacenter.ro\/","name":"Carpathia Center Romania","description":"Impossible made possible!","publisher":{"@id":"https:\/\/carpathiacenter.ro\/#organization"},"potentialAction":[{"@type":"SearchAction","target":{"@type":"EntryPoint","urlTemplate":"https:\/\/carpathiacenter.ro\/?s={search_term_string}"},"query-input":{"@type":"PropertyValueSpecification","valueRequired":true,"valueName":"search_term_string"}}],"inLanguage":"en-GB"},{"@type":"Organization","@id":"https:\/\/carpathiacenter.ro\/#organization","name":"Carpathia Center Romania","url":"https:\/\/carpathiacenter.ro\/","logo":{"@type":"ImageObject","inLanguage":"en-GB","@id":"https:\/\/carpathiacenter.ro\/#\/schema\/logo\/image\/","url":"https:\/\/carpathiacenter.ro\/wp-content\/uploads\/2024\/07\/logo-carpathia_bg_white-1024x941.png","contentUrl":"https:\/\/carpathiacenter.ro\/wp-content\/uploads\/2024\/07\/logo-carpathia_bg_white-1024x941.png","width":1024,"height":941,"caption":"Carpathia Center Romania"},"image":{"@id":"https:\/\/carpathiacenter.ro\/#\/schema\/logo\/image\/"},"sameAs":["https:\/\/www.facebook.com\/fdpscarpathia\/"]},{"@type":"Person","@id":"https:\/\/carpathiacenter.ro\/#\/schema\/person\/03d9f58202fee8379268f34afa195006","name":"creativebitsolutions","image":{"@type":"ImageObject","inLanguage":"en-GB","@id":"https:\/\/carpathiacenter.ro\/#\/schema\/person\/image\/","url":"https:\/\/secure.gravatar.com\/avatar\/1b1a13e37f847c635dab78348f1dff2f07651ee2a3d77a5c355a4b8c75f9165a?s=96&d=mm&r=g","contentUrl":"https:\/\/secure.gravatar.com\/avatar\/1b1a13e37f847c635dab78348f1dff2f07651ee2a3d77a5c355a4b8c75f9165a?s=96&d=mm&r=g","caption":"creativebitsolutions"},"url":"https:\/\/carpathiacenter.ro\/en\/author\/creativebitsolutions\/"}]}},"_links":{"self":[{"href":"https:\/\/carpathiacenter.ro\/en\/wp-json\/wp\/v2\/posts\/2839","targetHints":{"allow":["GET"]}}],"collection":[{"href":"https:\/\/carpathiacenter.ro\/en\/wp-json\/wp\/v2\/posts"}],"about":[{"href":"https:\/\/carpathiacenter.ro\/en\/wp-json\/wp\/v2\/types\/post"}],"author":[{"embeddable":true,"href":"https:\/\/carpathiacenter.ro\/en\/wp-json\/wp\/v2\/users\/4"}],"replies":[{"embeddable":true,"href":"https:\/\/carpathiacenter.ro\/en\/wp-json\/wp\/v2\/comments?post=2839"}],"version-history":[{"count":1,"href":"https:\/\/carpathiacenter.ro\/en\/wp-json\/wp\/v2\/posts\/2839\/revisions"}],"predecessor-version":[{"id":2840,"href":"https:\/\/carpathiacenter.ro\/en\/wp-json\/wp\/v2\/posts\/2839\/revisions\/2840"}],"wp:featuredmedia":[{"embeddable":true,"href":"https:\/\/carpathiacenter.ro\/en\/wp-json\/wp\/v2\/media\/1788"}],"wp:attachment":[{"href":"https:\/\/carpathiacenter.ro\/en\/wp-json\/wp\/v2\/media?parent=2839"}],"wp:term":[{"taxonomy":"category","embeddable":true,"href":"https:\/\/carpathiacenter.ro\/en\/wp-json\/wp\/v2\/categories?post=2839"},{"taxonomy":"post_tag","embeddable":true,"href":"https:\/\/carpathiacenter.ro\/en\/wp-json\/wp\/v2\/tags?post=2839"}],"curies":[{"name":"wp","href":"https:\/\/api.w.org\/{rel}","templated":true}]}}