{"id":2832,"date":"2025-08-07T07:56:47","date_gmt":"2025-08-07T07:56:47","guid":{"rendered":"https:\/\/carpathiacenter.ro\/?p=2832"},"modified":"2025-08-07T07:56:47","modified_gmt":"2025-08-07T07:56:47","slug":"pacientii-cu-afectiuni-cronice-se-pot-prezenta-la-medicul-de-specialitate-fara-trimitere-de-la-medicul-de-familie","status":"publish","type":"post","link":"https:\/\/carpathiacenter.ro\/en\/pacientii-cu-afectiuni-cronice-se-pot-prezenta-la-medicul-de-specialitate-fara-trimitere-de-la-medicul-de-familie\/","title":{"rendered":"Pacien\u021bii cu afec\u021biuni cronice se pot prezenta la medicul de specialitate f\u0103r\u0103 trimitere de la medicul de familie"},"content":{"rendered":"<p><strong>Pacien\u021bii cu afec\u021biuni cronice care sunt \u00eenregistra\u021bi \u00een anumite programe na\u021bionale de s\u0103n\u0103tate se pot prezenta direct la medicul de specialitate din ambulatoriu f\u0103r\u0103 bilet de trimitere de la medicul de familie, prevede un ordin comun semnat de ministrul S\u0103n\u0103t\u0103\u021bii, Alexandru Rogobete, \u0219i pre\u0219edintele Casei Na\u021bionale de Asigur\u0103ri de S\u0103n\u0103tate, Hora\u021biu Moldovan.<\/strong><\/p>\n<p>&#8216;\u00cempreun\u0103 cu pre\u0219edintele Casei Na\u021bionale de Asigur\u0103ri de S\u0103n\u0103tate, dr. Hora\u021biu Moldovan, am semnat un ordin comun care elimin\u0103 obligativitatea biletului de trimitere pentru pacien\u021bii cu afec\u021biuni cronice care sunt \u00eenrola\u021bi \u00een anumite programe na\u021bionale de s\u0103n\u0103tate. Este o m\u0103sur\u0103 care va reduce timpii de a\u0219teptare, va simplifica accesul la tratamente \u0219i va ajuta pacien\u021bii s\u0103 beneficieze mai repede de \u00eengrijirile de care au nevoie&#8217;, a transmis ministrul S\u0103n\u0103t\u0103\u021bii pe Facebook.<\/p>\n<p>Astfel, pacien\u021bii se pot prezenta direct la medicul de specialitate din ambulatoriu f\u0103r\u0103 trimitere de la medicul de familie \u00een urm\u0103toarele situa\u021bii:<br \/>\n* diabet zaharat, nutri\u021bie \u0219i boli metabolice &#8211; la medicii de specialitate desemna\u021bi \u00een programul na\u021bional pentru prescrierea tratamentelor \u0219i materialelor sanitare specifice;<br \/>\n* hemofilie \u0219i talasemie &#8211; la medicul hematolog desemnat pentru prescrierea tratamentelor \u00een cadrul programului na\u021bional;<br \/>\n* boli rare &#8211; la speciali\u0219tii din diverse domenii (alergologie, cardiologie, endocrinologie, gastroenterologie, neurologie, oncologie, pneumologie \u0219i altele) pentru prescrierea tratamentelor dedicate acestor patologii rare;<br \/>\n* tuberculoz\u0103 &#8211; la medicul pneumolog pentru pacien\u021bii care fac parte din programul na\u021bional de control al tuberculozei;<br \/>\n* HIV\/SIDA &#8211; la medicul infec\u021bionist pentru pacien\u021bii din programul na\u021bional de prevenire \u0219i control al infec\u021biei HIV\/SIDA;<br \/>\n* s\u0103n\u0103tatea femeii \u0219i copilului &#8211; la medicii de specialitate \u00een obstetric\u0103-ginecologie \u0219i genetic\u0103 medical\u0103, pentru diagnostic pre- \u0219i postnatal, dar \u0219i pentru prevenirea sindromului de izoimunizare Rh.<\/p>\n<p>&#8216;Este vorba despre pacien\u021bi care oricum au nevoie de \u00eengrijire constant\u0103, iar aceast\u0103 modificare elimin\u0103 un pas birocratic inutil, care nu aducea niciun beneficiu real \u00een traseul pacientului. Simplific\u0103m procedurile pentru cei care au nevoie de continuitate \u00een tratament&#8217;, a sus\u021binut Alexandru Rogobete. AGERPRES\/(AS &#8211; redactor: Roberto Stan, editor: Florin Marin, editor online: Irina Giurgiu)<br \/>\n<br \/>\nSursa articolului:<a href=\"https:\/\/agerpres.ro\/sanatate\/2025\/08\/06\/pacientii-cu-afectiuni-cronice-se-pot-prezenta-la-medicul-de-specialitate-fara-trimitere-de-la-medic--1474167\" target=\"\\\\\\_blank\" rel=\"noopener\" title=\"\">  https:\/\/agerpres.ro\/sanatate\/2025\/08\/06\/pacientii-cu-afectiuni-cronice-se-pot-prezenta-la-medicul-de-specialitate-fara-trimitere-de-la-medic&#8211;1474167<\/a><\/p>","protected":false},"excerpt":{"rendered":"<p>Pacien\u021bii cu afec\u021biuni cronice care sunt \u00eenregistra\u021bi \u00een anumite programe na\u021bionale de s\u0103n\u0103tate se pot prezenta direct la medicul de specialitate din ambulatoriu f\u0103r\u0103 bilet de trimitere de la medicul de familie, prevede un ordin comun semnat de ministrul S\u0103n\u0103t\u0103\u021bii, Alexandru Rogobete, \u0219i pre\u0219edintele Casei Na\u021bionale de Asigur\u0103ri de S\u0103n\u0103tate, Hora\u021biu Moldovan. &#8216;\u00cempreun\u0103 cu pre\u0219edintele&#8230;<\/p>","protected":false},"author":4,"featured_media":2833,"comment_status":"open","ping_status":"open","sticky":false,"template":"","format":"standard","meta":{"footnotes":""},"categories":[1],"tags":[],"class_list":["post-2832","post","type-post","status-publish","format-standard","has-post-thumbnail","hentry","category-uncategorized"],"yoast_head":"<!-- This site is optimized with the Yoast SEO plugin v26.1.1 - https:\/\/yoast.com\/wordpress\/plugins\/seo\/ -->\n<title>Pacien\u021bii cu afec\u021biuni cronice se pot prezenta la medicul de specialitate f\u0103r\u0103 trimitere de la medicul de familie - Carpathia Center Romania<\/title>\n<meta name=\"robots\" content=\"index, follow, max-snippet:-1, max-image-preview:large, max-video-preview:-1\" \/>\n<link rel=\"canonical\" href=\"https:\/\/carpathiacenter.ro\/en\/pacientii-cu-afectiuni-cronice-se-pot-prezenta-la-medicul-de-specialitate-fara-trimitere-de-la-medicul-de-familie\/\" \/>\n<meta property=\"og:locale\" content=\"en_GB\" \/>\n<meta property=\"og:type\" content=\"article\" \/>\n<meta property=\"og:title\" content=\"Pacien\u021bii cu afec\u021biuni cronice se pot prezenta la medicul de specialitate f\u0103r\u0103 trimitere de la medicul de familie - Carpathia Center Romania\" \/>\n<meta property=\"og:description\" content=\"Pacien\u021bii cu afec\u021biuni cronice care sunt \u00eenregistra\u021bi \u00een anumite programe na\u021bionale de s\u0103n\u0103tate se pot prezenta direct la medicul de specialitate din ambulatoriu f\u0103r\u0103 bilet de trimitere de la medicul de familie, prevede un ordin comun semnat de ministrul S\u0103n\u0103t\u0103\u021bii, Alexandru Rogobete, \u0219i pre\u0219edintele Casei Na\u021bionale de Asigur\u0103ri de S\u0103n\u0103tate, Hora\u021biu Moldovan. &#8216;\u00cempreun\u0103 cu pre\u0219edintele...\" \/>\n<meta property=\"og:url\" content=\"https:\/\/carpathiacenter.ro\/en\/pacientii-cu-afectiuni-cronice-se-pot-prezenta-la-medicul-de-specialitate-fara-trimitere-de-la-medicul-de-familie\/\" \/>\n<meta property=\"og:site_name\" content=\"Carpathia Center Romania\" \/>\n<meta property=\"article:publisher\" content=\"https:\/\/www.facebook.com\/fdpscarpathia\/\" \/>\n<meta property=\"article:published_time\" content=\"2025-08-07T07:56:47+00:00\" \/>\n<meta property=\"og:image\" content=\"https:\/\/carpathiacenter.ro\/wp-content\/uploads\/2025\/08\/Ministerul-Sanatatii.jpg\" \/>\n\t<meta property=\"og:image:width\" content=\"1024\" \/>\n\t<meta property=\"og:image:height\" content=\"683\" \/>\n\t<meta property=\"og:image:type\" content=\"image\/jpeg\" \/>\n<meta name=\"author\" content=\"creativebitsolutions\" \/>\n<meta name=\"twitter:card\" content=\"summary_large_image\" \/>\n<meta name=\"twitter:label1\" content=\"Written by\" \/>\n\t<meta name=\"twitter:data1\" content=\"creativebitsolutions\" \/>\n\t<meta name=\"twitter:label2\" content=\"Estimated reading time\" \/>\n\t<meta name=\"twitter:data2\" content=\"2 minutes\" \/>\n<script type=\"application\/ld+json\" class=\"yoast-schema-graph\">{\"@context\":\"https:\/\/schema.org\",\"@graph\":[{\"@type\":\"Article\",\"@id\":\"https:\/\/carpathiacenter.ro\/pacientii-cu-afectiuni-cronice-se-pot-prezenta-la-medicul-de-specialitate-fara-trimitere-de-la-medicul-de-familie\/#article\",\"isPartOf\":{\"@id\":\"https:\/\/carpathiacenter.ro\/pacientii-cu-afectiuni-cronice-se-pot-prezenta-la-medicul-de-specialitate-fara-trimitere-de-la-medicul-de-familie\/\"},\"author\":{\"name\":\"creativebitsolutions\",\"@id\":\"https:\/\/carpathiacenter.ro\/#\/schema\/person\/03d9f58202fee8379268f34afa195006\"},\"headline\":\"Pacien\u021bii cu afec\u021biuni cronice se pot prezenta la medicul de specialitate f\u0103r\u0103 trimitere de la medicul de familie\",\"datePublished\":\"2025-08-07T07:56:47+00:00\",\"mainEntityOfPage\":{\"@id\":\"https:\/\/carpathiacenter.ro\/pacientii-cu-afectiuni-cronice-se-pot-prezenta-la-medicul-de-specialitate-fara-trimitere-de-la-medicul-de-familie\/\"},\"wordCount\":408,\"commentCount\":0,\"publisher\":{\"@id\":\"https:\/\/carpathiacenter.ro\/#organization\"},\"image\":{\"@id\":\"https:\/\/carpathiacenter.ro\/pacientii-cu-afectiuni-cronice-se-pot-prezenta-la-medicul-de-specialitate-fara-trimitere-de-la-medicul-de-familie\/#primaryimage\"},\"thumbnailUrl\":\"https:\/\/carpathiacenter.ro\/wp-content\/uploads\/2025\/08\/Ministerul-Sanatatii.jpg\",\"articleSection\":[\"Uncategorized\"],\"inLanguage\":\"en-GB\",\"potentialAction\":[{\"@type\":\"CommentAction\",\"name\":\"Comment\",\"target\":[\"https:\/\/carpathiacenter.ro\/pacientii-cu-afectiuni-cronice-se-pot-prezenta-la-medicul-de-specialitate-fara-trimitere-de-la-medicul-de-familie\/#respond\"]}]},{\"@type\":\"WebPage\",\"@id\":\"https:\/\/carpathiacenter.ro\/pacientii-cu-afectiuni-cronice-se-pot-prezenta-la-medicul-de-specialitate-fara-trimitere-de-la-medicul-de-familie\/\",\"url\":\"https:\/\/carpathiacenter.ro\/pacientii-cu-afectiuni-cronice-se-pot-prezenta-la-medicul-de-specialitate-fara-trimitere-de-la-medicul-de-familie\/\",\"name\":\"Pacien\u021bii cu afec\u021biuni cronice se pot prezenta la medicul de specialitate f\u0103r\u0103 trimitere de la medicul de familie - Carpathia Center Romania\",\"isPartOf\":{\"@id\":\"https:\/\/carpathiacenter.ro\/#website\"},\"primaryImageOfPage\":{\"@id\":\"https:\/\/carpathiacenter.ro\/pacientii-cu-afectiuni-cronice-se-pot-prezenta-la-medicul-de-specialitate-fara-trimitere-de-la-medicul-de-familie\/#primaryimage\"},\"image\":{\"@id\":\"https:\/\/carpathiacenter.ro\/pacientii-cu-afectiuni-cronice-se-pot-prezenta-la-medicul-de-specialitate-fara-trimitere-de-la-medicul-de-familie\/#primaryimage\"},\"thumbnailUrl\":\"https:\/\/carpathiacenter.ro\/wp-content\/uploads\/2025\/08\/Ministerul-Sanatatii.jpg\",\"datePublished\":\"2025-08-07T07:56:47+00:00\",\"breadcrumb\":{\"@id\":\"https:\/\/carpathiacenter.ro\/pacientii-cu-afectiuni-cronice-se-pot-prezenta-la-medicul-de-specialitate-fara-trimitere-de-la-medicul-de-familie\/#breadcrumb\"},\"inLanguage\":\"en-GB\",\"potentialAction\":[{\"@type\":\"ReadAction\",\"target\":[\"https:\/\/carpathiacenter.ro\/pacientii-cu-afectiuni-cronice-se-pot-prezenta-la-medicul-de-specialitate-fara-trimitere-de-la-medicul-de-familie\/\"]}]},{\"@type\":\"ImageObject\",\"inLanguage\":\"en-GB\",\"@id\":\"https:\/\/carpathiacenter.ro\/pacientii-cu-afectiuni-cronice-se-pot-prezenta-la-medicul-de-specialitate-fara-trimitere-de-la-medicul-de-familie\/#primaryimage\",\"url\":\"https:\/\/carpathiacenter.ro\/wp-content\/uploads\/2025\/08\/Ministerul-Sanatatii.jpg\",\"contentUrl\":\"https:\/\/carpathiacenter.ro\/wp-content\/uploads\/2025\/08\/Ministerul-Sanatatii.jpg\",\"width\":1024,\"height\":683},{\"@type\":\"BreadcrumbList\",\"@id\":\"https:\/\/carpathiacenter.ro\/pacientii-cu-afectiuni-cronice-se-pot-prezenta-la-medicul-de-specialitate-fara-trimitere-de-la-medicul-de-familie\/#breadcrumb\",\"itemListElement\":[{\"@type\":\"ListItem\",\"position\":1,\"name\":\"Prima pagin\u0103\",\"item\":\"https:\/\/carpathiacenter.ro\/\"},{\"@type\":\"ListItem\",\"position\":2,\"name\":\"Pacien\u021bii cu afec\u021biuni cronice se pot prezenta la medicul de specialitate f\u0103r\u0103 trimitere de la medicul de familie\"}]},{\"@type\":\"WebSite\",\"@id\":\"https:\/\/carpathiacenter.ro\/#website\",\"url\":\"https:\/\/carpathiacenter.ro\/\",\"name\":\"Carpathia Center Romania\",\"description\":\"Impossible made possible!\",\"publisher\":{\"@id\":\"https:\/\/carpathiacenter.ro\/#organization\"},\"potentialAction\":[{\"@type\":\"SearchAction\",\"target\":{\"@type\":\"EntryPoint\",\"urlTemplate\":\"https:\/\/carpathiacenter.ro\/?s={search_term_string}\"},\"query-input\":{\"@type\":\"PropertyValueSpecification\",\"valueRequired\":true,\"valueName\":\"search_term_string\"}}],\"inLanguage\":\"en-GB\"},{\"@type\":\"Organization\",\"@id\":\"https:\/\/carpathiacenter.ro\/#organization\",\"name\":\"Carpathia Center Romania\",\"url\":\"https:\/\/carpathiacenter.ro\/\",\"logo\":{\"@type\":\"ImageObject\",\"inLanguage\":\"en-GB\",\"@id\":\"https:\/\/carpathiacenter.ro\/#\/schema\/logo\/image\/\",\"url\":\"https:\/\/carpathiacenter.ro\/wp-content\/uploads\/2024\/07\/logo-carpathia_bg_white-1024x941.png\",\"contentUrl\":\"https:\/\/carpathiacenter.ro\/wp-content\/uploads\/2024\/07\/logo-carpathia_bg_white-1024x941.png\",\"width\":1024,\"height\":941,\"caption\":\"Carpathia Center Romania\"},\"image\":{\"@id\":\"https:\/\/carpathiacenter.ro\/#\/schema\/logo\/image\/\"},\"sameAs\":[\"https:\/\/www.facebook.com\/fdpscarpathia\/\"]},{\"@type\":\"Person\",\"@id\":\"https:\/\/carpathiacenter.ro\/#\/schema\/person\/03d9f58202fee8379268f34afa195006\",\"name\":\"creativebitsolutions\",\"image\":{\"@type\":\"ImageObject\",\"inLanguage\":\"en-GB\",\"@id\":\"https:\/\/carpathiacenter.ro\/#\/schema\/person\/image\/\",\"url\":\"https:\/\/secure.gravatar.com\/avatar\/1b1a13e37f847c635dab78348f1dff2f07651ee2a3d77a5c355a4b8c75f9165a?s=96&d=mm&r=g\",\"contentUrl\":\"https:\/\/secure.gravatar.com\/avatar\/1b1a13e37f847c635dab78348f1dff2f07651ee2a3d77a5c355a4b8c75f9165a?s=96&d=mm&r=g\",\"caption\":\"creativebitsolutions\"},\"url\":\"https:\/\/carpathiacenter.ro\/en\/author\/creativebitsolutions\/\"}]}<\/script>\n<!-- \/ Yoast SEO plugin. -->","yoast_head_json":{"title":"Pacien\u021bii cu afec\u021biuni cronice se pot prezenta la medicul de specialitate f\u0103r\u0103 trimitere de la medicul de familie - Carpathia Center Romania","robots":{"index":"index","follow":"follow","max-snippet":"max-snippet:-1","max-image-preview":"max-image-preview:large","max-video-preview":"max-video-preview:-1"},"canonical":"https:\/\/carpathiacenter.ro\/en\/pacientii-cu-afectiuni-cronice-se-pot-prezenta-la-medicul-de-specialitate-fara-trimitere-de-la-medicul-de-familie\/","og_locale":"en_GB","og_type":"article","og_title":"Pacien\u021bii cu afec\u021biuni cronice se pot prezenta la medicul de specialitate f\u0103r\u0103 trimitere de la medicul de familie - Carpathia Center Romania","og_description":"Pacien\u021bii cu afec\u021biuni cronice care sunt \u00eenregistra\u021bi \u00een anumite programe na\u021bionale de s\u0103n\u0103tate se pot prezenta direct la medicul de specialitate din ambulatoriu f\u0103r\u0103 bilet de trimitere de la medicul de familie, prevede un ordin comun semnat de ministrul S\u0103n\u0103t\u0103\u021bii, Alexandru Rogobete, \u0219i pre\u0219edintele Casei Na\u021bionale de Asigur\u0103ri de S\u0103n\u0103tate, Hora\u021biu Moldovan. &#8216;\u00cempreun\u0103 cu pre\u0219edintele...","og_url":"https:\/\/carpathiacenter.ro\/en\/pacientii-cu-afectiuni-cronice-se-pot-prezenta-la-medicul-de-specialitate-fara-trimitere-de-la-medicul-de-familie\/","og_site_name":"Carpathia Center Romania","article_publisher":"https:\/\/www.facebook.com\/fdpscarpathia\/","article_published_time":"2025-08-07T07:56:47+00:00","og_image":[{"width":1024,"height":683,"url":"https:\/\/carpathiacenter.ro\/wp-content\/uploads\/2025\/08\/Ministerul-Sanatatii.jpg","type":"image\/jpeg"}],"author":"creativebitsolutions","twitter_card":"summary_large_image","twitter_misc":{"Written by":"creativebitsolutions","Estimated reading time":"2 minutes"},"schema":{"@context":"https:\/\/schema.org","@graph":[{"@type":"Article","@id":"https:\/\/carpathiacenter.ro\/pacientii-cu-afectiuni-cronice-se-pot-prezenta-la-medicul-de-specialitate-fara-trimitere-de-la-medicul-de-familie\/#article","isPartOf":{"@id":"https:\/\/carpathiacenter.ro\/pacientii-cu-afectiuni-cronice-se-pot-prezenta-la-medicul-de-specialitate-fara-trimitere-de-la-medicul-de-familie\/"},"author":{"name":"creativebitsolutions","@id":"https:\/\/carpathiacenter.ro\/#\/schema\/person\/03d9f58202fee8379268f34afa195006"},"headline":"Pacien\u021bii cu afec\u021biuni cronice se pot prezenta la medicul de specialitate f\u0103r\u0103 trimitere de la medicul de familie","datePublished":"2025-08-07T07:56:47+00:00","mainEntityOfPage":{"@id":"https:\/\/carpathiacenter.ro\/pacientii-cu-afectiuni-cronice-se-pot-prezenta-la-medicul-de-specialitate-fara-trimitere-de-la-medicul-de-familie\/"},"wordCount":408,"commentCount":0,"publisher":{"@id":"https:\/\/carpathiacenter.ro\/#organization"},"image":{"@id":"https:\/\/carpathiacenter.ro\/pacientii-cu-afectiuni-cronice-se-pot-prezenta-la-medicul-de-specialitate-fara-trimitere-de-la-medicul-de-familie\/#primaryimage"},"thumbnailUrl":"https:\/\/carpathiacenter.ro\/wp-content\/uploads\/2025\/08\/Ministerul-Sanatatii.jpg","articleSection":["Uncategorized"],"inLanguage":"en-GB","potentialAction":[{"@type":"CommentAction","name":"Comment","target":["https:\/\/carpathiacenter.ro\/pacientii-cu-afectiuni-cronice-se-pot-prezenta-la-medicul-de-specialitate-fara-trimitere-de-la-medicul-de-familie\/#respond"]}]},{"@type":"WebPage","@id":"https:\/\/carpathiacenter.ro\/pacientii-cu-afectiuni-cronice-se-pot-prezenta-la-medicul-de-specialitate-fara-trimitere-de-la-medicul-de-familie\/","url":"https:\/\/carpathiacenter.ro\/pacientii-cu-afectiuni-cronice-se-pot-prezenta-la-medicul-de-specialitate-fara-trimitere-de-la-medicul-de-familie\/","name":"Pacien\u021bii cu afec\u021biuni cronice se pot prezenta la medicul de specialitate f\u0103r\u0103 trimitere de la medicul de familie - Carpathia Center Romania","isPartOf":{"@id":"https:\/\/carpathiacenter.ro\/#website"},"primaryImageOfPage":{"@id":"https:\/\/carpathiacenter.ro\/pacientii-cu-afectiuni-cronice-se-pot-prezenta-la-medicul-de-specialitate-fara-trimitere-de-la-medicul-de-familie\/#primaryimage"},"image":{"@id":"https:\/\/carpathiacenter.ro\/pacientii-cu-afectiuni-cronice-se-pot-prezenta-la-medicul-de-specialitate-fara-trimitere-de-la-medicul-de-familie\/#primaryimage"},"thumbnailUrl":"https:\/\/carpathiacenter.ro\/wp-content\/uploads\/2025\/08\/Ministerul-Sanatatii.jpg","datePublished":"2025-08-07T07:56:47+00:00","breadcrumb":{"@id":"https:\/\/carpathiacenter.ro\/pacientii-cu-afectiuni-cronice-se-pot-prezenta-la-medicul-de-specialitate-fara-trimitere-de-la-medicul-de-familie\/#breadcrumb"},"inLanguage":"en-GB","potentialAction":[{"@type":"ReadAction","target":["https:\/\/carpathiacenter.ro\/pacientii-cu-afectiuni-cronice-se-pot-prezenta-la-medicul-de-specialitate-fara-trimitere-de-la-medicul-de-familie\/"]}]},{"@type":"ImageObject","inLanguage":"en-GB","@id":"https:\/\/carpathiacenter.ro\/pacientii-cu-afectiuni-cronice-se-pot-prezenta-la-medicul-de-specialitate-fara-trimitere-de-la-medicul-de-familie\/#primaryimage","url":"https:\/\/carpathiacenter.ro\/wp-content\/uploads\/2025\/08\/Ministerul-Sanatatii.jpg","contentUrl":"https:\/\/carpathiacenter.ro\/wp-content\/uploads\/2025\/08\/Ministerul-Sanatatii.jpg","width":1024,"height":683},{"@type":"BreadcrumbList","@id":"https:\/\/carpathiacenter.ro\/pacientii-cu-afectiuni-cronice-se-pot-prezenta-la-medicul-de-specialitate-fara-trimitere-de-la-medicul-de-familie\/#breadcrumb","itemListElement":[{"@type":"ListItem","position":1,"name":"Prima pagin\u0103","item":"https:\/\/carpathiacenter.ro\/"},{"@type":"ListItem","position":2,"name":"Pacien\u021bii cu afec\u021biuni cronice se pot prezenta la medicul de specialitate f\u0103r\u0103 trimitere de la medicul de familie"}]},{"@type":"WebSite","@id":"https:\/\/carpathiacenter.ro\/#website","url":"https:\/\/carpathiacenter.ro\/","name":"Carpathia Center Romania","description":"Impossible made possible!","publisher":{"@id":"https:\/\/carpathiacenter.ro\/#organization"},"potentialAction":[{"@type":"SearchAction","target":{"@type":"EntryPoint","urlTemplate":"https:\/\/carpathiacenter.ro\/?s={search_term_string}"},"query-input":{"@type":"PropertyValueSpecification","valueRequired":true,"valueName":"search_term_string"}}],"inLanguage":"en-GB"},{"@type":"Organization","@id":"https:\/\/carpathiacenter.ro\/#organization","name":"Carpathia Center Romania","url":"https:\/\/carpathiacenter.ro\/","logo":{"@type":"ImageObject","inLanguage":"en-GB","@id":"https:\/\/carpathiacenter.ro\/#\/schema\/logo\/image\/","url":"https:\/\/carpathiacenter.ro\/wp-content\/uploads\/2024\/07\/logo-carpathia_bg_white-1024x941.png","contentUrl":"https:\/\/carpathiacenter.ro\/wp-content\/uploads\/2024\/07\/logo-carpathia_bg_white-1024x941.png","width":1024,"height":941,"caption":"Carpathia Center Romania"},"image":{"@id":"https:\/\/carpathiacenter.ro\/#\/schema\/logo\/image\/"},"sameAs":["https:\/\/www.facebook.com\/fdpscarpathia\/"]},{"@type":"Person","@id":"https:\/\/carpathiacenter.ro\/#\/schema\/person\/03d9f58202fee8379268f34afa195006","name":"creativebitsolutions","image":{"@type":"ImageObject","inLanguage":"en-GB","@id":"https:\/\/carpathiacenter.ro\/#\/schema\/person\/image\/","url":"https:\/\/secure.gravatar.com\/avatar\/1b1a13e37f847c635dab78348f1dff2f07651ee2a3d77a5c355a4b8c75f9165a?s=96&d=mm&r=g","contentUrl":"https:\/\/secure.gravatar.com\/avatar\/1b1a13e37f847c635dab78348f1dff2f07651ee2a3d77a5c355a4b8c75f9165a?s=96&d=mm&r=g","caption":"creativebitsolutions"},"url":"https:\/\/carpathiacenter.ro\/en\/author\/creativebitsolutions\/"}]}},"_links":{"self":[{"href":"https:\/\/carpathiacenter.ro\/en\/wp-json\/wp\/v2\/posts\/2832","targetHints":{"allow":["GET"]}}],"collection":[{"href":"https:\/\/carpathiacenter.ro\/en\/wp-json\/wp\/v2\/posts"}],"about":[{"href":"https:\/\/carpathiacenter.ro\/en\/wp-json\/wp\/v2\/types\/post"}],"author":[{"embeddable":true,"href":"https:\/\/carpathiacenter.ro\/en\/wp-json\/wp\/v2\/users\/4"}],"replies":[{"embeddable":true,"href":"https:\/\/carpathiacenter.ro\/en\/wp-json\/wp\/v2\/comments?post=2832"}],"version-history":[{"count":1,"href":"https:\/\/carpathiacenter.ro\/en\/wp-json\/wp\/v2\/posts\/2832\/revisions"}],"predecessor-version":[{"id":2834,"href":"https:\/\/carpathiacenter.ro\/en\/wp-json\/wp\/v2\/posts\/2832\/revisions\/2834"}],"wp:featuredmedia":[{"embeddable":true,"href":"https:\/\/carpathiacenter.ro\/en\/wp-json\/wp\/v2\/media\/2833"}],"wp:attachment":[{"href":"https:\/\/carpathiacenter.ro\/en\/wp-json\/wp\/v2\/media?parent=2832"}],"wp:term":[{"taxonomy":"category","embeddable":true,"href":"https:\/\/carpathiacenter.ro\/en\/wp-json\/wp\/v2\/categories?post=2832"},{"taxonomy":"post_tag","embeddable":true,"href":"https:\/\/carpathiacenter.ro\/en\/wp-json\/wp\/v2\/tags?post=2832"}],"curies":[{"name":"wp","href":"https:\/\/api.w.org\/{rel}","templated":true}]}}