{"id":2828,"date":"2025-08-07T07:55:19","date_gmt":"2025-08-07T07:55:19","guid":{"rendered":"https:\/\/carpathiacenter.ro\/?p=2828"},"modified":"2025-08-07T07:55:19","modified_gmt":"2025-08-07T07:55:19","slug":"buzoianu-incepand-din-aceasta-saptamana-raul-pop-este-secretar-de-stat-la-ministerul-mediului-pe-zona-de-deseuri-si-poluare","status":"publish","type":"post","link":"https:\/\/carpathiacenter.ro\/en\/buzoianu-incepand-din-aceasta-saptamana-raul-pop-este-secretar-de-stat-la-ministerul-mediului-pe-zona-de-deseuri-si-poluare\/","title":{"rendered":"Buzoianu: \u00cencep\u00e2nd din aceast\u0103 s\u0103pt\u0103m\u00e2n\u0103, Raul Pop este secretar de stat la Ministerul Mediului pe zona de de\u0219euri \u0219i poluare"},"content":{"rendered":"<p><strong>Raul Pop a fost numit secretar de stat la Ministerul Mediului, Apelor \u0219i P\u0103durilor pe zona de de\u0219euri \u0219i poluare, a anun\u021bat, miercuri, ministra de resort, Diana Buzoianu, pe pagina sa de Facebook.<\/strong><\/p>\n<p>&#8216;Raul Pop este, \u00eencep\u00e2nd din aceast\u0103 s\u0103pt\u0103m\u00e2n\u0103, secretarul de stat la Ministerul Mediului pe zona de de\u0219euri \u0219i poluare. Vreau s\u0103 \u00eei mul\u021bumesc pentru acceptarea acestei provoc\u0103ri de a face mult bine \u00eentr-un domeniu extraordinar de complex. Am lucrat al\u0103turi de Raul ani de zile \u00een Parlament pentru o legisla\u021bie mai bun\u0103 pe managementul de\u0219eurilor. \u0218tiu cum experien\u021ba lui \u00een domeniu de peste 15 ani de zile poate ajuta s\u0103 fie g\u0103site solu\u021bii concrete la probleme de poluare care au t\u0103iat ani buni din via\u021ba noastr\u0103, a tuturor&#8217;, a scris Diana Buzoianu pe re\u021beaua de socializare.<\/p>\n<p>Aceasta a ad\u0103ugat c\u0103 vor fi adu\u0219i zeci de exper\u021bi al\u0103turi pentru munca asumat\u0103 de echipa de la minister, &#8216;o echip\u0103 nu perfect\u0103, nu f\u0103r\u0103 gre\u0219eli, dar onest\u0103, pus\u0103 pe treab\u0103 \u0219i de bun\u0103 credin\u021b\u0103&#8217;. AGERPRES\/(AS-editor: Nicoleta Gherasi, editor online: Irina Giurgiu)<br \/>\n<br \/>\nSursa articolului:<a href=\"https:\/\/agerpres.ro\/economic\/2025\/08\/06\/buzoianu-incepand-din-aceasta-saptamana-raul-pop-este-secretar-de-stat-la-ministerul-mediului-pe-zon--1474155\" target=\"\\\\\\_blank\" rel=\"noopener\" title=\"\">  https:\/\/agerpres.ro\/economic\/2025\/08\/06\/buzoianu-incepand-din-aceasta-saptamana-raul-pop-este-secretar-de-stat-la-ministerul-mediului-pe-zon&#8211;1474155<\/a><\/p>","protected":false},"excerpt":{"rendered":"<p>Raul Pop a fost numit secretar de stat la Ministerul Mediului, Apelor \u0219i P\u0103durilor pe zona de de\u0219euri \u0219i poluare, a anun\u021bat, miercuri, ministra de resort, Diana Buzoianu, pe pagina sa de Facebook. &#8216;Raul Pop este, \u00eencep\u00e2nd din aceast\u0103 s\u0103pt\u0103m\u00e2n\u0103, secretarul de stat la Ministerul Mediului pe zona de de\u0219euri \u0219i poluare. Vreau s\u0103 \u00eei&#8230;<\/p>","protected":false},"author":4,"featured_media":2829,"comment_status":"open","ping_status":"open","sticky":false,"template":"","format":"standard","meta":{"footnotes":""},"categories":[1],"tags":[],"class_list":["post-2828","post","type-post","status-publish","format-standard","has-post-thumbnail","hentry","category-uncategorized"],"yoast_head":"<!-- This site is optimized with the Yoast SEO plugin v26.1.1 - https:\/\/yoast.com\/wordpress\/plugins\/seo\/ -->\n<title>Buzoianu: \u00cencep\u00e2nd din aceast\u0103 s\u0103pt\u0103m\u00e2n\u0103, Raul Pop este secretar de stat la Ministerul Mediului pe zona de de\u0219euri \u0219i poluare - Carpathia Center Romania<\/title>\n<meta name=\"robots\" content=\"index, follow, max-snippet:-1, max-image-preview:large, max-video-preview:-1\" \/>\n<link rel=\"canonical\" href=\"https:\/\/carpathiacenter.ro\/en\/buzoianu-incepand-din-aceasta-saptamana-raul-pop-este-secretar-de-stat-la-ministerul-mediului-pe-zona-de-deseuri-si-poluare\/\" \/>\n<meta property=\"og:locale\" content=\"en_GB\" \/>\n<meta property=\"og:type\" content=\"article\" \/>\n<meta property=\"og:title\" content=\"Buzoianu: \u00cencep\u00e2nd din aceast\u0103 s\u0103pt\u0103m\u00e2n\u0103, Raul Pop este secretar de stat la Ministerul Mediului pe zona de de\u0219euri \u0219i poluare - Carpathia Center Romania\" \/>\n<meta property=\"og:description\" content=\"Raul Pop a fost numit secretar de stat la Ministerul Mediului, Apelor \u0219i P\u0103durilor pe zona de de\u0219euri \u0219i poluare, a anun\u021bat, miercuri, ministra de resort, Diana Buzoianu, pe pagina sa de Facebook. &#8216;Raul Pop este, \u00eencep\u00e2nd din aceast\u0103 s\u0103pt\u0103m\u00e2n\u0103, secretarul de stat la Ministerul Mediului pe zona de de\u0219euri \u0219i poluare. Vreau s\u0103 \u00eei...\" \/>\n<meta property=\"og:url\" content=\"https:\/\/carpathiacenter.ro\/en\/buzoianu-incepand-din-aceasta-saptamana-raul-pop-este-secretar-de-stat-la-ministerul-mediului-pe-zona-de-deseuri-si-poluare\/\" \/>\n<meta property=\"og:site_name\" content=\"Carpathia Center Romania\" \/>\n<meta property=\"article:publisher\" content=\"https:\/\/www.facebook.com\/fdpscarpathia\/\" \/>\n<meta property=\"article:published_time\" content=\"2025-08-07T07:55:19+00:00\" \/>\n<meta property=\"og:image\" content=\"https:\/\/carpathiacenter.ro\/wp-content\/uploads\/2025\/08\/raul-pop.jpg\" \/>\n\t<meta property=\"og:image:width\" content=\"841\" \/>\n\t<meta property=\"og:image:height\" content=\"471\" \/>\n\t<meta property=\"og:image:type\" content=\"image\/jpeg\" \/>\n<meta name=\"author\" content=\"creativebitsolutions\" \/>\n<meta name=\"twitter:card\" content=\"summary_large_image\" \/>\n<meta name=\"twitter:label1\" content=\"Written by\" \/>\n\t<meta name=\"twitter:data1\" content=\"creativebitsolutions\" \/>\n\t<meta name=\"twitter:label2\" content=\"Estimated reading time\" \/>\n\t<meta name=\"twitter:data2\" content=\"1 minute\" \/>\n<script type=\"application\/ld+json\" class=\"yoast-schema-graph\">{\"@context\":\"https:\/\/schema.org\",\"@graph\":[{\"@type\":\"Article\",\"@id\":\"https:\/\/carpathiacenter.ro\/buzoianu-incepand-din-aceasta-saptamana-raul-pop-este-secretar-de-stat-la-ministerul-mediului-pe-zona-de-deseuri-si-poluare\/#article\",\"isPartOf\":{\"@id\":\"https:\/\/carpathiacenter.ro\/buzoianu-incepand-din-aceasta-saptamana-raul-pop-este-secretar-de-stat-la-ministerul-mediului-pe-zona-de-deseuri-si-poluare\/\"},\"author\":{\"name\":\"creativebitsolutions\",\"@id\":\"https:\/\/carpathiacenter.ro\/#\/schema\/person\/03d9f58202fee8379268f34afa195006\"},\"headline\":\"Buzoianu: \u00cencep\u00e2nd din aceast\u0103 s\u0103pt\u0103m\u00e2n\u0103, Raul Pop este secretar de stat la Ministerul Mediului pe zona de de\u0219euri \u0219i poluare\",\"datePublished\":\"2025-08-07T07:55:19+00:00\",\"mainEntityOfPage\":{\"@id\":\"https:\/\/carpathiacenter.ro\/buzoianu-incepand-din-aceasta-saptamana-raul-pop-este-secretar-de-stat-la-ministerul-mediului-pe-zona-de-deseuri-si-poluare\/\"},\"wordCount\":228,\"commentCount\":0,\"publisher\":{\"@id\":\"https:\/\/carpathiacenter.ro\/#organization\"},\"image\":{\"@id\":\"https:\/\/carpathiacenter.ro\/buzoianu-incepand-din-aceasta-saptamana-raul-pop-este-secretar-de-stat-la-ministerul-mediului-pe-zona-de-deseuri-si-poluare\/#primaryimage\"},\"thumbnailUrl\":\"https:\/\/carpathiacenter.ro\/wp-content\/uploads\/2025\/08\/raul-pop.jpg\",\"articleSection\":[\"Uncategorized\"],\"inLanguage\":\"en-GB\",\"potentialAction\":[{\"@type\":\"CommentAction\",\"name\":\"Comment\",\"target\":[\"https:\/\/carpathiacenter.ro\/buzoianu-incepand-din-aceasta-saptamana-raul-pop-este-secretar-de-stat-la-ministerul-mediului-pe-zona-de-deseuri-si-poluare\/#respond\"]}]},{\"@type\":\"WebPage\",\"@id\":\"https:\/\/carpathiacenter.ro\/buzoianu-incepand-din-aceasta-saptamana-raul-pop-este-secretar-de-stat-la-ministerul-mediului-pe-zona-de-deseuri-si-poluare\/\",\"url\":\"https:\/\/carpathiacenter.ro\/buzoianu-incepand-din-aceasta-saptamana-raul-pop-este-secretar-de-stat-la-ministerul-mediului-pe-zona-de-deseuri-si-poluare\/\",\"name\":\"Buzoianu: \u00cencep\u00e2nd din aceast\u0103 s\u0103pt\u0103m\u00e2n\u0103, Raul Pop este secretar de stat la Ministerul Mediului pe zona de de\u0219euri \u0219i poluare - Carpathia Center Romania\",\"isPartOf\":{\"@id\":\"https:\/\/carpathiacenter.ro\/#website\"},\"primaryImageOfPage\":{\"@id\":\"https:\/\/carpathiacenter.ro\/buzoianu-incepand-din-aceasta-saptamana-raul-pop-este-secretar-de-stat-la-ministerul-mediului-pe-zona-de-deseuri-si-poluare\/#primaryimage\"},\"image\":{\"@id\":\"https:\/\/carpathiacenter.ro\/buzoianu-incepand-din-aceasta-saptamana-raul-pop-este-secretar-de-stat-la-ministerul-mediului-pe-zona-de-deseuri-si-poluare\/#primaryimage\"},\"thumbnailUrl\":\"https:\/\/carpathiacenter.ro\/wp-content\/uploads\/2025\/08\/raul-pop.jpg\",\"datePublished\":\"2025-08-07T07:55:19+00:00\",\"breadcrumb\":{\"@id\":\"https:\/\/carpathiacenter.ro\/buzoianu-incepand-din-aceasta-saptamana-raul-pop-este-secretar-de-stat-la-ministerul-mediului-pe-zona-de-deseuri-si-poluare\/#breadcrumb\"},\"inLanguage\":\"en-GB\",\"potentialAction\":[{\"@type\":\"ReadAction\",\"target\":[\"https:\/\/carpathiacenter.ro\/buzoianu-incepand-din-aceasta-saptamana-raul-pop-este-secretar-de-stat-la-ministerul-mediului-pe-zona-de-deseuri-si-poluare\/\"]}]},{\"@type\":\"ImageObject\",\"inLanguage\":\"en-GB\",\"@id\":\"https:\/\/carpathiacenter.ro\/buzoianu-incepand-din-aceasta-saptamana-raul-pop-este-secretar-de-stat-la-ministerul-mediului-pe-zona-de-deseuri-si-poluare\/#primaryimage\",\"url\":\"https:\/\/carpathiacenter.ro\/wp-content\/uploads\/2025\/08\/raul-pop.jpg\",\"contentUrl\":\"https:\/\/carpathiacenter.ro\/wp-content\/uploads\/2025\/08\/raul-pop.jpg\",\"width\":841,\"height\":471},{\"@type\":\"BreadcrumbList\",\"@id\":\"https:\/\/carpathiacenter.ro\/buzoianu-incepand-din-aceasta-saptamana-raul-pop-este-secretar-de-stat-la-ministerul-mediului-pe-zona-de-deseuri-si-poluare\/#breadcrumb\",\"itemListElement\":[{\"@type\":\"ListItem\",\"position\":1,\"name\":\"Prima pagin\u0103\",\"item\":\"https:\/\/carpathiacenter.ro\/\"},{\"@type\":\"ListItem\",\"position\":2,\"name\":\"Buzoianu: \u00cencep\u00e2nd din aceast\u0103 s\u0103pt\u0103m\u00e2n\u0103, Raul Pop este secretar de stat la Ministerul Mediului pe zona de de\u0219euri \u0219i poluare\"}]},{\"@type\":\"WebSite\",\"@id\":\"https:\/\/carpathiacenter.ro\/#website\",\"url\":\"https:\/\/carpathiacenter.ro\/\",\"name\":\"Carpathia Center Romania\",\"description\":\"Impossible made possible!\",\"publisher\":{\"@id\":\"https:\/\/carpathiacenter.ro\/#organization\"},\"potentialAction\":[{\"@type\":\"SearchAction\",\"target\":{\"@type\":\"EntryPoint\",\"urlTemplate\":\"https:\/\/carpathiacenter.ro\/?s={search_term_string}\"},\"query-input\":{\"@type\":\"PropertyValueSpecification\",\"valueRequired\":true,\"valueName\":\"search_term_string\"}}],\"inLanguage\":\"en-GB\"},{\"@type\":\"Organization\",\"@id\":\"https:\/\/carpathiacenter.ro\/#organization\",\"name\":\"Carpathia Center Romania\",\"url\":\"https:\/\/carpathiacenter.ro\/\",\"logo\":{\"@type\":\"ImageObject\",\"inLanguage\":\"en-GB\",\"@id\":\"https:\/\/carpathiacenter.ro\/#\/schema\/logo\/image\/\",\"url\":\"https:\/\/carpathiacenter.ro\/wp-content\/uploads\/2024\/07\/logo-carpathia_bg_white-1024x941.png\",\"contentUrl\":\"https:\/\/carpathiacenter.ro\/wp-content\/uploads\/2024\/07\/logo-carpathia_bg_white-1024x941.png\",\"width\":1024,\"height\":941,\"caption\":\"Carpathia Center Romania\"},\"image\":{\"@id\":\"https:\/\/carpathiacenter.ro\/#\/schema\/logo\/image\/\"},\"sameAs\":[\"https:\/\/www.facebook.com\/fdpscarpathia\/\"]},{\"@type\":\"Person\",\"@id\":\"https:\/\/carpathiacenter.ro\/#\/schema\/person\/03d9f58202fee8379268f34afa195006\",\"name\":\"creativebitsolutions\",\"image\":{\"@type\":\"ImageObject\",\"inLanguage\":\"en-GB\",\"@id\":\"https:\/\/carpathiacenter.ro\/#\/schema\/person\/image\/\",\"url\":\"https:\/\/secure.gravatar.com\/avatar\/1b1a13e37f847c635dab78348f1dff2f07651ee2a3d77a5c355a4b8c75f9165a?s=96&d=mm&r=g\",\"contentUrl\":\"https:\/\/secure.gravatar.com\/avatar\/1b1a13e37f847c635dab78348f1dff2f07651ee2a3d77a5c355a4b8c75f9165a?s=96&d=mm&r=g\",\"caption\":\"creativebitsolutions\"},\"url\":\"https:\/\/carpathiacenter.ro\/en\/author\/creativebitsolutions\/\"}]}<\/script>\n<!-- \/ Yoast SEO plugin. -->","yoast_head_json":{"title":"Buzoianu: \u00cencep\u00e2nd din aceast\u0103 s\u0103pt\u0103m\u00e2n\u0103, Raul Pop este secretar de stat la Ministerul Mediului pe zona de de\u0219euri \u0219i poluare - Carpathia Center Romania","robots":{"index":"index","follow":"follow","max-snippet":"max-snippet:-1","max-image-preview":"max-image-preview:large","max-video-preview":"max-video-preview:-1"},"canonical":"https:\/\/carpathiacenter.ro\/en\/buzoianu-incepand-din-aceasta-saptamana-raul-pop-este-secretar-de-stat-la-ministerul-mediului-pe-zona-de-deseuri-si-poluare\/","og_locale":"en_GB","og_type":"article","og_title":"Buzoianu: \u00cencep\u00e2nd din aceast\u0103 s\u0103pt\u0103m\u00e2n\u0103, Raul Pop este secretar de stat la Ministerul Mediului pe zona de de\u0219euri \u0219i poluare - Carpathia Center Romania","og_description":"Raul Pop a fost numit secretar de stat la Ministerul Mediului, Apelor \u0219i P\u0103durilor pe zona de de\u0219euri \u0219i poluare, a anun\u021bat, miercuri, ministra de resort, Diana Buzoianu, pe pagina sa de Facebook. &#8216;Raul Pop este, \u00eencep\u00e2nd din aceast\u0103 s\u0103pt\u0103m\u00e2n\u0103, secretarul de stat la Ministerul Mediului pe zona de de\u0219euri \u0219i poluare. Vreau s\u0103 \u00eei...","og_url":"https:\/\/carpathiacenter.ro\/en\/buzoianu-incepand-din-aceasta-saptamana-raul-pop-este-secretar-de-stat-la-ministerul-mediului-pe-zona-de-deseuri-si-poluare\/","og_site_name":"Carpathia Center Romania","article_publisher":"https:\/\/www.facebook.com\/fdpscarpathia\/","article_published_time":"2025-08-07T07:55:19+00:00","og_image":[{"width":841,"height":471,"url":"https:\/\/carpathiacenter.ro\/wp-content\/uploads\/2025\/08\/raul-pop.jpg","type":"image\/jpeg"}],"author":"creativebitsolutions","twitter_card":"summary_large_image","twitter_misc":{"Written by":"creativebitsolutions","Estimated reading time":"1 minute"},"schema":{"@context":"https:\/\/schema.org","@graph":[{"@type":"Article","@id":"https:\/\/carpathiacenter.ro\/buzoianu-incepand-din-aceasta-saptamana-raul-pop-este-secretar-de-stat-la-ministerul-mediului-pe-zona-de-deseuri-si-poluare\/#article","isPartOf":{"@id":"https:\/\/carpathiacenter.ro\/buzoianu-incepand-din-aceasta-saptamana-raul-pop-este-secretar-de-stat-la-ministerul-mediului-pe-zona-de-deseuri-si-poluare\/"},"author":{"name":"creativebitsolutions","@id":"https:\/\/carpathiacenter.ro\/#\/schema\/person\/03d9f58202fee8379268f34afa195006"},"headline":"Buzoianu: \u00cencep\u00e2nd din aceast\u0103 s\u0103pt\u0103m\u00e2n\u0103, Raul Pop este secretar de stat la Ministerul Mediului pe zona de de\u0219euri \u0219i poluare","datePublished":"2025-08-07T07:55:19+00:00","mainEntityOfPage":{"@id":"https:\/\/carpathiacenter.ro\/buzoianu-incepand-din-aceasta-saptamana-raul-pop-este-secretar-de-stat-la-ministerul-mediului-pe-zona-de-deseuri-si-poluare\/"},"wordCount":228,"commentCount":0,"publisher":{"@id":"https:\/\/carpathiacenter.ro\/#organization"},"image":{"@id":"https:\/\/carpathiacenter.ro\/buzoianu-incepand-din-aceasta-saptamana-raul-pop-este-secretar-de-stat-la-ministerul-mediului-pe-zona-de-deseuri-si-poluare\/#primaryimage"},"thumbnailUrl":"https:\/\/carpathiacenter.ro\/wp-content\/uploads\/2025\/08\/raul-pop.jpg","articleSection":["Uncategorized"],"inLanguage":"en-GB","potentialAction":[{"@type":"CommentAction","name":"Comment","target":["https:\/\/carpathiacenter.ro\/buzoianu-incepand-din-aceasta-saptamana-raul-pop-este-secretar-de-stat-la-ministerul-mediului-pe-zona-de-deseuri-si-poluare\/#respond"]}]},{"@type":"WebPage","@id":"https:\/\/carpathiacenter.ro\/buzoianu-incepand-din-aceasta-saptamana-raul-pop-este-secretar-de-stat-la-ministerul-mediului-pe-zona-de-deseuri-si-poluare\/","url":"https:\/\/carpathiacenter.ro\/buzoianu-incepand-din-aceasta-saptamana-raul-pop-este-secretar-de-stat-la-ministerul-mediului-pe-zona-de-deseuri-si-poluare\/","name":"Buzoianu: \u00cencep\u00e2nd din aceast\u0103 s\u0103pt\u0103m\u00e2n\u0103, Raul Pop este secretar de stat la Ministerul Mediului pe zona de de\u0219euri \u0219i poluare - Carpathia Center Romania","isPartOf":{"@id":"https:\/\/carpathiacenter.ro\/#website"},"primaryImageOfPage":{"@id":"https:\/\/carpathiacenter.ro\/buzoianu-incepand-din-aceasta-saptamana-raul-pop-este-secretar-de-stat-la-ministerul-mediului-pe-zona-de-deseuri-si-poluare\/#primaryimage"},"image":{"@id":"https:\/\/carpathiacenter.ro\/buzoianu-incepand-din-aceasta-saptamana-raul-pop-este-secretar-de-stat-la-ministerul-mediului-pe-zona-de-deseuri-si-poluare\/#primaryimage"},"thumbnailUrl":"https:\/\/carpathiacenter.ro\/wp-content\/uploads\/2025\/08\/raul-pop.jpg","datePublished":"2025-08-07T07:55:19+00:00","breadcrumb":{"@id":"https:\/\/carpathiacenter.ro\/buzoianu-incepand-din-aceasta-saptamana-raul-pop-este-secretar-de-stat-la-ministerul-mediului-pe-zona-de-deseuri-si-poluare\/#breadcrumb"},"inLanguage":"en-GB","potentialAction":[{"@type":"ReadAction","target":["https:\/\/carpathiacenter.ro\/buzoianu-incepand-din-aceasta-saptamana-raul-pop-este-secretar-de-stat-la-ministerul-mediului-pe-zona-de-deseuri-si-poluare\/"]}]},{"@type":"ImageObject","inLanguage":"en-GB","@id":"https:\/\/carpathiacenter.ro\/buzoianu-incepand-din-aceasta-saptamana-raul-pop-este-secretar-de-stat-la-ministerul-mediului-pe-zona-de-deseuri-si-poluare\/#primaryimage","url":"https:\/\/carpathiacenter.ro\/wp-content\/uploads\/2025\/08\/raul-pop.jpg","contentUrl":"https:\/\/carpathiacenter.ro\/wp-content\/uploads\/2025\/08\/raul-pop.jpg","width":841,"height":471},{"@type":"BreadcrumbList","@id":"https:\/\/carpathiacenter.ro\/buzoianu-incepand-din-aceasta-saptamana-raul-pop-este-secretar-de-stat-la-ministerul-mediului-pe-zona-de-deseuri-si-poluare\/#breadcrumb","itemListElement":[{"@type":"ListItem","position":1,"name":"Prima pagin\u0103","item":"https:\/\/carpathiacenter.ro\/"},{"@type":"ListItem","position":2,"name":"Buzoianu: \u00cencep\u00e2nd din aceast\u0103 s\u0103pt\u0103m\u00e2n\u0103, Raul Pop este secretar de stat la Ministerul Mediului pe zona de de\u0219euri \u0219i poluare"}]},{"@type":"WebSite","@id":"https:\/\/carpathiacenter.ro\/#website","url":"https:\/\/carpathiacenter.ro\/","name":"Carpathia Center Romania","description":"Impossible made possible!","publisher":{"@id":"https:\/\/carpathiacenter.ro\/#organization"},"potentialAction":[{"@type":"SearchAction","target":{"@type":"EntryPoint","urlTemplate":"https:\/\/carpathiacenter.ro\/?s={search_term_string}"},"query-input":{"@type":"PropertyValueSpecification","valueRequired":true,"valueName":"search_term_string"}}],"inLanguage":"en-GB"},{"@type":"Organization","@id":"https:\/\/carpathiacenter.ro\/#organization","name":"Carpathia Center Romania","url":"https:\/\/carpathiacenter.ro\/","logo":{"@type":"ImageObject","inLanguage":"en-GB","@id":"https:\/\/carpathiacenter.ro\/#\/schema\/logo\/image\/","url":"https:\/\/carpathiacenter.ro\/wp-content\/uploads\/2024\/07\/logo-carpathia_bg_white-1024x941.png","contentUrl":"https:\/\/carpathiacenter.ro\/wp-content\/uploads\/2024\/07\/logo-carpathia_bg_white-1024x941.png","width":1024,"height":941,"caption":"Carpathia Center Romania"},"image":{"@id":"https:\/\/carpathiacenter.ro\/#\/schema\/logo\/image\/"},"sameAs":["https:\/\/www.facebook.com\/fdpscarpathia\/"]},{"@type":"Person","@id":"https:\/\/carpathiacenter.ro\/#\/schema\/person\/03d9f58202fee8379268f34afa195006","name":"creativebitsolutions","image":{"@type":"ImageObject","inLanguage":"en-GB","@id":"https:\/\/carpathiacenter.ro\/#\/schema\/person\/image\/","url":"https:\/\/secure.gravatar.com\/avatar\/1b1a13e37f847c635dab78348f1dff2f07651ee2a3d77a5c355a4b8c75f9165a?s=96&d=mm&r=g","contentUrl":"https:\/\/secure.gravatar.com\/avatar\/1b1a13e37f847c635dab78348f1dff2f07651ee2a3d77a5c355a4b8c75f9165a?s=96&d=mm&r=g","caption":"creativebitsolutions"},"url":"https:\/\/carpathiacenter.ro\/en\/author\/creativebitsolutions\/"}]}},"_links":{"self":[{"href":"https:\/\/carpathiacenter.ro\/en\/wp-json\/wp\/v2\/posts\/2828","targetHints":{"allow":["GET"]}}],"collection":[{"href":"https:\/\/carpathiacenter.ro\/en\/wp-json\/wp\/v2\/posts"}],"about":[{"href":"https:\/\/carpathiacenter.ro\/en\/wp-json\/wp\/v2\/types\/post"}],"author":[{"embeddable":true,"href":"https:\/\/carpathiacenter.ro\/en\/wp-json\/wp\/v2\/users\/4"}],"replies":[{"embeddable":true,"href":"https:\/\/carpathiacenter.ro\/en\/wp-json\/wp\/v2\/comments?post=2828"}],"version-history":[{"count":1,"href":"https:\/\/carpathiacenter.ro\/en\/wp-json\/wp\/v2\/posts\/2828\/revisions"}],"predecessor-version":[{"id":2830,"href":"https:\/\/carpathiacenter.ro\/en\/wp-json\/wp\/v2\/posts\/2828\/revisions\/2830"}],"wp:featuredmedia":[{"embeddable":true,"href":"https:\/\/carpathiacenter.ro\/en\/wp-json\/wp\/v2\/media\/2829"}],"wp:attachment":[{"href":"https:\/\/carpathiacenter.ro\/en\/wp-json\/wp\/v2\/media?parent=2828"}],"wp:term":[{"taxonomy":"category","embeddable":true,"href":"https:\/\/carpathiacenter.ro\/en\/wp-json\/wp\/v2\/categories?post=2828"},{"taxonomy":"post_tag","embeddable":true,"href":"https:\/\/carpathiacenter.ro\/en\/wp-json\/wp\/v2\/tags?post=2828"}],"curies":[{"name":"wp","href":"https:\/\/api.w.org\/{rel}","templated":true}]}}