{"id":2821,"date":"2025-08-06T10:00:40","date_gmt":"2025-08-06T10:00:40","guid":{"rendered":"https:\/\/carpathiacenter.ro\/?p=2821"},"modified":"2025-08-06T10:00:40","modified_gmt":"2025-08-06T10:00:40","slug":"comertul-cu-alimente-si-cel-cu-produse-nealimentare-a-scazut-in-iunie-semnaland-o-incredere-scazuta-a-consumatorilor-in-evolutia-economiei","status":"publish","type":"post","link":"https:\/\/carpathiacenter.ro\/en\/comertul-cu-alimente-si-cel-cu-produse-nealimentare-a-scazut-in-iunie-semnaland-o-incredere-scazuta-a-consumatorilor-in-evolutia-economiei\/","title":{"rendered":"Comer\u021bul cu alimente \u0219i cel cu produse nealimentare a sc\u0103zut \u00een iunie, semnal\u00e2nd o \u00eencredere sc\u0103zut\u0103 a consumatorilor \u00een evolu\u021bia economiei"},"content":{"rendered":"<div class=\"entry-content\">\n<p><strong>V\u00e2nz\u0103rile din comer\u0163ul cu alimente au sc\u0103zut \u00een iunie, la fel ca \u0219i cele de produse nealimentare, arat\u0103 datele Statisticii, publicate miercuri. Doar v\u00e2nz\u0103rile de carburan\u021bi au crescut, men\u021bin\u00e2nd pe plus consumul privat, motorul cre\u0219terii economice.<\/strong><\/p>\n<p>V\u00e2nz\u0103rile cu am\u0103nuntul se refer\u0103 la totalul v\u00e2nz\u0103rilor de bunuri \u0219i servicii realizate de comercian\u021bi c\u0103tre consumatorii finali. <\/p>\n<p>Datele privind v\u00e2nz\u0103rile cu am\u0103nuntul, la care se uit\u0103 cu aten\u021bie economi\u0219tii, ofer\u0103 informa\u021bii valoroase despre activitatea \u0219i tendin\u021bele economice.<\/p>\n<p>Acestea sunt considerate un indicator economic vital, deoarece reflect\u0103 cheltuielile de consum, care reprezint\u0103 o parte semnificativ\u0103 din Produsul Intern Brut (PIB) al unei \u021b\u0103ri. PIB-ul reprezint\u0103 valoarea total\u0103 a tuturor bunurilor \u0219i serviciilor produse \u00eentr-un an calendaristic. <\/p>\n<p>Atunci c\u00e2nd v\u00e2nz\u0103rile cu am\u0103nuntul sunt puternice,  consumatorii au \u00eencredere \u00een economie \u0219i sunt dispu\u0219i s\u0103 \u00ee\u0219i cheltuiasc\u0103 venitul  pe bunuri \u0219i servicii. Acest lucru, la r\u00e2ndul s\u0103u, stimuleaz\u0103 veniturile produc\u0103torilor sau intermediarilor, crearea de locuri de munc\u0103 \u0219i cre\u0219terea economic\u0103. Pe de alt\u0103 parte, o sc\u0103dere a v\u00e2nz\u0103rilor cu am\u0103nuntul poate semnala o \u00eencetinire a activit\u0103\u021bii economice.<\/p>\n<p>Sursa articolului:<a href=\"https:\/\/hotnews.ro\/comertul-cu-alimente-si-cel-cu-produse-nealimentare-a-scazut-in-iunie-semnaland-o-incredere-scazuta-a-consumatorilor-in-evolutia-economiei-2039298\" target=\"\\_blank\" rel=\"noopener\" title=\"\">  https:\/\/hotnews.ro\/comertul-cu-alimente-si-cel-cu-produse-nealimentare-a-scazut-in-iunie-semnaland-o-incredere-scazuta-a-consumatorilor-in-evolutia-economiei-2039298<\/a><\/p>\n<\/p><\/div>","protected":false},"excerpt":{"rendered":"<p>V\u00e2nz\u0103rile din comer\u0163ul cu alimente au sc\u0103zut \u00een iunie, la fel ca \u0219i cele de produse nealimentare, arat\u0103 datele Statisticii, publicate miercuri. Doar v\u00e2nz\u0103rile de carburan\u021bi au crescut, men\u021bin\u00e2nd pe plus consumul privat, motorul cre\u0219terii economice. V\u00e2nz\u0103rile cu am\u0103nuntul se refer\u0103 la totalul v\u00e2nz\u0103rilor de bunuri \u0219i servicii realizate de comercian\u021bi c\u0103tre consumatorii finali. Datele&#8230;<\/p>","protected":false},"author":4,"featured_media":2823,"comment_status":"open","ping_status":"open","sticky":false,"template":"","format":"standard","meta":{"footnotes":""},"categories":[1],"tags":[],"class_list":["post-2821","post","type-post","status-publish","format-standard","has-post-thumbnail","hentry","category-uncategorized"],"yoast_head":"<!-- This site is optimized with the Yoast SEO plugin v26.1.1 - https:\/\/yoast.com\/wordpress\/plugins\/seo\/ -->\n<title>Comer\u021bul cu alimente \u0219i cel cu produse nealimentare a sc\u0103zut \u00een iunie, semnal\u00e2nd o \u00eencredere sc\u0103zut\u0103 a consumatorilor \u00een evolu\u021bia economiei - Carpathia Center Romania<\/title>\n<meta name=\"robots\" content=\"index, follow, max-snippet:-1, max-image-preview:large, max-video-preview:-1\" \/>\n<link rel=\"canonical\" href=\"https:\/\/carpathiacenter.ro\/en\/comertul-cu-alimente-si-cel-cu-produse-nealimentare-a-scazut-in-iunie-semnaland-o-incredere-scazuta-a-consumatorilor-in-evolutia-economiei\/\" \/>\n<meta property=\"og:locale\" content=\"en_GB\" \/>\n<meta property=\"og:type\" content=\"article\" \/>\n<meta property=\"og:title\" content=\"Comer\u021bul cu alimente \u0219i cel cu produse nealimentare a sc\u0103zut \u00een iunie, semnal\u00e2nd o \u00eencredere sc\u0103zut\u0103 a consumatorilor \u00een evolu\u021bia economiei - Carpathia Center Romania\" \/>\n<meta property=\"og:description\" content=\"V\u00e2nz\u0103rile din comer\u0163ul cu alimente au sc\u0103zut \u00een iunie, la fel ca \u0219i cele de produse nealimentare, arat\u0103 datele Statisticii, publicate miercuri. Doar v\u00e2nz\u0103rile de carburan\u021bi au crescut, men\u021bin\u00e2nd pe plus consumul privat, motorul cre\u0219terii economice. V\u00e2nz\u0103rile cu am\u0103nuntul se refer\u0103 la totalul v\u00e2nz\u0103rilor de bunuri \u0219i servicii realizate de comercian\u021bi c\u0103tre consumatorii finali. Datele...\" \/>\n<meta property=\"og:url\" content=\"https:\/\/carpathiacenter.ro\/en\/comertul-cu-alimente-si-cel-cu-produse-nealimentare-a-scazut-in-iunie-semnaland-o-incredere-scazuta-a-consumatorilor-in-evolutia-economiei\/\" \/>\n<meta property=\"og:site_name\" content=\"Carpathia Center Romania\" \/>\n<meta property=\"article:publisher\" content=\"https:\/\/www.facebook.com\/fdpscarpathia\/\" \/>\n<meta property=\"article:published_time\" content=\"2025-08-06T10:00:40+00:00\" \/>\n<meta property=\"og:image\" content=\"https:\/\/carpathiacenter.ro\/wp-content\/uploads\/2025\/08\/bags-4543999_1280.jpg\" \/>\n\t<meta property=\"og:image:width\" content=\"1280\" \/>\n\t<meta property=\"og:image:height\" content=\"708\" \/>\n\t<meta property=\"og:image:type\" content=\"image\/jpeg\" \/>\n<meta name=\"author\" content=\"creativebitsolutions\" \/>\n<meta name=\"twitter:card\" content=\"summary_large_image\" \/>\n<meta name=\"twitter:label1\" content=\"Written by\" \/>\n\t<meta name=\"twitter:data1\" content=\"creativebitsolutions\" \/>\n\t<meta name=\"twitter:label2\" content=\"Estimated reading time\" \/>\n\t<meta name=\"twitter:data2\" content=\"1 minute\" \/>\n<script type=\"application\/ld+json\" class=\"yoast-schema-graph\">{\"@context\":\"https:\/\/schema.org\",\"@graph\":[{\"@type\":\"Article\",\"@id\":\"https:\/\/carpathiacenter.ro\/comertul-cu-alimente-si-cel-cu-produse-nealimentare-a-scazut-in-iunie-semnaland-o-incredere-scazuta-a-consumatorilor-in-evolutia-economiei\/#article\",\"isPartOf\":{\"@id\":\"https:\/\/carpathiacenter.ro\/comertul-cu-alimente-si-cel-cu-produse-nealimentare-a-scazut-in-iunie-semnaland-o-incredere-scazuta-a-consumatorilor-in-evolutia-economiei\/\"},\"author\":{\"name\":\"creativebitsolutions\",\"@id\":\"https:\/\/carpathiacenter.ro\/#\/schema\/person\/03d9f58202fee8379268f34afa195006\"},\"headline\":\"Comer\u021bul cu alimente \u0219i cel cu produse nealimentare a sc\u0103zut \u00een iunie, semnal\u00e2nd o \u00eencredere sc\u0103zut\u0103 a consumatorilor \u00een evolu\u021bia economiei\",\"datePublished\":\"2025-08-06T10:00:40+00:00\",\"mainEntityOfPage\":{\"@id\":\"https:\/\/carpathiacenter.ro\/comertul-cu-alimente-si-cel-cu-produse-nealimentare-a-scazut-in-iunie-semnaland-o-incredere-scazuta-a-consumatorilor-in-evolutia-economiei\/\"},\"wordCount\":240,\"commentCount\":0,\"publisher\":{\"@id\":\"https:\/\/carpathiacenter.ro\/#organization\"},\"image\":{\"@id\":\"https:\/\/carpathiacenter.ro\/comertul-cu-alimente-si-cel-cu-produse-nealimentare-a-scazut-in-iunie-semnaland-o-incredere-scazuta-a-consumatorilor-in-evolutia-economiei\/#primaryimage\"},\"thumbnailUrl\":\"https:\/\/carpathiacenter.ro\/wp-content\/uploads\/2025\/08\/bags-4543999_1280.jpg\",\"articleSection\":[\"Uncategorized\"],\"inLanguage\":\"en-GB\",\"potentialAction\":[{\"@type\":\"CommentAction\",\"name\":\"Comment\",\"target\":[\"https:\/\/carpathiacenter.ro\/comertul-cu-alimente-si-cel-cu-produse-nealimentare-a-scazut-in-iunie-semnaland-o-incredere-scazuta-a-consumatorilor-in-evolutia-economiei\/#respond\"]}]},{\"@type\":\"WebPage\",\"@id\":\"https:\/\/carpathiacenter.ro\/comertul-cu-alimente-si-cel-cu-produse-nealimentare-a-scazut-in-iunie-semnaland-o-incredere-scazuta-a-consumatorilor-in-evolutia-economiei\/\",\"url\":\"https:\/\/carpathiacenter.ro\/comertul-cu-alimente-si-cel-cu-produse-nealimentare-a-scazut-in-iunie-semnaland-o-incredere-scazuta-a-consumatorilor-in-evolutia-economiei\/\",\"name\":\"Comer\u021bul cu alimente \u0219i cel cu produse nealimentare a sc\u0103zut \u00een iunie, semnal\u00e2nd o \u00eencredere sc\u0103zut\u0103 a consumatorilor \u00een evolu\u021bia economiei - Carpathia Center Romania\",\"isPartOf\":{\"@id\":\"https:\/\/carpathiacenter.ro\/#website\"},\"primaryImageOfPage\":{\"@id\":\"https:\/\/carpathiacenter.ro\/comertul-cu-alimente-si-cel-cu-produse-nealimentare-a-scazut-in-iunie-semnaland-o-incredere-scazuta-a-consumatorilor-in-evolutia-economiei\/#primaryimage\"},\"image\":{\"@id\":\"https:\/\/carpathiacenter.ro\/comertul-cu-alimente-si-cel-cu-produse-nealimentare-a-scazut-in-iunie-semnaland-o-incredere-scazuta-a-consumatorilor-in-evolutia-economiei\/#primaryimage\"},\"thumbnailUrl\":\"https:\/\/carpathiacenter.ro\/wp-content\/uploads\/2025\/08\/bags-4543999_1280.jpg\",\"datePublished\":\"2025-08-06T10:00:40+00:00\",\"breadcrumb\":{\"@id\":\"https:\/\/carpathiacenter.ro\/comertul-cu-alimente-si-cel-cu-produse-nealimentare-a-scazut-in-iunie-semnaland-o-incredere-scazuta-a-consumatorilor-in-evolutia-economiei\/#breadcrumb\"},\"inLanguage\":\"en-GB\",\"potentialAction\":[{\"@type\":\"ReadAction\",\"target\":[\"https:\/\/carpathiacenter.ro\/comertul-cu-alimente-si-cel-cu-produse-nealimentare-a-scazut-in-iunie-semnaland-o-incredere-scazuta-a-consumatorilor-in-evolutia-economiei\/\"]}]},{\"@type\":\"ImageObject\",\"inLanguage\":\"en-GB\",\"@id\":\"https:\/\/carpathiacenter.ro\/comertul-cu-alimente-si-cel-cu-produse-nealimentare-a-scazut-in-iunie-semnaland-o-incredere-scazuta-a-consumatorilor-in-evolutia-economiei\/#primaryimage\",\"url\":\"https:\/\/carpathiacenter.ro\/wp-content\/uploads\/2025\/08\/bags-4543999_1280.jpg\",\"contentUrl\":\"https:\/\/carpathiacenter.ro\/wp-content\/uploads\/2025\/08\/bags-4543999_1280.jpg\",\"width\":1280,\"height\":708},{\"@type\":\"BreadcrumbList\",\"@id\":\"https:\/\/carpathiacenter.ro\/comertul-cu-alimente-si-cel-cu-produse-nealimentare-a-scazut-in-iunie-semnaland-o-incredere-scazuta-a-consumatorilor-in-evolutia-economiei\/#breadcrumb\",\"itemListElement\":[{\"@type\":\"ListItem\",\"position\":1,\"name\":\"Prima pagin\u0103\",\"item\":\"https:\/\/carpathiacenter.ro\/\"},{\"@type\":\"ListItem\",\"position\":2,\"name\":\"Comer\u021bul cu alimente \u0219i cel cu produse nealimentare a sc\u0103zut \u00een iunie, semnal\u00e2nd o \u00eencredere sc\u0103zut\u0103 a consumatorilor \u00een evolu\u021bia economiei\"}]},{\"@type\":\"WebSite\",\"@id\":\"https:\/\/carpathiacenter.ro\/#website\",\"url\":\"https:\/\/carpathiacenter.ro\/\",\"name\":\"Carpathia Center Romania\",\"description\":\"Impossible made possible!\",\"publisher\":{\"@id\":\"https:\/\/carpathiacenter.ro\/#organization\"},\"potentialAction\":[{\"@type\":\"SearchAction\",\"target\":{\"@type\":\"EntryPoint\",\"urlTemplate\":\"https:\/\/carpathiacenter.ro\/?s={search_term_string}\"},\"query-input\":{\"@type\":\"PropertyValueSpecification\",\"valueRequired\":true,\"valueName\":\"search_term_string\"}}],\"inLanguage\":\"en-GB\"},{\"@type\":\"Organization\",\"@id\":\"https:\/\/carpathiacenter.ro\/#organization\",\"name\":\"Carpathia Center Romania\",\"url\":\"https:\/\/carpathiacenter.ro\/\",\"logo\":{\"@type\":\"ImageObject\",\"inLanguage\":\"en-GB\",\"@id\":\"https:\/\/carpathiacenter.ro\/#\/schema\/logo\/image\/\",\"url\":\"https:\/\/carpathiacenter.ro\/wp-content\/uploads\/2024\/07\/logo-carpathia_bg_white-1024x941.png\",\"contentUrl\":\"https:\/\/carpathiacenter.ro\/wp-content\/uploads\/2024\/07\/logo-carpathia_bg_white-1024x941.png\",\"width\":1024,\"height\":941,\"caption\":\"Carpathia Center Romania\"},\"image\":{\"@id\":\"https:\/\/carpathiacenter.ro\/#\/schema\/logo\/image\/\"},\"sameAs\":[\"https:\/\/www.facebook.com\/fdpscarpathia\/\"]},{\"@type\":\"Person\",\"@id\":\"https:\/\/carpathiacenter.ro\/#\/schema\/person\/03d9f58202fee8379268f34afa195006\",\"name\":\"creativebitsolutions\",\"image\":{\"@type\":\"ImageObject\",\"inLanguage\":\"en-GB\",\"@id\":\"https:\/\/carpathiacenter.ro\/#\/schema\/person\/image\/\",\"url\":\"https:\/\/secure.gravatar.com\/avatar\/1b1a13e37f847c635dab78348f1dff2f07651ee2a3d77a5c355a4b8c75f9165a?s=96&d=mm&r=g\",\"contentUrl\":\"https:\/\/secure.gravatar.com\/avatar\/1b1a13e37f847c635dab78348f1dff2f07651ee2a3d77a5c355a4b8c75f9165a?s=96&d=mm&r=g\",\"caption\":\"creativebitsolutions\"},\"url\":\"https:\/\/carpathiacenter.ro\/en\/author\/creativebitsolutions\/\"}]}<\/script>\n<!-- \/ Yoast SEO plugin. -->","yoast_head_json":{"title":"Comer\u021bul cu alimente \u0219i cel cu produse nealimentare a sc\u0103zut \u00een iunie, semnal\u00e2nd o \u00eencredere sc\u0103zut\u0103 a consumatorilor \u00een evolu\u021bia economiei - Carpathia Center Romania","robots":{"index":"index","follow":"follow","max-snippet":"max-snippet:-1","max-image-preview":"max-image-preview:large","max-video-preview":"max-video-preview:-1"},"canonical":"https:\/\/carpathiacenter.ro\/en\/comertul-cu-alimente-si-cel-cu-produse-nealimentare-a-scazut-in-iunie-semnaland-o-incredere-scazuta-a-consumatorilor-in-evolutia-economiei\/","og_locale":"en_GB","og_type":"article","og_title":"Comer\u021bul cu alimente \u0219i cel cu produse nealimentare a sc\u0103zut \u00een iunie, semnal\u00e2nd o \u00eencredere sc\u0103zut\u0103 a consumatorilor \u00een evolu\u021bia economiei - Carpathia Center Romania","og_description":"V\u00e2nz\u0103rile din comer\u0163ul cu alimente au sc\u0103zut \u00een iunie, la fel ca \u0219i cele de produse nealimentare, arat\u0103 datele Statisticii, publicate miercuri. Doar v\u00e2nz\u0103rile de carburan\u021bi au crescut, men\u021bin\u00e2nd pe plus consumul privat, motorul cre\u0219terii economice. V\u00e2nz\u0103rile cu am\u0103nuntul se refer\u0103 la totalul v\u00e2nz\u0103rilor de bunuri \u0219i servicii realizate de comercian\u021bi c\u0103tre consumatorii finali. Datele...","og_url":"https:\/\/carpathiacenter.ro\/en\/comertul-cu-alimente-si-cel-cu-produse-nealimentare-a-scazut-in-iunie-semnaland-o-incredere-scazuta-a-consumatorilor-in-evolutia-economiei\/","og_site_name":"Carpathia Center Romania","article_publisher":"https:\/\/www.facebook.com\/fdpscarpathia\/","article_published_time":"2025-08-06T10:00:40+00:00","og_image":[{"width":1280,"height":708,"url":"https:\/\/carpathiacenter.ro\/wp-content\/uploads\/2025\/08\/bags-4543999_1280.jpg","type":"image\/jpeg"}],"author":"creativebitsolutions","twitter_card":"summary_large_image","twitter_misc":{"Written by":"creativebitsolutions","Estimated reading time":"1 minute"},"schema":{"@context":"https:\/\/schema.org","@graph":[{"@type":"Article","@id":"https:\/\/carpathiacenter.ro\/comertul-cu-alimente-si-cel-cu-produse-nealimentare-a-scazut-in-iunie-semnaland-o-incredere-scazuta-a-consumatorilor-in-evolutia-economiei\/#article","isPartOf":{"@id":"https:\/\/carpathiacenter.ro\/comertul-cu-alimente-si-cel-cu-produse-nealimentare-a-scazut-in-iunie-semnaland-o-incredere-scazuta-a-consumatorilor-in-evolutia-economiei\/"},"author":{"name":"creativebitsolutions","@id":"https:\/\/carpathiacenter.ro\/#\/schema\/person\/03d9f58202fee8379268f34afa195006"},"headline":"Comer\u021bul cu alimente \u0219i cel cu produse nealimentare a sc\u0103zut \u00een iunie, semnal\u00e2nd o \u00eencredere sc\u0103zut\u0103 a consumatorilor \u00een evolu\u021bia economiei","datePublished":"2025-08-06T10:00:40+00:00","mainEntityOfPage":{"@id":"https:\/\/carpathiacenter.ro\/comertul-cu-alimente-si-cel-cu-produse-nealimentare-a-scazut-in-iunie-semnaland-o-incredere-scazuta-a-consumatorilor-in-evolutia-economiei\/"},"wordCount":240,"commentCount":0,"publisher":{"@id":"https:\/\/carpathiacenter.ro\/#organization"},"image":{"@id":"https:\/\/carpathiacenter.ro\/comertul-cu-alimente-si-cel-cu-produse-nealimentare-a-scazut-in-iunie-semnaland-o-incredere-scazuta-a-consumatorilor-in-evolutia-economiei\/#primaryimage"},"thumbnailUrl":"https:\/\/carpathiacenter.ro\/wp-content\/uploads\/2025\/08\/bags-4543999_1280.jpg","articleSection":["Uncategorized"],"inLanguage":"en-GB","potentialAction":[{"@type":"CommentAction","name":"Comment","target":["https:\/\/carpathiacenter.ro\/comertul-cu-alimente-si-cel-cu-produse-nealimentare-a-scazut-in-iunie-semnaland-o-incredere-scazuta-a-consumatorilor-in-evolutia-economiei\/#respond"]}]},{"@type":"WebPage","@id":"https:\/\/carpathiacenter.ro\/comertul-cu-alimente-si-cel-cu-produse-nealimentare-a-scazut-in-iunie-semnaland-o-incredere-scazuta-a-consumatorilor-in-evolutia-economiei\/","url":"https:\/\/carpathiacenter.ro\/comertul-cu-alimente-si-cel-cu-produse-nealimentare-a-scazut-in-iunie-semnaland-o-incredere-scazuta-a-consumatorilor-in-evolutia-economiei\/","name":"Comer\u021bul cu alimente \u0219i cel cu produse nealimentare a sc\u0103zut \u00een iunie, semnal\u00e2nd o \u00eencredere sc\u0103zut\u0103 a consumatorilor \u00een evolu\u021bia economiei - Carpathia Center Romania","isPartOf":{"@id":"https:\/\/carpathiacenter.ro\/#website"},"primaryImageOfPage":{"@id":"https:\/\/carpathiacenter.ro\/comertul-cu-alimente-si-cel-cu-produse-nealimentare-a-scazut-in-iunie-semnaland-o-incredere-scazuta-a-consumatorilor-in-evolutia-economiei\/#primaryimage"},"image":{"@id":"https:\/\/carpathiacenter.ro\/comertul-cu-alimente-si-cel-cu-produse-nealimentare-a-scazut-in-iunie-semnaland-o-incredere-scazuta-a-consumatorilor-in-evolutia-economiei\/#primaryimage"},"thumbnailUrl":"https:\/\/carpathiacenter.ro\/wp-content\/uploads\/2025\/08\/bags-4543999_1280.jpg","datePublished":"2025-08-06T10:00:40+00:00","breadcrumb":{"@id":"https:\/\/carpathiacenter.ro\/comertul-cu-alimente-si-cel-cu-produse-nealimentare-a-scazut-in-iunie-semnaland-o-incredere-scazuta-a-consumatorilor-in-evolutia-economiei\/#breadcrumb"},"inLanguage":"en-GB","potentialAction":[{"@type":"ReadAction","target":["https:\/\/carpathiacenter.ro\/comertul-cu-alimente-si-cel-cu-produse-nealimentare-a-scazut-in-iunie-semnaland-o-incredere-scazuta-a-consumatorilor-in-evolutia-economiei\/"]}]},{"@type":"ImageObject","inLanguage":"en-GB","@id":"https:\/\/carpathiacenter.ro\/comertul-cu-alimente-si-cel-cu-produse-nealimentare-a-scazut-in-iunie-semnaland-o-incredere-scazuta-a-consumatorilor-in-evolutia-economiei\/#primaryimage","url":"https:\/\/carpathiacenter.ro\/wp-content\/uploads\/2025\/08\/bags-4543999_1280.jpg","contentUrl":"https:\/\/carpathiacenter.ro\/wp-content\/uploads\/2025\/08\/bags-4543999_1280.jpg","width":1280,"height":708},{"@type":"BreadcrumbList","@id":"https:\/\/carpathiacenter.ro\/comertul-cu-alimente-si-cel-cu-produse-nealimentare-a-scazut-in-iunie-semnaland-o-incredere-scazuta-a-consumatorilor-in-evolutia-economiei\/#breadcrumb","itemListElement":[{"@type":"ListItem","position":1,"name":"Prima pagin\u0103","item":"https:\/\/carpathiacenter.ro\/"},{"@type":"ListItem","position":2,"name":"Comer\u021bul cu alimente \u0219i cel cu produse nealimentare a sc\u0103zut \u00een iunie, semnal\u00e2nd o \u00eencredere sc\u0103zut\u0103 a consumatorilor \u00een evolu\u021bia economiei"}]},{"@type":"WebSite","@id":"https:\/\/carpathiacenter.ro\/#website","url":"https:\/\/carpathiacenter.ro\/","name":"Carpathia Center Romania","description":"Impossible made possible!","publisher":{"@id":"https:\/\/carpathiacenter.ro\/#organization"},"potentialAction":[{"@type":"SearchAction","target":{"@type":"EntryPoint","urlTemplate":"https:\/\/carpathiacenter.ro\/?s={search_term_string}"},"query-input":{"@type":"PropertyValueSpecification","valueRequired":true,"valueName":"search_term_string"}}],"inLanguage":"en-GB"},{"@type":"Organization","@id":"https:\/\/carpathiacenter.ro\/#organization","name":"Carpathia Center Romania","url":"https:\/\/carpathiacenter.ro\/","logo":{"@type":"ImageObject","inLanguage":"en-GB","@id":"https:\/\/carpathiacenter.ro\/#\/schema\/logo\/image\/","url":"https:\/\/carpathiacenter.ro\/wp-content\/uploads\/2024\/07\/logo-carpathia_bg_white-1024x941.png","contentUrl":"https:\/\/carpathiacenter.ro\/wp-content\/uploads\/2024\/07\/logo-carpathia_bg_white-1024x941.png","width":1024,"height":941,"caption":"Carpathia Center Romania"},"image":{"@id":"https:\/\/carpathiacenter.ro\/#\/schema\/logo\/image\/"},"sameAs":["https:\/\/www.facebook.com\/fdpscarpathia\/"]},{"@type":"Person","@id":"https:\/\/carpathiacenter.ro\/#\/schema\/person\/03d9f58202fee8379268f34afa195006","name":"creativebitsolutions","image":{"@type":"ImageObject","inLanguage":"en-GB","@id":"https:\/\/carpathiacenter.ro\/#\/schema\/person\/image\/","url":"https:\/\/secure.gravatar.com\/avatar\/1b1a13e37f847c635dab78348f1dff2f07651ee2a3d77a5c355a4b8c75f9165a?s=96&d=mm&r=g","contentUrl":"https:\/\/secure.gravatar.com\/avatar\/1b1a13e37f847c635dab78348f1dff2f07651ee2a3d77a5c355a4b8c75f9165a?s=96&d=mm&r=g","caption":"creativebitsolutions"},"url":"https:\/\/carpathiacenter.ro\/en\/author\/creativebitsolutions\/"}]}},"_links":{"self":[{"href":"https:\/\/carpathiacenter.ro\/en\/wp-json\/wp\/v2\/posts\/2821","targetHints":{"allow":["GET"]}}],"collection":[{"href":"https:\/\/carpathiacenter.ro\/en\/wp-json\/wp\/v2\/posts"}],"about":[{"href":"https:\/\/carpathiacenter.ro\/en\/wp-json\/wp\/v2\/types\/post"}],"author":[{"embeddable":true,"href":"https:\/\/carpathiacenter.ro\/en\/wp-json\/wp\/v2\/users\/4"}],"replies":[{"embeddable":true,"href":"https:\/\/carpathiacenter.ro\/en\/wp-json\/wp\/v2\/comments?post=2821"}],"version-history":[{"count":1,"href":"https:\/\/carpathiacenter.ro\/en\/wp-json\/wp\/v2\/posts\/2821\/revisions"}],"predecessor-version":[{"id":2824,"href":"https:\/\/carpathiacenter.ro\/en\/wp-json\/wp\/v2\/posts\/2821\/revisions\/2824"}],"wp:featuredmedia":[{"embeddable":true,"href":"https:\/\/carpathiacenter.ro\/en\/wp-json\/wp\/v2\/media\/2823"}],"wp:attachment":[{"href":"https:\/\/carpathiacenter.ro\/en\/wp-json\/wp\/v2\/media?parent=2821"}],"wp:term":[{"taxonomy":"category","embeddable":true,"href":"https:\/\/carpathiacenter.ro\/en\/wp-json\/wp\/v2\/categories?post=2821"},{"taxonomy":"post_tag","embeddable":true,"href":"https:\/\/carpathiacenter.ro\/en\/wp-json\/wp\/v2\/tags?post=2821"}],"curies":[{"name":"wp","href":"https:\/\/api.w.org\/{rel}","templated":true}]}}