{"id":2815,"date":"2025-08-05T08:07:30","date_gmt":"2025-08-05T08:07:30","guid":{"rendered":"https:\/\/carpathiacenter.ro\/?p=2815"},"modified":"2025-08-05T08:07:30","modified_gmt":"2025-08-05T08:07:30","slug":"ministrul-daniel-david-s-a-intalnit-cu-reprezentantii-sindicatelor-din-invatamant","status":"publish","type":"post","link":"https:\/\/carpathiacenter.ro\/en\/ministrul-daniel-david-s-a-intalnit-cu-reprezentantii-sindicatelor-din-invatamant\/","title":{"rendered":"Ministrul Daniel David s-a \u00eent\u00e2lnit cu reprezentan\u021bii sindicatelor din \u00eenv\u0103\u021b\u0103m\u00e2nt"},"content":{"rendered":"<p><strong>Ministrul Educa\u021biei, Daniel David, s-a \u00eent\u00e2lnit, luni, cu reprezentan\u021bii organiza\u021biilor sindicale din \u00eenv\u0103\u021b\u0103m\u00e2nt care protesteaz\u0103 de s\u0103pt\u0103m\u00e2na trecut\u0103, c\u0103rora le-a transmis c\u0103, \u00een prezent, nu exist\u0103 reduceri ale bugetului, dar pentru acoperirea cheltuielilor p\u00e2n\u0103 la sf\u00e2r\u0219itul anului, dac\u0103 nu se iau m\u0103surile anun\u021bate, este nevoie de o suplimentare de circa dou\u0103 miliarde de lei.<\/strong><\/p>\n<p>&#8216;Reprezentan\u021bii sindicatelor \u0219i-au precizat punctele de vedere \u0219i motivele protestelor \u0219i au formulat o serie de solicit\u0103ri. Ministrul Daniel David \u0219i-a manifestat deschiderea pentru g\u0103sirea celor mai bune solu\u021bii privind aplicarea legii fiscal-bugetare \u00een timpul \u0219i \u00een contextul consult\u0103rii publice privind legisla\u021bia subsecvent\u0103. De asemenea, reprezentan\u021bii ministerului au precizat c\u0103, \u00een acest moment, nu exist\u0103 reduceri \u00een bugetul ministerului, dar pentru buna func\u021bionare p\u00e2n\u0103 la sf\u00e2r\u0219itul anului (acoperirea cheltuielilor), dac\u0103 nu se iau m\u0103surile anun\u021bate, este nevoie de o suplimentare de aproximativ 2 miliarde RON&#8217;, informeaz\u0103 un comunicat al Ministerul Educa\u021biei \u0219i Cercet\u0103rii.<\/p>\n<p>Potrivit MEC, solicit\u0103rile sindicatelor care dep\u0103\u0219esc atribu\u021biile ministerului vor fi \u00eenaintate pentru analiza Guvernului \u0219i a coali\u021biei de guvernare.<\/p>\n<p>La \u00eent\u00e2lnirea care a avut loc la sediul Ministerului Educa\u021biei \u0219i Cercet\u0103rii au participat Daniel David, al\u0103turi de al\u021bi reprezentan\u021bi ai MEC, \u0219i reprezentan\u021bii celor trei organiza\u021bii sindicale implicate \u00een forme de protest &#8211; Federa\u021bia Sindicatelor Libere din \u00cenv\u0103\u021b\u0103m\u00e2nt, Federa\u021bia Sindicatelor din Educa\u021bie &#8216;Spiru Haret&#8217; \u0219i Federa\u021bia Na\u021bional\u0103 Sindical\u0103 &#8216;Alma Mater&#8217;.<\/p>\n<p>Sindicali\u0219tii din \u00eenv\u0103\u021b\u0103m\u00e2nt au pichetat luni, pentru a patra zi, sediul Ministerului Educa\u021biei \u0219i Cercet\u0103rii, cer\u00e2nd demisia lui Daniel David.<\/p>\n<p>&#8216;Federa\u021bia Sindicatelor Libere din \u00cenv\u0103\u021b\u0103m\u00e2nt, Federa\u021bia Sindicatelor din Educa\u021bie &#8216;Spiru Haret&#8217; \u0219i Federa\u021bia Na\u021bional\u0103 &#8216;Alma Mater&#8217;, \u00een numele celor peste 250.000 de salaria\u021bi ale c\u0103ror interese le reprezint\u0103, \u00ee\u0219i exprim\u0103 revolta \u00eempotriva prevederilor Legii nr. 141\/2025 referitoare la sistemul educa\u021bional. \u00cen ciuda tuturor demersurilor f\u0103cute \u0219i a argumentelor aduse \u00een ultima perioad\u0103: discu\u021bii cu pre\u0219edintele Rom\u00e2niei, precum \u0219i solicitarea adresat\u0103 acestuia de a nu promulga aceast\u0103 lege, discu\u021bii cu prim-ministrul Guvernului Rom\u00e2niei \u0219i cu ministrul Educa\u021biei, discu\u021bii cu conducerile partidelor politice care sus\u021bin actualul Guvern, precum \u0219i pichetarea Parlamentului Rom\u00e2niei, din nefericire, aceast\u0103 lege profund antisocial\u0103 a fost publicat\u0103 \u00een Monitorul Oficial&#8217;, transmiteau sindicali\u0219tii, s\u0103pt\u0103m\u00e2na trecut\u0103.<\/p>\n<p>\u00cen opinia acestora, Guvernul provoac\u0103 &#8216;o criz\u0103 f\u0103r\u0103 precedent \u00een ultimii 35 de ani&#8217; \u00een \u00eenv\u0103\u021b\u0103m\u00e2nt. Totodat\u0103, cele trei sindicate sus\u021bin c\u0103 m\u0103surile au fost luate &#8216;din condei&#8217;, f\u0103r\u0103 s\u0103 se fac\u0103 un studiu de impact.<\/p>\n<p>Cele trei organiza\u021bii au anun\u021bat c\u0103 pe 8 septembrie, \u00een prima zi a noului an \u0219colar, peste 30.000 de membri de sindicat vor participa la &#8216;Mitingul Educa\u021biei&#8217;. AGERPRES\/(AS &#8211; redactor: Iulia Carciog, editor: Claudia St\u0103nescu, editor online: Simona Aru\u015ftei)<br \/>\n<br \/>\nSursa articolului:<a href=\"https:\/\/agerpres.ro\/educatie-stiinta\/2025\/08\/04\/ministrul-daniel-david-s-a-intalnit-cu-reprezentantii-sindicatelor-din-invatamant--1473595\" target=\"_blank\" rel=\"noopener\" title=\"\">  https:\/\/agerpres.ro\/educatie-stiinta\/2025\/08\/04\/ministrul-daniel-david-s-a-intalnit-cu-reprezentantii-sindicatelor-din-invatamant&#8211;1473595<\/a><\/p>","protected":false},"excerpt":{"rendered":"<p>Ministrul Educa\u021biei, Daniel David, s-a \u00eent\u00e2lnit, luni, cu reprezentan\u021bii organiza\u021biilor sindicale din \u00eenv\u0103\u021b\u0103m\u00e2nt care protesteaz\u0103 de s\u0103pt\u0103m\u00e2na trecut\u0103, c\u0103rora le-a transmis c\u0103, \u00een prezent, nu exist\u0103 reduceri ale bugetului, dar pentru acoperirea cheltuielilor p\u00e2n\u0103 la sf\u00e2r\u0219itul anului, dac\u0103 nu se iau m\u0103surile anun\u021bate, este nevoie de o suplimentare de circa dou\u0103 miliarde de lei. &#8216;Reprezentan\u021bii&#8230;<\/p>","protected":false},"author":4,"featured_media":1917,"comment_status":"open","ping_status":"open","sticky":false,"template":"","format":"standard","meta":{"footnotes":""},"categories":[1],"tags":[],"class_list":["post-2815","post","type-post","status-publish","format-standard","has-post-thumbnail","hentry","category-uncategorized"],"yoast_head":"<!-- This site is optimized with the Yoast SEO plugin v26.1.1 - https:\/\/yoast.com\/wordpress\/plugins\/seo\/ -->\n<title>Ministrul Daniel David s-a \u00eent\u00e2lnit cu reprezentan\u021bii sindicatelor din \u00eenv\u0103\u021b\u0103m\u00e2nt - Carpathia Center Romania<\/title>\n<meta name=\"robots\" content=\"index, follow, max-snippet:-1, max-image-preview:large, max-video-preview:-1\" \/>\n<link rel=\"canonical\" href=\"https:\/\/carpathiacenter.ro\/en\/ministrul-daniel-david-s-a-intalnit-cu-reprezentantii-sindicatelor-din-invatamant\/\" \/>\n<meta property=\"og:locale\" content=\"en_GB\" \/>\n<meta property=\"og:type\" content=\"article\" \/>\n<meta property=\"og:title\" content=\"Ministrul Daniel David s-a \u00eent\u00e2lnit cu reprezentan\u021bii sindicatelor din \u00eenv\u0103\u021b\u0103m\u00e2nt - Carpathia Center Romania\" \/>\n<meta property=\"og:description\" content=\"Ministrul Educa\u021biei, Daniel David, s-a \u00eent\u00e2lnit, luni, cu reprezentan\u021bii organiza\u021biilor sindicale din \u00eenv\u0103\u021b\u0103m\u00e2nt care protesteaz\u0103 de s\u0103pt\u0103m\u00e2na trecut\u0103, c\u0103rora le-a transmis c\u0103, \u00een prezent, nu exist\u0103 reduceri ale bugetului, dar pentru acoperirea cheltuielilor p\u00e2n\u0103 la sf\u00e2r\u0219itul anului, dac\u0103 nu se iau m\u0103surile anun\u021bate, este nevoie de o suplimentare de circa dou\u0103 miliarde de lei. &#8216;Reprezentan\u021bii...\" \/>\n<meta property=\"og:url\" content=\"https:\/\/carpathiacenter.ro\/en\/ministrul-daniel-david-s-a-intalnit-cu-reprezentantii-sindicatelor-din-invatamant\/\" \/>\n<meta property=\"og:site_name\" content=\"Carpathia Center Romania\" \/>\n<meta property=\"article:publisher\" content=\"https:\/\/www.facebook.com\/fdpscarpathia\/\" \/>\n<meta property=\"article:published_time\" content=\"2025-08-05T08:07:30+00:00\" \/>\n<meta property=\"og:image\" content=\"https:\/\/carpathiacenter.ro\/wp-content\/uploads\/2025\/02\/Daniel-David.jpg\" \/>\n\t<meta property=\"og:image:width\" content=\"780\" \/>\n\t<meta property=\"og:image:height\" content=\"440\" \/>\n\t<meta property=\"og:image:type\" content=\"image\/jpeg\" \/>\n<meta name=\"author\" content=\"creativebitsolutions\" \/>\n<meta name=\"twitter:card\" content=\"summary_large_image\" \/>\n<meta name=\"twitter:label1\" content=\"Written by\" \/>\n\t<meta name=\"twitter:data1\" content=\"creativebitsolutions\" \/>\n\t<meta name=\"twitter:label2\" content=\"Estimated reading time\" \/>\n\t<meta name=\"twitter:data2\" content=\"3 minutes\" \/>\n<script type=\"application\/ld+json\" class=\"yoast-schema-graph\">{\"@context\":\"https:\/\/schema.org\",\"@graph\":[{\"@type\":\"Article\",\"@id\":\"https:\/\/carpathiacenter.ro\/ministrul-daniel-david-s-a-intalnit-cu-reprezentantii-sindicatelor-din-invatamant\/#article\",\"isPartOf\":{\"@id\":\"https:\/\/carpathiacenter.ro\/ministrul-daniel-david-s-a-intalnit-cu-reprezentantii-sindicatelor-din-invatamant\/\"},\"author\":{\"name\":\"creativebitsolutions\",\"@id\":\"https:\/\/carpathiacenter.ro\/#\/schema\/person\/03d9f58202fee8379268f34afa195006\"},\"headline\":\"Ministrul Daniel David s-a \u00eent\u00e2lnit cu reprezentan\u021bii sindicatelor din \u00eenv\u0103\u021b\u0103m\u00e2nt\",\"datePublished\":\"2025-08-05T08:07:30+00:00\",\"mainEntityOfPage\":{\"@id\":\"https:\/\/carpathiacenter.ro\/ministrul-daniel-david-s-a-intalnit-cu-reprezentantii-sindicatelor-din-invatamant\/\"},\"wordCount\":524,\"commentCount\":0,\"publisher\":{\"@id\":\"https:\/\/carpathiacenter.ro\/#organization\"},\"image\":{\"@id\":\"https:\/\/carpathiacenter.ro\/ministrul-daniel-david-s-a-intalnit-cu-reprezentantii-sindicatelor-din-invatamant\/#primaryimage\"},\"thumbnailUrl\":\"https:\/\/carpathiacenter.ro\/wp-content\/uploads\/2025\/02\/Daniel-David.jpg\",\"articleSection\":[\"Uncategorized\"],\"inLanguage\":\"en-GB\",\"potentialAction\":[{\"@type\":\"CommentAction\",\"name\":\"Comment\",\"target\":[\"https:\/\/carpathiacenter.ro\/ministrul-daniel-david-s-a-intalnit-cu-reprezentantii-sindicatelor-din-invatamant\/#respond\"]}]},{\"@type\":\"WebPage\",\"@id\":\"https:\/\/carpathiacenter.ro\/ministrul-daniel-david-s-a-intalnit-cu-reprezentantii-sindicatelor-din-invatamant\/\",\"url\":\"https:\/\/carpathiacenter.ro\/ministrul-daniel-david-s-a-intalnit-cu-reprezentantii-sindicatelor-din-invatamant\/\",\"name\":\"Ministrul Daniel David s-a \u00eent\u00e2lnit cu reprezentan\u021bii sindicatelor din \u00eenv\u0103\u021b\u0103m\u00e2nt - Carpathia Center Romania\",\"isPartOf\":{\"@id\":\"https:\/\/carpathiacenter.ro\/#website\"},\"primaryImageOfPage\":{\"@id\":\"https:\/\/carpathiacenter.ro\/ministrul-daniel-david-s-a-intalnit-cu-reprezentantii-sindicatelor-din-invatamant\/#primaryimage\"},\"image\":{\"@id\":\"https:\/\/carpathiacenter.ro\/ministrul-daniel-david-s-a-intalnit-cu-reprezentantii-sindicatelor-din-invatamant\/#primaryimage\"},\"thumbnailUrl\":\"https:\/\/carpathiacenter.ro\/wp-content\/uploads\/2025\/02\/Daniel-David.jpg\",\"datePublished\":\"2025-08-05T08:07:30+00:00\",\"breadcrumb\":{\"@id\":\"https:\/\/carpathiacenter.ro\/ministrul-daniel-david-s-a-intalnit-cu-reprezentantii-sindicatelor-din-invatamant\/#breadcrumb\"},\"inLanguage\":\"en-GB\",\"potentialAction\":[{\"@type\":\"ReadAction\",\"target\":[\"https:\/\/carpathiacenter.ro\/ministrul-daniel-david-s-a-intalnit-cu-reprezentantii-sindicatelor-din-invatamant\/\"]}]},{\"@type\":\"ImageObject\",\"inLanguage\":\"en-GB\",\"@id\":\"https:\/\/carpathiacenter.ro\/ministrul-daniel-david-s-a-intalnit-cu-reprezentantii-sindicatelor-din-invatamant\/#primaryimage\",\"url\":\"https:\/\/carpathiacenter.ro\/wp-content\/uploads\/2025\/02\/Daniel-David.jpg\",\"contentUrl\":\"https:\/\/carpathiacenter.ro\/wp-content\/uploads\/2025\/02\/Daniel-David.jpg\",\"width\":780,\"height\":440},{\"@type\":\"BreadcrumbList\",\"@id\":\"https:\/\/carpathiacenter.ro\/ministrul-daniel-david-s-a-intalnit-cu-reprezentantii-sindicatelor-din-invatamant\/#breadcrumb\",\"itemListElement\":[{\"@type\":\"ListItem\",\"position\":1,\"name\":\"Prima pagin\u0103\",\"item\":\"https:\/\/carpathiacenter.ro\/\"},{\"@type\":\"ListItem\",\"position\":2,\"name\":\"Ministrul Daniel David s-a \u00eent\u00e2lnit cu reprezentan\u021bii sindicatelor din \u00eenv\u0103\u021b\u0103m\u00e2nt\"}]},{\"@type\":\"WebSite\",\"@id\":\"https:\/\/carpathiacenter.ro\/#website\",\"url\":\"https:\/\/carpathiacenter.ro\/\",\"name\":\"Carpathia Center Romania\",\"description\":\"Impossible made possible!\",\"publisher\":{\"@id\":\"https:\/\/carpathiacenter.ro\/#organization\"},\"potentialAction\":[{\"@type\":\"SearchAction\",\"target\":{\"@type\":\"EntryPoint\",\"urlTemplate\":\"https:\/\/carpathiacenter.ro\/?s={search_term_string}\"},\"query-input\":{\"@type\":\"PropertyValueSpecification\",\"valueRequired\":true,\"valueName\":\"search_term_string\"}}],\"inLanguage\":\"en-GB\"},{\"@type\":\"Organization\",\"@id\":\"https:\/\/carpathiacenter.ro\/#organization\",\"name\":\"Carpathia Center Romania\",\"url\":\"https:\/\/carpathiacenter.ro\/\",\"logo\":{\"@type\":\"ImageObject\",\"inLanguage\":\"en-GB\",\"@id\":\"https:\/\/carpathiacenter.ro\/#\/schema\/logo\/image\/\",\"url\":\"https:\/\/carpathiacenter.ro\/wp-content\/uploads\/2024\/07\/logo-carpathia_bg_white-1024x941.png\",\"contentUrl\":\"https:\/\/carpathiacenter.ro\/wp-content\/uploads\/2024\/07\/logo-carpathia_bg_white-1024x941.png\",\"width\":1024,\"height\":941,\"caption\":\"Carpathia Center Romania\"},\"image\":{\"@id\":\"https:\/\/carpathiacenter.ro\/#\/schema\/logo\/image\/\"},\"sameAs\":[\"https:\/\/www.facebook.com\/fdpscarpathia\/\"]},{\"@type\":\"Person\",\"@id\":\"https:\/\/carpathiacenter.ro\/#\/schema\/person\/03d9f58202fee8379268f34afa195006\",\"name\":\"creativebitsolutions\",\"image\":{\"@type\":\"ImageObject\",\"inLanguage\":\"en-GB\",\"@id\":\"https:\/\/carpathiacenter.ro\/#\/schema\/person\/image\/\",\"url\":\"https:\/\/secure.gravatar.com\/avatar\/1b1a13e37f847c635dab78348f1dff2f07651ee2a3d77a5c355a4b8c75f9165a?s=96&d=mm&r=g\",\"contentUrl\":\"https:\/\/secure.gravatar.com\/avatar\/1b1a13e37f847c635dab78348f1dff2f07651ee2a3d77a5c355a4b8c75f9165a?s=96&d=mm&r=g\",\"caption\":\"creativebitsolutions\"},\"url\":\"https:\/\/carpathiacenter.ro\/en\/author\/creativebitsolutions\/\"}]}<\/script>\n<!-- \/ Yoast SEO plugin. -->","yoast_head_json":{"title":"Ministrul Daniel David s-a \u00eent\u00e2lnit cu reprezentan\u021bii sindicatelor din \u00eenv\u0103\u021b\u0103m\u00e2nt - Carpathia Center Romania","robots":{"index":"index","follow":"follow","max-snippet":"max-snippet:-1","max-image-preview":"max-image-preview:large","max-video-preview":"max-video-preview:-1"},"canonical":"https:\/\/carpathiacenter.ro\/en\/ministrul-daniel-david-s-a-intalnit-cu-reprezentantii-sindicatelor-din-invatamant\/","og_locale":"en_GB","og_type":"article","og_title":"Ministrul Daniel David s-a \u00eent\u00e2lnit cu reprezentan\u021bii sindicatelor din \u00eenv\u0103\u021b\u0103m\u00e2nt - Carpathia Center Romania","og_description":"Ministrul Educa\u021biei, Daniel David, s-a \u00eent\u00e2lnit, luni, cu reprezentan\u021bii organiza\u021biilor sindicale din \u00eenv\u0103\u021b\u0103m\u00e2nt care protesteaz\u0103 de s\u0103pt\u0103m\u00e2na trecut\u0103, c\u0103rora le-a transmis c\u0103, \u00een prezent, nu exist\u0103 reduceri ale bugetului, dar pentru acoperirea cheltuielilor p\u00e2n\u0103 la sf\u00e2r\u0219itul anului, dac\u0103 nu se iau m\u0103surile anun\u021bate, este nevoie de o suplimentare de circa dou\u0103 miliarde de lei. &#8216;Reprezentan\u021bii...","og_url":"https:\/\/carpathiacenter.ro\/en\/ministrul-daniel-david-s-a-intalnit-cu-reprezentantii-sindicatelor-din-invatamant\/","og_site_name":"Carpathia Center Romania","article_publisher":"https:\/\/www.facebook.com\/fdpscarpathia\/","article_published_time":"2025-08-05T08:07:30+00:00","og_image":[{"width":780,"height":440,"url":"https:\/\/carpathiacenter.ro\/wp-content\/uploads\/2025\/02\/Daniel-David.jpg","type":"image\/jpeg"}],"author":"creativebitsolutions","twitter_card":"summary_large_image","twitter_misc":{"Written by":"creativebitsolutions","Estimated reading time":"3 minutes"},"schema":{"@context":"https:\/\/schema.org","@graph":[{"@type":"Article","@id":"https:\/\/carpathiacenter.ro\/ministrul-daniel-david-s-a-intalnit-cu-reprezentantii-sindicatelor-din-invatamant\/#article","isPartOf":{"@id":"https:\/\/carpathiacenter.ro\/ministrul-daniel-david-s-a-intalnit-cu-reprezentantii-sindicatelor-din-invatamant\/"},"author":{"name":"creativebitsolutions","@id":"https:\/\/carpathiacenter.ro\/#\/schema\/person\/03d9f58202fee8379268f34afa195006"},"headline":"Ministrul Daniel David s-a \u00eent\u00e2lnit cu reprezentan\u021bii sindicatelor din \u00eenv\u0103\u021b\u0103m\u00e2nt","datePublished":"2025-08-05T08:07:30+00:00","mainEntityOfPage":{"@id":"https:\/\/carpathiacenter.ro\/ministrul-daniel-david-s-a-intalnit-cu-reprezentantii-sindicatelor-din-invatamant\/"},"wordCount":524,"commentCount":0,"publisher":{"@id":"https:\/\/carpathiacenter.ro\/#organization"},"image":{"@id":"https:\/\/carpathiacenter.ro\/ministrul-daniel-david-s-a-intalnit-cu-reprezentantii-sindicatelor-din-invatamant\/#primaryimage"},"thumbnailUrl":"https:\/\/carpathiacenter.ro\/wp-content\/uploads\/2025\/02\/Daniel-David.jpg","articleSection":["Uncategorized"],"inLanguage":"en-GB","potentialAction":[{"@type":"CommentAction","name":"Comment","target":["https:\/\/carpathiacenter.ro\/ministrul-daniel-david-s-a-intalnit-cu-reprezentantii-sindicatelor-din-invatamant\/#respond"]}]},{"@type":"WebPage","@id":"https:\/\/carpathiacenter.ro\/ministrul-daniel-david-s-a-intalnit-cu-reprezentantii-sindicatelor-din-invatamant\/","url":"https:\/\/carpathiacenter.ro\/ministrul-daniel-david-s-a-intalnit-cu-reprezentantii-sindicatelor-din-invatamant\/","name":"Ministrul Daniel David s-a \u00eent\u00e2lnit cu reprezentan\u021bii sindicatelor din \u00eenv\u0103\u021b\u0103m\u00e2nt - Carpathia Center Romania","isPartOf":{"@id":"https:\/\/carpathiacenter.ro\/#website"},"primaryImageOfPage":{"@id":"https:\/\/carpathiacenter.ro\/ministrul-daniel-david-s-a-intalnit-cu-reprezentantii-sindicatelor-din-invatamant\/#primaryimage"},"image":{"@id":"https:\/\/carpathiacenter.ro\/ministrul-daniel-david-s-a-intalnit-cu-reprezentantii-sindicatelor-din-invatamant\/#primaryimage"},"thumbnailUrl":"https:\/\/carpathiacenter.ro\/wp-content\/uploads\/2025\/02\/Daniel-David.jpg","datePublished":"2025-08-05T08:07:30+00:00","breadcrumb":{"@id":"https:\/\/carpathiacenter.ro\/ministrul-daniel-david-s-a-intalnit-cu-reprezentantii-sindicatelor-din-invatamant\/#breadcrumb"},"inLanguage":"en-GB","potentialAction":[{"@type":"ReadAction","target":["https:\/\/carpathiacenter.ro\/ministrul-daniel-david-s-a-intalnit-cu-reprezentantii-sindicatelor-din-invatamant\/"]}]},{"@type":"ImageObject","inLanguage":"en-GB","@id":"https:\/\/carpathiacenter.ro\/ministrul-daniel-david-s-a-intalnit-cu-reprezentantii-sindicatelor-din-invatamant\/#primaryimage","url":"https:\/\/carpathiacenter.ro\/wp-content\/uploads\/2025\/02\/Daniel-David.jpg","contentUrl":"https:\/\/carpathiacenter.ro\/wp-content\/uploads\/2025\/02\/Daniel-David.jpg","width":780,"height":440},{"@type":"BreadcrumbList","@id":"https:\/\/carpathiacenter.ro\/ministrul-daniel-david-s-a-intalnit-cu-reprezentantii-sindicatelor-din-invatamant\/#breadcrumb","itemListElement":[{"@type":"ListItem","position":1,"name":"Prima pagin\u0103","item":"https:\/\/carpathiacenter.ro\/"},{"@type":"ListItem","position":2,"name":"Ministrul Daniel David s-a \u00eent\u00e2lnit cu reprezentan\u021bii sindicatelor din \u00eenv\u0103\u021b\u0103m\u00e2nt"}]},{"@type":"WebSite","@id":"https:\/\/carpathiacenter.ro\/#website","url":"https:\/\/carpathiacenter.ro\/","name":"Carpathia Center Romania","description":"Impossible made possible!","publisher":{"@id":"https:\/\/carpathiacenter.ro\/#organization"},"potentialAction":[{"@type":"SearchAction","target":{"@type":"EntryPoint","urlTemplate":"https:\/\/carpathiacenter.ro\/?s={search_term_string}"},"query-input":{"@type":"PropertyValueSpecification","valueRequired":true,"valueName":"search_term_string"}}],"inLanguage":"en-GB"},{"@type":"Organization","@id":"https:\/\/carpathiacenter.ro\/#organization","name":"Carpathia Center Romania","url":"https:\/\/carpathiacenter.ro\/","logo":{"@type":"ImageObject","inLanguage":"en-GB","@id":"https:\/\/carpathiacenter.ro\/#\/schema\/logo\/image\/","url":"https:\/\/carpathiacenter.ro\/wp-content\/uploads\/2024\/07\/logo-carpathia_bg_white-1024x941.png","contentUrl":"https:\/\/carpathiacenter.ro\/wp-content\/uploads\/2024\/07\/logo-carpathia_bg_white-1024x941.png","width":1024,"height":941,"caption":"Carpathia Center Romania"},"image":{"@id":"https:\/\/carpathiacenter.ro\/#\/schema\/logo\/image\/"},"sameAs":["https:\/\/www.facebook.com\/fdpscarpathia\/"]},{"@type":"Person","@id":"https:\/\/carpathiacenter.ro\/#\/schema\/person\/03d9f58202fee8379268f34afa195006","name":"creativebitsolutions","image":{"@type":"ImageObject","inLanguage":"en-GB","@id":"https:\/\/carpathiacenter.ro\/#\/schema\/person\/image\/","url":"https:\/\/secure.gravatar.com\/avatar\/1b1a13e37f847c635dab78348f1dff2f07651ee2a3d77a5c355a4b8c75f9165a?s=96&d=mm&r=g","contentUrl":"https:\/\/secure.gravatar.com\/avatar\/1b1a13e37f847c635dab78348f1dff2f07651ee2a3d77a5c355a4b8c75f9165a?s=96&d=mm&r=g","caption":"creativebitsolutions"},"url":"https:\/\/carpathiacenter.ro\/en\/author\/creativebitsolutions\/"}]}},"_links":{"self":[{"href":"https:\/\/carpathiacenter.ro\/en\/wp-json\/wp\/v2\/posts\/2815","targetHints":{"allow":["GET"]}}],"collection":[{"href":"https:\/\/carpathiacenter.ro\/en\/wp-json\/wp\/v2\/posts"}],"about":[{"href":"https:\/\/carpathiacenter.ro\/en\/wp-json\/wp\/v2\/types\/post"}],"author":[{"embeddable":true,"href":"https:\/\/carpathiacenter.ro\/en\/wp-json\/wp\/v2\/users\/4"}],"replies":[{"embeddable":true,"href":"https:\/\/carpathiacenter.ro\/en\/wp-json\/wp\/v2\/comments?post=2815"}],"version-history":[{"count":1,"href":"https:\/\/carpathiacenter.ro\/en\/wp-json\/wp\/v2\/posts\/2815\/revisions"}],"predecessor-version":[{"id":2817,"href":"https:\/\/carpathiacenter.ro\/en\/wp-json\/wp\/v2\/posts\/2815\/revisions\/2817"}],"wp:featuredmedia":[{"embeddable":true,"href":"https:\/\/carpathiacenter.ro\/en\/wp-json\/wp\/v2\/media\/1917"}],"wp:attachment":[{"href":"https:\/\/carpathiacenter.ro\/en\/wp-json\/wp\/v2\/media?parent=2815"}],"wp:term":[{"taxonomy":"category","embeddable":true,"href":"https:\/\/carpathiacenter.ro\/en\/wp-json\/wp\/v2\/categories?post=2815"},{"taxonomy":"post_tag","embeddable":true,"href":"https:\/\/carpathiacenter.ro\/en\/wp-json\/wp\/v2\/tags?post=2815"}],"curies":[{"name":"wp","href":"https:\/\/api.w.org\/{rel}","templated":true}]}}