{"id":2808,"date":"2025-08-04T07:40:00","date_gmt":"2025-08-04T07:40:00","guid":{"rendered":"https:\/\/carpathiacenter.ro\/?p=2808"},"modified":"2025-08-04T07:40:00","modified_gmt":"2025-08-04T07:40:00","slug":"cfr-sa-echipele-cf-constanta-actioneaza-pentru-redeschiderea-traficului-feroviar-de-marfa-la-agigea-ecluza","status":"publish","type":"post","link":"https:\/\/carpathiacenter.ro\/en\/cfr-sa-echipele-cf-constanta-actioneaza-pentru-redeschiderea-traficului-feroviar-de-marfa-la-agigea-ecluza\/","title":{"rendered":"CFR SA: Echipele CF Constan\u021ba ac\u021bioneaz\u0103 pentru redeschiderea traficului feroviar de marf\u0103 la Agigea Ecluz\u0103"},"content":{"rendered":"<p><strong>Echipele de interven\u021bie ale Sucursalei Regionalei CF Constan\u021ba ac\u021bioneaz\u0103 \u00een permanen\u021b\u0103, de vineri, pentru a se relua circula\u021bia feroviar\u0103 de marf\u0103 c\u00e2t mai cur\u00e2nd posibil pe distan\u021ba Agigea Ecluz\u0103 &#8211; Constan\u021ba Port Ferry-Boat, informeaz\u0103 duminic\u0103 CFR SA.<\/strong><\/p>\n<p>Vineri, \u00een sta\u021bia Agigea Ecluz\u0103 (linie simpl\u0103), dou\u0103 vagoane din compunerea unui tren de marf\u0103 au deraiat (dintre care unul este r\u0103sturnat).<\/p>\n<p>Trenul, care apar\u021bine operatorului privat de marf\u0103 Trans Feroviar Grup (TFG), avea \u00een compunere 25 de vagoane (\u00eenc\u0103rcate cu piese auto) \u0219i circula pe distan\u021ba Ciume\u0219ti &#8211; Constan\u021ba Ferry-Boat.<\/p>\n<p>Potrivit CFR SA, a fost afectat\u0103 circula\u021bia feroviar\u0103 a trenurilor de c\u0103l\u0103tori pe distan\u021ba Constan\u021ba &#8211; Mangalia, precum \u0219i a trenurilor de marf\u0103 pe rela\u021bia Agigea Ecluz\u0103 &#8211; Constan\u021ba Port Ferry-Boat. Dup\u0103 retragerea vagoanelor neimplicate \u00een deraiere a fost eliberat gabaritul \u0219i s-a reluat circula\u021bia trenurilor de c\u0103l\u0103tori pe firul I Agigea Nord &#8211; Agigea Ecluz\u0103, r\u0103m\u00e2n\u00e2nd \u00eenchis\u0103 circula\u021bia pentru trenurile de marf\u0103 pe distan\u021ba Agigea Nord &#8211; Agigea Ecluz\u0103 &#8211; Constan\u021ba Port Ferry-Boat.<\/p>\n<p>&#8216;Personalul Sucursalei Regionale CF Constan\u021ba a intervenit continuu \u00een zona afectat\u0103 de deraiere pentru repunerea \u0219i \u00eendep\u0103rtarea materialului rulant deraiat de pe linie \u0219i refacerea liniei, care a fost afectat\u0103 pe o distan\u021b\u0103 de aproximativ 300 m. S-a intervenit cu personal specializat (aproximativ 100 de salaria\u021bi apar\u021bin\u00e2nd Districtului de Interven\u021bii Feroviare, precum \u0219i sec\u021biilor de electrificare, SCB \u0219i linii) \u0219i utilaje (macara de mare tonaj &#8211; 125 TF, drezin\u0103 pantograf, utilaje Colmar, ma\u0219ini de mic\u0103 mecanicare)&#8217;, arat\u0103 CFR SA.<\/p>\n<p>\u00cen zon\u0103 vor ajunge dou\u0103 platforme apar\u021bin\u00e2nd TFG (operatorul privat de marf\u0103 implicat \u00een deraiere), care s\u0103 \u00eencarce materialul rulant deraiat \u0219i r\u0103sturnat (dou\u0103 vagoane, inclusiv containerele transportate de acestea).<\/p>\n<p>CFR SA men\u021bioneaz\u0103 c\u0103 accidentul va fi investigat de c\u0103tre o comisie de specialitate AGIFER (Agen\u021bia de Investigare Feroviar\u0103 Rom\u00e2n\u0103), care va stabili cauzele exacte care au condus la producerea lui. AGERPRES\/(AS &#8211; editor: Cristian Anghelache, editor online: Simona Aru\u015ftei)<br \/>\n<br \/>\nSursa articolului:<a href=\"https:\/\/agerpres.ro\/economic\/2025\/08\/03\/cfr-sa-echipele-cf-constanta-actioneaza-pentru-redeschiderea-traficului-feroviar-de-marfa-la-agigea---1473291\" target=\"_blank\" rel=\"noopener\" title=\"\">  https:\/\/agerpres.ro\/economic\/2025\/08\/03\/cfr-sa-echipele-cf-constanta-actioneaza-pentru-redeschiderea-traficului-feroviar-de-marfa-la-agigea&#8212;1473291<\/a><\/p>","protected":false},"excerpt":{"rendered":"<p>Echipele de interven\u021bie ale Sucursalei Regionalei CF Constan\u021ba ac\u021bioneaz\u0103 \u00een permanen\u021b\u0103, de vineri, pentru a se relua circula\u021bia feroviar\u0103 de marf\u0103 c\u00e2t mai cur\u00e2nd posibil pe distan\u021ba Agigea Ecluz\u0103 &#8211; Constan\u021ba Port Ferry-Boat, informeaz\u0103 duminic\u0103 CFR SA. Vineri, \u00een sta\u021bia Agigea Ecluz\u0103 (linie simpl\u0103), dou\u0103 vagoane din compunerea unui tren de marf\u0103 au deraiat (dintre&#8230;<\/p>","protected":false},"author":4,"featured_media":2809,"comment_status":"open","ping_status":"open","sticky":false,"template":"","format":"standard","meta":{"footnotes":""},"categories":[1],"tags":[],"class_list":["post-2808","post","type-post","status-publish","format-standard","has-post-thumbnail","hentry","category-uncategorized"],"yoast_head":"<!-- This site is optimized with the Yoast SEO plugin v26.1.1 - https:\/\/yoast.com\/wordpress\/plugins\/seo\/ -->\n<title>CFR SA: Echipele CF Constan\u021ba ac\u021bioneaz\u0103 pentru redeschiderea traficului feroviar de marf\u0103 la Agigea Ecluz\u0103 - Carpathia Center Romania<\/title>\n<meta name=\"robots\" content=\"index, follow, max-snippet:-1, max-image-preview:large, max-video-preview:-1\" \/>\n<link rel=\"canonical\" href=\"https:\/\/carpathiacenter.ro\/en\/cfr-sa-echipele-cf-constanta-actioneaza-pentru-redeschiderea-traficului-feroviar-de-marfa-la-agigea-ecluza\/\" \/>\n<meta property=\"og:locale\" content=\"en_GB\" \/>\n<meta property=\"og:type\" content=\"article\" \/>\n<meta property=\"og:title\" content=\"CFR SA: Echipele CF Constan\u021ba ac\u021bioneaz\u0103 pentru redeschiderea traficului feroviar de marf\u0103 la Agigea Ecluz\u0103 - Carpathia Center Romania\" \/>\n<meta property=\"og:description\" content=\"Echipele de interven\u021bie ale Sucursalei Regionalei CF Constan\u021ba ac\u021bioneaz\u0103 \u00een permanen\u021b\u0103, de vineri, pentru a se relua circula\u021bia feroviar\u0103 de marf\u0103 c\u00e2t mai cur\u00e2nd posibil pe distan\u021ba Agigea Ecluz\u0103 &#8211; Constan\u021ba Port Ferry-Boat, informeaz\u0103 duminic\u0103 CFR SA. Vineri, \u00een sta\u021bia Agigea Ecluz\u0103 (linie simpl\u0103), dou\u0103 vagoane din compunerea unui tren de marf\u0103 au deraiat (dintre...\" \/>\n<meta property=\"og:url\" content=\"https:\/\/carpathiacenter.ro\/en\/cfr-sa-echipele-cf-constanta-actioneaza-pentru-redeschiderea-traficului-feroviar-de-marfa-la-agigea-ecluza\/\" \/>\n<meta property=\"og:site_name\" content=\"Carpathia Center Romania\" \/>\n<meta property=\"article:publisher\" content=\"https:\/\/www.facebook.com\/fdpscarpathia\/\" \/>\n<meta property=\"article:published_time\" content=\"2025-08-04T07:40:00+00:00\" \/>\n<meta property=\"og:image\" content=\"https:\/\/carpathiacenter.ro\/wp-content\/uploads\/2025\/08\/CFR-SA.jpg\" \/>\n\t<meta property=\"og:image:width\" content=\"1600\" \/>\n\t<meta property=\"og:image:height\" content=\"757\" \/>\n\t<meta property=\"og:image:type\" content=\"image\/jpeg\" \/>\n<meta name=\"author\" content=\"creativebitsolutions\" \/>\n<meta name=\"twitter:card\" content=\"summary_large_image\" \/>\n<meta name=\"twitter:label1\" content=\"Written by\" \/>\n\t<meta name=\"twitter:data1\" content=\"creativebitsolutions\" \/>\n\t<meta name=\"twitter:label2\" content=\"Estimated reading time\" \/>\n\t<meta name=\"twitter:data2\" content=\"2 minutes\" \/>\n<script type=\"application\/ld+json\" class=\"yoast-schema-graph\">{\"@context\":\"https:\/\/schema.org\",\"@graph\":[{\"@type\":\"Article\",\"@id\":\"https:\/\/carpathiacenter.ro\/cfr-sa-echipele-cf-constanta-actioneaza-pentru-redeschiderea-traficului-feroviar-de-marfa-la-agigea-ecluza\/#article\",\"isPartOf\":{\"@id\":\"https:\/\/carpathiacenter.ro\/cfr-sa-echipele-cf-constanta-actioneaza-pentru-redeschiderea-traficului-feroviar-de-marfa-la-agigea-ecluza\/\"},\"author\":{\"name\":\"creativebitsolutions\",\"@id\":\"https:\/\/carpathiacenter.ro\/#\/schema\/person\/03d9f58202fee8379268f34afa195006\"},\"headline\":\"CFR SA: Echipele CF Constan\u021ba ac\u021bioneaz\u0103 pentru redeschiderea traficului feroviar de marf\u0103 la Agigea Ecluz\u0103\",\"datePublished\":\"2025-08-04T07:40:00+00:00\",\"mainEntityOfPage\":{\"@id\":\"https:\/\/carpathiacenter.ro\/cfr-sa-echipele-cf-constanta-actioneaza-pentru-redeschiderea-traficului-feroviar-de-marfa-la-agigea-ecluza\/\"},\"wordCount\":379,\"commentCount\":0,\"publisher\":{\"@id\":\"https:\/\/carpathiacenter.ro\/#organization\"},\"image\":{\"@id\":\"https:\/\/carpathiacenter.ro\/cfr-sa-echipele-cf-constanta-actioneaza-pentru-redeschiderea-traficului-feroviar-de-marfa-la-agigea-ecluza\/#primaryimage\"},\"thumbnailUrl\":\"https:\/\/carpathiacenter.ro\/wp-content\/uploads\/2025\/08\/CFR-SA.jpg\",\"articleSection\":[\"Uncategorized\"],\"inLanguage\":\"en-GB\",\"potentialAction\":[{\"@type\":\"CommentAction\",\"name\":\"Comment\",\"target\":[\"https:\/\/carpathiacenter.ro\/cfr-sa-echipele-cf-constanta-actioneaza-pentru-redeschiderea-traficului-feroviar-de-marfa-la-agigea-ecluza\/#respond\"]}]},{\"@type\":\"WebPage\",\"@id\":\"https:\/\/carpathiacenter.ro\/cfr-sa-echipele-cf-constanta-actioneaza-pentru-redeschiderea-traficului-feroviar-de-marfa-la-agigea-ecluza\/\",\"url\":\"https:\/\/carpathiacenter.ro\/cfr-sa-echipele-cf-constanta-actioneaza-pentru-redeschiderea-traficului-feroviar-de-marfa-la-agigea-ecluza\/\",\"name\":\"CFR SA: Echipele CF Constan\u021ba ac\u021bioneaz\u0103 pentru redeschiderea traficului feroviar de marf\u0103 la Agigea Ecluz\u0103 - Carpathia Center Romania\",\"isPartOf\":{\"@id\":\"https:\/\/carpathiacenter.ro\/#website\"},\"primaryImageOfPage\":{\"@id\":\"https:\/\/carpathiacenter.ro\/cfr-sa-echipele-cf-constanta-actioneaza-pentru-redeschiderea-traficului-feroviar-de-marfa-la-agigea-ecluza\/#primaryimage\"},\"image\":{\"@id\":\"https:\/\/carpathiacenter.ro\/cfr-sa-echipele-cf-constanta-actioneaza-pentru-redeschiderea-traficului-feroviar-de-marfa-la-agigea-ecluza\/#primaryimage\"},\"thumbnailUrl\":\"https:\/\/carpathiacenter.ro\/wp-content\/uploads\/2025\/08\/CFR-SA.jpg\",\"datePublished\":\"2025-08-04T07:40:00+00:00\",\"breadcrumb\":{\"@id\":\"https:\/\/carpathiacenter.ro\/cfr-sa-echipele-cf-constanta-actioneaza-pentru-redeschiderea-traficului-feroviar-de-marfa-la-agigea-ecluza\/#breadcrumb\"},\"inLanguage\":\"en-GB\",\"potentialAction\":[{\"@type\":\"ReadAction\",\"target\":[\"https:\/\/carpathiacenter.ro\/cfr-sa-echipele-cf-constanta-actioneaza-pentru-redeschiderea-traficului-feroviar-de-marfa-la-agigea-ecluza\/\"]}]},{\"@type\":\"ImageObject\",\"inLanguage\":\"en-GB\",\"@id\":\"https:\/\/carpathiacenter.ro\/cfr-sa-echipele-cf-constanta-actioneaza-pentru-redeschiderea-traficului-feroviar-de-marfa-la-agigea-ecluza\/#primaryimage\",\"url\":\"https:\/\/carpathiacenter.ro\/wp-content\/uploads\/2025\/08\/CFR-SA.jpg\",\"contentUrl\":\"https:\/\/carpathiacenter.ro\/wp-content\/uploads\/2025\/08\/CFR-SA.jpg\",\"width\":1600,\"height\":757},{\"@type\":\"BreadcrumbList\",\"@id\":\"https:\/\/carpathiacenter.ro\/cfr-sa-echipele-cf-constanta-actioneaza-pentru-redeschiderea-traficului-feroviar-de-marfa-la-agigea-ecluza\/#breadcrumb\",\"itemListElement\":[{\"@type\":\"ListItem\",\"position\":1,\"name\":\"Prima pagin\u0103\",\"item\":\"https:\/\/carpathiacenter.ro\/\"},{\"@type\":\"ListItem\",\"position\":2,\"name\":\"CFR SA: Echipele CF Constan\u021ba ac\u021bioneaz\u0103 pentru redeschiderea traficului feroviar de marf\u0103 la Agigea Ecluz\u0103\"}]},{\"@type\":\"WebSite\",\"@id\":\"https:\/\/carpathiacenter.ro\/#website\",\"url\":\"https:\/\/carpathiacenter.ro\/\",\"name\":\"Carpathia Center Romania\",\"description\":\"Impossible made possible!\",\"publisher\":{\"@id\":\"https:\/\/carpathiacenter.ro\/#organization\"},\"potentialAction\":[{\"@type\":\"SearchAction\",\"target\":{\"@type\":\"EntryPoint\",\"urlTemplate\":\"https:\/\/carpathiacenter.ro\/?s={search_term_string}\"},\"query-input\":{\"@type\":\"PropertyValueSpecification\",\"valueRequired\":true,\"valueName\":\"search_term_string\"}}],\"inLanguage\":\"en-GB\"},{\"@type\":\"Organization\",\"@id\":\"https:\/\/carpathiacenter.ro\/#organization\",\"name\":\"Carpathia Center Romania\",\"url\":\"https:\/\/carpathiacenter.ro\/\",\"logo\":{\"@type\":\"ImageObject\",\"inLanguage\":\"en-GB\",\"@id\":\"https:\/\/carpathiacenter.ro\/#\/schema\/logo\/image\/\",\"url\":\"https:\/\/carpathiacenter.ro\/wp-content\/uploads\/2024\/07\/logo-carpathia_bg_white-1024x941.png\",\"contentUrl\":\"https:\/\/carpathiacenter.ro\/wp-content\/uploads\/2024\/07\/logo-carpathia_bg_white-1024x941.png\",\"width\":1024,\"height\":941,\"caption\":\"Carpathia Center Romania\"},\"image\":{\"@id\":\"https:\/\/carpathiacenter.ro\/#\/schema\/logo\/image\/\"},\"sameAs\":[\"https:\/\/www.facebook.com\/fdpscarpathia\/\"]},{\"@type\":\"Person\",\"@id\":\"https:\/\/carpathiacenter.ro\/#\/schema\/person\/03d9f58202fee8379268f34afa195006\",\"name\":\"creativebitsolutions\",\"image\":{\"@type\":\"ImageObject\",\"inLanguage\":\"en-GB\",\"@id\":\"https:\/\/carpathiacenter.ro\/#\/schema\/person\/image\/\",\"url\":\"https:\/\/secure.gravatar.com\/avatar\/1b1a13e37f847c635dab78348f1dff2f07651ee2a3d77a5c355a4b8c75f9165a?s=96&d=mm&r=g\",\"contentUrl\":\"https:\/\/secure.gravatar.com\/avatar\/1b1a13e37f847c635dab78348f1dff2f07651ee2a3d77a5c355a4b8c75f9165a?s=96&d=mm&r=g\",\"caption\":\"creativebitsolutions\"},\"url\":\"https:\/\/carpathiacenter.ro\/en\/author\/creativebitsolutions\/\"}]}<\/script>\n<!-- \/ Yoast SEO plugin. -->","yoast_head_json":{"title":"CFR SA: Echipele CF Constan\u021ba ac\u021bioneaz\u0103 pentru redeschiderea traficului feroviar de marf\u0103 la Agigea Ecluz\u0103 - Carpathia Center Romania","robots":{"index":"index","follow":"follow","max-snippet":"max-snippet:-1","max-image-preview":"max-image-preview:large","max-video-preview":"max-video-preview:-1"},"canonical":"https:\/\/carpathiacenter.ro\/en\/cfr-sa-echipele-cf-constanta-actioneaza-pentru-redeschiderea-traficului-feroviar-de-marfa-la-agigea-ecluza\/","og_locale":"en_GB","og_type":"article","og_title":"CFR SA: Echipele CF Constan\u021ba ac\u021bioneaz\u0103 pentru redeschiderea traficului feroviar de marf\u0103 la Agigea Ecluz\u0103 - Carpathia Center Romania","og_description":"Echipele de interven\u021bie ale Sucursalei Regionalei CF Constan\u021ba ac\u021bioneaz\u0103 \u00een permanen\u021b\u0103, de vineri, pentru a se relua circula\u021bia feroviar\u0103 de marf\u0103 c\u00e2t mai cur\u00e2nd posibil pe distan\u021ba Agigea Ecluz\u0103 &#8211; Constan\u021ba Port Ferry-Boat, informeaz\u0103 duminic\u0103 CFR SA. Vineri, \u00een sta\u021bia Agigea Ecluz\u0103 (linie simpl\u0103), dou\u0103 vagoane din compunerea unui tren de marf\u0103 au deraiat (dintre...","og_url":"https:\/\/carpathiacenter.ro\/en\/cfr-sa-echipele-cf-constanta-actioneaza-pentru-redeschiderea-traficului-feroviar-de-marfa-la-agigea-ecluza\/","og_site_name":"Carpathia Center Romania","article_publisher":"https:\/\/www.facebook.com\/fdpscarpathia\/","article_published_time":"2025-08-04T07:40:00+00:00","og_image":[{"width":1600,"height":757,"url":"https:\/\/carpathiacenter.ro\/wp-content\/uploads\/2025\/08\/CFR-SA.jpg","type":"image\/jpeg"}],"author":"creativebitsolutions","twitter_card":"summary_large_image","twitter_misc":{"Written by":"creativebitsolutions","Estimated reading time":"2 minutes"},"schema":{"@context":"https:\/\/schema.org","@graph":[{"@type":"Article","@id":"https:\/\/carpathiacenter.ro\/cfr-sa-echipele-cf-constanta-actioneaza-pentru-redeschiderea-traficului-feroviar-de-marfa-la-agigea-ecluza\/#article","isPartOf":{"@id":"https:\/\/carpathiacenter.ro\/cfr-sa-echipele-cf-constanta-actioneaza-pentru-redeschiderea-traficului-feroviar-de-marfa-la-agigea-ecluza\/"},"author":{"name":"creativebitsolutions","@id":"https:\/\/carpathiacenter.ro\/#\/schema\/person\/03d9f58202fee8379268f34afa195006"},"headline":"CFR SA: Echipele CF Constan\u021ba ac\u021bioneaz\u0103 pentru redeschiderea traficului feroviar de marf\u0103 la Agigea Ecluz\u0103","datePublished":"2025-08-04T07:40:00+00:00","mainEntityOfPage":{"@id":"https:\/\/carpathiacenter.ro\/cfr-sa-echipele-cf-constanta-actioneaza-pentru-redeschiderea-traficului-feroviar-de-marfa-la-agigea-ecluza\/"},"wordCount":379,"commentCount":0,"publisher":{"@id":"https:\/\/carpathiacenter.ro\/#organization"},"image":{"@id":"https:\/\/carpathiacenter.ro\/cfr-sa-echipele-cf-constanta-actioneaza-pentru-redeschiderea-traficului-feroviar-de-marfa-la-agigea-ecluza\/#primaryimage"},"thumbnailUrl":"https:\/\/carpathiacenter.ro\/wp-content\/uploads\/2025\/08\/CFR-SA.jpg","articleSection":["Uncategorized"],"inLanguage":"en-GB","potentialAction":[{"@type":"CommentAction","name":"Comment","target":["https:\/\/carpathiacenter.ro\/cfr-sa-echipele-cf-constanta-actioneaza-pentru-redeschiderea-traficului-feroviar-de-marfa-la-agigea-ecluza\/#respond"]}]},{"@type":"WebPage","@id":"https:\/\/carpathiacenter.ro\/cfr-sa-echipele-cf-constanta-actioneaza-pentru-redeschiderea-traficului-feroviar-de-marfa-la-agigea-ecluza\/","url":"https:\/\/carpathiacenter.ro\/cfr-sa-echipele-cf-constanta-actioneaza-pentru-redeschiderea-traficului-feroviar-de-marfa-la-agigea-ecluza\/","name":"CFR SA: Echipele CF Constan\u021ba ac\u021bioneaz\u0103 pentru redeschiderea traficului feroviar de marf\u0103 la Agigea Ecluz\u0103 - Carpathia Center Romania","isPartOf":{"@id":"https:\/\/carpathiacenter.ro\/#website"},"primaryImageOfPage":{"@id":"https:\/\/carpathiacenter.ro\/cfr-sa-echipele-cf-constanta-actioneaza-pentru-redeschiderea-traficului-feroviar-de-marfa-la-agigea-ecluza\/#primaryimage"},"image":{"@id":"https:\/\/carpathiacenter.ro\/cfr-sa-echipele-cf-constanta-actioneaza-pentru-redeschiderea-traficului-feroviar-de-marfa-la-agigea-ecluza\/#primaryimage"},"thumbnailUrl":"https:\/\/carpathiacenter.ro\/wp-content\/uploads\/2025\/08\/CFR-SA.jpg","datePublished":"2025-08-04T07:40:00+00:00","breadcrumb":{"@id":"https:\/\/carpathiacenter.ro\/cfr-sa-echipele-cf-constanta-actioneaza-pentru-redeschiderea-traficului-feroviar-de-marfa-la-agigea-ecluza\/#breadcrumb"},"inLanguage":"en-GB","potentialAction":[{"@type":"ReadAction","target":["https:\/\/carpathiacenter.ro\/cfr-sa-echipele-cf-constanta-actioneaza-pentru-redeschiderea-traficului-feroviar-de-marfa-la-agigea-ecluza\/"]}]},{"@type":"ImageObject","inLanguage":"en-GB","@id":"https:\/\/carpathiacenter.ro\/cfr-sa-echipele-cf-constanta-actioneaza-pentru-redeschiderea-traficului-feroviar-de-marfa-la-agigea-ecluza\/#primaryimage","url":"https:\/\/carpathiacenter.ro\/wp-content\/uploads\/2025\/08\/CFR-SA.jpg","contentUrl":"https:\/\/carpathiacenter.ro\/wp-content\/uploads\/2025\/08\/CFR-SA.jpg","width":1600,"height":757},{"@type":"BreadcrumbList","@id":"https:\/\/carpathiacenter.ro\/cfr-sa-echipele-cf-constanta-actioneaza-pentru-redeschiderea-traficului-feroviar-de-marfa-la-agigea-ecluza\/#breadcrumb","itemListElement":[{"@type":"ListItem","position":1,"name":"Prima pagin\u0103","item":"https:\/\/carpathiacenter.ro\/"},{"@type":"ListItem","position":2,"name":"CFR SA: Echipele CF Constan\u021ba ac\u021bioneaz\u0103 pentru redeschiderea traficului feroviar de marf\u0103 la Agigea Ecluz\u0103"}]},{"@type":"WebSite","@id":"https:\/\/carpathiacenter.ro\/#website","url":"https:\/\/carpathiacenter.ro\/","name":"Carpathia Center Romania","description":"Impossible made possible!","publisher":{"@id":"https:\/\/carpathiacenter.ro\/#organization"},"potentialAction":[{"@type":"SearchAction","target":{"@type":"EntryPoint","urlTemplate":"https:\/\/carpathiacenter.ro\/?s={search_term_string}"},"query-input":{"@type":"PropertyValueSpecification","valueRequired":true,"valueName":"search_term_string"}}],"inLanguage":"en-GB"},{"@type":"Organization","@id":"https:\/\/carpathiacenter.ro\/#organization","name":"Carpathia Center Romania","url":"https:\/\/carpathiacenter.ro\/","logo":{"@type":"ImageObject","inLanguage":"en-GB","@id":"https:\/\/carpathiacenter.ro\/#\/schema\/logo\/image\/","url":"https:\/\/carpathiacenter.ro\/wp-content\/uploads\/2024\/07\/logo-carpathia_bg_white-1024x941.png","contentUrl":"https:\/\/carpathiacenter.ro\/wp-content\/uploads\/2024\/07\/logo-carpathia_bg_white-1024x941.png","width":1024,"height":941,"caption":"Carpathia Center Romania"},"image":{"@id":"https:\/\/carpathiacenter.ro\/#\/schema\/logo\/image\/"},"sameAs":["https:\/\/www.facebook.com\/fdpscarpathia\/"]},{"@type":"Person","@id":"https:\/\/carpathiacenter.ro\/#\/schema\/person\/03d9f58202fee8379268f34afa195006","name":"creativebitsolutions","image":{"@type":"ImageObject","inLanguage":"en-GB","@id":"https:\/\/carpathiacenter.ro\/#\/schema\/person\/image\/","url":"https:\/\/secure.gravatar.com\/avatar\/1b1a13e37f847c635dab78348f1dff2f07651ee2a3d77a5c355a4b8c75f9165a?s=96&d=mm&r=g","contentUrl":"https:\/\/secure.gravatar.com\/avatar\/1b1a13e37f847c635dab78348f1dff2f07651ee2a3d77a5c355a4b8c75f9165a?s=96&d=mm&r=g","caption":"creativebitsolutions"},"url":"https:\/\/carpathiacenter.ro\/en\/author\/creativebitsolutions\/"}]}},"_links":{"self":[{"href":"https:\/\/carpathiacenter.ro\/en\/wp-json\/wp\/v2\/posts\/2808","targetHints":{"allow":["GET"]}}],"collection":[{"href":"https:\/\/carpathiacenter.ro\/en\/wp-json\/wp\/v2\/posts"}],"about":[{"href":"https:\/\/carpathiacenter.ro\/en\/wp-json\/wp\/v2\/types\/post"}],"author":[{"embeddable":true,"href":"https:\/\/carpathiacenter.ro\/en\/wp-json\/wp\/v2\/users\/4"}],"replies":[{"embeddable":true,"href":"https:\/\/carpathiacenter.ro\/en\/wp-json\/wp\/v2\/comments?post=2808"}],"version-history":[{"count":1,"href":"https:\/\/carpathiacenter.ro\/en\/wp-json\/wp\/v2\/posts\/2808\/revisions"}],"predecessor-version":[{"id":2810,"href":"https:\/\/carpathiacenter.ro\/en\/wp-json\/wp\/v2\/posts\/2808\/revisions\/2810"}],"wp:featuredmedia":[{"embeddable":true,"href":"https:\/\/carpathiacenter.ro\/en\/wp-json\/wp\/v2\/media\/2809"}],"wp:attachment":[{"href":"https:\/\/carpathiacenter.ro\/en\/wp-json\/wp\/v2\/media?parent=2808"}],"wp:term":[{"taxonomy":"category","embeddable":true,"href":"https:\/\/carpathiacenter.ro\/en\/wp-json\/wp\/v2\/categories?post=2808"},{"taxonomy":"post_tag","embeddable":true,"href":"https:\/\/carpathiacenter.ro\/en\/wp-json\/wp\/v2\/tags?post=2808"}],"curies":[{"name":"wp","href":"https:\/\/api.w.org\/{rel}","templated":true}]}}