{"id":2803,"date":"2025-08-01T10:44:20","date_gmt":"2025-08-01T10:44:20","guid":{"rendered":"https:\/\/carpathiacenter.ro\/?p=2803"},"modified":"2025-08-01T10:44:20","modified_gmt":"2025-08-01T10:44:20","slug":"romania-va-intra-in-ultima-luna-de-vara-cu-preturi-mai-mari","status":"publish","type":"post","link":"https:\/\/carpathiacenter.ro\/en\/romania-va-intra-in-ultima-luna-de-vara-cu-preturi-mai-mari\/","title":{"rendered":"Rom\u00e2nia va intra \u00een ultima lun\u0103 de var\u0103 cu pre\u021buri mai mari"},"content":{"rendered":"<p>Rom\u00e2nia va intra \u00een ultima lun\u0103 de var\u0103 cu pre\u021buri mai mari la multe categorii de produse, \u00een urma major\u0103rii TVA \u0219i a accizelor, primele scumpiri anun\u021bate fiind la transportul feroviar \u0219i la comunica\u021bii.<\/p>\n<p>Pe de alt\u0103 parte, mai mul\u021bi retaileri au anun\u021bat c\u0103 blocheaz\u0103 pre\u021burile la o serie de produse sau c\u0103 aplic\u0103 reduceri pentru a compensa cre\u0219terea TVA.<\/p>\n<p>***<br \/>\n<strong>Biletele de tren se scumpesc cu p\u00e2n\u0103 la 4,5 lei \u00een urma cre\u0219terii TVA<\/strong><\/p>\n<p>CFR C\u0103l\u0103tori a anun\u021bat c\u0103 majorarea cotei de TVA de la 19% la 21% va cre\u0219te pre\u021bul biletelor de tren cu p\u00e2n\u0103 la 4,5 lei, iar actualizarea tarifelor se aplic\u0103 de c\u0103tre to\u021bi cei \u0219ase operatori feroviari. Cre\u0219terea pre\u021burilor biletelor la clasa a II-a va fi de maximum 3 lei, iar la clasa I cre\u0219terea va fi de p\u00e2n\u0103 la 4,5 lei, aceste valori maxime fiind atinse \u00een cazul trenurilor IC pentru zone kilometrice de peste 600 km, a precizat operatorul na\u021bional feroviar de c\u0103l\u0103tori.<\/p>\n<p>Potrivit unui ordin al ministrului Transporturilor, publicat joi \u00een Monitorul Oficial, tariful unic pentru o c\u0103l\u0103torie pe distan\u021ba Bucure\u0219ti Nord &#8211; Aeroportul Interna\u021bional Henri Coand\u0103 va r\u0103m\u00e2ne 6 lei, tariful unic pentru un abonament pe cinci zile pe aceea\u0219i distan\u021b\u0103 va fi 43,5 lei, pentru un abonament de 14 zile &#8211; 90,5 lei, iar pentru un abonament lunar &#8211; 128,5 lei.<\/p>\n<p>Pentru o c\u0103l\u0103torie cu trenurile Intercity, \u00een func\u021bie de distan\u021ba parcurs\u0103, tarifele pleac\u0103 de la 18 lei (clasa I) sau 12,5 lei (clasa a II-a), pe o distan\u021b\u0103 de p\u00e2n\u0103 la 10 kilometri, \u0219i pot ajunge la 309 lei (clasa I) \u0219i 212,5 (clasa a II-a) pentru distan\u021be \u00eentre 901 \u0219i 1000 km.<\/p>\n<p>Tarifele pentru o c\u0103l\u0103torie cu trenurile Interregio pornesc de la 14,50 lei (clasa I) \u0219i 11 lei (clasa a II-a) pentru distan\u021be \u00eentre 1 \u0219i 10 km \u0219i ajung la 268,5 lei (clasa I) \u0219i 185 lei (clasa a II-a) pentru distan\u021be \u00eentre 901 \u0219i 1000 km.<\/p>\n<p>Pentru o c\u0103l\u0103torie cu trenurile din categoria Regio, exemple de tarife sunt: 6 lei (clasa I) \u0219i 5 lei (clasa a II-a) pentru distan\u021be de 1 &#8211; 10 km, 52,5 lei (clasa I) \u0219i 33,5 lei (clasa a II-a) pentru distan\u021be \u00eentre 161 \u0219i 180 km \u0219i 101,5 lei (clasa I) \u0219i 64 lei (clasa a II-a) \u00eentre 351 km \u0219i 400 km.<\/p>\n<p>Un abonament de 3 ore pentru zona metropolitan\u0103 Bucure\u0219ti va costa tot 12,5 lei, pentru 24 de ore &#8211; 22,5 de lei (22 de lei anterior), pentru 72 de ore &#8211; 64 de lei (de la 63 de lei). Abonamentul de 7 zile va ajunge la 133 lei (fa\u021b\u0103 de 131 de lei).<\/p>\n<p>Ultima dat\u0103, pre\u021bul biletelor de tren a crescut \u00een 15 decembrie 2024, cu 4,6%.<\/p>\n<p>***<br \/>\n<strong>Digi modific\u0103 tarifele conform noii cote de TVA de 21%<\/strong><\/p>\n<p>Digi Romania modific\u0103, de la 1 august, tarifele serviciilor furnizate \u0219i bunurilor livrate, aplic\u00e2nd noul procent al TVA de 21%, potrivit Legii nr. 141\/2025 prin care se majoreaz\u0103 cota general\u0103 de TVA.<\/p>\n<p>Valorile actualizate ale tarifelor \u0219i pre\u021burilor practicate vor fi disponibile pe pagina oficial\u0103 www.digi.ro, \u00een sec\u021biunea specific\u0103 fiec\u0103rui serviciu, \u00een punctele de prezen\u021b\u0103 DIGI sau prin apelarea serviciului de rela\u021bii cu clien\u021bii.<\/p>\n<p>***<br \/>\n<strong>Retailerii au venit cu oferte pentru a compensa cre\u0219terea TVA<\/strong><\/p>\n<p>Astfel, Carrefour a anun\u021bat c\u0103 ofer\u0103 reduceri sub form\u0103 de cupon de 33% la o selec\u021bie de game de produse, \u00een perioada 30 iulie &#8211; 5 august, Mega Image ofer\u0103, \u00een august, o reducere de 2% la fiecare co\u0219 de cump\u0103r\u0103turi, iar Lidl va bloca pre\u021burile la o serie de produse pe parcursul lunii august.<\/p>\n<p>***<br \/>\n<strong>Dou\u0103 cote de TVA, \u00een loc de trei<\/strong><\/p>\n<p>Primul pachet fiscal (Legea 141\/2025) adoptat prin asumarea r\u0103spunderii Guvernului prevede cre\u0219terea cotei standard de TVA de la 19% la 21% \u0219i doar o sigur\u0103 cot\u0103 redus\u0103, de 11%, fa\u021b\u0103 de dou\u0103 cote \u00een prezent, de 5%, respectiv 9%.<\/p>\n<p>Potrivit unui material publicat de PwC, cota redus\u0103 de TVA cre\u0219te de la 9% la 11% pentru urm\u0103toarele livr\u0103ri de bunuri\/prest\u0103ri de servicii: livrarea de medicamente de uz uman; livrarea de alimente, inclusiv b\u0103uturi, destinate consumului uman \u0219i animal, animale \u0219i p\u0103s\u0103ri vii din specii domestice, ale c\u0103ror coduri NC se stabilesc prin normele metodologice, cu excep\u021bia b\u0103uturilor alcoolice, b\u0103uturilor nealcoolice care se \u00eencadreaz\u0103 la codul NC 2202, alimentelor cu zah\u0103r ad\u0103ugat, al c\u0103ror con\u021binut total de zah\u0103r este de minimum 10 g\/100 g produs, altele dec\u00e2t laptele praf pentru nou-n\u0103scu\u021bi, sugari \u0219i copii de v\u00e2rst\u0103 mic\u0103 \u0219i suplimentelor alimentare definite de Legea 56\/2021. Tot TVA de 11% se va aplica pentru serviciile de alimentare cu ap\u0103 \u0219i de canalizare, livrarea apei pentru iriga\u021bii \u00een agricultur\u0103, livrarea de \u00eengr\u0103\u0219\u0103minte \u0219i pesticide \u00een agricultur\u0103, inclusiv cele chimice, semin\u021be \u0219i alte produse agricole destinate \u00eens\u0103m\u00e2n\u021b\u0103rii sau plant\u0103rii, precum \u0219i prest\u0103rile de servicii de tipul celor utilizate \u00een mod normal \u00een produc\u021bia agricol\u0103, prev\u0103zute prin ordin comun al ministrului finan\u021belor \u0219i al ministrului agriculturii \u0219i dezvolt\u0103rii rurale.<\/p>\n<p>O cot\u0103 de TVA de 11% se va aplica \u0219i \u00een cazul livr\u0103rii locuin\u021belor destinate a fi utilizate drept c\u0103mine de b\u0103tr\u00e2ni \u0219i de pensionari, case de copii \u0219i centre de recuperare \u0219i reabilitare pentru minori cu handicap, caz\u0103rii \u00een cadrul sectorului hotelier sau al sectoarelor cu func\u021bie similar\u0103, inclusiv \u00eenchirierii terenurilor amenajate pentru camping \u0219i serviciilor de restaurant \u0219i de catering, cu excep\u021bia b\u0103uturilor alcoolice, precum \u0219i a b\u0103uturilor nealcoolice care se \u00eencadreaz\u0103 la codul NC 2202.<\/p>\n<p>Cota redus\u0103 de TVA de 5% cre\u0219te la 11% pentru: livrarea de manuale \u0219colare, c\u0103r\u021bi, ziare \u0219i reviste, pe suport fizic \u0219i\/sau pe cale electronic\u0103, cu excep\u021bia celor care au, \u00een totalitate sau \u00een mod predominant, un con\u021binut video sau un con\u021binut muzical audio \u0219i a celor destinate exclusiv sau \u00een principal publicit\u0103\u021bii; serviciile const\u00e2nd \u00een permiterea accesului la castele, muzee, case memoriale, monumente istorice, monumente de arhitectur\u0103 \u0219i arheologice, gr\u0103dini zoologice \u0219i botanice; livrarea de lemn de foc c\u0103tre persoane fizice \u0219i juridice, \u00een condi\u021biile prev\u0103zute de lege; livrarea de energie termic\u0103 \u00een sezonul rece destinat\u0103 categoriilor de consumatori reglementa\u021bi specific \u00een lege.<\/p>\n<p>Pe de alt\u0103 parte, TVA se majoreaz\u0103 la cota standard de 21%, de la 9%, anterior, pentru livrarea de medicamente de uz veterinar \u0219i livrarea de plante \u0219i ingrediente utilizate \u00een prepararea alimentelor, semin\u021be, hran\u0103 pentru albine.<\/p>\n<p>Tot TVA de 21% se va aplica \u0219i pentru livrarea de locuin\u021be cu o suprafa\u021b\u0103 maxim\u0103 util\u0103 de 120 mp \u0219i a c\u0103ror valoare nu dep\u0103\u0219e\u0219te 600.000 lei. \u00cen context, consultan\u021bii PwC au explicat c\u0103, \u00een perioada 1 august 2025 &#8211; 31 iulie 2026, se poate men\u021bine cota redus\u0103 de 9% pentru livr\u0103rile de locuin\u021be care \u00eendeplinesc aceste caracteristici, cu \u00eendeplinirea urm\u0103toarelor condi\u021bii: contractul s\u0103 fie \u00eencheiat valabil p\u00e2n\u0103 la 1 august 2025 \u0219i s\u0103 prevad\u0103 plata unui avans (pentru contractele \u00eencheiate \u00een perioada 3 iulie &#8211; 31 iulie 2025 acest avans trebuie s\u0103 fie de 20%); locuin\u021ba s\u0103 fie livrat\u0103 p\u00e2n\u0103 la 31 iulie 2026 \u0219i s\u0103 poat\u0103 fi locuit\u0103 ca atare; persoana s\u0103 nu fi achizi\u021bionat alt\u0103 locuin\u021b\u0103 cu cot\u0103 redus\u0103 \u00eencep\u00e2nd cu 1 ianuarie 2023.<\/p>\n<p>Majorarea TVA la 21% se va aplica \u0219i \u00een cazul livr\u0103rii \u0219i instal\u0103rii de panouri fotovoltaice, panouri solare termice, pompe de c\u0103ldur\u0103 \u0219i alte sisteme de \u00eenc\u0103lzire de \u00eenalt\u0103 eficien\u021b\u0103, cu emisii sc\u0103zute, inclusiv a kiturilor de instalare, precum \u0219i a tuturor componentelor necesare achizi\u021bionate separat, destinate locuin\u021belor\/cl\u0103dirilor administra\u021biei publice centrale sau locale, cu excep\u021bia societ\u0103\u021bilor comerciale;<\/p>\n<p>\n***<br \/>\n<strong>Accizele armonizate cresc \u00een dou\u0103 etape<\/strong><\/p>\n<p>Vor cre\u0219te \u0219i accizele armonizate, \u00een dou\u0103 tran\u0219e, astfel: pentru alcool \u0219i b\u0103uturi alcoolice, cu 10% de la 1 august 2025, respectiv cu 10% de la 1 ianuarie 2026, pentru tutun prelucrat, cu 3% de la 1 august 2025, respectiv cu 3% de la 1 ianuarie 2026 \u0219i pentru benzine \u0219i motorine, cu 10% de la 1 august 2025, respectiv cu 10% de la 1 ianuarie 2026. Nivelul accizelor pentru benzine \u0219i motorine aplicabil \u00een 2026 nu se va mai actualiza cu indicele pre\u021burilor de consum, precizeaz\u0103 PwC.<\/p>\n<p>Pe de alt\u0103 parte, de la 1 august 2025 vor fi introduse accize asupra vinurilor lini\u0219tite, cidrului de mere \u0219i pere, respectiv hidromelului, iar de la 1 ianuarie 2026 nivelul accizelor asupra acestor produse va cre\u0219te cu 10%.<\/p>\n<p>Acciza specific\u0103 la \u021bigarete va cre\u0219te la 576,36 lei\/1.000 \u021bigarete pentru perioada 1 august 2025 &#8211; 31 martie 2026, o cre\u0219tere de 3% fa\u021b\u0103 de majorarea ini\u021bial\u0103 ce avusese deja loc la 1 aprilie 2025.<\/p>\n<p>***<br \/>\n<strong>Pensionarii vor pl\u0103ti contribu\u021bie de s\u0103n\u0103tate pentru pensii mai mari de 3.000 lei<\/strong><\/p>\n<p>Pentru pensionari, se introduce obliga\u021bia de plat\u0103 a contribu\u021biei de asigur\u0103ri sociale de s\u0103n\u0103tate (CASS) de 10% pentru veniturile din pensii, pentru partea ce dep\u0103\u0219e\u0219te suma lunar\u0103 de 3.000 lei, pentru fiecare drept de pensie. M\u0103sura se aplic\u0103 veniturilor aferente perioadei cuprinse \u00eentre 1 august 2025 \u0219i 31 decembrie 2027.<\/p>\n<p>De asemenea, vor pl\u0103ti contribu\u021bia de s\u0103n\u0103tate o serie de persoane asigurate, precum: so\u021bul, so\u021bia \u0219i p\u0103rin\u021bii f\u0103r\u0103 venituri proprii, afla\u021bi \u00een \u00eentre\u021binerea unei persoane asigurate; persoanele care beneficiaz\u0103 de indemniza\u021bie de \u0219omaj sau, dup\u0103 caz, de alte drepturi de protec\u021bie social\u0103 care se acord\u0103 din bugetul asigur\u0103rilor pentru \u0219omaj; persoanele care se afl\u0103 \u00een concediu de acomodare \u0219i cele aflate \u00een concediu pentru cre\u0219terea copilului; persoanele fizice care beneficiaz\u0103 de ajutor social; personalul monahal al cultelor recunoscute.<\/p>\n<p>Persoanele fizice care realizeaz\u0103 venituri pentru care se datoreaz\u0103 CASS pot opta pentru plata contribu\u021biei pentru persoanele aflate \u00een \u00eentre\u021binere. CASS se determin\u0103 prin aplicarea cotei de 10% asupra bazei de calcul, reprezent\u00e2nd valoarea a \u0219ase salarii de baz\u0103 minime brute pe \u021bar\u0103, \u00een vigoare la data de 1 ianuarie a anului \u00een care se exercit\u0103 op\u021biunea. Op\u021biunea se exercit\u0103 oric\u00e2nd \u00een cursul anului, prin depunerea Declara\u021biei unice privind impozitul pe venit \u0219i contribu\u021biile sociale datorate de persoanele fizice, iar plata se efectueaz\u0103 \u00een dou\u0103 tran\u0219e: 25% din CASS datorat\u0103, la data depunerii declara\u021biei unice \u0219i 75%, p\u00e2n\u0103 la data de 25 mai inclusiv a anului urm\u0103tor celui \u00een care s-a exercitat op\u021biunea.<\/p>\n<p>Pachetul fiscal modific\u0103 \u0219i completeaz\u0103 Ordonan\u021ba de urgen\u021b\u0103 a Guvernului nr. 158\/2005 privind concediile \u0219i indemniza\u021biile de asigur\u0103ri sociale de s\u0103n\u0103tate. Astfel, cuantumul brut lunar al indemniza\u021biei pentru incapacitate temporar\u0103 de munc\u0103 cauzat\u0103 de boli obi\u0219nuite sau de accidente \u00een afara muncii se determin\u0103 raportat la fiecare episod de boal\u0103, \u00een func\u021bie de durata concediului medical, prin aplicarea urm\u0103toarelor procentaje asupra bazei de calcul determinate potrivit legii: 55% pentru certificatele de concediu medical eliberate pentru o perioad\u0103 de p\u00e2n\u0103 la \u0219apte zile de incapacitate temporar\u0103 de munc\u0103; 65% pentru certificatele de concediu medical eliberate pentru o perioad\u0103 cuprins\u0103 \u00eentre opt \u0219i 14 zile de incapacitate temporar\u0103 de munc\u0103; 75% pentru certificatele de concediu medical eliberate pentru o perioad\u0103 de peste 15 zile de incapacitate temporar\u0103 de munc\u0103. AGERPRES\/(AS &#8211; redactor: Andreea Marinescu, editor: Nicoleta Gherasi, editor online: Alexandru Cojocaru)<br \/>\n<br \/>\nSursa articolului:<a href=\"https:\/\/agerpres.ro\/economic\/2025\/08\/01\/romania-va-intra-in-ultima-luna-de-vara-cu-preturi-mai-mari--1472819\" target=\"_blank\" rel=\"noopener\" title=\"\"> https:\/\/agerpres.ro\/economic\/2025\/08\/01\/romania-va-intra-in-ultima-luna-de-vara-cu-preturi-mai-mari&#8211;1472819<\/a><\/p>","protected":false},"excerpt":{"rendered":"<p>Rom\u00e2nia va intra \u00een ultima lun\u0103 de var\u0103 cu pre\u021buri mai mari la multe categorii de produse, \u00een urma major\u0103rii TVA \u0219i a accizelor, primele scumpiri anun\u021bate fiind la transportul feroviar \u0219i la comunica\u021bii. Pe de alt\u0103 parte, mai mul\u021bi retaileri au anun\u021bat c\u0103 blocheaz\u0103 pre\u021burile la o serie de produse sau c\u0103 aplic\u0103 reduceri&#8230;<\/p>","protected":false},"author":4,"featured_media":2804,"comment_status":"open","ping_status":"open","sticky":false,"template":"","format":"standard","meta":{"footnotes":""},"categories":[1],"tags":[],"class_list":["post-2803","post","type-post","status-publish","format-standard","has-post-thumbnail","hentry","category-uncategorized"],"yoast_head":"<!-- This site is optimized with the Yoast SEO plugin v26.1.1 - https:\/\/yoast.com\/wordpress\/plugins\/seo\/ -->\n<title>Rom\u00e2nia va intra \u00een ultima lun\u0103 de var\u0103 cu pre\u021buri mai mari - Carpathia Center Romania<\/title>\n<meta name=\"robots\" content=\"index, follow, max-snippet:-1, max-image-preview:large, max-video-preview:-1\" \/>\n<link rel=\"canonical\" href=\"https:\/\/carpathiacenter.ro\/en\/romania-va-intra-in-ultima-luna-de-vara-cu-preturi-mai-mari\/\" \/>\n<meta property=\"og:locale\" content=\"en_GB\" \/>\n<meta property=\"og:type\" content=\"article\" \/>\n<meta property=\"og:title\" content=\"Rom\u00e2nia va intra \u00een ultima lun\u0103 de var\u0103 cu pre\u021buri mai mari - Carpathia Center Romania\" \/>\n<meta property=\"og:description\" content=\"Rom\u00e2nia va intra \u00een ultima lun\u0103 de var\u0103 cu pre\u021buri mai mari la multe categorii de produse, \u00een urma major\u0103rii TVA \u0219i a accizelor, primele scumpiri anun\u021bate fiind la transportul feroviar \u0219i la comunica\u021bii. Pe de alt\u0103 parte, mai mul\u021bi retaileri au anun\u021bat c\u0103 blocheaz\u0103 pre\u021burile la o serie de produse sau c\u0103 aplic\u0103 reduceri...\" \/>\n<meta property=\"og:url\" content=\"https:\/\/carpathiacenter.ro\/en\/romania-va-intra-in-ultima-luna-de-vara-cu-preturi-mai-mari\/\" \/>\n<meta property=\"og:site_name\" content=\"Carpathia Center Romania\" \/>\n<meta property=\"article:publisher\" content=\"https:\/\/www.facebook.com\/fdpscarpathia\/\" \/>\n<meta property=\"article:published_time\" content=\"2025-08-01T10:44:20+00:00\" \/>\n<meta property=\"og:image\" content=\"https:\/\/carpathiacenter.ro\/wp-content\/uploads\/2025\/08\/taxe-bani.jpeg\" \/>\n\t<meta property=\"og:image:width\" content=\"1280\" \/>\n\t<meta property=\"og:image:height\" content=\"720\" \/>\n\t<meta property=\"og:image:type\" content=\"image\/jpeg\" \/>\n<meta name=\"author\" content=\"creativebitsolutions\" \/>\n<meta name=\"twitter:card\" content=\"summary_large_image\" \/>\n<meta name=\"twitter:label1\" content=\"Written by\" \/>\n\t<meta name=\"twitter:data1\" content=\"creativebitsolutions\" \/>\n\t<meta name=\"twitter:label2\" content=\"Estimated reading time\" \/>\n\t<meta name=\"twitter:data2\" content=\"9 minutes\" \/>\n<script type=\"application\/ld+json\" class=\"yoast-schema-graph\">{\"@context\":\"https:\/\/schema.org\",\"@graph\":[{\"@type\":\"Article\",\"@id\":\"https:\/\/carpathiacenter.ro\/romania-va-intra-in-ultima-luna-de-vara-cu-preturi-mai-mari\/#article\",\"isPartOf\":{\"@id\":\"https:\/\/carpathiacenter.ro\/romania-va-intra-in-ultima-luna-de-vara-cu-preturi-mai-mari\/\"},\"author\":{\"name\":\"creativebitsolutions\",\"@id\":\"https:\/\/carpathiacenter.ro\/#\/schema\/person\/03d9f58202fee8379268f34afa195006\"},\"headline\":\"Rom\u00e2nia va intra \u00een ultima lun\u0103 de var\u0103 cu pre\u021buri mai mari\",\"datePublished\":\"2025-08-01T10:44:20+00:00\",\"mainEntityOfPage\":{\"@id\":\"https:\/\/carpathiacenter.ro\/romania-va-intra-in-ultima-luna-de-vara-cu-preturi-mai-mari\/\"},\"wordCount\":1858,\"commentCount\":0,\"publisher\":{\"@id\":\"https:\/\/carpathiacenter.ro\/#organization\"},\"image\":{\"@id\":\"https:\/\/carpathiacenter.ro\/romania-va-intra-in-ultima-luna-de-vara-cu-preturi-mai-mari\/#primaryimage\"},\"thumbnailUrl\":\"https:\/\/carpathiacenter.ro\/wp-content\/uploads\/2025\/08\/taxe-bani.jpeg\",\"articleSection\":[\"Uncategorized\"],\"inLanguage\":\"en-GB\",\"potentialAction\":[{\"@type\":\"CommentAction\",\"name\":\"Comment\",\"target\":[\"https:\/\/carpathiacenter.ro\/romania-va-intra-in-ultima-luna-de-vara-cu-preturi-mai-mari\/#respond\"]}]},{\"@type\":\"WebPage\",\"@id\":\"https:\/\/carpathiacenter.ro\/romania-va-intra-in-ultima-luna-de-vara-cu-preturi-mai-mari\/\",\"url\":\"https:\/\/carpathiacenter.ro\/romania-va-intra-in-ultima-luna-de-vara-cu-preturi-mai-mari\/\",\"name\":\"Rom\u00e2nia va intra \u00een ultima lun\u0103 de var\u0103 cu pre\u021buri mai mari - Carpathia Center Romania\",\"isPartOf\":{\"@id\":\"https:\/\/carpathiacenter.ro\/#website\"},\"primaryImageOfPage\":{\"@id\":\"https:\/\/carpathiacenter.ro\/romania-va-intra-in-ultima-luna-de-vara-cu-preturi-mai-mari\/#primaryimage\"},\"image\":{\"@id\":\"https:\/\/carpathiacenter.ro\/romania-va-intra-in-ultima-luna-de-vara-cu-preturi-mai-mari\/#primaryimage\"},\"thumbnailUrl\":\"https:\/\/carpathiacenter.ro\/wp-content\/uploads\/2025\/08\/taxe-bani.jpeg\",\"datePublished\":\"2025-08-01T10:44:20+00:00\",\"breadcrumb\":{\"@id\":\"https:\/\/carpathiacenter.ro\/romania-va-intra-in-ultima-luna-de-vara-cu-preturi-mai-mari\/#breadcrumb\"},\"inLanguage\":\"en-GB\",\"potentialAction\":[{\"@type\":\"ReadAction\",\"target\":[\"https:\/\/carpathiacenter.ro\/romania-va-intra-in-ultima-luna-de-vara-cu-preturi-mai-mari\/\"]}]},{\"@type\":\"ImageObject\",\"inLanguage\":\"en-GB\",\"@id\":\"https:\/\/carpathiacenter.ro\/romania-va-intra-in-ultima-luna-de-vara-cu-preturi-mai-mari\/#primaryimage\",\"url\":\"https:\/\/carpathiacenter.ro\/wp-content\/uploads\/2025\/08\/taxe-bani.jpeg\",\"contentUrl\":\"https:\/\/carpathiacenter.ro\/wp-content\/uploads\/2025\/08\/taxe-bani.jpeg\",\"width\":1280,\"height\":720},{\"@type\":\"BreadcrumbList\",\"@id\":\"https:\/\/carpathiacenter.ro\/romania-va-intra-in-ultima-luna-de-vara-cu-preturi-mai-mari\/#breadcrumb\",\"itemListElement\":[{\"@type\":\"ListItem\",\"position\":1,\"name\":\"Prima pagin\u0103\",\"item\":\"https:\/\/carpathiacenter.ro\/\"},{\"@type\":\"ListItem\",\"position\":2,\"name\":\"Rom\u00e2nia va intra \u00een ultima lun\u0103 de var\u0103 cu pre\u021buri mai mari\"}]},{\"@type\":\"WebSite\",\"@id\":\"https:\/\/carpathiacenter.ro\/#website\",\"url\":\"https:\/\/carpathiacenter.ro\/\",\"name\":\"Carpathia Center Romania\",\"description\":\"Impossible made possible!\",\"publisher\":{\"@id\":\"https:\/\/carpathiacenter.ro\/#organization\"},\"potentialAction\":[{\"@type\":\"SearchAction\",\"target\":{\"@type\":\"EntryPoint\",\"urlTemplate\":\"https:\/\/carpathiacenter.ro\/?s={search_term_string}\"},\"query-input\":{\"@type\":\"PropertyValueSpecification\",\"valueRequired\":true,\"valueName\":\"search_term_string\"}}],\"inLanguage\":\"en-GB\"},{\"@type\":\"Organization\",\"@id\":\"https:\/\/carpathiacenter.ro\/#organization\",\"name\":\"Carpathia Center Romania\",\"url\":\"https:\/\/carpathiacenter.ro\/\",\"logo\":{\"@type\":\"ImageObject\",\"inLanguage\":\"en-GB\",\"@id\":\"https:\/\/carpathiacenter.ro\/#\/schema\/logo\/image\/\",\"url\":\"https:\/\/carpathiacenter.ro\/wp-content\/uploads\/2024\/07\/logo-carpathia_bg_white-1024x941.png\",\"contentUrl\":\"https:\/\/carpathiacenter.ro\/wp-content\/uploads\/2024\/07\/logo-carpathia_bg_white-1024x941.png\",\"width\":1024,\"height\":941,\"caption\":\"Carpathia Center Romania\"},\"image\":{\"@id\":\"https:\/\/carpathiacenter.ro\/#\/schema\/logo\/image\/\"},\"sameAs\":[\"https:\/\/www.facebook.com\/fdpscarpathia\/\"]},{\"@type\":\"Person\",\"@id\":\"https:\/\/carpathiacenter.ro\/#\/schema\/person\/03d9f58202fee8379268f34afa195006\",\"name\":\"creativebitsolutions\",\"image\":{\"@type\":\"ImageObject\",\"inLanguage\":\"en-GB\",\"@id\":\"https:\/\/carpathiacenter.ro\/#\/schema\/person\/image\/\",\"url\":\"https:\/\/secure.gravatar.com\/avatar\/1b1a13e37f847c635dab78348f1dff2f07651ee2a3d77a5c355a4b8c75f9165a?s=96&d=mm&r=g\",\"contentUrl\":\"https:\/\/secure.gravatar.com\/avatar\/1b1a13e37f847c635dab78348f1dff2f07651ee2a3d77a5c355a4b8c75f9165a?s=96&d=mm&r=g\",\"caption\":\"creativebitsolutions\"},\"url\":\"https:\/\/carpathiacenter.ro\/en\/author\/creativebitsolutions\/\"}]}<\/script>\n<!-- \/ Yoast SEO plugin. -->","yoast_head_json":{"title":"Rom\u00e2nia va intra \u00een ultima lun\u0103 de var\u0103 cu pre\u021buri mai mari - Carpathia Center Romania","robots":{"index":"index","follow":"follow","max-snippet":"max-snippet:-1","max-image-preview":"max-image-preview:large","max-video-preview":"max-video-preview:-1"},"canonical":"https:\/\/carpathiacenter.ro\/en\/romania-va-intra-in-ultima-luna-de-vara-cu-preturi-mai-mari\/","og_locale":"en_GB","og_type":"article","og_title":"Rom\u00e2nia va intra \u00een ultima lun\u0103 de var\u0103 cu pre\u021buri mai mari - Carpathia Center Romania","og_description":"Rom\u00e2nia va intra \u00een ultima lun\u0103 de var\u0103 cu pre\u021buri mai mari la multe categorii de produse, \u00een urma major\u0103rii TVA \u0219i a accizelor, primele scumpiri anun\u021bate fiind la transportul feroviar \u0219i la comunica\u021bii. Pe de alt\u0103 parte, mai mul\u021bi retaileri au anun\u021bat c\u0103 blocheaz\u0103 pre\u021burile la o serie de produse sau c\u0103 aplic\u0103 reduceri...","og_url":"https:\/\/carpathiacenter.ro\/en\/romania-va-intra-in-ultima-luna-de-vara-cu-preturi-mai-mari\/","og_site_name":"Carpathia Center Romania","article_publisher":"https:\/\/www.facebook.com\/fdpscarpathia\/","article_published_time":"2025-08-01T10:44:20+00:00","og_image":[{"width":1280,"height":720,"url":"https:\/\/carpathiacenter.ro\/wp-content\/uploads\/2025\/08\/taxe-bani.jpeg","type":"image\/jpeg"}],"author":"creativebitsolutions","twitter_card":"summary_large_image","twitter_misc":{"Written by":"creativebitsolutions","Estimated reading time":"9 minutes"},"schema":{"@context":"https:\/\/schema.org","@graph":[{"@type":"Article","@id":"https:\/\/carpathiacenter.ro\/romania-va-intra-in-ultima-luna-de-vara-cu-preturi-mai-mari\/#article","isPartOf":{"@id":"https:\/\/carpathiacenter.ro\/romania-va-intra-in-ultima-luna-de-vara-cu-preturi-mai-mari\/"},"author":{"name":"creativebitsolutions","@id":"https:\/\/carpathiacenter.ro\/#\/schema\/person\/03d9f58202fee8379268f34afa195006"},"headline":"Rom\u00e2nia va intra \u00een ultima lun\u0103 de var\u0103 cu pre\u021buri mai mari","datePublished":"2025-08-01T10:44:20+00:00","mainEntityOfPage":{"@id":"https:\/\/carpathiacenter.ro\/romania-va-intra-in-ultima-luna-de-vara-cu-preturi-mai-mari\/"},"wordCount":1858,"commentCount":0,"publisher":{"@id":"https:\/\/carpathiacenter.ro\/#organization"},"image":{"@id":"https:\/\/carpathiacenter.ro\/romania-va-intra-in-ultima-luna-de-vara-cu-preturi-mai-mari\/#primaryimage"},"thumbnailUrl":"https:\/\/carpathiacenter.ro\/wp-content\/uploads\/2025\/08\/taxe-bani.jpeg","articleSection":["Uncategorized"],"inLanguage":"en-GB","potentialAction":[{"@type":"CommentAction","name":"Comment","target":["https:\/\/carpathiacenter.ro\/romania-va-intra-in-ultima-luna-de-vara-cu-preturi-mai-mari\/#respond"]}]},{"@type":"WebPage","@id":"https:\/\/carpathiacenter.ro\/romania-va-intra-in-ultima-luna-de-vara-cu-preturi-mai-mari\/","url":"https:\/\/carpathiacenter.ro\/romania-va-intra-in-ultima-luna-de-vara-cu-preturi-mai-mari\/","name":"Rom\u00e2nia va intra \u00een ultima lun\u0103 de var\u0103 cu pre\u021buri mai mari - Carpathia Center Romania","isPartOf":{"@id":"https:\/\/carpathiacenter.ro\/#website"},"primaryImageOfPage":{"@id":"https:\/\/carpathiacenter.ro\/romania-va-intra-in-ultima-luna-de-vara-cu-preturi-mai-mari\/#primaryimage"},"image":{"@id":"https:\/\/carpathiacenter.ro\/romania-va-intra-in-ultima-luna-de-vara-cu-preturi-mai-mari\/#primaryimage"},"thumbnailUrl":"https:\/\/carpathiacenter.ro\/wp-content\/uploads\/2025\/08\/taxe-bani.jpeg","datePublished":"2025-08-01T10:44:20+00:00","breadcrumb":{"@id":"https:\/\/carpathiacenter.ro\/romania-va-intra-in-ultima-luna-de-vara-cu-preturi-mai-mari\/#breadcrumb"},"inLanguage":"en-GB","potentialAction":[{"@type":"ReadAction","target":["https:\/\/carpathiacenter.ro\/romania-va-intra-in-ultima-luna-de-vara-cu-preturi-mai-mari\/"]}]},{"@type":"ImageObject","inLanguage":"en-GB","@id":"https:\/\/carpathiacenter.ro\/romania-va-intra-in-ultima-luna-de-vara-cu-preturi-mai-mari\/#primaryimage","url":"https:\/\/carpathiacenter.ro\/wp-content\/uploads\/2025\/08\/taxe-bani.jpeg","contentUrl":"https:\/\/carpathiacenter.ro\/wp-content\/uploads\/2025\/08\/taxe-bani.jpeg","width":1280,"height":720},{"@type":"BreadcrumbList","@id":"https:\/\/carpathiacenter.ro\/romania-va-intra-in-ultima-luna-de-vara-cu-preturi-mai-mari\/#breadcrumb","itemListElement":[{"@type":"ListItem","position":1,"name":"Prima pagin\u0103","item":"https:\/\/carpathiacenter.ro\/"},{"@type":"ListItem","position":2,"name":"Rom\u00e2nia va intra \u00een ultima lun\u0103 de var\u0103 cu pre\u021buri mai mari"}]},{"@type":"WebSite","@id":"https:\/\/carpathiacenter.ro\/#website","url":"https:\/\/carpathiacenter.ro\/","name":"Carpathia Center Romania","description":"Impossible made possible!","publisher":{"@id":"https:\/\/carpathiacenter.ro\/#organization"},"potentialAction":[{"@type":"SearchAction","target":{"@type":"EntryPoint","urlTemplate":"https:\/\/carpathiacenter.ro\/?s={search_term_string}"},"query-input":{"@type":"PropertyValueSpecification","valueRequired":true,"valueName":"search_term_string"}}],"inLanguage":"en-GB"},{"@type":"Organization","@id":"https:\/\/carpathiacenter.ro\/#organization","name":"Carpathia Center Romania","url":"https:\/\/carpathiacenter.ro\/","logo":{"@type":"ImageObject","inLanguage":"en-GB","@id":"https:\/\/carpathiacenter.ro\/#\/schema\/logo\/image\/","url":"https:\/\/carpathiacenter.ro\/wp-content\/uploads\/2024\/07\/logo-carpathia_bg_white-1024x941.png","contentUrl":"https:\/\/carpathiacenter.ro\/wp-content\/uploads\/2024\/07\/logo-carpathia_bg_white-1024x941.png","width":1024,"height":941,"caption":"Carpathia Center Romania"},"image":{"@id":"https:\/\/carpathiacenter.ro\/#\/schema\/logo\/image\/"},"sameAs":["https:\/\/www.facebook.com\/fdpscarpathia\/"]},{"@type":"Person","@id":"https:\/\/carpathiacenter.ro\/#\/schema\/person\/03d9f58202fee8379268f34afa195006","name":"creativebitsolutions","image":{"@type":"ImageObject","inLanguage":"en-GB","@id":"https:\/\/carpathiacenter.ro\/#\/schema\/person\/image\/","url":"https:\/\/secure.gravatar.com\/avatar\/1b1a13e37f847c635dab78348f1dff2f07651ee2a3d77a5c355a4b8c75f9165a?s=96&d=mm&r=g","contentUrl":"https:\/\/secure.gravatar.com\/avatar\/1b1a13e37f847c635dab78348f1dff2f07651ee2a3d77a5c355a4b8c75f9165a?s=96&d=mm&r=g","caption":"creativebitsolutions"},"url":"https:\/\/carpathiacenter.ro\/en\/author\/creativebitsolutions\/"}]}},"_links":{"self":[{"href":"https:\/\/carpathiacenter.ro\/en\/wp-json\/wp\/v2\/posts\/2803","targetHints":{"allow":["GET"]}}],"collection":[{"href":"https:\/\/carpathiacenter.ro\/en\/wp-json\/wp\/v2\/posts"}],"about":[{"href":"https:\/\/carpathiacenter.ro\/en\/wp-json\/wp\/v2\/types\/post"}],"author":[{"embeddable":true,"href":"https:\/\/carpathiacenter.ro\/en\/wp-json\/wp\/v2\/users\/4"}],"replies":[{"embeddable":true,"href":"https:\/\/carpathiacenter.ro\/en\/wp-json\/wp\/v2\/comments?post=2803"}],"version-history":[{"count":1,"href":"https:\/\/carpathiacenter.ro\/en\/wp-json\/wp\/v2\/posts\/2803\/revisions"}],"predecessor-version":[{"id":2806,"href":"https:\/\/carpathiacenter.ro\/en\/wp-json\/wp\/v2\/posts\/2803\/revisions\/2806"}],"wp:featuredmedia":[{"embeddable":true,"href":"https:\/\/carpathiacenter.ro\/en\/wp-json\/wp\/v2\/media\/2804"}],"wp:attachment":[{"href":"https:\/\/carpathiacenter.ro\/en\/wp-json\/wp\/v2\/media?parent=2803"}],"wp:term":[{"taxonomy":"category","embeddable":true,"href":"https:\/\/carpathiacenter.ro\/en\/wp-json\/wp\/v2\/categories?post=2803"},{"taxonomy":"post_tag","embeddable":true,"href":"https:\/\/carpathiacenter.ro\/en\/wp-json\/wp\/v2\/tags?post=2803"}],"curies":[{"name":"wp","href":"https:\/\/api.w.org\/{rel}","templated":true}]}}