{"id":2796,"date":"2025-07-31T13:11:19","date_gmt":"2025-07-31T13:11:19","guid":{"rendered":"https:\/\/carpathiacenter.ro\/?p=2796"},"modified":"2025-07-31T13:11:19","modified_gmt":"2025-07-31T13:11:19","slug":"alfred-simonis-am-gasit-echilibru-si-deschidere-din-partea-premierului-si-a-ministrilor-cu-privire-la-investitii","status":"publish","type":"post","link":"https:\/\/carpathiacenter.ro\/en\/alfred-simonis-am-gasit-echilibru-si-deschidere-din-partea-premierului-si-a-ministrilor-cu-privire-la-investitii\/","title":{"rendered":"Alfred Simonis: Am g\u0103sit echilibru \u0219i deschidere din partea premierului \u0219i a mini\u0219trilor cu privire la investi\u021bii"},"content":{"rendered":"<p>Pre\u0219edintele Consiliului Jude\u021bean Timi\u0219, Alfred Simonis, a declarat miercuri c\u0103 a g\u0103sit &#8216;echilibru \u0219i deschidere&#8217; din partea premierului \u0219i a mini\u0219trilor de resort cu privire la investi\u021bii, iar \u00een urm\u0103toarele dou\u0103 s\u0103pt\u0103m\u00e2ni se va face o analiz\u0103 pentru a vedea cum pot fi suplimenta\u021bi banii pentru a continua marile investi\u021bii din Rom\u00e2nia.<\/p>\n<p>Social-democratul Simonis a participat la o \u00eent\u00e2lnire cu ceilal\u021bi pre\u0219edin\u021bi de consilii jude\u021bene, cu premierul Ilie Bolojan \u0219i cu mini\u0219trii Dezvolt\u0103rii, Muncii \u0219i Agriculturii.<\/p>\n<p>&#8216;Am discutat aspectele care au fost puse \u00een transparen\u021b\u0103 prin ordonan\u021ba care \u00ee\u0219i dore\u0219te sistarea anumitor investi\u021bii, am discutat \u0219i despre pachetul 2, care urmeaz\u0103 s\u0103 fie adoptat \u00een luna august. A fost o discu\u021bie extrem de constructiv\u0103, o discu\u021bie deloc contondent\u0103 \u0219i o discu\u021bie \u00een care s-au c\u0103utat solu\u021bii. Am venit cu argumente, am transmis, din punctul de vedere al Uniunii Consiliilor Jude\u021bene, premierului \u0219i Guvernului faptul c\u0103 investi\u021biile nu pot fi oprite de pe o zi pe alta toate, a\u0219a cum s-a dorit ini\u021bial. Am g\u0103sit echilibru \u0219i deschidere din partea premierului \u0219i a mini\u0219trilor de resort. Am r\u0103mas la concluzia c\u0103 \u00een urm\u0103toarele dou\u0103 s\u0103pt\u0103m\u00e2ni analiz\u0103m, vedem care sunt economiile care pot fi f\u0103cute de pe alte ministere, cum se pot suplimenta banii pentru a continua marile investi\u021bii din Rom\u00e2nia&#8217;, a spus Simonis dup\u0103 \u00eent\u00e2lnire.<\/p>\n<p><strong>El a ad\u0103ugat c\u0103 acolo unde exist\u0103 re\u021bele de gaze sau de canal, asfalt\u0103ri de drumuri \u0219i proiectele au \u00eenceput, ele nu pot fi pur \u0219i simplu abandonate, pentru c\u0103 reluarea lor peste un an sau doi ar \u00eensemna cheltuieli suplimentare pentru statul rom\u00e2n.<\/strong><\/p>\n<p>&#8216;Am transmis Guvernului \u00eengrijor\u0103rile noastre cu privire la faptul c\u0103 oprirea investi\u021biilor ar genera ni\u0219te consecin\u021be din punct de vedere fiscal pentru Rom\u00e2nia \u0219i o \u00eencetinire a motorului economiei rom\u00e2ne\u0219ti, probleme pentru companiile rom\u00e2ne\u0219ti, probleme pentru angaja\u021bii acestor companii, eventuale litigii \u00eentre societ\u0103\u021bile respective \u0219i prim\u0103rii, consilii jude\u021bene. Am transmis de asemenea \u00eempreun\u0103 cu colegii mei, \u0219i decizia a fost unanim\u0103, nu a avut culoare politic\u0103, faptul c\u0103 exist\u0103 necesitatea unor prioritiz\u0103ri ale acestor investi\u021bii. Exist\u0103 tronsoane de drumuri care sunt interconectate cu proiecte pe fonduri europene \u0219i nefinalizarea tronsonului respectiv atrage de la sine pierderea \u00eentregii finan\u021b\u0103ri din fonduri europene. \u00cen urm\u0103toarele s\u0103pt\u0103m\u00e2ni vom analiza fiecare situa\u021bie \u00een parte, fiecare jude\u021b \u0219i \u00een\u021beleg\u00e2nd constr\u00e2ngerile bugetare, \u00een\u021beleg\u00e2nd nevoia de a face economii, \u00een\u021beleg\u00e2nd nevoia de a ne \u00eencadra \u00eentr-un deficit \u0219i de a mai reduce din tura\u021bie, proiectele nu pot fi oprite, eventual pot fi dezvoltate mai lent&#8217;, a men\u021bionat acesta.<\/p>\n<p>Simonis a afirmat c\u0103 lucr\u0103rile pentru stadioane, la care autorit\u0103\u021bile locale contribuie cu 20%, pot fi continuate, iar la Timi\u0219oara exist\u0103 un astfel de caz. AGERPRES\/(A &#8211; redactor: Dana Piciu, editor: Florin Marin, editor online: Adrian D\u0103d\u00e2rlat)<br \/>\n<br \/>\nSursa articolului:<a href=\"https:\/\/agerpres.ro\/politic\/2025\/07\/30\/alfred-simonis-am-gasit-echilibru-si-deschidere-din-partea-premierului-si-a-ministrilor-cu-privire-l--1472467\" target=\"_blank\" rel=\"noopener\" title=\"\">https:\/\/agerpres.ro\/politic\/2025\/07\/30\/alfred-simonis-am-gasit-echilibru-si-deschidere-din-partea-premierului-si-a-ministrilor-cu-privire-l&#8211;1472467<\/a><\/p>","protected":false},"excerpt":{"rendered":"<p>Pre\u0219edintele Consiliului Jude\u021bean Timi\u0219, Alfred Simonis, a declarat miercuri c\u0103 a g\u0103sit &#8216;echilibru \u0219i deschidere&#8217; din partea premierului \u0219i a mini\u0219trilor de resort cu privire la investi\u021bii, iar \u00een urm\u0103toarele dou\u0103 s\u0103pt\u0103m\u00e2ni se va face o analiz\u0103 pentru a vedea cum pot fi suplimenta\u021bi banii pentru a continua marile investi\u021bii din Rom\u00e2nia. Social-democratul Simonis a&#8230;<\/p>","protected":false},"author":4,"featured_media":2797,"comment_status":"open","ping_status":"open","sticky":false,"template":"","format":"standard","meta":{"footnotes":""},"categories":[1],"tags":[],"class_list":["post-2796","post","type-post","status-publish","format-standard","has-post-thumbnail","hentry","category-uncategorized"],"yoast_head":"<!-- This site is optimized with the Yoast SEO plugin v26.1.1 - https:\/\/yoast.com\/wordpress\/plugins\/seo\/ -->\n<title>Alfred Simonis: Am g\u0103sit echilibru \u0219i deschidere din partea premierului \u0219i a mini\u0219trilor cu privire la investi\u021bii - Carpathia Center Romania<\/title>\n<meta name=\"robots\" content=\"index, follow, max-snippet:-1, max-image-preview:large, max-video-preview:-1\" \/>\n<link rel=\"canonical\" href=\"https:\/\/carpathiacenter.ro\/en\/alfred-simonis-am-gasit-echilibru-si-deschidere-din-partea-premierului-si-a-ministrilor-cu-privire-la-investitii\/\" \/>\n<meta property=\"og:locale\" content=\"en_GB\" \/>\n<meta property=\"og:type\" content=\"article\" \/>\n<meta property=\"og:title\" content=\"Alfred Simonis: Am g\u0103sit echilibru \u0219i deschidere din partea premierului \u0219i a mini\u0219trilor cu privire la investi\u021bii - Carpathia Center Romania\" \/>\n<meta property=\"og:description\" content=\"Pre\u0219edintele Consiliului Jude\u021bean Timi\u0219, Alfred Simonis, a declarat miercuri c\u0103 a g\u0103sit &#8216;echilibru \u0219i deschidere&#8217; din partea premierului \u0219i a mini\u0219trilor de resort cu privire la investi\u021bii, iar \u00een urm\u0103toarele dou\u0103 s\u0103pt\u0103m\u00e2ni se va face o analiz\u0103 pentru a vedea cum pot fi suplimenta\u021bi banii pentru a continua marile investi\u021bii din Rom\u00e2nia. Social-democratul Simonis a...\" \/>\n<meta property=\"og:url\" content=\"https:\/\/carpathiacenter.ro\/en\/alfred-simonis-am-gasit-echilibru-si-deschidere-din-partea-premierului-si-a-ministrilor-cu-privire-la-investitii\/\" \/>\n<meta property=\"og:site_name\" content=\"Carpathia Center Romania\" \/>\n<meta property=\"article:publisher\" content=\"https:\/\/www.facebook.com\/fdpscarpathia\/\" \/>\n<meta property=\"article:published_time\" content=\"2025-07-31T13:11:19+00:00\" \/>\n<meta property=\"og:image\" content=\"https:\/\/carpathiacenter.ro\/wp-content\/uploads\/2025\/07\/Alfred-Simonis.jpeg\" \/>\n\t<meta property=\"og:image:width\" content=\"1200\" \/>\n\t<meta property=\"og:image:height\" content=\"800\" \/>\n\t<meta property=\"og:image:type\" content=\"image\/jpeg\" \/>\n<meta name=\"author\" content=\"creativebitsolutions\" \/>\n<meta name=\"twitter:card\" content=\"summary_large_image\" \/>\n<meta name=\"twitter:label1\" content=\"Written by\" \/>\n\t<meta name=\"twitter:data1\" content=\"creativebitsolutions\" \/>\n\t<meta name=\"twitter:label2\" content=\"Estimated reading time\" \/>\n\t<meta name=\"twitter:data2\" content=\"3 minutes\" \/>\n<script type=\"application\/ld+json\" class=\"yoast-schema-graph\">{\"@context\":\"https:\/\/schema.org\",\"@graph\":[{\"@type\":\"Article\",\"@id\":\"https:\/\/carpathiacenter.ro\/alfred-simonis-am-gasit-echilibru-si-deschidere-din-partea-premierului-si-a-ministrilor-cu-privire-la-investitii\/#article\",\"isPartOf\":{\"@id\":\"https:\/\/carpathiacenter.ro\/alfred-simonis-am-gasit-echilibru-si-deschidere-din-partea-premierului-si-a-ministrilor-cu-privire-la-investitii\/\"},\"author\":{\"name\":\"creativebitsolutions\",\"@id\":\"https:\/\/carpathiacenter.ro\/#\/schema\/person\/03d9f58202fee8379268f34afa195006\"},\"headline\":\"Alfred Simonis: Am g\u0103sit echilibru \u0219i deschidere din partea premierului \u0219i a mini\u0219trilor cu privire la investi\u021bii\",\"datePublished\":\"2025-07-31T13:11:19+00:00\",\"mainEntityOfPage\":{\"@id\":\"https:\/\/carpathiacenter.ro\/alfred-simonis-am-gasit-echilibru-si-deschidere-din-partea-premierului-si-a-ministrilor-cu-privire-la-investitii\/\"},\"wordCount\":554,\"commentCount\":0,\"publisher\":{\"@id\":\"https:\/\/carpathiacenter.ro\/#organization\"},\"image\":{\"@id\":\"https:\/\/carpathiacenter.ro\/alfred-simonis-am-gasit-echilibru-si-deschidere-din-partea-premierului-si-a-ministrilor-cu-privire-la-investitii\/#primaryimage\"},\"thumbnailUrl\":\"https:\/\/carpathiacenter.ro\/wp-content\/uploads\/2025\/07\/Alfred-Simonis.jpeg\",\"articleSection\":[\"Uncategorized\"],\"inLanguage\":\"en-GB\",\"potentialAction\":[{\"@type\":\"CommentAction\",\"name\":\"Comment\",\"target\":[\"https:\/\/carpathiacenter.ro\/alfred-simonis-am-gasit-echilibru-si-deschidere-din-partea-premierului-si-a-ministrilor-cu-privire-la-investitii\/#respond\"]}]},{\"@type\":\"WebPage\",\"@id\":\"https:\/\/carpathiacenter.ro\/alfred-simonis-am-gasit-echilibru-si-deschidere-din-partea-premierului-si-a-ministrilor-cu-privire-la-investitii\/\",\"url\":\"https:\/\/carpathiacenter.ro\/alfred-simonis-am-gasit-echilibru-si-deschidere-din-partea-premierului-si-a-ministrilor-cu-privire-la-investitii\/\",\"name\":\"Alfred Simonis: Am g\u0103sit echilibru \u0219i deschidere din partea premierului \u0219i a mini\u0219trilor cu privire la investi\u021bii - Carpathia Center Romania\",\"isPartOf\":{\"@id\":\"https:\/\/carpathiacenter.ro\/#website\"},\"primaryImageOfPage\":{\"@id\":\"https:\/\/carpathiacenter.ro\/alfred-simonis-am-gasit-echilibru-si-deschidere-din-partea-premierului-si-a-ministrilor-cu-privire-la-investitii\/#primaryimage\"},\"image\":{\"@id\":\"https:\/\/carpathiacenter.ro\/alfred-simonis-am-gasit-echilibru-si-deschidere-din-partea-premierului-si-a-ministrilor-cu-privire-la-investitii\/#primaryimage\"},\"thumbnailUrl\":\"https:\/\/carpathiacenter.ro\/wp-content\/uploads\/2025\/07\/Alfred-Simonis.jpeg\",\"datePublished\":\"2025-07-31T13:11:19+00:00\",\"breadcrumb\":{\"@id\":\"https:\/\/carpathiacenter.ro\/alfred-simonis-am-gasit-echilibru-si-deschidere-din-partea-premierului-si-a-ministrilor-cu-privire-la-investitii\/#breadcrumb\"},\"inLanguage\":\"en-GB\",\"potentialAction\":[{\"@type\":\"ReadAction\",\"target\":[\"https:\/\/carpathiacenter.ro\/alfred-simonis-am-gasit-echilibru-si-deschidere-din-partea-premierului-si-a-ministrilor-cu-privire-la-investitii\/\"]}]},{\"@type\":\"ImageObject\",\"inLanguage\":\"en-GB\",\"@id\":\"https:\/\/carpathiacenter.ro\/alfred-simonis-am-gasit-echilibru-si-deschidere-din-partea-premierului-si-a-ministrilor-cu-privire-la-investitii\/#primaryimage\",\"url\":\"https:\/\/carpathiacenter.ro\/wp-content\/uploads\/2025\/07\/Alfred-Simonis.jpeg\",\"contentUrl\":\"https:\/\/carpathiacenter.ro\/wp-content\/uploads\/2025\/07\/Alfred-Simonis.jpeg\",\"width\":1200,\"height\":800},{\"@type\":\"BreadcrumbList\",\"@id\":\"https:\/\/carpathiacenter.ro\/alfred-simonis-am-gasit-echilibru-si-deschidere-din-partea-premierului-si-a-ministrilor-cu-privire-la-investitii\/#breadcrumb\",\"itemListElement\":[{\"@type\":\"ListItem\",\"position\":1,\"name\":\"Prima pagin\u0103\",\"item\":\"https:\/\/carpathiacenter.ro\/\"},{\"@type\":\"ListItem\",\"position\":2,\"name\":\"Alfred Simonis: Am g\u0103sit echilibru \u0219i deschidere din partea premierului \u0219i a mini\u0219trilor cu privire la investi\u021bii\"}]},{\"@type\":\"WebSite\",\"@id\":\"https:\/\/carpathiacenter.ro\/#website\",\"url\":\"https:\/\/carpathiacenter.ro\/\",\"name\":\"Carpathia Center Romania\",\"description\":\"Impossible made possible!\",\"publisher\":{\"@id\":\"https:\/\/carpathiacenter.ro\/#organization\"},\"potentialAction\":[{\"@type\":\"SearchAction\",\"target\":{\"@type\":\"EntryPoint\",\"urlTemplate\":\"https:\/\/carpathiacenter.ro\/?s={search_term_string}\"},\"query-input\":{\"@type\":\"PropertyValueSpecification\",\"valueRequired\":true,\"valueName\":\"search_term_string\"}}],\"inLanguage\":\"en-GB\"},{\"@type\":\"Organization\",\"@id\":\"https:\/\/carpathiacenter.ro\/#organization\",\"name\":\"Carpathia Center Romania\",\"url\":\"https:\/\/carpathiacenter.ro\/\",\"logo\":{\"@type\":\"ImageObject\",\"inLanguage\":\"en-GB\",\"@id\":\"https:\/\/carpathiacenter.ro\/#\/schema\/logo\/image\/\",\"url\":\"https:\/\/carpathiacenter.ro\/wp-content\/uploads\/2024\/07\/logo-carpathia_bg_white-1024x941.png\",\"contentUrl\":\"https:\/\/carpathiacenter.ro\/wp-content\/uploads\/2024\/07\/logo-carpathia_bg_white-1024x941.png\",\"width\":1024,\"height\":941,\"caption\":\"Carpathia Center Romania\"},\"image\":{\"@id\":\"https:\/\/carpathiacenter.ro\/#\/schema\/logo\/image\/\"},\"sameAs\":[\"https:\/\/www.facebook.com\/fdpscarpathia\/\"]},{\"@type\":\"Person\",\"@id\":\"https:\/\/carpathiacenter.ro\/#\/schema\/person\/03d9f58202fee8379268f34afa195006\",\"name\":\"creativebitsolutions\",\"image\":{\"@type\":\"ImageObject\",\"inLanguage\":\"en-GB\",\"@id\":\"https:\/\/carpathiacenter.ro\/#\/schema\/person\/image\/\",\"url\":\"https:\/\/secure.gravatar.com\/avatar\/1b1a13e37f847c635dab78348f1dff2f07651ee2a3d77a5c355a4b8c75f9165a?s=96&d=mm&r=g\",\"contentUrl\":\"https:\/\/secure.gravatar.com\/avatar\/1b1a13e37f847c635dab78348f1dff2f07651ee2a3d77a5c355a4b8c75f9165a?s=96&d=mm&r=g\",\"caption\":\"creativebitsolutions\"},\"url\":\"https:\/\/carpathiacenter.ro\/en\/author\/creativebitsolutions\/\"}]}<\/script>\n<!-- \/ Yoast SEO plugin. -->","yoast_head_json":{"title":"Alfred Simonis: Am g\u0103sit echilibru \u0219i deschidere din partea premierului \u0219i a mini\u0219trilor cu privire la investi\u021bii - Carpathia Center Romania","robots":{"index":"index","follow":"follow","max-snippet":"max-snippet:-1","max-image-preview":"max-image-preview:large","max-video-preview":"max-video-preview:-1"},"canonical":"https:\/\/carpathiacenter.ro\/en\/alfred-simonis-am-gasit-echilibru-si-deschidere-din-partea-premierului-si-a-ministrilor-cu-privire-la-investitii\/","og_locale":"en_GB","og_type":"article","og_title":"Alfred Simonis: Am g\u0103sit echilibru \u0219i deschidere din partea premierului \u0219i a mini\u0219trilor cu privire la investi\u021bii - Carpathia Center Romania","og_description":"Pre\u0219edintele Consiliului Jude\u021bean Timi\u0219, Alfred Simonis, a declarat miercuri c\u0103 a g\u0103sit &#8216;echilibru \u0219i deschidere&#8217; din partea premierului \u0219i a mini\u0219trilor de resort cu privire la investi\u021bii, iar \u00een urm\u0103toarele dou\u0103 s\u0103pt\u0103m\u00e2ni se va face o analiz\u0103 pentru a vedea cum pot fi suplimenta\u021bi banii pentru a continua marile investi\u021bii din Rom\u00e2nia. Social-democratul Simonis a...","og_url":"https:\/\/carpathiacenter.ro\/en\/alfred-simonis-am-gasit-echilibru-si-deschidere-din-partea-premierului-si-a-ministrilor-cu-privire-la-investitii\/","og_site_name":"Carpathia Center Romania","article_publisher":"https:\/\/www.facebook.com\/fdpscarpathia\/","article_published_time":"2025-07-31T13:11:19+00:00","og_image":[{"width":1200,"height":800,"url":"https:\/\/carpathiacenter.ro\/wp-content\/uploads\/2025\/07\/Alfred-Simonis.jpeg","type":"image\/jpeg"}],"author":"creativebitsolutions","twitter_card":"summary_large_image","twitter_misc":{"Written by":"creativebitsolutions","Estimated reading time":"3 minutes"},"schema":{"@context":"https:\/\/schema.org","@graph":[{"@type":"Article","@id":"https:\/\/carpathiacenter.ro\/alfred-simonis-am-gasit-echilibru-si-deschidere-din-partea-premierului-si-a-ministrilor-cu-privire-la-investitii\/#article","isPartOf":{"@id":"https:\/\/carpathiacenter.ro\/alfred-simonis-am-gasit-echilibru-si-deschidere-din-partea-premierului-si-a-ministrilor-cu-privire-la-investitii\/"},"author":{"name":"creativebitsolutions","@id":"https:\/\/carpathiacenter.ro\/#\/schema\/person\/03d9f58202fee8379268f34afa195006"},"headline":"Alfred Simonis: Am g\u0103sit echilibru \u0219i deschidere din partea premierului \u0219i a mini\u0219trilor cu privire la investi\u021bii","datePublished":"2025-07-31T13:11:19+00:00","mainEntityOfPage":{"@id":"https:\/\/carpathiacenter.ro\/alfred-simonis-am-gasit-echilibru-si-deschidere-din-partea-premierului-si-a-ministrilor-cu-privire-la-investitii\/"},"wordCount":554,"commentCount":0,"publisher":{"@id":"https:\/\/carpathiacenter.ro\/#organization"},"image":{"@id":"https:\/\/carpathiacenter.ro\/alfred-simonis-am-gasit-echilibru-si-deschidere-din-partea-premierului-si-a-ministrilor-cu-privire-la-investitii\/#primaryimage"},"thumbnailUrl":"https:\/\/carpathiacenter.ro\/wp-content\/uploads\/2025\/07\/Alfred-Simonis.jpeg","articleSection":["Uncategorized"],"inLanguage":"en-GB","potentialAction":[{"@type":"CommentAction","name":"Comment","target":["https:\/\/carpathiacenter.ro\/alfred-simonis-am-gasit-echilibru-si-deschidere-din-partea-premierului-si-a-ministrilor-cu-privire-la-investitii\/#respond"]}]},{"@type":"WebPage","@id":"https:\/\/carpathiacenter.ro\/alfred-simonis-am-gasit-echilibru-si-deschidere-din-partea-premierului-si-a-ministrilor-cu-privire-la-investitii\/","url":"https:\/\/carpathiacenter.ro\/alfred-simonis-am-gasit-echilibru-si-deschidere-din-partea-premierului-si-a-ministrilor-cu-privire-la-investitii\/","name":"Alfred Simonis: Am g\u0103sit echilibru \u0219i deschidere din partea premierului \u0219i a mini\u0219trilor cu privire la investi\u021bii - Carpathia Center Romania","isPartOf":{"@id":"https:\/\/carpathiacenter.ro\/#website"},"primaryImageOfPage":{"@id":"https:\/\/carpathiacenter.ro\/alfred-simonis-am-gasit-echilibru-si-deschidere-din-partea-premierului-si-a-ministrilor-cu-privire-la-investitii\/#primaryimage"},"image":{"@id":"https:\/\/carpathiacenter.ro\/alfred-simonis-am-gasit-echilibru-si-deschidere-din-partea-premierului-si-a-ministrilor-cu-privire-la-investitii\/#primaryimage"},"thumbnailUrl":"https:\/\/carpathiacenter.ro\/wp-content\/uploads\/2025\/07\/Alfred-Simonis.jpeg","datePublished":"2025-07-31T13:11:19+00:00","breadcrumb":{"@id":"https:\/\/carpathiacenter.ro\/alfred-simonis-am-gasit-echilibru-si-deschidere-din-partea-premierului-si-a-ministrilor-cu-privire-la-investitii\/#breadcrumb"},"inLanguage":"en-GB","potentialAction":[{"@type":"ReadAction","target":["https:\/\/carpathiacenter.ro\/alfred-simonis-am-gasit-echilibru-si-deschidere-din-partea-premierului-si-a-ministrilor-cu-privire-la-investitii\/"]}]},{"@type":"ImageObject","inLanguage":"en-GB","@id":"https:\/\/carpathiacenter.ro\/alfred-simonis-am-gasit-echilibru-si-deschidere-din-partea-premierului-si-a-ministrilor-cu-privire-la-investitii\/#primaryimage","url":"https:\/\/carpathiacenter.ro\/wp-content\/uploads\/2025\/07\/Alfred-Simonis.jpeg","contentUrl":"https:\/\/carpathiacenter.ro\/wp-content\/uploads\/2025\/07\/Alfred-Simonis.jpeg","width":1200,"height":800},{"@type":"BreadcrumbList","@id":"https:\/\/carpathiacenter.ro\/alfred-simonis-am-gasit-echilibru-si-deschidere-din-partea-premierului-si-a-ministrilor-cu-privire-la-investitii\/#breadcrumb","itemListElement":[{"@type":"ListItem","position":1,"name":"Prima pagin\u0103","item":"https:\/\/carpathiacenter.ro\/"},{"@type":"ListItem","position":2,"name":"Alfred Simonis: Am g\u0103sit echilibru \u0219i deschidere din partea premierului \u0219i a mini\u0219trilor cu privire la investi\u021bii"}]},{"@type":"WebSite","@id":"https:\/\/carpathiacenter.ro\/#website","url":"https:\/\/carpathiacenter.ro\/","name":"Carpathia Center Romania","description":"Impossible made possible!","publisher":{"@id":"https:\/\/carpathiacenter.ro\/#organization"},"potentialAction":[{"@type":"SearchAction","target":{"@type":"EntryPoint","urlTemplate":"https:\/\/carpathiacenter.ro\/?s={search_term_string}"},"query-input":{"@type":"PropertyValueSpecification","valueRequired":true,"valueName":"search_term_string"}}],"inLanguage":"en-GB"},{"@type":"Organization","@id":"https:\/\/carpathiacenter.ro\/#organization","name":"Carpathia Center Romania","url":"https:\/\/carpathiacenter.ro\/","logo":{"@type":"ImageObject","inLanguage":"en-GB","@id":"https:\/\/carpathiacenter.ro\/#\/schema\/logo\/image\/","url":"https:\/\/carpathiacenter.ro\/wp-content\/uploads\/2024\/07\/logo-carpathia_bg_white-1024x941.png","contentUrl":"https:\/\/carpathiacenter.ro\/wp-content\/uploads\/2024\/07\/logo-carpathia_bg_white-1024x941.png","width":1024,"height":941,"caption":"Carpathia Center Romania"},"image":{"@id":"https:\/\/carpathiacenter.ro\/#\/schema\/logo\/image\/"},"sameAs":["https:\/\/www.facebook.com\/fdpscarpathia\/"]},{"@type":"Person","@id":"https:\/\/carpathiacenter.ro\/#\/schema\/person\/03d9f58202fee8379268f34afa195006","name":"creativebitsolutions","image":{"@type":"ImageObject","inLanguage":"en-GB","@id":"https:\/\/carpathiacenter.ro\/#\/schema\/person\/image\/","url":"https:\/\/secure.gravatar.com\/avatar\/1b1a13e37f847c635dab78348f1dff2f07651ee2a3d77a5c355a4b8c75f9165a?s=96&d=mm&r=g","contentUrl":"https:\/\/secure.gravatar.com\/avatar\/1b1a13e37f847c635dab78348f1dff2f07651ee2a3d77a5c355a4b8c75f9165a?s=96&d=mm&r=g","caption":"creativebitsolutions"},"url":"https:\/\/carpathiacenter.ro\/en\/author\/creativebitsolutions\/"}]}},"_links":{"self":[{"href":"https:\/\/carpathiacenter.ro\/en\/wp-json\/wp\/v2\/posts\/2796","targetHints":{"allow":["GET"]}}],"collection":[{"href":"https:\/\/carpathiacenter.ro\/en\/wp-json\/wp\/v2\/posts"}],"about":[{"href":"https:\/\/carpathiacenter.ro\/en\/wp-json\/wp\/v2\/types\/post"}],"author":[{"embeddable":true,"href":"https:\/\/carpathiacenter.ro\/en\/wp-json\/wp\/v2\/users\/4"}],"replies":[{"embeddable":true,"href":"https:\/\/carpathiacenter.ro\/en\/wp-json\/wp\/v2\/comments?post=2796"}],"version-history":[{"count":1,"href":"https:\/\/carpathiacenter.ro\/en\/wp-json\/wp\/v2\/posts\/2796\/revisions"}],"predecessor-version":[{"id":2798,"href":"https:\/\/carpathiacenter.ro\/en\/wp-json\/wp\/v2\/posts\/2796\/revisions\/2798"}],"wp:featuredmedia":[{"embeddable":true,"href":"https:\/\/carpathiacenter.ro\/en\/wp-json\/wp\/v2\/media\/2797"}],"wp:attachment":[{"href":"https:\/\/carpathiacenter.ro\/en\/wp-json\/wp\/v2\/media?parent=2796"}],"wp:term":[{"taxonomy":"category","embeddable":true,"href":"https:\/\/carpathiacenter.ro\/en\/wp-json\/wp\/v2\/categories?post=2796"},{"taxonomy":"post_tag","embeddable":true,"href":"https:\/\/carpathiacenter.ro\/en\/wp-json\/wp\/v2\/tags?post=2796"}],"curies":[{"name":"wp","href":"https:\/\/api.w.org\/{rel}","templated":true}]}}