{"id":2794,"date":"2025-07-31T13:08:42","date_gmt":"2025-07-31T13:08:42","guid":{"rendered":"https:\/\/carpathiacenter.ro\/?p=2794"},"modified":"2025-07-31T13:08:42","modified_gmt":"2025-07-31T13:08:42","slug":"sedinta-de-guvern-joi-stabilirea-mecanismului-national-privind-decizia-reintroducerii-controalelor-la-frontierele-interne-pe-agenda","status":"publish","type":"post","link":"https:\/\/carpathiacenter.ro\/en\/sedinta-de-guvern-joi-stabilirea-mecanismului-national-privind-decizia-reintroducerii-controalelor-la-frontierele-interne-pe-agenda\/","title":{"rendered":"\u0218edin\u021b\u0103 de guvern &#8211; joi; stabilirea mecanismului na\u021bional privind decizia reintroducerii controalelor la frontierele interne, pe agend\u0103"},"content":{"rendered":"<p><strong>Guvernul va aproba \u00een \u0219edin\u021ba de joi un proiect de hot\u0103r\u00e2re pentru stabilirea mecanismului na\u021bional de luare a deciziei de reintroducere a controalelor la frontierele interne, precum \u0219i pentru modificarea \u0219i completarea HG nr. 1152\/2014 privind organizarea, func\u021bionarea \u0219i compunerea Centrului Na\u021bional de Conducere a Ac\u021biunilor de Ordine Public\u0103.<\/strong><\/p>\n<p>&#8216;Prezenta hot\u0103r\u00e2re stabile\u0219te mecanismul na\u021bional de luare a deciziei de reintroducere a controalelor la frontierele interne \u00een condi\u021biile prev\u0103zute de titlul III capitolul II din Regulamentul (UE) 2016\/399 al Parlamentului European \u0219i al Consiliului din 9 martie 2016 cu privire la Codul Uniunii privind regimul de trecere a frontierelor de c\u0103tre persoane (Codul Frontierelor Schengen). (&#8230;) Reintroducerea temporar\u0103 a controalelor la frontierele interne sau, dup\u0103 caz, prelungirea acestora se stabile\u0219te prin hot\u0103r\u00e2rea Guvernului prev\u0103zut\u0103 la articolul 91 alineat (1) din OUG nr. 105\/2001 privind frontiera de stat a Rom\u00e2niei, aprobat\u0103 cu modific\u0103ri prin Legea nr. 243\/2002 (&#8230;) la propunerea autorit\u0103\u021bilor na\u021bionale cu competen\u021be \u00een domeniul ap\u0103r\u0103rii, ordinii publice, securit\u0103\u021bii na\u021bionale sau s\u0103n\u0103t\u0103\u021bii publice, denumite \u00een continuare autorit\u0103\u021bi na\u021bionale competente, numai atunci c\u00e2nd o astfel de m\u0103sur\u0103 este strict necesar\u0103 \u0219i propor\u021bional\u0103 pentru a r\u0103spunde unei amenin\u021b\u0103ri grave la adresa ordinii publice sau a securit\u0103\u021bii interne. (&#8230;) Controalele la frontierele interne se reintroduc temporar sau, dup\u0103 caz, se prelungesc pentru perioadele prev\u0103zute de articolul 25a alin.(3), (5) sau (6), articolul 28 alin.(2) sau articolul 29 alin. (1) din Regulament&#8217;, se arat\u0103 \u00een proiectul de hot\u0103r\u00e2re.<\/p>\n<p>Va fi aprobat \u0219i un proiect de hot\u0103r\u00e2re privind modificarea HG nr. 691\/2015 pentru aprobarea Procedurii de monitorizare a modului de cre\u0219tere \u0219i \u00eengrijire a copilului cu p\u0103rin\u021bi pleca\u021bi la munc\u0103 \u00een str\u0103in\u0103tate \u0219i a serviciilor de care ace\u0219tia pot beneficia, precum \u0219i pentru aprobarea Metodologiei de lucru privind colaborarea dintre direc\u021biile generale de asisten\u021b\u0103 social\u0103 \u0219i protec\u021bia copilului \u0219i serviciile publice de asisten\u021b\u0103 social\u0103 \u0219i a modelului standard al documentelor elaborate de c\u0103tre acestea.<\/p>\n<p>&#8216;Prin proiectul de act normativ sunt stabilite etapele care stau la baza procedurii de identificare a copiilor afla\u021bi \u00een risc de separare de familie, care pot face obiectul \u00eenregistr\u0103rii \u00een Observatorul Copilului, respectiv: \u00eentocmirea unei liste a poten\u021bialelor familii din unitatea lor administrativ teritorial\u0103, care se pot afla \u00eentr-o situa\u021bie de vulnerabilitate \u0219i care au copii \u00een \u00eentre\u021binere pe baza anumitor informa\u021bii; completarea fi\u0219ei de observa\u021bie, al c\u0103rei model este prev\u0103zut \u00een anexa nr. 1 la prezenta metodologie, pentru copiii afla\u021bi \u00eentr-una dintre familiile care se reg\u0103sesc \u00een list\u0103; deplasarea asistentului social sau, dup\u0103 caz, a tehnicianului \u00een asisten\u021b\u0103 social\u0103 la domiciliul gospod\u0103riei din care face parte familia \u00een vederea \u00eenregistr\u0103rii copilului sau, dup\u0103 caz, a copiilor \u00een Observator; identificarea realizat\u0103 \u00eentr-un cadru normativ unitar, ce asigur\u0103 utilizarea acelora\u0219i principii \u0219i criterii de identificare a familiilor aflate \u00een situa\u021bii de risc de separare de copii, la nivelul comunit\u0103\u021bii&#8217;, se precizeaz\u0103 \u00een nota de fundamentare.<\/p>\n<p>Totodat\u0103, prin acela\u0219i proiect sunt introduse reglement\u0103ri referitoare la participarea membrilor gospod\u0103riei la procesul de colectare a datelor \u0219i introducerea \u00een Observatorul Na\u021bional.<\/p>\n<p>Guvernul va aproba \u0219i un proiect de lege pentru ratificarea Conven\u021biei-cadru a Consiliului Europei privind valoarea patrimoniului cultural pentru societate, adoptat\u0103 \u0219i deschis\u0103 spre semnare la Faro, la 27 octombrie 2005, semnat\u0103 de Rom\u00e2nia la Strasbourg, la 17 februarie 2025.<\/p>\n<p>Executivul va modifica, prin hot\u0103r\u00e2re, anexa nr. 3 la Normele metodologice pentru aplicarea Legii nr. 269\/2004 privind acordarea unui ajutor financiar \u00een vederea stimul\u0103rii achizi\u021bion\u0103rii de calculatoare, aprobate prin HG nr. 1294\/2004.<\/p>\n<p>&#8216;\u00cen anul 2025 se impune modificarea modelului bonului valoric pentru acordarea unui ajutor financiar \u00een vederea achizi\u021bion\u0103rii de calculatoare, astfel \u00eenc\u00e2t bonurile valorice emise \u00een anul 2024 \u0219i anulate s\u0103 nu fie folosite \u00een anul curent. Din motive de siguran\u021b\u0103, \u00een fiecare an, acest model se modific\u0103, \u00een sensul schimb\u0103rii culorii \u0219i seriei. Drept urmare, \u00een anul 2025, pentru securizare, culoarea fundalului bonului valoric va fi portocaliu&#8217;, conform notei de fundamentare.<\/p>\n<p>Tot prin hot\u0103r\u00e2re, vor fi modificate HG nr. 1174\/2014 privind instituirea unei scheme de ajutor de stat pentru reducerea accizei la motorina utilizat\u0103 \u00een agricultur\u0103, precum \u0219i HG nr.69\/2025 privind acordarea unui sprijin financiar de urgen\u021b\u0103 \u00een agricultur\u0103 pentru sectorul de cre\u0219tere a ovinelor\/ caprinelor, afectat de fenomene climatice nefavorabile.<\/p>\n<p>Urmeaz\u0103 a fi aprobat \u0219i bugetul de venituri \u0219i cheltuieli pe anul 2025 pentru Regia Autonom\u0103 Tehnologii pentru Energia Nuclear\u0103, aflat\u0103 sub autoritatea Ministerului Energiei.<\/p>\n<p>De asemenea, Executivul va adopta \u0219i un proiect de hot\u0103r\u00e2re pentru modificarea anexei nr. 6 la HG nr. 137\/2020 privind organizarea, func\u021bionarea \u0219i atribu\u021biile Secretariatului General al Guvernului.<\/p>\n<p>&#8216;Prin prezentul proiect de hot\u0103r\u00e2re se propune \u00eenfiin\u021barea unei func\u021bii de demnitate public\u0103 de secretar general adjunct al Guvernului, cu rang de secretar de stat. Totodat\u0103 se prevede \u0219i desfiin\u021barea unui post aferent func\u021biei de demnitate public\u0103 vacant\u0103 de secretar de stat din cadrul Secretariatului General al Guvernului. Modific\u0103rile susmen\u021bionate nu afecteaz\u0103 num\u0103rul maxim de 496 de posturi, exclusiv demnitarii \u0219i cabinetele acestora, aprobat Secretariatului General al Guvernului&#8217;, se subliniaz\u0103 \u00een nota de fundamentare.<\/p>\n<p>Printr-un memorandum vor fi aprobate Setul de priorit\u0103\u021bi \u00een domeniul schimb\u0103rilor climatice \u0219i Planul de ac\u021biune pentru \u00eendeplinirea acestora, aferente anului 2025. AGERPRES\/ (AS &#8211; redactor: Daniel Florea, editor: Antonia Ni\u021b\u0103, editor online: Andreea Preda)<br \/>\n<br \/>\nSursa articolului:<a href=\"https:\/\/agerpres.ro\/politic\/2025\/07\/30\/sedinta-de-guvern---joi-stabilirea-mecanismului-national-privind-decizia-reintroducerii-controalelor--1472484\" target=\"_blank\" rel=\"noopener\" title=\"\">https:\/\/agerpres.ro\/politic\/2025\/07\/30\/sedinta-de-guvern&#8212;joi-stabilirea-mecanismului-national-privind-decizia-reintroducerii-controalelor&#8211;1472484<\/a><\/p>","protected":false},"excerpt":{"rendered":"<p>Guvernul va aproba \u00een \u0219edin\u021ba de joi un proiect de hot\u0103r\u00e2re pentru stabilirea mecanismului na\u021bional de luare a deciziei de reintroducere a controalelor la frontierele interne, precum \u0219i pentru modificarea \u0219i completarea HG nr. 1152\/2014 privind organizarea, func\u021bionarea \u0219i compunerea Centrului Na\u021bional de Conducere a Ac\u021biunilor de Ordine Public\u0103. &#8216;Prezenta hot\u0103r\u00e2re stabile\u0219te mecanismul na\u021bional de&#8230;<\/p>","protected":false},"author":4,"featured_media":2679,"comment_status":"open","ping_status":"open","sticky":false,"template":"","format":"standard","meta":{"footnotes":""},"categories":[1],"tags":[],"class_list":["post-2794","post","type-post","status-publish","format-standard","has-post-thumbnail","hentry","category-uncategorized"],"yoast_head":"<!-- This site is optimized with the Yoast SEO plugin v26.1.1 - https:\/\/yoast.com\/wordpress\/plugins\/seo\/ -->\n<title>\u0218edin\u021b\u0103 de guvern - joi; stabilirea mecanismului na\u021bional privind decizia reintroducerii controalelor la frontierele interne, pe agend\u0103 - Carpathia Center Romania<\/title>\n<meta name=\"robots\" content=\"index, follow, max-snippet:-1, max-image-preview:large, max-video-preview:-1\" \/>\n<link rel=\"canonical\" href=\"https:\/\/carpathiacenter.ro\/en\/sedinta-de-guvern-joi-stabilirea-mecanismului-national-privind-decizia-reintroducerii-controalelor-la-frontierele-interne-pe-agenda\/\" \/>\n<meta property=\"og:locale\" content=\"en_GB\" \/>\n<meta property=\"og:type\" content=\"article\" \/>\n<meta property=\"og:title\" content=\"\u0218edin\u021b\u0103 de guvern - joi; stabilirea mecanismului na\u021bional privind decizia reintroducerii controalelor la frontierele interne, pe agend\u0103 - Carpathia Center Romania\" \/>\n<meta property=\"og:description\" content=\"Guvernul va aproba \u00een \u0219edin\u021ba de joi un proiect de hot\u0103r\u00e2re pentru stabilirea mecanismului na\u021bional de luare a deciziei de reintroducere a controalelor la frontierele interne, precum \u0219i pentru modificarea \u0219i completarea HG nr. 1152\/2014 privind organizarea, func\u021bionarea \u0219i compunerea Centrului Na\u021bional de Conducere a Ac\u021biunilor de Ordine Public\u0103. &#8216;Prezenta hot\u0103r\u00e2re stabile\u0219te mecanismul na\u021bional de...\" \/>\n<meta property=\"og:url\" content=\"https:\/\/carpathiacenter.ro\/en\/sedinta-de-guvern-joi-stabilirea-mecanismului-national-privind-decizia-reintroducerii-controalelor-la-frontierele-interne-pe-agenda\/\" \/>\n<meta property=\"og:site_name\" content=\"Carpathia Center Romania\" \/>\n<meta property=\"article:publisher\" content=\"https:\/\/www.facebook.com\/fdpscarpathia\/\" \/>\n<meta property=\"article:published_time\" content=\"2025-07-31T13:08:42+00:00\" \/>\n<meta property=\"og:image\" content=\"https:\/\/carpathiacenter.ro\/wp-content\/uploads\/2025\/07\/Ilie-Bolojan-Guvern.webp\" \/>\n\t<meta property=\"og:image:width\" content=\"1620\" \/>\n\t<meta property=\"og:image:height\" content=\"1080\" \/>\n\t<meta property=\"og:image:type\" content=\"image\/webp\" \/>\n<meta name=\"author\" content=\"creativebitsolutions\" \/>\n<meta name=\"twitter:card\" content=\"summary_large_image\" \/>\n<meta name=\"twitter:label1\" content=\"Written by\" \/>\n\t<meta name=\"twitter:data1\" content=\"creativebitsolutions\" \/>\n\t<meta name=\"twitter:label2\" content=\"Estimated reading time\" \/>\n\t<meta name=\"twitter:data2\" content=\"5 minutes\" \/>\n<script type=\"application\/ld+json\" class=\"yoast-schema-graph\">{\"@context\":\"https:\/\/schema.org\",\"@graph\":[{\"@type\":\"Article\",\"@id\":\"https:\/\/carpathiacenter.ro\/sedinta-de-guvern-joi-stabilirea-mecanismului-national-privind-decizia-reintroducerii-controalelor-la-frontierele-interne-pe-agenda\/#article\",\"isPartOf\":{\"@id\":\"https:\/\/carpathiacenter.ro\/sedinta-de-guvern-joi-stabilirea-mecanismului-national-privind-decizia-reintroducerii-controalelor-la-frontierele-interne-pe-agenda\/\"},\"author\":{\"name\":\"creativebitsolutions\",\"@id\":\"https:\/\/carpathiacenter.ro\/#\/schema\/person\/03d9f58202fee8379268f34afa195006\"},\"headline\":\"\u0218edin\u021b\u0103 de guvern &#8211; joi; stabilirea mecanismului na\u021bional privind decizia reintroducerii controalelor la frontierele interne, pe agend\u0103\",\"datePublished\":\"2025-07-31T13:08:42+00:00\",\"mainEntityOfPage\":{\"@id\":\"https:\/\/carpathiacenter.ro\/sedinta-de-guvern-joi-stabilirea-mecanismului-national-privind-decizia-reintroducerii-controalelor-la-frontierele-interne-pe-agenda\/\"},\"wordCount\":935,\"commentCount\":0,\"publisher\":{\"@id\":\"https:\/\/carpathiacenter.ro\/#organization\"},\"image\":{\"@id\":\"https:\/\/carpathiacenter.ro\/sedinta-de-guvern-joi-stabilirea-mecanismului-national-privind-decizia-reintroducerii-controalelor-la-frontierele-interne-pe-agenda\/#primaryimage\"},\"thumbnailUrl\":\"https:\/\/carpathiacenter.ro\/wp-content\/uploads\/2025\/07\/Ilie-Bolojan-Guvern.webp\",\"articleSection\":[\"Uncategorized\"],\"inLanguage\":\"en-GB\",\"potentialAction\":[{\"@type\":\"CommentAction\",\"name\":\"Comment\",\"target\":[\"https:\/\/carpathiacenter.ro\/sedinta-de-guvern-joi-stabilirea-mecanismului-national-privind-decizia-reintroducerii-controalelor-la-frontierele-interne-pe-agenda\/#respond\"]}]},{\"@type\":\"WebPage\",\"@id\":\"https:\/\/carpathiacenter.ro\/sedinta-de-guvern-joi-stabilirea-mecanismului-national-privind-decizia-reintroducerii-controalelor-la-frontierele-interne-pe-agenda\/\",\"url\":\"https:\/\/carpathiacenter.ro\/sedinta-de-guvern-joi-stabilirea-mecanismului-national-privind-decizia-reintroducerii-controalelor-la-frontierele-interne-pe-agenda\/\",\"name\":\"\u0218edin\u021b\u0103 de guvern - joi; stabilirea mecanismului na\u021bional privind decizia reintroducerii controalelor la frontierele interne, pe agend\u0103 - Carpathia Center Romania\",\"isPartOf\":{\"@id\":\"https:\/\/carpathiacenter.ro\/#website\"},\"primaryImageOfPage\":{\"@id\":\"https:\/\/carpathiacenter.ro\/sedinta-de-guvern-joi-stabilirea-mecanismului-national-privind-decizia-reintroducerii-controalelor-la-frontierele-interne-pe-agenda\/#primaryimage\"},\"image\":{\"@id\":\"https:\/\/carpathiacenter.ro\/sedinta-de-guvern-joi-stabilirea-mecanismului-national-privind-decizia-reintroducerii-controalelor-la-frontierele-interne-pe-agenda\/#primaryimage\"},\"thumbnailUrl\":\"https:\/\/carpathiacenter.ro\/wp-content\/uploads\/2025\/07\/Ilie-Bolojan-Guvern.webp\",\"datePublished\":\"2025-07-31T13:08:42+00:00\",\"breadcrumb\":{\"@id\":\"https:\/\/carpathiacenter.ro\/sedinta-de-guvern-joi-stabilirea-mecanismului-national-privind-decizia-reintroducerii-controalelor-la-frontierele-interne-pe-agenda\/#breadcrumb\"},\"inLanguage\":\"en-GB\",\"potentialAction\":[{\"@type\":\"ReadAction\",\"target\":[\"https:\/\/carpathiacenter.ro\/sedinta-de-guvern-joi-stabilirea-mecanismului-national-privind-decizia-reintroducerii-controalelor-la-frontierele-interne-pe-agenda\/\"]}]},{\"@type\":\"ImageObject\",\"inLanguage\":\"en-GB\",\"@id\":\"https:\/\/carpathiacenter.ro\/sedinta-de-guvern-joi-stabilirea-mecanismului-national-privind-decizia-reintroducerii-controalelor-la-frontierele-interne-pe-agenda\/#primaryimage\",\"url\":\"https:\/\/carpathiacenter.ro\/wp-content\/uploads\/2025\/07\/Ilie-Bolojan-Guvern.webp\",\"contentUrl\":\"https:\/\/carpathiacenter.ro\/wp-content\/uploads\/2025\/07\/Ilie-Bolojan-Guvern.webp\",\"width\":1620,\"height\":1080},{\"@type\":\"BreadcrumbList\",\"@id\":\"https:\/\/carpathiacenter.ro\/sedinta-de-guvern-joi-stabilirea-mecanismului-national-privind-decizia-reintroducerii-controalelor-la-frontierele-interne-pe-agenda\/#breadcrumb\",\"itemListElement\":[{\"@type\":\"ListItem\",\"position\":1,\"name\":\"Prima pagin\u0103\",\"item\":\"https:\/\/carpathiacenter.ro\/\"},{\"@type\":\"ListItem\",\"position\":2,\"name\":\"\u0218edin\u021b\u0103 de guvern &#8211; joi; stabilirea mecanismului na\u021bional privind decizia reintroducerii controalelor la frontierele interne, pe agend\u0103\"}]},{\"@type\":\"WebSite\",\"@id\":\"https:\/\/carpathiacenter.ro\/#website\",\"url\":\"https:\/\/carpathiacenter.ro\/\",\"name\":\"Carpathia Center Romania\",\"description\":\"Impossible made possible!\",\"publisher\":{\"@id\":\"https:\/\/carpathiacenter.ro\/#organization\"},\"potentialAction\":[{\"@type\":\"SearchAction\",\"target\":{\"@type\":\"EntryPoint\",\"urlTemplate\":\"https:\/\/carpathiacenter.ro\/?s={search_term_string}\"},\"query-input\":{\"@type\":\"PropertyValueSpecification\",\"valueRequired\":true,\"valueName\":\"search_term_string\"}}],\"inLanguage\":\"en-GB\"},{\"@type\":\"Organization\",\"@id\":\"https:\/\/carpathiacenter.ro\/#organization\",\"name\":\"Carpathia Center Romania\",\"url\":\"https:\/\/carpathiacenter.ro\/\",\"logo\":{\"@type\":\"ImageObject\",\"inLanguage\":\"en-GB\",\"@id\":\"https:\/\/carpathiacenter.ro\/#\/schema\/logo\/image\/\",\"url\":\"https:\/\/carpathiacenter.ro\/wp-content\/uploads\/2024\/07\/logo-carpathia_bg_white-1024x941.png\",\"contentUrl\":\"https:\/\/carpathiacenter.ro\/wp-content\/uploads\/2024\/07\/logo-carpathia_bg_white-1024x941.png\",\"width\":1024,\"height\":941,\"caption\":\"Carpathia Center Romania\"},\"image\":{\"@id\":\"https:\/\/carpathiacenter.ro\/#\/schema\/logo\/image\/\"},\"sameAs\":[\"https:\/\/www.facebook.com\/fdpscarpathia\/\"]},{\"@type\":\"Person\",\"@id\":\"https:\/\/carpathiacenter.ro\/#\/schema\/person\/03d9f58202fee8379268f34afa195006\",\"name\":\"creativebitsolutions\",\"image\":{\"@type\":\"ImageObject\",\"inLanguage\":\"en-GB\",\"@id\":\"https:\/\/carpathiacenter.ro\/#\/schema\/person\/image\/\",\"url\":\"https:\/\/secure.gravatar.com\/avatar\/1b1a13e37f847c635dab78348f1dff2f07651ee2a3d77a5c355a4b8c75f9165a?s=96&d=mm&r=g\",\"contentUrl\":\"https:\/\/secure.gravatar.com\/avatar\/1b1a13e37f847c635dab78348f1dff2f07651ee2a3d77a5c355a4b8c75f9165a?s=96&d=mm&r=g\",\"caption\":\"creativebitsolutions\"},\"url\":\"https:\/\/carpathiacenter.ro\/en\/author\/creativebitsolutions\/\"}]}<\/script>\n<!-- \/ Yoast SEO plugin. -->","yoast_head_json":{"title":"\u0218edin\u021b\u0103 de guvern - joi; stabilirea mecanismului na\u021bional privind decizia reintroducerii controalelor la frontierele interne, pe agend\u0103 - Carpathia Center Romania","robots":{"index":"index","follow":"follow","max-snippet":"max-snippet:-1","max-image-preview":"max-image-preview:large","max-video-preview":"max-video-preview:-1"},"canonical":"https:\/\/carpathiacenter.ro\/en\/sedinta-de-guvern-joi-stabilirea-mecanismului-national-privind-decizia-reintroducerii-controalelor-la-frontierele-interne-pe-agenda\/","og_locale":"en_GB","og_type":"article","og_title":"\u0218edin\u021b\u0103 de guvern - joi; stabilirea mecanismului na\u021bional privind decizia reintroducerii controalelor la frontierele interne, pe agend\u0103 - Carpathia Center Romania","og_description":"Guvernul va aproba \u00een \u0219edin\u021ba de joi un proiect de hot\u0103r\u00e2re pentru stabilirea mecanismului na\u021bional de luare a deciziei de reintroducere a controalelor la frontierele interne, precum \u0219i pentru modificarea \u0219i completarea HG nr. 1152\/2014 privind organizarea, func\u021bionarea \u0219i compunerea Centrului Na\u021bional de Conducere a Ac\u021biunilor de Ordine Public\u0103. &#8216;Prezenta hot\u0103r\u00e2re stabile\u0219te mecanismul na\u021bional de...","og_url":"https:\/\/carpathiacenter.ro\/en\/sedinta-de-guvern-joi-stabilirea-mecanismului-national-privind-decizia-reintroducerii-controalelor-la-frontierele-interne-pe-agenda\/","og_site_name":"Carpathia Center Romania","article_publisher":"https:\/\/www.facebook.com\/fdpscarpathia\/","article_published_time":"2025-07-31T13:08:42+00:00","og_image":[{"width":1620,"height":1080,"url":"https:\/\/carpathiacenter.ro\/wp-content\/uploads\/2025\/07\/Ilie-Bolojan-Guvern.webp","type":"image\/webp"}],"author":"creativebitsolutions","twitter_card":"summary_large_image","twitter_misc":{"Written by":"creativebitsolutions","Estimated reading time":"5 minutes"},"schema":{"@context":"https:\/\/schema.org","@graph":[{"@type":"Article","@id":"https:\/\/carpathiacenter.ro\/sedinta-de-guvern-joi-stabilirea-mecanismului-national-privind-decizia-reintroducerii-controalelor-la-frontierele-interne-pe-agenda\/#article","isPartOf":{"@id":"https:\/\/carpathiacenter.ro\/sedinta-de-guvern-joi-stabilirea-mecanismului-national-privind-decizia-reintroducerii-controalelor-la-frontierele-interne-pe-agenda\/"},"author":{"name":"creativebitsolutions","@id":"https:\/\/carpathiacenter.ro\/#\/schema\/person\/03d9f58202fee8379268f34afa195006"},"headline":"\u0218edin\u021b\u0103 de guvern &#8211; joi; stabilirea mecanismului na\u021bional privind decizia reintroducerii controalelor la frontierele interne, pe agend\u0103","datePublished":"2025-07-31T13:08:42+00:00","mainEntityOfPage":{"@id":"https:\/\/carpathiacenter.ro\/sedinta-de-guvern-joi-stabilirea-mecanismului-national-privind-decizia-reintroducerii-controalelor-la-frontierele-interne-pe-agenda\/"},"wordCount":935,"commentCount":0,"publisher":{"@id":"https:\/\/carpathiacenter.ro\/#organization"},"image":{"@id":"https:\/\/carpathiacenter.ro\/sedinta-de-guvern-joi-stabilirea-mecanismului-national-privind-decizia-reintroducerii-controalelor-la-frontierele-interne-pe-agenda\/#primaryimage"},"thumbnailUrl":"https:\/\/carpathiacenter.ro\/wp-content\/uploads\/2025\/07\/Ilie-Bolojan-Guvern.webp","articleSection":["Uncategorized"],"inLanguage":"en-GB","potentialAction":[{"@type":"CommentAction","name":"Comment","target":["https:\/\/carpathiacenter.ro\/sedinta-de-guvern-joi-stabilirea-mecanismului-national-privind-decizia-reintroducerii-controalelor-la-frontierele-interne-pe-agenda\/#respond"]}]},{"@type":"WebPage","@id":"https:\/\/carpathiacenter.ro\/sedinta-de-guvern-joi-stabilirea-mecanismului-national-privind-decizia-reintroducerii-controalelor-la-frontierele-interne-pe-agenda\/","url":"https:\/\/carpathiacenter.ro\/sedinta-de-guvern-joi-stabilirea-mecanismului-national-privind-decizia-reintroducerii-controalelor-la-frontierele-interne-pe-agenda\/","name":"\u0218edin\u021b\u0103 de guvern - joi; stabilirea mecanismului na\u021bional privind decizia reintroducerii controalelor la frontierele interne, pe agend\u0103 - Carpathia Center Romania","isPartOf":{"@id":"https:\/\/carpathiacenter.ro\/#website"},"primaryImageOfPage":{"@id":"https:\/\/carpathiacenter.ro\/sedinta-de-guvern-joi-stabilirea-mecanismului-national-privind-decizia-reintroducerii-controalelor-la-frontierele-interne-pe-agenda\/#primaryimage"},"image":{"@id":"https:\/\/carpathiacenter.ro\/sedinta-de-guvern-joi-stabilirea-mecanismului-national-privind-decizia-reintroducerii-controalelor-la-frontierele-interne-pe-agenda\/#primaryimage"},"thumbnailUrl":"https:\/\/carpathiacenter.ro\/wp-content\/uploads\/2025\/07\/Ilie-Bolojan-Guvern.webp","datePublished":"2025-07-31T13:08:42+00:00","breadcrumb":{"@id":"https:\/\/carpathiacenter.ro\/sedinta-de-guvern-joi-stabilirea-mecanismului-national-privind-decizia-reintroducerii-controalelor-la-frontierele-interne-pe-agenda\/#breadcrumb"},"inLanguage":"en-GB","potentialAction":[{"@type":"ReadAction","target":["https:\/\/carpathiacenter.ro\/sedinta-de-guvern-joi-stabilirea-mecanismului-national-privind-decizia-reintroducerii-controalelor-la-frontierele-interne-pe-agenda\/"]}]},{"@type":"ImageObject","inLanguage":"en-GB","@id":"https:\/\/carpathiacenter.ro\/sedinta-de-guvern-joi-stabilirea-mecanismului-national-privind-decizia-reintroducerii-controalelor-la-frontierele-interne-pe-agenda\/#primaryimage","url":"https:\/\/carpathiacenter.ro\/wp-content\/uploads\/2025\/07\/Ilie-Bolojan-Guvern.webp","contentUrl":"https:\/\/carpathiacenter.ro\/wp-content\/uploads\/2025\/07\/Ilie-Bolojan-Guvern.webp","width":1620,"height":1080},{"@type":"BreadcrumbList","@id":"https:\/\/carpathiacenter.ro\/sedinta-de-guvern-joi-stabilirea-mecanismului-national-privind-decizia-reintroducerii-controalelor-la-frontierele-interne-pe-agenda\/#breadcrumb","itemListElement":[{"@type":"ListItem","position":1,"name":"Prima pagin\u0103","item":"https:\/\/carpathiacenter.ro\/"},{"@type":"ListItem","position":2,"name":"\u0218edin\u021b\u0103 de guvern &#8211; joi; stabilirea mecanismului na\u021bional privind decizia reintroducerii controalelor la frontierele interne, pe agend\u0103"}]},{"@type":"WebSite","@id":"https:\/\/carpathiacenter.ro\/#website","url":"https:\/\/carpathiacenter.ro\/","name":"Carpathia Center Romania","description":"Impossible made possible!","publisher":{"@id":"https:\/\/carpathiacenter.ro\/#organization"},"potentialAction":[{"@type":"SearchAction","target":{"@type":"EntryPoint","urlTemplate":"https:\/\/carpathiacenter.ro\/?s={search_term_string}"},"query-input":{"@type":"PropertyValueSpecification","valueRequired":true,"valueName":"search_term_string"}}],"inLanguage":"en-GB"},{"@type":"Organization","@id":"https:\/\/carpathiacenter.ro\/#organization","name":"Carpathia Center Romania","url":"https:\/\/carpathiacenter.ro\/","logo":{"@type":"ImageObject","inLanguage":"en-GB","@id":"https:\/\/carpathiacenter.ro\/#\/schema\/logo\/image\/","url":"https:\/\/carpathiacenter.ro\/wp-content\/uploads\/2024\/07\/logo-carpathia_bg_white-1024x941.png","contentUrl":"https:\/\/carpathiacenter.ro\/wp-content\/uploads\/2024\/07\/logo-carpathia_bg_white-1024x941.png","width":1024,"height":941,"caption":"Carpathia Center Romania"},"image":{"@id":"https:\/\/carpathiacenter.ro\/#\/schema\/logo\/image\/"},"sameAs":["https:\/\/www.facebook.com\/fdpscarpathia\/"]},{"@type":"Person","@id":"https:\/\/carpathiacenter.ro\/#\/schema\/person\/03d9f58202fee8379268f34afa195006","name":"creativebitsolutions","image":{"@type":"ImageObject","inLanguage":"en-GB","@id":"https:\/\/carpathiacenter.ro\/#\/schema\/person\/image\/","url":"https:\/\/secure.gravatar.com\/avatar\/1b1a13e37f847c635dab78348f1dff2f07651ee2a3d77a5c355a4b8c75f9165a?s=96&d=mm&r=g","contentUrl":"https:\/\/secure.gravatar.com\/avatar\/1b1a13e37f847c635dab78348f1dff2f07651ee2a3d77a5c355a4b8c75f9165a?s=96&d=mm&r=g","caption":"creativebitsolutions"},"url":"https:\/\/carpathiacenter.ro\/en\/author\/creativebitsolutions\/"}]}},"_links":{"self":[{"href":"https:\/\/carpathiacenter.ro\/en\/wp-json\/wp\/v2\/posts\/2794","targetHints":{"allow":["GET"]}}],"collection":[{"href":"https:\/\/carpathiacenter.ro\/en\/wp-json\/wp\/v2\/posts"}],"about":[{"href":"https:\/\/carpathiacenter.ro\/en\/wp-json\/wp\/v2\/types\/post"}],"author":[{"embeddable":true,"href":"https:\/\/carpathiacenter.ro\/en\/wp-json\/wp\/v2\/users\/4"}],"replies":[{"embeddable":true,"href":"https:\/\/carpathiacenter.ro\/en\/wp-json\/wp\/v2\/comments?post=2794"}],"version-history":[{"count":1,"href":"https:\/\/carpathiacenter.ro\/en\/wp-json\/wp\/v2\/posts\/2794\/revisions"}],"predecessor-version":[{"id":2795,"href":"https:\/\/carpathiacenter.ro\/en\/wp-json\/wp\/v2\/posts\/2794\/revisions\/2795"}],"wp:featuredmedia":[{"embeddable":true,"href":"https:\/\/carpathiacenter.ro\/en\/wp-json\/wp\/v2\/media\/2679"}],"wp:attachment":[{"href":"https:\/\/carpathiacenter.ro\/en\/wp-json\/wp\/v2\/media?parent=2794"}],"wp:term":[{"taxonomy":"category","embeddable":true,"href":"https:\/\/carpathiacenter.ro\/en\/wp-json\/wp\/v2\/categories?post=2794"},{"taxonomy":"post_tag","embeddable":true,"href":"https:\/\/carpathiacenter.ro\/en\/wp-json\/wp\/v2\/tags?post=2794"}],"curies":[{"name":"wp","href":"https:\/\/api.w.org\/{rel}","templated":true}]}}