{"id":2777,"date":"2025-07-28T08:29:12","date_gmt":"2025-07-28T08:29:12","guid":{"rendered":"https:\/\/carpathiacenter.ro\/?p=2777"},"modified":"2025-07-28T08:29:12","modified_gmt":"2025-07-28T08:29:12","slug":"ugir-1903-cerem-guvernului-revizuirea-de-urgenta-a-intregii-echipe-de-specialisti-coordonate-de-vicepremierul-dragos-anastasiu","status":"publish","type":"post","link":"https:\/\/carpathiacenter.ro\/en\/ugir-1903-cerem-guvernului-revizuirea-de-urgenta-a-intregii-echipe-de-specialisti-coordonate-de-vicepremierul-dragos-anastasiu\/","title":{"rendered":"UGIR-1903: Cerem Guvernului revizuirea de urgen\u021b\u0103 a \u00eentregii echipe de speciali\u0219ti coordonate de vicepremierul Drago\u0219 Anastasiu"},"content":{"rendered":"<p><strong>Confedera\u021bia patronal\u0103 UGIR-1903 a solicitat Guvernului revizuirea de urgen\u021b\u0103 a \u00eentregii echipe care a fost coordonat\u0103 de vicepremierul Drago\u0219 Anastasiu, imediat dup\u0103 ce acesta a anun\u021bat c\u0103 demisioneaz\u0103 din func\u021bie.<\/strong><\/p>\n<p>&#8216;Cerem Guvernului Rom\u00e2niei revizuirea de urgen\u021b\u0103 a \u00eentregii echipe de &#8216;speciali\u0219ti&#8217; care a fost coordonat\u0103 de vicepremierul Drago\u0219 Anastasiu, dar \u0219i o analiz\u0103 a tuturor celorlal\u021bi membri ai actualului Executiv care au reu\u0219it s\u0103 dea cele mai proaste solu\u021bii pentru &#8216;salvarea economiei&#8217; &#8211; solu\u021bii care nici m\u0103car pe termen scurt nu vor aduce banii necesari la bugetul statului, iar pe termen mediu \u0219i lung vor genera cel mai grav fenomen al migra\u021biei for\u021bei de munc\u0103 spre vestul Europei, vor l\u0103sa \u0219colile \u0219i spitalele f\u0103r\u0103 profesori \u0219i f\u0103r\u0103 medici, vor distruge companiile de stat, chiar \u0219i pe cele productive, care au profit consistent, iar ce ne doare mai tare &#8211; vor falimenta mediul de afaceri din Rom\u00e2nia. \u00cenc\u0103 mai avem exper\u021bi &#8211; \u00een firmele rom\u00e2ne\u0219ti care g\u0103sesc solu\u021bii de autosalvare f\u0103r\u0103 s\u0103 \u00eencalce legea, \u00een universit\u0103\u021bi. Cerem Guvernului Rom\u00e2niei s\u0103 apeleze la adev\u0103ra\u021bii exper\u021bi pentru a scoate \u021bara din aceast\u0103 criz\u0103 care ne poate aduce la statutul de &#8216;junk&#8217;. Nu avem nevoie de un antreprenor care vine s\u0103 se apere \u00een fa\u021ba opiniei publice dup\u0103 ce a recunoscut \u00een fa\u021ba instan\u021bei c\u0103 a dat \u0219pag\u0103 la ANAF&#8217;, se arat\u0103 \u00eentr-un comunicat al UGIR-1903.<\/p>\n<p>Potrivit sursei citate, Drago\u0219 Anastasiu a surprins cu un discurs de o &#8216;ipocrizie incredibil\u0103&#8217;, prin care \u0219i-a luat singur ap\u0103rarea, &#8216;sfid\u00e2nd pe toat\u0103 lumea \u0219i sfid\u00e2nd Justi\u021bia&#8217;, explic\u00e2nd c\u0103 reflectoarele s-au pus pe el doar pentru c\u0103 Executivul a luat m\u0103surile necesare pentru reducerea deficitului bugetar.<\/p>\n<p>&#8216;Dorim s\u0103 cunoa\u0219tem \u0219i noi &#8211; to\u021bi rom\u00e2nii, nu doar mediul de afaceri &#8211; membrii acestei noi echipe conduse p\u00e2n\u0103 acum de vicepremierul Drago\u0219 Anastasiu, cel care deja a intrat \u00een istorie cu defini\u021bia &#8216;\u0219p\u0103gii pentru supravie\u021buire&#8217;. Drago\u0219 Anastasiu este reperul care ne atrage aten\u021bia. Prezentat ca expert, nu a putut demonstra nici c\u0103 se pricepe, realmente, la strategii economice pentru salvarea Rom\u00e2niei, iar \u00een plus, ne-a demonstrat c\u0103 nu are limite \u00een privin\u021ba demagogiei, a ipocriziei \u0219i a \u00eenc\u0103lc\u0103rii flagrante a legisla\u021biei, pe care o \u0219i ignor\u0103, \u00een timp ce noi to\u021bi suntem obliga\u021bi s\u0103 o respect\u0103m&#8217;, se precizeaz\u0103 \u00een comunicatul confedera\u021biei patronale.<\/p>\n<p>Reprezentan\u021bii organiza\u021biei subliniaz\u0103, \u00een context, c\u0103 un astfel de antreprenor &#8216;care a operat cu metode ilegale \u00een propriile afaceri&#8217;, care acum vine s\u0103 conduc\u0103 Rom\u00e2nia \u0219i s\u0103 &#8216;taie&#8217; de la ceilal\u021bi, nu poate aduce dec\u00e2t prejudicii.<\/p>\n<p><strong>Direc\u021bia Na\u021bional\u0103 Anticorup\u021bie a transmis, s\u00e2mb\u0103t\u0103, c\u0103, \u00een februarie 2018, pentru doi reprezentan\u021bi ai societ\u0103\u021bii SC Touring Eurolines SA a fost atribuit\u0103 calitatea de martori denun\u021b\u0103tori, dup\u0103 ce, din proprie ini\u021biativ\u0103, au depus un denun\u021b la DNA.<\/strong><\/p>\n<p>Surse judiciare au precizat, pentru AGERPRES, c\u0103 unul dintre reprezentan\u021bii societ\u0103\u021bii a fost vicepremierul Drago\u0219 Anastasiu.<\/p>\n<p>Anastasiu a precizat, tot s\u00e2mb\u0103t\u0103, c\u0103 nu a semnat \u0219i nu a depus un denun\u021b \u00een dosarul de corup\u021bie ale unor func\u021bionari din ANAF \u0219i a solicitat DNA o copie a &#8216;presupusului denun\u021b&#8217;.<\/p>\n<p>&#8216;\u00cen scopul clarific\u0103rii \u00een spa\u021biul public a calit\u0103\u021bii mele de martor \u00een dosarul privind faptele de corup\u021bie ale unor func\u021bionari din ANAF, am trimis ast\u0103zi la DNA o solicitare scris\u0103 prin care am cerut o copie a presupusului denun\u021b pe care l-a\u0219 fi f\u0103cut. Reiterez faptul c\u0103 eu nu am semnat \u0219i depus un denun\u021b, ci am dat declara\u021bii cu privire la faptele care au avut loc&#8217;, <a href=\"https:\/\/www.facebook.com\/dragos.anastasiu\/posts\/pfbid0CBL4DN8EKnLBX7bcdaKA3Nh97HYfbVpJnuuAjjTxUCmvoM8yTt9MQExUtw1mHqPpl?locale=ro_RO\" target=\"_blank\">a scris Anastasiu, s\u00e2mb\u0103t\u0103, pe Facebook<\/a>.<\/p>\n<p>Duminic\u0103, <a href=\"https:\/\/agerpres.ro\/politic\/2025\/07\/27\/vicepremierul-dragos-anastasiu-si-a-anuntat-demisia-din-functie--1471524\" target=\"_blank\">vicepremierul Anastasiu \u0219i-a anun\u021bat demisia din func\u021bie<\/a>. AGERPRES\/(AS &#8211; editor: Andreea Marinescu, editor online: Andreea Preda)<br \/>\n<br \/>\nSursa articolului:<a href=\"https:\/\/agerpres.ro\/economic\/2025\/07\/27\/ugir-1903-cerem-guvernului-revizuirea-de-urgenta-a-intregii-echipe-de-specialisti-coordonate-de-vice--1471536\" target=\"_blank\" rel=\"noopener\" title=\"\">https:\/\/agerpres.ro\/economic\/2025\/07\/27\/ugir-1903-cerem-guvernului-revizuirea-de-urgenta-a-intregii-echipe-de-specialisti-coordonate-de-vice&#8211;1471536<\/a><\/p>","protected":false},"excerpt":{"rendered":"<p>Confedera\u021bia patronal\u0103 UGIR-1903 a solicitat Guvernului revizuirea de urgen\u021b\u0103 a \u00eentregii echipe care a fost coordonat\u0103 de vicepremierul Drago\u0219 Anastasiu, imediat dup\u0103 ce acesta a anun\u021bat c\u0103 demisioneaz\u0103 din func\u021bie. &#8216;Cerem Guvernului Rom\u00e2niei revizuirea de urgen\u021b\u0103 a \u00eentregii echipe de &#8216;speciali\u0219ti&#8217; care a fost coordonat\u0103 de vicepremierul Drago\u0219 Anastasiu, dar \u0219i o analiz\u0103 a tuturor&#8230;<\/p>","protected":false},"author":4,"featured_media":2609,"comment_status":"open","ping_status":"open","sticky":false,"template":"","format":"standard","meta":{"footnotes":""},"categories":[1],"tags":[],"class_list":["post-2777","post","type-post","status-publish","format-standard","has-post-thumbnail","hentry","category-uncategorized"],"yoast_head":"<!-- This site is optimized with the Yoast SEO plugin v26.1.1 - https:\/\/yoast.com\/wordpress\/plugins\/seo\/ -->\n<title>UGIR-1903: Cerem Guvernului revizuirea de urgen\u021b\u0103 a \u00eentregii echipe de speciali\u0219ti coordonate de vicepremierul Drago\u0219 Anastasiu - Carpathia Center Romania<\/title>\n<meta name=\"robots\" content=\"index, follow, max-snippet:-1, max-image-preview:large, max-video-preview:-1\" \/>\n<link rel=\"canonical\" href=\"https:\/\/carpathiacenter.ro\/en\/ugir-1903-cerem-guvernului-revizuirea-de-urgenta-a-intregii-echipe-de-specialisti-coordonate-de-vicepremierul-dragos-anastasiu\/\" \/>\n<meta property=\"og:locale\" content=\"en_GB\" \/>\n<meta property=\"og:type\" content=\"article\" \/>\n<meta property=\"og:title\" content=\"UGIR-1903: Cerem Guvernului revizuirea de urgen\u021b\u0103 a \u00eentregii echipe de speciali\u0219ti coordonate de vicepremierul Drago\u0219 Anastasiu - Carpathia Center Romania\" \/>\n<meta property=\"og:description\" content=\"Confedera\u021bia patronal\u0103 UGIR-1903 a solicitat Guvernului revizuirea de urgen\u021b\u0103 a \u00eentregii echipe care a fost coordonat\u0103 de vicepremierul Drago\u0219 Anastasiu, imediat dup\u0103 ce acesta a anun\u021bat c\u0103 demisioneaz\u0103 din func\u021bie. &#8216;Cerem Guvernului Rom\u00e2niei revizuirea de urgen\u021b\u0103 a \u00eentregii echipe de &#8216;speciali\u0219ti&#8217; care a fost coordonat\u0103 de vicepremierul Drago\u0219 Anastasiu, dar \u0219i o analiz\u0103 a tuturor...\" \/>\n<meta property=\"og:url\" content=\"https:\/\/carpathiacenter.ro\/en\/ugir-1903-cerem-guvernului-revizuirea-de-urgenta-a-intregii-echipe-de-specialisti-coordonate-de-vicepremierul-dragos-anastasiu\/\" \/>\n<meta property=\"og:site_name\" content=\"Carpathia Center Romania\" \/>\n<meta property=\"article:publisher\" content=\"https:\/\/www.facebook.com\/fdpscarpathia\/\" \/>\n<meta property=\"article:published_time\" content=\"2025-07-28T08:29:12+00:00\" \/>\n<meta property=\"og:image\" content=\"https:\/\/carpathiacenter.ro\/wp-content\/uploads\/2025\/06\/UGIR-1903-logo-1.jpg\" \/>\n\t<meta property=\"og:image:width\" content=\"867\" \/>\n\t<meta property=\"og:image:height\" content=\"648\" \/>\n\t<meta property=\"og:image:type\" content=\"image\/jpeg\" \/>\n<meta name=\"author\" content=\"creativebitsolutions\" \/>\n<meta name=\"twitter:card\" content=\"summary_large_image\" \/>\n<meta name=\"twitter:label1\" content=\"Written by\" \/>\n\t<meta name=\"twitter:data1\" content=\"creativebitsolutions\" \/>\n\t<meta name=\"twitter:label2\" content=\"Estimated reading time\" \/>\n\t<meta name=\"twitter:data2\" content=\"3 minutes\" \/>\n<script type=\"application\/ld+json\" class=\"yoast-schema-graph\">{\"@context\":\"https:\/\/schema.org\",\"@graph\":[{\"@type\":\"Article\",\"@id\":\"https:\/\/carpathiacenter.ro\/ugir-1903-cerem-guvernului-revizuirea-de-urgenta-a-intregii-echipe-de-specialisti-coordonate-de-vicepremierul-dragos-anastasiu\/#article\",\"isPartOf\":{\"@id\":\"https:\/\/carpathiacenter.ro\/ugir-1903-cerem-guvernului-revizuirea-de-urgenta-a-intregii-echipe-de-specialisti-coordonate-de-vicepremierul-dragos-anastasiu\/\"},\"author\":{\"name\":\"creativebitsolutions\",\"@id\":\"https:\/\/carpathiacenter.ro\/#\/schema\/person\/03d9f58202fee8379268f34afa195006\"},\"headline\":\"UGIR-1903: Cerem Guvernului revizuirea de urgen\u021b\u0103 a \u00eentregii echipe de speciali\u0219ti coordonate de vicepremierul Drago\u0219 Anastasiu\",\"datePublished\":\"2025-07-28T08:29:12+00:00\",\"mainEntityOfPage\":{\"@id\":\"https:\/\/carpathiacenter.ro\/ugir-1903-cerem-guvernului-revizuirea-de-urgenta-a-intregii-echipe-de-specialisti-coordonate-de-vicepremierul-dragos-anastasiu\/\"},\"wordCount\":694,\"commentCount\":0,\"publisher\":{\"@id\":\"https:\/\/carpathiacenter.ro\/#organization\"},\"image\":{\"@id\":\"https:\/\/carpathiacenter.ro\/ugir-1903-cerem-guvernului-revizuirea-de-urgenta-a-intregii-echipe-de-specialisti-coordonate-de-vicepremierul-dragos-anastasiu\/#primaryimage\"},\"thumbnailUrl\":\"https:\/\/carpathiacenter.ro\/wp-content\/uploads\/2025\/06\/UGIR-1903-logo-1.jpg\",\"articleSection\":[\"Uncategorized\"],\"inLanguage\":\"en-GB\",\"potentialAction\":[{\"@type\":\"CommentAction\",\"name\":\"Comment\",\"target\":[\"https:\/\/carpathiacenter.ro\/ugir-1903-cerem-guvernului-revizuirea-de-urgenta-a-intregii-echipe-de-specialisti-coordonate-de-vicepremierul-dragos-anastasiu\/#respond\"]}]},{\"@type\":\"WebPage\",\"@id\":\"https:\/\/carpathiacenter.ro\/ugir-1903-cerem-guvernului-revizuirea-de-urgenta-a-intregii-echipe-de-specialisti-coordonate-de-vicepremierul-dragos-anastasiu\/\",\"url\":\"https:\/\/carpathiacenter.ro\/ugir-1903-cerem-guvernului-revizuirea-de-urgenta-a-intregii-echipe-de-specialisti-coordonate-de-vicepremierul-dragos-anastasiu\/\",\"name\":\"UGIR-1903: Cerem Guvernului revizuirea de urgen\u021b\u0103 a \u00eentregii echipe de speciali\u0219ti coordonate de vicepremierul Drago\u0219 Anastasiu - Carpathia Center Romania\",\"isPartOf\":{\"@id\":\"https:\/\/carpathiacenter.ro\/#website\"},\"primaryImageOfPage\":{\"@id\":\"https:\/\/carpathiacenter.ro\/ugir-1903-cerem-guvernului-revizuirea-de-urgenta-a-intregii-echipe-de-specialisti-coordonate-de-vicepremierul-dragos-anastasiu\/#primaryimage\"},\"image\":{\"@id\":\"https:\/\/carpathiacenter.ro\/ugir-1903-cerem-guvernului-revizuirea-de-urgenta-a-intregii-echipe-de-specialisti-coordonate-de-vicepremierul-dragos-anastasiu\/#primaryimage\"},\"thumbnailUrl\":\"https:\/\/carpathiacenter.ro\/wp-content\/uploads\/2025\/06\/UGIR-1903-logo-1.jpg\",\"datePublished\":\"2025-07-28T08:29:12+00:00\",\"breadcrumb\":{\"@id\":\"https:\/\/carpathiacenter.ro\/ugir-1903-cerem-guvernului-revizuirea-de-urgenta-a-intregii-echipe-de-specialisti-coordonate-de-vicepremierul-dragos-anastasiu\/#breadcrumb\"},\"inLanguage\":\"en-GB\",\"potentialAction\":[{\"@type\":\"ReadAction\",\"target\":[\"https:\/\/carpathiacenter.ro\/ugir-1903-cerem-guvernului-revizuirea-de-urgenta-a-intregii-echipe-de-specialisti-coordonate-de-vicepremierul-dragos-anastasiu\/\"]}]},{\"@type\":\"ImageObject\",\"inLanguage\":\"en-GB\",\"@id\":\"https:\/\/carpathiacenter.ro\/ugir-1903-cerem-guvernului-revizuirea-de-urgenta-a-intregii-echipe-de-specialisti-coordonate-de-vicepremierul-dragos-anastasiu\/#primaryimage\",\"url\":\"https:\/\/carpathiacenter.ro\/wp-content\/uploads\/2025\/06\/UGIR-1903-logo-1.jpg\",\"contentUrl\":\"https:\/\/carpathiacenter.ro\/wp-content\/uploads\/2025\/06\/UGIR-1903-logo-1.jpg\",\"width\":867,\"height\":648},{\"@type\":\"BreadcrumbList\",\"@id\":\"https:\/\/carpathiacenter.ro\/ugir-1903-cerem-guvernului-revizuirea-de-urgenta-a-intregii-echipe-de-specialisti-coordonate-de-vicepremierul-dragos-anastasiu\/#breadcrumb\",\"itemListElement\":[{\"@type\":\"ListItem\",\"position\":1,\"name\":\"Prima pagin\u0103\",\"item\":\"https:\/\/carpathiacenter.ro\/\"},{\"@type\":\"ListItem\",\"position\":2,\"name\":\"UGIR-1903: Cerem Guvernului revizuirea de urgen\u021b\u0103 a \u00eentregii echipe de speciali\u0219ti coordonate de vicepremierul Drago\u0219 Anastasiu\"}]},{\"@type\":\"WebSite\",\"@id\":\"https:\/\/carpathiacenter.ro\/#website\",\"url\":\"https:\/\/carpathiacenter.ro\/\",\"name\":\"Carpathia Center Romania\",\"description\":\"Impossible made possible!\",\"publisher\":{\"@id\":\"https:\/\/carpathiacenter.ro\/#organization\"},\"potentialAction\":[{\"@type\":\"SearchAction\",\"target\":{\"@type\":\"EntryPoint\",\"urlTemplate\":\"https:\/\/carpathiacenter.ro\/?s={search_term_string}\"},\"query-input\":{\"@type\":\"PropertyValueSpecification\",\"valueRequired\":true,\"valueName\":\"search_term_string\"}}],\"inLanguage\":\"en-GB\"},{\"@type\":\"Organization\",\"@id\":\"https:\/\/carpathiacenter.ro\/#organization\",\"name\":\"Carpathia Center Romania\",\"url\":\"https:\/\/carpathiacenter.ro\/\",\"logo\":{\"@type\":\"ImageObject\",\"inLanguage\":\"en-GB\",\"@id\":\"https:\/\/carpathiacenter.ro\/#\/schema\/logo\/image\/\",\"url\":\"https:\/\/carpathiacenter.ro\/wp-content\/uploads\/2024\/07\/logo-carpathia_bg_white-1024x941.png\",\"contentUrl\":\"https:\/\/carpathiacenter.ro\/wp-content\/uploads\/2024\/07\/logo-carpathia_bg_white-1024x941.png\",\"width\":1024,\"height\":941,\"caption\":\"Carpathia Center Romania\"},\"image\":{\"@id\":\"https:\/\/carpathiacenter.ro\/#\/schema\/logo\/image\/\"},\"sameAs\":[\"https:\/\/www.facebook.com\/fdpscarpathia\/\"]},{\"@type\":\"Person\",\"@id\":\"https:\/\/carpathiacenter.ro\/#\/schema\/person\/03d9f58202fee8379268f34afa195006\",\"name\":\"creativebitsolutions\",\"image\":{\"@type\":\"ImageObject\",\"inLanguage\":\"en-GB\",\"@id\":\"https:\/\/carpathiacenter.ro\/#\/schema\/person\/image\/\",\"url\":\"https:\/\/secure.gravatar.com\/avatar\/1b1a13e37f847c635dab78348f1dff2f07651ee2a3d77a5c355a4b8c75f9165a?s=96&d=mm&r=g\",\"contentUrl\":\"https:\/\/secure.gravatar.com\/avatar\/1b1a13e37f847c635dab78348f1dff2f07651ee2a3d77a5c355a4b8c75f9165a?s=96&d=mm&r=g\",\"caption\":\"creativebitsolutions\"},\"url\":\"https:\/\/carpathiacenter.ro\/en\/author\/creativebitsolutions\/\"}]}<\/script>\n<!-- \/ Yoast SEO plugin. -->","yoast_head_json":{"title":"UGIR-1903: Cerem Guvernului revizuirea de urgen\u021b\u0103 a \u00eentregii echipe de speciali\u0219ti coordonate de vicepremierul Drago\u0219 Anastasiu - Carpathia Center Romania","robots":{"index":"index","follow":"follow","max-snippet":"max-snippet:-1","max-image-preview":"max-image-preview:large","max-video-preview":"max-video-preview:-1"},"canonical":"https:\/\/carpathiacenter.ro\/en\/ugir-1903-cerem-guvernului-revizuirea-de-urgenta-a-intregii-echipe-de-specialisti-coordonate-de-vicepremierul-dragos-anastasiu\/","og_locale":"en_GB","og_type":"article","og_title":"UGIR-1903: Cerem Guvernului revizuirea de urgen\u021b\u0103 a \u00eentregii echipe de speciali\u0219ti coordonate de vicepremierul Drago\u0219 Anastasiu - Carpathia Center Romania","og_description":"Confedera\u021bia patronal\u0103 UGIR-1903 a solicitat Guvernului revizuirea de urgen\u021b\u0103 a \u00eentregii echipe care a fost coordonat\u0103 de vicepremierul Drago\u0219 Anastasiu, imediat dup\u0103 ce acesta a anun\u021bat c\u0103 demisioneaz\u0103 din func\u021bie. &#8216;Cerem Guvernului Rom\u00e2niei revizuirea de urgen\u021b\u0103 a \u00eentregii echipe de &#8216;speciali\u0219ti&#8217; care a fost coordonat\u0103 de vicepremierul Drago\u0219 Anastasiu, dar \u0219i o analiz\u0103 a tuturor...","og_url":"https:\/\/carpathiacenter.ro\/en\/ugir-1903-cerem-guvernului-revizuirea-de-urgenta-a-intregii-echipe-de-specialisti-coordonate-de-vicepremierul-dragos-anastasiu\/","og_site_name":"Carpathia Center Romania","article_publisher":"https:\/\/www.facebook.com\/fdpscarpathia\/","article_published_time":"2025-07-28T08:29:12+00:00","og_image":[{"width":867,"height":648,"url":"https:\/\/carpathiacenter.ro\/wp-content\/uploads\/2025\/06\/UGIR-1903-logo-1.jpg","type":"image\/jpeg"}],"author":"creativebitsolutions","twitter_card":"summary_large_image","twitter_misc":{"Written by":"creativebitsolutions","Estimated reading time":"3 minutes"},"schema":{"@context":"https:\/\/schema.org","@graph":[{"@type":"Article","@id":"https:\/\/carpathiacenter.ro\/ugir-1903-cerem-guvernului-revizuirea-de-urgenta-a-intregii-echipe-de-specialisti-coordonate-de-vicepremierul-dragos-anastasiu\/#article","isPartOf":{"@id":"https:\/\/carpathiacenter.ro\/ugir-1903-cerem-guvernului-revizuirea-de-urgenta-a-intregii-echipe-de-specialisti-coordonate-de-vicepremierul-dragos-anastasiu\/"},"author":{"name":"creativebitsolutions","@id":"https:\/\/carpathiacenter.ro\/#\/schema\/person\/03d9f58202fee8379268f34afa195006"},"headline":"UGIR-1903: Cerem Guvernului revizuirea de urgen\u021b\u0103 a \u00eentregii echipe de speciali\u0219ti coordonate de vicepremierul Drago\u0219 Anastasiu","datePublished":"2025-07-28T08:29:12+00:00","mainEntityOfPage":{"@id":"https:\/\/carpathiacenter.ro\/ugir-1903-cerem-guvernului-revizuirea-de-urgenta-a-intregii-echipe-de-specialisti-coordonate-de-vicepremierul-dragos-anastasiu\/"},"wordCount":694,"commentCount":0,"publisher":{"@id":"https:\/\/carpathiacenter.ro\/#organization"},"image":{"@id":"https:\/\/carpathiacenter.ro\/ugir-1903-cerem-guvernului-revizuirea-de-urgenta-a-intregii-echipe-de-specialisti-coordonate-de-vicepremierul-dragos-anastasiu\/#primaryimage"},"thumbnailUrl":"https:\/\/carpathiacenter.ro\/wp-content\/uploads\/2025\/06\/UGIR-1903-logo-1.jpg","articleSection":["Uncategorized"],"inLanguage":"en-GB","potentialAction":[{"@type":"CommentAction","name":"Comment","target":["https:\/\/carpathiacenter.ro\/ugir-1903-cerem-guvernului-revizuirea-de-urgenta-a-intregii-echipe-de-specialisti-coordonate-de-vicepremierul-dragos-anastasiu\/#respond"]}]},{"@type":"WebPage","@id":"https:\/\/carpathiacenter.ro\/ugir-1903-cerem-guvernului-revizuirea-de-urgenta-a-intregii-echipe-de-specialisti-coordonate-de-vicepremierul-dragos-anastasiu\/","url":"https:\/\/carpathiacenter.ro\/ugir-1903-cerem-guvernului-revizuirea-de-urgenta-a-intregii-echipe-de-specialisti-coordonate-de-vicepremierul-dragos-anastasiu\/","name":"UGIR-1903: Cerem Guvernului revizuirea de urgen\u021b\u0103 a \u00eentregii echipe de speciali\u0219ti coordonate de vicepremierul Drago\u0219 Anastasiu - Carpathia Center Romania","isPartOf":{"@id":"https:\/\/carpathiacenter.ro\/#website"},"primaryImageOfPage":{"@id":"https:\/\/carpathiacenter.ro\/ugir-1903-cerem-guvernului-revizuirea-de-urgenta-a-intregii-echipe-de-specialisti-coordonate-de-vicepremierul-dragos-anastasiu\/#primaryimage"},"image":{"@id":"https:\/\/carpathiacenter.ro\/ugir-1903-cerem-guvernului-revizuirea-de-urgenta-a-intregii-echipe-de-specialisti-coordonate-de-vicepremierul-dragos-anastasiu\/#primaryimage"},"thumbnailUrl":"https:\/\/carpathiacenter.ro\/wp-content\/uploads\/2025\/06\/UGIR-1903-logo-1.jpg","datePublished":"2025-07-28T08:29:12+00:00","breadcrumb":{"@id":"https:\/\/carpathiacenter.ro\/ugir-1903-cerem-guvernului-revizuirea-de-urgenta-a-intregii-echipe-de-specialisti-coordonate-de-vicepremierul-dragos-anastasiu\/#breadcrumb"},"inLanguage":"en-GB","potentialAction":[{"@type":"ReadAction","target":["https:\/\/carpathiacenter.ro\/ugir-1903-cerem-guvernului-revizuirea-de-urgenta-a-intregii-echipe-de-specialisti-coordonate-de-vicepremierul-dragos-anastasiu\/"]}]},{"@type":"ImageObject","inLanguage":"en-GB","@id":"https:\/\/carpathiacenter.ro\/ugir-1903-cerem-guvernului-revizuirea-de-urgenta-a-intregii-echipe-de-specialisti-coordonate-de-vicepremierul-dragos-anastasiu\/#primaryimage","url":"https:\/\/carpathiacenter.ro\/wp-content\/uploads\/2025\/06\/UGIR-1903-logo-1.jpg","contentUrl":"https:\/\/carpathiacenter.ro\/wp-content\/uploads\/2025\/06\/UGIR-1903-logo-1.jpg","width":867,"height":648},{"@type":"BreadcrumbList","@id":"https:\/\/carpathiacenter.ro\/ugir-1903-cerem-guvernului-revizuirea-de-urgenta-a-intregii-echipe-de-specialisti-coordonate-de-vicepremierul-dragos-anastasiu\/#breadcrumb","itemListElement":[{"@type":"ListItem","position":1,"name":"Prima pagin\u0103","item":"https:\/\/carpathiacenter.ro\/"},{"@type":"ListItem","position":2,"name":"UGIR-1903: Cerem Guvernului revizuirea de urgen\u021b\u0103 a \u00eentregii echipe de speciali\u0219ti coordonate de vicepremierul Drago\u0219 Anastasiu"}]},{"@type":"WebSite","@id":"https:\/\/carpathiacenter.ro\/#website","url":"https:\/\/carpathiacenter.ro\/","name":"Carpathia Center Romania","description":"Impossible made possible!","publisher":{"@id":"https:\/\/carpathiacenter.ro\/#organization"},"potentialAction":[{"@type":"SearchAction","target":{"@type":"EntryPoint","urlTemplate":"https:\/\/carpathiacenter.ro\/?s={search_term_string}"},"query-input":{"@type":"PropertyValueSpecification","valueRequired":true,"valueName":"search_term_string"}}],"inLanguage":"en-GB"},{"@type":"Organization","@id":"https:\/\/carpathiacenter.ro\/#organization","name":"Carpathia Center Romania","url":"https:\/\/carpathiacenter.ro\/","logo":{"@type":"ImageObject","inLanguage":"en-GB","@id":"https:\/\/carpathiacenter.ro\/#\/schema\/logo\/image\/","url":"https:\/\/carpathiacenter.ro\/wp-content\/uploads\/2024\/07\/logo-carpathia_bg_white-1024x941.png","contentUrl":"https:\/\/carpathiacenter.ro\/wp-content\/uploads\/2024\/07\/logo-carpathia_bg_white-1024x941.png","width":1024,"height":941,"caption":"Carpathia Center Romania"},"image":{"@id":"https:\/\/carpathiacenter.ro\/#\/schema\/logo\/image\/"},"sameAs":["https:\/\/www.facebook.com\/fdpscarpathia\/"]},{"@type":"Person","@id":"https:\/\/carpathiacenter.ro\/#\/schema\/person\/03d9f58202fee8379268f34afa195006","name":"creativebitsolutions","image":{"@type":"ImageObject","inLanguage":"en-GB","@id":"https:\/\/carpathiacenter.ro\/#\/schema\/person\/image\/","url":"https:\/\/secure.gravatar.com\/avatar\/1b1a13e37f847c635dab78348f1dff2f07651ee2a3d77a5c355a4b8c75f9165a?s=96&d=mm&r=g","contentUrl":"https:\/\/secure.gravatar.com\/avatar\/1b1a13e37f847c635dab78348f1dff2f07651ee2a3d77a5c355a4b8c75f9165a?s=96&d=mm&r=g","caption":"creativebitsolutions"},"url":"https:\/\/carpathiacenter.ro\/en\/author\/creativebitsolutions\/"}]}},"_links":{"self":[{"href":"https:\/\/carpathiacenter.ro\/en\/wp-json\/wp\/v2\/posts\/2777","targetHints":{"allow":["GET"]}}],"collection":[{"href":"https:\/\/carpathiacenter.ro\/en\/wp-json\/wp\/v2\/posts"}],"about":[{"href":"https:\/\/carpathiacenter.ro\/en\/wp-json\/wp\/v2\/types\/post"}],"author":[{"embeddable":true,"href":"https:\/\/carpathiacenter.ro\/en\/wp-json\/wp\/v2\/users\/4"}],"replies":[{"embeddable":true,"href":"https:\/\/carpathiacenter.ro\/en\/wp-json\/wp\/v2\/comments?post=2777"}],"version-history":[{"count":1,"href":"https:\/\/carpathiacenter.ro\/en\/wp-json\/wp\/v2\/posts\/2777\/revisions"}],"predecessor-version":[{"id":2778,"href":"https:\/\/carpathiacenter.ro\/en\/wp-json\/wp\/v2\/posts\/2777\/revisions\/2778"}],"wp:featuredmedia":[{"embeddable":true,"href":"https:\/\/carpathiacenter.ro\/en\/wp-json\/wp\/v2\/media\/2609"}],"wp:attachment":[{"href":"https:\/\/carpathiacenter.ro\/en\/wp-json\/wp\/v2\/media?parent=2777"}],"wp:term":[{"taxonomy":"category","embeddable":true,"href":"https:\/\/carpathiacenter.ro\/en\/wp-json\/wp\/v2\/categories?post=2777"},{"taxonomy":"post_tag","embeddable":true,"href":"https:\/\/carpathiacenter.ro\/en\/wp-json\/wp\/v2\/tags?post=2777"}],"curies":[{"name":"wp","href":"https:\/\/api.w.org\/{rel}","templated":true}]}}