{"id":2774,"date":"2025-07-28T08:27:34","date_gmt":"2025-07-28T08:27:34","guid":{"rendered":"https:\/\/carpathiacenter.ro\/?p=2774"},"modified":"2025-07-28T08:27:34","modified_gmt":"2025-07-28T08:27:34","slug":"video-intalnirea-trump-von-der-leyen-ue-si-sua-au-convenit-un-acord-comercial","status":"publish","type":"post","link":"https:\/\/carpathiacenter.ro\/en\/video-intalnirea-trump-von-der-leyen-ue-si-sua-au-convenit-un-acord-comercial\/","title":{"rendered":"VIDEO \u00cent\u00e2lnirea Trump &#8211; Von der Leyen: UE \u0219i SUA au convenit un acord comercial"},"content":{"rendered":"<div class=\"mx-auto pt-3\">\n<p><strong>Statele Unite \u0219i Uniunea European\u0103 au convenit un acord comercial cadru \u00een urma \u00eent\u00e2lnirii pe care au avut-o duminic\u0103 \u00een Sco\u021bia pre\u0219edinta Comisiei Europene, Ursula von der Leyen, \u0219i pre\u0219edintele american Donald Trump, au anun\u021bat ace\u0219tia \u00een fa\u021ba presei, la complexul de golf Turnberry al pre\u0219edintelui SUA, potrivit agen\u021biilor Reuters, AFP \u0219i EFE.<\/strong><\/p>\n<p>S-a ajuns astfel la un consens care va evita un r\u0103zboi comercial \u00eentre UE \u0219i SUA \u00eencep\u00e2nd cu 1 august, dat\u0103 de la care Trump a amenin\u021bat anterior c\u0103 Statele Unite vor aplica taxe vamale de 30% asupra importurilor provenite din UE.<\/p>\n<p><iframe allowfullscreen=\"\" frameborder=\"0\" height=\"349\" mozallowfullscreen=\"\" src=\"https:\/\/www.youtube.com\/embed\/p1lcn5yyTcw\" webkitallowfullscreen=\"\" width=\"560\"><\/iframe>Trump a precizat, dup\u0103 discu\u021bia cu Von der Leyen, c\u0103 acordul convenit prevede taxe vamale de 15% care vor fi aplicate \u00een SUA asupra importurilor din UE, precum \u0219i cre\u0219terea de c\u0103tre blocul comunitar a achizi\u021biilor de energie \u0219i echipamente militare din SUA, precum \u0219i a investi\u021biilor europene \u00een SUA.<\/p>\n<p>Concret, UE s-a angajat s\u0103 cumpere din SUA produse energetice \u00een valoare de 750 de miliarde de dolari \u0219i s\u0103 realizeze \u00een SUA investi\u021bii suplimentare de 600 de miliarde de dolari, a explicat pre\u0219edintele american.<\/p>\n<p>El a mai precizat c\u0103 taxa vamal\u0103 de 15% \u00een SUA va fi de asemenea aplicabil\u0103 pentru autovehiculele importate din UE. \u00cen schimb, a ad\u0103ugat Trump, taxele vamale pentru o\u021bel \u0219i aluminiu \u00een SUA vor r\u0103m\u00e2ne la nivelul actual de 50%.<\/p>\n<p>\u00cen acest timp, taxele vamale percepute de UE asupra importurilor din SUA vor fi zero, a precizat de asemenea pre\u0219edintele american.<\/p>\n<p>La r\u00e2ndul ei, Von der Leyen a confirmat taxele vamale de 15% care vor fi percepute \u00een SUA pentru m\u0103rfurile importate din UE, argument\u00e2nd c\u0103 blocul comunitar accept\u0103 aceste taxe pentru echilibrarea schimburilor comerciale cu SUA, \u021bar\u0103 care \u00eenregistreaz\u0103 un deficit comercial semnificativ \u00een rela\u021biile comerciale cu UE.<\/p>\n<p><iframe allowfullscreen=\"\" frameborder=\"0\" height=\"349\" mozallowfullscreen=\"\" src=\"https:\/\/www.youtube.com\/embed\/WKUfFvkdMEQ\" webkitallowfullscreen=\"\" width=\"560\"><\/iframe><\/p>\n<p>Pre\u0219edinta Comisiei Europene a estimat c\u0103 acesta este &#8216;un acord bun, care va aduce stabilitate \u0219i predictibilitate&#8217; pe ambele maluri ale Atlanticului.<\/p>\n<p>Acest acord cadru le va aduce companiilor europene &#8216;certitudine \u0219i stabilitate&#8217;, a spus mai t\u00e2rziu Von der Leyen, \u00een declara\u021bii separate acordate presei la aeroport \u00eenaintea plec\u0103rii.<\/p>\n<p>Ea a confirmat c\u0103 Uniunea European\u0103 va spori importurile de gaze naturale lichefiate (GNL) din SUA \u0219i a prezentat acest lucru ca un avantaj, \u00eentruc\u00e2t va conduce \u00een paralel la sc\u0103derea importurilor de gaz rusesc.<\/p>\n<p>Pe de alt\u0103 parte, Von der Leyen a contrazis unele afirma\u021bii ale lui Trump. De pild\u0103, ea a dat de \u00een\u021beles c\u0103 taxa vamal\u0103 de 15% va fi aplicabil\u0103 \u00een SUA \u0219i pentru produsele farmaceutice. Trump afirmase c\u0103 produsele farmaceutice au fost excluse din aceast\u0103 negociere, f\u0103r\u0103 \u00eens\u0103 a explica mai mult.<\/p>\n<p>De asemenea, pre\u0219edinta Comisiei Europene a precizat c\u0103 nu a fost luat\u0103 o decizie asupra produselor b\u0103uturi spirtoase. Aceasta este una dintre categoriile de produse pentru care mai trebuie clarificate detaliile tarifare \u00een s\u0103pt\u0103m\u00e2nile urm\u0103toare, iar pentru sectorul aeronautic nu vor fi aplicate taxe vamale \u00een tranzac\u021biile dintre UE \u0219i SUA, a completat Von der Leyen despre acordul care mai are nevoie de aprobarea statelor membre ale UE.<\/p>\n<p>\u00cen anul 2024, UE a exportat bunuri \u00een valoare de 606 miliarde de dolari c\u0103tre SUA, \u00een timp ce exporturile SUA c\u0103tre \u021b\u0103rile UE au \u00eensumat 370 de miliarde de dolari, de unde rezult\u0103 un deficit comercial de 236 de miliarde de dolari \u00een defavoarea SUA, conform datelor oficiale, care nu includ serviciile.AGERPRES\/(AS &#8211; redactor: Sorin Popescu,&nbsp;editor online: Andreea Preda)<br \/>\n<br \/>\nSursa articolului:<a href=\"https:\/\/agerpres.ro\/politic-extern\/2025\/07\/27\/video-intalnirea-trump---von-der-leyen-ue-si-sua-au-convenit-un-acord-comercial--1471557\" target=\"_blank\" rel=\"noopener\" title=\"\">https:\/\/agerpres.ro\/politic-extern\/2025\/07\/27\/video-intalnirea-trump&#8212;von-der-leyen-ue-si-sua-au-convenit-un-acord-comercial&#8211;1471557<\/a>\n<\/p>\n<\/p><\/div>","protected":false},"excerpt":{"rendered":"<p>Statele Unite \u0219i Uniunea European\u0103 au convenit un acord comercial cadru \u00een urma \u00eent\u00e2lnirii pe care au avut-o duminic\u0103 \u00een Sco\u021bia pre\u0219edinta Comisiei Europene, Ursula von der Leyen, \u0219i pre\u0219edintele american Donald Trump, au anun\u021bat ace\u0219tia \u00een fa\u021ba presei, la complexul de golf Turnberry al pre\u0219edintelui SUA, potrivit agen\u021biilor Reuters, AFP \u0219i EFE. S-a ajuns&#8230;<\/p>","protected":false},"author":4,"featured_media":2775,"comment_status":"open","ping_status":"open","sticky":false,"template":"","format":"standard","meta":{"footnotes":""},"categories":[1],"tags":[],"class_list":["post-2774","post","type-post","status-publish","format-standard","has-post-thumbnail","hentry","category-uncategorized"],"yoast_head":"<!-- This site is optimized with the Yoast SEO plugin v26.1.1 - https:\/\/yoast.com\/wordpress\/plugins\/seo\/ -->\n<title>VIDEO \u00cent\u00e2lnirea Trump - Von der Leyen: UE \u0219i SUA au convenit un acord comercial - Carpathia Center Romania<\/title>\n<meta name=\"robots\" content=\"index, follow, max-snippet:-1, max-image-preview:large, max-video-preview:-1\" \/>\n<link rel=\"canonical\" href=\"https:\/\/carpathiacenter.ro\/en\/video-intalnirea-trump-von-der-leyen-ue-si-sua-au-convenit-un-acord-comercial\/\" \/>\n<meta property=\"og:locale\" content=\"en_GB\" \/>\n<meta property=\"og:type\" content=\"article\" \/>\n<meta property=\"og:title\" content=\"VIDEO \u00cent\u00e2lnirea Trump - Von der Leyen: UE \u0219i SUA au convenit un acord comercial - Carpathia Center Romania\" \/>\n<meta property=\"og:description\" content=\"Statele Unite \u0219i Uniunea European\u0103 au convenit un acord comercial cadru \u00een urma \u00eent\u00e2lnirii pe care au avut-o duminic\u0103 \u00een Sco\u021bia pre\u0219edinta Comisiei Europene, Ursula von der Leyen, \u0219i pre\u0219edintele american Donald Trump, au anun\u021bat ace\u0219tia \u00een fa\u021ba presei, la complexul de golf Turnberry al pre\u0219edintelui SUA, potrivit agen\u021biilor Reuters, AFP \u0219i EFE. S-a ajuns...\" \/>\n<meta property=\"og:url\" content=\"https:\/\/carpathiacenter.ro\/en\/video-intalnirea-trump-von-der-leyen-ue-si-sua-au-convenit-un-acord-comercial\/\" \/>\n<meta property=\"og:site_name\" content=\"Carpathia Center Romania\" \/>\n<meta property=\"article:publisher\" content=\"https:\/\/www.facebook.com\/fdpscarpathia\/\" \/>\n<meta property=\"article:published_time\" content=\"2025-07-28T08:27:34+00:00\" \/>\n<meta property=\"og:image\" content=\"https:\/\/carpathiacenter.ro\/wp-content\/uploads\/2025\/07\/Ursula-von-der-Leyen-Donald-Trump.jpg\" \/>\n\t<meta property=\"og:image:width\" content=\"1645\" \/>\n\t<meta property=\"og:image:height\" content=\"1079\" \/>\n\t<meta property=\"og:image:type\" content=\"image\/jpeg\" \/>\n<meta name=\"author\" content=\"creativebitsolutions\" \/>\n<meta name=\"twitter:card\" content=\"summary_large_image\" \/>\n<meta name=\"twitter:label1\" content=\"Written by\" \/>\n\t<meta name=\"twitter:data1\" content=\"creativebitsolutions\" \/>\n\t<meta name=\"twitter:label2\" content=\"Estimated reading time\" \/>\n\t<meta name=\"twitter:data2\" content=\"3 minutes\" \/>\n<script type=\"application\/ld+json\" class=\"yoast-schema-graph\">{\"@context\":\"https:\/\/schema.org\",\"@graph\":[{\"@type\":\"Article\",\"@id\":\"https:\/\/carpathiacenter.ro\/video-intalnirea-trump-von-der-leyen-ue-si-sua-au-convenit-un-acord-comercial\/#article\",\"isPartOf\":{\"@id\":\"https:\/\/carpathiacenter.ro\/video-intalnirea-trump-von-der-leyen-ue-si-sua-au-convenit-un-acord-comercial\/\"},\"author\":{\"name\":\"creativebitsolutions\",\"@id\":\"https:\/\/carpathiacenter.ro\/#\/schema\/person\/03d9f58202fee8379268f34afa195006\"},\"headline\":\"VIDEO \u00cent\u00e2lnirea Trump &#8211; Von der Leyen: UE \u0219i SUA au convenit un acord comercial\",\"datePublished\":\"2025-07-28T08:27:34+00:00\",\"mainEntityOfPage\":{\"@id\":\"https:\/\/carpathiacenter.ro\/video-intalnirea-trump-von-der-leyen-ue-si-sua-au-convenit-un-acord-comercial\/\"},\"wordCount\":614,\"commentCount\":0,\"publisher\":{\"@id\":\"https:\/\/carpathiacenter.ro\/#organization\"},\"image\":{\"@id\":\"https:\/\/carpathiacenter.ro\/video-intalnirea-trump-von-der-leyen-ue-si-sua-au-convenit-un-acord-comercial\/#primaryimage\"},\"thumbnailUrl\":\"https:\/\/carpathiacenter.ro\/wp-content\/uploads\/2025\/07\/Ursula-von-der-Leyen-Donald-Trump.jpg\",\"articleSection\":[\"Uncategorized\"],\"inLanguage\":\"en-GB\",\"potentialAction\":[{\"@type\":\"CommentAction\",\"name\":\"Comment\",\"target\":[\"https:\/\/carpathiacenter.ro\/video-intalnirea-trump-von-der-leyen-ue-si-sua-au-convenit-un-acord-comercial\/#respond\"]}]},{\"@type\":\"WebPage\",\"@id\":\"https:\/\/carpathiacenter.ro\/video-intalnirea-trump-von-der-leyen-ue-si-sua-au-convenit-un-acord-comercial\/\",\"url\":\"https:\/\/carpathiacenter.ro\/video-intalnirea-trump-von-der-leyen-ue-si-sua-au-convenit-un-acord-comercial\/\",\"name\":\"VIDEO \u00cent\u00e2lnirea Trump - Von der Leyen: UE \u0219i SUA au convenit un acord comercial - Carpathia Center Romania\",\"isPartOf\":{\"@id\":\"https:\/\/carpathiacenter.ro\/#website\"},\"primaryImageOfPage\":{\"@id\":\"https:\/\/carpathiacenter.ro\/video-intalnirea-trump-von-der-leyen-ue-si-sua-au-convenit-un-acord-comercial\/#primaryimage\"},\"image\":{\"@id\":\"https:\/\/carpathiacenter.ro\/video-intalnirea-trump-von-der-leyen-ue-si-sua-au-convenit-un-acord-comercial\/#primaryimage\"},\"thumbnailUrl\":\"https:\/\/carpathiacenter.ro\/wp-content\/uploads\/2025\/07\/Ursula-von-der-Leyen-Donald-Trump.jpg\",\"datePublished\":\"2025-07-28T08:27:34+00:00\",\"breadcrumb\":{\"@id\":\"https:\/\/carpathiacenter.ro\/video-intalnirea-trump-von-der-leyen-ue-si-sua-au-convenit-un-acord-comercial\/#breadcrumb\"},\"inLanguage\":\"en-GB\",\"potentialAction\":[{\"@type\":\"ReadAction\",\"target\":[\"https:\/\/carpathiacenter.ro\/video-intalnirea-trump-von-der-leyen-ue-si-sua-au-convenit-un-acord-comercial\/\"]}]},{\"@type\":\"ImageObject\",\"inLanguage\":\"en-GB\",\"@id\":\"https:\/\/carpathiacenter.ro\/video-intalnirea-trump-von-der-leyen-ue-si-sua-au-convenit-un-acord-comercial\/#primaryimage\",\"url\":\"https:\/\/carpathiacenter.ro\/wp-content\/uploads\/2025\/07\/Ursula-von-der-Leyen-Donald-Trump.jpg\",\"contentUrl\":\"https:\/\/carpathiacenter.ro\/wp-content\/uploads\/2025\/07\/Ursula-von-der-Leyen-Donald-Trump.jpg\",\"width\":1645,\"height\":1079},{\"@type\":\"BreadcrumbList\",\"@id\":\"https:\/\/carpathiacenter.ro\/video-intalnirea-trump-von-der-leyen-ue-si-sua-au-convenit-un-acord-comercial\/#breadcrumb\",\"itemListElement\":[{\"@type\":\"ListItem\",\"position\":1,\"name\":\"Prima pagin\u0103\",\"item\":\"https:\/\/carpathiacenter.ro\/\"},{\"@type\":\"ListItem\",\"position\":2,\"name\":\"VIDEO \u00cent\u00e2lnirea Trump &#8211; Von der Leyen: UE \u0219i SUA au convenit un acord comercial\"}]},{\"@type\":\"WebSite\",\"@id\":\"https:\/\/carpathiacenter.ro\/#website\",\"url\":\"https:\/\/carpathiacenter.ro\/\",\"name\":\"Carpathia Center Romania\",\"description\":\"Impossible made possible!\",\"publisher\":{\"@id\":\"https:\/\/carpathiacenter.ro\/#organization\"},\"potentialAction\":[{\"@type\":\"SearchAction\",\"target\":{\"@type\":\"EntryPoint\",\"urlTemplate\":\"https:\/\/carpathiacenter.ro\/?s={search_term_string}\"},\"query-input\":{\"@type\":\"PropertyValueSpecification\",\"valueRequired\":true,\"valueName\":\"search_term_string\"}}],\"inLanguage\":\"en-GB\"},{\"@type\":\"Organization\",\"@id\":\"https:\/\/carpathiacenter.ro\/#organization\",\"name\":\"Carpathia Center Romania\",\"url\":\"https:\/\/carpathiacenter.ro\/\",\"logo\":{\"@type\":\"ImageObject\",\"inLanguage\":\"en-GB\",\"@id\":\"https:\/\/carpathiacenter.ro\/#\/schema\/logo\/image\/\",\"url\":\"https:\/\/carpathiacenter.ro\/wp-content\/uploads\/2024\/07\/logo-carpathia_bg_white-1024x941.png\",\"contentUrl\":\"https:\/\/carpathiacenter.ro\/wp-content\/uploads\/2024\/07\/logo-carpathia_bg_white-1024x941.png\",\"width\":1024,\"height\":941,\"caption\":\"Carpathia Center Romania\"},\"image\":{\"@id\":\"https:\/\/carpathiacenter.ro\/#\/schema\/logo\/image\/\"},\"sameAs\":[\"https:\/\/www.facebook.com\/fdpscarpathia\/\"]},{\"@type\":\"Person\",\"@id\":\"https:\/\/carpathiacenter.ro\/#\/schema\/person\/03d9f58202fee8379268f34afa195006\",\"name\":\"creativebitsolutions\",\"image\":{\"@type\":\"ImageObject\",\"inLanguage\":\"en-GB\",\"@id\":\"https:\/\/carpathiacenter.ro\/#\/schema\/person\/image\/\",\"url\":\"https:\/\/secure.gravatar.com\/avatar\/1b1a13e37f847c635dab78348f1dff2f07651ee2a3d77a5c355a4b8c75f9165a?s=96&d=mm&r=g\",\"contentUrl\":\"https:\/\/secure.gravatar.com\/avatar\/1b1a13e37f847c635dab78348f1dff2f07651ee2a3d77a5c355a4b8c75f9165a?s=96&d=mm&r=g\",\"caption\":\"creativebitsolutions\"},\"url\":\"https:\/\/carpathiacenter.ro\/en\/author\/creativebitsolutions\/\"}]}<\/script>\n<!-- \/ Yoast SEO plugin. -->","yoast_head_json":{"title":"VIDEO \u00cent\u00e2lnirea Trump - Von der Leyen: UE \u0219i SUA au convenit un acord comercial - Carpathia Center Romania","robots":{"index":"index","follow":"follow","max-snippet":"max-snippet:-1","max-image-preview":"max-image-preview:large","max-video-preview":"max-video-preview:-1"},"canonical":"https:\/\/carpathiacenter.ro\/en\/video-intalnirea-trump-von-der-leyen-ue-si-sua-au-convenit-un-acord-comercial\/","og_locale":"en_GB","og_type":"article","og_title":"VIDEO \u00cent\u00e2lnirea Trump - Von der Leyen: UE \u0219i SUA au convenit un acord comercial - Carpathia Center Romania","og_description":"Statele Unite \u0219i Uniunea European\u0103 au convenit un acord comercial cadru \u00een urma \u00eent\u00e2lnirii pe care au avut-o duminic\u0103 \u00een Sco\u021bia pre\u0219edinta Comisiei Europene, Ursula von der Leyen, \u0219i pre\u0219edintele american Donald Trump, au anun\u021bat ace\u0219tia \u00een fa\u021ba presei, la complexul de golf Turnberry al pre\u0219edintelui SUA, potrivit agen\u021biilor Reuters, AFP \u0219i EFE. S-a ajuns...","og_url":"https:\/\/carpathiacenter.ro\/en\/video-intalnirea-trump-von-der-leyen-ue-si-sua-au-convenit-un-acord-comercial\/","og_site_name":"Carpathia Center Romania","article_publisher":"https:\/\/www.facebook.com\/fdpscarpathia\/","article_published_time":"2025-07-28T08:27:34+00:00","og_image":[{"width":1645,"height":1079,"url":"https:\/\/carpathiacenter.ro\/wp-content\/uploads\/2025\/07\/Ursula-von-der-Leyen-Donald-Trump.jpg","type":"image\/jpeg"}],"author":"creativebitsolutions","twitter_card":"summary_large_image","twitter_misc":{"Written by":"creativebitsolutions","Estimated reading time":"3 minutes"},"schema":{"@context":"https:\/\/schema.org","@graph":[{"@type":"Article","@id":"https:\/\/carpathiacenter.ro\/video-intalnirea-trump-von-der-leyen-ue-si-sua-au-convenit-un-acord-comercial\/#article","isPartOf":{"@id":"https:\/\/carpathiacenter.ro\/video-intalnirea-trump-von-der-leyen-ue-si-sua-au-convenit-un-acord-comercial\/"},"author":{"name":"creativebitsolutions","@id":"https:\/\/carpathiacenter.ro\/#\/schema\/person\/03d9f58202fee8379268f34afa195006"},"headline":"VIDEO \u00cent\u00e2lnirea Trump &#8211; Von der Leyen: UE \u0219i SUA au convenit un acord comercial","datePublished":"2025-07-28T08:27:34+00:00","mainEntityOfPage":{"@id":"https:\/\/carpathiacenter.ro\/video-intalnirea-trump-von-der-leyen-ue-si-sua-au-convenit-un-acord-comercial\/"},"wordCount":614,"commentCount":0,"publisher":{"@id":"https:\/\/carpathiacenter.ro\/#organization"},"image":{"@id":"https:\/\/carpathiacenter.ro\/video-intalnirea-trump-von-der-leyen-ue-si-sua-au-convenit-un-acord-comercial\/#primaryimage"},"thumbnailUrl":"https:\/\/carpathiacenter.ro\/wp-content\/uploads\/2025\/07\/Ursula-von-der-Leyen-Donald-Trump.jpg","articleSection":["Uncategorized"],"inLanguage":"en-GB","potentialAction":[{"@type":"CommentAction","name":"Comment","target":["https:\/\/carpathiacenter.ro\/video-intalnirea-trump-von-der-leyen-ue-si-sua-au-convenit-un-acord-comercial\/#respond"]}]},{"@type":"WebPage","@id":"https:\/\/carpathiacenter.ro\/video-intalnirea-trump-von-der-leyen-ue-si-sua-au-convenit-un-acord-comercial\/","url":"https:\/\/carpathiacenter.ro\/video-intalnirea-trump-von-der-leyen-ue-si-sua-au-convenit-un-acord-comercial\/","name":"VIDEO \u00cent\u00e2lnirea Trump - Von der Leyen: UE \u0219i SUA au convenit un acord comercial - Carpathia Center Romania","isPartOf":{"@id":"https:\/\/carpathiacenter.ro\/#website"},"primaryImageOfPage":{"@id":"https:\/\/carpathiacenter.ro\/video-intalnirea-trump-von-der-leyen-ue-si-sua-au-convenit-un-acord-comercial\/#primaryimage"},"image":{"@id":"https:\/\/carpathiacenter.ro\/video-intalnirea-trump-von-der-leyen-ue-si-sua-au-convenit-un-acord-comercial\/#primaryimage"},"thumbnailUrl":"https:\/\/carpathiacenter.ro\/wp-content\/uploads\/2025\/07\/Ursula-von-der-Leyen-Donald-Trump.jpg","datePublished":"2025-07-28T08:27:34+00:00","breadcrumb":{"@id":"https:\/\/carpathiacenter.ro\/video-intalnirea-trump-von-der-leyen-ue-si-sua-au-convenit-un-acord-comercial\/#breadcrumb"},"inLanguage":"en-GB","potentialAction":[{"@type":"ReadAction","target":["https:\/\/carpathiacenter.ro\/video-intalnirea-trump-von-der-leyen-ue-si-sua-au-convenit-un-acord-comercial\/"]}]},{"@type":"ImageObject","inLanguage":"en-GB","@id":"https:\/\/carpathiacenter.ro\/video-intalnirea-trump-von-der-leyen-ue-si-sua-au-convenit-un-acord-comercial\/#primaryimage","url":"https:\/\/carpathiacenter.ro\/wp-content\/uploads\/2025\/07\/Ursula-von-der-Leyen-Donald-Trump.jpg","contentUrl":"https:\/\/carpathiacenter.ro\/wp-content\/uploads\/2025\/07\/Ursula-von-der-Leyen-Donald-Trump.jpg","width":1645,"height":1079},{"@type":"BreadcrumbList","@id":"https:\/\/carpathiacenter.ro\/video-intalnirea-trump-von-der-leyen-ue-si-sua-au-convenit-un-acord-comercial\/#breadcrumb","itemListElement":[{"@type":"ListItem","position":1,"name":"Prima pagin\u0103","item":"https:\/\/carpathiacenter.ro\/"},{"@type":"ListItem","position":2,"name":"VIDEO \u00cent\u00e2lnirea Trump &#8211; Von der Leyen: UE \u0219i SUA au convenit un acord comercial"}]},{"@type":"WebSite","@id":"https:\/\/carpathiacenter.ro\/#website","url":"https:\/\/carpathiacenter.ro\/","name":"Carpathia Center Romania","description":"Impossible made possible!","publisher":{"@id":"https:\/\/carpathiacenter.ro\/#organization"},"potentialAction":[{"@type":"SearchAction","target":{"@type":"EntryPoint","urlTemplate":"https:\/\/carpathiacenter.ro\/?s={search_term_string}"},"query-input":{"@type":"PropertyValueSpecification","valueRequired":true,"valueName":"search_term_string"}}],"inLanguage":"en-GB"},{"@type":"Organization","@id":"https:\/\/carpathiacenter.ro\/#organization","name":"Carpathia Center Romania","url":"https:\/\/carpathiacenter.ro\/","logo":{"@type":"ImageObject","inLanguage":"en-GB","@id":"https:\/\/carpathiacenter.ro\/#\/schema\/logo\/image\/","url":"https:\/\/carpathiacenter.ro\/wp-content\/uploads\/2024\/07\/logo-carpathia_bg_white-1024x941.png","contentUrl":"https:\/\/carpathiacenter.ro\/wp-content\/uploads\/2024\/07\/logo-carpathia_bg_white-1024x941.png","width":1024,"height":941,"caption":"Carpathia Center Romania"},"image":{"@id":"https:\/\/carpathiacenter.ro\/#\/schema\/logo\/image\/"},"sameAs":["https:\/\/www.facebook.com\/fdpscarpathia\/"]},{"@type":"Person","@id":"https:\/\/carpathiacenter.ro\/#\/schema\/person\/03d9f58202fee8379268f34afa195006","name":"creativebitsolutions","image":{"@type":"ImageObject","inLanguage":"en-GB","@id":"https:\/\/carpathiacenter.ro\/#\/schema\/person\/image\/","url":"https:\/\/secure.gravatar.com\/avatar\/1b1a13e37f847c635dab78348f1dff2f07651ee2a3d77a5c355a4b8c75f9165a?s=96&d=mm&r=g","contentUrl":"https:\/\/secure.gravatar.com\/avatar\/1b1a13e37f847c635dab78348f1dff2f07651ee2a3d77a5c355a4b8c75f9165a?s=96&d=mm&r=g","caption":"creativebitsolutions"},"url":"https:\/\/carpathiacenter.ro\/en\/author\/creativebitsolutions\/"}]}},"_links":{"self":[{"href":"https:\/\/carpathiacenter.ro\/en\/wp-json\/wp\/v2\/posts\/2774","targetHints":{"allow":["GET"]}}],"collection":[{"href":"https:\/\/carpathiacenter.ro\/en\/wp-json\/wp\/v2\/posts"}],"about":[{"href":"https:\/\/carpathiacenter.ro\/en\/wp-json\/wp\/v2\/types\/post"}],"author":[{"embeddable":true,"href":"https:\/\/carpathiacenter.ro\/en\/wp-json\/wp\/v2\/users\/4"}],"replies":[{"embeddable":true,"href":"https:\/\/carpathiacenter.ro\/en\/wp-json\/wp\/v2\/comments?post=2774"}],"version-history":[{"count":1,"href":"https:\/\/carpathiacenter.ro\/en\/wp-json\/wp\/v2\/posts\/2774\/revisions"}],"predecessor-version":[{"id":2776,"href":"https:\/\/carpathiacenter.ro\/en\/wp-json\/wp\/v2\/posts\/2774\/revisions\/2776"}],"wp:featuredmedia":[{"embeddable":true,"href":"https:\/\/carpathiacenter.ro\/en\/wp-json\/wp\/v2\/media\/2775"}],"wp:attachment":[{"href":"https:\/\/carpathiacenter.ro\/en\/wp-json\/wp\/v2\/media?parent=2774"}],"wp:term":[{"taxonomy":"category","embeddable":true,"href":"https:\/\/carpathiacenter.ro\/en\/wp-json\/wp\/v2\/categories?post=2774"},{"taxonomy":"post_tag","embeddable":true,"href":"https:\/\/carpathiacenter.ro\/en\/wp-json\/wp\/v2\/tags?post=2774"}],"curies":[{"name":"wp","href":"https:\/\/api.w.org\/{rel}","templated":true}]}}