{"id":2768,"date":"2025-07-25T07:18:12","date_gmt":"2025-07-25T07:18:12","guid":{"rendered":"https:\/\/carpathiacenter.ro\/?p=2768"},"modified":"2025-07-25T07:18:12","modified_gmt":"2025-07-25T07:18:12","slug":"oana-toiu-convorbire-cu-secretarul-general-al-ocde-romania-decisa-sa-continue-alinierea-la-standardele-organizatiei","status":"publish","type":"post","link":"https:\/\/carpathiacenter.ro\/en\/oana-toiu-convorbire-cu-secretarul-general-al-ocde-romania-decisa-sa-continue-alinierea-la-standardele-organizatiei\/","title":{"rendered":"Oana \u021aoiu &#8211; convorbire cu secretarul general al OCDE: Rom\u00e2nia &#8211; decis\u0103 s\u0103 continue alinierea la standardele organiza\u021biei"},"content":{"rendered":"<p><strong>Ministrul Afacerilor Externe, Oana \u021aoiu, a avut o convorbire, joi, cu secretarul general al Organiza\u021biei pentru Cooperare \u0219i Dezvoltare Economic\u0103 (OCDE), Mathias Cormann, privind procesul de aderare \u0219i contribu\u021bia \u021b\u0103rii noastre la activitatea OCDE.<\/strong><\/p>\n<p>Conform unui comunicat al MAE, ministrul a subliniat &#8216;stadiul avansat al procesului de aderare&#8217;, reiter\u00e2nd angajamentul ferm al autorit\u0103\u021bilor rom\u00e2ne de a continua reformele interne necesare pentru atingerea obiectivului ader\u0103rii la organiza\u021bie \u00een 2026, conform calendarului asumat prin Programul de guvernare.<\/p>\n<p>Oana \u021aoiu a men\u021bionat progresele Rom\u00e2niei \u00een domeniul politicilor publice \u00een sectoarele evaluate de Comitetele OCDE, &#8216;progrese facilitate de expertiza \u0219i sprijinul constant oferite de organiza\u021bie&#8217;, mai arat\u0103 sursa citat\u0103.<\/p>\n<p>Cei doi oficiali au discutat despre priorit\u0103\u021bile organiza\u021biei pentru perioada urm\u0103toare \u00een actualul context geopolitic.<\/p>\n<p>Ministrul de Externe a exprimat aprecierea fa\u021b\u0103 de implicarea activ\u0103 a secretarului general al OCDE \u00een promovarea obiectivului de extindere a organiza\u021biei.<\/p>\n<p>\u021aoiu a subliniat angajamentul Rom\u00e2niei de a sprijini activ dimensiunea extern\u0103 a OCDE, inclusiv prin consolidarea cooper\u0103rii cu partenerii din regiune, \u00een special cu Republica Moldova, Ucraina, economiile din Balcanii de Vest \u0219i din zona extins\u0103 a M\u0103rii Negre.<\/p>\n<p>Administra\u021bia de la Bucure\u0219ti este decis\u0103 s\u0103 continue alinierea la cele mai bune standarde, politici \u0219i practici promovate de OCDE, a mai transmis ministrul Oana \u021aoiu, men\u021bion\u00e2nd \u0219i &#8216;deschiderea de a continua cooperarea constructiv\u0103 \u0219i de durat\u0103 cu organiza\u021bia&#8217;.<\/p>\n<p>Rom\u00e2nia a \u00eenceput, \u00een iunie 2022, discu\u021biile de aderare la Organiza\u021bia de Cooperare \u0219i Dezvoltare Economic\u0103, care presupune alinierea la cele mai \u00eenalte standarde \u00een materie de politici economice, fiscale, de transparen\u021b\u0103 decizional\u0103 \u0219i sectoriale.<\/p>\n<p>Discu\u021biile de aderare se desf\u0103\u0219oar\u0103 \u00een baza Foii de Parcurs adoptate de OCDE, document \u00een baza c\u0103ruia Rom\u00e2nia este evaluat\u0103 de 25 de Comitete sectoriale. Finalizarea evalu\u0103rii tehnice \u00een fiecare comitet presupune adoptarea unui Aviz formal, care certific\u0103 gradul de preg\u0103tire intern\u0103 a Rom\u00e2niei din perspectiva alinierii la standardele, principiile \u0219i politicile OCDE. Rom\u00e2nia va adera la organiza\u021bie dup\u0103 parcurgerea acestor etape \u0219i adoptarea unei Decizii a Consiliului OCDE.<\/p>\n<p>\u00cen prezent, OCDE are 38 de state membre, incluz\u00e2nd principalele economii ale lumii. Al\u0103turi de Rom\u00e2nia, alte \u0219apte state au statut de candidat: Argentina, Brazilia, Bulgaria, Croa\u021bia, Indonezia, Peru, Thailanda, a precizat MAE. AGERPRES\/(AS &#8211; redactor: Alina Nov\u0103ceanu, editor: Claudia St\u0103nescu, editor online: Simona Aru\u015ftei)<br \/>\n<br \/>\nSursa articolului:<a href=\"https:\/\/agerpres.ro\/politic\/2025\/07\/24\/oana-toiu---convorbire-cu-secretarul-general-al-ocde-romania---decisa-sa-continue-alinierea-la-stand--1471018\" target=\"_blank\" rel=\"noopener\" title=\"\">https:\/\/agerpres.ro\/politic\/2025\/07\/24\/oana-toiu&#8212;convorbire-cu-secretarul-general-al-ocde-romania&#8212;decisa-sa-continue-alinierea-la-stand&#8211;1471018<\/a><\/p>","protected":false},"excerpt":{"rendered":"<p>Ministrul Afacerilor Externe, Oana \u021aoiu, a avut o convorbire, joi, cu secretarul general al Organiza\u021biei pentru Cooperare \u0219i Dezvoltare Economic\u0103 (OCDE), Mathias Cormann, privind procesul de aderare \u0219i contribu\u021bia \u021b\u0103rii noastre la activitatea OCDE. Conform unui comunicat al MAE, ministrul a subliniat &#8216;stadiul avansat al procesului de aderare&#8217;, reiter\u00e2nd angajamentul ferm al autorit\u0103\u021bilor rom\u00e2ne de&#8230;<\/p>","protected":false},"author":4,"featured_media":2769,"comment_status":"open","ping_status":"open","sticky":false,"template":"","format":"standard","meta":{"footnotes":""},"categories":[1],"tags":[],"class_list":["post-2768","post","type-post","status-publish","format-standard","has-post-thumbnail","hentry","category-uncategorized"],"yoast_head":"<!-- This site is optimized with the Yoast SEO plugin v26.1.1 - https:\/\/yoast.com\/wordpress\/plugins\/seo\/ -->\n<title>Oana \u021aoiu - convorbire cu secretarul general al OCDE: Rom\u00e2nia - decis\u0103 s\u0103 continue alinierea la standardele organiza\u021biei - Carpathia Center Romania<\/title>\n<meta name=\"robots\" content=\"index, follow, max-snippet:-1, max-image-preview:large, max-video-preview:-1\" \/>\n<link rel=\"canonical\" href=\"https:\/\/carpathiacenter.ro\/en\/oana-toiu-convorbire-cu-secretarul-general-al-ocde-romania-decisa-sa-continue-alinierea-la-standardele-organizatiei\/\" \/>\n<meta property=\"og:locale\" content=\"en_GB\" \/>\n<meta property=\"og:type\" content=\"article\" \/>\n<meta property=\"og:title\" content=\"Oana \u021aoiu - convorbire cu secretarul general al OCDE: Rom\u00e2nia - decis\u0103 s\u0103 continue alinierea la standardele organiza\u021biei - Carpathia Center Romania\" \/>\n<meta property=\"og:description\" content=\"Ministrul Afacerilor Externe, Oana \u021aoiu, a avut o convorbire, joi, cu secretarul general al Organiza\u021biei pentru Cooperare \u0219i Dezvoltare Economic\u0103 (OCDE), Mathias Cormann, privind procesul de aderare \u0219i contribu\u021bia \u021b\u0103rii noastre la activitatea OCDE. Conform unui comunicat al MAE, ministrul a subliniat &#8216;stadiul avansat al procesului de aderare&#8217;, reiter\u00e2nd angajamentul ferm al autorit\u0103\u021bilor rom\u00e2ne de...\" \/>\n<meta property=\"og:url\" content=\"https:\/\/carpathiacenter.ro\/en\/oana-toiu-convorbire-cu-secretarul-general-al-ocde-romania-decisa-sa-continue-alinierea-la-standardele-organizatiei\/\" \/>\n<meta property=\"og:site_name\" content=\"Carpathia Center Romania\" \/>\n<meta property=\"article:publisher\" content=\"https:\/\/www.facebook.com\/fdpscarpathia\/\" \/>\n<meta property=\"article:published_time\" content=\"2025-07-25T07:18:12+00:00\" \/>\n<meta property=\"og:image\" content=\"https:\/\/carpathiacenter.ro\/wp-content\/uploads\/2025\/07\/oana-toiu.jpg\" \/>\n\t<meta property=\"og:image:width\" content=\"1200\" \/>\n\t<meta property=\"og:image:height\" content=\"675\" \/>\n\t<meta property=\"og:image:type\" content=\"image\/jpeg\" \/>\n<meta name=\"author\" content=\"creativebitsolutions\" \/>\n<meta name=\"twitter:card\" content=\"summary_large_image\" \/>\n<meta name=\"twitter:label1\" content=\"Written by\" \/>\n\t<meta name=\"twitter:data1\" content=\"creativebitsolutions\" \/>\n\t<meta name=\"twitter:label2\" content=\"Estimated reading time\" \/>\n\t<meta name=\"twitter:data2\" content=\"2 minutes\" \/>\n<script type=\"application\/ld+json\" class=\"yoast-schema-graph\">{\"@context\":\"https:\/\/schema.org\",\"@graph\":[{\"@type\":\"Article\",\"@id\":\"https:\/\/carpathiacenter.ro\/oana-toiu-convorbire-cu-secretarul-general-al-ocde-romania-decisa-sa-continue-alinierea-la-standardele-organizatiei\/#article\",\"isPartOf\":{\"@id\":\"https:\/\/carpathiacenter.ro\/oana-toiu-convorbire-cu-secretarul-general-al-ocde-romania-decisa-sa-continue-alinierea-la-standardele-organizatiei\/\"},\"author\":{\"name\":\"creativebitsolutions\",\"@id\":\"https:\/\/carpathiacenter.ro\/#\/schema\/person\/03d9f58202fee8379268f34afa195006\"},\"headline\":\"Oana \u021aoiu &#8211; convorbire cu secretarul general al OCDE: Rom\u00e2nia &#8211; decis\u0103 s\u0103 continue alinierea la standardele organiza\u021biei\",\"datePublished\":\"2025-07-25T07:18:12+00:00\",\"mainEntityOfPage\":{\"@id\":\"https:\/\/carpathiacenter.ro\/oana-toiu-convorbire-cu-secretarul-general-al-ocde-romania-decisa-sa-continue-alinierea-la-standardele-organizatiei\/\"},\"wordCount\":434,\"commentCount\":0,\"publisher\":{\"@id\":\"https:\/\/carpathiacenter.ro\/#organization\"},\"image\":{\"@id\":\"https:\/\/carpathiacenter.ro\/oana-toiu-convorbire-cu-secretarul-general-al-ocde-romania-decisa-sa-continue-alinierea-la-standardele-organizatiei\/#primaryimage\"},\"thumbnailUrl\":\"https:\/\/carpathiacenter.ro\/wp-content\/uploads\/2025\/07\/oana-toiu.jpg\",\"articleSection\":[\"Uncategorized\"],\"inLanguage\":\"en-GB\",\"potentialAction\":[{\"@type\":\"CommentAction\",\"name\":\"Comment\",\"target\":[\"https:\/\/carpathiacenter.ro\/oana-toiu-convorbire-cu-secretarul-general-al-ocde-romania-decisa-sa-continue-alinierea-la-standardele-organizatiei\/#respond\"]}]},{\"@type\":\"WebPage\",\"@id\":\"https:\/\/carpathiacenter.ro\/oana-toiu-convorbire-cu-secretarul-general-al-ocde-romania-decisa-sa-continue-alinierea-la-standardele-organizatiei\/\",\"url\":\"https:\/\/carpathiacenter.ro\/oana-toiu-convorbire-cu-secretarul-general-al-ocde-romania-decisa-sa-continue-alinierea-la-standardele-organizatiei\/\",\"name\":\"Oana \u021aoiu - convorbire cu secretarul general al OCDE: Rom\u00e2nia - decis\u0103 s\u0103 continue alinierea la standardele organiza\u021biei - Carpathia Center Romania\",\"isPartOf\":{\"@id\":\"https:\/\/carpathiacenter.ro\/#website\"},\"primaryImageOfPage\":{\"@id\":\"https:\/\/carpathiacenter.ro\/oana-toiu-convorbire-cu-secretarul-general-al-ocde-romania-decisa-sa-continue-alinierea-la-standardele-organizatiei\/#primaryimage\"},\"image\":{\"@id\":\"https:\/\/carpathiacenter.ro\/oana-toiu-convorbire-cu-secretarul-general-al-ocde-romania-decisa-sa-continue-alinierea-la-standardele-organizatiei\/#primaryimage\"},\"thumbnailUrl\":\"https:\/\/carpathiacenter.ro\/wp-content\/uploads\/2025\/07\/oana-toiu.jpg\",\"datePublished\":\"2025-07-25T07:18:12+00:00\",\"breadcrumb\":{\"@id\":\"https:\/\/carpathiacenter.ro\/oana-toiu-convorbire-cu-secretarul-general-al-ocde-romania-decisa-sa-continue-alinierea-la-standardele-organizatiei\/#breadcrumb\"},\"inLanguage\":\"en-GB\",\"potentialAction\":[{\"@type\":\"ReadAction\",\"target\":[\"https:\/\/carpathiacenter.ro\/oana-toiu-convorbire-cu-secretarul-general-al-ocde-romania-decisa-sa-continue-alinierea-la-standardele-organizatiei\/\"]}]},{\"@type\":\"ImageObject\",\"inLanguage\":\"en-GB\",\"@id\":\"https:\/\/carpathiacenter.ro\/oana-toiu-convorbire-cu-secretarul-general-al-ocde-romania-decisa-sa-continue-alinierea-la-standardele-organizatiei\/#primaryimage\",\"url\":\"https:\/\/carpathiacenter.ro\/wp-content\/uploads\/2025\/07\/oana-toiu.jpg\",\"contentUrl\":\"https:\/\/carpathiacenter.ro\/wp-content\/uploads\/2025\/07\/oana-toiu.jpg\",\"width\":1200,\"height\":675},{\"@type\":\"BreadcrumbList\",\"@id\":\"https:\/\/carpathiacenter.ro\/oana-toiu-convorbire-cu-secretarul-general-al-ocde-romania-decisa-sa-continue-alinierea-la-standardele-organizatiei\/#breadcrumb\",\"itemListElement\":[{\"@type\":\"ListItem\",\"position\":1,\"name\":\"Prima pagin\u0103\",\"item\":\"https:\/\/carpathiacenter.ro\/\"},{\"@type\":\"ListItem\",\"position\":2,\"name\":\"Oana \u021aoiu &#8211; convorbire cu secretarul general al OCDE: Rom\u00e2nia &#8211; decis\u0103 s\u0103 continue alinierea la standardele organiza\u021biei\"}]},{\"@type\":\"WebSite\",\"@id\":\"https:\/\/carpathiacenter.ro\/#website\",\"url\":\"https:\/\/carpathiacenter.ro\/\",\"name\":\"Carpathia Center Romania\",\"description\":\"Impossible made possible!\",\"publisher\":{\"@id\":\"https:\/\/carpathiacenter.ro\/#organization\"},\"potentialAction\":[{\"@type\":\"SearchAction\",\"target\":{\"@type\":\"EntryPoint\",\"urlTemplate\":\"https:\/\/carpathiacenter.ro\/?s={search_term_string}\"},\"query-input\":{\"@type\":\"PropertyValueSpecification\",\"valueRequired\":true,\"valueName\":\"search_term_string\"}}],\"inLanguage\":\"en-GB\"},{\"@type\":\"Organization\",\"@id\":\"https:\/\/carpathiacenter.ro\/#organization\",\"name\":\"Carpathia Center Romania\",\"url\":\"https:\/\/carpathiacenter.ro\/\",\"logo\":{\"@type\":\"ImageObject\",\"inLanguage\":\"en-GB\",\"@id\":\"https:\/\/carpathiacenter.ro\/#\/schema\/logo\/image\/\",\"url\":\"https:\/\/carpathiacenter.ro\/wp-content\/uploads\/2024\/07\/logo-carpathia_bg_white-1024x941.png\",\"contentUrl\":\"https:\/\/carpathiacenter.ro\/wp-content\/uploads\/2024\/07\/logo-carpathia_bg_white-1024x941.png\",\"width\":1024,\"height\":941,\"caption\":\"Carpathia Center Romania\"},\"image\":{\"@id\":\"https:\/\/carpathiacenter.ro\/#\/schema\/logo\/image\/\"},\"sameAs\":[\"https:\/\/www.facebook.com\/fdpscarpathia\/\"]},{\"@type\":\"Person\",\"@id\":\"https:\/\/carpathiacenter.ro\/#\/schema\/person\/03d9f58202fee8379268f34afa195006\",\"name\":\"creativebitsolutions\",\"image\":{\"@type\":\"ImageObject\",\"inLanguage\":\"en-GB\",\"@id\":\"https:\/\/carpathiacenter.ro\/#\/schema\/person\/image\/\",\"url\":\"https:\/\/secure.gravatar.com\/avatar\/1b1a13e37f847c635dab78348f1dff2f07651ee2a3d77a5c355a4b8c75f9165a?s=96&d=mm&r=g\",\"contentUrl\":\"https:\/\/secure.gravatar.com\/avatar\/1b1a13e37f847c635dab78348f1dff2f07651ee2a3d77a5c355a4b8c75f9165a?s=96&d=mm&r=g\",\"caption\":\"creativebitsolutions\"},\"url\":\"https:\/\/carpathiacenter.ro\/en\/author\/creativebitsolutions\/\"}]}<\/script>\n<!-- \/ Yoast SEO plugin. -->","yoast_head_json":{"title":"Oana \u021aoiu - convorbire cu secretarul general al OCDE: Rom\u00e2nia - decis\u0103 s\u0103 continue alinierea la standardele organiza\u021biei - Carpathia Center Romania","robots":{"index":"index","follow":"follow","max-snippet":"max-snippet:-1","max-image-preview":"max-image-preview:large","max-video-preview":"max-video-preview:-1"},"canonical":"https:\/\/carpathiacenter.ro\/en\/oana-toiu-convorbire-cu-secretarul-general-al-ocde-romania-decisa-sa-continue-alinierea-la-standardele-organizatiei\/","og_locale":"en_GB","og_type":"article","og_title":"Oana \u021aoiu - convorbire cu secretarul general al OCDE: Rom\u00e2nia - decis\u0103 s\u0103 continue alinierea la standardele organiza\u021biei - Carpathia Center Romania","og_description":"Ministrul Afacerilor Externe, Oana \u021aoiu, a avut o convorbire, joi, cu secretarul general al Organiza\u021biei pentru Cooperare \u0219i Dezvoltare Economic\u0103 (OCDE), Mathias Cormann, privind procesul de aderare \u0219i contribu\u021bia \u021b\u0103rii noastre la activitatea OCDE. Conform unui comunicat al MAE, ministrul a subliniat &#8216;stadiul avansat al procesului de aderare&#8217;, reiter\u00e2nd angajamentul ferm al autorit\u0103\u021bilor rom\u00e2ne de...","og_url":"https:\/\/carpathiacenter.ro\/en\/oana-toiu-convorbire-cu-secretarul-general-al-ocde-romania-decisa-sa-continue-alinierea-la-standardele-organizatiei\/","og_site_name":"Carpathia Center Romania","article_publisher":"https:\/\/www.facebook.com\/fdpscarpathia\/","article_published_time":"2025-07-25T07:18:12+00:00","og_image":[{"width":1200,"height":675,"url":"https:\/\/carpathiacenter.ro\/wp-content\/uploads\/2025\/07\/oana-toiu.jpg","type":"image\/jpeg"}],"author":"creativebitsolutions","twitter_card":"summary_large_image","twitter_misc":{"Written by":"creativebitsolutions","Estimated reading time":"2 minutes"},"schema":{"@context":"https:\/\/schema.org","@graph":[{"@type":"Article","@id":"https:\/\/carpathiacenter.ro\/oana-toiu-convorbire-cu-secretarul-general-al-ocde-romania-decisa-sa-continue-alinierea-la-standardele-organizatiei\/#article","isPartOf":{"@id":"https:\/\/carpathiacenter.ro\/oana-toiu-convorbire-cu-secretarul-general-al-ocde-romania-decisa-sa-continue-alinierea-la-standardele-organizatiei\/"},"author":{"name":"creativebitsolutions","@id":"https:\/\/carpathiacenter.ro\/#\/schema\/person\/03d9f58202fee8379268f34afa195006"},"headline":"Oana \u021aoiu &#8211; convorbire cu secretarul general al OCDE: Rom\u00e2nia &#8211; decis\u0103 s\u0103 continue alinierea la standardele organiza\u021biei","datePublished":"2025-07-25T07:18:12+00:00","mainEntityOfPage":{"@id":"https:\/\/carpathiacenter.ro\/oana-toiu-convorbire-cu-secretarul-general-al-ocde-romania-decisa-sa-continue-alinierea-la-standardele-organizatiei\/"},"wordCount":434,"commentCount":0,"publisher":{"@id":"https:\/\/carpathiacenter.ro\/#organization"},"image":{"@id":"https:\/\/carpathiacenter.ro\/oana-toiu-convorbire-cu-secretarul-general-al-ocde-romania-decisa-sa-continue-alinierea-la-standardele-organizatiei\/#primaryimage"},"thumbnailUrl":"https:\/\/carpathiacenter.ro\/wp-content\/uploads\/2025\/07\/oana-toiu.jpg","articleSection":["Uncategorized"],"inLanguage":"en-GB","potentialAction":[{"@type":"CommentAction","name":"Comment","target":["https:\/\/carpathiacenter.ro\/oana-toiu-convorbire-cu-secretarul-general-al-ocde-romania-decisa-sa-continue-alinierea-la-standardele-organizatiei\/#respond"]}]},{"@type":"WebPage","@id":"https:\/\/carpathiacenter.ro\/oana-toiu-convorbire-cu-secretarul-general-al-ocde-romania-decisa-sa-continue-alinierea-la-standardele-organizatiei\/","url":"https:\/\/carpathiacenter.ro\/oana-toiu-convorbire-cu-secretarul-general-al-ocde-romania-decisa-sa-continue-alinierea-la-standardele-organizatiei\/","name":"Oana \u021aoiu - convorbire cu secretarul general al OCDE: Rom\u00e2nia - decis\u0103 s\u0103 continue alinierea la standardele organiza\u021biei - Carpathia Center Romania","isPartOf":{"@id":"https:\/\/carpathiacenter.ro\/#website"},"primaryImageOfPage":{"@id":"https:\/\/carpathiacenter.ro\/oana-toiu-convorbire-cu-secretarul-general-al-ocde-romania-decisa-sa-continue-alinierea-la-standardele-organizatiei\/#primaryimage"},"image":{"@id":"https:\/\/carpathiacenter.ro\/oana-toiu-convorbire-cu-secretarul-general-al-ocde-romania-decisa-sa-continue-alinierea-la-standardele-organizatiei\/#primaryimage"},"thumbnailUrl":"https:\/\/carpathiacenter.ro\/wp-content\/uploads\/2025\/07\/oana-toiu.jpg","datePublished":"2025-07-25T07:18:12+00:00","breadcrumb":{"@id":"https:\/\/carpathiacenter.ro\/oana-toiu-convorbire-cu-secretarul-general-al-ocde-romania-decisa-sa-continue-alinierea-la-standardele-organizatiei\/#breadcrumb"},"inLanguage":"en-GB","potentialAction":[{"@type":"ReadAction","target":["https:\/\/carpathiacenter.ro\/oana-toiu-convorbire-cu-secretarul-general-al-ocde-romania-decisa-sa-continue-alinierea-la-standardele-organizatiei\/"]}]},{"@type":"ImageObject","inLanguage":"en-GB","@id":"https:\/\/carpathiacenter.ro\/oana-toiu-convorbire-cu-secretarul-general-al-ocde-romania-decisa-sa-continue-alinierea-la-standardele-organizatiei\/#primaryimage","url":"https:\/\/carpathiacenter.ro\/wp-content\/uploads\/2025\/07\/oana-toiu.jpg","contentUrl":"https:\/\/carpathiacenter.ro\/wp-content\/uploads\/2025\/07\/oana-toiu.jpg","width":1200,"height":675},{"@type":"BreadcrumbList","@id":"https:\/\/carpathiacenter.ro\/oana-toiu-convorbire-cu-secretarul-general-al-ocde-romania-decisa-sa-continue-alinierea-la-standardele-organizatiei\/#breadcrumb","itemListElement":[{"@type":"ListItem","position":1,"name":"Prima pagin\u0103","item":"https:\/\/carpathiacenter.ro\/"},{"@type":"ListItem","position":2,"name":"Oana \u021aoiu &#8211; convorbire cu secretarul general al OCDE: Rom\u00e2nia &#8211; decis\u0103 s\u0103 continue alinierea la standardele organiza\u021biei"}]},{"@type":"WebSite","@id":"https:\/\/carpathiacenter.ro\/#website","url":"https:\/\/carpathiacenter.ro\/","name":"Carpathia Center Romania","description":"Impossible made possible!","publisher":{"@id":"https:\/\/carpathiacenter.ro\/#organization"},"potentialAction":[{"@type":"SearchAction","target":{"@type":"EntryPoint","urlTemplate":"https:\/\/carpathiacenter.ro\/?s={search_term_string}"},"query-input":{"@type":"PropertyValueSpecification","valueRequired":true,"valueName":"search_term_string"}}],"inLanguage":"en-GB"},{"@type":"Organization","@id":"https:\/\/carpathiacenter.ro\/#organization","name":"Carpathia Center Romania","url":"https:\/\/carpathiacenter.ro\/","logo":{"@type":"ImageObject","inLanguage":"en-GB","@id":"https:\/\/carpathiacenter.ro\/#\/schema\/logo\/image\/","url":"https:\/\/carpathiacenter.ro\/wp-content\/uploads\/2024\/07\/logo-carpathia_bg_white-1024x941.png","contentUrl":"https:\/\/carpathiacenter.ro\/wp-content\/uploads\/2024\/07\/logo-carpathia_bg_white-1024x941.png","width":1024,"height":941,"caption":"Carpathia Center Romania"},"image":{"@id":"https:\/\/carpathiacenter.ro\/#\/schema\/logo\/image\/"},"sameAs":["https:\/\/www.facebook.com\/fdpscarpathia\/"]},{"@type":"Person","@id":"https:\/\/carpathiacenter.ro\/#\/schema\/person\/03d9f58202fee8379268f34afa195006","name":"creativebitsolutions","image":{"@type":"ImageObject","inLanguage":"en-GB","@id":"https:\/\/carpathiacenter.ro\/#\/schema\/person\/image\/","url":"https:\/\/secure.gravatar.com\/avatar\/1b1a13e37f847c635dab78348f1dff2f07651ee2a3d77a5c355a4b8c75f9165a?s=96&d=mm&r=g","contentUrl":"https:\/\/secure.gravatar.com\/avatar\/1b1a13e37f847c635dab78348f1dff2f07651ee2a3d77a5c355a4b8c75f9165a?s=96&d=mm&r=g","caption":"creativebitsolutions"},"url":"https:\/\/carpathiacenter.ro\/en\/author\/creativebitsolutions\/"}]}},"_links":{"self":[{"href":"https:\/\/carpathiacenter.ro\/en\/wp-json\/wp\/v2\/posts\/2768","targetHints":{"allow":["GET"]}}],"collection":[{"href":"https:\/\/carpathiacenter.ro\/en\/wp-json\/wp\/v2\/posts"}],"about":[{"href":"https:\/\/carpathiacenter.ro\/en\/wp-json\/wp\/v2\/types\/post"}],"author":[{"embeddable":true,"href":"https:\/\/carpathiacenter.ro\/en\/wp-json\/wp\/v2\/users\/4"}],"replies":[{"embeddable":true,"href":"https:\/\/carpathiacenter.ro\/en\/wp-json\/wp\/v2\/comments?post=2768"}],"version-history":[{"count":1,"href":"https:\/\/carpathiacenter.ro\/en\/wp-json\/wp\/v2\/posts\/2768\/revisions"}],"predecessor-version":[{"id":2770,"href":"https:\/\/carpathiacenter.ro\/en\/wp-json\/wp\/v2\/posts\/2768\/revisions\/2770"}],"wp:featuredmedia":[{"embeddable":true,"href":"https:\/\/carpathiacenter.ro\/en\/wp-json\/wp\/v2\/media\/2769"}],"wp:attachment":[{"href":"https:\/\/carpathiacenter.ro\/en\/wp-json\/wp\/v2\/media?parent=2768"}],"wp:term":[{"taxonomy":"category","embeddable":true,"href":"https:\/\/carpathiacenter.ro\/en\/wp-json\/wp\/v2\/categories?post=2768"},{"taxonomy":"post_tag","embeddable":true,"href":"https:\/\/carpathiacenter.ro\/en\/wp-json\/wp\/v2\/tags?post=2768"}],"curies":[{"name":"wp","href":"https:\/\/api.w.org\/{rel}","templated":true}]}}