{"id":2761,"date":"2025-07-24T07:52:48","date_gmt":"2025-07-24T07:52:48","guid":{"rendered":"https:\/\/carpathiacenter.ro\/?p=2761"},"modified":"2025-07-24T07:52:48","modified_gmt":"2025-07-24T07:52:48","slug":"sedinta-de-guvern-acordarea-anuala-a-burselor-pentru-studii-universitare-si-stagii-de-cercetare-in-strainatate-pe-agenda","status":"publish","type":"post","link":"https:\/\/carpathiacenter.ro\/en\/sedinta-de-guvern-acordarea-anuala-a-burselor-pentru-studii-universitare-si-stagii-de-cercetare-in-strainatate-pe-agenda\/","title":{"rendered":"\u0218edin\u021b\u0103 de Guvern; acordarea anual\u0103 a burselor pentru studii universitare \u0219i stagii de cercetare \u00een str\u0103in\u0103tate, pe agend\u0103"},"content":{"rendered":"<p><strong>Guvernul se reune\u0219te joi \u00een \u0219edin\u021b\u0103, urm\u00e2nd s\u0103 discute un proiect de hot\u0103r\u00e2re privind acordarea anual\u0103 a burselor pentru studii universitare complete \u0219i par\u021biale de licen\u021b\u0103, de masterat \u0219i de doctorat, precum \u0219i pentru stagii de cercetare \u00een str\u0103in\u0103tate.<\/strong><\/p>\n<p>&#8216;Ministerul Educa\u021biei \u0219i Cercet\u0103rii propune ca finan\u021barea burselor s\u0103 se realizeze de la bugetul de stat \u0219i din veniturile proprii ale ministerului provenite din procentul de 5% din \u00eencas\u0103rile \u00een valut\u0103 aferente taxelor percepute de institu\u021biile de \u00eenv\u0103\u021b\u0103m\u00e2nt superior de stat de la studen\u021bii \u0219i cursan\u021bii str\u0103ini. (&#8230;) Ministerul Educa\u021biei \u0219i Cercet\u0103rii va asigura astfel: bursele lunare \u00een moneda euro care pot acoperi, total sau par\u021bial, cheltuielile cu taxele de \u0219colarizare, cazare, hran\u0103, \u00eentre\u021binere \u00een str\u0103in\u0103tate precum \u0219i altele asemenea, asigurarea medical\u0103, doar \u00een cazul \u00een care aceasta nu este acoperit\u0103 de regulamentele europene \u00een vigoare, precum \u0219i transportul interna\u021bional din Rom\u00e2nia p\u00e2n\u0103 la locul de stagiu \u0219i retur, o singur\u0103 dat\u0103 pe an universitar, dac\u0103 acesta nu este asigurat de partea primitoare&#8217;, se explic\u0103 \u00een nota de fundamentare a proiectului.<\/p>\n<p>Pe agenda \u0219edin\u021bei de joi se mai afl\u0103 aprobarea ordonatorilor principali de credite ai bugetului de stat ale c\u0103ror cheltuieli vor fi prezentate \u00een Strategia fiscal-bugetar\u0103 pentru perioada 2026 &#8211; 2028, stabili\u021bi \u00een func\u021bie de cheltuielile din bugetul de stat estimate pentru anul 2025 conform programului actualizat la data de 30 iunie.<\/p>\n<p>Cele 10 ministere propuse ca ordonatori principali de credite sunt: Ministerul Muncii, Familiei, Tineretului \u0219i Solidarit\u0103\u021bii Sociale, Ministerul Educa\u021biei \u0219i Cercet\u0103rii, Ministerul Transporturilor \u0219i Infrastructurii, Ministerul Ap\u0103r\u0103rii Na\u021bionale, Ministerul Afacerilor Interne, Ministerul S\u0103n\u0103t\u0103\u021bii, Ministerul Agriculturii \u0219i Dezvolt\u0103rii Rurale, Ministerul Dezvolt\u0103rii, Lucr\u0103rilor Publice \u0219i Administra\u021biei, Ministerul Investi\u021biilor \u0219i Proiectelor Europene, Ministerul Finan\u021belor.<\/p>\n<p>Cabinetul Bolojan va mai analiza un memorandum prin care Ministerul Finan\u021belor este desemnat s\u0103 semneze un Memorandum de \u00een\u021belegere cu ministerele omoloage din Bulgaria, Croa\u021bia, Ungaria, Polonia, Slovacia, Slovenia \u0219i Macedonia de Nord cu privire la cooperarea pentru dezvoltarea pie\u021belor de capital.<\/p>\n<p>&#8216;Aceast\u0103 ini\u021biativ\u0103 vizeaz\u0103 consolidarea lichidit\u0103\u021bii, atragerea investitorilor interna\u021bionali \u0219i facilitarea accesului la finan\u021bare pentru companii, \u00een special IMM-uri. Obiectivul regional \u00eel reprezint\u0103 crearea unei re\u021bele coordonate de burse de valori (Stock Exchanges) &#8211; re\u021bea interdependent\u0103, dar cu pie\u021be independente, care s\u0103 stimuleze inova\u021bia, dezvoltarea de infrastructur\u0103 \u0219i s\u0103 transmit\u0103 un semnal politic clar privind angajamentul \u021b\u0103rilor din regiune pentru integrarea pie\u021belor de capital&#8217;, prevede memorandumul.<\/p>\n<p>Guvernul va discuta \u0219i normele metodologice de aplicare a Legii privind traseele pedestre de interes na\u021bional \u00een scop recreativ. Acestea vizeaz\u0103 atestarea traseelor pedestre de interes na\u021bional \u00een scop recreativ; reguli generale privind amenajarea \u0219i \u00eentre\u021binerea acestora; responsabilit\u0103\u021bile ce revin unit\u0103\u021bilor administrativ-teritoriale, \u00een calitate de administratori, cu privire la protec\u021bia lor.<\/p>\n<p>Pe agenda Exectivului se afl\u0103 \u0219i o hot\u0103r\u00e2re referitoare la aprobarea notei de fundamentare privind necesitatea \u0219i oportunitatea efectu\u0103rii cheltuielilor aferente proiectului de realizare a sistemului electronic de tarifare rutier\u0103 &#8211; lotul 1. Valoarea total\u0103 a investi\u021biei este de 281.418.697,00 lei. AGERPRES\/(AS &#8211; redactor: Daniel Florea, editor: Claudia St\u0103nescu, editor online: Andreea Preda)<br \/>\n<br \/>\nSursa articolului:<a href=\"https:\/\/agerpres.ro\/politic\/2025\/07\/24\/sedinta-de-guvern-acordarea-anuala-a-burselor-pentru-studii-universitare-si-stagii-de-cercetare-in-s--1470741\" target=\"_blank\" rel=\"noopener\" title=\"\">https:\/\/agerpres.ro\/politic\/2025\/07\/24\/sedinta-de-guvern-acordarea-anuala-a-burselor-pentru-studii-universitare-si-stagii-de-cercetare-in-s&#8211;1470741<\/a><\/p>","protected":false},"excerpt":{"rendered":"<p>Guvernul se reune\u0219te joi \u00een \u0219edin\u021b\u0103, urm\u00e2nd s\u0103 discute un proiect de hot\u0103r\u00e2re privind acordarea anual\u0103 a burselor pentru studii universitare complete \u0219i par\u021biale de licen\u021b\u0103, de masterat \u0219i de doctorat, precum \u0219i pentru stagii de cercetare \u00een str\u0103in\u0103tate. &#8216;Ministerul Educa\u021biei \u0219i Cercet\u0103rii propune ca finan\u021barea burselor s\u0103 se realizeze de la bugetul de stat&#8230;<\/p>","protected":false},"author":4,"featured_media":2763,"comment_status":"open","ping_status":"open","sticky":false,"template":"","format":"standard","meta":{"footnotes":""},"categories":[1],"tags":[],"class_list":["post-2761","post","type-post","status-publish","format-standard","has-post-thumbnail","hentry","category-uncategorized"],"yoast_head":"<!-- This site is optimized with the Yoast SEO plugin v26.1.1 - https:\/\/yoast.com\/wordpress\/plugins\/seo\/ -->\n<title>\u0218edin\u021b\u0103 de Guvern; acordarea anual\u0103 a burselor pentru studii universitare \u0219i stagii de cercetare \u00een str\u0103in\u0103tate, pe agend\u0103 - Carpathia Center Romania<\/title>\n<meta name=\"robots\" content=\"index, follow, max-snippet:-1, max-image-preview:large, max-video-preview:-1\" \/>\n<link rel=\"canonical\" href=\"https:\/\/carpathiacenter.ro\/en\/sedinta-de-guvern-acordarea-anuala-a-burselor-pentru-studii-universitare-si-stagii-de-cercetare-in-strainatate-pe-agenda\/\" \/>\n<meta property=\"og:locale\" content=\"en_GB\" \/>\n<meta property=\"og:type\" content=\"article\" \/>\n<meta property=\"og:title\" content=\"\u0218edin\u021b\u0103 de Guvern; acordarea anual\u0103 a burselor pentru studii universitare \u0219i stagii de cercetare \u00een str\u0103in\u0103tate, pe agend\u0103 - Carpathia Center Romania\" \/>\n<meta property=\"og:description\" content=\"Guvernul se reune\u0219te joi \u00een \u0219edin\u021b\u0103, urm\u00e2nd s\u0103 discute un proiect de hot\u0103r\u00e2re privind acordarea anual\u0103 a burselor pentru studii universitare complete \u0219i par\u021biale de licen\u021b\u0103, de masterat \u0219i de doctorat, precum \u0219i pentru stagii de cercetare \u00een str\u0103in\u0103tate. &#8216;Ministerul Educa\u021biei \u0219i Cercet\u0103rii propune ca finan\u021barea burselor s\u0103 se realizeze de la bugetul de stat...\" \/>\n<meta property=\"og:url\" content=\"https:\/\/carpathiacenter.ro\/en\/sedinta-de-guvern-acordarea-anuala-a-burselor-pentru-studii-universitare-si-stagii-de-cercetare-in-strainatate-pe-agenda\/\" \/>\n<meta property=\"og:site_name\" content=\"Carpathia Center Romania\" \/>\n<meta property=\"article:publisher\" content=\"https:\/\/www.facebook.com\/fdpscarpathia\/\" \/>\n<meta property=\"article:published_time\" content=\"2025-07-24T07:52:48+00:00\" \/>\n<meta property=\"og:image\" content=\"https:\/\/carpathiacenter.ro\/wp-content\/uploads\/2025\/07\/Ilie-Bolojan-1.jpg\" \/>\n\t<meta property=\"og:image:width\" content=\"1901\" \/>\n\t<meta property=\"og:image:height\" content=\"887\" \/>\n\t<meta property=\"og:image:type\" content=\"image\/jpeg\" \/>\n<meta name=\"author\" content=\"creativebitsolutions\" \/>\n<meta name=\"twitter:card\" content=\"summary_large_image\" \/>\n<meta name=\"twitter:label1\" content=\"Written by\" \/>\n\t<meta name=\"twitter:data1\" content=\"creativebitsolutions\" \/>\n\t<meta name=\"twitter:label2\" content=\"Estimated reading time\" \/>\n\t<meta name=\"twitter:data2\" content=\"3 minutes\" \/>\n<script type=\"application\/ld+json\" class=\"yoast-schema-graph\">{\"@context\":\"https:\/\/schema.org\",\"@graph\":[{\"@type\":\"Article\",\"@id\":\"https:\/\/carpathiacenter.ro\/sedinta-de-guvern-acordarea-anuala-a-burselor-pentru-studii-universitare-si-stagii-de-cercetare-in-strainatate-pe-agenda\/#article\",\"isPartOf\":{\"@id\":\"https:\/\/carpathiacenter.ro\/sedinta-de-guvern-acordarea-anuala-a-burselor-pentru-studii-universitare-si-stagii-de-cercetare-in-strainatate-pe-agenda\/\"},\"author\":{\"name\":\"creativebitsolutions\",\"@id\":\"https:\/\/carpathiacenter.ro\/#\/schema\/person\/03d9f58202fee8379268f34afa195006\"},\"headline\":\"\u0218edin\u021b\u0103 de Guvern; acordarea anual\u0103 a burselor pentru studii universitare \u0219i stagii de cercetare \u00een str\u0103in\u0103tate, pe agend\u0103\",\"datePublished\":\"2025-07-24T07:52:48+00:00\",\"mainEntityOfPage\":{\"@id\":\"https:\/\/carpathiacenter.ro\/sedinta-de-guvern-acordarea-anuala-a-burselor-pentru-studii-universitare-si-stagii-de-cercetare-in-strainatate-pe-agenda\/\"},\"wordCount\":572,\"commentCount\":0,\"publisher\":{\"@id\":\"https:\/\/carpathiacenter.ro\/#organization\"},\"image\":{\"@id\":\"https:\/\/carpathiacenter.ro\/sedinta-de-guvern-acordarea-anuala-a-burselor-pentru-studii-universitare-si-stagii-de-cercetare-in-strainatate-pe-agenda\/#primaryimage\"},\"thumbnailUrl\":\"https:\/\/carpathiacenter.ro\/wp-content\/uploads\/2025\/07\/Ilie-Bolojan-1.jpg\",\"articleSection\":[\"Uncategorized\"],\"inLanguage\":\"en-GB\",\"potentialAction\":[{\"@type\":\"CommentAction\",\"name\":\"Comment\",\"target\":[\"https:\/\/carpathiacenter.ro\/sedinta-de-guvern-acordarea-anuala-a-burselor-pentru-studii-universitare-si-stagii-de-cercetare-in-strainatate-pe-agenda\/#respond\"]}]},{\"@type\":\"WebPage\",\"@id\":\"https:\/\/carpathiacenter.ro\/sedinta-de-guvern-acordarea-anuala-a-burselor-pentru-studii-universitare-si-stagii-de-cercetare-in-strainatate-pe-agenda\/\",\"url\":\"https:\/\/carpathiacenter.ro\/sedinta-de-guvern-acordarea-anuala-a-burselor-pentru-studii-universitare-si-stagii-de-cercetare-in-strainatate-pe-agenda\/\",\"name\":\"\u0218edin\u021b\u0103 de Guvern; acordarea anual\u0103 a burselor pentru studii universitare \u0219i stagii de cercetare \u00een str\u0103in\u0103tate, pe agend\u0103 - Carpathia Center Romania\",\"isPartOf\":{\"@id\":\"https:\/\/carpathiacenter.ro\/#website\"},\"primaryImageOfPage\":{\"@id\":\"https:\/\/carpathiacenter.ro\/sedinta-de-guvern-acordarea-anuala-a-burselor-pentru-studii-universitare-si-stagii-de-cercetare-in-strainatate-pe-agenda\/#primaryimage\"},\"image\":{\"@id\":\"https:\/\/carpathiacenter.ro\/sedinta-de-guvern-acordarea-anuala-a-burselor-pentru-studii-universitare-si-stagii-de-cercetare-in-strainatate-pe-agenda\/#primaryimage\"},\"thumbnailUrl\":\"https:\/\/carpathiacenter.ro\/wp-content\/uploads\/2025\/07\/Ilie-Bolojan-1.jpg\",\"datePublished\":\"2025-07-24T07:52:48+00:00\",\"breadcrumb\":{\"@id\":\"https:\/\/carpathiacenter.ro\/sedinta-de-guvern-acordarea-anuala-a-burselor-pentru-studii-universitare-si-stagii-de-cercetare-in-strainatate-pe-agenda\/#breadcrumb\"},\"inLanguage\":\"en-GB\",\"potentialAction\":[{\"@type\":\"ReadAction\",\"target\":[\"https:\/\/carpathiacenter.ro\/sedinta-de-guvern-acordarea-anuala-a-burselor-pentru-studii-universitare-si-stagii-de-cercetare-in-strainatate-pe-agenda\/\"]}]},{\"@type\":\"ImageObject\",\"inLanguage\":\"en-GB\",\"@id\":\"https:\/\/carpathiacenter.ro\/sedinta-de-guvern-acordarea-anuala-a-burselor-pentru-studii-universitare-si-stagii-de-cercetare-in-strainatate-pe-agenda\/#primaryimage\",\"url\":\"https:\/\/carpathiacenter.ro\/wp-content\/uploads\/2025\/07\/Ilie-Bolojan-1.jpg\",\"contentUrl\":\"https:\/\/carpathiacenter.ro\/wp-content\/uploads\/2025\/07\/Ilie-Bolojan-1.jpg\",\"width\":1901,\"height\":887},{\"@type\":\"BreadcrumbList\",\"@id\":\"https:\/\/carpathiacenter.ro\/sedinta-de-guvern-acordarea-anuala-a-burselor-pentru-studii-universitare-si-stagii-de-cercetare-in-strainatate-pe-agenda\/#breadcrumb\",\"itemListElement\":[{\"@type\":\"ListItem\",\"position\":1,\"name\":\"Prima pagin\u0103\",\"item\":\"https:\/\/carpathiacenter.ro\/\"},{\"@type\":\"ListItem\",\"position\":2,\"name\":\"\u0218edin\u021b\u0103 de Guvern; acordarea anual\u0103 a burselor pentru studii universitare \u0219i stagii de cercetare \u00een str\u0103in\u0103tate, pe agend\u0103\"}]},{\"@type\":\"WebSite\",\"@id\":\"https:\/\/carpathiacenter.ro\/#website\",\"url\":\"https:\/\/carpathiacenter.ro\/\",\"name\":\"Carpathia Center Romania\",\"description\":\"Impossible made possible!\",\"publisher\":{\"@id\":\"https:\/\/carpathiacenter.ro\/#organization\"},\"potentialAction\":[{\"@type\":\"SearchAction\",\"target\":{\"@type\":\"EntryPoint\",\"urlTemplate\":\"https:\/\/carpathiacenter.ro\/?s={search_term_string}\"},\"query-input\":{\"@type\":\"PropertyValueSpecification\",\"valueRequired\":true,\"valueName\":\"search_term_string\"}}],\"inLanguage\":\"en-GB\"},{\"@type\":\"Organization\",\"@id\":\"https:\/\/carpathiacenter.ro\/#organization\",\"name\":\"Carpathia Center Romania\",\"url\":\"https:\/\/carpathiacenter.ro\/\",\"logo\":{\"@type\":\"ImageObject\",\"inLanguage\":\"en-GB\",\"@id\":\"https:\/\/carpathiacenter.ro\/#\/schema\/logo\/image\/\",\"url\":\"https:\/\/carpathiacenter.ro\/wp-content\/uploads\/2024\/07\/logo-carpathia_bg_white-1024x941.png\",\"contentUrl\":\"https:\/\/carpathiacenter.ro\/wp-content\/uploads\/2024\/07\/logo-carpathia_bg_white-1024x941.png\",\"width\":1024,\"height\":941,\"caption\":\"Carpathia Center Romania\"},\"image\":{\"@id\":\"https:\/\/carpathiacenter.ro\/#\/schema\/logo\/image\/\"},\"sameAs\":[\"https:\/\/www.facebook.com\/fdpscarpathia\/\"]},{\"@type\":\"Person\",\"@id\":\"https:\/\/carpathiacenter.ro\/#\/schema\/person\/03d9f58202fee8379268f34afa195006\",\"name\":\"creativebitsolutions\",\"image\":{\"@type\":\"ImageObject\",\"inLanguage\":\"en-GB\",\"@id\":\"https:\/\/carpathiacenter.ro\/#\/schema\/person\/image\/\",\"url\":\"https:\/\/secure.gravatar.com\/avatar\/1b1a13e37f847c635dab78348f1dff2f07651ee2a3d77a5c355a4b8c75f9165a?s=96&d=mm&r=g\",\"contentUrl\":\"https:\/\/secure.gravatar.com\/avatar\/1b1a13e37f847c635dab78348f1dff2f07651ee2a3d77a5c355a4b8c75f9165a?s=96&d=mm&r=g\",\"caption\":\"creativebitsolutions\"},\"url\":\"https:\/\/carpathiacenter.ro\/en\/author\/creativebitsolutions\/\"}]}<\/script>\n<!-- \/ Yoast SEO plugin. -->","yoast_head_json":{"title":"\u0218edin\u021b\u0103 de Guvern; acordarea anual\u0103 a burselor pentru studii universitare \u0219i stagii de cercetare \u00een str\u0103in\u0103tate, pe agend\u0103 - Carpathia Center Romania","robots":{"index":"index","follow":"follow","max-snippet":"max-snippet:-1","max-image-preview":"max-image-preview:large","max-video-preview":"max-video-preview:-1"},"canonical":"https:\/\/carpathiacenter.ro\/en\/sedinta-de-guvern-acordarea-anuala-a-burselor-pentru-studii-universitare-si-stagii-de-cercetare-in-strainatate-pe-agenda\/","og_locale":"en_GB","og_type":"article","og_title":"\u0218edin\u021b\u0103 de Guvern; acordarea anual\u0103 a burselor pentru studii universitare \u0219i stagii de cercetare \u00een str\u0103in\u0103tate, pe agend\u0103 - Carpathia Center Romania","og_description":"Guvernul se reune\u0219te joi \u00een \u0219edin\u021b\u0103, urm\u00e2nd s\u0103 discute un proiect de hot\u0103r\u00e2re privind acordarea anual\u0103 a burselor pentru studii universitare complete \u0219i par\u021biale de licen\u021b\u0103, de masterat \u0219i de doctorat, precum \u0219i pentru stagii de cercetare \u00een str\u0103in\u0103tate. &#8216;Ministerul Educa\u021biei \u0219i Cercet\u0103rii propune ca finan\u021barea burselor s\u0103 se realizeze de la bugetul de stat...","og_url":"https:\/\/carpathiacenter.ro\/en\/sedinta-de-guvern-acordarea-anuala-a-burselor-pentru-studii-universitare-si-stagii-de-cercetare-in-strainatate-pe-agenda\/","og_site_name":"Carpathia Center Romania","article_publisher":"https:\/\/www.facebook.com\/fdpscarpathia\/","article_published_time":"2025-07-24T07:52:48+00:00","og_image":[{"width":1901,"height":887,"url":"https:\/\/carpathiacenter.ro\/wp-content\/uploads\/2025\/07\/Ilie-Bolojan-1.jpg","type":"image\/jpeg"}],"author":"creativebitsolutions","twitter_card":"summary_large_image","twitter_misc":{"Written by":"creativebitsolutions","Estimated reading time":"3 minutes"},"schema":{"@context":"https:\/\/schema.org","@graph":[{"@type":"Article","@id":"https:\/\/carpathiacenter.ro\/sedinta-de-guvern-acordarea-anuala-a-burselor-pentru-studii-universitare-si-stagii-de-cercetare-in-strainatate-pe-agenda\/#article","isPartOf":{"@id":"https:\/\/carpathiacenter.ro\/sedinta-de-guvern-acordarea-anuala-a-burselor-pentru-studii-universitare-si-stagii-de-cercetare-in-strainatate-pe-agenda\/"},"author":{"name":"creativebitsolutions","@id":"https:\/\/carpathiacenter.ro\/#\/schema\/person\/03d9f58202fee8379268f34afa195006"},"headline":"\u0218edin\u021b\u0103 de Guvern; acordarea anual\u0103 a burselor pentru studii universitare \u0219i stagii de cercetare \u00een str\u0103in\u0103tate, pe agend\u0103","datePublished":"2025-07-24T07:52:48+00:00","mainEntityOfPage":{"@id":"https:\/\/carpathiacenter.ro\/sedinta-de-guvern-acordarea-anuala-a-burselor-pentru-studii-universitare-si-stagii-de-cercetare-in-strainatate-pe-agenda\/"},"wordCount":572,"commentCount":0,"publisher":{"@id":"https:\/\/carpathiacenter.ro\/#organization"},"image":{"@id":"https:\/\/carpathiacenter.ro\/sedinta-de-guvern-acordarea-anuala-a-burselor-pentru-studii-universitare-si-stagii-de-cercetare-in-strainatate-pe-agenda\/#primaryimage"},"thumbnailUrl":"https:\/\/carpathiacenter.ro\/wp-content\/uploads\/2025\/07\/Ilie-Bolojan-1.jpg","articleSection":["Uncategorized"],"inLanguage":"en-GB","potentialAction":[{"@type":"CommentAction","name":"Comment","target":["https:\/\/carpathiacenter.ro\/sedinta-de-guvern-acordarea-anuala-a-burselor-pentru-studii-universitare-si-stagii-de-cercetare-in-strainatate-pe-agenda\/#respond"]}]},{"@type":"WebPage","@id":"https:\/\/carpathiacenter.ro\/sedinta-de-guvern-acordarea-anuala-a-burselor-pentru-studii-universitare-si-stagii-de-cercetare-in-strainatate-pe-agenda\/","url":"https:\/\/carpathiacenter.ro\/sedinta-de-guvern-acordarea-anuala-a-burselor-pentru-studii-universitare-si-stagii-de-cercetare-in-strainatate-pe-agenda\/","name":"\u0218edin\u021b\u0103 de Guvern; acordarea anual\u0103 a burselor pentru studii universitare \u0219i stagii de cercetare \u00een str\u0103in\u0103tate, pe agend\u0103 - Carpathia Center Romania","isPartOf":{"@id":"https:\/\/carpathiacenter.ro\/#website"},"primaryImageOfPage":{"@id":"https:\/\/carpathiacenter.ro\/sedinta-de-guvern-acordarea-anuala-a-burselor-pentru-studii-universitare-si-stagii-de-cercetare-in-strainatate-pe-agenda\/#primaryimage"},"image":{"@id":"https:\/\/carpathiacenter.ro\/sedinta-de-guvern-acordarea-anuala-a-burselor-pentru-studii-universitare-si-stagii-de-cercetare-in-strainatate-pe-agenda\/#primaryimage"},"thumbnailUrl":"https:\/\/carpathiacenter.ro\/wp-content\/uploads\/2025\/07\/Ilie-Bolojan-1.jpg","datePublished":"2025-07-24T07:52:48+00:00","breadcrumb":{"@id":"https:\/\/carpathiacenter.ro\/sedinta-de-guvern-acordarea-anuala-a-burselor-pentru-studii-universitare-si-stagii-de-cercetare-in-strainatate-pe-agenda\/#breadcrumb"},"inLanguage":"en-GB","potentialAction":[{"@type":"ReadAction","target":["https:\/\/carpathiacenter.ro\/sedinta-de-guvern-acordarea-anuala-a-burselor-pentru-studii-universitare-si-stagii-de-cercetare-in-strainatate-pe-agenda\/"]}]},{"@type":"ImageObject","inLanguage":"en-GB","@id":"https:\/\/carpathiacenter.ro\/sedinta-de-guvern-acordarea-anuala-a-burselor-pentru-studii-universitare-si-stagii-de-cercetare-in-strainatate-pe-agenda\/#primaryimage","url":"https:\/\/carpathiacenter.ro\/wp-content\/uploads\/2025\/07\/Ilie-Bolojan-1.jpg","contentUrl":"https:\/\/carpathiacenter.ro\/wp-content\/uploads\/2025\/07\/Ilie-Bolojan-1.jpg","width":1901,"height":887},{"@type":"BreadcrumbList","@id":"https:\/\/carpathiacenter.ro\/sedinta-de-guvern-acordarea-anuala-a-burselor-pentru-studii-universitare-si-stagii-de-cercetare-in-strainatate-pe-agenda\/#breadcrumb","itemListElement":[{"@type":"ListItem","position":1,"name":"Prima pagin\u0103","item":"https:\/\/carpathiacenter.ro\/"},{"@type":"ListItem","position":2,"name":"\u0218edin\u021b\u0103 de Guvern; acordarea anual\u0103 a burselor pentru studii universitare \u0219i stagii de cercetare \u00een str\u0103in\u0103tate, pe agend\u0103"}]},{"@type":"WebSite","@id":"https:\/\/carpathiacenter.ro\/#website","url":"https:\/\/carpathiacenter.ro\/","name":"Carpathia Center Romania","description":"Impossible made possible!","publisher":{"@id":"https:\/\/carpathiacenter.ro\/#organization"},"potentialAction":[{"@type":"SearchAction","target":{"@type":"EntryPoint","urlTemplate":"https:\/\/carpathiacenter.ro\/?s={search_term_string}"},"query-input":{"@type":"PropertyValueSpecification","valueRequired":true,"valueName":"search_term_string"}}],"inLanguage":"en-GB"},{"@type":"Organization","@id":"https:\/\/carpathiacenter.ro\/#organization","name":"Carpathia Center Romania","url":"https:\/\/carpathiacenter.ro\/","logo":{"@type":"ImageObject","inLanguage":"en-GB","@id":"https:\/\/carpathiacenter.ro\/#\/schema\/logo\/image\/","url":"https:\/\/carpathiacenter.ro\/wp-content\/uploads\/2024\/07\/logo-carpathia_bg_white-1024x941.png","contentUrl":"https:\/\/carpathiacenter.ro\/wp-content\/uploads\/2024\/07\/logo-carpathia_bg_white-1024x941.png","width":1024,"height":941,"caption":"Carpathia Center Romania"},"image":{"@id":"https:\/\/carpathiacenter.ro\/#\/schema\/logo\/image\/"},"sameAs":["https:\/\/www.facebook.com\/fdpscarpathia\/"]},{"@type":"Person","@id":"https:\/\/carpathiacenter.ro\/#\/schema\/person\/03d9f58202fee8379268f34afa195006","name":"creativebitsolutions","image":{"@type":"ImageObject","inLanguage":"en-GB","@id":"https:\/\/carpathiacenter.ro\/#\/schema\/person\/image\/","url":"https:\/\/secure.gravatar.com\/avatar\/1b1a13e37f847c635dab78348f1dff2f07651ee2a3d77a5c355a4b8c75f9165a?s=96&d=mm&r=g","contentUrl":"https:\/\/secure.gravatar.com\/avatar\/1b1a13e37f847c635dab78348f1dff2f07651ee2a3d77a5c355a4b8c75f9165a?s=96&d=mm&r=g","caption":"creativebitsolutions"},"url":"https:\/\/carpathiacenter.ro\/en\/author\/creativebitsolutions\/"}]}},"_links":{"self":[{"href":"https:\/\/carpathiacenter.ro\/en\/wp-json\/wp\/v2\/posts\/2761","targetHints":{"allow":["GET"]}}],"collection":[{"href":"https:\/\/carpathiacenter.ro\/en\/wp-json\/wp\/v2\/posts"}],"about":[{"href":"https:\/\/carpathiacenter.ro\/en\/wp-json\/wp\/v2\/types\/post"}],"author":[{"embeddable":true,"href":"https:\/\/carpathiacenter.ro\/en\/wp-json\/wp\/v2\/users\/4"}],"replies":[{"embeddable":true,"href":"https:\/\/carpathiacenter.ro\/en\/wp-json\/wp\/v2\/comments?post=2761"}],"version-history":[{"count":1,"href":"https:\/\/carpathiacenter.ro\/en\/wp-json\/wp\/v2\/posts\/2761\/revisions"}],"predecessor-version":[{"id":2764,"href":"https:\/\/carpathiacenter.ro\/en\/wp-json\/wp\/v2\/posts\/2761\/revisions\/2764"}],"wp:featuredmedia":[{"embeddable":true,"href":"https:\/\/carpathiacenter.ro\/en\/wp-json\/wp\/v2\/media\/2763"}],"wp:attachment":[{"href":"https:\/\/carpathiacenter.ro\/en\/wp-json\/wp\/v2\/media?parent=2761"}],"wp:term":[{"taxonomy":"category","embeddable":true,"href":"https:\/\/carpathiacenter.ro\/en\/wp-json\/wp\/v2\/categories?post=2761"},{"taxonomy":"post_tag","embeddable":true,"href":"https:\/\/carpathiacenter.ro\/en\/wp-json\/wp\/v2\/tags?post=2761"}],"curies":[{"name":"wp","href":"https:\/\/api.w.org\/{rel}","templated":true}]}}