{"id":2754,"date":"2025-07-23T11:22:01","date_gmt":"2025-07-23T11:22:01","guid":{"rendered":"https:\/\/carpathiacenter.ro\/?p=2754"},"modified":"2025-07-23T11:22:01","modified_gmt":"2025-07-23T11:22:01","slug":"video-anastasiu-decizia-privind-companiile-ce-vor-fi-listate-va-trebui-luata-foarte-curand-pentru-a-nu-rata-jalonul-din-pnrr","status":"publish","type":"post","link":"https:\/\/carpathiacenter.ro\/en\/video-anastasiu-decizia-privind-companiile-ce-vor-fi-listate-va-trebui-luata-foarte-curand-pentru-a-nu-rata-jalonul-din-pnrr\/","title":{"rendered":"VIDEO Anastasiu: Decizia privind companiile ce vor fi listate va trebui luat\u0103 foarte cur\u00e2nd, pentru a nu rata jalonul din PNRR"},"content":{"rendered":"<p><strong>Decizia privind companiile ce vor fi listate la burs\u0103 este una politic\u0103 \u0219i va trebui luat\u0103 foarte cur\u00e2nd pentru a nu rata jalonul din Planul Na\u021bional de Redresare \u0219i Rezilien\u021b\u0103, a declarat, mar\u021bi, vicepremierul Drago\u0219 Anastasiu, \u00eentr-o conferin\u021b\u0103 de pres\u0103 sus\u021binut\u0103 la Palatul Victoria.<\/strong><\/p>\n<p>&#8216;\u00cen primul r\u00e2nd, \u00een PNRR ne-am luat noi obliga\u021bia de a lista cel pu\u021bin trei companii la burs\u0103 \u0219i asta va trebui s\u0103 facem dac\u0103 nu vrem s\u0103 rat\u0103m jalonul. \u00cen rest, cu siguran\u021b\u0103 c\u0103 e o decizie politic\u0103 care va trebui s\u0103 fie luat\u0103 \u0219i una dintre variantele care pot fi discutate \u00een sensul eficientiz\u0103rii companiilor respective&#8217;, a spus Anastasiu.<\/p>\n<p><\/p>\n<p><iframe allow=\"autoplay; clipboard-write; encrypted-media; picture-in-picture; web-share\" allowfullscreen=\"true\" frameborder=\"0\" height=\"429\" scrolling=\"no\" src=\"https:\/\/www.facebook.com\/plugins\/video.php?height=314&amp;href=https%3A%2F%2Fwww.facebook.com%2Fguv.ro%2Fvideos%2F1064525279119786%2F&amp;show_text=true&amp;width=560&amp;t=0\" style=\"border:none;overflow:hidden\" width=\"560\"><\/iframe><\/p>\n<p>El a subliniat c\u0103 obliga\u021bia din PNRR se refer\u0103 la companii din energie \u0219i transporturi \u0219i c\u0103, dac\u0103 este vorba despre companii neprofitabile, acestea ar trebui s\u0103 fie reformate \u0219i eficientizate \u0219i listate \u00eentr-un moment \u00een care se pot ob\u021bine mai mul\u021bi bani.<\/p>\n<p>&#8216;Este obliga\u021bia \u00een PNRR pe energie \u0219i transporturi. Acolo e obliga\u021bia. Deci fie din energie, fie din transporturi. Sigur c\u0103, \u0219ti\u021bi cum e, dac\u0103 list\u0103m companii neprofitabile, nu e foarte bine pentru c\u0103 valorile sunt foarte mici. Ideal este s\u0103 reform\u0103m, s\u0103 eficientiz\u0103m companiile \u0219i s\u0103 le list\u0103m \u00eentr-un moment \u00een care putem s\u0103 ob\u021binem mai mul\u021bi bani. Dar nu m\u0103 \u00eentreba\u021bi care dintre companii vor fi listate pentru c\u0103 aceast\u0103 decizie \u00eenc\u0103 nu a fost luat\u0103. Va trebui s\u0103 fie luat\u0103 \u00eens\u0103 foarte cur\u00e2nd pentru c\u0103 altfel o s\u0103 rat\u0103m jalonul din PNRR&#8217;, a punctat Anastasiu.<\/p>\n<p>\u00centrebat dac\u0103 se ia \u00een calcul listarea unor pachete suplimentare la companii aflate deja pe burs\u0103, precum Hidroelectrica, vicepremierul a reiterat c\u0103 decizia este una politic\u0103 \u0219i a precizat c\u0103 va trebui s\u0103 se \u021bin\u0103 cont de strategia de siguran\u021b\u0103 na\u021bional\u0103. AGERPRES\/(AS-redactor: Nicoleta Gherasi, editor: Mariana Nica, editor online: Andreea Preda)<br \/>\n<br \/>\nSursa articolului:<a href=\"https:\/\/agerpres.ro\/politic\/2025\/07\/22\/video-anastasiu-decizia-privind-companiile-ce-vor-fi-listate-va-trebui-luata-foarte-curand-pentru-a---1470426\" target=\"_blank\" rel=\"noopener\" title=\"\">https:\/\/agerpres.ro\/politic\/2025\/07\/22\/video-anastasiu-decizia-privind-companiile-ce-vor-fi-listate-va-trebui-luata-foarte-curand-pentru-a&#8212;1470426<\/a><\/p>","protected":false},"excerpt":{"rendered":"<p>Decizia privind companiile ce vor fi listate la burs\u0103 este una politic\u0103 \u0219i va trebui luat\u0103 foarte cur\u00e2nd pentru a nu rata jalonul din Planul Na\u021bional de Redresare \u0219i Rezilien\u021b\u0103, a declarat, mar\u021bi, vicepremierul Drago\u0219 Anastasiu, \u00eentr-o conferin\u021b\u0103 de pres\u0103 sus\u021binut\u0103 la Palatul Victoria. &#8216;\u00cen primul r\u00e2nd, \u00een PNRR ne-am luat noi obliga\u021bia de a&#8230;<\/p>","protected":false},"author":4,"featured_media":2755,"comment_status":"open","ping_status":"open","sticky":false,"template":"","format":"standard","meta":{"footnotes":""},"categories":[1],"tags":[],"class_list":["post-2754","post","type-post","status-publish","format-standard","has-post-thumbnail","hentry","category-uncategorized"],"yoast_head":"<!-- This site is optimized with the Yoast SEO plugin v26.1.1 - https:\/\/yoast.com\/wordpress\/plugins\/seo\/ -->\n<title>VIDEO Anastasiu: Decizia privind companiile ce vor fi listate va trebui luat\u0103 foarte cur\u00e2nd, pentru a nu rata jalonul din PNRR - Carpathia Center Romania<\/title>\n<meta name=\"robots\" content=\"index, follow, max-snippet:-1, max-image-preview:large, max-video-preview:-1\" \/>\n<link rel=\"canonical\" href=\"https:\/\/carpathiacenter.ro\/en\/video-anastasiu-decizia-privind-companiile-ce-vor-fi-listate-va-trebui-luata-foarte-curand-pentru-a-nu-rata-jalonul-din-pnrr\/\" \/>\n<meta property=\"og:locale\" content=\"en_GB\" \/>\n<meta property=\"og:type\" content=\"article\" \/>\n<meta property=\"og:title\" content=\"VIDEO Anastasiu: Decizia privind companiile ce vor fi listate va trebui luat\u0103 foarte cur\u00e2nd, pentru a nu rata jalonul din PNRR - Carpathia Center Romania\" \/>\n<meta property=\"og:description\" content=\"Decizia privind companiile ce vor fi listate la burs\u0103 este una politic\u0103 \u0219i va trebui luat\u0103 foarte cur\u00e2nd pentru a nu rata jalonul din Planul Na\u021bional de Redresare \u0219i Rezilien\u021b\u0103, a declarat, mar\u021bi, vicepremierul Drago\u0219 Anastasiu, \u00eentr-o conferin\u021b\u0103 de pres\u0103 sus\u021binut\u0103 la Palatul Victoria. &#8216;\u00cen primul r\u00e2nd, \u00een PNRR ne-am luat noi obliga\u021bia de a...\" \/>\n<meta property=\"og:url\" content=\"https:\/\/carpathiacenter.ro\/en\/video-anastasiu-decizia-privind-companiile-ce-vor-fi-listate-va-trebui-luata-foarte-curand-pentru-a-nu-rata-jalonul-din-pnrr\/\" \/>\n<meta property=\"og:site_name\" content=\"Carpathia Center Romania\" \/>\n<meta property=\"article:publisher\" content=\"https:\/\/www.facebook.com\/fdpscarpathia\/\" \/>\n<meta property=\"article:published_time\" content=\"2025-07-23T11:22:01+00:00\" \/>\n<meta property=\"og:image\" content=\"https:\/\/carpathiacenter.ro\/wp-content\/uploads\/2025\/07\/Vicepremierul-Anastasiu.jpg\" \/>\n\t<meta property=\"og:image:width\" content=\"514\" \/>\n\t<meta property=\"og:image:height\" content=\"342\" \/>\n\t<meta property=\"og:image:type\" content=\"image\/jpeg\" \/>\n<meta name=\"author\" content=\"creativebitsolutions\" \/>\n<meta name=\"twitter:card\" content=\"summary_large_image\" \/>\n<meta name=\"twitter:label1\" content=\"Written by\" \/>\n\t<meta name=\"twitter:data1\" content=\"creativebitsolutions\" \/>\n\t<meta name=\"twitter:label2\" content=\"Estimated reading time\" \/>\n\t<meta name=\"twitter:data2\" content=\"2 minutes\" \/>\n<script type=\"application\/ld+json\" class=\"yoast-schema-graph\">{\"@context\":\"https:\/\/schema.org\",\"@graph\":[{\"@type\":\"Article\",\"@id\":\"https:\/\/carpathiacenter.ro\/video-anastasiu-decizia-privind-companiile-ce-vor-fi-listate-va-trebui-luata-foarte-curand-pentru-a-nu-rata-jalonul-din-pnrr\/#article\",\"isPartOf\":{\"@id\":\"https:\/\/carpathiacenter.ro\/video-anastasiu-decizia-privind-companiile-ce-vor-fi-listate-va-trebui-luata-foarte-curand-pentru-a-nu-rata-jalonul-din-pnrr\/\"},\"author\":{\"name\":\"creativebitsolutions\",\"@id\":\"https:\/\/carpathiacenter.ro\/#\/schema\/person\/03d9f58202fee8379268f34afa195006\"},\"headline\":\"VIDEO Anastasiu: Decizia privind companiile ce vor fi listate va trebui luat\u0103 foarte cur\u00e2nd, pentru a nu rata jalonul din PNRR\",\"datePublished\":\"2025-07-23T11:22:01+00:00\",\"mainEntityOfPage\":{\"@id\":\"https:\/\/carpathiacenter.ro\/video-anastasiu-decizia-privind-companiile-ce-vor-fi-listate-va-trebui-luata-foarte-curand-pentru-a-nu-rata-jalonul-din-pnrr\/\"},\"wordCount\":351,\"commentCount\":0,\"publisher\":{\"@id\":\"https:\/\/carpathiacenter.ro\/#organization\"},\"image\":{\"@id\":\"https:\/\/carpathiacenter.ro\/video-anastasiu-decizia-privind-companiile-ce-vor-fi-listate-va-trebui-luata-foarte-curand-pentru-a-nu-rata-jalonul-din-pnrr\/#primaryimage\"},\"thumbnailUrl\":\"https:\/\/carpathiacenter.ro\/wp-content\/uploads\/2025\/07\/Vicepremierul-Anastasiu.jpg\",\"articleSection\":[\"Uncategorized\"],\"inLanguage\":\"en-GB\",\"potentialAction\":[{\"@type\":\"CommentAction\",\"name\":\"Comment\",\"target\":[\"https:\/\/carpathiacenter.ro\/video-anastasiu-decizia-privind-companiile-ce-vor-fi-listate-va-trebui-luata-foarte-curand-pentru-a-nu-rata-jalonul-din-pnrr\/#respond\"]}]},{\"@type\":\"WebPage\",\"@id\":\"https:\/\/carpathiacenter.ro\/video-anastasiu-decizia-privind-companiile-ce-vor-fi-listate-va-trebui-luata-foarte-curand-pentru-a-nu-rata-jalonul-din-pnrr\/\",\"url\":\"https:\/\/carpathiacenter.ro\/video-anastasiu-decizia-privind-companiile-ce-vor-fi-listate-va-trebui-luata-foarte-curand-pentru-a-nu-rata-jalonul-din-pnrr\/\",\"name\":\"VIDEO Anastasiu: Decizia privind companiile ce vor fi listate va trebui luat\u0103 foarte cur\u00e2nd, pentru a nu rata jalonul din PNRR - Carpathia Center Romania\",\"isPartOf\":{\"@id\":\"https:\/\/carpathiacenter.ro\/#website\"},\"primaryImageOfPage\":{\"@id\":\"https:\/\/carpathiacenter.ro\/video-anastasiu-decizia-privind-companiile-ce-vor-fi-listate-va-trebui-luata-foarte-curand-pentru-a-nu-rata-jalonul-din-pnrr\/#primaryimage\"},\"image\":{\"@id\":\"https:\/\/carpathiacenter.ro\/video-anastasiu-decizia-privind-companiile-ce-vor-fi-listate-va-trebui-luata-foarte-curand-pentru-a-nu-rata-jalonul-din-pnrr\/#primaryimage\"},\"thumbnailUrl\":\"https:\/\/carpathiacenter.ro\/wp-content\/uploads\/2025\/07\/Vicepremierul-Anastasiu.jpg\",\"datePublished\":\"2025-07-23T11:22:01+00:00\",\"breadcrumb\":{\"@id\":\"https:\/\/carpathiacenter.ro\/video-anastasiu-decizia-privind-companiile-ce-vor-fi-listate-va-trebui-luata-foarte-curand-pentru-a-nu-rata-jalonul-din-pnrr\/#breadcrumb\"},\"inLanguage\":\"en-GB\",\"potentialAction\":[{\"@type\":\"ReadAction\",\"target\":[\"https:\/\/carpathiacenter.ro\/video-anastasiu-decizia-privind-companiile-ce-vor-fi-listate-va-trebui-luata-foarte-curand-pentru-a-nu-rata-jalonul-din-pnrr\/\"]}]},{\"@type\":\"ImageObject\",\"inLanguage\":\"en-GB\",\"@id\":\"https:\/\/carpathiacenter.ro\/video-anastasiu-decizia-privind-companiile-ce-vor-fi-listate-va-trebui-luata-foarte-curand-pentru-a-nu-rata-jalonul-din-pnrr\/#primaryimage\",\"url\":\"https:\/\/carpathiacenter.ro\/wp-content\/uploads\/2025\/07\/Vicepremierul-Anastasiu.jpg\",\"contentUrl\":\"https:\/\/carpathiacenter.ro\/wp-content\/uploads\/2025\/07\/Vicepremierul-Anastasiu.jpg\",\"width\":514,\"height\":342},{\"@type\":\"BreadcrumbList\",\"@id\":\"https:\/\/carpathiacenter.ro\/video-anastasiu-decizia-privind-companiile-ce-vor-fi-listate-va-trebui-luata-foarte-curand-pentru-a-nu-rata-jalonul-din-pnrr\/#breadcrumb\",\"itemListElement\":[{\"@type\":\"ListItem\",\"position\":1,\"name\":\"Prima pagin\u0103\",\"item\":\"https:\/\/carpathiacenter.ro\/\"},{\"@type\":\"ListItem\",\"position\":2,\"name\":\"VIDEO Anastasiu: Decizia privind companiile ce vor fi listate va trebui luat\u0103 foarte cur\u00e2nd, pentru a nu rata jalonul din PNRR\"}]},{\"@type\":\"WebSite\",\"@id\":\"https:\/\/carpathiacenter.ro\/#website\",\"url\":\"https:\/\/carpathiacenter.ro\/\",\"name\":\"Carpathia Center Romania\",\"description\":\"Impossible made possible!\",\"publisher\":{\"@id\":\"https:\/\/carpathiacenter.ro\/#organization\"},\"potentialAction\":[{\"@type\":\"SearchAction\",\"target\":{\"@type\":\"EntryPoint\",\"urlTemplate\":\"https:\/\/carpathiacenter.ro\/?s={search_term_string}\"},\"query-input\":{\"@type\":\"PropertyValueSpecification\",\"valueRequired\":true,\"valueName\":\"search_term_string\"}}],\"inLanguage\":\"en-GB\"},{\"@type\":\"Organization\",\"@id\":\"https:\/\/carpathiacenter.ro\/#organization\",\"name\":\"Carpathia Center Romania\",\"url\":\"https:\/\/carpathiacenter.ro\/\",\"logo\":{\"@type\":\"ImageObject\",\"inLanguage\":\"en-GB\",\"@id\":\"https:\/\/carpathiacenter.ro\/#\/schema\/logo\/image\/\",\"url\":\"https:\/\/carpathiacenter.ro\/wp-content\/uploads\/2024\/07\/logo-carpathia_bg_white-1024x941.png\",\"contentUrl\":\"https:\/\/carpathiacenter.ro\/wp-content\/uploads\/2024\/07\/logo-carpathia_bg_white-1024x941.png\",\"width\":1024,\"height\":941,\"caption\":\"Carpathia Center Romania\"},\"image\":{\"@id\":\"https:\/\/carpathiacenter.ro\/#\/schema\/logo\/image\/\"},\"sameAs\":[\"https:\/\/www.facebook.com\/fdpscarpathia\/\"]},{\"@type\":\"Person\",\"@id\":\"https:\/\/carpathiacenter.ro\/#\/schema\/person\/03d9f58202fee8379268f34afa195006\",\"name\":\"creativebitsolutions\",\"image\":{\"@type\":\"ImageObject\",\"inLanguage\":\"en-GB\",\"@id\":\"https:\/\/carpathiacenter.ro\/#\/schema\/person\/image\/\",\"url\":\"https:\/\/secure.gravatar.com\/avatar\/1b1a13e37f847c635dab78348f1dff2f07651ee2a3d77a5c355a4b8c75f9165a?s=96&d=mm&r=g\",\"contentUrl\":\"https:\/\/secure.gravatar.com\/avatar\/1b1a13e37f847c635dab78348f1dff2f07651ee2a3d77a5c355a4b8c75f9165a?s=96&d=mm&r=g\",\"caption\":\"creativebitsolutions\"},\"url\":\"https:\/\/carpathiacenter.ro\/en\/author\/creativebitsolutions\/\"}]}<\/script>\n<!-- \/ Yoast SEO plugin. -->","yoast_head_json":{"title":"VIDEO Anastasiu: Decizia privind companiile ce vor fi listate va trebui luat\u0103 foarte cur\u00e2nd, pentru a nu rata jalonul din PNRR - Carpathia Center Romania","robots":{"index":"index","follow":"follow","max-snippet":"max-snippet:-1","max-image-preview":"max-image-preview:large","max-video-preview":"max-video-preview:-1"},"canonical":"https:\/\/carpathiacenter.ro\/en\/video-anastasiu-decizia-privind-companiile-ce-vor-fi-listate-va-trebui-luata-foarte-curand-pentru-a-nu-rata-jalonul-din-pnrr\/","og_locale":"en_GB","og_type":"article","og_title":"VIDEO Anastasiu: Decizia privind companiile ce vor fi listate va trebui luat\u0103 foarte cur\u00e2nd, pentru a nu rata jalonul din PNRR - Carpathia Center Romania","og_description":"Decizia privind companiile ce vor fi listate la burs\u0103 este una politic\u0103 \u0219i va trebui luat\u0103 foarte cur\u00e2nd pentru a nu rata jalonul din Planul Na\u021bional de Redresare \u0219i Rezilien\u021b\u0103, a declarat, mar\u021bi, vicepremierul Drago\u0219 Anastasiu, \u00eentr-o conferin\u021b\u0103 de pres\u0103 sus\u021binut\u0103 la Palatul Victoria. &#8216;\u00cen primul r\u00e2nd, \u00een PNRR ne-am luat noi obliga\u021bia de a...","og_url":"https:\/\/carpathiacenter.ro\/en\/video-anastasiu-decizia-privind-companiile-ce-vor-fi-listate-va-trebui-luata-foarte-curand-pentru-a-nu-rata-jalonul-din-pnrr\/","og_site_name":"Carpathia Center Romania","article_publisher":"https:\/\/www.facebook.com\/fdpscarpathia\/","article_published_time":"2025-07-23T11:22:01+00:00","og_image":[{"width":514,"height":342,"url":"https:\/\/carpathiacenter.ro\/wp-content\/uploads\/2025\/07\/Vicepremierul-Anastasiu.jpg","type":"image\/jpeg"}],"author":"creativebitsolutions","twitter_card":"summary_large_image","twitter_misc":{"Written by":"creativebitsolutions","Estimated reading time":"2 minutes"},"schema":{"@context":"https:\/\/schema.org","@graph":[{"@type":"Article","@id":"https:\/\/carpathiacenter.ro\/video-anastasiu-decizia-privind-companiile-ce-vor-fi-listate-va-trebui-luata-foarte-curand-pentru-a-nu-rata-jalonul-din-pnrr\/#article","isPartOf":{"@id":"https:\/\/carpathiacenter.ro\/video-anastasiu-decizia-privind-companiile-ce-vor-fi-listate-va-trebui-luata-foarte-curand-pentru-a-nu-rata-jalonul-din-pnrr\/"},"author":{"name":"creativebitsolutions","@id":"https:\/\/carpathiacenter.ro\/#\/schema\/person\/03d9f58202fee8379268f34afa195006"},"headline":"VIDEO Anastasiu: Decizia privind companiile ce vor fi listate va trebui luat\u0103 foarte cur\u00e2nd, pentru a nu rata jalonul din PNRR","datePublished":"2025-07-23T11:22:01+00:00","mainEntityOfPage":{"@id":"https:\/\/carpathiacenter.ro\/video-anastasiu-decizia-privind-companiile-ce-vor-fi-listate-va-trebui-luata-foarte-curand-pentru-a-nu-rata-jalonul-din-pnrr\/"},"wordCount":351,"commentCount":0,"publisher":{"@id":"https:\/\/carpathiacenter.ro\/#organization"},"image":{"@id":"https:\/\/carpathiacenter.ro\/video-anastasiu-decizia-privind-companiile-ce-vor-fi-listate-va-trebui-luata-foarte-curand-pentru-a-nu-rata-jalonul-din-pnrr\/#primaryimage"},"thumbnailUrl":"https:\/\/carpathiacenter.ro\/wp-content\/uploads\/2025\/07\/Vicepremierul-Anastasiu.jpg","articleSection":["Uncategorized"],"inLanguage":"en-GB","potentialAction":[{"@type":"CommentAction","name":"Comment","target":["https:\/\/carpathiacenter.ro\/video-anastasiu-decizia-privind-companiile-ce-vor-fi-listate-va-trebui-luata-foarte-curand-pentru-a-nu-rata-jalonul-din-pnrr\/#respond"]}]},{"@type":"WebPage","@id":"https:\/\/carpathiacenter.ro\/video-anastasiu-decizia-privind-companiile-ce-vor-fi-listate-va-trebui-luata-foarte-curand-pentru-a-nu-rata-jalonul-din-pnrr\/","url":"https:\/\/carpathiacenter.ro\/video-anastasiu-decizia-privind-companiile-ce-vor-fi-listate-va-trebui-luata-foarte-curand-pentru-a-nu-rata-jalonul-din-pnrr\/","name":"VIDEO Anastasiu: Decizia privind companiile ce vor fi listate va trebui luat\u0103 foarte cur\u00e2nd, pentru a nu rata jalonul din PNRR - Carpathia Center Romania","isPartOf":{"@id":"https:\/\/carpathiacenter.ro\/#website"},"primaryImageOfPage":{"@id":"https:\/\/carpathiacenter.ro\/video-anastasiu-decizia-privind-companiile-ce-vor-fi-listate-va-trebui-luata-foarte-curand-pentru-a-nu-rata-jalonul-din-pnrr\/#primaryimage"},"image":{"@id":"https:\/\/carpathiacenter.ro\/video-anastasiu-decizia-privind-companiile-ce-vor-fi-listate-va-trebui-luata-foarte-curand-pentru-a-nu-rata-jalonul-din-pnrr\/#primaryimage"},"thumbnailUrl":"https:\/\/carpathiacenter.ro\/wp-content\/uploads\/2025\/07\/Vicepremierul-Anastasiu.jpg","datePublished":"2025-07-23T11:22:01+00:00","breadcrumb":{"@id":"https:\/\/carpathiacenter.ro\/video-anastasiu-decizia-privind-companiile-ce-vor-fi-listate-va-trebui-luata-foarte-curand-pentru-a-nu-rata-jalonul-din-pnrr\/#breadcrumb"},"inLanguage":"en-GB","potentialAction":[{"@type":"ReadAction","target":["https:\/\/carpathiacenter.ro\/video-anastasiu-decizia-privind-companiile-ce-vor-fi-listate-va-trebui-luata-foarte-curand-pentru-a-nu-rata-jalonul-din-pnrr\/"]}]},{"@type":"ImageObject","inLanguage":"en-GB","@id":"https:\/\/carpathiacenter.ro\/video-anastasiu-decizia-privind-companiile-ce-vor-fi-listate-va-trebui-luata-foarte-curand-pentru-a-nu-rata-jalonul-din-pnrr\/#primaryimage","url":"https:\/\/carpathiacenter.ro\/wp-content\/uploads\/2025\/07\/Vicepremierul-Anastasiu.jpg","contentUrl":"https:\/\/carpathiacenter.ro\/wp-content\/uploads\/2025\/07\/Vicepremierul-Anastasiu.jpg","width":514,"height":342},{"@type":"BreadcrumbList","@id":"https:\/\/carpathiacenter.ro\/video-anastasiu-decizia-privind-companiile-ce-vor-fi-listate-va-trebui-luata-foarte-curand-pentru-a-nu-rata-jalonul-din-pnrr\/#breadcrumb","itemListElement":[{"@type":"ListItem","position":1,"name":"Prima pagin\u0103","item":"https:\/\/carpathiacenter.ro\/"},{"@type":"ListItem","position":2,"name":"VIDEO Anastasiu: Decizia privind companiile ce vor fi listate va trebui luat\u0103 foarte cur\u00e2nd, pentru a nu rata jalonul din PNRR"}]},{"@type":"WebSite","@id":"https:\/\/carpathiacenter.ro\/#website","url":"https:\/\/carpathiacenter.ro\/","name":"Carpathia Center Romania","description":"Impossible made possible!","publisher":{"@id":"https:\/\/carpathiacenter.ro\/#organization"},"potentialAction":[{"@type":"SearchAction","target":{"@type":"EntryPoint","urlTemplate":"https:\/\/carpathiacenter.ro\/?s={search_term_string}"},"query-input":{"@type":"PropertyValueSpecification","valueRequired":true,"valueName":"search_term_string"}}],"inLanguage":"en-GB"},{"@type":"Organization","@id":"https:\/\/carpathiacenter.ro\/#organization","name":"Carpathia Center Romania","url":"https:\/\/carpathiacenter.ro\/","logo":{"@type":"ImageObject","inLanguage":"en-GB","@id":"https:\/\/carpathiacenter.ro\/#\/schema\/logo\/image\/","url":"https:\/\/carpathiacenter.ro\/wp-content\/uploads\/2024\/07\/logo-carpathia_bg_white-1024x941.png","contentUrl":"https:\/\/carpathiacenter.ro\/wp-content\/uploads\/2024\/07\/logo-carpathia_bg_white-1024x941.png","width":1024,"height":941,"caption":"Carpathia Center Romania"},"image":{"@id":"https:\/\/carpathiacenter.ro\/#\/schema\/logo\/image\/"},"sameAs":["https:\/\/www.facebook.com\/fdpscarpathia\/"]},{"@type":"Person","@id":"https:\/\/carpathiacenter.ro\/#\/schema\/person\/03d9f58202fee8379268f34afa195006","name":"creativebitsolutions","image":{"@type":"ImageObject","inLanguage":"en-GB","@id":"https:\/\/carpathiacenter.ro\/#\/schema\/person\/image\/","url":"https:\/\/secure.gravatar.com\/avatar\/1b1a13e37f847c635dab78348f1dff2f07651ee2a3d77a5c355a4b8c75f9165a?s=96&d=mm&r=g","contentUrl":"https:\/\/secure.gravatar.com\/avatar\/1b1a13e37f847c635dab78348f1dff2f07651ee2a3d77a5c355a4b8c75f9165a?s=96&d=mm&r=g","caption":"creativebitsolutions"},"url":"https:\/\/carpathiacenter.ro\/en\/author\/creativebitsolutions\/"}]}},"_links":{"self":[{"href":"https:\/\/carpathiacenter.ro\/en\/wp-json\/wp\/v2\/posts\/2754","targetHints":{"allow":["GET"]}}],"collection":[{"href":"https:\/\/carpathiacenter.ro\/en\/wp-json\/wp\/v2\/posts"}],"about":[{"href":"https:\/\/carpathiacenter.ro\/en\/wp-json\/wp\/v2\/types\/post"}],"author":[{"embeddable":true,"href":"https:\/\/carpathiacenter.ro\/en\/wp-json\/wp\/v2\/users\/4"}],"replies":[{"embeddable":true,"href":"https:\/\/carpathiacenter.ro\/en\/wp-json\/wp\/v2\/comments?post=2754"}],"version-history":[{"count":1,"href":"https:\/\/carpathiacenter.ro\/en\/wp-json\/wp\/v2\/posts\/2754\/revisions"}],"predecessor-version":[{"id":2756,"href":"https:\/\/carpathiacenter.ro\/en\/wp-json\/wp\/v2\/posts\/2754\/revisions\/2756"}],"wp:featuredmedia":[{"embeddable":true,"href":"https:\/\/carpathiacenter.ro\/en\/wp-json\/wp\/v2\/media\/2755"}],"wp:attachment":[{"href":"https:\/\/carpathiacenter.ro\/en\/wp-json\/wp\/v2\/media?parent=2754"}],"wp:term":[{"taxonomy":"category","embeddable":true,"href":"https:\/\/carpathiacenter.ro\/en\/wp-json\/wp\/v2\/categories?post=2754"},{"taxonomy":"post_tag","embeddable":true,"href":"https:\/\/carpathiacenter.ro\/en\/wp-json\/wp\/v2\/tags?post=2754"}],"curies":[{"name":"wp","href":"https:\/\/api.w.org\/{rel}","templated":true}]}}