{"id":2743,"date":"2025-07-21T10:28:27","date_gmt":"2025-07-21T10:28:27","guid":{"rendered":"https:\/\/carpathiacenter.ro\/?p=2743"},"modified":"2025-07-21T10:28:27","modified_gmt":"2025-07-21T10:28:27","slug":"ue-pregateste-un-plan-de-represalii-pe-masura-de-pozitia-sua-se-radicalizeaza","status":"publish","type":"post","link":"https:\/\/carpathiacenter.ro\/en\/ue-pregateste-un-plan-de-represalii-pe-masura-de-pozitia-sua-se-radicalizeaza\/","title":{"rendered":"UE preg\u0103te\u0219te un plan de represalii, pe m\u0103sur\u0103 de pozi\u021bia SUA se radicalizeaz\u0103"},"content":{"rendered":"<p>Reprezentan\u021bii la UE ai statelor membre urmeaz\u0103 s\u0103 se reuneasc\u0103 s\u0103pt\u0103m\u00e2na aceasta pentru a pune la punct un set de m\u0103suri de r\u0103spuns, \u00een eventualitatea \u00een care nu se va ajunge la un acord comercial cu Administra\u021bia Trump, a c\u0103rei pozi\u021bie de negociere cu privire la tarifele vamale pare s\u0103 se fi radicalizat \u00eenaintea termenului limit\u0103 fixat la 1 august, transmite Bloomberg.<\/p>\n<p>Preferin\u021ba general\u0103 este continuarea negocierilor cu Washingtonul, \u00een \u00eencercarea de a ajunge la o solu\u021bie negociat\u0103 pentru ie\u0219irea din impas \u00eenainte de termenul limit\u0103. Cu toate acestea, sursele din apropierea acestui dosar citate de Bloomberg sus\u021bin c\u0103 nu au fost \u00eenregistrate progrese dup\u0103 discu\u021biile care au avut loc la s\u0103pt\u0103m\u00e2na trecut\u0103 la Washington. Negocierile vor continua pe parcursul urm\u0103toarelor dou\u0103 s\u0103pt\u0103m\u00e2ni.<\/p>\n<p>\u00cen prezent, SUA par s\u0103 doreasc\u0103 un tarif aproape universal la bunurile importate din UE, mai mare de 10% \u0219i cu mai pu\u021bine excep\u021bii, limitate \u0219i acestea la avia\u021bie, unele produse medicale \u0219i medicamente generice, o serie de b\u0103uturi spirtoase \u0219i echipamente de produc\u021bie de care SUA are nevoie, au precizat sursele care au dorit s\u0103 \u00ee\u0219i p\u0103streze anonimatul.<\/p>\n<p>Cele dou\u0103 p\u0103r\u021bi au discutat, de asemenea, un posibil prag pentru anumite sectoare, precum \u0219i cote la o\u021bel \u0219i aluminiu, ca o modalitate pentru a proteja lan\u021burile de aprovizionare de sursele care supra-aprovizioneaz\u0103 cu metale. Sursele au avertizat c\u0103 \u0219i \u00een eventualitatea \u00een care se va ajunge la un acord, acesta va trebui semnat de Trump, a c\u0103rui pozi\u021bie nu este clar\u0103.<\/p>\n<p>La \u00eenceputul lunii, pre\u0219edintele american a trimis o scrisoare Uniunii Europene \u00een care avertizeaz\u0103 c\u0103 blocul comunitar ar putea fi vizat de tarife de 30% la majoritatea exporturilor sale, \u00eencep\u00e2nd de la 1 august. Per total, UE estimeaz\u0103 c\u0103 tarifele americane ar putea acoperi produse \u00een valoare de 380 de miliarde de euro, adic\u0103 aproximativ 70% din exporturile sale spre SUA.<\/p>\n<p>\u00cenainte de scrisoarea lui Trump, UE sper\u0103 c\u0103 va putea ajunge la un acord cadru care ar fi permis continuarea discu\u021biilor pe baza ideii unui tarif universal de 10% la majoritatea exporturilor blocului comunitar.<\/p>\n<p>UE a \u00eencercat s\u0103 ob\u021bin\u0103 excep\u021bii mai mari dec\u00e2t oferea SUA, precum \u0219i s\u0103 protejeze blocul comunitar de viitoare tarife sectoriale. Chiar dac\u0103 este un fapt acceptat c\u0103 orice viitor acord va fi unul asimetric \u00een favoarea SUA, UE va analiza dezechilibrul general al oric\u0103rui acord \u00eenainte de a decide dac\u0103 va declan\u0219a orice m\u0103suri de re-echilibrare, a dezv\u0103luit anterior Bloomberg. Nivelul sacrificiilor pe care statele membre sunt preg\u0103tite s\u0103 le accepte variaz\u0103 \u0219i unele \u021b\u0103ri sunt deschise la ideea unor tarife mai mari, dac\u0103 astfel vor ob\u021bine suficiente excep\u021bii, au dezv\u0103luit sursele.<\/p>\n<p>\u00cen condi\u021biile \u00een care \u0219ansele unui final pozitiv se reduc \u0219i se apropie termenul limit\u0103, Uniunea European\u0103 este a\u0219teptat\u0103 s\u0103 \u00eenceap\u0103 preg\u0103tirile pentru un plan de r\u0103spuns ce ar urma s\u0103 fie implementat rapid, \u00een eventualitatea \u00een care nu se va ajunge la un acord, sus\u021bin sursele. Orice decizie de represalii va avea nevoie \u00eens\u0103 de aprobarea politic\u0103 a liderilor blocului comunitar, pentru c\u0103 mizele sunt foarte mari, au ad\u0103ugat sursele. AGERPRES\/(AS-autor: Constantin Balaban, editor: Andreea Marinescu, editor online: Anda Badea)<br \/>\n<br \/>\nSursa articolului:<a href=\"https:\/\/agerpres.ro\/economic-extern\/2025\/07\/21\/ue-pregateste-un-plan-de-represalii-pe-masura-de-pozitia-sua-se-radicalizeaza--1469896\" target=\"_blank\" rel=\"noopener\" title=\"\">https:\/\/agerpres.ro\/economic-extern\/2025\/07\/21\/ue-pregateste-un-plan-de-represalii-pe-masura-de-pozitia-sua-se-radicalizeaza&#8211;1469896<\/a><\/p>","protected":false},"excerpt":{"rendered":"<p>Reprezentan\u021bii la UE ai statelor membre urmeaz\u0103 s\u0103 se reuneasc\u0103 s\u0103pt\u0103m\u00e2na aceasta pentru a pune la punct un set de m\u0103suri de r\u0103spuns, \u00een eventualitatea \u00een care nu se va ajunge la un acord comercial cu Administra\u021bia Trump, a c\u0103rei pozi\u021bie de negociere cu privire la tarifele vamale pare s\u0103 se fi radicalizat \u00eenaintea termenului&#8230;<\/p>","protected":false},"author":4,"featured_media":2744,"comment_status":"open","ping_status":"open","sticky":false,"template":"","format":"standard","meta":{"footnotes":""},"categories":[1],"tags":[],"class_list":["post-2743","post","type-post","status-publish","format-standard","has-post-thumbnail","hentry","category-uncategorized"],"yoast_head":"<!-- This site is optimized with the Yoast SEO plugin v26.1.1 - https:\/\/yoast.com\/wordpress\/plugins\/seo\/ -->\n<title>UE preg\u0103te\u0219te un plan de represalii, pe m\u0103sur\u0103 de pozi\u021bia SUA se radicalizeaz\u0103 - Carpathia Center Romania<\/title>\n<meta name=\"robots\" content=\"index, follow, max-snippet:-1, max-image-preview:large, max-video-preview:-1\" \/>\n<link rel=\"canonical\" href=\"https:\/\/carpathiacenter.ro\/en\/ue-pregateste-un-plan-de-represalii-pe-masura-de-pozitia-sua-se-radicalizeaza\/\" \/>\n<meta property=\"og:locale\" content=\"en_GB\" \/>\n<meta property=\"og:type\" content=\"article\" \/>\n<meta property=\"og:title\" content=\"UE preg\u0103te\u0219te un plan de represalii, pe m\u0103sur\u0103 de pozi\u021bia SUA se radicalizeaz\u0103 - Carpathia Center Romania\" \/>\n<meta property=\"og:description\" content=\"Reprezentan\u021bii la UE ai statelor membre urmeaz\u0103 s\u0103 se reuneasc\u0103 s\u0103pt\u0103m\u00e2na aceasta pentru a pune la punct un set de m\u0103suri de r\u0103spuns, \u00een eventualitatea \u00een care nu se va ajunge la un acord comercial cu Administra\u021bia Trump, a c\u0103rei pozi\u021bie de negociere cu privire la tarifele vamale pare s\u0103 se fi radicalizat \u00eenaintea termenului...\" \/>\n<meta property=\"og:url\" content=\"https:\/\/carpathiacenter.ro\/en\/ue-pregateste-un-plan-de-represalii-pe-masura-de-pozitia-sua-se-radicalizeaza\/\" \/>\n<meta property=\"og:site_name\" content=\"Carpathia Center Romania\" \/>\n<meta property=\"article:publisher\" content=\"https:\/\/www.facebook.com\/fdpscarpathia\/\" \/>\n<meta property=\"article:published_time\" content=\"2025-07-21T10:28:27+00:00\" \/>\n<meta property=\"og:image\" content=\"https:\/\/carpathiacenter.ro\/wp-content\/uploads\/2025\/07\/europe-flag.webp\" \/>\n\t<meta property=\"og:image:width\" content=\"1024\" \/>\n\t<meta property=\"og:image:height\" content=\"682\" \/>\n\t<meta property=\"og:image:type\" content=\"image\/webp\" \/>\n<meta name=\"author\" content=\"creativebitsolutions\" \/>\n<meta name=\"twitter:card\" content=\"summary_large_image\" \/>\n<meta name=\"twitter:label1\" content=\"Written by\" \/>\n\t<meta name=\"twitter:data1\" content=\"creativebitsolutions\" \/>\n\t<meta name=\"twitter:label2\" content=\"Estimated reading time\" \/>\n\t<meta name=\"twitter:data2\" content=\"3 minutes\" \/>\n<script type=\"application\/ld+json\" class=\"yoast-schema-graph\">{\"@context\":\"https:\/\/schema.org\",\"@graph\":[{\"@type\":\"Article\",\"@id\":\"https:\/\/carpathiacenter.ro\/ue-pregateste-un-plan-de-represalii-pe-masura-de-pozitia-sua-se-radicalizeaza\/#article\",\"isPartOf\":{\"@id\":\"https:\/\/carpathiacenter.ro\/ue-pregateste-un-plan-de-represalii-pe-masura-de-pozitia-sua-se-radicalizeaza\/\"},\"author\":{\"name\":\"creativebitsolutions\",\"@id\":\"https:\/\/carpathiacenter.ro\/#\/schema\/person\/03d9f58202fee8379268f34afa195006\"},\"headline\":\"UE preg\u0103te\u0219te un plan de represalii, pe m\u0103sur\u0103 de pozi\u021bia SUA se radicalizeaz\u0103\",\"datePublished\":\"2025-07-21T10:28:27+00:00\",\"mainEntityOfPage\":{\"@id\":\"https:\/\/carpathiacenter.ro\/ue-pregateste-un-plan-de-represalii-pe-masura-de-pozitia-sua-se-radicalizeaza\/\"},\"wordCount\":584,\"commentCount\":0,\"publisher\":{\"@id\":\"https:\/\/carpathiacenter.ro\/#organization\"},\"image\":{\"@id\":\"https:\/\/carpathiacenter.ro\/ue-pregateste-un-plan-de-represalii-pe-masura-de-pozitia-sua-se-radicalizeaza\/#primaryimage\"},\"thumbnailUrl\":\"https:\/\/carpathiacenter.ro\/wp-content\/uploads\/2025\/07\/europe-flag.webp\",\"articleSection\":[\"Uncategorized\"],\"inLanguage\":\"en-GB\",\"potentialAction\":[{\"@type\":\"CommentAction\",\"name\":\"Comment\",\"target\":[\"https:\/\/carpathiacenter.ro\/ue-pregateste-un-plan-de-represalii-pe-masura-de-pozitia-sua-se-radicalizeaza\/#respond\"]}]},{\"@type\":\"WebPage\",\"@id\":\"https:\/\/carpathiacenter.ro\/ue-pregateste-un-plan-de-represalii-pe-masura-de-pozitia-sua-se-radicalizeaza\/\",\"url\":\"https:\/\/carpathiacenter.ro\/ue-pregateste-un-plan-de-represalii-pe-masura-de-pozitia-sua-se-radicalizeaza\/\",\"name\":\"UE preg\u0103te\u0219te un plan de represalii, pe m\u0103sur\u0103 de pozi\u021bia SUA se radicalizeaz\u0103 - Carpathia Center Romania\",\"isPartOf\":{\"@id\":\"https:\/\/carpathiacenter.ro\/#website\"},\"primaryImageOfPage\":{\"@id\":\"https:\/\/carpathiacenter.ro\/ue-pregateste-un-plan-de-represalii-pe-masura-de-pozitia-sua-se-radicalizeaza\/#primaryimage\"},\"image\":{\"@id\":\"https:\/\/carpathiacenter.ro\/ue-pregateste-un-plan-de-represalii-pe-masura-de-pozitia-sua-se-radicalizeaza\/#primaryimage\"},\"thumbnailUrl\":\"https:\/\/carpathiacenter.ro\/wp-content\/uploads\/2025\/07\/europe-flag.webp\",\"datePublished\":\"2025-07-21T10:28:27+00:00\",\"breadcrumb\":{\"@id\":\"https:\/\/carpathiacenter.ro\/ue-pregateste-un-plan-de-represalii-pe-masura-de-pozitia-sua-se-radicalizeaza\/#breadcrumb\"},\"inLanguage\":\"en-GB\",\"potentialAction\":[{\"@type\":\"ReadAction\",\"target\":[\"https:\/\/carpathiacenter.ro\/ue-pregateste-un-plan-de-represalii-pe-masura-de-pozitia-sua-se-radicalizeaza\/\"]}]},{\"@type\":\"ImageObject\",\"inLanguage\":\"en-GB\",\"@id\":\"https:\/\/carpathiacenter.ro\/ue-pregateste-un-plan-de-represalii-pe-masura-de-pozitia-sua-se-radicalizeaza\/#primaryimage\",\"url\":\"https:\/\/carpathiacenter.ro\/wp-content\/uploads\/2025\/07\/europe-flag.webp\",\"contentUrl\":\"https:\/\/carpathiacenter.ro\/wp-content\/uploads\/2025\/07\/europe-flag.webp\",\"width\":1024,\"height\":682},{\"@type\":\"BreadcrumbList\",\"@id\":\"https:\/\/carpathiacenter.ro\/ue-pregateste-un-plan-de-represalii-pe-masura-de-pozitia-sua-se-radicalizeaza\/#breadcrumb\",\"itemListElement\":[{\"@type\":\"ListItem\",\"position\":1,\"name\":\"Prima pagin\u0103\",\"item\":\"https:\/\/carpathiacenter.ro\/\"},{\"@type\":\"ListItem\",\"position\":2,\"name\":\"UE preg\u0103te\u0219te un plan de represalii, pe m\u0103sur\u0103 de pozi\u021bia SUA se radicalizeaz\u0103\"}]},{\"@type\":\"WebSite\",\"@id\":\"https:\/\/carpathiacenter.ro\/#website\",\"url\":\"https:\/\/carpathiacenter.ro\/\",\"name\":\"Carpathia Center Romania\",\"description\":\"Impossible made possible!\",\"publisher\":{\"@id\":\"https:\/\/carpathiacenter.ro\/#organization\"},\"potentialAction\":[{\"@type\":\"SearchAction\",\"target\":{\"@type\":\"EntryPoint\",\"urlTemplate\":\"https:\/\/carpathiacenter.ro\/?s={search_term_string}\"},\"query-input\":{\"@type\":\"PropertyValueSpecification\",\"valueRequired\":true,\"valueName\":\"search_term_string\"}}],\"inLanguage\":\"en-GB\"},{\"@type\":\"Organization\",\"@id\":\"https:\/\/carpathiacenter.ro\/#organization\",\"name\":\"Carpathia Center Romania\",\"url\":\"https:\/\/carpathiacenter.ro\/\",\"logo\":{\"@type\":\"ImageObject\",\"inLanguage\":\"en-GB\",\"@id\":\"https:\/\/carpathiacenter.ro\/#\/schema\/logo\/image\/\",\"url\":\"https:\/\/carpathiacenter.ro\/wp-content\/uploads\/2024\/07\/logo-carpathia_bg_white-1024x941.png\",\"contentUrl\":\"https:\/\/carpathiacenter.ro\/wp-content\/uploads\/2024\/07\/logo-carpathia_bg_white-1024x941.png\",\"width\":1024,\"height\":941,\"caption\":\"Carpathia Center Romania\"},\"image\":{\"@id\":\"https:\/\/carpathiacenter.ro\/#\/schema\/logo\/image\/\"},\"sameAs\":[\"https:\/\/www.facebook.com\/fdpscarpathia\/\"]},{\"@type\":\"Person\",\"@id\":\"https:\/\/carpathiacenter.ro\/#\/schema\/person\/03d9f58202fee8379268f34afa195006\",\"name\":\"creativebitsolutions\",\"image\":{\"@type\":\"ImageObject\",\"inLanguage\":\"en-GB\",\"@id\":\"https:\/\/carpathiacenter.ro\/#\/schema\/person\/image\/\",\"url\":\"https:\/\/secure.gravatar.com\/avatar\/1b1a13e37f847c635dab78348f1dff2f07651ee2a3d77a5c355a4b8c75f9165a?s=96&d=mm&r=g\",\"contentUrl\":\"https:\/\/secure.gravatar.com\/avatar\/1b1a13e37f847c635dab78348f1dff2f07651ee2a3d77a5c355a4b8c75f9165a?s=96&d=mm&r=g\",\"caption\":\"creativebitsolutions\"},\"url\":\"https:\/\/carpathiacenter.ro\/en\/author\/creativebitsolutions\/\"}]}<\/script>\n<!-- \/ Yoast SEO plugin. -->","yoast_head_json":{"title":"UE preg\u0103te\u0219te un plan de represalii, pe m\u0103sur\u0103 de pozi\u021bia SUA se radicalizeaz\u0103 - Carpathia Center Romania","robots":{"index":"index","follow":"follow","max-snippet":"max-snippet:-1","max-image-preview":"max-image-preview:large","max-video-preview":"max-video-preview:-1"},"canonical":"https:\/\/carpathiacenter.ro\/en\/ue-pregateste-un-plan-de-represalii-pe-masura-de-pozitia-sua-se-radicalizeaza\/","og_locale":"en_GB","og_type":"article","og_title":"UE preg\u0103te\u0219te un plan de represalii, pe m\u0103sur\u0103 de pozi\u021bia SUA se radicalizeaz\u0103 - Carpathia Center Romania","og_description":"Reprezentan\u021bii la UE ai statelor membre urmeaz\u0103 s\u0103 se reuneasc\u0103 s\u0103pt\u0103m\u00e2na aceasta pentru a pune la punct un set de m\u0103suri de r\u0103spuns, \u00een eventualitatea \u00een care nu se va ajunge la un acord comercial cu Administra\u021bia Trump, a c\u0103rei pozi\u021bie de negociere cu privire la tarifele vamale pare s\u0103 se fi radicalizat \u00eenaintea termenului...","og_url":"https:\/\/carpathiacenter.ro\/en\/ue-pregateste-un-plan-de-represalii-pe-masura-de-pozitia-sua-se-radicalizeaza\/","og_site_name":"Carpathia Center Romania","article_publisher":"https:\/\/www.facebook.com\/fdpscarpathia\/","article_published_time":"2025-07-21T10:28:27+00:00","og_image":[{"width":1024,"height":682,"url":"https:\/\/carpathiacenter.ro\/wp-content\/uploads\/2025\/07\/europe-flag.webp","type":"image\/webp"}],"author":"creativebitsolutions","twitter_card":"summary_large_image","twitter_misc":{"Written by":"creativebitsolutions","Estimated reading time":"3 minutes"},"schema":{"@context":"https:\/\/schema.org","@graph":[{"@type":"Article","@id":"https:\/\/carpathiacenter.ro\/ue-pregateste-un-plan-de-represalii-pe-masura-de-pozitia-sua-se-radicalizeaza\/#article","isPartOf":{"@id":"https:\/\/carpathiacenter.ro\/ue-pregateste-un-plan-de-represalii-pe-masura-de-pozitia-sua-se-radicalizeaza\/"},"author":{"name":"creativebitsolutions","@id":"https:\/\/carpathiacenter.ro\/#\/schema\/person\/03d9f58202fee8379268f34afa195006"},"headline":"UE preg\u0103te\u0219te un plan de represalii, pe m\u0103sur\u0103 de pozi\u021bia SUA se radicalizeaz\u0103","datePublished":"2025-07-21T10:28:27+00:00","mainEntityOfPage":{"@id":"https:\/\/carpathiacenter.ro\/ue-pregateste-un-plan-de-represalii-pe-masura-de-pozitia-sua-se-radicalizeaza\/"},"wordCount":584,"commentCount":0,"publisher":{"@id":"https:\/\/carpathiacenter.ro\/#organization"},"image":{"@id":"https:\/\/carpathiacenter.ro\/ue-pregateste-un-plan-de-represalii-pe-masura-de-pozitia-sua-se-radicalizeaza\/#primaryimage"},"thumbnailUrl":"https:\/\/carpathiacenter.ro\/wp-content\/uploads\/2025\/07\/europe-flag.webp","articleSection":["Uncategorized"],"inLanguage":"en-GB","potentialAction":[{"@type":"CommentAction","name":"Comment","target":["https:\/\/carpathiacenter.ro\/ue-pregateste-un-plan-de-represalii-pe-masura-de-pozitia-sua-se-radicalizeaza\/#respond"]}]},{"@type":"WebPage","@id":"https:\/\/carpathiacenter.ro\/ue-pregateste-un-plan-de-represalii-pe-masura-de-pozitia-sua-se-radicalizeaza\/","url":"https:\/\/carpathiacenter.ro\/ue-pregateste-un-plan-de-represalii-pe-masura-de-pozitia-sua-se-radicalizeaza\/","name":"UE preg\u0103te\u0219te un plan de represalii, pe m\u0103sur\u0103 de pozi\u021bia SUA se radicalizeaz\u0103 - Carpathia Center Romania","isPartOf":{"@id":"https:\/\/carpathiacenter.ro\/#website"},"primaryImageOfPage":{"@id":"https:\/\/carpathiacenter.ro\/ue-pregateste-un-plan-de-represalii-pe-masura-de-pozitia-sua-se-radicalizeaza\/#primaryimage"},"image":{"@id":"https:\/\/carpathiacenter.ro\/ue-pregateste-un-plan-de-represalii-pe-masura-de-pozitia-sua-se-radicalizeaza\/#primaryimage"},"thumbnailUrl":"https:\/\/carpathiacenter.ro\/wp-content\/uploads\/2025\/07\/europe-flag.webp","datePublished":"2025-07-21T10:28:27+00:00","breadcrumb":{"@id":"https:\/\/carpathiacenter.ro\/ue-pregateste-un-plan-de-represalii-pe-masura-de-pozitia-sua-se-radicalizeaza\/#breadcrumb"},"inLanguage":"en-GB","potentialAction":[{"@type":"ReadAction","target":["https:\/\/carpathiacenter.ro\/ue-pregateste-un-plan-de-represalii-pe-masura-de-pozitia-sua-se-radicalizeaza\/"]}]},{"@type":"ImageObject","inLanguage":"en-GB","@id":"https:\/\/carpathiacenter.ro\/ue-pregateste-un-plan-de-represalii-pe-masura-de-pozitia-sua-se-radicalizeaza\/#primaryimage","url":"https:\/\/carpathiacenter.ro\/wp-content\/uploads\/2025\/07\/europe-flag.webp","contentUrl":"https:\/\/carpathiacenter.ro\/wp-content\/uploads\/2025\/07\/europe-flag.webp","width":1024,"height":682},{"@type":"BreadcrumbList","@id":"https:\/\/carpathiacenter.ro\/ue-pregateste-un-plan-de-represalii-pe-masura-de-pozitia-sua-se-radicalizeaza\/#breadcrumb","itemListElement":[{"@type":"ListItem","position":1,"name":"Prima pagin\u0103","item":"https:\/\/carpathiacenter.ro\/"},{"@type":"ListItem","position":2,"name":"UE preg\u0103te\u0219te un plan de represalii, pe m\u0103sur\u0103 de pozi\u021bia SUA se radicalizeaz\u0103"}]},{"@type":"WebSite","@id":"https:\/\/carpathiacenter.ro\/#website","url":"https:\/\/carpathiacenter.ro\/","name":"Carpathia Center Romania","description":"Impossible made possible!","publisher":{"@id":"https:\/\/carpathiacenter.ro\/#organization"},"potentialAction":[{"@type":"SearchAction","target":{"@type":"EntryPoint","urlTemplate":"https:\/\/carpathiacenter.ro\/?s={search_term_string}"},"query-input":{"@type":"PropertyValueSpecification","valueRequired":true,"valueName":"search_term_string"}}],"inLanguage":"en-GB"},{"@type":"Organization","@id":"https:\/\/carpathiacenter.ro\/#organization","name":"Carpathia Center Romania","url":"https:\/\/carpathiacenter.ro\/","logo":{"@type":"ImageObject","inLanguage":"en-GB","@id":"https:\/\/carpathiacenter.ro\/#\/schema\/logo\/image\/","url":"https:\/\/carpathiacenter.ro\/wp-content\/uploads\/2024\/07\/logo-carpathia_bg_white-1024x941.png","contentUrl":"https:\/\/carpathiacenter.ro\/wp-content\/uploads\/2024\/07\/logo-carpathia_bg_white-1024x941.png","width":1024,"height":941,"caption":"Carpathia Center Romania"},"image":{"@id":"https:\/\/carpathiacenter.ro\/#\/schema\/logo\/image\/"},"sameAs":["https:\/\/www.facebook.com\/fdpscarpathia\/"]},{"@type":"Person","@id":"https:\/\/carpathiacenter.ro\/#\/schema\/person\/03d9f58202fee8379268f34afa195006","name":"creativebitsolutions","image":{"@type":"ImageObject","inLanguage":"en-GB","@id":"https:\/\/carpathiacenter.ro\/#\/schema\/person\/image\/","url":"https:\/\/secure.gravatar.com\/avatar\/1b1a13e37f847c635dab78348f1dff2f07651ee2a3d77a5c355a4b8c75f9165a?s=96&d=mm&r=g","contentUrl":"https:\/\/secure.gravatar.com\/avatar\/1b1a13e37f847c635dab78348f1dff2f07651ee2a3d77a5c355a4b8c75f9165a?s=96&d=mm&r=g","caption":"creativebitsolutions"},"url":"https:\/\/carpathiacenter.ro\/en\/author\/creativebitsolutions\/"}]}},"_links":{"self":[{"href":"https:\/\/carpathiacenter.ro\/en\/wp-json\/wp\/v2\/posts\/2743","targetHints":{"allow":["GET"]}}],"collection":[{"href":"https:\/\/carpathiacenter.ro\/en\/wp-json\/wp\/v2\/posts"}],"about":[{"href":"https:\/\/carpathiacenter.ro\/en\/wp-json\/wp\/v2\/types\/post"}],"author":[{"embeddable":true,"href":"https:\/\/carpathiacenter.ro\/en\/wp-json\/wp\/v2\/users\/4"}],"replies":[{"embeddable":true,"href":"https:\/\/carpathiacenter.ro\/en\/wp-json\/wp\/v2\/comments?post=2743"}],"version-history":[{"count":1,"href":"https:\/\/carpathiacenter.ro\/en\/wp-json\/wp\/v2\/posts\/2743\/revisions"}],"predecessor-version":[{"id":2745,"href":"https:\/\/carpathiacenter.ro\/en\/wp-json\/wp\/v2\/posts\/2743\/revisions\/2745"}],"wp:featuredmedia":[{"embeddable":true,"href":"https:\/\/carpathiacenter.ro\/en\/wp-json\/wp\/v2\/media\/2744"}],"wp:attachment":[{"href":"https:\/\/carpathiacenter.ro\/en\/wp-json\/wp\/v2\/media?parent=2743"}],"wp:term":[{"taxonomy":"category","embeddable":true,"href":"https:\/\/carpathiacenter.ro\/en\/wp-json\/wp\/v2\/categories?post=2743"},{"taxonomy":"post_tag","embeddable":true,"href":"https:\/\/carpathiacenter.ro\/en\/wp-json\/wp\/v2\/tags?post=2743"}],"curies":[{"name":"wp","href":"https:\/\/api.w.org\/{rel}","templated":true}]}}